
{"id":12439,"date":"2026-02-22T11:00:34","date_gmt":"2026-02-22T14:00:34","guid":{"rendered":"https:\/\/cuartetoenlaweb.com.ar\/sitio\/asignacion-universal-por-hijo-de-cuanto-es-la-auh-en-marzo-2026-con-el-aumento-confirmado\/"},"modified":"2026-02-22T11:00:34","modified_gmt":"2026-02-22T14:00:34","slug":"asignacion-universal-por-hijo-de-cuanto-es-la-auh-en-marzo-2026-con-el-aumento-confirmado","status":"publish","type":"post","link":"https:\/\/cuartetoenlaweb.com.ar\/sitio\/asignacion-universal-por-hijo-de-cuanto-es-la-auh-en-marzo-2026-con-el-aumento-confirmado\/","title":{"rendered":"Asignaci\u00f3n Universal por Hijo: de cu\u00e1nto es la AUH en marzo 2026 con el aumento confirmado"},"content":{"rendered":"<p>La <a href=\"https:\/\/www.lanacion.com.ar\/economia\/cuando-cobro-anses-el-calendario-completo-de-febrero-2026-nid30012026\/\" target=\"_self\" rel=\"\" title=\"https:\/\/www.lanacion.com.ar\/economia\/cuando-cobro-anses-el-calendario-completo-de-febrero-2026-nid30012026\/\"><b>Anses<\/b><\/a> (Administraci\u00f3n Nacional de la Seguridad Social) <b>actualiza en marzo los valores<\/b> de sus prestaciones, entre ellas, la <b>AUH<\/b> (Asignaci\u00f3n Universal por Hijo), dado que en el tercer mes del a\u00f1o impacta un <b>incremento del 2,88%<\/b>, que proviene del m\u00e1s reciente \u00edndice de inflaci\u00f3n.<\/p>\n<p><img loading=\"lazy\" decoding=\"async\" src=\"https:\/\/resizer.glanacion.com\/resizer\/v2\/XZQPDHBZGBBAJLYL7RSQ5MLINU.jpg?auth=4250115643cb84819c1e99ab771ac3dafc0cc2041ced00b270d21c323232649a&amp;smart=true&amp;width=2000&amp;height=1333\" alt=\"En marzo, la AUH aumenta un 2,88%\" height=\"1333\" width=\"2000\" \/><\/p>\n<p>Este reajuste incluye a los titulares de la AUH, prestaci\u00f3n destinada a madres, padres o tutores que convivan con menores de 18 a\u00f1os y cumplan determinados requisitos. Actualmente, la prestaci\u00f3n llega a cerca de 2,5 millones de familias y beneficia aproximadamente a <b>4,3 millones de menores<\/b>.<\/p>\n<p>As\u00ed, los beneficiarios de la AUH tienen en marzo un <b>ajuste del 2,88%<\/b>, en concordancia con la <b>inflaci\u00f3n registrada en enero<\/b>, que fue del 2,9%. Cabe aclarar que para este tipo de actualizaciones, que se hacen mes a mes, <b>se toman los porcentajes de incremento en los precios con dos decimales<\/b>, y eso arroja el valor exacto actualizado.<\/p>\n<h1>De cu\u00e1nto es la AUH en marzo 2026<\/h1>\n<p>Los titulares percibir\u00e1n los siguientes importes por hijo o hija:<\/p>\n<table>\n<thead>\n<tr>\n<th>Tipo de Asignaci\u00f3n<\/th>\n<th>Monto<\/th>\n<\/tr>\n<\/thead>\n<tbody>\n<tr>\n<td>Asignaci\u00f3n Universal por Hijo<\/td>\n<td>$106.250,57<\/td>\n<\/tr>\n<tr>\n<td>Asignaci\u00f3n Universal por Hijo con Discapacidad<\/td>\n<td>$345.967,41<\/td>\n<\/tr>\n<tr>\n<td>Asignaci\u00f3n por Embarazo<\/td>\n<td>$106.250,57<\/td>\n<\/tr>\n<\/tbody>\n<\/table>\n<p>El <b>20% restante<\/b> queda retenido hasta que se presente la <b>Libreta AUH<\/b>, con el fin de acreditar la asistencia escolar y sanitaria de los menores.<\/p>\n<p><img loading=\"lazy\" decoding=\"async\" src=\"https:\/\/resizer.glanacion.com\/resizer\/v2\/CNZMYPC5MFDSVEM6XUMGUTGRGY.JPG?auth=a1958039004bab9517823a5f39bf37ac860675e1552a9ea354c7007c351aaf01&amp;smart=true&amp;width=2000&amp;height=1333\" alt=\"Los montos de marzo para la AUH\" height=\"1333\" width=\"2000\" \/><\/p>\n<h1>C\u00f3mo presentar la Libreta AUH<\/h1>\n<p>Cada a\u00f1o, los beneficiarios de esta prestaci\u00f3n social deben hacer la presentaci\u00f3n de la <b>Libreta AUH<\/b>, un tr\u00e1mite esencial para el <b>cobro del porcentaje retenido de la prestaci\u00f3n<\/b>. Los titulares pueden realizar este procedimiento de manera digital, siguiendo estos pasos detallados:<\/p>\n<figure><video height=\"720\" width=\"1280\" poster=\"https:\/\/cdn.jwplayer.com\/v2\/media\/aVSMOfKl\/poster.jpg?width=1280\"><\/video><figcaption>C\u00f3mo hacer la presentaci\u00f3n digital de la Libreta AUH<\/figcaption><\/figure>\n<ul>\n<li>Ingresar a Mi Anses utilizando el n\u00famero de CUIL y la Clave de la Seguridad Social.<\/li>\n<li>Dentro de la secci\u00f3n \u201cHijos\u201d, seleccionar la opci\u00f3n \u201cLibreta AUH\u201d. All\u00ed, se debe consultar la informaci\u00f3n sobre los hijos o personas a cargo por las que se recibe la asignaci\u00f3n y verificar que todos los datos sean correctos.<\/li>\n<li>En caso de que falte completar alguna secci\u00f3n, ya sea de educaci\u00f3n, salud o vacunaci\u00f3n, se debe seleccionar la opci\u00f3n \u201cGenerar Libreta\u201d para descargar el formulario o enviarlo por correo electr\u00f3nico.<\/li>\n<li>Una vez descargado, imprimir el formulario. Es importante que la impresi\u00f3n se realice en una sola hoja y con buena calidad. Luego, llevarlo al centro de salud o a la escuela (seg\u00fan corresponda) para que sea debidamente completado y firmado por las autoridades pertinentes.<\/li>\n<li>Sacar una fotograf\u00eda clara del formulario ya completo. La imagen debe tomarse sobre una superficie plana y bien iluminada, asegur\u00e1ndose de que las cuatro esquinas marcadas en negro sean visibles. La foto debe tener un peso menor a 3 megabytes (MB) y estar en formato JPG.<\/li>\n<\/ul>\n<p><img loading=\"lazy\" decoding=\"async\" src=\"https:\/\/resizer.glanacion.com\/resizer\/v2\/DZSXR5ILXBHIFMKQBLN475P3OU.jpg?auth=415708d5505010f01dd5de7cdb86d509931c872cdda765832a9da3fb5e987bec&amp;smart=true&amp;width=2000&amp;height=1333\" alt=\"La AUH se actualiza de manera mensual\" height=\"1333\" width=\"2000\" \/><\/p>\n<h1>C\u00f3mo saber si tengo que cobrar alguna prestaci\u00f3n de la Anses<\/h1>\n<p>Las personas que reciben <b>prestaciones sociales a trav\u00e9s de la Anses<\/b> pueden consultar d\u00f3nde y cu\u00e1ndo tienen el pr\u00f3ximo cobro, el cual est\u00e1 determinado por el <b>calendario de pagos<\/b> que se realiza cada mes.<\/p>\n<p>Para eso, deben seguir los siguientes pasos:<\/p>\n<ul>\n<li>Ingresar a la p\u00e1gina de la Anses<\/li>\n<li>Completar el formulario con el n\u00famero de beneficio o de CUIL<\/li>\n<li>Hacer clic en el bot\u00f3n \u201cConsulta\u201d<\/li>\n<li>Si corresponde, el sistema informar\u00e1 el lugar y la fecha de cobro (desde el primer d\u00eda hasta el \u00faltimo en que se puede cobrar la asistencia en cuesti\u00f3n)<\/li>\n<\/ul>\n","protected":false},"excerpt":{"rendered":"<p>La Anses (Administraci\u00f3n Nacional de la Seguridad Social) actualiza en<\/p>\n","protected":false},"author":0,"featured_media":0,"comment_status":"","ping_status":"","sticky":false,"template":"","format":"standard","meta":{"footnotes":""},"categories":[65],"tags":[],"class_list":["post-12439","post","type-post","status-publish","format-standard","hentry","category-pais"],"yoast_head":"<!-- This site is optimized with the Yoast SEO plugin v27.4 - https:\/\/yoast.com\/product\/yoast-seo-wordpress\/ -->\n<title>Asignaci\u00f3n Universal por Hijo: de cu\u00e1nto es la AUH en marzo 2026 con el aumento confirmado - Cuarteto en la Web<\/title>\n<meta name=\"robots\" content=\"index, follow, max-snippet:-1, max-image-preview:large, max-video-preview:-1\" \/>\n<link rel=\"canonical\" href=\"https:\/\/cuartetoenlaweb.com.ar\/sitio\/asignacion-universal-por-hijo-de-cuanto-es-la-auh-en-marzo-2026-con-el-aumento-confirmado\/\" \/>\n<meta property=\"og:locale\" content=\"es_ES\" \/>\n<meta property=\"og:type\" content=\"article\" \/>\n<meta property=\"og:title\" content=\"Asignaci\u00f3n Universal por Hijo: de cu\u00e1nto es la AUH en marzo 2026 con el aumento confirmado - Cuarteto en la Web\" \/>\n<meta property=\"og:description\" content=\"La Anses (Administraci\u00f3n Nacional de la Seguridad Social) actualiza en\" \/>\n<meta property=\"og:url\" content=\"https:\/\/cuartetoenlaweb.com.ar\/sitio\/asignacion-universal-por-hijo-de-cuanto-es-la-auh-en-marzo-2026-con-el-aumento-confirmado\/\" \/>\n<meta property=\"og:site_name\" content=\"Cuarteto en la Web\" \/>\n<meta property=\"article:published_time\" content=\"2026-02-22T14:00:34+00:00\" \/>\n<meta property=\"og:image\" content=\"https:\/\/resizer.glanacion.com\/resizer\/v2\/XZQPDHBZGBBAJLYL7RSQ5MLINU.jpg?auth=4250115643cb84819c1e99ab771ac3dafc0cc2041ced00b270d21c323232649a&amp;smart=true&amp;width=2000&amp;height=1333\" \/>\n<meta name=\"twitter:card\" content=\"summary_large_image\" \/>\n<meta name=\"twitter:label1\" content=\"Tiempo de lectura\" \/>\n\t<meta name=\"twitter:data1\" content=\"3 minutos\" \/>\n<script type=\"application\/ld+json\" class=\"yoast-schema-graph\">{\"@context\":\"https:\\\/\\\/schema.org\",\"@graph\":[{\"@type\":\"Article\",\"@id\":\"https:\\\/\\\/cuartetoenlaweb.com.ar\\\/sitio\\\/asignacion-universal-por-hijo-de-cuanto-es-la-auh-en-marzo-2026-con-el-aumento-confirmado\\\/#article\",\"isPartOf\":{\"@id\":\"https:\\\/\\\/cuartetoenlaweb.com.ar\\\/sitio\\\/asignacion-universal-por-hijo-de-cuanto-es-la-auh-en-marzo-2026-con-el-aumento-confirmado\\\/\"},\"author\":{\"name\":\"\",\"@id\":\"\"},\"headline\":\"Asignaci\u00f3n Universal por Hijo: de cu\u00e1nto es la AUH en marzo 2026 con el aumento confirmado\",\"datePublished\":\"2026-02-22T14:00:34+00:00\",\"mainEntityOfPage\":{\"@id\":\"https:\\\/\\\/cuartetoenlaweb.com.ar\\\/sitio\\\/asignacion-universal-por-hijo-de-cuanto-es-la-auh-en-marzo-2026-con-el-aumento-confirmado\\\/\"},\"wordCount\":599,\"publisher\":{\"@id\":\"https:\\\/\\\/cuartetoenlaweb.com.ar\\\/sitio\\\/#organization\"},\"image\":{\"@id\":\"https:\\\/\\\/cuartetoenlaweb.com.ar\\\/sitio\\\/asignacion-universal-por-hijo-de-cuanto-es-la-auh-en-marzo-2026-con-el-aumento-confirmado\\\/#primaryimage\"},\"thumbnailUrl\":\"https:\\\/\\\/resizer.glanacion.com\\\/resizer\\\/v2\\\/XZQPDHBZGBBAJLYL7RSQ5MLINU.jpg?auth=4250115643cb84819c1e99ab771ac3dafc0cc2041ced00b270d21c323232649a&amp;smart=true&amp;width=2000&amp;height=1333\",\"articleSection\":[\"PAIS\"],\"inLanguage\":\"es\"},{\"@type\":\"WebPage\",\"@id\":\"https:\\\/\\\/cuartetoenlaweb.com.ar\\\/sitio\\\/asignacion-universal-por-hijo-de-cuanto-es-la-auh-en-marzo-2026-con-el-aumento-confirmado\\\/\",\"url\":\"https:\\\/\\\/cuartetoenlaweb.com.ar\\\/sitio\\\/asignacion-universal-por-hijo-de-cuanto-es-la-auh-en-marzo-2026-con-el-aumento-confirmado\\\/\",\"name\":\"Asignaci\u00f3n Universal por Hijo: de cu\u00e1nto es la AUH en marzo 2026 con el aumento confirmado - Cuarteto en la Web\",\"isPartOf\":{\"@id\":\"https:\\\/\\\/cuartetoenlaweb.com.ar\\\/sitio\\\/#website\"},\"primaryImageOfPage\":{\"@id\":\"https:\\\/\\\/cuartetoenlaweb.com.ar\\\/sitio\\\/asignacion-universal-por-hijo-de-cuanto-es-la-auh-en-marzo-2026-con-el-aumento-confirmado\\\/#primaryimage\"},\"image\":{\"@id\":\"https:\\\/\\\/cuartetoenlaweb.com.ar\\\/sitio\\\/asignacion-universal-por-hijo-de-cuanto-es-la-auh-en-marzo-2026-con-el-aumento-confirmado\\\/#primaryimage\"},\"thumbnailUrl\":\"https:\\\/\\\/resizer.glanacion.com\\\/resizer\\\/v2\\\/XZQPDHBZGBBAJLYL7RSQ5MLINU.jpg?auth=4250115643cb84819c1e99ab771ac3dafc0cc2041ced00b270d21c323232649a&amp;smart=true&amp;width=2000&amp;height=1333\",\"datePublished\":\"2026-02-22T14:00:34+00:00\",\"breadcrumb\":{\"@id\":\"https:\\\/\\\/cuartetoenlaweb.com.ar\\\/sitio\\\/asignacion-universal-por-hijo-de-cuanto-es-la-auh-en-marzo-2026-con-el-aumento-confirmado\\\/#breadcrumb\"},\"inLanguage\":\"es\",\"potentialAction\":[{\"@type\":\"ReadAction\",\"target\":[\"https:\\\/\\\/cuartetoenlaweb.com.ar\\\/sitio\\\/asignacion-universal-por-hijo-de-cuanto-es-la-auh-en-marzo-2026-con-el-aumento-confirmado\\\/\"]}]},{\"@type\":\"ImageObject\",\"inLanguage\":\"es\",\"@id\":\"https:\\\/\\\/cuartetoenlaweb.com.ar\\\/sitio\\\/asignacion-universal-por-hijo-de-cuanto-es-la-auh-en-marzo-2026-con-el-aumento-confirmado\\\/#primaryimage\",\"url\":\"https:\\\/\\\/resizer.glanacion.com\\\/resizer\\\/v2\\\/XZQPDHBZGBBAJLYL7RSQ5MLINU.jpg?auth=4250115643cb84819c1e99ab771ac3dafc0cc2041ced00b270d21c323232649a&amp;smart=true&amp;width=2000&amp;height=1333\",\"contentUrl\":\"https:\\\/\\\/resizer.glanacion.com\\\/resizer\\\/v2\\\/XZQPDHBZGBBAJLYL7RSQ5MLINU.jpg?auth=4250115643cb84819c1e99ab771ac3dafc0cc2041ced00b270d21c323232649a&amp;smart=true&amp;width=2000&amp;height=1333\"},{\"@type\":\"BreadcrumbList\",\"@id\":\"https:\\\/\\\/cuartetoenlaweb.com.ar\\\/sitio\\\/asignacion-universal-por-hijo-de-cuanto-es-la-auh-en-marzo-2026-con-el-aumento-confirmado\\\/#breadcrumb\",\"itemListElement\":[{\"@type\":\"ListItem\",\"position\":1,\"name\":\"Portada\",\"item\":\"https:\\\/\\\/cuartetoenlaweb.com.ar\\\/sitio\\\/\"},{\"@type\":\"ListItem\",\"position\":2,\"name\":\"Asignaci\u00f3n Universal por Hijo: de cu\u00e1nto es la AUH en marzo 2026 con el aumento confirmado\"}]},{\"@type\":\"WebSite\",\"@id\":\"https:\\\/\\\/cuartetoenlaweb.com.ar\\\/sitio\\\/#website\",\"url\":\"https:\\\/\\\/cuartetoenlaweb.com.ar\\\/sitio\\\/\",\"name\":\"Cuarteto en la Web\",\"description\":\"\",\"publisher\":{\"@id\":\"https:\\\/\\\/cuartetoenlaweb.com.ar\\\/sitio\\\/#organization\"},\"potentialAction\":[{\"@type\":\"SearchAction\",\"target\":{\"@type\":\"EntryPoint\",\"urlTemplate\":\"https:\\\/\\\/cuartetoenlaweb.com.ar\\\/sitio\\\/?s={search_term_string}\"},\"query-input\":{\"@type\":\"PropertyValueSpecification\",\"valueRequired\":true,\"valueName\":\"search_term_string\"}}],\"inLanguage\":\"es\"},{\"@type\":\"Organization\",\"@id\":\"https:\\\/\\\/cuartetoenlaweb.com.ar\\\/sitio\\\/#organization\",\"name\":\"Cuarteto en la Web\",\"url\":\"https:\\\/\\\/cuartetoenlaweb.com.ar\\\/sitio\\\/\",\"logo\":{\"@type\":\"ImageObject\",\"inLanguage\":\"es\",\"@id\":\"https:\\\/\\\/cuartetoenlaweb.com.ar\\\/sitio\\\/#\\\/schema\\\/logo\\\/image\\\/\",\"url\":\"https:\\\/\\\/cuartetoenlaweb.com.ar\\\/sitio\\\/wp-content\\\/uploads\\\/2025\\\/07\\\/cropped-cropped-logitoweb21.png\",\"contentUrl\":\"https:\\\/\\\/cuartetoenlaweb.com.ar\\\/sitio\\\/wp-content\\\/uploads\\\/2025\\\/07\\\/cropped-cropped-logitoweb21.png\",\"width\":199,\"height\":199,\"caption\":\"Cuarteto en la Web\"},\"image\":{\"@id\":\"https:\\\/\\\/cuartetoenlaweb.com.ar\\\/sitio\\\/#\\\/schema\\\/logo\\\/image\\\/\"}}]}<\/script>\n<!-- \/ Yoast SEO plugin. -->","yoast_head_json":{"title":"Asignaci\u00f3n Universal por Hijo: de cu\u00e1nto es la AUH en marzo 2026 con el aumento confirmado - Cuarteto en la Web","robots":{"index":"index","follow":"follow","max-snippet":"max-snippet:-1","max-image-preview":"max-image-preview:large","max-video-preview":"max-video-preview:-1"},"canonical":"https:\/\/cuartetoenlaweb.com.ar\/sitio\/asignacion-universal-por-hijo-de-cuanto-es-la-auh-en-marzo-2026-con-el-aumento-confirmado\/","og_locale":"es_ES","og_type":"article","og_title":"Asignaci\u00f3n Universal por Hijo: de cu\u00e1nto es la AUH en marzo 2026 con el aumento confirmado - Cuarteto en la Web","og_description":"La Anses (Administraci\u00f3n Nacional de la Seguridad Social) actualiza en","og_url":"https:\/\/cuartetoenlaweb.com.ar\/sitio\/asignacion-universal-por-hijo-de-cuanto-es-la-auh-en-marzo-2026-con-el-aumento-confirmado\/","og_site_name":"Cuarteto en la Web","article_published_time":"2026-02-22T14:00:34+00:00","og_image":[{"url":"https:\/\/resizer.glanacion.com\/resizer\/v2\/XZQPDHBZGBBAJLYL7RSQ5MLINU.jpg?auth=4250115643cb84819c1e99ab771ac3dafc0cc2041ced00b270d21c323232649a&amp;smart=true&amp;width=2000&amp;height=1333","type":"","width":"","height":""}],"twitter_card":"summary_large_image","twitter_misc":{"Tiempo de lectura":"3 minutos"},"schema":{"@context":"https:\/\/schema.org","@graph":[{"@type":"Article","@id":"https:\/\/cuartetoenlaweb.com.ar\/sitio\/asignacion-universal-por-hijo-de-cuanto-es-la-auh-en-marzo-2026-con-el-aumento-confirmado\/#article","isPartOf":{"@id":"https:\/\/cuartetoenlaweb.com.ar\/sitio\/asignacion-universal-por-hijo-de-cuanto-es-la-auh-en-marzo-2026-con-el-aumento-confirmado\/"},"author":{"name":"","@id":""},"headline":"Asignaci\u00f3n Universal por Hijo: de cu\u00e1nto es la AUH en marzo 2026 con el aumento confirmado","datePublished":"2026-02-22T14:00:34+00:00","mainEntityOfPage":{"@id":"https:\/\/cuartetoenlaweb.com.ar\/sitio\/asignacion-universal-por-hijo-de-cuanto-es-la-auh-en-marzo-2026-con-el-aumento-confirmado\/"},"wordCount":599,"publisher":{"@id":"https:\/\/cuartetoenlaweb.com.ar\/sitio\/#organization"},"image":{"@id":"https:\/\/cuartetoenlaweb.com.ar\/sitio\/asignacion-universal-por-hijo-de-cuanto-es-la-auh-en-marzo-2026-con-el-aumento-confirmado\/#primaryimage"},"thumbnailUrl":"https:\/\/resizer.glanacion.com\/resizer\/v2\/XZQPDHBZGBBAJLYL7RSQ5MLINU.jpg?auth=4250115643cb84819c1e99ab771ac3dafc0cc2041ced00b270d21c323232649a&amp;smart=true&amp;width=2000&amp;height=1333","articleSection":["PAIS"],"inLanguage":"es"},{"@type":"WebPage","@id":"https:\/\/cuartetoenlaweb.com.ar\/sitio\/asignacion-universal-por-hijo-de-cuanto-es-la-auh-en-marzo-2026-con-el-aumento-confirmado\/","url":"https:\/\/cuartetoenlaweb.com.ar\/sitio\/asignacion-universal-por-hijo-de-cuanto-es-la-auh-en-marzo-2026-con-el-aumento-confirmado\/","name":"Asignaci\u00f3n Universal por Hijo: de cu\u00e1nto es la AUH en marzo 2026 con el aumento confirmado - Cuarteto en la Web","isPartOf":{"@id":"https:\/\/cuartetoenlaweb.com.ar\/sitio\/#website"},"primaryImageOfPage":{"@id":"https:\/\/cuartetoenlaweb.com.ar\/sitio\/asignacion-universal-por-hijo-de-cuanto-es-la-auh-en-marzo-2026-con-el-aumento-confirmado\/#primaryimage"},"image":{"@id":"https:\/\/cuartetoenlaweb.com.ar\/sitio\/asignacion-universal-por-hijo-de-cuanto-es-la-auh-en-marzo-2026-con-el-aumento-confirmado\/#primaryimage"},"thumbnailUrl":"https:\/\/resizer.glanacion.com\/resizer\/v2\/XZQPDHBZGBBAJLYL7RSQ5MLINU.jpg?auth=4250115643cb84819c1e99ab771ac3dafc0cc2041ced00b270d21c323232649a&amp;smart=true&amp;width=2000&amp;height=1333","datePublished":"2026-02-22T14:00:34+00:00","breadcrumb":{"@id":"https:\/\/cuartetoenlaweb.com.ar\/sitio\/asignacion-universal-por-hijo-de-cuanto-es-la-auh-en-marzo-2026-con-el-aumento-confirmado\/#breadcrumb"},"inLanguage":"es","potentialAction":[{"@type":"ReadAction","target":["https:\/\/cuartetoenlaweb.com.ar\/sitio\/asignacion-universal-por-hijo-de-cuanto-es-la-auh-en-marzo-2026-con-el-aumento-confirmado\/"]}]},{"@type":"ImageObject","inLanguage":"es","@id":"https:\/\/cuartetoenlaweb.com.ar\/sitio\/asignacion-universal-por-hijo-de-cuanto-es-la-auh-en-marzo-2026-con-el-aumento-confirmado\/#primaryimage","url":"https:\/\/resizer.glanacion.com\/resizer\/v2\/XZQPDHBZGBBAJLYL7RSQ5MLINU.jpg?auth=4250115643cb84819c1e99ab771ac3dafc0cc2041ced00b270d21c323232649a&amp;smart=true&amp;width=2000&amp;height=1333","contentUrl":"https:\/\/resizer.glanacion.com\/resizer\/v2\/XZQPDHBZGBBAJLYL7RSQ5MLINU.jpg?auth=4250115643cb84819c1e99ab771ac3dafc0cc2041ced00b270d21c323232649a&amp;smart=true&amp;width=2000&amp;height=1333"},{"@type":"BreadcrumbList","@id":"https:\/\/cuartetoenlaweb.com.ar\/sitio\/asignacion-universal-por-hijo-de-cuanto-es-la-auh-en-marzo-2026-con-el-aumento-confirmado\/#breadcrumb","itemListElement":[{"@type":"ListItem","position":1,"name":"Portada","item":"https:\/\/cuartetoenlaweb.com.ar\/sitio\/"},{"@type":"ListItem","position":2,"name":"Asignaci\u00f3n Universal por Hijo: de cu\u00e1nto es la AUH en marzo 2026 con el aumento confirmado"}]},{"@type":"WebSite","@id":"https:\/\/cuartetoenlaweb.com.ar\/sitio\/#website","url":"https:\/\/cuartetoenlaweb.com.ar\/sitio\/","name":"Cuarteto en la Web","description":"","publisher":{"@id":"https:\/\/cuartetoenlaweb.com.ar\/sitio\/#organization"},"potentialAction":[{"@type":"SearchAction","target":{"@type":"EntryPoint","urlTemplate":"https:\/\/cuartetoenlaweb.com.ar\/sitio\/?s={search_term_string}"},"query-input":{"@type":"PropertyValueSpecification","valueRequired":true,"valueName":"search_term_string"}}],"inLanguage":"es"},{"@type":"Organization","@id":"https:\/\/cuartetoenlaweb.com.ar\/sitio\/#organization","name":"Cuarteto en la Web","url":"https:\/\/cuartetoenlaweb.com.ar\/sitio\/","logo":{"@type":"ImageObject","inLanguage":"es","@id":"https:\/\/cuartetoenlaweb.com.ar\/sitio\/#\/schema\/logo\/image\/","url":"https:\/\/cuartetoenlaweb.com.ar\/sitio\/wp-content\/uploads\/2025\/07\/cropped-cropped-logitoweb21.png","contentUrl":"https:\/\/cuartetoenlaweb.com.ar\/sitio\/wp-content\/uploads\/2025\/07\/cropped-cropped-logitoweb21.png","width":199,"height":199,"caption":"Cuarteto en la Web"},"image":{"@id":"https:\/\/cuartetoenlaweb.com.ar\/sitio\/#\/schema\/logo\/image\/"}}]}},"_links":{"self":[{"href":"https:\/\/cuartetoenlaweb.com.ar\/sitio\/wp-json\/wp\/v2\/posts\/12439","targetHints":{"allow":["GET"]}}],"collection":[{"href":"https:\/\/cuartetoenlaweb.com.ar\/sitio\/wp-json\/wp\/v2\/posts"}],"about":[{"href":"https:\/\/cuartetoenlaweb.com.ar\/sitio\/wp-json\/wp\/v2\/types\/post"}],"replies":[{"embeddable":true,"href":"https:\/\/cuartetoenlaweb.com.ar\/sitio\/wp-json\/wp\/v2\/comments?post=12439"}],"version-history":[{"count":0,"href":"https:\/\/cuartetoenlaweb.com.ar\/sitio\/wp-json\/wp\/v2\/posts\/12439\/revisions"}],"wp:attachment":[{"href":"https:\/\/cuartetoenlaweb.com.ar\/sitio\/wp-json\/wp\/v2\/media?parent=12439"}],"wp:term":[{"taxonomy":"category","embeddable":true,"href":"https:\/\/cuartetoenlaweb.com.ar\/sitio\/wp-json\/wp\/v2\/categories?post=12439"},{"taxonomy":"post_tag","embeddable":true,"href":"https:\/\/cuartetoenlaweb.com.ar\/sitio\/wp-json\/wp\/v2\/tags?post=12439"}],"curies":[{"name":"wp","href":"https:\/\/api.w.org\/{rel}","templated":true}]}}