
{"id":12438,"date":"2026-02-22T11:00:34","date_gmt":"2026-02-22T14:00:34","guid":{"rendered":"https:\/\/cuartetoenlaweb.com.ar\/sitio\/pnc-cual-es-el-monto-de-las-pensiones-en-marzo-de-2026\/"},"modified":"2026-02-22T11:00:34","modified_gmt":"2026-02-22T14:00:34","slug":"pnc-cual-es-el-monto-de-las-pensiones-en-marzo-de-2026","status":"publish","type":"post","link":"https:\/\/cuartetoenlaweb.com.ar\/sitio\/pnc-cual-es-el-monto-de-las-pensiones-en-marzo-de-2026\/","title":{"rendered":"PNC: cu\u00e1l es el monto de las pensiones en marzo de 2026"},"content":{"rendered":"<p>Los <a href=\"https:\/\/www.lanacion.com.ar\/economia\/cuanto-cobran-los-jubilados-del-anses-en-marzo-de-2026-con-el-nuevo-aumento-confirmado-nid11022026\/\" target=\"_self\" rel=\"\" title=\"https:\/\/www.lanacion.com.ar\/economia\/cuanto-cobran-los-jubilados-del-anses-en-marzo-de-2026-con-el-nuevo-aumento-confirmado-nid11022026\/\">pensionados de la <b>Anses<\/b><\/a> (Administraci\u00f3n Nacional de la Seguridad Social), que mensualmente reciben la <b>PNC <\/b>(Pensiones No Contributivas), tienen un <b>aumento en marzo del 2,88%<\/b>, en l\u00ednea con el m\u00e1s reciente registro inflacionario.<\/p>\n<p><img loading=\"lazy\" decoding=\"async\" src=\"https:\/\/resizer.glanacion.com\/resizer\/v2\/DPPNJWTXZRFZDENJM6Y6ARIE6U.png?auth=dc3b957a715761f1f1c5b715e2cf3b937b74f689fc6911aae366e94bf8f0cb54&amp;smart=true&amp;width=2000&amp;height=1333\" alt=\"Los valores de las PNC de marzo\" height=\"1333\" width=\"2000\" \/><\/p>\n<p>Las <b>PNC <\/b>habitualmente se acreditan en la <b>segunda semana de cada mes <\/b>seg\u00fan la terminaci\u00f3n del DNI de sus titulares y, junto a las jubilaciones m\u00ednimas y la AUH, dan inicio al cronograma de pagos del mes del organismo previsional, que realiza las entregas de acuerdo a la terminaci\u00f3n del DNI.<\/p>\n<p>En esta ocasi\u00f3n, las PNC tienen un <b>ajuste del 2,88%<\/b>, en concordancia con la <b>inflaci\u00f3n registrada en enero<\/b>, que fue del 2,9%. Cabe aclarar que para este tipo de actualizaciones, que se hacen mes a mes, se toman los porcentajes de incremento en los precios <b>con dos decimales<\/b>, y eso arroja el valor exacto actualizado.<\/p>\n<h1>Cu\u00e1l es el monto de las Pensiones No Contributivas y las jubilaciones en marzo de 2026<\/h1>\n<table>\n<thead>\n<tr>\n<th>Tipo de jubilaci\u00f3n o pensi\u00f3n<\/th>\n<th>Haber con aumento<\/th>\n<th>Bono<\/th>\n<th>Total a cobrar<\/th>\n<\/tr>\n<\/thead>\n<tbody>\n<tr>\n<td>PNC (Invalidez\/Vejez)<\/td>\n<td>$ 258.720,61<\/td>\n<td>$ 70.000<\/td>\n<td>$ 328.720,61<\/td>\n<\/tr>\n<tr>\n<td>PNC (madres de siete o m\u00e1s hijos)<\/td>\n<td>$ 369.600,87<\/td>\n<td>$ 70.000<\/td>\n<td>$ 439.600,87<\/td>\n<\/tr>\n<tr>\n<td>PUAM<\/td>\n<td>$ 295.680,69<\/td>\n<td>$ 70.000<\/td>\n<td>$ 365.680,69<\/td>\n<\/tr>\n<tr>\n<td>Jubilaci\u00f3n m\u00ednima<\/td>\n<td>$ 369.600,87<\/td>\n<td>$ 70.000<\/td>\n<td>$ 439.600,87<\/td>\n<\/tr>\n<tr>\n<td>Jubilaci\u00f3n m\u00e1xima<\/td>\n<td>$ 2.487.063,96<\/td>\n<td>&#8211;<\/td>\n<td>$ 2.487.063,96<\/td>\n<\/tr>\n<\/tbody>\n<\/table>\n<h1>Por qu\u00e9 los titulares de PNC cobran la totalidad del bono<\/h1>\n<p>Es importante se\u00f1alar que, aunque el ajuste mensual a las jubilaciones se basa en la inflaci\u00f3n registrada por el Indec, <b>el bono previsional se mantiene sin cambios<\/b> <b>desde marzo de 2024<\/b>. Esto provoca que, para quienes perciben la m\u00ednima, el reajuste efectivo en mano sea menor al \u00cdndice de Precios al Consumidor (IPC), ya que la suma adicional no se actualiza.<\/p>\n<p><img loading=\"lazy\" decoding=\"async\" src=\"https:\/\/resizer.glanacion.com\/resizer\/v2\/DZ27GU5PBRD27LUFA7R5DS772Q.png?auth=4bc3702fc42f14f76ab390e237969b582c9aa177a2b8bc505c0d7d0902b65276&amp;smart=true&amp;width=2000&amp;height=1333\" alt=\"Los valores exactos de las PNC de marzo 2026\" height=\"1333\" width=\"2000\" \/><\/p>\n<p>El <b>bono de $70.000<\/b> se acredita directamente junto a los haberes correspondientes. Est\u00e1 destinado principalmente a aquellos<b> beneficiarios que perciben el haber m\u00ednimo<\/b>, as\u00ed como a los titulares de <b>Pensiones No Contributivas (PNC) <\/b>y de la <b>Prestaci\u00f3n Universal para el Adulto Mayor (PUAM)<\/b>.<\/p>\n<p>Para los beneficiarios con haberes que superen la m\u00ednima, <b>el bono se otorga de manera proporcional<\/b>. Este c\u00e1lculo se realiza de forma que la suma total (haber m\u00e1s bono) no exceda un<b> tope establecido de $439.600,87<\/b>.<\/p>\n<h1>C\u00f3mo tramitar la jubilaci\u00f3n en la Anses<\/h1>\n<p>Para iniciar un<b> tr\u00e1mite jubilatorio <\/b>en la <a href=\"https:\/\/www.anses.gob.ar\/jubilaciones-y-pensiones\/como-iniciar-mi-jubilacion\" rel=\"\" title=\"Anses \"><b>Anses <\/b><\/a>es necesario seguir estos pasos:<\/p>\n<ul>\n<li>Ingresar al sitio oficial de la Anses y&nbsp;<i>clickear&nbsp;<\/i>en el apartado&nbsp;<a href=\"https:\/\/www.anses.gob.ar\/mi-anses\" target=\"_blank\" rel=\"nofollow\" title=\"Mi Anses\">Mi Anses<\/a>. All\u00ed colocar el CUIL y la clave de la seguridad social.<\/li>\n<li>Verificar que todos los aportes est\u00e9n registrados, a trav\u00e9s de la opci\u00f3n Trabajo &gt; Consultar Historia Laboral.<\/li>\n<\/ul>\n<figure><video height=\"720\" width=\"1280\" poster=\"https:\/\/cdn.jwplayer.com\/v2\/media\/ENqyERZD\/poster.jpg?width=1280\"><\/video><figcaption>\u00bfC\u00f3mo crear la Clave de la Seguridad Social de la Anses?<\/figcaption><\/figure>\n<ul>\n<li>Si hubiese un faltante de aportes, se debe presentar la documentaci\u00f3n del per\u00edodo trabajado a trav\u00e9s de un comprobante de certificaci\u00f3n de servicios, recibos de sueldo, comprobantes de afiliaci\u00f3n a obra social o Declaraci\u00f3n Jurada. Tambi\u00e9n se debe completar el&nbsp;<a href=\"https:\/\/www.anses.gob.ar\/sites\/default\/files\/formulario\/2021-05\/Form%20PS%20618%20Solicitud%20de%20prestaciones%20previsionales.pdf\" target=\"_blank\" rel=\"nofollow\" title=\"formulario 6.18\">formulario 6.18<\/a>, que corresponde la solicitud de prestaciones previsionales.<\/li>\n<li>Luego, se debe solicitar un turno en alguna de las oficinas de Anses. Es importante que ese d\u00eda el beneficiario lleve el DNI.<\/li>\n<\/ul>\n","protected":false},"excerpt":{"rendered":"<p>Los pensionados de la Anses (Administraci\u00f3n Nacional de la Seguridad<\/p>\n","protected":false},"author":0,"featured_media":0,"comment_status":"","ping_status":"","sticky":false,"template":"","format":"standard","meta":{"footnotes":""},"categories":[65],"tags":[],"class_list":["post-12438","post","type-post","status-publish","format-standard","hentry","category-pais"],"yoast_head":"<!-- This site is optimized with the Yoast SEO plugin v27.4 - https:\/\/yoast.com\/product\/yoast-seo-wordpress\/ -->\n<title>PNC: cu\u00e1l es el monto de las pensiones en marzo de 2026 - Cuarteto en la Web<\/title>\n<meta name=\"robots\" content=\"index, follow, max-snippet:-1, max-image-preview:large, max-video-preview:-1\" \/>\n<link rel=\"canonical\" href=\"https:\/\/cuartetoenlaweb.com.ar\/sitio\/pnc-cual-es-el-monto-de-las-pensiones-en-marzo-de-2026\/\" \/>\n<meta property=\"og:locale\" content=\"es_ES\" \/>\n<meta property=\"og:type\" content=\"article\" \/>\n<meta property=\"og:title\" content=\"PNC: cu\u00e1l es el monto de las pensiones en marzo de 2026 - Cuarteto en la Web\" \/>\n<meta property=\"og:description\" content=\"Los pensionados de la Anses (Administraci\u00f3n Nacional de la Seguridad\" \/>\n<meta property=\"og:url\" content=\"https:\/\/cuartetoenlaweb.com.ar\/sitio\/pnc-cual-es-el-monto-de-las-pensiones-en-marzo-de-2026\/\" \/>\n<meta property=\"og:site_name\" content=\"Cuarteto en la Web\" \/>\n<meta property=\"article:published_time\" content=\"2026-02-22T14:00:34+00:00\" \/>\n<meta property=\"og:image\" content=\"https:\/\/resizer.glanacion.com\/resizer\/v2\/DPPNJWTXZRFZDENJM6Y6ARIE6U.png?auth=dc3b957a715761f1f1c5b715e2cf3b937b74f689fc6911aae366e94bf8f0cb54&amp;smart=true&amp;width=2000&amp;height=1333\" \/>\n<meta name=\"twitter:card\" content=\"summary_large_image\" \/>\n<meta name=\"twitter:label1\" content=\"Tiempo de lectura\" \/>\n\t<meta name=\"twitter:data1\" content=\"3 minutos\" \/>\n<script type=\"application\/ld+json\" class=\"yoast-schema-graph\">{\"@context\":\"https:\\\/\\\/schema.org\",\"@graph\":[{\"@type\":\"Article\",\"@id\":\"https:\\\/\\\/cuartetoenlaweb.com.ar\\\/sitio\\\/pnc-cual-es-el-monto-de-las-pensiones-en-marzo-de-2026\\\/#article\",\"isPartOf\":{\"@id\":\"https:\\\/\\\/cuartetoenlaweb.com.ar\\\/sitio\\\/pnc-cual-es-el-monto-de-las-pensiones-en-marzo-de-2026\\\/\"},\"author\":{\"name\":\"\",\"@id\":\"\"},\"headline\":\"PNC: cu\u00e1l es el monto de las pensiones en marzo de 2026\",\"datePublished\":\"2026-02-22T14:00:34+00:00\",\"mainEntityOfPage\":{\"@id\":\"https:\\\/\\\/cuartetoenlaweb.com.ar\\\/sitio\\\/pnc-cual-es-el-monto-de-las-pensiones-en-marzo-de-2026\\\/\"},\"wordCount\":528,\"publisher\":{\"@id\":\"http:\\\/\\\/cuartetoenlaweb.com.ar\\\/sitio\\\/#organization\"},\"image\":{\"@id\":\"https:\\\/\\\/cuartetoenlaweb.com.ar\\\/sitio\\\/pnc-cual-es-el-monto-de-las-pensiones-en-marzo-de-2026\\\/#primaryimage\"},\"thumbnailUrl\":\"https:\\\/\\\/resizer.glanacion.com\\\/resizer\\\/v2\\\/DPPNJWTXZRFZDENJM6Y6ARIE6U.png?auth=dc3b957a715761f1f1c5b715e2cf3b937b74f689fc6911aae366e94bf8f0cb54&amp;smart=true&amp;width=2000&amp;height=1333\",\"articleSection\":[\"PAIS\"],\"inLanguage\":\"es\"},{\"@type\":\"WebPage\",\"@id\":\"https:\\\/\\\/cuartetoenlaweb.com.ar\\\/sitio\\\/pnc-cual-es-el-monto-de-las-pensiones-en-marzo-de-2026\\\/\",\"url\":\"https:\\\/\\\/cuartetoenlaweb.com.ar\\\/sitio\\\/pnc-cual-es-el-monto-de-las-pensiones-en-marzo-de-2026\\\/\",\"name\":\"PNC: cu\u00e1l es el monto de las pensiones en marzo de 2026 - Cuarteto en la Web\",\"isPartOf\":{\"@id\":\"http:\\\/\\\/cuartetoenlaweb.com.ar\\\/sitio\\\/#website\"},\"primaryImageOfPage\":{\"@id\":\"https:\\\/\\\/cuartetoenlaweb.com.ar\\\/sitio\\\/pnc-cual-es-el-monto-de-las-pensiones-en-marzo-de-2026\\\/#primaryimage\"},\"image\":{\"@id\":\"https:\\\/\\\/cuartetoenlaweb.com.ar\\\/sitio\\\/pnc-cual-es-el-monto-de-las-pensiones-en-marzo-de-2026\\\/#primaryimage\"},\"thumbnailUrl\":\"https:\\\/\\\/resizer.glanacion.com\\\/resizer\\\/v2\\\/DPPNJWTXZRFZDENJM6Y6ARIE6U.png?auth=dc3b957a715761f1f1c5b715e2cf3b937b74f689fc6911aae366e94bf8f0cb54&amp;smart=true&amp;width=2000&amp;height=1333\",\"datePublished\":\"2026-02-22T14:00:34+00:00\",\"breadcrumb\":{\"@id\":\"https:\\\/\\\/cuartetoenlaweb.com.ar\\\/sitio\\\/pnc-cual-es-el-monto-de-las-pensiones-en-marzo-de-2026\\\/#breadcrumb\"},\"inLanguage\":\"es\",\"potentialAction\":[{\"@type\":\"ReadAction\",\"target\":[\"https:\\\/\\\/cuartetoenlaweb.com.ar\\\/sitio\\\/pnc-cual-es-el-monto-de-las-pensiones-en-marzo-de-2026\\\/\"]}]},{\"@type\":\"ImageObject\",\"inLanguage\":\"es\",\"@id\":\"https:\\\/\\\/cuartetoenlaweb.com.ar\\\/sitio\\\/pnc-cual-es-el-monto-de-las-pensiones-en-marzo-de-2026\\\/#primaryimage\",\"url\":\"https:\\\/\\\/resizer.glanacion.com\\\/resizer\\\/v2\\\/DPPNJWTXZRFZDENJM6Y6ARIE6U.png?auth=dc3b957a715761f1f1c5b715e2cf3b937b74f689fc6911aae366e94bf8f0cb54&amp;smart=true&amp;width=2000&amp;height=1333\",\"contentUrl\":\"https:\\\/\\\/resizer.glanacion.com\\\/resizer\\\/v2\\\/DPPNJWTXZRFZDENJM6Y6ARIE6U.png?auth=dc3b957a715761f1f1c5b715e2cf3b937b74f689fc6911aae366e94bf8f0cb54&amp;smart=true&amp;width=2000&amp;height=1333\"},{\"@type\":\"BreadcrumbList\",\"@id\":\"https:\\\/\\\/cuartetoenlaweb.com.ar\\\/sitio\\\/pnc-cual-es-el-monto-de-las-pensiones-en-marzo-de-2026\\\/#breadcrumb\",\"itemListElement\":[{\"@type\":\"ListItem\",\"position\":1,\"name\":\"Portada\",\"item\":\"http:\\\/\\\/cuartetoenlaweb.com.ar\\\/sitio\\\/\"},{\"@type\":\"ListItem\",\"position\":2,\"name\":\"PNC: cu\u00e1l es el monto de las pensiones en marzo de 2026\"}]},{\"@type\":\"WebSite\",\"@id\":\"http:\\\/\\\/cuartetoenlaweb.com.ar\\\/sitio\\\/#website\",\"url\":\"http:\\\/\\\/cuartetoenlaweb.com.ar\\\/sitio\\\/\",\"name\":\"Cuarteto en la Web\",\"description\":\"\",\"publisher\":{\"@id\":\"http:\\\/\\\/cuartetoenlaweb.com.ar\\\/sitio\\\/#organization\"},\"potentialAction\":[{\"@type\":\"SearchAction\",\"target\":{\"@type\":\"EntryPoint\",\"urlTemplate\":\"http:\\\/\\\/cuartetoenlaweb.com.ar\\\/sitio\\\/?s={search_term_string}\"},\"query-input\":{\"@type\":\"PropertyValueSpecification\",\"valueRequired\":true,\"valueName\":\"search_term_string\"}}],\"inLanguage\":\"es\"},{\"@type\":\"Organization\",\"@id\":\"http:\\\/\\\/cuartetoenlaweb.com.ar\\\/sitio\\\/#organization\",\"name\":\"Cuarteto en la Web\",\"url\":\"http:\\\/\\\/cuartetoenlaweb.com.ar\\\/sitio\\\/\",\"logo\":{\"@type\":\"ImageObject\",\"inLanguage\":\"es\",\"@id\":\"http:\\\/\\\/cuartetoenlaweb.com.ar\\\/sitio\\\/#\\\/schema\\\/logo\\\/image\\\/\",\"url\":\"https:\\\/\\\/cuartetoenlaweb.com.ar\\\/sitio\\\/wp-content\\\/uploads\\\/2025\\\/07\\\/cropped-cropped-logitoweb21.png\",\"contentUrl\":\"https:\\\/\\\/cuartetoenlaweb.com.ar\\\/sitio\\\/wp-content\\\/uploads\\\/2025\\\/07\\\/cropped-cropped-logitoweb21.png\",\"width\":199,\"height\":199,\"caption\":\"Cuarteto en la Web\"},\"image\":{\"@id\":\"http:\\\/\\\/cuartetoenlaweb.com.ar\\\/sitio\\\/#\\\/schema\\\/logo\\\/image\\\/\"}}]}<\/script>\n<!-- \/ Yoast SEO plugin. -->","yoast_head_json":{"title":"PNC: cu\u00e1l es el monto de las pensiones en marzo de 2026 - Cuarteto en la Web","robots":{"index":"index","follow":"follow","max-snippet":"max-snippet:-1","max-image-preview":"max-image-preview:large","max-video-preview":"max-video-preview:-1"},"canonical":"https:\/\/cuartetoenlaweb.com.ar\/sitio\/pnc-cual-es-el-monto-de-las-pensiones-en-marzo-de-2026\/","og_locale":"es_ES","og_type":"article","og_title":"PNC: cu\u00e1l es el monto de las pensiones en marzo de 2026 - Cuarteto en la Web","og_description":"Los pensionados de la Anses (Administraci\u00f3n Nacional de la Seguridad","og_url":"https:\/\/cuartetoenlaweb.com.ar\/sitio\/pnc-cual-es-el-monto-de-las-pensiones-en-marzo-de-2026\/","og_site_name":"Cuarteto en la Web","article_published_time":"2026-02-22T14:00:34+00:00","og_image":[{"url":"https:\/\/resizer.glanacion.com\/resizer\/v2\/DPPNJWTXZRFZDENJM6Y6ARIE6U.png?auth=dc3b957a715761f1f1c5b715e2cf3b937b74f689fc6911aae366e94bf8f0cb54&amp;smart=true&amp;width=2000&amp;height=1333","type":"","width":"","height":""}],"twitter_card":"summary_large_image","twitter_misc":{"Tiempo de lectura":"3 minutos"},"schema":{"@context":"https:\/\/schema.org","@graph":[{"@type":"Article","@id":"https:\/\/cuartetoenlaweb.com.ar\/sitio\/pnc-cual-es-el-monto-de-las-pensiones-en-marzo-de-2026\/#article","isPartOf":{"@id":"https:\/\/cuartetoenlaweb.com.ar\/sitio\/pnc-cual-es-el-monto-de-las-pensiones-en-marzo-de-2026\/"},"author":{"name":"","@id":""},"headline":"PNC: cu\u00e1l es el monto de las pensiones en marzo de 2026","datePublished":"2026-02-22T14:00:34+00:00","mainEntityOfPage":{"@id":"https:\/\/cuartetoenlaweb.com.ar\/sitio\/pnc-cual-es-el-monto-de-las-pensiones-en-marzo-de-2026\/"},"wordCount":528,"publisher":{"@id":"http:\/\/cuartetoenlaweb.com.ar\/sitio\/#organization"},"image":{"@id":"https:\/\/cuartetoenlaweb.com.ar\/sitio\/pnc-cual-es-el-monto-de-las-pensiones-en-marzo-de-2026\/#primaryimage"},"thumbnailUrl":"https:\/\/resizer.glanacion.com\/resizer\/v2\/DPPNJWTXZRFZDENJM6Y6ARIE6U.png?auth=dc3b957a715761f1f1c5b715e2cf3b937b74f689fc6911aae366e94bf8f0cb54&amp;smart=true&amp;width=2000&amp;height=1333","articleSection":["PAIS"],"inLanguage":"es"},{"@type":"WebPage","@id":"https:\/\/cuartetoenlaweb.com.ar\/sitio\/pnc-cual-es-el-monto-de-las-pensiones-en-marzo-de-2026\/","url":"https:\/\/cuartetoenlaweb.com.ar\/sitio\/pnc-cual-es-el-monto-de-las-pensiones-en-marzo-de-2026\/","name":"PNC: cu\u00e1l es el monto de las pensiones en marzo de 2026 - Cuarteto en la Web","isPartOf":{"@id":"http:\/\/cuartetoenlaweb.com.ar\/sitio\/#website"},"primaryImageOfPage":{"@id":"https:\/\/cuartetoenlaweb.com.ar\/sitio\/pnc-cual-es-el-monto-de-las-pensiones-en-marzo-de-2026\/#primaryimage"},"image":{"@id":"https:\/\/cuartetoenlaweb.com.ar\/sitio\/pnc-cual-es-el-monto-de-las-pensiones-en-marzo-de-2026\/#primaryimage"},"thumbnailUrl":"https:\/\/resizer.glanacion.com\/resizer\/v2\/DPPNJWTXZRFZDENJM6Y6ARIE6U.png?auth=dc3b957a715761f1f1c5b715e2cf3b937b74f689fc6911aae366e94bf8f0cb54&amp;smart=true&amp;width=2000&amp;height=1333","datePublished":"2026-02-22T14:00:34+00:00","breadcrumb":{"@id":"https:\/\/cuartetoenlaweb.com.ar\/sitio\/pnc-cual-es-el-monto-de-las-pensiones-en-marzo-de-2026\/#breadcrumb"},"inLanguage":"es","potentialAction":[{"@type":"ReadAction","target":["https:\/\/cuartetoenlaweb.com.ar\/sitio\/pnc-cual-es-el-monto-de-las-pensiones-en-marzo-de-2026\/"]}]},{"@type":"ImageObject","inLanguage":"es","@id":"https:\/\/cuartetoenlaweb.com.ar\/sitio\/pnc-cual-es-el-monto-de-las-pensiones-en-marzo-de-2026\/#primaryimage","url":"https:\/\/resizer.glanacion.com\/resizer\/v2\/DPPNJWTXZRFZDENJM6Y6ARIE6U.png?auth=dc3b957a715761f1f1c5b715e2cf3b937b74f689fc6911aae366e94bf8f0cb54&amp;smart=true&amp;width=2000&amp;height=1333","contentUrl":"https:\/\/resizer.glanacion.com\/resizer\/v2\/DPPNJWTXZRFZDENJM6Y6ARIE6U.png?auth=dc3b957a715761f1f1c5b715e2cf3b937b74f689fc6911aae366e94bf8f0cb54&amp;smart=true&amp;width=2000&amp;height=1333"},{"@type":"BreadcrumbList","@id":"https:\/\/cuartetoenlaweb.com.ar\/sitio\/pnc-cual-es-el-monto-de-las-pensiones-en-marzo-de-2026\/#breadcrumb","itemListElement":[{"@type":"ListItem","position":1,"name":"Portada","item":"http:\/\/cuartetoenlaweb.com.ar\/sitio\/"},{"@type":"ListItem","position":2,"name":"PNC: cu\u00e1l es el monto de las pensiones en marzo de 2026"}]},{"@type":"WebSite","@id":"http:\/\/cuartetoenlaweb.com.ar\/sitio\/#website","url":"http:\/\/cuartetoenlaweb.com.ar\/sitio\/","name":"Cuarteto en la Web","description":"","publisher":{"@id":"http:\/\/cuartetoenlaweb.com.ar\/sitio\/#organization"},"potentialAction":[{"@type":"SearchAction","target":{"@type":"EntryPoint","urlTemplate":"http:\/\/cuartetoenlaweb.com.ar\/sitio\/?s={search_term_string}"},"query-input":{"@type":"PropertyValueSpecification","valueRequired":true,"valueName":"search_term_string"}}],"inLanguage":"es"},{"@type":"Organization","@id":"http:\/\/cuartetoenlaweb.com.ar\/sitio\/#organization","name":"Cuarteto en la Web","url":"http:\/\/cuartetoenlaweb.com.ar\/sitio\/","logo":{"@type":"ImageObject","inLanguage":"es","@id":"http:\/\/cuartetoenlaweb.com.ar\/sitio\/#\/schema\/logo\/image\/","url":"https:\/\/cuartetoenlaweb.com.ar\/sitio\/wp-content\/uploads\/2025\/07\/cropped-cropped-logitoweb21.png","contentUrl":"https:\/\/cuartetoenlaweb.com.ar\/sitio\/wp-content\/uploads\/2025\/07\/cropped-cropped-logitoweb21.png","width":199,"height":199,"caption":"Cuarteto en la Web"},"image":{"@id":"http:\/\/cuartetoenlaweb.com.ar\/sitio\/#\/schema\/logo\/image\/"}}]}},"_links":{"self":[{"href":"https:\/\/cuartetoenlaweb.com.ar\/sitio\/wp-json\/wp\/v2\/posts\/12438","targetHints":{"allow":["GET"]}}],"collection":[{"href":"https:\/\/cuartetoenlaweb.com.ar\/sitio\/wp-json\/wp\/v2\/posts"}],"about":[{"href":"https:\/\/cuartetoenlaweb.com.ar\/sitio\/wp-json\/wp\/v2\/types\/post"}],"replies":[{"embeddable":true,"href":"https:\/\/cuartetoenlaweb.com.ar\/sitio\/wp-json\/wp\/v2\/comments?post=12438"}],"version-history":[{"count":0,"href":"https:\/\/cuartetoenlaweb.com.ar\/sitio\/wp-json\/wp\/v2\/posts\/12438\/revisions"}],"wp:attachment":[{"href":"https:\/\/cuartetoenlaweb.com.ar\/sitio\/wp-json\/wp\/v2\/media?parent=12438"}],"wp:term":[{"taxonomy":"category","embeddable":true,"href":"https:\/\/cuartetoenlaweb.com.ar\/sitio\/wp-json\/wp\/v2\/categories?post=12438"},{"taxonomy":"post_tag","embeddable":true,"href":"https:\/\/cuartetoenlaweb.com.ar\/sitio\/wp-json\/wp\/v2\/tags?post=12438"}],"curies":[{"name":"wp","href":"https:\/\/api.w.org\/{rel}","templated":true}]}}