
{"id":12437,"date":"2026-02-22T11:00:33","date_gmt":"2026-02-22T14:00:33","guid":{"rendered":"https:\/\/cuartetoenlaweb.com.ar\/sitio\/suaf-estos-son-los-montos-de-las-asignaciones-familiares-en-marzo-2026\/"},"modified":"2026-02-22T11:00:33","modified_gmt":"2026-02-22T14:00:33","slug":"suaf-estos-son-los-montos-de-las-asignaciones-familiares-en-marzo-2026","status":"publish","type":"post","link":"https:\/\/cuartetoenlaweb.com.ar\/sitio\/suaf-estos-son-los-montos-de-las-asignaciones-familiares-en-marzo-2026\/","title":{"rendered":"SUAF: estos son los montos de las Asignaciones Familiares en marzo 2026"},"content":{"rendered":"<p>Los <b>titulares de las <\/b><a href=\"https:\/\/www.lanacion.com.ar\/economia\/asignacion-universal-por-hijo-de-cuanto-es-la-auh-en-marzo-2026-con-el-aumento-confirmado-nid12022026\/\" target=\"_self\" rel=\"\" title=\"https:\/\/www.lanacion.com.ar\/economia\/asignacion-universal-por-hijo-de-cuanto-es-la-auh-en-marzo-2026-con-el-aumento-confirmado-nid12022026\/\"><b>Asignaciones Familiares<\/b><\/a> de la <b>Anses<\/b> (Administraci\u00f3n Nacional de la Seguridad Social) tienen <b>en marzo una suba del 2,88%<\/b> en la prestaci\u00f3n, respecto del valor percibido el mes pasado.<\/p>\n<p><img loading=\"lazy\" decoding=\"async\" src=\"https:\/\/resizer.glanacion.com\/resizer\/v2\/4GNEQIYWRNG37BRAXOH4ULP4HE.png?auth=ff53354d5c03729b771eda71e947482f825321844d3b8b71e61cbeda40f1d4e3&amp;smart=true&amp;width=2000&amp;height=1333\" alt=\"El monto exacto de las asignaciones familiares de marzo de 2026\" height=\"1333\" width=\"2000\" \/><\/p>\n<p>Esto se debe a que el organismo previsional realiza actualizaciones mensuales autom\u00e1ticas y en el tercer mes del a\u00f1o impacta un aumento <b>del 2,88%<\/b>, en concordancia con<b> la inflaci\u00f3n registrada en enero, que fue del 2,9%<\/b>. Cabe aclarar que para este tipo de actualizaciones, que se hacen mes a mes, se toman los porcentajes de incremento en los precios con dos decimales, y eso arroja el valor exacto actualizado.<\/p>\n<h1>A cu\u00e1nto llegan las Asignaciones Familiares en marzo 2026<\/h1>\n<p>El valor de la prestaci\u00f3n depende del <b>nivel de ingresos del grupo familiar<\/b>, que consiste en la suma de todos los ingresos de los integrantes del grupo. La segunda condici\u00f3n para percibir alguna de las asignaciones familiares es que <b>ninguno de los integrantes de manera individual supere el tope mensual<\/b>, ya que se excluye del cobro a todo el grupo familiar.<\/p>\n<p>Los siguientes valores corresponden a marzo de 2026:<\/p>\n<h4>Asignaci\u00f3n Familiar por Hijo<\/h4>\n<table>\n<thead>\n<tr>\n<th>Ingreso del Grupo Familiar (IGF)<\/th>\n<th>Valor General<\/th>\n<\/tr>\n<\/thead>\n<tbody>\n<tr>\n<td>Hasta $999.482 <\/td>\n<td>$66.412,95<\/td>\n<\/tr>\n<tr>\n<td>Entre $999.482,01 y $1.465.838<\/td>\n<td>$44.797,66<\/td>\n<\/tr>\n<tr>\n<td>Entre $1.465.838,01 y $1.692.360<\/td>\n<td>$27.096,36<\/td>\n<\/tr>\n<tr>\n<td>Entre $1.692.360,01 y $5.292.758<\/td>\n<td>$13.978,83<\/td>\n<\/tr>\n<\/tbody>\n<\/table>\n<h4>Asignaciones Familiares por Hijo con discapacidad<\/h4>\n<table>\n<thead>\n<tr>\n<th>Ingreso del Grupo Familiar (IGF)<\/th>\n<th>Valor General<\/th>\n<\/tr>\n<\/thead>\n<tbody>\n<tr>\n<td>Hasta  $999.482 <\/td>\n<td>$216.238,62<\/td>\n<\/tr>\n<tr>\n<td>Entre  $999.482,01 y $1.465.838<\/td>\n<td>$152.973,58<\/td>\n<\/tr>\n<tr>\n<td>Desde $1.465.838,01 <\/td>\n<td>$96.546,12<\/td>\n<\/tr>\n<\/tbody>\n<\/table>\n<h4>Prenatal y Maternidad<\/h4>\n<table>\n<thead>\n<tr>\n<th>Ingreso del Grupo Familiar (IGF)<\/th>\n<th>Valor General<\/th>\n<\/tr>\n<\/thead>\n<tbody>\n<tr>\n<td>Hasta $999.482<\/td>\n<td>$66.412,95<\/td>\n<\/tr>\n<tr>\n<td>Entre $999.482,01 y $1.465.838<\/td>\n<td>$44.797,66<\/td>\n<\/tr>\n<tr>\n<td>Entre $1.465.838,01 y $1.692.360<\/td>\n<td>$27.096,36<\/td>\n<\/tr>\n<tr>\n<td>Entre $1.692.360,01 y $5.292.758<\/td>\n<td>$13.978,83<\/td>\n<\/tr>\n<\/tbody>\n<\/table>\n<h4>Asignaciones de Pago \u00danico<\/h4>\n<table>\n<thead>\n<tr>\n<th>Asignaci\u00f3n<\/th>\n<th>Ingreso Grupo Familiar (IGF)<\/th>\n<th>Valor General<\/th>\n<\/tr>\n<\/thead>\n<tbody>\n<tr>\n<td>Nacimiento<\/td>\n<td>Hasta $5.292.758 <\/td>\n<td>$77.412,12<\/td>\n<\/tr>\n<tr>\n<td>Adopci\u00f3n<\/td>\n<td>Hasta $5.292.758 <\/td>\n<td>$462.844,26<\/td>\n<\/tr>\n<tr>\n<td>Matrimonio<\/td>\n<td>Hasta $5.292.758 <\/td>\n<td>$115.911,84<\/td>\n<\/tr>\n<tr>\n<td>C\u00f3nyuge<\/td>\n<td>Hasta $5.292.758 <\/td>\n<td>$16.112,01<\/td>\n<\/tr>\n<\/tbody>\n<\/table>\n<p><img loading=\"lazy\" decoding=\"async\" src=\"https:\/\/resizer.glanacion.com\/resizer\/v2\/GPLDYYEAFRAMXGRTGXGMTTEVQU.webp?auth=5ce282a1ba16d886a880e4ee0a16d634ddaf7580b8341f26966deb00d266a2bf&amp;smart=true&amp;width=740&amp;height=493\" alt=\"Las asignaciones familiares se ajustan en un 2,88%\" height=\"493\" width=\"740\" \/><\/p>\n<h1>C\u00f3mo saber si tengo que cobrar alguna prestaci\u00f3n de la Anses<\/h1>\n<p>Las personas que reciben <b>prestaciones sociales a trav\u00e9s de la Anses<\/b> pueden consultar d\u00f3nde y cu\u00e1ndo tienen el pr\u00f3ximo cobro, el cual est\u00e1 determinado por el <b>calendario de pagos<\/b> que se realiza cada mes.<\/p>\n<p>Para eso, deben seguir los siguientes pasos:<\/p>\n<ul>\n<li>Ingresar a la p\u00e1gina de la Anses<\/li>\n<li>Completar el formulario con el n\u00famero de beneficio o de CUIL<\/li>\n<li>Hacer clic en el bot\u00f3n \u201cConsulta\u201d<\/li>\n<li>Si corresponde, el sistema informar\u00e1 el lugar y la fecha de cobro (desde el primer d\u00eda hasta el \u00faltimo en que se puede cobrar la asistencia en cuesti\u00f3n)<\/li>\n<\/ul>\n<figure><video height=\"720\" width=\"1280\" poster=\"https:\/\/cdn.jwplayer.com\/v2\/media\/ENqyERZD\/poster.jpg?width=1280\"><\/video><figcaption>\u00bfC\u00f3mo crear la Clave de la Seguridad Social de la Anses?<\/figcaption><\/figure>\n<h1>C\u00f3mo elegir el medio de pago para las prestaciones de la Anses<\/h1>\n<ul>\n<li>Ingresar a&nbsp;<a href=\"https:\/\/www.anses.gob.ar\/\" target=\"_blank\" rel=\"nofollow\" title=\"Mi Anses\">Mi Anses<\/a>&nbsp;o descargar la&nbsp;<a href=\"https:\/\/www.anses.gob.ar\/app-mi-anses\" target=\"_blank\" rel=\"nofollow\" title=\"aplicaci\u00f3n\">aplicaci\u00f3n<\/a>, con CUIL y Clave de la Seguridad Social.<\/li>\n<li>Seleccionar la opci\u00f3n&nbsp;<i>Cobros<\/i><\/li>\n<li>Luego hacer click en la opci\u00f3n Cambiar medio de cobro jubilaciones y pensiones o Cambiar medio de cobro Asignaciones Familiares, seg\u00fan corresponda.<\/li>\n<li>Corroborar que los datos de contacto (correo electr\u00f3nico, celular y domicilio) est\u00e9n actualizados y verificados, lo que puede realizarse en el momento.<\/li>\n<li>Cargar el c\u00f3digo de validaci\u00f3n recibido por correo electr\u00f3nico o SMS y confirmar el DNI, ingresando el correspondiente n\u00famero de tr\u00e1mite.<\/li>\n<li>Una vez ingresado dicho c\u00f3digo, se podr\u00e1 optar por el nuevo medio de cobro dentro de las opciones habilitadas.<\/li>\n<li>En el caso de las asignaciones, podr\u00e1n consultar el medio de cobro actual y seleccionar el nuevo.<\/li>\n<\/ul>\n<p>Cabe destacar que quienes residan en <b>zona austral<\/b> deben optar por una <b>sucursal<\/b> <b>bancaria<\/b> para poder mantener el adicional correspondiente a dicha zona.<\/p>\n<p>Para todos los casos, la elecci\u00f3n estar\u00e1 vigente a partir de los 60 d\u00edas de solicitada.<\/p>\n","protected":false},"excerpt":{"rendered":"<p>Los titulares de las Asignaciones Familiares de la Anses (Administraci\u00f3n<\/p>\n","protected":false},"author":0,"featured_media":0,"comment_status":"","ping_status":"","sticky":false,"template":"","format":"standard","meta":{"footnotes":""},"categories":[65],"tags":[],"class_list":["post-12437","post","type-post","status-publish","format-standard","hentry","category-pais"],"yoast_head":"<!-- This site is optimized with the Yoast SEO plugin v27.4 - https:\/\/yoast.com\/product\/yoast-seo-wordpress\/ -->\n<title>SUAF: estos son los montos de las Asignaciones Familiares en marzo 2026 - Cuarteto en la Web<\/title>\n<meta name=\"robots\" content=\"index, follow, max-snippet:-1, max-image-preview:large, max-video-preview:-1\" \/>\n<link rel=\"canonical\" href=\"https:\/\/cuartetoenlaweb.com.ar\/sitio\/suaf-estos-son-los-montos-de-las-asignaciones-familiares-en-marzo-2026\/\" \/>\n<meta property=\"og:locale\" content=\"es_ES\" \/>\n<meta property=\"og:type\" content=\"article\" \/>\n<meta property=\"og:title\" content=\"SUAF: estos son los montos de las Asignaciones Familiares en marzo 2026 - Cuarteto en la Web\" \/>\n<meta property=\"og:description\" content=\"Los titulares de las Asignaciones Familiares de la Anses (Administraci\u00f3n\" \/>\n<meta property=\"og:url\" content=\"https:\/\/cuartetoenlaweb.com.ar\/sitio\/suaf-estos-son-los-montos-de-las-asignaciones-familiares-en-marzo-2026\/\" \/>\n<meta property=\"og:site_name\" content=\"Cuarteto en la Web\" \/>\n<meta property=\"article:published_time\" content=\"2026-02-22T14:00:33+00:00\" \/>\n<meta property=\"og:image\" content=\"https:\/\/resizer.glanacion.com\/resizer\/v2\/4GNEQIYWRNG37BRAXOH4ULP4HE.png?auth=ff53354d5c03729b771eda71e947482f825321844d3b8b71e61cbeda40f1d4e3&amp;smart=true&amp;width=2000&amp;height=1333\" \/>\n<meta name=\"twitter:card\" content=\"summary_large_image\" \/>\n<meta name=\"twitter:label1\" content=\"Tiempo de lectura\" \/>\n\t<meta name=\"twitter:data1\" content=\"3 minutos\" \/>\n<script type=\"application\/ld+json\" class=\"yoast-schema-graph\">{\"@context\":\"https:\\\/\\\/schema.org\",\"@graph\":[{\"@type\":\"Article\",\"@id\":\"https:\\\/\\\/cuartetoenlaweb.com.ar\\\/sitio\\\/suaf-estos-son-los-montos-de-las-asignaciones-familiares-en-marzo-2026\\\/#article\",\"isPartOf\":{\"@id\":\"https:\\\/\\\/cuartetoenlaweb.com.ar\\\/sitio\\\/suaf-estos-son-los-montos-de-las-asignaciones-familiares-en-marzo-2026\\\/\"},\"author\":{\"name\":\"\",\"@id\":\"\"},\"headline\":\"SUAF: estos son los montos de las Asignaciones Familiares en marzo 2026\",\"datePublished\":\"2026-02-22T14:00:33+00:00\",\"mainEntityOfPage\":{\"@id\":\"https:\\\/\\\/cuartetoenlaweb.com.ar\\\/sitio\\\/suaf-estos-son-los-montos-de-las-asignaciones-familiares-en-marzo-2026\\\/\"},\"wordCount\":586,\"publisher\":{\"@id\":\"http:\\\/\\\/cuartetoenlaweb.com.ar\\\/sitio\\\/#organization\"},\"image\":{\"@id\":\"https:\\\/\\\/cuartetoenlaweb.com.ar\\\/sitio\\\/suaf-estos-son-los-montos-de-las-asignaciones-familiares-en-marzo-2026\\\/#primaryimage\"},\"thumbnailUrl\":\"https:\\\/\\\/resizer.glanacion.com\\\/resizer\\\/v2\\\/4GNEQIYWRNG37BRAXOH4ULP4HE.png?auth=ff53354d5c03729b771eda71e947482f825321844d3b8b71e61cbeda40f1d4e3&amp;smart=true&amp;width=2000&amp;height=1333\",\"articleSection\":[\"PAIS\"],\"inLanguage\":\"es\"},{\"@type\":\"WebPage\",\"@id\":\"https:\\\/\\\/cuartetoenlaweb.com.ar\\\/sitio\\\/suaf-estos-son-los-montos-de-las-asignaciones-familiares-en-marzo-2026\\\/\",\"url\":\"https:\\\/\\\/cuartetoenlaweb.com.ar\\\/sitio\\\/suaf-estos-son-los-montos-de-las-asignaciones-familiares-en-marzo-2026\\\/\",\"name\":\"SUAF: estos son los montos de las Asignaciones Familiares en marzo 2026 - Cuarteto en la Web\",\"isPartOf\":{\"@id\":\"http:\\\/\\\/cuartetoenlaweb.com.ar\\\/sitio\\\/#website\"},\"primaryImageOfPage\":{\"@id\":\"https:\\\/\\\/cuartetoenlaweb.com.ar\\\/sitio\\\/suaf-estos-son-los-montos-de-las-asignaciones-familiares-en-marzo-2026\\\/#primaryimage\"},\"image\":{\"@id\":\"https:\\\/\\\/cuartetoenlaweb.com.ar\\\/sitio\\\/suaf-estos-son-los-montos-de-las-asignaciones-familiares-en-marzo-2026\\\/#primaryimage\"},\"thumbnailUrl\":\"https:\\\/\\\/resizer.glanacion.com\\\/resizer\\\/v2\\\/4GNEQIYWRNG37BRAXOH4ULP4HE.png?auth=ff53354d5c03729b771eda71e947482f825321844d3b8b71e61cbeda40f1d4e3&amp;smart=true&amp;width=2000&amp;height=1333\",\"datePublished\":\"2026-02-22T14:00:33+00:00\",\"breadcrumb\":{\"@id\":\"https:\\\/\\\/cuartetoenlaweb.com.ar\\\/sitio\\\/suaf-estos-son-los-montos-de-las-asignaciones-familiares-en-marzo-2026\\\/#breadcrumb\"},\"inLanguage\":\"es\",\"potentialAction\":[{\"@type\":\"ReadAction\",\"target\":[\"https:\\\/\\\/cuartetoenlaweb.com.ar\\\/sitio\\\/suaf-estos-son-los-montos-de-las-asignaciones-familiares-en-marzo-2026\\\/\"]}]},{\"@type\":\"ImageObject\",\"inLanguage\":\"es\",\"@id\":\"https:\\\/\\\/cuartetoenlaweb.com.ar\\\/sitio\\\/suaf-estos-son-los-montos-de-las-asignaciones-familiares-en-marzo-2026\\\/#primaryimage\",\"url\":\"https:\\\/\\\/resizer.glanacion.com\\\/resizer\\\/v2\\\/4GNEQIYWRNG37BRAXOH4ULP4HE.png?auth=ff53354d5c03729b771eda71e947482f825321844d3b8b71e61cbeda40f1d4e3&amp;smart=true&amp;width=2000&amp;height=1333\",\"contentUrl\":\"https:\\\/\\\/resizer.glanacion.com\\\/resizer\\\/v2\\\/4GNEQIYWRNG37BRAXOH4ULP4HE.png?auth=ff53354d5c03729b771eda71e947482f825321844d3b8b71e61cbeda40f1d4e3&amp;smart=true&amp;width=2000&amp;height=1333\"},{\"@type\":\"BreadcrumbList\",\"@id\":\"https:\\\/\\\/cuartetoenlaweb.com.ar\\\/sitio\\\/suaf-estos-son-los-montos-de-las-asignaciones-familiares-en-marzo-2026\\\/#breadcrumb\",\"itemListElement\":[{\"@type\":\"ListItem\",\"position\":1,\"name\":\"Portada\",\"item\":\"http:\\\/\\\/cuartetoenlaweb.com.ar\\\/sitio\\\/\"},{\"@type\":\"ListItem\",\"position\":2,\"name\":\"SUAF: estos son los montos de las Asignaciones Familiares en marzo 2026\"}]},{\"@type\":\"WebSite\",\"@id\":\"http:\\\/\\\/cuartetoenlaweb.com.ar\\\/sitio\\\/#website\",\"url\":\"http:\\\/\\\/cuartetoenlaweb.com.ar\\\/sitio\\\/\",\"name\":\"Cuarteto en la Web\",\"description\":\"\",\"publisher\":{\"@id\":\"http:\\\/\\\/cuartetoenlaweb.com.ar\\\/sitio\\\/#organization\"},\"potentialAction\":[{\"@type\":\"SearchAction\",\"target\":{\"@type\":\"EntryPoint\",\"urlTemplate\":\"http:\\\/\\\/cuartetoenlaweb.com.ar\\\/sitio\\\/?s={search_term_string}\"},\"query-input\":{\"@type\":\"PropertyValueSpecification\",\"valueRequired\":true,\"valueName\":\"search_term_string\"}}],\"inLanguage\":\"es\"},{\"@type\":\"Organization\",\"@id\":\"http:\\\/\\\/cuartetoenlaweb.com.ar\\\/sitio\\\/#organization\",\"name\":\"Cuarteto en la Web\",\"url\":\"http:\\\/\\\/cuartetoenlaweb.com.ar\\\/sitio\\\/\",\"logo\":{\"@type\":\"ImageObject\",\"inLanguage\":\"es\",\"@id\":\"http:\\\/\\\/cuartetoenlaweb.com.ar\\\/sitio\\\/#\\\/schema\\\/logo\\\/image\\\/\",\"url\":\"https:\\\/\\\/cuartetoenlaweb.com.ar\\\/sitio\\\/wp-content\\\/uploads\\\/2025\\\/07\\\/cropped-cropped-logitoweb21.png\",\"contentUrl\":\"https:\\\/\\\/cuartetoenlaweb.com.ar\\\/sitio\\\/wp-content\\\/uploads\\\/2025\\\/07\\\/cropped-cropped-logitoweb21.png\",\"width\":199,\"height\":199,\"caption\":\"Cuarteto en la Web\"},\"image\":{\"@id\":\"http:\\\/\\\/cuartetoenlaweb.com.ar\\\/sitio\\\/#\\\/schema\\\/logo\\\/image\\\/\"}}]}<\/script>\n<!-- \/ Yoast SEO plugin. -->","yoast_head_json":{"title":"SUAF: estos son los montos de las Asignaciones Familiares en marzo 2026 - Cuarteto en la Web","robots":{"index":"index","follow":"follow","max-snippet":"max-snippet:-1","max-image-preview":"max-image-preview:large","max-video-preview":"max-video-preview:-1"},"canonical":"https:\/\/cuartetoenlaweb.com.ar\/sitio\/suaf-estos-son-los-montos-de-las-asignaciones-familiares-en-marzo-2026\/","og_locale":"es_ES","og_type":"article","og_title":"SUAF: estos son los montos de las Asignaciones Familiares en marzo 2026 - Cuarteto en la Web","og_description":"Los titulares de las Asignaciones Familiares de la Anses (Administraci\u00f3n","og_url":"https:\/\/cuartetoenlaweb.com.ar\/sitio\/suaf-estos-son-los-montos-de-las-asignaciones-familiares-en-marzo-2026\/","og_site_name":"Cuarteto en la Web","article_published_time":"2026-02-22T14:00:33+00:00","og_image":[{"url":"https:\/\/resizer.glanacion.com\/resizer\/v2\/4GNEQIYWRNG37BRAXOH4ULP4HE.png?auth=ff53354d5c03729b771eda71e947482f825321844d3b8b71e61cbeda40f1d4e3&amp;smart=true&amp;width=2000&amp;height=1333","type":"","width":"","height":""}],"twitter_card":"summary_large_image","twitter_misc":{"Tiempo de lectura":"3 minutos"},"schema":{"@context":"https:\/\/schema.org","@graph":[{"@type":"Article","@id":"https:\/\/cuartetoenlaweb.com.ar\/sitio\/suaf-estos-son-los-montos-de-las-asignaciones-familiares-en-marzo-2026\/#article","isPartOf":{"@id":"https:\/\/cuartetoenlaweb.com.ar\/sitio\/suaf-estos-son-los-montos-de-las-asignaciones-familiares-en-marzo-2026\/"},"author":{"name":"","@id":""},"headline":"SUAF: estos son los montos de las Asignaciones Familiares en marzo 2026","datePublished":"2026-02-22T14:00:33+00:00","mainEntityOfPage":{"@id":"https:\/\/cuartetoenlaweb.com.ar\/sitio\/suaf-estos-son-los-montos-de-las-asignaciones-familiares-en-marzo-2026\/"},"wordCount":586,"publisher":{"@id":"http:\/\/cuartetoenlaweb.com.ar\/sitio\/#organization"},"image":{"@id":"https:\/\/cuartetoenlaweb.com.ar\/sitio\/suaf-estos-son-los-montos-de-las-asignaciones-familiares-en-marzo-2026\/#primaryimage"},"thumbnailUrl":"https:\/\/resizer.glanacion.com\/resizer\/v2\/4GNEQIYWRNG37BRAXOH4ULP4HE.png?auth=ff53354d5c03729b771eda71e947482f825321844d3b8b71e61cbeda40f1d4e3&amp;smart=true&amp;width=2000&amp;height=1333","articleSection":["PAIS"],"inLanguage":"es"},{"@type":"WebPage","@id":"https:\/\/cuartetoenlaweb.com.ar\/sitio\/suaf-estos-son-los-montos-de-las-asignaciones-familiares-en-marzo-2026\/","url":"https:\/\/cuartetoenlaweb.com.ar\/sitio\/suaf-estos-son-los-montos-de-las-asignaciones-familiares-en-marzo-2026\/","name":"SUAF: estos son los montos de las Asignaciones Familiares en marzo 2026 - Cuarteto en la Web","isPartOf":{"@id":"http:\/\/cuartetoenlaweb.com.ar\/sitio\/#website"},"primaryImageOfPage":{"@id":"https:\/\/cuartetoenlaweb.com.ar\/sitio\/suaf-estos-son-los-montos-de-las-asignaciones-familiares-en-marzo-2026\/#primaryimage"},"image":{"@id":"https:\/\/cuartetoenlaweb.com.ar\/sitio\/suaf-estos-son-los-montos-de-las-asignaciones-familiares-en-marzo-2026\/#primaryimage"},"thumbnailUrl":"https:\/\/resizer.glanacion.com\/resizer\/v2\/4GNEQIYWRNG37BRAXOH4ULP4HE.png?auth=ff53354d5c03729b771eda71e947482f825321844d3b8b71e61cbeda40f1d4e3&amp;smart=true&amp;width=2000&amp;height=1333","datePublished":"2026-02-22T14:00:33+00:00","breadcrumb":{"@id":"https:\/\/cuartetoenlaweb.com.ar\/sitio\/suaf-estos-son-los-montos-de-las-asignaciones-familiares-en-marzo-2026\/#breadcrumb"},"inLanguage":"es","potentialAction":[{"@type":"ReadAction","target":["https:\/\/cuartetoenlaweb.com.ar\/sitio\/suaf-estos-son-los-montos-de-las-asignaciones-familiares-en-marzo-2026\/"]}]},{"@type":"ImageObject","inLanguage":"es","@id":"https:\/\/cuartetoenlaweb.com.ar\/sitio\/suaf-estos-son-los-montos-de-las-asignaciones-familiares-en-marzo-2026\/#primaryimage","url":"https:\/\/resizer.glanacion.com\/resizer\/v2\/4GNEQIYWRNG37BRAXOH4ULP4HE.png?auth=ff53354d5c03729b771eda71e947482f825321844d3b8b71e61cbeda40f1d4e3&amp;smart=true&amp;width=2000&amp;height=1333","contentUrl":"https:\/\/resizer.glanacion.com\/resizer\/v2\/4GNEQIYWRNG37BRAXOH4ULP4HE.png?auth=ff53354d5c03729b771eda71e947482f825321844d3b8b71e61cbeda40f1d4e3&amp;smart=true&amp;width=2000&amp;height=1333"},{"@type":"BreadcrumbList","@id":"https:\/\/cuartetoenlaweb.com.ar\/sitio\/suaf-estos-son-los-montos-de-las-asignaciones-familiares-en-marzo-2026\/#breadcrumb","itemListElement":[{"@type":"ListItem","position":1,"name":"Portada","item":"http:\/\/cuartetoenlaweb.com.ar\/sitio\/"},{"@type":"ListItem","position":2,"name":"SUAF: estos son los montos de las Asignaciones Familiares en marzo 2026"}]},{"@type":"WebSite","@id":"http:\/\/cuartetoenlaweb.com.ar\/sitio\/#website","url":"http:\/\/cuartetoenlaweb.com.ar\/sitio\/","name":"Cuarteto en la Web","description":"","publisher":{"@id":"http:\/\/cuartetoenlaweb.com.ar\/sitio\/#organization"},"potentialAction":[{"@type":"SearchAction","target":{"@type":"EntryPoint","urlTemplate":"http:\/\/cuartetoenlaweb.com.ar\/sitio\/?s={search_term_string}"},"query-input":{"@type":"PropertyValueSpecification","valueRequired":true,"valueName":"search_term_string"}}],"inLanguage":"es"},{"@type":"Organization","@id":"http:\/\/cuartetoenlaweb.com.ar\/sitio\/#organization","name":"Cuarteto en la Web","url":"http:\/\/cuartetoenlaweb.com.ar\/sitio\/","logo":{"@type":"ImageObject","inLanguage":"es","@id":"http:\/\/cuartetoenlaweb.com.ar\/sitio\/#\/schema\/logo\/image\/","url":"https:\/\/cuartetoenlaweb.com.ar\/sitio\/wp-content\/uploads\/2025\/07\/cropped-cropped-logitoweb21.png","contentUrl":"https:\/\/cuartetoenlaweb.com.ar\/sitio\/wp-content\/uploads\/2025\/07\/cropped-cropped-logitoweb21.png","width":199,"height":199,"caption":"Cuarteto en la Web"},"image":{"@id":"http:\/\/cuartetoenlaweb.com.ar\/sitio\/#\/schema\/logo\/image\/"}}]}},"_links":{"self":[{"href":"https:\/\/cuartetoenlaweb.com.ar\/sitio\/wp-json\/wp\/v2\/posts\/12437","targetHints":{"allow":["GET"]}}],"collection":[{"href":"https:\/\/cuartetoenlaweb.com.ar\/sitio\/wp-json\/wp\/v2\/posts"}],"about":[{"href":"https:\/\/cuartetoenlaweb.com.ar\/sitio\/wp-json\/wp\/v2\/types\/post"}],"replies":[{"embeddable":true,"href":"https:\/\/cuartetoenlaweb.com.ar\/sitio\/wp-json\/wp\/v2\/comments?post=12437"}],"version-history":[{"count":0,"href":"https:\/\/cuartetoenlaweb.com.ar\/sitio\/wp-json\/wp\/v2\/posts\/12437\/revisions"}],"wp:attachment":[{"href":"https:\/\/cuartetoenlaweb.com.ar\/sitio\/wp-json\/wp\/v2\/media?parent=12437"}],"wp:term":[{"taxonomy":"category","embeddable":true,"href":"https:\/\/cuartetoenlaweb.com.ar\/sitio\/wp-json\/wp\/v2\/categories?post=12437"},{"taxonomy":"post_tag","embeddable":true,"href":"https:\/\/cuartetoenlaweb.com.ar\/sitio\/wp-json\/wp\/v2\/tags?post=12437"}],"curies":[{"name":"wp","href":"https:\/\/api.w.org\/{rel}","templated":true}]}}