
{"id":12436,"date":"2026-02-22T11:00:33","date_gmt":"2026-02-22T14:00:33","guid":{"rendered":"https:\/\/cuartetoenlaweb.com.ar\/sitio\/de-cuanto-es-el-monto-del-expotenciar-trabajo-en-marzo-de-2026\/"},"modified":"2026-02-22T11:00:33","modified_gmt":"2026-02-22T14:00:33","slug":"de-cuanto-es-el-monto-del-expotenciar-trabajo-en-marzo-de-2026","status":"publish","type":"post","link":"https:\/\/cuartetoenlaweb.com.ar\/sitio\/de-cuanto-es-el-monto-del-expotenciar-trabajo-en-marzo-de-2026\/","title":{"rendered":"De cu\u00e1nto es el monto del exPotenciar Trabajo en marzo de 2026"},"content":{"rendered":"<p>Los <b>trabajadores informales<\/b> pueden acceder al <a href=\"https:\/\/www.lanacion.com.ar\/economia\/cuando-se-cobra-el-programa-volver-al-trabajo-en-diciembre-2025-nid05122025\/\" target=\"_self\" rel=\"\" title=\"https:\/\/www.lanacion.com.ar\/economia\/cuando-se-cobra-el-programa-volver-al-trabajo-en-diciembre-2025-nid05122025\/\">ex Potenciar Trabajo<\/a>, ya que es un programa destinado a apuntalar la situaci\u00f3n de uno de los grupos m\u00e1s vulnerables con un <b>monto de dinero fijo<\/b> que se entrega de manera mensual.<\/p>\n<p><img loading=\"lazy\" decoding=\"async\" src=\"https:\/\/resizer.glanacion.com\/resizer\/v2\/R5YDUQCLTNAHVGHAS7N4XILTTI.jpg?auth=2a73b8e84413f2cefc566c91c390fe4fa0fb61518e95405f653eb9b97ee4eb80&amp;smart=true&amp;width=2000&amp;height=1333\" alt=\"La crifra del exPotenciar Trabajo en marzo de 2026\" height=\"1333\" width=\"2000\" \/><\/p>\n<p>En marzo, seg\u00fan confirmaron fuentes del <b>Ministerio de Capital Humano<\/b> a LA NACION, el programa Volver al Trabajo, antes conocido como exPotenciar Trabajo, <b>entrega a sus titulares $78.000<\/b>, y se mantiene sin modificaciones desde el \u00faltimo reajuste, realizado en 2023.<\/p>\n<p>La cifra no presenta variaciones respecto de la que ven\u00edan cobrando los beneficiarios que, habitualmente, se acredita el quinto d\u00eda h\u00e1bil del mes<b> <\/b>y, en esta ocasi\u00f3n, coincide con el d\u00eda <b>viernes 6 de marzo<\/b>.<\/p>\n<h1>Monto y fecha del exPotenciar Trabajo en marzo de 2026<\/h1>\n<ul>\n<li><u>Programa exPotenciar Trabajo:<\/u>&nbsp;$78.000<\/li>\n<li><u>Fecha de pago<\/u>:&nbsp;viernes 6 de marzo<\/li>\n<\/ul>\n<p>Esta herramienta de asistencia tiene como principal objetivo facilitar el acceso a un <b>nivel de empleabilidad inicial real <\/b>y mejorar las oportunidades de <b>inserci\u00f3n laboral <\/b>de sus titulares. Seg\u00fan consta en el sitio oficial del programa, \u201cesto se realiza a trav\u00e9s de su participaci\u00f3n en actividades de formaci\u00f3n laboral, pr\u00e1cticas formativas en ambientes de trabajo y asistencia al desarrollo de emprendimientos productivos, individuales o asociativos\u201d.<\/p>\n<p><img loading=\"lazy\" decoding=\"async\" src=\"https:\/\/resizer.glanacion.com\/resizer\/v2\/VJ2CUSPM5ZAI3A4RNKMCVFYFEA.jpeg?auth=f88ad9059c1b90ff9c4f53de51aba2d18119e8ea994351b9d794d8daf9a7b81d&amp;smart=true&amp;width=2000&amp;height=1333\" alt=\"El exPotenciar Trabajo se acredita el 6 de marzo\" height=\"1333\" width=\"2000\" \/><\/p>\n<h1>C\u00f3mo saber si cobro el exPotenciar Trabajo<\/h1>\n<p>Quienes deseen<a href=\"https:\/\/www.lanacion.com.ar\/economia\/como-saber-si-soy-beneficiario-del-programa-acompanamiento-social-nid27062024\/\" rel=\"\" title=\" corroborar si les corresponde esta herramienta de asistencia estatal \"><b> corroborar si les corresponde esta herramienta de asistencia estatal <\/b><\/a>pueden hacerlo con un procedimiento sencillo y r\u00e1pido. Para eso hay que seguir los siguientes pasos:<\/p>\n<figure><video height=\"720\" width=\"1280\" poster=\"https:\/\/cdn.jwplayer.com\/v2\/media\/ENqyERZD\/poster.jpg?width=1280\"><\/video><figcaption>\u00bfC\u00f3mo crear la Clave de la Seguridad Social de la Anses?<\/figcaption><\/figure>\n<ul>\n<li>Ingresar al sitio&nbsp;<b>Mi Argentina&nbsp;<\/b>o a&nbsp;<b>Mi ANSES<\/b>.<\/li>\n<li>Ingresar el n\u00famero de CUIL<\/li>\n<li>Tipear la Clave de Seguridad Social<\/li>\n<li>Seleccionar el apartado \u201cMis cobros\u201d<\/li>\n<li>Corroborar las prestaciones se\u00f1aladas para el mes en curso<\/li>\n<\/ul>\n<p>La finalidad de esta ayuda estatal es \u201cdesarrollar y consolidar un <b>nivel de competencias sociolaborales <\/b>para sus beneficiarios que les permita alcanzar un nivel de empleabilidad inicial real y mejorar sus oportunidades de inserci\u00f3n laboral\u201d, seg\u00fan consta en el sitio oficial.<\/p>\n<h1>Cu\u00e1les son los beneficios para los titulares del exPotenciar Trabajo<\/h1>\n<p>Seg\u00fan consta en el sitio oficial, el programa <b>Volver al Trabajo<\/b> tiene como \u00fanicos beneficiarios a las personas que fueron transferidas del programa Potenciar Trabajo. En tanto, quienes pertenec\u00edan al programa y no se encuentran en la n\u00f3mina de Volver al Trabajo, les corresponde el <a href=\"https:\/\/www.argentina.gob.ar\/capital-humano\/familia\/programa-de-acompanamiento-social\" rel=\"\" title=\"Programa de Acompa\u00f1amiento Social\">Programa de<b> Acompa\u00f1amiento Social<\/b><\/a>.<\/p>\n<p>La finalidad de esta ayuda estatal es \u201cdesarrollar y consolidar un <b>nivel de competencias sociolaborales<\/b> para sus beneficiarios que les permita alcanzar un nivel de empleabilidad inicial real y mejorar sus oportunidades de inserci\u00f3n laboral\u201d.<\/p>\n<p>Los titulares del programa est\u00e1n habilitados a realizar actividades de <b>formaci\u00f3n laboral<\/b>, pr\u00e1cticas formativas en ambientes de trabajo y asistencia al desarrollo de <b>emprendimientos productivos<\/b> individuales o asociativos.<\/p>\n<p>Entre las alternativas que se pueden utilizar figuran las siguientes:<\/p>\n<ul>\n<li>Servicios de orientaci\u00f3n laboral y asistencia en la b\u00fasqueda de empleo.<\/li>\n<li>Servicios de intermediaci\u00f3n laboral.<\/li>\n<li>Servicios de capacitaci\u00f3n laboral y certificaci\u00f3n de competencias laborales.<\/li>\n<li>Pr\u00e1cticas formativas en ambientes de trabajo.<\/li>\n<li>Acciones de promoci\u00f3n para la inserci\u00f3n en el trabajo asalariado registrado y en el trabajo independiente y autogestionado.<\/li>\n<li>Fortalecimiento de unidades productivas autogestionadas en forma individual, asociativa o familiar.<\/li>\n<li>Finalizaci\u00f3n educativa o programas con objeto an\u00e1logo para el desarrollo de competencias b\u00e1sicas.<\/li>\n<\/ul>\n","protected":false},"excerpt":{"rendered":"<p>Los trabajadores informales pueden acceder al ex Potenciar Trabajo, ya<\/p>\n","protected":false},"author":0,"featured_media":0,"comment_status":"","ping_status":"","sticky":false,"template":"","format":"standard","meta":{"footnotes":""},"categories":[65],"tags":[],"class_list":["post-12436","post","type-post","status-publish","format-standard","hentry","category-pais"],"yoast_head":"<!-- This site is optimized with the Yoast SEO plugin v27.4 - https:\/\/yoast.com\/product\/yoast-seo-wordpress\/ -->\n<title>De cu\u00e1nto es el monto del exPotenciar Trabajo en marzo de 2026 - Cuarteto en la Web<\/title>\n<meta name=\"robots\" content=\"index, follow, max-snippet:-1, max-image-preview:large, max-video-preview:-1\" \/>\n<link rel=\"canonical\" href=\"https:\/\/cuartetoenlaweb.com.ar\/sitio\/de-cuanto-es-el-monto-del-expotenciar-trabajo-en-marzo-de-2026\/\" \/>\n<meta property=\"og:locale\" content=\"es_ES\" \/>\n<meta property=\"og:type\" content=\"article\" \/>\n<meta property=\"og:title\" content=\"De cu\u00e1nto es el monto del exPotenciar Trabajo en marzo de 2026 - Cuarteto en la Web\" \/>\n<meta property=\"og:description\" content=\"Los trabajadores informales pueden acceder al ex Potenciar Trabajo, ya\" \/>\n<meta property=\"og:url\" content=\"https:\/\/cuartetoenlaweb.com.ar\/sitio\/de-cuanto-es-el-monto-del-expotenciar-trabajo-en-marzo-de-2026\/\" \/>\n<meta property=\"og:site_name\" content=\"Cuarteto en la Web\" \/>\n<meta property=\"article:published_time\" content=\"2026-02-22T14:00:33+00:00\" \/>\n<meta property=\"og:image\" content=\"https:\/\/resizer.glanacion.com\/resizer\/v2\/R5YDUQCLTNAHVGHAS7N4XILTTI.jpg?auth=2a73b8e84413f2cefc566c91c390fe4fa0fb61518e95405f653eb9b97ee4eb80&amp;smart=true&amp;width=2000&amp;height=1333\" \/>\n<meta name=\"twitter:card\" content=\"summary_large_image\" \/>\n<meta name=\"twitter:label1\" content=\"Tiempo de lectura\" \/>\n\t<meta name=\"twitter:data1\" content=\"3 minutos\" \/>\n<script type=\"application\/ld+json\" class=\"yoast-schema-graph\">{\"@context\":\"https:\\\/\\\/schema.org\",\"@graph\":[{\"@type\":\"Article\",\"@id\":\"https:\\\/\\\/cuartetoenlaweb.com.ar\\\/sitio\\\/de-cuanto-es-el-monto-del-expotenciar-trabajo-en-marzo-de-2026\\\/#article\",\"isPartOf\":{\"@id\":\"https:\\\/\\\/cuartetoenlaweb.com.ar\\\/sitio\\\/de-cuanto-es-el-monto-del-expotenciar-trabajo-en-marzo-de-2026\\\/\"},\"author\":{\"name\":\"\",\"@id\":\"\"},\"headline\":\"De cu\u00e1nto es el monto del exPotenciar Trabajo en marzo de 2026\",\"datePublished\":\"2026-02-22T14:00:33+00:00\",\"mainEntityOfPage\":{\"@id\":\"https:\\\/\\\/cuartetoenlaweb.com.ar\\\/sitio\\\/de-cuanto-es-el-monto-del-expotenciar-trabajo-en-marzo-de-2026\\\/\"},\"wordCount\":575,\"publisher\":{\"@id\":\"http:\\\/\\\/cuartetoenlaweb.com.ar\\\/sitio\\\/#organization\"},\"image\":{\"@id\":\"https:\\\/\\\/cuartetoenlaweb.com.ar\\\/sitio\\\/de-cuanto-es-el-monto-del-expotenciar-trabajo-en-marzo-de-2026\\\/#primaryimage\"},\"thumbnailUrl\":\"https:\\\/\\\/resizer.glanacion.com\\\/resizer\\\/v2\\\/R5YDUQCLTNAHVGHAS7N4XILTTI.jpg?auth=2a73b8e84413f2cefc566c91c390fe4fa0fb61518e95405f653eb9b97ee4eb80&amp;smart=true&amp;width=2000&amp;height=1333\",\"articleSection\":[\"PAIS\"],\"inLanguage\":\"es\"},{\"@type\":\"WebPage\",\"@id\":\"https:\\\/\\\/cuartetoenlaweb.com.ar\\\/sitio\\\/de-cuanto-es-el-monto-del-expotenciar-trabajo-en-marzo-de-2026\\\/\",\"url\":\"https:\\\/\\\/cuartetoenlaweb.com.ar\\\/sitio\\\/de-cuanto-es-el-monto-del-expotenciar-trabajo-en-marzo-de-2026\\\/\",\"name\":\"De cu\u00e1nto es el monto del exPotenciar Trabajo en marzo de 2026 - Cuarteto en la Web\",\"isPartOf\":{\"@id\":\"http:\\\/\\\/cuartetoenlaweb.com.ar\\\/sitio\\\/#website\"},\"primaryImageOfPage\":{\"@id\":\"https:\\\/\\\/cuartetoenlaweb.com.ar\\\/sitio\\\/de-cuanto-es-el-monto-del-expotenciar-trabajo-en-marzo-de-2026\\\/#primaryimage\"},\"image\":{\"@id\":\"https:\\\/\\\/cuartetoenlaweb.com.ar\\\/sitio\\\/de-cuanto-es-el-monto-del-expotenciar-trabajo-en-marzo-de-2026\\\/#primaryimage\"},\"thumbnailUrl\":\"https:\\\/\\\/resizer.glanacion.com\\\/resizer\\\/v2\\\/R5YDUQCLTNAHVGHAS7N4XILTTI.jpg?auth=2a73b8e84413f2cefc566c91c390fe4fa0fb61518e95405f653eb9b97ee4eb80&amp;smart=true&amp;width=2000&amp;height=1333\",\"datePublished\":\"2026-02-22T14:00:33+00:00\",\"breadcrumb\":{\"@id\":\"https:\\\/\\\/cuartetoenlaweb.com.ar\\\/sitio\\\/de-cuanto-es-el-monto-del-expotenciar-trabajo-en-marzo-de-2026\\\/#breadcrumb\"},\"inLanguage\":\"es\",\"potentialAction\":[{\"@type\":\"ReadAction\",\"target\":[\"https:\\\/\\\/cuartetoenlaweb.com.ar\\\/sitio\\\/de-cuanto-es-el-monto-del-expotenciar-trabajo-en-marzo-de-2026\\\/\"]}]},{\"@type\":\"ImageObject\",\"inLanguage\":\"es\",\"@id\":\"https:\\\/\\\/cuartetoenlaweb.com.ar\\\/sitio\\\/de-cuanto-es-el-monto-del-expotenciar-trabajo-en-marzo-de-2026\\\/#primaryimage\",\"url\":\"https:\\\/\\\/resizer.glanacion.com\\\/resizer\\\/v2\\\/R5YDUQCLTNAHVGHAS7N4XILTTI.jpg?auth=2a73b8e84413f2cefc566c91c390fe4fa0fb61518e95405f653eb9b97ee4eb80&amp;smart=true&amp;width=2000&amp;height=1333\",\"contentUrl\":\"https:\\\/\\\/resizer.glanacion.com\\\/resizer\\\/v2\\\/R5YDUQCLTNAHVGHAS7N4XILTTI.jpg?auth=2a73b8e84413f2cefc566c91c390fe4fa0fb61518e95405f653eb9b97ee4eb80&amp;smart=true&amp;width=2000&amp;height=1333\"},{\"@type\":\"BreadcrumbList\",\"@id\":\"https:\\\/\\\/cuartetoenlaweb.com.ar\\\/sitio\\\/de-cuanto-es-el-monto-del-expotenciar-trabajo-en-marzo-de-2026\\\/#breadcrumb\",\"itemListElement\":[{\"@type\":\"ListItem\",\"position\":1,\"name\":\"Portada\",\"item\":\"http:\\\/\\\/cuartetoenlaweb.com.ar\\\/sitio\\\/\"},{\"@type\":\"ListItem\",\"position\":2,\"name\":\"De cu\u00e1nto es el monto del exPotenciar Trabajo en marzo de 2026\"}]},{\"@type\":\"WebSite\",\"@id\":\"http:\\\/\\\/cuartetoenlaweb.com.ar\\\/sitio\\\/#website\",\"url\":\"http:\\\/\\\/cuartetoenlaweb.com.ar\\\/sitio\\\/\",\"name\":\"Cuarteto en la Web\",\"description\":\"\",\"publisher\":{\"@id\":\"http:\\\/\\\/cuartetoenlaweb.com.ar\\\/sitio\\\/#organization\"},\"potentialAction\":[{\"@type\":\"SearchAction\",\"target\":{\"@type\":\"EntryPoint\",\"urlTemplate\":\"http:\\\/\\\/cuartetoenlaweb.com.ar\\\/sitio\\\/?s={search_term_string}\"},\"query-input\":{\"@type\":\"PropertyValueSpecification\",\"valueRequired\":true,\"valueName\":\"search_term_string\"}}],\"inLanguage\":\"es\"},{\"@type\":\"Organization\",\"@id\":\"http:\\\/\\\/cuartetoenlaweb.com.ar\\\/sitio\\\/#organization\",\"name\":\"Cuarteto en la Web\",\"url\":\"http:\\\/\\\/cuartetoenlaweb.com.ar\\\/sitio\\\/\",\"logo\":{\"@type\":\"ImageObject\",\"inLanguage\":\"es\",\"@id\":\"http:\\\/\\\/cuartetoenlaweb.com.ar\\\/sitio\\\/#\\\/schema\\\/logo\\\/image\\\/\",\"url\":\"https:\\\/\\\/cuartetoenlaweb.com.ar\\\/sitio\\\/wp-content\\\/uploads\\\/2025\\\/07\\\/cropped-cropped-logitoweb21.png\",\"contentUrl\":\"https:\\\/\\\/cuartetoenlaweb.com.ar\\\/sitio\\\/wp-content\\\/uploads\\\/2025\\\/07\\\/cropped-cropped-logitoweb21.png\",\"width\":199,\"height\":199,\"caption\":\"Cuarteto en la Web\"},\"image\":{\"@id\":\"http:\\\/\\\/cuartetoenlaweb.com.ar\\\/sitio\\\/#\\\/schema\\\/logo\\\/image\\\/\"}}]}<\/script>\n<!-- \/ Yoast SEO plugin. -->","yoast_head_json":{"title":"De cu\u00e1nto es el monto del exPotenciar Trabajo en marzo de 2026 - Cuarteto en la Web","robots":{"index":"index","follow":"follow","max-snippet":"max-snippet:-1","max-image-preview":"max-image-preview:large","max-video-preview":"max-video-preview:-1"},"canonical":"https:\/\/cuartetoenlaweb.com.ar\/sitio\/de-cuanto-es-el-monto-del-expotenciar-trabajo-en-marzo-de-2026\/","og_locale":"es_ES","og_type":"article","og_title":"De cu\u00e1nto es el monto del exPotenciar Trabajo en marzo de 2026 - Cuarteto en la Web","og_description":"Los trabajadores informales pueden acceder al ex Potenciar Trabajo, ya","og_url":"https:\/\/cuartetoenlaweb.com.ar\/sitio\/de-cuanto-es-el-monto-del-expotenciar-trabajo-en-marzo-de-2026\/","og_site_name":"Cuarteto en la Web","article_published_time":"2026-02-22T14:00:33+00:00","og_image":[{"url":"https:\/\/resizer.glanacion.com\/resizer\/v2\/R5YDUQCLTNAHVGHAS7N4XILTTI.jpg?auth=2a73b8e84413f2cefc566c91c390fe4fa0fb61518e95405f653eb9b97ee4eb80&amp;smart=true&amp;width=2000&amp;height=1333","type":"","width":"","height":""}],"twitter_card":"summary_large_image","twitter_misc":{"Tiempo de lectura":"3 minutos"},"schema":{"@context":"https:\/\/schema.org","@graph":[{"@type":"Article","@id":"https:\/\/cuartetoenlaweb.com.ar\/sitio\/de-cuanto-es-el-monto-del-expotenciar-trabajo-en-marzo-de-2026\/#article","isPartOf":{"@id":"https:\/\/cuartetoenlaweb.com.ar\/sitio\/de-cuanto-es-el-monto-del-expotenciar-trabajo-en-marzo-de-2026\/"},"author":{"name":"","@id":""},"headline":"De cu\u00e1nto es el monto del exPotenciar Trabajo en marzo de 2026","datePublished":"2026-02-22T14:00:33+00:00","mainEntityOfPage":{"@id":"https:\/\/cuartetoenlaweb.com.ar\/sitio\/de-cuanto-es-el-monto-del-expotenciar-trabajo-en-marzo-de-2026\/"},"wordCount":575,"publisher":{"@id":"http:\/\/cuartetoenlaweb.com.ar\/sitio\/#organization"},"image":{"@id":"https:\/\/cuartetoenlaweb.com.ar\/sitio\/de-cuanto-es-el-monto-del-expotenciar-trabajo-en-marzo-de-2026\/#primaryimage"},"thumbnailUrl":"https:\/\/resizer.glanacion.com\/resizer\/v2\/R5YDUQCLTNAHVGHAS7N4XILTTI.jpg?auth=2a73b8e84413f2cefc566c91c390fe4fa0fb61518e95405f653eb9b97ee4eb80&amp;smart=true&amp;width=2000&amp;height=1333","articleSection":["PAIS"],"inLanguage":"es"},{"@type":"WebPage","@id":"https:\/\/cuartetoenlaweb.com.ar\/sitio\/de-cuanto-es-el-monto-del-expotenciar-trabajo-en-marzo-de-2026\/","url":"https:\/\/cuartetoenlaweb.com.ar\/sitio\/de-cuanto-es-el-monto-del-expotenciar-trabajo-en-marzo-de-2026\/","name":"De cu\u00e1nto es el monto del exPotenciar Trabajo en marzo de 2026 - Cuarteto en la Web","isPartOf":{"@id":"http:\/\/cuartetoenlaweb.com.ar\/sitio\/#website"},"primaryImageOfPage":{"@id":"https:\/\/cuartetoenlaweb.com.ar\/sitio\/de-cuanto-es-el-monto-del-expotenciar-trabajo-en-marzo-de-2026\/#primaryimage"},"image":{"@id":"https:\/\/cuartetoenlaweb.com.ar\/sitio\/de-cuanto-es-el-monto-del-expotenciar-trabajo-en-marzo-de-2026\/#primaryimage"},"thumbnailUrl":"https:\/\/resizer.glanacion.com\/resizer\/v2\/R5YDUQCLTNAHVGHAS7N4XILTTI.jpg?auth=2a73b8e84413f2cefc566c91c390fe4fa0fb61518e95405f653eb9b97ee4eb80&amp;smart=true&amp;width=2000&amp;height=1333","datePublished":"2026-02-22T14:00:33+00:00","breadcrumb":{"@id":"https:\/\/cuartetoenlaweb.com.ar\/sitio\/de-cuanto-es-el-monto-del-expotenciar-trabajo-en-marzo-de-2026\/#breadcrumb"},"inLanguage":"es","potentialAction":[{"@type":"ReadAction","target":["https:\/\/cuartetoenlaweb.com.ar\/sitio\/de-cuanto-es-el-monto-del-expotenciar-trabajo-en-marzo-de-2026\/"]}]},{"@type":"ImageObject","inLanguage":"es","@id":"https:\/\/cuartetoenlaweb.com.ar\/sitio\/de-cuanto-es-el-monto-del-expotenciar-trabajo-en-marzo-de-2026\/#primaryimage","url":"https:\/\/resizer.glanacion.com\/resizer\/v2\/R5YDUQCLTNAHVGHAS7N4XILTTI.jpg?auth=2a73b8e84413f2cefc566c91c390fe4fa0fb61518e95405f653eb9b97ee4eb80&amp;smart=true&amp;width=2000&amp;height=1333","contentUrl":"https:\/\/resizer.glanacion.com\/resizer\/v2\/R5YDUQCLTNAHVGHAS7N4XILTTI.jpg?auth=2a73b8e84413f2cefc566c91c390fe4fa0fb61518e95405f653eb9b97ee4eb80&amp;smart=true&amp;width=2000&amp;height=1333"},{"@type":"BreadcrumbList","@id":"https:\/\/cuartetoenlaweb.com.ar\/sitio\/de-cuanto-es-el-monto-del-expotenciar-trabajo-en-marzo-de-2026\/#breadcrumb","itemListElement":[{"@type":"ListItem","position":1,"name":"Portada","item":"http:\/\/cuartetoenlaweb.com.ar\/sitio\/"},{"@type":"ListItem","position":2,"name":"De cu\u00e1nto es el monto del exPotenciar Trabajo en marzo de 2026"}]},{"@type":"WebSite","@id":"http:\/\/cuartetoenlaweb.com.ar\/sitio\/#website","url":"http:\/\/cuartetoenlaweb.com.ar\/sitio\/","name":"Cuarteto en la Web","description":"","publisher":{"@id":"http:\/\/cuartetoenlaweb.com.ar\/sitio\/#organization"},"potentialAction":[{"@type":"SearchAction","target":{"@type":"EntryPoint","urlTemplate":"http:\/\/cuartetoenlaweb.com.ar\/sitio\/?s={search_term_string}"},"query-input":{"@type":"PropertyValueSpecification","valueRequired":true,"valueName":"search_term_string"}}],"inLanguage":"es"},{"@type":"Organization","@id":"http:\/\/cuartetoenlaweb.com.ar\/sitio\/#organization","name":"Cuarteto en la Web","url":"http:\/\/cuartetoenlaweb.com.ar\/sitio\/","logo":{"@type":"ImageObject","inLanguage":"es","@id":"http:\/\/cuartetoenlaweb.com.ar\/sitio\/#\/schema\/logo\/image\/","url":"https:\/\/cuartetoenlaweb.com.ar\/sitio\/wp-content\/uploads\/2025\/07\/cropped-cropped-logitoweb21.png","contentUrl":"https:\/\/cuartetoenlaweb.com.ar\/sitio\/wp-content\/uploads\/2025\/07\/cropped-cropped-logitoweb21.png","width":199,"height":199,"caption":"Cuarteto en la Web"},"image":{"@id":"http:\/\/cuartetoenlaweb.com.ar\/sitio\/#\/schema\/logo\/image\/"}}]}},"_links":{"self":[{"href":"https:\/\/cuartetoenlaweb.com.ar\/sitio\/wp-json\/wp\/v2\/posts\/12436","targetHints":{"allow":["GET"]}}],"collection":[{"href":"https:\/\/cuartetoenlaweb.com.ar\/sitio\/wp-json\/wp\/v2\/posts"}],"about":[{"href":"https:\/\/cuartetoenlaweb.com.ar\/sitio\/wp-json\/wp\/v2\/types\/post"}],"replies":[{"embeddable":true,"href":"https:\/\/cuartetoenlaweb.com.ar\/sitio\/wp-json\/wp\/v2\/comments?post=12436"}],"version-history":[{"count":0,"href":"https:\/\/cuartetoenlaweb.com.ar\/sitio\/wp-json\/wp\/v2\/posts\/12436\/revisions"}],"wp:attachment":[{"href":"https:\/\/cuartetoenlaweb.com.ar\/sitio\/wp-json\/wp\/v2\/media?parent=12436"}],"wp:term":[{"taxonomy":"category","embeddable":true,"href":"https:\/\/cuartetoenlaweb.com.ar\/sitio\/wp-json\/wp\/v2\/categories?post=12436"},{"taxonomy":"post_tag","embeddable":true,"href":"https:\/\/cuartetoenlaweb.com.ar\/sitio\/wp-json\/wp\/v2\/tags?post=12436"}],"curies":[{"name":"wp","href":"https:\/\/api.w.org\/{rel}","templated":true}]}}