
{"id":12432,"date":"2026-02-22T11:00:25","date_gmt":"2026-02-22T14:00:25","guid":{"rendered":"https:\/\/cuartetoenlaweb.com.ar\/sitio\/quienes-quedan-excluidos-de-la-ayuda-escolar-de-anses-en-2026-y-por-que\/"},"modified":"2026-02-22T11:00:25","modified_gmt":"2026-02-22T14:00:25","slug":"quienes-quedan-excluidos-de-la-ayuda-escolar-de-anses-en-2026-y-por-que","status":"publish","type":"post","link":"https:\/\/cuartetoenlaweb.com.ar\/sitio\/quienes-quedan-excluidos-de-la-ayuda-escolar-de-anses-en-2026-y-por-que\/","title":{"rendered":"Qui\u00e9nes quedan excluidos de la Ayuda Escolar de ANSES en 2026 y por qu\u00e9"},"content":{"rendered":"<p>Para la mayor\u00eda de las familias con chicos en etapa escolar, el comienzo del a\u00f1o lectivo representa un desembolso importante. Frente a ese escenario, la Administraci\u00f3n Nacional de la Seguridad Social (ANSES) otorga un apoyo econ\u00f3mico pensado para afrontar los gastos esenciales vinculados a la educaci\u00f3n.<\/p>\n<p>Este refuerzo se abona una vez al a\u00f1o por medio del organismo y su cobro est\u00e1 sujeto al cumplimiento de determinadas condiciones establecidas.<\/p>\n<p>QU\u00c9 PERSONAS NO PUEDEN ACCEDER A LA AYUDA ESCOLAR DE ANSES EN 2026<\/p>\n<p>El refuerzo educativo est\u00e1 destinado exclusivamente a quienes ya cobran la Asignaci\u00f3n Universal por Hijo (AUH) o perciben Asignaciones Familiares como trabajadores formales. Si el hogar no forma parte de alguno de estos reg\u00edmenes, no podr\u00e1 acceder al pago, ya que se trata de un complemento y no de una prestaci\u00f3n universal.<\/p>\n<p>Uno de los requisitos centrales es el nivel de ingresos declarado. Para el corriente a\u00f1o, el ente estatal estableci\u00f3 que el Ingreso del Grupo Familiar no debe superar los $5.292.758 brutos, mientras que ning\u00fan integrante puede percibir individualmente m\u00e1s de $2.646.379 brutos. Si se excede alguno de estos topes, el beneficio se interrumpe autom\u00e1ticamente.<\/p>\n<p>La verificaci\u00f3n se realiza mediante el cruce de informaci\u00f3n con bases de datos oficiales. Esto afecta principalmente a empleados en relaci\u00f3n de dependencia y monotributistas incluidos en el SUAF, dado que cualquier incremento salarial puede ubicar al grupo familiar por encima del l\u00edmite permitido y dejarlo fuera del cobro.<\/p>\n<p>La edad del hijo tambi\u00e9n resulta determinante. El monto se liquida por cada menor desde los 45 d\u00edas hasta los 17 a\u00f1os inclusive, siempre que concurra a una instituci\u00f3n educativa reconocida. Si cumple 18 a\u00f1os antes de la fecha de acreditaci\u00f3n, el beneficio queda sin efecto, aun cuando el resto de las condiciones se encuentren cumplidas.<\/p>\n<p>CU\u00c1L ES EL MONTO DE LA AYUDA ESCOLAR DE ANSES EN 2026<\/p>\n<p>En cuanto al monto, para el ciclo lectivo 2026 se fij\u00f3 en $85.000 por cada hijo escolarizado. La suma apunta a cubrir gastos habituales como \u00fatiles, uniformes, libros y otros insumos necesarios para las clases. Se paga una sola vez al a\u00f1o y se deposita junto con la prestaci\u00f3n mensual correspondiente.<\/p>\n<p>De esta manera, el esquema queda conformado as\u00ed:<\/p>\n<p> * Un hijo en edad escolar: $85.000.<br \/>\n * Dos hijos escolarizados: $170.000.<br \/>\n * Tres hijos escolarizados: $255.000.<\/p>\n<p>Para evitar demoras o rechazos, se recomienda actualizar la informaci\u00f3n personal y escolar en la plataforma oficial y comprobar que los ingresos declarados contin\u00faen dentro de los par\u00e1metros vigentes.<\/p>\n","protected":false},"excerpt":{"rendered":"<p>Para la mayor\u00eda de las familias con chicos en etapa<\/p>\n","protected":false},"author":0,"featured_media":12433,"comment_status":"","ping_status":"","sticky":false,"template":"","format":"standard","meta":{"footnotes":""},"categories":[65],"tags":[],"class_list":["post-12432","post","type-post","status-publish","format-standard","has-post-thumbnail","hentry","category-pais"],"yoast_head":"<!-- This site is optimized with the Yoast SEO plugin v27.4 - https:\/\/yoast.com\/product\/yoast-seo-wordpress\/ -->\n<title>Qui\u00e9nes quedan excluidos de la Ayuda Escolar de ANSES en 2026 y por qu\u00e9 - Cuarteto en la Web<\/title>\n<meta name=\"robots\" content=\"index, follow, max-snippet:-1, max-image-preview:large, max-video-preview:-1\" \/>\n<link rel=\"canonical\" href=\"https:\/\/cuartetoenlaweb.com.ar\/sitio\/quienes-quedan-excluidos-de-la-ayuda-escolar-de-anses-en-2026-y-por-que\/\" \/>\n<meta property=\"og:locale\" content=\"es_ES\" \/>\n<meta property=\"og:type\" content=\"article\" \/>\n<meta property=\"og:title\" content=\"Qui\u00e9nes quedan excluidos de la Ayuda Escolar de ANSES en 2026 y por qu\u00e9 - Cuarteto en la Web\" \/>\n<meta property=\"og:description\" content=\"Para la mayor\u00eda de las familias con chicos en etapa\" \/>\n<meta property=\"og:url\" content=\"https:\/\/cuartetoenlaweb.com.ar\/sitio\/quienes-quedan-excluidos-de-la-ayuda-escolar-de-anses-en-2026-y-por-que\/\" \/>\n<meta property=\"og:site_name\" content=\"Cuarteto en la Web\" \/>\n<meta property=\"article:published_time\" content=\"2026-02-22T14:00:25+00:00\" \/>\n<meta property=\"og:image\" content=\"https:\/\/cuartetoenlaweb.com.ar\/sitio\/wp-content\/uploads\/2026\/02\/720-289.jpeg\" \/>\n\t<meta property=\"og:image:width\" content=\"1280\" \/>\n\t<meta property=\"og:image:height\" content=\"717\" \/>\n\t<meta property=\"og:image:type\" content=\"image\/jpeg\" \/>\n<meta name=\"twitter:card\" content=\"summary_large_image\" \/>\n<meta name=\"twitter:label1\" content=\"Tiempo de lectura\" \/>\n\t<meta name=\"twitter:data1\" content=\"2 minutos\" \/>\n<script type=\"application\/ld+json\" class=\"yoast-schema-graph\">{\"@context\":\"https:\\\/\\\/schema.org\",\"@graph\":[{\"@type\":\"Article\",\"@id\":\"https:\\\/\\\/cuartetoenlaweb.com.ar\\\/sitio\\\/quienes-quedan-excluidos-de-la-ayuda-escolar-de-anses-en-2026-y-por-que\\\/#article\",\"isPartOf\":{\"@id\":\"https:\\\/\\\/cuartetoenlaweb.com.ar\\\/sitio\\\/quienes-quedan-excluidos-de-la-ayuda-escolar-de-anses-en-2026-y-por-que\\\/\"},\"author\":{\"name\":\"\",\"@id\":\"\"},\"headline\":\"Qui\u00e9nes quedan excluidos de la Ayuda Escolar de ANSES en 2026 y por qu\u00e9\",\"datePublished\":\"2026-02-22T14:00:25+00:00\",\"mainEntityOfPage\":{\"@id\":\"https:\\\/\\\/cuartetoenlaweb.com.ar\\\/sitio\\\/quienes-quedan-excluidos-de-la-ayuda-escolar-de-anses-en-2026-y-por-que\\\/\"},\"wordCount\":438,\"publisher\":{\"@id\":\"http:\\\/\\\/cuartetoenlaweb.com.ar\\\/sitio\\\/#organization\"},\"image\":{\"@id\":\"https:\\\/\\\/cuartetoenlaweb.com.ar\\\/sitio\\\/quienes-quedan-excluidos-de-la-ayuda-escolar-de-anses-en-2026-y-por-que\\\/#primaryimage\"},\"thumbnailUrl\":\"https:\\\/\\\/cuartetoenlaweb.com.ar\\\/sitio\\\/wp-content\\\/uploads\\\/2026\\\/02\\\/720-289.jpeg\",\"articleSection\":[\"PAIS\"],\"inLanguage\":\"es\"},{\"@type\":\"WebPage\",\"@id\":\"https:\\\/\\\/cuartetoenlaweb.com.ar\\\/sitio\\\/quienes-quedan-excluidos-de-la-ayuda-escolar-de-anses-en-2026-y-por-que\\\/\",\"url\":\"https:\\\/\\\/cuartetoenlaweb.com.ar\\\/sitio\\\/quienes-quedan-excluidos-de-la-ayuda-escolar-de-anses-en-2026-y-por-que\\\/\",\"name\":\"Qui\u00e9nes quedan excluidos de la Ayuda Escolar de ANSES en 2026 y por qu\u00e9 - Cuarteto en la Web\",\"isPartOf\":{\"@id\":\"http:\\\/\\\/cuartetoenlaweb.com.ar\\\/sitio\\\/#website\"},\"primaryImageOfPage\":{\"@id\":\"https:\\\/\\\/cuartetoenlaweb.com.ar\\\/sitio\\\/quienes-quedan-excluidos-de-la-ayuda-escolar-de-anses-en-2026-y-por-que\\\/#primaryimage\"},\"image\":{\"@id\":\"https:\\\/\\\/cuartetoenlaweb.com.ar\\\/sitio\\\/quienes-quedan-excluidos-de-la-ayuda-escolar-de-anses-en-2026-y-por-que\\\/#primaryimage\"},\"thumbnailUrl\":\"https:\\\/\\\/cuartetoenlaweb.com.ar\\\/sitio\\\/wp-content\\\/uploads\\\/2026\\\/02\\\/720-289.jpeg\",\"datePublished\":\"2026-02-22T14:00:25+00:00\",\"breadcrumb\":{\"@id\":\"https:\\\/\\\/cuartetoenlaweb.com.ar\\\/sitio\\\/quienes-quedan-excluidos-de-la-ayuda-escolar-de-anses-en-2026-y-por-que\\\/#breadcrumb\"},\"inLanguage\":\"es\",\"potentialAction\":[{\"@type\":\"ReadAction\",\"target\":[\"https:\\\/\\\/cuartetoenlaweb.com.ar\\\/sitio\\\/quienes-quedan-excluidos-de-la-ayuda-escolar-de-anses-en-2026-y-por-que\\\/\"]}]},{\"@type\":\"ImageObject\",\"inLanguage\":\"es\",\"@id\":\"https:\\\/\\\/cuartetoenlaweb.com.ar\\\/sitio\\\/quienes-quedan-excluidos-de-la-ayuda-escolar-de-anses-en-2026-y-por-que\\\/#primaryimage\",\"url\":\"https:\\\/\\\/cuartetoenlaweb.com.ar\\\/sitio\\\/wp-content\\\/uploads\\\/2026\\\/02\\\/720-289.jpeg\",\"contentUrl\":\"https:\\\/\\\/cuartetoenlaweb.com.ar\\\/sitio\\\/wp-content\\\/uploads\\\/2026\\\/02\\\/720-289.jpeg\",\"width\":1280,\"height\":717},{\"@type\":\"BreadcrumbList\",\"@id\":\"https:\\\/\\\/cuartetoenlaweb.com.ar\\\/sitio\\\/quienes-quedan-excluidos-de-la-ayuda-escolar-de-anses-en-2026-y-por-que\\\/#breadcrumb\",\"itemListElement\":[{\"@type\":\"ListItem\",\"position\":1,\"name\":\"Portada\",\"item\":\"http:\\\/\\\/cuartetoenlaweb.com.ar\\\/sitio\\\/\"},{\"@type\":\"ListItem\",\"position\":2,\"name\":\"Qui\u00e9nes quedan excluidos de la Ayuda Escolar de ANSES en 2026 y por qu\u00e9\"}]},{\"@type\":\"WebSite\",\"@id\":\"http:\\\/\\\/cuartetoenlaweb.com.ar\\\/sitio\\\/#website\",\"url\":\"http:\\\/\\\/cuartetoenlaweb.com.ar\\\/sitio\\\/\",\"name\":\"Cuarteto en la Web\",\"description\":\"\",\"publisher\":{\"@id\":\"http:\\\/\\\/cuartetoenlaweb.com.ar\\\/sitio\\\/#organization\"},\"potentialAction\":[{\"@type\":\"SearchAction\",\"target\":{\"@type\":\"EntryPoint\",\"urlTemplate\":\"http:\\\/\\\/cuartetoenlaweb.com.ar\\\/sitio\\\/?s={search_term_string}\"},\"query-input\":{\"@type\":\"PropertyValueSpecification\",\"valueRequired\":true,\"valueName\":\"search_term_string\"}}],\"inLanguage\":\"es\"},{\"@type\":\"Organization\",\"@id\":\"http:\\\/\\\/cuartetoenlaweb.com.ar\\\/sitio\\\/#organization\",\"name\":\"Cuarteto en la Web\",\"url\":\"http:\\\/\\\/cuartetoenlaweb.com.ar\\\/sitio\\\/\",\"logo\":{\"@type\":\"ImageObject\",\"inLanguage\":\"es\",\"@id\":\"http:\\\/\\\/cuartetoenlaweb.com.ar\\\/sitio\\\/#\\\/schema\\\/logo\\\/image\\\/\",\"url\":\"https:\\\/\\\/cuartetoenlaweb.com.ar\\\/sitio\\\/wp-content\\\/uploads\\\/2025\\\/07\\\/cropped-cropped-logitoweb21.png\",\"contentUrl\":\"https:\\\/\\\/cuartetoenlaweb.com.ar\\\/sitio\\\/wp-content\\\/uploads\\\/2025\\\/07\\\/cropped-cropped-logitoweb21.png\",\"width\":199,\"height\":199,\"caption\":\"Cuarteto en la Web\"},\"image\":{\"@id\":\"http:\\\/\\\/cuartetoenlaweb.com.ar\\\/sitio\\\/#\\\/schema\\\/logo\\\/image\\\/\"}}]}<\/script>\n<!-- \/ Yoast SEO plugin. -->","yoast_head_json":{"title":"Qui\u00e9nes quedan excluidos de la Ayuda Escolar de ANSES en 2026 y por qu\u00e9 - Cuarteto en la Web","robots":{"index":"index","follow":"follow","max-snippet":"max-snippet:-1","max-image-preview":"max-image-preview:large","max-video-preview":"max-video-preview:-1"},"canonical":"https:\/\/cuartetoenlaweb.com.ar\/sitio\/quienes-quedan-excluidos-de-la-ayuda-escolar-de-anses-en-2026-y-por-que\/","og_locale":"es_ES","og_type":"article","og_title":"Qui\u00e9nes quedan excluidos de la Ayuda Escolar de ANSES en 2026 y por qu\u00e9 - Cuarteto en la Web","og_description":"Para la mayor\u00eda de las familias con chicos en etapa","og_url":"https:\/\/cuartetoenlaweb.com.ar\/sitio\/quienes-quedan-excluidos-de-la-ayuda-escolar-de-anses-en-2026-y-por-que\/","og_site_name":"Cuarteto en la Web","article_published_time":"2026-02-22T14:00:25+00:00","og_image":[{"width":1280,"height":717,"url":"https:\/\/cuartetoenlaweb.com.ar\/sitio\/wp-content\/uploads\/2026\/02\/720-289.jpeg","type":"image\/jpeg"}],"twitter_card":"summary_large_image","twitter_misc":{"Tiempo de lectura":"2 minutos"},"schema":{"@context":"https:\/\/schema.org","@graph":[{"@type":"Article","@id":"https:\/\/cuartetoenlaweb.com.ar\/sitio\/quienes-quedan-excluidos-de-la-ayuda-escolar-de-anses-en-2026-y-por-que\/#article","isPartOf":{"@id":"https:\/\/cuartetoenlaweb.com.ar\/sitio\/quienes-quedan-excluidos-de-la-ayuda-escolar-de-anses-en-2026-y-por-que\/"},"author":{"name":"","@id":""},"headline":"Qui\u00e9nes quedan excluidos de la Ayuda Escolar de ANSES en 2026 y por qu\u00e9","datePublished":"2026-02-22T14:00:25+00:00","mainEntityOfPage":{"@id":"https:\/\/cuartetoenlaweb.com.ar\/sitio\/quienes-quedan-excluidos-de-la-ayuda-escolar-de-anses-en-2026-y-por-que\/"},"wordCount":438,"publisher":{"@id":"http:\/\/cuartetoenlaweb.com.ar\/sitio\/#organization"},"image":{"@id":"https:\/\/cuartetoenlaweb.com.ar\/sitio\/quienes-quedan-excluidos-de-la-ayuda-escolar-de-anses-en-2026-y-por-que\/#primaryimage"},"thumbnailUrl":"https:\/\/cuartetoenlaweb.com.ar\/sitio\/wp-content\/uploads\/2026\/02\/720-289.jpeg","articleSection":["PAIS"],"inLanguage":"es"},{"@type":"WebPage","@id":"https:\/\/cuartetoenlaweb.com.ar\/sitio\/quienes-quedan-excluidos-de-la-ayuda-escolar-de-anses-en-2026-y-por-que\/","url":"https:\/\/cuartetoenlaweb.com.ar\/sitio\/quienes-quedan-excluidos-de-la-ayuda-escolar-de-anses-en-2026-y-por-que\/","name":"Qui\u00e9nes quedan excluidos de la Ayuda Escolar de ANSES en 2026 y por qu\u00e9 - Cuarteto en la Web","isPartOf":{"@id":"http:\/\/cuartetoenlaweb.com.ar\/sitio\/#website"},"primaryImageOfPage":{"@id":"https:\/\/cuartetoenlaweb.com.ar\/sitio\/quienes-quedan-excluidos-de-la-ayuda-escolar-de-anses-en-2026-y-por-que\/#primaryimage"},"image":{"@id":"https:\/\/cuartetoenlaweb.com.ar\/sitio\/quienes-quedan-excluidos-de-la-ayuda-escolar-de-anses-en-2026-y-por-que\/#primaryimage"},"thumbnailUrl":"https:\/\/cuartetoenlaweb.com.ar\/sitio\/wp-content\/uploads\/2026\/02\/720-289.jpeg","datePublished":"2026-02-22T14:00:25+00:00","breadcrumb":{"@id":"https:\/\/cuartetoenlaweb.com.ar\/sitio\/quienes-quedan-excluidos-de-la-ayuda-escolar-de-anses-en-2026-y-por-que\/#breadcrumb"},"inLanguage":"es","potentialAction":[{"@type":"ReadAction","target":["https:\/\/cuartetoenlaweb.com.ar\/sitio\/quienes-quedan-excluidos-de-la-ayuda-escolar-de-anses-en-2026-y-por-que\/"]}]},{"@type":"ImageObject","inLanguage":"es","@id":"https:\/\/cuartetoenlaweb.com.ar\/sitio\/quienes-quedan-excluidos-de-la-ayuda-escolar-de-anses-en-2026-y-por-que\/#primaryimage","url":"https:\/\/cuartetoenlaweb.com.ar\/sitio\/wp-content\/uploads\/2026\/02\/720-289.jpeg","contentUrl":"https:\/\/cuartetoenlaweb.com.ar\/sitio\/wp-content\/uploads\/2026\/02\/720-289.jpeg","width":1280,"height":717},{"@type":"BreadcrumbList","@id":"https:\/\/cuartetoenlaweb.com.ar\/sitio\/quienes-quedan-excluidos-de-la-ayuda-escolar-de-anses-en-2026-y-por-que\/#breadcrumb","itemListElement":[{"@type":"ListItem","position":1,"name":"Portada","item":"http:\/\/cuartetoenlaweb.com.ar\/sitio\/"},{"@type":"ListItem","position":2,"name":"Qui\u00e9nes quedan excluidos de la Ayuda Escolar de ANSES en 2026 y por qu\u00e9"}]},{"@type":"WebSite","@id":"http:\/\/cuartetoenlaweb.com.ar\/sitio\/#website","url":"http:\/\/cuartetoenlaweb.com.ar\/sitio\/","name":"Cuarteto en la Web","description":"","publisher":{"@id":"http:\/\/cuartetoenlaweb.com.ar\/sitio\/#organization"},"potentialAction":[{"@type":"SearchAction","target":{"@type":"EntryPoint","urlTemplate":"http:\/\/cuartetoenlaweb.com.ar\/sitio\/?s={search_term_string}"},"query-input":{"@type":"PropertyValueSpecification","valueRequired":true,"valueName":"search_term_string"}}],"inLanguage":"es"},{"@type":"Organization","@id":"http:\/\/cuartetoenlaweb.com.ar\/sitio\/#organization","name":"Cuarteto en la Web","url":"http:\/\/cuartetoenlaweb.com.ar\/sitio\/","logo":{"@type":"ImageObject","inLanguage":"es","@id":"http:\/\/cuartetoenlaweb.com.ar\/sitio\/#\/schema\/logo\/image\/","url":"https:\/\/cuartetoenlaweb.com.ar\/sitio\/wp-content\/uploads\/2025\/07\/cropped-cropped-logitoweb21.png","contentUrl":"https:\/\/cuartetoenlaweb.com.ar\/sitio\/wp-content\/uploads\/2025\/07\/cropped-cropped-logitoweb21.png","width":199,"height":199,"caption":"Cuarteto en la Web"},"image":{"@id":"http:\/\/cuartetoenlaweb.com.ar\/sitio\/#\/schema\/logo\/image\/"}}]}},"_links":{"self":[{"href":"https:\/\/cuartetoenlaweb.com.ar\/sitio\/wp-json\/wp\/v2\/posts\/12432","targetHints":{"allow":["GET"]}}],"collection":[{"href":"https:\/\/cuartetoenlaweb.com.ar\/sitio\/wp-json\/wp\/v2\/posts"}],"about":[{"href":"https:\/\/cuartetoenlaweb.com.ar\/sitio\/wp-json\/wp\/v2\/types\/post"}],"replies":[{"embeddable":true,"href":"https:\/\/cuartetoenlaweb.com.ar\/sitio\/wp-json\/wp\/v2\/comments?post=12432"}],"version-history":[{"count":0,"href":"https:\/\/cuartetoenlaweb.com.ar\/sitio\/wp-json\/wp\/v2\/posts\/12432\/revisions"}],"wp:featuredmedia":[{"embeddable":true,"href":"https:\/\/cuartetoenlaweb.com.ar\/sitio\/wp-json\/wp\/v2\/media\/12433"}],"wp:attachment":[{"href":"https:\/\/cuartetoenlaweb.com.ar\/sitio\/wp-json\/wp\/v2\/media?parent=12432"}],"wp:term":[{"taxonomy":"category","embeddable":true,"href":"https:\/\/cuartetoenlaweb.com.ar\/sitio\/wp-json\/wp\/v2\/categories?post=12432"},{"taxonomy":"post_tag","embeddable":true,"href":"https:\/\/cuartetoenlaweb.com.ar\/sitio\/wp-json\/wp\/v2\/tags?post=12432"}],"curies":[{"name":"wp","href":"https:\/\/api.w.org\/{rel}","templated":true}]}}