
{"id":12428,"date":"2026-02-22T11:00:19","date_gmt":"2026-02-22T14:00:19","guid":{"rendered":"https:\/\/cuartetoenlaweb.com.ar\/sitio\/un-grupo-de-anses-queda-excluido-de-un-beneficio-particular-para-el-inicio-de-clases-cual-es\/"},"modified":"2026-02-22T11:00:19","modified_gmt":"2026-02-22T14:00:19","slug":"un-grupo-de-anses-queda-excluido-de-un-beneficio-particular-para-el-inicio-de-clases-cual-es","status":"publish","type":"post","link":"https:\/\/cuartetoenlaweb.com.ar\/sitio\/un-grupo-de-anses-queda-excluido-de-un-beneficio-particular-para-el-inicio-de-clases-cual-es\/","title":{"rendered":"Un grupo de ANSES queda excluido de un beneficio particular para el inicio de clases: cu\u00e1l es"},"content":{"rendered":"<p>Con el inicio del ciclo lectivo cada vez m\u00e1s cerca, miles de familias comienzan a revisar los beneficios disponibles para afrontar los gastos escolares. En ese escenario, una reciente definici\u00f3n vinculada a la ANSES gener\u00f3 consultas e inquietud entre los titulares de distintas prestaciones.<\/p>\n<p>La medida establece que un grupo espec\u00edfico de beneficiarios no podr\u00e1 acceder a un apoyo particular pensado para el comienzo de clases, un refuerzo que suele ser clave para la compra de \u00fatiles, uniformes y materiales. Qu\u00e9 sector queda excluido es la pregunta que muchos se hacen.<\/p>\n<p>QU\u00c9 PERSONAS NO PUEDEN ACCEDER A LA AYUDA ESCOLAR DE ANSES EN 2026<\/p>\n<p>El beneficio est\u00e1 destinado exclusivamente a quienes ya cobran la Asignaci\u00f3n Universal por Hijo (AUH) o forman parte del sistema de Asignaciones Familiares para trabajadores en relaci\u00f3n de dependencia. Si una familia no se encuentra dentro de alguno de esos reg\u00edmenes, el refuerzo directamente no se otorga.<\/p>\n<p>Uno de los aspectos centrales para determinar el acceso es el nivel de ingresos declarados. Para 2026, la ANSES estableci\u00f3 un tope de $5.292.758 brutos como Ingreso del Grupo Familiar, mientras que ning\u00fan integrante puede superar los $2.646.379 brutos individuales. Si se excede cualquiera de esos l\u00edmites, el beneficio se interrumpe autom\u00e1ticamente.<\/p>\n<p>La edad del hijo tambi\u00e9n resulta determinante: el aporte se liquida por cada menor desde los 45 d\u00edas hasta los 17 a\u00f1os inclusive, siempre que concurra a una instituci\u00f3n educativa reconocida. Si el joven cumple 18 a\u00f1os antes de la fecha de acreditaci\u00f3n, el derecho se pierde aun cuando se cumplan los dem\u00e1s requisitos.<\/p>\n<p>Por \u00faltimo, no contar con una prestaci\u00f3n activa es motivo de exclusi\u00f3n. El refuerzo no es universal, sino que funciona como complemento de la AUH o de las asignaciones familiares; por lo tanto, quienes no perciben ninguno de esos beneficios no pueden acceder al pago.<\/p>\n<p>CU\u00c1L ES EL MONTO DE LA AYUDA ESCOLAR DE ANSES EN 2026<\/p>\n<p>Para el ciclo lectivo 2026, el monto fijado es de $85.000 por cada hijo. La suma tiene como objetivo aliviar los gastos vinculados al inicio de clases, como la compra de \u00fatiles, uniformes, libros y dem\u00e1s insumos escolares. Se trata de un pago anual que se liquida en una sola cuota y se deposita junto con la prestaci\u00f3n habitual.<\/p>\n<p>De esta manera, el esquema de liquidaci\u00f3n por grupo familiar queda conformado del siguiente modo:<\/p>\n<p> * Una familia con un hijo en edad escolar percibe $85.000.<br \/>\n * Si tiene dos hijos escolarizados, el total asciende a $170.000.<br \/>\n * En el caso de tres menores que cumplan los requisitos, el monto alcanza los $255.000.<\/p>\n","protected":false},"excerpt":{"rendered":"<p>Con el inicio del ciclo lectivo cada vez m\u00e1s cerca,<\/p>\n","protected":false},"author":0,"featured_media":12429,"comment_status":"","ping_status":"","sticky":false,"template":"","format":"standard","meta":{"footnotes":""},"categories":[65],"tags":[],"class_list":["post-12428","post","type-post","status-publish","format-standard","has-post-thumbnail","hentry","category-pais"],"yoast_head":"<!-- This site is optimized with the Yoast SEO plugin v27.4 - https:\/\/yoast.com\/product\/yoast-seo-wordpress\/ -->\n<title>Un grupo de ANSES queda excluido de un beneficio particular para el inicio de clases: cu\u00e1l es - Cuarteto en la Web<\/title>\n<meta name=\"robots\" content=\"index, follow, max-snippet:-1, max-image-preview:large, max-video-preview:-1\" \/>\n<link rel=\"canonical\" href=\"http:\/\/cuartetoenlaweb.com.ar\/sitio\/un-grupo-de-anses-queda-excluido-de-un-beneficio-particular-para-el-inicio-de-clases-cual-es\/\" \/>\n<meta property=\"og:locale\" content=\"es_ES\" \/>\n<meta property=\"og:type\" content=\"article\" \/>\n<meta property=\"og:title\" content=\"Un grupo de ANSES queda excluido de un beneficio particular para el inicio de clases: cu\u00e1l es - Cuarteto en la Web\" \/>\n<meta property=\"og:description\" content=\"Con el inicio del ciclo lectivo cada vez m\u00e1s cerca,\" \/>\n<meta property=\"og:url\" content=\"http:\/\/cuartetoenlaweb.com.ar\/sitio\/un-grupo-de-anses-queda-excluido-de-un-beneficio-particular-para-el-inicio-de-clases-cual-es\/\" \/>\n<meta property=\"og:site_name\" content=\"Cuarteto en la Web\" \/>\n<meta property=\"article:published_time\" content=\"2026-02-22T14:00:19+00:00\" \/>\n<meta property=\"og:image\" content=\"http:\/\/cuartetoenlaweb.com.ar\/sitio\/wp-content\/uploads\/2026\/02\/720-287.jpeg\" \/>\n\t<meta property=\"og:image:width\" content=\"1081\" \/>\n\t<meta property=\"og:image:height\" content=\"720\" \/>\n\t<meta property=\"og:image:type\" content=\"image\/jpeg\" \/>\n<meta name=\"twitter:card\" content=\"summary_large_image\" \/>\n<meta name=\"twitter:label1\" content=\"Tiempo de lectura\" \/>\n\t<meta name=\"twitter:data1\" content=\"2 minutos\" \/>\n<script type=\"application\/ld+json\" class=\"yoast-schema-graph\">{\"@context\":\"https:\\\/\\\/schema.org\",\"@graph\":[{\"@type\":\"Article\",\"@id\":\"http:\\\/\\\/cuartetoenlaweb.com.ar\\\/sitio\\\/un-grupo-de-anses-queda-excluido-de-un-beneficio-particular-para-el-inicio-de-clases-cual-es\\\/#article\",\"isPartOf\":{\"@id\":\"http:\\\/\\\/cuartetoenlaweb.com.ar\\\/sitio\\\/un-grupo-de-anses-queda-excluido-de-un-beneficio-particular-para-el-inicio-de-clases-cual-es\\\/\"},\"author\":{\"name\":\"\",\"@id\":\"\"},\"headline\":\"Un grupo de ANSES queda excluido de un beneficio particular para el inicio de clases: cu\u00e1l es\",\"datePublished\":\"2026-02-22T14:00:19+00:00\",\"mainEntityOfPage\":{\"@id\":\"http:\\\/\\\/cuartetoenlaweb.com.ar\\\/sitio\\\/un-grupo-de-anses-queda-excluido-de-un-beneficio-particular-para-el-inicio-de-clases-cual-es\\\/\"},\"wordCount\":450,\"publisher\":{\"@id\":\"http:\\\/\\\/cuartetoenlaweb.com.ar\\\/sitio\\\/#organization\"},\"image\":{\"@id\":\"http:\\\/\\\/cuartetoenlaweb.com.ar\\\/sitio\\\/un-grupo-de-anses-queda-excluido-de-un-beneficio-particular-para-el-inicio-de-clases-cual-es\\\/#primaryimage\"},\"thumbnailUrl\":\"https:\\\/\\\/cuartetoenlaweb.com.ar\\\/sitio\\\/wp-content\\\/uploads\\\/2026\\\/02\\\/720-287.jpeg\",\"articleSection\":[\"PAIS\"],\"inLanguage\":\"es\"},{\"@type\":\"WebPage\",\"@id\":\"http:\\\/\\\/cuartetoenlaweb.com.ar\\\/sitio\\\/un-grupo-de-anses-queda-excluido-de-un-beneficio-particular-para-el-inicio-de-clases-cual-es\\\/\",\"url\":\"http:\\\/\\\/cuartetoenlaweb.com.ar\\\/sitio\\\/un-grupo-de-anses-queda-excluido-de-un-beneficio-particular-para-el-inicio-de-clases-cual-es\\\/\",\"name\":\"Un grupo de ANSES queda excluido de un beneficio particular para el inicio de clases: cu\u00e1l es - Cuarteto en la Web\",\"isPartOf\":{\"@id\":\"http:\\\/\\\/cuartetoenlaweb.com.ar\\\/sitio\\\/#website\"},\"primaryImageOfPage\":{\"@id\":\"http:\\\/\\\/cuartetoenlaweb.com.ar\\\/sitio\\\/un-grupo-de-anses-queda-excluido-de-un-beneficio-particular-para-el-inicio-de-clases-cual-es\\\/#primaryimage\"},\"image\":{\"@id\":\"http:\\\/\\\/cuartetoenlaweb.com.ar\\\/sitio\\\/un-grupo-de-anses-queda-excluido-de-un-beneficio-particular-para-el-inicio-de-clases-cual-es\\\/#primaryimage\"},\"thumbnailUrl\":\"https:\\\/\\\/cuartetoenlaweb.com.ar\\\/sitio\\\/wp-content\\\/uploads\\\/2026\\\/02\\\/720-287.jpeg\",\"datePublished\":\"2026-02-22T14:00:19+00:00\",\"breadcrumb\":{\"@id\":\"http:\\\/\\\/cuartetoenlaweb.com.ar\\\/sitio\\\/un-grupo-de-anses-queda-excluido-de-un-beneficio-particular-para-el-inicio-de-clases-cual-es\\\/#breadcrumb\"},\"inLanguage\":\"es\",\"potentialAction\":[{\"@type\":\"ReadAction\",\"target\":[\"http:\\\/\\\/cuartetoenlaweb.com.ar\\\/sitio\\\/un-grupo-de-anses-queda-excluido-de-un-beneficio-particular-para-el-inicio-de-clases-cual-es\\\/\"]}]},{\"@type\":\"ImageObject\",\"inLanguage\":\"es\",\"@id\":\"http:\\\/\\\/cuartetoenlaweb.com.ar\\\/sitio\\\/un-grupo-de-anses-queda-excluido-de-un-beneficio-particular-para-el-inicio-de-clases-cual-es\\\/#primaryimage\",\"url\":\"https:\\\/\\\/cuartetoenlaweb.com.ar\\\/sitio\\\/wp-content\\\/uploads\\\/2026\\\/02\\\/720-287.jpeg\",\"contentUrl\":\"https:\\\/\\\/cuartetoenlaweb.com.ar\\\/sitio\\\/wp-content\\\/uploads\\\/2026\\\/02\\\/720-287.jpeg\",\"width\":1081,\"height\":720},{\"@type\":\"BreadcrumbList\",\"@id\":\"http:\\\/\\\/cuartetoenlaweb.com.ar\\\/sitio\\\/un-grupo-de-anses-queda-excluido-de-un-beneficio-particular-para-el-inicio-de-clases-cual-es\\\/#breadcrumb\",\"itemListElement\":[{\"@type\":\"ListItem\",\"position\":1,\"name\":\"Portada\",\"item\":\"http:\\\/\\\/cuartetoenlaweb.com.ar\\\/sitio\\\/\"},{\"@type\":\"ListItem\",\"position\":2,\"name\":\"Un grupo de ANSES queda excluido de un beneficio particular para el inicio de clases: cu\u00e1l es\"}]},{\"@type\":\"WebSite\",\"@id\":\"http:\\\/\\\/cuartetoenlaweb.com.ar\\\/sitio\\\/#website\",\"url\":\"http:\\\/\\\/cuartetoenlaweb.com.ar\\\/sitio\\\/\",\"name\":\"Cuarteto en la Web\",\"description\":\"\",\"publisher\":{\"@id\":\"http:\\\/\\\/cuartetoenlaweb.com.ar\\\/sitio\\\/#organization\"},\"potentialAction\":[{\"@type\":\"SearchAction\",\"target\":{\"@type\":\"EntryPoint\",\"urlTemplate\":\"http:\\\/\\\/cuartetoenlaweb.com.ar\\\/sitio\\\/?s={search_term_string}\"},\"query-input\":{\"@type\":\"PropertyValueSpecification\",\"valueRequired\":true,\"valueName\":\"search_term_string\"}}],\"inLanguage\":\"es\"},{\"@type\":\"Organization\",\"@id\":\"http:\\\/\\\/cuartetoenlaweb.com.ar\\\/sitio\\\/#organization\",\"name\":\"Cuarteto en la Web\",\"url\":\"http:\\\/\\\/cuartetoenlaweb.com.ar\\\/sitio\\\/\",\"logo\":{\"@type\":\"ImageObject\",\"inLanguage\":\"es\",\"@id\":\"http:\\\/\\\/cuartetoenlaweb.com.ar\\\/sitio\\\/#\\\/schema\\\/logo\\\/image\\\/\",\"url\":\"https:\\\/\\\/cuartetoenlaweb.com.ar\\\/sitio\\\/wp-content\\\/uploads\\\/2025\\\/07\\\/cropped-cropped-logitoweb21.png\",\"contentUrl\":\"https:\\\/\\\/cuartetoenlaweb.com.ar\\\/sitio\\\/wp-content\\\/uploads\\\/2025\\\/07\\\/cropped-cropped-logitoweb21.png\",\"width\":199,\"height\":199,\"caption\":\"Cuarteto en la Web\"},\"image\":{\"@id\":\"http:\\\/\\\/cuartetoenlaweb.com.ar\\\/sitio\\\/#\\\/schema\\\/logo\\\/image\\\/\"}}]}<\/script>\n<!-- \/ Yoast SEO plugin. -->","yoast_head_json":{"title":"Un grupo de ANSES queda excluido de un beneficio particular para el inicio de clases: cu\u00e1l es - Cuarteto en la Web","robots":{"index":"index","follow":"follow","max-snippet":"max-snippet:-1","max-image-preview":"max-image-preview:large","max-video-preview":"max-video-preview:-1"},"canonical":"http:\/\/cuartetoenlaweb.com.ar\/sitio\/un-grupo-de-anses-queda-excluido-de-un-beneficio-particular-para-el-inicio-de-clases-cual-es\/","og_locale":"es_ES","og_type":"article","og_title":"Un grupo de ANSES queda excluido de un beneficio particular para el inicio de clases: cu\u00e1l es - Cuarteto en la Web","og_description":"Con el inicio del ciclo lectivo cada vez m\u00e1s cerca,","og_url":"http:\/\/cuartetoenlaweb.com.ar\/sitio\/un-grupo-de-anses-queda-excluido-de-un-beneficio-particular-para-el-inicio-de-clases-cual-es\/","og_site_name":"Cuarteto en la Web","article_published_time":"2026-02-22T14:00:19+00:00","og_image":[{"width":1081,"height":720,"url":"http:\/\/cuartetoenlaweb.com.ar\/sitio\/wp-content\/uploads\/2026\/02\/720-287.jpeg","type":"image\/jpeg"}],"twitter_card":"summary_large_image","twitter_misc":{"Tiempo de lectura":"2 minutos"},"schema":{"@context":"https:\/\/schema.org","@graph":[{"@type":"Article","@id":"http:\/\/cuartetoenlaweb.com.ar\/sitio\/un-grupo-de-anses-queda-excluido-de-un-beneficio-particular-para-el-inicio-de-clases-cual-es\/#article","isPartOf":{"@id":"http:\/\/cuartetoenlaweb.com.ar\/sitio\/un-grupo-de-anses-queda-excluido-de-un-beneficio-particular-para-el-inicio-de-clases-cual-es\/"},"author":{"name":"","@id":""},"headline":"Un grupo de ANSES queda excluido de un beneficio particular para el inicio de clases: cu\u00e1l es","datePublished":"2026-02-22T14:00:19+00:00","mainEntityOfPage":{"@id":"http:\/\/cuartetoenlaweb.com.ar\/sitio\/un-grupo-de-anses-queda-excluido-de-un-beneficio-particular-para-el-inicio-de-clases-cual-es\/"},"wordCount":450,"publisher":{"@id":"http:\/\/cuartetoenlaweb.com.ar\/sitio\/#organization"},"image":{"@id":"http:\/\/cuartetoenlaweb.com.ar\/sitio\/un-grupo-de-anses-queda-excluido-de-un-beneficio-particular-para-el-inicio-de-clases-cual-es\/#primaryimage"},"thumbnailUrl":"https:\/\/cuartetoenlaweb.com.ar\/sitio\/wp-content\/uploads\/2026\/02\/720-287.jpeg","articleSection":["PAIS"],"inLanguage":"es"},{"@type":"WebPage","@id":"http:\/\/cuartetoenlaweb.com.ar\/sitio\/un-grupo-de-anses-queda-excluido-de-un-beneficio-particular-para-el-inicio-de-clases-cual-es\/","url":"http:\/\/cuartetoenlaweb.com.ar\/sitio\/un-grupo-de-anses-queda-excluido-de-un-beneficio-particular-para-el-inicio-de-clases-cual-es\/","name":"Un grupo de ANSES queda excluido de un beneficio particular para el inicio de clases: cu\u00e1l es - Cuarteto en la Web","isPartOf":{"@id":"http:\/\/cuartetoenlaweb.com.ar\/sitio\/#website"},"primaryImageOfPage":{"@id":"http:\/\/cuartetoenlaweb.com.ar\/sitio\/un-grupo-de-anses-queda-excluido-de-un-beneficio-particular-para-el-inicio-de-clases-cual-es\/#primaryimage"},"image":{"@id":"http:\/\/cuartetoenlaweb.com.ar\/sitio\/un-grupo-de-anses-queda-excluido-de-un-beneficio-particular-para-el-inicio-de-clases-cual-es\/#primaryimage"},"thumbnailUrl":"https:\/\/cuartetoenlaweb.com.ar\/sitio\/wp-content\/uploads\/2026\/02\/720-287.jpeg","datePublished":"2026-02-22T14:00:19+00:00","breadcrumb":{"@id":"http:\/\/cuartetoenlaweb.com.ar\/sitio\/un-grupo-de-anses-queda-excluido-de-un-beneficio-particular-para-el-inicio-de-clases-cual-es\/#breadcrumb"},"inLanguage":"es","potentialAction":[{"@type":"ReadAction","target":["http:\/\/cuartetoenlaweb.com.ar\/sitio\/un-grupo-de-anses-queda-excluido-de-un-beneficio-particular-para-el-inicio-de-clases-cual-es\/"]}]},{"@type":"ImageObject","inLanguage":"es","@id":"http:\/\/cuartetoenlaweb.com.ar\/sitio\/un-grupo-de-anses-queda-excluido-de-un-beneficio-particular-para-el-inicio-de-clases-cual-es\/#primaryimage","url":"https:\/\/cuartetoenlaweb.com.ar\/sitio\/wp-content\/uploads\/2026\/02\/720-287.jpeg","contentUrl":"https:\/\/cuartetoenlaweb.com.ar\/sitio\/wp-content\/uploads\/2026\/02\/720-287.jpeg","width":1081,"height":720},{"@type":"BreadcrumbList","@id":"http:\/\/cuartetoenlaweb.com.ar\/sitio\/un-grupo-de-anses-queda-excluido-de-un-beneficio-particular-para-el-inicio-de-clases-cual-es\/#breadcrumb","itemListElement":[{"@type":"ListItem","position":1,"name":"Portada","item":"http:\/\/cuartetoenlaweb.com.ar\/sitio\/"},{"@type":"ListItem","position":2,"name":"Un grupo de ANSES queda excluido de un beneficio particular para el inicio de clases: cu\u00e1l es"}]},{"@type":"WebSite","@id":"http:\/\/cuartetoenlaweb.com.ar\/sitio\/#website","url":"http:\/\/cuartetoenlaweb.com.ar\/sitio\/","name":"Cuarteto en la Web","description":"","publisher":{"@id":"http:\/\/cuartetoenlaweb.com.ar\/sitio\/#organization"},"potentialAction":[{"@type":"SearchAction","target":{"@type":"EntryPoint","urlTemplate":"http:\/\/cuartetoenlaweb.com.ar\/sitio\/?s={search_term_string}"},"query-input":{"@type":"PropertyValueSpecification","valueRequired":true,"valueName":"search_term_string"}}],"inLanguage":"es"},{"@type":"Organization","@id":"http:\/\/cuartetoenlaweb.com.ar\/sitio\/#organization","name":"Cuarteto en la Web","url":"http:\/\/cuartetoenlaweb.com.ar\/sitio\/","logo":{"@type":"ImageObject","inLanguage":"es","@id":"http:\/\/cuartetoenlaweb.com.ar\/sitio\/#\/schema\/logo\/image\/","url":"https:\/\/cuartetoenlaweb.com.ar\/sitio\/wp-content\/uploads\/2025\/07\/cropped-cropped-logitoweb21.png","contentUrl":"https:\/\/cuartetoenlaweb.com.ar\/sitio\/wp-content\/uploads\/2025\/07\/cropped-cropped-logitoweb21.png","width":199,"height":199,"caption":"Cuarteto en la Web"},"image":{"@id":"http:\/\/cuartetoenlaweb.com.ar\/sitio\/#\/schema\/logo\/image\/"}}]}},"_links":{"self":[{"href":"https:\/\/cuartetoenlaweb.com.ar\/sitio\/wp-json\/wp\/v2\/posts\/12428","targetHints":{"allow":["GET"]}}],"collection":[{"href":"https:\/\/cuartetoenlaweb.com.ar\/sitio\/wp-json\/wp\/v2\/posts"}],"about":[{"href":"https:\/\/cuartetoenlaweb.com.ar\/sitio\/wp-json\/wp\/v2\/types\/post"}],"replies":[{"embeddable":true,"href":"https:\/\/cuartetoenlaweb.com.ar\/sitio\/wp-json\/wp\/v2\/comments?post=12428"}],"version-history":[{"count":0,"href":"https:\/\/cuartetoenlaweb.com.ar\/sitio\/wp-json\/wp\/v2\/posts\/12428\/revisions"}],"wp:featuredmedia":[{"embeddable":true,"href":"https:\/\/cuartetoenlaweb.com.ar\/sitio\/wp-json\/wp\/v2\/media\/12429"}],"wp:attachment":[{"href":"https:\/\/cuartetoenlaweb.com.ar\/sitio\/wp-json\/wp\/v2\/media?parent=12428"}],"wp:term":[{"taxonomy":"category","embeddable":true,"href":"https:\/\/cuartetoenlaweb.com.ar\/sitio\/wp-json\/wp\/v2\/categories?post=12428"},{"taxonomy":"post_tag","embeddable":true,"href":"https:\/\/cuartetoenlaweb.com.ar\/sitio\/wp-json\/wp\/v2\/tags?post=12428"}],"curies":[{"name":"wp","href":"https:\/\/api.w.org\/{rel}","templated":true}]}}