
{"id":12425,"date":"2026-02-22T09:00:25","date_gmt":"2026-02-22T12:00:25","guid":{"rendered":"https:\/\/cuartetoenlaweb.com.ar\/sitio\/nuevo-paro-de-controladores-aereos-los-vuelos-afectados-a-partir-del-26-de-febrero-y-por-5-dias\/"},"modified":"2026-02-22T09:00:25","modified_gmt":"2026-02-22T12:00:25","slug":"nuevo-paro-de-controladores-aereos-los-vuelos-afectados-a-partir-del-26-de-febrero-y-por-5-dias","status":"publish","type":"post","link":"https:\/\/cuartetoenlaweb.com.ar\/sitio\/nuevo-paro-de-controladores-aereos-los-vuelos-afectados-a-partir-del-26-de-febrero-y-por-5-dias\/","title":{"rendered":"Nuevo paro de controladores a\u00e9reos: los vuelos afectados a partir del 26 de febrero y por 5 d\u00edas"},"content":{"rendered":"<p>La Asociaci\u00f3n T\u00e9cnicos y Empleados de Protecci\u00f3n y Seguridad a la Aeronavegaci\u00f3n (<b>ATEPSA<\/b>), que nuclea a los<b> <\/b><a href=\"https:\/\/www.cronista.com\/tema\/controladores-aereos\/\" target=\"_blank\" rel=\"\" title=\"https:\/\/www.cronista.com\/tema\/controladores-aereos\/\"><b>controladores a\u00e9reos<\/b><\/a>, anunci\u00f3 un<b> nuevo cronograma de paros que se extender\u00e1 por 5 d\u00edas en todos los aeropuertos del pa\u00eds<\/b>. <\/p>\n<p>La medida de fuerza <b>comenzar\u00e1 el pr\u00f3ximo jueves 26 de febrero y se extender\u00e1 hasta el martes 2 de marzo<\/b>, en una modalidad escalonada que, si bien no paralizar\u00e1 la actividad aerocomercial, impactar\u00e1 en los vuelos programados, tanto de cabotaje como internacionales, ya que<b> se van a restringir las autorizaciones de salida en franjas horarias espec\u00edficas.<\/b><\/p>\n<p>Por eso, se esperan <b>demoras, reprogramaciones, cambios de itinerarios y no se descartan cancelaciones<\/b>, sumando presi\u00f3n al sector <a href=\"https:\/\/www.cronista.com\/economia-politica\/paro-de-la-cgt-la-central-obrera-celebro-el-alto-acatamiento-y-afirmo-que-se-detuvo-mas-del-90-de-la-actividad\/\" target=\"_blank\" rel=\"\" title=\"https:\/\/www.cronista.com\/economia-politica\/paro-de-la-cgt-la-central-obrera-celebro-el-alto-acatamiento-y-afirmo-que-se-detuvo-mas-del-90-de-la-actividad\/\">a una semana del paro general de la CGT<\/a> que, debido a la adhesi\u00f3n de los gremios a\u00e9reos, impact\u00f3 a m\u00e1s de 65.000 pasajeros. <\/p>\n<h2>Nuevo paro de controladores a\u00e9reos: c\u00f3mo es el cronograma de vuelos afectados a partir del 26 de febrero y hasta el 2 de marzo<\/h2>\n<h3>Jueves 26 (15:00 a 18:00) <\/h3>\n<p>Afecta a toda la aviaci\u00f3n, en todos los aeropuertos y categor\u00edas del pa\u00eds.<\/p>\n<h3>Viernes 27 (19:00 a 22:00)<\/h3>\n<p>Misma modalidad, aplicada a toda la aviaci\u00f3n.<\/p>\n<h3>S\u00e1bado 28 (13:00 a 16:00)<\/h3>\n<p>Afecta exclusivamente a la \u201caviaci\u00f3n general y no regular\u201d, es decir, vuelos privados, taxis a\u00e9reos y operaciones no comerciales.<\/p>\n<h3>Domingo 1\u00b0 de marzo (09:00 a 12:00) <\/h3>\n<p>Afecta a la aviaci\u00f3n comercial regular con destino nacional.<\/p>\n<h3>Lunes 2 de marzo (05:00 a 08:00)<\/h3>\n<p>Afecta nuevamente a toda la aviaci\u00f3n.<\/p>\n<p><img loading=\"lazy\" decoding=\"async\" src=\"https:\/\/www.cronista.com\/resizer\/v2\/CMHGX65PBFC3LKG45GWGVF64M4.jpg?auth=89a835b364cd6ae32be9e733c10c92d00426e15bcaff4184a6529416e2af0808&amp;smart=true&amp;width=2048&amp;height=1846\" alt=\"\" height=\"1846\" width=\"2048\" \/><\/p>\n<p>En todos los casos, la medida afecta exclusivamente las <b>autorizaciones de despegue<\/b>: las aeronaves ya en vuelo no se ven interrumpidas. Adem\u00e1s, durante los horarios de huelga no se recibir\u00e1n ni transmitir\u00e1n planes de vuelo.<\/p>\n<p>Quedan <b>exceptuadas<\/b> de cualquier restricci\u00f3n las aeronaves en situaci\u00f3n de emergencia y las que presten servicios sanitarios, humanitarios, de Estado o de b\u00fasqueda y salvamento.<\/p>\n<h2>Por qu\u00e9 paran los controladores a\u00e9reos<\/h2>\n<p>El plan de acci\u00f3n de ATEPSA fue comunicado luego de que el gremio diera por agotadas las instancias de di\u00e1logo con la Empresa Argentina de Navegaci\u00f3n A\u00e9rea (EANA), a m\u00e1s de 20 d\u00edas de finalizada la <a href=\"https:\/\/www.cronista.com\/economia-politica\/paro-de-controladores-aereos-que-medidas-anuncio-el-gremio-tras-el-fin-de-la-conciliacion\/\" target=\"_blank\" rel=\"\" title=\"https:\/\/www.cronista.com\/economia-politica\/paro-de-controladores-aereos-que-medidas-anuncio-el-gremio-tras-el-fin-de-la-conciliacion\/\">conciliaci\u00f3n obligatoria dictada por el Gobierno.<\/a> El gremio acusa a la empresa estatal de\u00a0<b>no haber presentado \u201cuna respuesta<\/b>\u00a0integral al conflicto\u201d durante el per\u00edodo de negociaci\u00f3n. <\/p>\n<p><b>El conflicto<\/b> entre el gremio ATEPSA, que nuclea a los controladores a\u00e9reos, y la empresa estatal EANA <b>arrastra meses de tensi\u00f3n.<\/b> En agosto del a\u00f1o pasado, las partes acordaron un aumento del 15% en cuatro tramos, lo que permiti\u00f3 una suspensi\u00f3n temporal de las protestas. El actual reclamo combina denuncias sobre el incumplimiento del Convenio Colectivo de Trabajo (CCT) y una p\u00e9rdida sostenida del poder adquisitivo de sus trabajadores.<\/p>\n<p><img loading=\"lazy\" decoding=\"async\" src=\"https:\/\/www.cronista.com\/resizer\/v2\/3FXAGZ22BJD4DEZ6RTCYZ3UCMU.jpg?auth=cb336afe9b49ee21562116900982f8091f1805b4ba080735631b1c79bc65bc7e&amp;smart=true&amp;width=1920&amp;height=1080\" alt=\"\" height=\"1080\" width=\"1920\" \/><\/p>\n<p>Desde la empresa estatal, en tanto, la postura es firme. EANA enfatiza que los servicios de navegaci\u00f3n a\u00e9rea est\u00e1n catalogados como esenciales por ley, adem\u00e1s de recordar que <b>los controladores cumplen una funci\u00f3n cr\u00edtica<\/b>\u00a0en el sistema de transporte a\u00e9reo:\u00a0<b>son los responsables de autorizar despegues y aterrizajes<\/b>,\u00a0<b>ordenar el tr\u00e1nsito de aeronaves en el espacio a\u00e9reo y garantizar que las operaciones se realicen bajo estrictos est\u00e1ndares de seguridad<\/b>. <\/p>\n<p>Por ello, durante las etapas anteriores del conflicto, la empresa estatal denunci\u00f3 que\u00a0<b>algunas acciones gremiales comprometieron la seguridad operacional<\/b>, tanto en tierra como en vuelo, y present\u00f3 una denuncia penal ante la Justicia federal.<\/p>\n","protected":false},"excerpt":{"rendered":"<p>La Asociaci\u00f3n T\u00e9cnicos y Empleados de Protecci\u00f3n y Seguridad a<\/p>\n","protected":false},"author":0,"featured_media":0,"comment_status":"","ping_status":"","sticky":false,"template":"","format":"standard","meta":{"footnotes":""},"categories":[65],"tags":[],"class_list":["post-12425","post","type-post","status-publish","format-standard","hentry","category-pais"],"yoast_head":"<!-- This site is optimized with the Yoast SEO plugin v27.4 - https:\/\/yoast.com\/product\/yoast-seo-wordpress\/ -->\n<title>Nuevo paro de controladores a\u00e9reos: los vuelos afectados a partir del 26 de febrero y por 5 d\u00edas - Cuarteto en la Web<\/title>\n<meta name=\"robots\" content=\"index, follow, max-snippet:-1, max-image-preview:large, max-video-preview:-1\" \/>\n<link rel=\"canonical\" href=\"https:\/\/cuartetoenlaweb.com.ar\/sitio\/nuevo-paro-de-controladores-aereos-los-vuelos-afectados-a-partir-del-26-de-febrero-y-por-5-dias\/\" \/>\n<meta property=\"og:locale\" content=\"es_ES\" \/>\n<meta property=\"og:type\" content=\"article\" \/>\n<meta property=\"og:title\" content=\"Nuevo paro de controladores a\u00e9reos: los vuelos afectados a partir del 26 de febrero y por 5 d\u00edas - Cuarteto en la Web\" \/>\n<meta property=\"og:description\" content=\"La Asociaci\u00f3n T\u00e9cnicos y Empleados de Protecci\u00f3n y Seguridad a\" \/>\n<meta property=\"og:url\" content=\"https:\/\/cuartetoenlaweb.com.ar\/sitio\/nuevo-paro-de-controladores-aereos-los-vuelos-afectados-a-partir-del-26-de-febrero-y-por-5-dias\/\" \/>\n<meta property=\"og:site_name\" content=\"Cuarteto en la Web\" \/>\n<meta property=\"article:published_time\" content=\"2026-02-22T12:00:25+00:00\" \/>\n<meta property=\"og:image\" content=\"https:\/\/www.cronista.com\/resizer\/v2\/CMHGX65PBFC3LKG45GWGVF64M4.jpg?auth=89a835b364cd6ae32be9e733c10c92d00426e15bcaff4184a6529416e2af0808&amp;smart=true&amp;width=2048&amp;height=1846\" \/>\n<meta name=\"twitter:card\" content=\"summary_large_image\" \/>\n<meta name=\"twitter:label1\" content=\"Tiempo de lectura\" \/>\n\t<meta name=\"twitter:data1\" content=\"3 minutos\" \/>\n<script type=\"application\/ld+json\" class=\"yoast-schema-graph\">{\"@context\":\"https:\\\/\\\/schema.org\",\"@graph\":[{\"@type\":\"Article\",\"@id\":\"https:\\\/\\\/cuartetoenlaweb.com.ar\\\/sitio\\\/nuevo-paro-de-controladores-aereos-los-vuelos-afectados-a-partir-del-26-de-febrero-y-por-5-dias\\\/#article\",\"isPartOf\":{\"@id\":\"https:\\\/\\\/cuartetoenlaweb.com.ar\\\/sitio\\\/nuevo-paro-de-controladores-aereos-los-vuelos-afectados-a-partir-del-26-de-febrero-y-por-5-dias\\\/\"},\"author\":{\"name\":\"\",\"@id\":\"\"},\"headline\":\"Nuevo paro de controladores a\u00e9reos: los vuelos afectados a partir del 26 de febrero y por 5 d\u00edas\",\"datePublished\":\"2026-02-22T12:00:25+00:00\",\"mainEntityOfPage\":{\"@id\":\"https:\\\/\\\/cuartetoenlaweb.com.ar\\\/sitio\\\/nuevo-paro-de-controladores-aereos-los-vuelos-afectados-a-partir-del-26-de-febrero-y-por-5-dias\\\/\"},\"wordCount\":594,\"publisher\":{\"@id\":\"http:\\\/\\\/cuartetoenlaweb.com.ar\\\/sitio\\\/#organization\"},\"image\":{\"@id\":\"https:\\\/\\\/cuartetoenlaweb.com.ar\\\/sitio\\\/nuevo-paro-de-controladores-aereos-los-vuelos-afectados-a-partir-del-26-de-febrero-y-por-5-dias\\\/#primaryimage\"},\"thumbnailUrl\":\"https:\\\/\\\/www.cronista.com\\\/resizer\\\/v2\\\/CMHGX65PBFC3LKG45GWGVF64M4.jpg?auth=89a835b364cd6ae32be9e733c10c92d00426e15bcaff4184a6529416e2af0808&amp;smart=true&amp;width=2048&amp;height=1846\",\"articleSection\":[\"PAIS\"],\"inLanguage\":\"es\"},{\"@type\":\"WebPage\",\"@id\":\"https:\\\/\\\/cuartetoenlaweb.com.ar\\\/sitio\\\/nuevo-paro-de-controladores-aereos-los-vuelos-afectados-a-partir-del-26-de-febrero-y-por-5-dias\\\/\",\"url\":\"https:\\\/\\\/cuartetoenlaweb.com.ar\\\/sitio\\\/nuevo-paro-de-controladores-aereos-los-vuelos-afectados-a-partir-del-26-de-febrero-y-por-5-dias\\\/\",\"name\":\"Nuevo paro de controladores a\u00e9reos: los vuelos afectados a partir del 26 de febrero y por 5 d\u00edas - Cuarteto en la Web\",\"isPartOf\":{\"@id\":\"http:\\\/\\\/cuartetoenlaweb.com.ar\\\/sitio\\\/#website\"},\"primaryImageOfPage\":{\"@id\":\"https:\\\/\\\/cuartetoenlaweb.com.ar\\\/sitio\\\/nuevo-paro-de-controladores-aereos-los-vuelos-afectados-a-partir-del-26-de-febrero-y-por-5-dias\\\/#primaryimage\"},\"image\":{\"@id\":\"https:\\\/\\\/cuartetoenlaweb.com.ar\\\/sitio\\\/nuevo-paro-de-controladores-aereos-los-vuelos-afectados-a-partir-del-26-de-febrero-y-por-5-dias\\\/#primaryimage\"},\"thumbnailUrl\":\"https:\\\/\\\/www.cronista.com\\\/resizer\\\/v2\\\/CMHGX65PBFC3LKG45GWGVF64M4.jpg?auth=89a835b364cd6ae32be9e733c10c92d00426e15bcaff4184a6529416e2af0808&amp;smart=true&amp;width=2048&amp;height=1846\",\"datePublished\":\"2026-02-22T12:00:25+00:00\",\"breadcrumb\":{\"@id\":\"https:\\\/\\\/cuartetoenlaweb.com.ar\\\/sitio\\\/nuevo-paro-de-controladores-aereos-los-vuelos-afectados-a-partir-del-26-de-febrero-y-por-5-dias\\\/#breadcrumb\"},\"inLanguage\":\"es\",\"potentialAction\":[{\"@type\":\"ReadAction\",\"target\":[\"https:\\\/\\\/cuartetoenlaweb.com.ar\\\/sitio\\\/nuevo-paro-de-controladores-aereos-los-vuelos-afectados-a-partir-del-26-de-febrero-y-por-5-dias\\\/\"]}]},{\"@type\":\"ImageObject\",\"inLanguage\":\"es\",\"@id\":\"https:\\\/\\\/cuartetoenlaweb.com.ar\\\/sitio\\\/nuevo-paro-de-controladores-aereos-los-vuelos-afectados-a-partir-del-26-de-febrero-y-por-5-dias\\\/#primaryimage\",\"url\":\"https:\\\/\\\/www.cronista.com\\\/resizer\\\/v2\\\/CMHGX65PBFC3LKG45GWGVF64M4.jpg?auth=89a835b364cd6ae32be9e733c10c92d00426e15bcaff4184a6529416e2af0808&amp;smart=true&amp;width=2048&amp;height=1846\",\"contentUrl\":\"https:\\\/\\\/www.cronista.com\\\/resizer\\\/v2\\\/CMHGX65PBFC3LKG45GWGVF64M4.jpg?auth=89a835b364cd6ae32be9e733c10c92d00426e15bcaff4184a6529416e2af0808&amp;smart=true&amp;width=2048&amp;height=1846\"},{\"@type\":\"BreadcrumbList\",\"@id\":\"https:\\\/\\\/cuartetoenlaweb.com.ar\\\/sitio\\\/nuevo-paro-de-controladores-aereos-los-vuelos-afectados-a-partir-del-26-de-febrero-y-por-5-dias\\\/#breadcrumb\",\"itemListElement\":[{\"@type\":\"ListItem\",\"position\":1,\"name\":\"Portada\",\"item\":\"http:\\\/\\\/cuartetoenlaweb.com.ar\\\/sitio\\\/\"},{\"@type\":\"ListItem\",\"position\":2,\"name\":\"Nuevo paro de controladores a\u00e9reos: los vuelos afectados a partir del 26 de febrero y por 5 d\u00edas\"}]},{\"@type\":\"WebSite\",\"@id\":\"http:\\\/\\\/cuartetoenlaweb.com.ar\\\/sitio\\\/#website\",\"url\":\"http:\\\/\\\/cuartetoenlaweb.com.ar\\\/sitio\\\/\",\"name\":\"Cuarteto en la Web\",\"description\":\"\",\"publisher\":{\"@id\":\"http:\\\/\\\/cuartetoenlaweb.com.ar\\\/sitio\\\/#organization\"},\"potentialAction\":[{\"@type\":\"SearchAction\",\"target\":{\"@type\":\"EntryPoint\",\"urlTemplate\":\"http:\\\/\\\/cuartetoenlaweb.com.ar\\\/sitio\\\/?s={search_term_string}\"},\"query-input\":{\"@type\":\"PropertyValueSpecification\",\"valueRequired\":true,\"valueName\":\"search_term_string\"}}],\"inLanguage\":\"es\"},{\"@type\":\"Organization\",\"@id\":\"http:\\\/\\\/cuartetoenlaweb.com.ar\\\/sitio\\\/#organization\",\"name\":\"Cuarteto en la Web\",\"url\":\"http:\\\/\\\/cuartetoenlaweb.com.ar\\\/sitio\\\/\",\"logo\":{\"@type\":\"ImageObject\",\"inLanguage\":\"es\",\"@id\":\"http:\\\/\\\/cuartetoenlaweb.com.ar\\\/sitio\\\/#\\\/schema\\\/logo\\\/image\\\/\",\"url\":\"https:\\\/\\\/cuartetoenlaweb.com.ar\\\/sitio\\\/wp-content\\\/uploads\\\/2025\\\/07\\\/cropped-cropped-logitoweb21.png\",\"contentUrl\":\"https:\\\/\\\/cuartetoenlaweb.com.ar\\\/sitio\\\/wp-content\\\/uploads\\\/2025\\\/07\\\/cropped-cropped-logitoweb21.png\",\"width\":199,\"height\":199,\"caption\":\"Cuarteto en la Web\"},\"image\":{\"@id\":\"http:\\\/\\\/cuartetoenlaweb.com.ar\\\/sitio\\\/#\\\/schema\\\/logo\\\/image\\\/\"}}]}<\/script>\n<!-- \/ Yoast SEO plugin. -->","yoast_head_json":{"title":"Nuevo paro de controladores a\u00e9reos: los vuelos afectados a partir del 26 de febrero y por 5 d\u00edas - Cuarteto en la Web","robots":{"index":"index","follow":"follow","max-snippet":"max-snippet:-1","max-image-preview":"max-image-preview:large","max-video-preview":"max-video-preview:-1"},"canonical":"https:\/\/cuartetoenlaweb.com.ar\/sitio\/nuevo-paro-de-controladores-aereos-los-vuelos-afectados-a-partir-del-26-de-febrero-y-por-5-dias\/","og_locale":"es_ES","og_type":"article","og_title":"Nuevo paro de controladores a\u00e9reos: los vuelos afectados a partir del 26 de febrero y por 5 d\u00edas - Cuarteto en la Web","og_description":"La Asociaci\u00f3n T\u00e9cnicos y Empleados de Protecci\u00f3n y Seguridad a","og_url":"https:\/\/cuartetoenlaweb.com.ar\/sitio\/nuevo-paro-de-controladores-aereos-los-vuelos-afectados-a-partir-del-26-de-febrero-y-por-5-dias\/","og_site_name":"Cuarteto en la Web","article_published_time":"2026-02-22T12:00:25+00:00","og_image":[{"url":"https:\/\/www.cronista.com\/resizer\/v2\/CMHGX65PBFC3LKG45GWGVF64M4.jpg?auth=89a835b364cd6ae32be9e733c10c92d00426e15bcaff4184a6529416e2af0808&amp;smart=true&amp;width=2048&amp;height=1846","type":"","width":"","height":""}],"twitter_card":"summary_large_image","twitter_misc":{"Tiempo de lectura":"3 minutos"},"schema":{"@context":"https:\/\/schema.org","@graph":[{"@type":"Article","@id":"https:\/\/cuartetoenlaweb.com.ar\/sitio\/nuevo-paro-de-controladores-aereos-los-vuelos-afectados-a-partir-del-26-de-febrero-y-por-5-dias\/#article","isPartOf":{"@id":"https:\/\/cuartetoenlaweb.com.ar\/sitio\/nuevo-paro-de-controladores-aereos-los-vuelos-afectados-a-partir-del-26-de-febrero-y-por-5-dias\/"},"author":{"name":"","@id":""},"headline":"Nuevo paro de controladores a\u00e9reos: los vuelos afectados a partir del 26 de febrero y por 5 d\u00edas","datePublished":"2026-02-22T12:00:25+00:00","mainEntityOfPage":{"@id":"https:\/\/cuartetoenlaweb.com.ar\/sitio\/nuevo-paro-de-controladores-aereos-los-vuelos-afectados-a-partir-del-26-de-febrero-y-por-5-dias\/"},"wordCount":594,"publisher":{"@id":"http:\/\/cuartetoenlaweb.com.ar\/sitio\/#organization"},"image":{"@id":"https:\/\/cuartetoenlaweb.com.ar\/sitio\/nuevo-paro-de-controladores-aereos-los-vuelos-afectados-a-partir-del-26-de-febrero-y-por-5-dias\/#primaryimage"},"thumbnailUrl":"https:\/\/www.cronista.com\/resizer\/v2\/CMHGX65PBFC3LKG45GWGVF64M4.jpg?auth=89a835b364cd6ae32be9e733c10c92d00426e15bcaff4184a6529416e2af0808&amp;smart=true&amp;width=2048&amp;height=1846","articleSection":["PAIS"],"inLanguage":"es"},{"@type":"WebPage","@id":"https:\/\/cuartetoenlaweb.com.ar\/sitio\/nuevo-paro-de-controladores-aereos-los-vuelos-afectados-a-partir-del-26-de-febrero-y-por-5-dias\/","url":"https:\/\/cuartetoenlaweb.com.ar\/sitio\/nuevo-paro-de-controladores-aereos-los-vuelos-afectados-a-partir-del-26-de-febrero-y-por-5-dias\/","name":"Nuevo paro de controladores a\u00e9reos: los vuelos afectados a partir del 26 de febrero y por 5 d\u00edas - Cuarteto en la Web","isPartOf":{"@id":"http:\/\/cuartetoenlaweb.com.ar\/sitio\/#website"},"primaryImageOfPage":{"@id":"https:\/\/cuartetoenlaweb.com.ar\/sitio\/nuevo-paro-de-controladores-aereos-los-vuelos-afectados-a-partir-del-26-de-febrero-y-por-5-dias\/#primaryimage"},"image":{"@id":"https:\/\/cuartetoenlaweb.com.ar\/sitio\/nuevo-paro-de-controladores-aereos-los-vuelos-afectados-a-partir-del-26-de-febrero-y-por-5-dias\/#primaryimage"},"thumbnailUrl":"https:\/\/www.cronista.com\/resizer\/v2\/CMHGX65PBFC3LKG45GWGVF64M4.jpg?auth=89a835b364cd6ae32be9e733c10c92d00426e15bcaff4184a6529416e2af0808&amp;smart=true&amp;width=2048&amp;height=1846","datePublished":"2026-02-22T12:00:25+00:00","breadcrumb":{"@id":"https:\/\/cuartetoenlaweb.com.ar\/sitio\/nuevo-paro-de-controladores-aereos-los-vuelos-afectados-a-partir-del-26-de-febrero-y-por-5-dias\/#breadcrumb"},"inLanguage":"es","potentialAction":[{"@type":"ReadAction","target":["https:\/\/cuartetoenlaweb.com.ar\/sitio\/nuevo-paro-de-controladores-aereos-los-vuelos-afectados-a-partir-del-26-de-febrero-y-por-5-dias\/"]}]},{"@type":"ImageObject","inLanguage":"es","@id":"https:\/\/cuartetoenlaweb.com.ar\/sitio\/nuevo-paro-de-controladores-aereos-los-vuelos-afectados-a-partir-del-26-de-febrero-y-por-5-dias\/#primaryimage","url":"https:\/\/www.cronista.com\/resizer\/v2\/CMHGX65PBFC3LKG45GWGVF64M4.jpg?auth=89a835b364cd6ae32be9e733c10c92d00426e15bcaff4184a6529416e2af0808&amp;smart=true&amp;width=2048&amp;height=1846","contentUrl":"https:\/\/www.cronista.com\/resizer\/v2\/CMHGX65PBFC3LKG45GWGVF64M4.jpg?auth=89a835b364cd6ae32be9e733c10c92d00426e15bcaff4184a6529416e2af0808&amp;smart=true&amp;width=2048&amp;height=1846"},{"@type":"BreadcrumbList","@id":"https:\/\/cuartetoenlaweb.com.ar\/sitio\/nuevo-paro-de-controladores-aereos-los-vuelos-afectados-a-partir-del-26-de-febrero-y-por-5-dias\/#breadcrumb","itemListElement":[{"@type":"ListItem","position":1,"name":"Portada","item":"http:\/\/cuartetoenlaweb.com.ar\/sitio\/"},{"@type":"ListItem","position":2,"name":"Nuevo paro de controladores a\u00e9reos: los vuelos afectados a partir del 26 de febrero y por 5 d\u00edas"}]},{"@type":"WebSite","@id":"http:\/\/cuartetoenlaweb.com.ar\/sitio\/#website","url":"http:\/\/cuartetoenlaweb.com.ar\/sitio\/","name":"Cuarteto en la Web","description":"","publisher":{"@id":"http:\/\/cuartetoenlaweb.com.ar\/sitio\/#organization"},"potentialAction":[{"@type":"SearchAction","target":{"@type":"EntryPoint","urlTemplate":"http:\/\/cuartetoenlaweb.com.ar\/sitio\/?s={search_term_string}"},"query-input":{"@type":"PropertyValueSpecification","valueRequired":true,"valueName":"search_term_string"}}],"inLanguage":"es"},{"@type":"Organization","@id":"http:\/\/cuartetoenlaweb.com.ar\/sitio\/#organization","name":"Cuarteto en la Web","url":"http:\/\/cuartetoenlaweb.com.ar\/sitio\/","logo":{"@type":"ImageObject","inLanguage":"es","@id":"http:\/\/cuartetoenlaweb.com.ar\/sitio\/#\/schema\/logo\/image\/","url":"https:\/\/cuartetoenlaweb.com.ar\/sitio\/wp-content\/uploads\/2025\/07\/cropped-cropped-logitoweb21.png","contentUrl":"https:\/\/cuartetoenlaweb.com.ar\/sitio\/wp-content\/uploads\/2025\/07\/cropped-cropped-logitoweb21.png","width":199,"height":199,"caption":"Cuarteto en la Web"},"image":{"@id":"http:\/\/cuartetoenlaweb.com.ar\/sitio\/#\/schema\/logo\/image\/"}}]}},"_links":{"self":[{"href":"https:\/\/cuartetoenlaweb.com.ar\/sitio\/wp-json\/wp\/v2\/posts\/12425","targetHints":{"allow":["GET"]}}],"collection":[{"href":"https:\/\/cuartetoenlaweb.com.ar\/sitio\/wp-json\/wp\/v2\/posts"}],"about":[{"href":"https:\/\/cuartetoenlaweb.com.ar\/sitio\/wp-json\/wp\/v2\/types\/post"}],"replies":[{"embeddable":true,"href":"https:\/\/cuartetoenlaweb.com.ar\/sitio\/wp-json\/wp\/v2\/comments?post=12425"}],"version-history":[{"count":0,"href":"https:\/\/cuartetoenlaweb.com.ar\/sitio\/wp-json\/wp\/v2\/posts\/12425\/revisions"}],"wp:attachment":[{"href":"https:\/\/cuartetoenlaweb.com.ar\/sitio\/wp-json\/wp\/v2\/media?parent=12425"}],"wp:term":[{"taxonomy":"category","embeddable":true,"href":"https:\/\/cuartetoenlaweb.com.ar\/sitio\/wp-json\/wp\/v2\/categories?post=12425"},{"taxonomy":"post_tag","embeddable":true,"href":"https:\/\/cuartetoenlaweb.com.ar\/sitio\/wp-json\/wp\/v2\/tags?post=12425"}],"curies":[{"name":"wp","href":"https:\/\/api.w.org\/{rel}","templated":true}]}}