
{"id":12424,"date":"2026-02-22T09:00:24","date_gmt":"2026-02-22T12:00:24","guid":{"rendered":"https:\/\/cuartetoenlaweb.com.ar\/sitio\/las-paritarias-tras-la-reforma-laboral-y-la-traicion-de-los-gobernadores-hay-que-expulsarlos\/"},"modified":"2026-02-22T09:00:24","modified_gmt":"2026-02-22T12:00:24","slug":"las-paritarias-tras-la-reforma-laboral-y-la-traicion-de-los-gobernadores-hay-que-expulsarlos","status":"publish","type":"post","link":"https:\/\/cuartetoenlaweb.com.ar\/sitio\/las-paritarias-tras-la-reforma-laboral-y-la-traicion-de-los-gobernadores-hay-que-expulsarlos\/","title":{"rendered":"Las paritarias tras la Reforma Laboral y la \u201ctraici\u00f3n\u201d de los gobernadores: \u201cHay que expulsarlos\u201d"},"content":{"rendered":"<p><b>Pablo Moyano<\/b>, dirigente de Camioneros y uno de los rostros m\u00e1s visibles del sindicalismo argentino, no duda en catalogar como<b> \u201ctraidores\u201d <\/b>a los gobernadores, diputados y senadores de extracci\u00f3n peronista que apoyaron la ley de reforma laboral de Javier Milei y <u><b>pide que sean expulsados del Justicialismo<\/b><\/u>. <\/p>\n<p>En di\u00e1logo con <i>El Cronista, <\/i>analiz\u00f3 la estrategia realizada por la Confederaci\u00f3n General del Trabajo y atribuy\u00f3 a campa\u00f1as de demonizaci\u00f3n contra el sindicalismo la versi\u00f3n que indicaba<b> la existencia de negociaciones secretas con el gobierno para retener las cajas sindicales.<\/b><\/p>\n<p>Heredero de uno de los apellidos con m\u00e1s historia en el movimiento obrero de los \u00faltimos 30 a\u00f1os, Pablo Moyano pide una fuerte autocr\u00edtica al peronismo y abandonar las peleas por cargos partidarios. <b>Mira el espejo de Lula da Silva y se pregunta por qu\u00e9 no podr\u00eda haber un \u201cPresidente trabajador\u201d en Argentina. <\/b> <\/p>\n<p><b>-\u00bfCu\u00e1l es su balance de esto que parece estar encaminado hacia la sanci\u00f3n de la ley de Reforma Laboral? Y sobre todo, \u00bfcu\u00e1l es su opini\u00f3n de lo que hizo el movimiento obrero?<\/b><\/p>\n<p>-Bueno, el sentimiento de bronca que tenemos la mayor\u00eda de los trabajadores es que se ha producido <u>una de las mayores traiciones por parte de aquellos gobernadores peronistas que han votado la ley a cambio de obra p\u00fablica<\/u>. Yo no estoy en contra de que los gobernadores defiendan sus intereses, pero no a costa de entregar los derechos de los trabajadores.<\/p>\n<p>Fue clara la CGT cuando dijo que ten\u00eda tres estrategias. Una, que le fall\u00f3, fue el di\u00e1logo con los gobernadores. La otra fue la calle, que creo que tendr\u00eda que haber sido un poco m\u00e1s contundente en las movilizaciones. Y la tercera es la Justicia. <u>Yo creo que la Justicia, como fue en la Ley Bases, nos va a dar la posibilidad de llevar adelante los amparos<\/u> y frenar aquellos art\u00edculos que m\u00e1s atacan los derechos de los laburantes, como las vacaciones y las indemnizaciones. Hay un mont\u00f3n de art\u00edculos en los que creo que la Justicia nos va a dar la raz\u00f3n.<\/p>\n<p><b>-Antes de la votaci\u00f3n en el Senado se hablaba de que se hab\u00eda negociado el tema de lo que vulgarmente se llaman \u201clas cajas sindicales\u201d, pero que daba v\u00eda libre a otros puntos, como la limitaci\u00f3n del derecho a huelga. \u00bfLe consta que existieron esas negociaciones?<\/b><\/p>\n<p>-No. Eso es algo que han instalado La Naci\u00f3n, Clar\u00edn, TN y todos esos personajes que critican todos los d\u00edas a los dirigentes gremiales. <u>Descarto que se haya negociado la caja por los derechos de los laburantes. Si hubiera sido as\u00ed, habr\u00eda sido el primero en salir a criticarlo<\/u>. He hablado con algunos dirigentes de la CGT y han desmentido que hayan priorizado la caja por sobre los derechos.<\/p>\n<p>Es constante el ataque y la demonizaci\u00f3n contra los dirigentes. Lo que s\u00ed puedo garantizar es que, en esta oportunidad, todo el movimiento obrero ha estado unido para rechazar plenamente la reforma laboral.<\/p>\n<p><b>-\u00bfCree que pudo haber sido una operaci\u00f3n del propio Gobierno para incentivar esta idea de que el sindicalismo negoci\u00f3 por detr\u00e1s?<\/b><\/p>\n<p>-Hist\u00f3ricamente ha pasado lo mismo. Cuando Hugo Moyano denunci\u00f3 la <i>Banelco<\/i> ocurri\u00f3 algo similar en el a\u00f1o 2000. Recuerdo las campa\u00f1as que hac\u00eda TN con las caras y las fotos de los dirigentes gremiales. Siempre es lo mismo:<u> cada vez que enfrent\u00e1s una pol\u00edtica econ\u00f3mica que va en contra de los laburantes, sucede esto.<\/u><\/p>\n<p>Los demonios somos los dirigentes gremiales y los buenos son los grandes empresarios. Fue una campa\u00f1a impulsada por quienes escribieron esta reforma laboral que va en contra de los trabajadores.<\/p>\n<p><b>-La Reforma permite la negociaci\u00f3n por empresas. \u00bfC\u00f3mo cree que afectar\u00e1 las relaciones sindicales?<\/b><\/p>\n<p>-Esa medida fue escrita por las empresas. \u00bfTe imagin\u00e1s a un delegado de Coca-Cola discutiendo mejores condiciones laborales con el presidente de la compa\u00f1\u00eda? \u00bfUn delegado de Carrefour negociando un aumento salarial con el presidente de la empresa?<\/p>\n<p>Por eso quieren destruir los convenios colectivos de trabajo. Quien negocia con las grandes empresas es el sindicato de cada actividad. <u>Ese es el objetivo: destruir los gremios y demonizarlos diciendo que \u201cdefendemos la caja\u201d, para que el presidente de una gran empresa pueda discutir un aumento salarial directamente con un delegado.<\/u><\/p>\n<p>Por eso hoy leo en un medio el festejo de los grandes empresarios por la aprobaci\u00f3n de la Reforma Laboral. Cuando uno ve la campa\u00f1a feroz que hacen los medios de comunicaci\u00f3n para demonizar a los dirigentes, entiende que es para que los empresarios puedan llevar adelante su pol\u00edtica de rebajas salariales.<\/p>\n<p><b>-\u00bfHay una percepci\u00f3n de que los trabajadores organizados y no organizados van a aceptar todo esto sin ofrecer respuesta? \u00bfCree que puede afectar la paz social?<\/b><\/p>\n<p>-Por supuesto. No es que lo diga yo: lo han dicho varios dirigentes y es lo que uno ve en la calle. Yo no soy un dirigente que se sienta en el escritorio y deja pasar el d\u00eda. Estoy en la calle, voy al supermercado, recorro empresas, y la bronca va creciendo.<\/p>\n<p>En octubre gan\u00f3 Milei y el otro d\u00eda hubo un paro contundente. Eso quiere decir que a la gente le est\u00e1 impactando esta pol\u00edtica salarial en el bolsillo: cuando va al supermercado, cuando le llega la boleta de la luz, cuando firma paritarias del 1,1 por ciento que obliga el Gobierno.<\/p>\n<p>En nuestra organizaci\u00f3n hemos empezado un plan de lucha en Camioneros para mejorar distintos adicionales del convenio. En estos d\u00edas logramos firmar varios aumentos salariales a trav\u00e9s de la actualizaci\u00f3n de adicionales en las ramas de log\u00edstica, gaseosas, expreso, seguridad y correo.<\/p>\n<p><b>-\u00bfC\u00f3mo encaran el tema paritario en el actual contexto?<\/b><\/p>\n<p>-No nos quedamos sentados. Ayer firmamos con una empresa donde casi 200 trabajadores pasaron a otra firma: la empresa saliente los indemniz\u00f3 en una cuota y la nueva absorbi\u00f3 la totalidad del personal.<\/p>\n<p>Lamentablemente me hago solidario con los compa\u00f1eros de Fate, pero nosotros seguimos avanzando para lograr mejoras salariales.<\/p>\n<p>De hecho, hubo un conflicto en Coca-Cola en las \u00faltimas semanas. Hace 15 d\u00edas estamos pidiendo un adicional por presentismo, efectivizaciones e incorporaci\u00f3n de personal nocturno. No han dado respuesta. Faltan cuatro o cinco d\u00edas para que venza la conciliaci\u00f3n obligatoria y, cuando eso ocurra, volveremos a paralizar la actividad en Coca-Cola, que ha sido una de las empresas que m\u00e1s gan\u00f3 este verano.<\/p>\n<p><img loading=\"lazy\" decoding=\"async\" src=\"https:\/\/www.cronista.com\/resizer\/v2\/LSIVENUMKFD4TMKSRWGJLIKAUE.jpg?auth=bda60c4cfff59efaba427f16572c1e4793c83eb7f8051a1e89749f418d643904&amp;smart=true&amp;width=2560&amp;height=1564\" alt=\"\" height=\"1564\" width=\"2560\" \/><\/p>\n<h3><b>El Peronismo y el sue\u00f1o de un presidente trabajador<\/b><\/h3>\n<p><b>-Volviendo a la Reforma, fue uno de los primeros que alert\u00f3 sobre la posici\u00f3n de los gobernadores peronistas. Usted no integra el PJ org\u00e1nicamente, \u00bfpero qu\u00e9 cree que tiene que pasar con ellos?<\/b><\/p>\n<p>-Veo una falta de conducci\u00f3n en el partido que permiti\u00f3 que estos gobernadores, que ya ni siquiera llamar\u00eda peronistas, votaran en contra de los derechos laborales. Creo que las regionales de la CGT de cada provincia \u2014Tucum\u00e1n, Salta, Misiones, Catamarca\u2014 deber\u00edan haber sido m\u00e1s firmes. Si yo fuera secretario general de una regional, me plantar\u00eda en la gobernaci\u00f3n y exigir\u00eda que los diputados o senadores expliquen por qu\u00e9 votaron contra los trabajadores.<\/p>\n<p><u>Dentro del PJ hay que expulsarlos. \u00bfPor qu\u00e9 un diputado o senador del peronismo va a decidir en contra de la vida de un laburante?<\/u> Hacen campa\u00f1a cantando la marcha peronista, rodeados de s\u00edmbolos partidarios, y cuando aparece una ley que todo el mundo sabe que va contra los trabajadores, la votan por obra p\u00fablica o por diez metros de ruta.<\/p>\n<p><b>-Habl\u00f3 del PJ en t\u00e9rminos de conducci\u00f3n. La CGT tuvo un acercamiento en diciembre con Kicillof. \u00bfC\u00f3mo ve la situaci\u00f3n? \u00bfQu\u00e9 cree que tiene que pasar en el peronismo? \u00bfQui\u00e9n deber\u00eda asumir ese liderazgo?<\/b><\/p>\n<p>-Primero, una fuerte autocr\u00edtica. <u>Si hasta hace unos d\u00edas la pelea era por el sello del peronismo en la provincia de Buenos Aires, estamos equivocados<\/u>. No estamos viendo la realidad de lo que le pasa al trabajador en el d\u00eda a d\u00eda.<\/p>\n<p>Hay que discutir qu\u00e9 idea de pa\u00eds tenemos para dentro de un a\u00f1o y medio. Si seguimos en la interna chica, no vamos a tener posibilidad de volver a ser gobierno y darle soluci\u00f3n a los problemas de la gente.<\/p>\n<p>Tiene que haber un gran debate, un plenario amplio, criticarnos puertas adentro y empezar a ofrecer una alternativa clara. <u>Sea un gobernador o un dirigente gremial, alguien va a surgir que pueda contener a todos los sectores<\/u> y ser alternativa en 2027. Si no, estamos en el horno. <u>Si este presidente tiene la posibilidad de ser reelegido, ser\u00e1 la entrega total de lo poco que falta por entregar.<\/u><\/p>\n<p><b>-En 2010 Hugo Moyano hablaba, en un acto con Cristina, de un presidente trabajador, \u00bfno?<\/b><\/p>\n<p>-S\u00ed. Fue en la cancha de River el 17 de octubre de 2010, cuando dijo: \u201cTengo el sue\u00f1o de que un dirigente o un trabajador pueda conducir los destinos del pa\u00eds\u201d. Ah\u00ed empez\u00f3 el principio del fin de la relaci\u00f3n entre el movimiento obrero y Cristina.<b> <\/b>\u00bfPor qu\u00e9 no puede conducir un dirigente gremial?<\/p>\n<p>No hablo de m\u00ed ni de nadie en particular, pero han gobernado abogados, doctores, ingenieros. \u00bfPor qu\u00e9 no podr\u00eda hacerlo un dirigente sindical?<\/p>\n<p>Miremos a Brasil. A Lula lo detuvieron, estuvo preso y hoy defiende la soberan\u00eda nacional de su pa\u00eds, incluso enfrent\u00e1ndose a Estados Unidos cuando considera que est\u00e1n en juego los intereses brasile\u00f1os. Y es probable que vuelva a ser electo. \u00bfPor qu\u00e9 no podr\u00eda pasar algo similar en nuestro pa\u00eds?<\/p>\n<p>Han demonizado tanto a los dirigentes gremiales que parte de la sociedad compra ese discurso. Pero hay muchos dirigentes con capacidad para conducir los destinos del pa\u00eds.<\/p>\n<p><img loading=\"lazy\" decoding=\"async\" src=\"https:\/\/www.cronista.com\/resizer\/v2\/5LLZYLUTZRFP3DU2CVIJ2LD3HQ.jpg?auth=209295b1af6fa2ce9b409fcc5760f20d05e5f2bdef7ec6dcb9b5711d720948d2&amp;smart=true&amp;width=948&amp;height=535\" alt=\"\" height=\"535\" width=\"948\" \/><\/p>\n<p><b>-Sobre Hugo Moyano, su padre, \u00bfqu\u00e9 piensa \u00e9l de esto?<\/b><\/p>\n<p><b>&#8211;<\/b>Est\u00e1 activo y muy preocupado por la situaci\u00f3n laboral del pa\u00eds. Habl\u00e9 con \u00e9l ayer y cree que la \u00fanica manera de salir de este desastre es peleando y estando en la calle, que es lo que hist\u00f3ricamente hemos hecho.<\/p>\n","protected":false},"excerpt":{"rendered":"<p>Pablo Moyano, dirigente de Camioneros y uno de los rostros<\/p>\n","protected":false},"author":0,"featured_media":0,"comment_status":"","ping_status":"","sticky":false,"template":"","format":"standard","meta":{"footnotes":""},"categories":[65],"tags":[],"class_list":["post-12424","post","type-post","status-publish","format-standard","hentry","category-pais"],"yoast_head":"<!-- This site is optimized with the Yoast SEO plugin v27.4 - https:\/\/yoast.com\/product\/yoast-seo-wordpress\/ -->\n<title>Las paritarias tras la Reforma Laboral y la \u201ctraici\u00f3n\u201d de los gobernadores: \u201cHay que expulsarlos\u201d - Cuarteto en la Web<\/title>\n<meta name=\"robots\" content=\"index, follow, max-snippet:-1, max-image-preview:large, max-video-preview:-1\" \/>\n<link rel=\"canonical\" href=\"https:\/\/cuartetoenlaweb.com.ar\/sitio\/las-paritarias-tras-la-reforma-laboral-y-la-traicion-de-los-gobernadores-hay-que-expulsarlos\/\" \/>\n<meta property=\"og:locale\" content=\"es_ES\" \/>\n<meta property=\"og:type\" content=\"article\" \/>\n<meta property=\"og:title\" content=\"Las paritarias tras la Reforma Laboral y la \u201ctraici\u00f3n\u201d de los gobernadores: \u201cHay que expulsarlos\u201d - Cuarteto en la Web\" \/>\n<meta property=\"og:description\" content=\"Pablo Moyano, dirigente de Camioneros y uno de los rostros\" \/>\n<meta property=\"og:url\" content=\"https:\/\/cuartetoenlaweb.com.ar\/sitio\/las-paritarias-tras-la-reforma-laboral-y-la-traicion-de-los-gobernadores-hay-que-expulsarlos\/\" \/>\n<meta property=\"og:site_name\" content=\"Cuarteto en la Web\" \/>\n<meta property=\"article:published_time\" content=\"2026-02-22T12:00:24+00:00\" \/>\n<meta property=\"og:image\" content=\"https:\/\/www.cronista.com\/resizer\/v2\/LSIVENUMKFD4TMKSRWGJLIKAUE.jpg?auth=bda60c4cfff59efaba427f16572c1e4793c83eb7f8051a1e89749f418d643904&amp;smart=true&amp;width=2560&amp;height=1564\" \/>\n<meta name=\"twitter:card\" content=\"summary_large_image\" \/>\n<meta name=\"twitter:label1\" content=\"Tiempo de lectura\" \/>\n\t<meta name=\"twitter:data1\" content=\"9 minutos\" \/>\n<script type=\"application\/ld+json\" class=\"yoast-schema-graph\">{\"@context\":\"https:\\\/\\\/schema.org\",\"@graph\":[{\"@type\":\"Article\",\"@id\":\"https:\\\/\\\/cuartetoenlaweb.com.ar\\\/sitio\\\/las-paritarias-tras-la-reforma-laboral-y-la-traicion-de-los-gobernadores-hay-que-expulsarlos\\\/#article\",\"isPartOf\":{\"@id\":\"https:\\\/\\\/cuartetoenlaweb.com.ar\\\/sitio\\\/las-paritarias-tras-la-reforma-laboral-y-la-traicion-de-los-gobernadores-hay-que-expulsarlos\\\/\"},\"author\":{\"name\":\"\",\"@id\":\"\"},\"headline\":\"Las paritarias tras la Reforma Laboral y la \u201ctraici\u00f3n\u201d de los gobernadores: \u201cHay que expulsarlos\u201d\",\"datePublished\":\"2026-02-22T12:00:24+00:00\",\"mainEntityOfPage\":{\"@id\":\"https:\\\/\\\/cuartetoenlaweb.com.ar\\\/sitio\\\/las-paritarias-tras-la-reforma-laboral-y-la-traicion-de-los-gobernadores-hay-que-expulsarlos\\\/\"},\"wordCount\":1741,\"publisher\":{\"@id\":\"http:\\\/\\\/cuartetoenlaweb.com.ar\\\/sitio\\\/#organization\"},\"image\":{\"@id\":\"https:\\\/\\\/cuartetoenlaweb.com.ar\\\/sitio\\\/las-paritarias-tras-la-reforma-laboral-y-la-traicion-de-los-gobernadores-hay-que-expulsarlos\\\/#primaryimage\"},\"thumbnailUrl\":\"https:\\\/\\\/www.cronista.com\\\/resizer\\\/v2\\\/LSIVENUMKFD4TMKSRWGJLIKAUE.jpg?auth=bda60c4cfff59efaba427f16572c1e4793c83eb7f8051a1e89749f418d643904&amp;smart=true&amp;width=2560&amp;height=1564\",\"articleSection\":[\"PAIS\"],\"inLanguage\":\"es\"},{\"@type\":\"WebPage\",\"@id\":\"https:\\\/\\\/cuartetoenlaweb.com.ar\\\/sitio\\\/las-paritarias-tras-la-reforma-laboral-y-la-traicion-de-los-gobernadores-hay-que-expulsarlos\\\/\",\"url\":\"https:\\\/\\\/cuartetoenlaweb.com.ar\\\/sitio\\\/las-paritarias-tras-la-reforma-laboral-y-la-traicion-de-los-gobernadores-hay-que-expulsarlos\\\/\",\"name\":\"Las paritarias tras la Reforma Laboral y la \u201ctraici\u00f3n\u201d de los gobernadores: \u201cHay que expulsarlos\u201d - Cuarteto en la Web\",\"isPartOf\":{\"@id\":\"http:\\\/\\\/cuartetoenlaweb.com.ar\\\/sitio\\\/#website\"},\"primaryImageOfPage\":{\"@id\":\"https:\\\/\\\/cuartetoenlaweb.com.ar\\\/sitio\\\/las-paritarias-tras-la-reforma-laboral-y-la-traicion-de-los-gobernadores-hay-que-expulsarlos\\\/#primaryimage\"},\"image\":{\"@id\":\"https:\\\/\\\/cuartetoenlaweb.com.ar\\\/sitio\\\/las-paritarias-tras-la-reforma-laboral-y-la-traicion-de-los-gobernadores-hay-que-expulsarlos\\\/#primaryimage\"},\"thumbnailUrl\":\"https:\\\/\\\/www.cronista.com\\\/resizer\\\/v2\\\/LSIVENUMKFD4TMKSRWGJLIKAUE.jpg?auth=bda60c4cfff59efaba427f16572c1e4793c83eb7f8051a1e89749f418d643904&amp;smart=true&amp;width=2560&amp;height=1564\",\"datePublished\":\"2026-02-22T12:00:24+00:00\",\"breadcrumb\":{\"@id\":\"https:\\\/\\\/cuartetoenlaweb.com.ar\\\/sitio\\\/las-paritarias-tras-la-reforma-laboral-y-la-traicion-de-los-gobernadores-hay-que-expulsarlos\\\/#breadcrumb\"},\"inLanguage\":\"es\",\"potentialAction\":[{\"@type\":\"ReadAction\",\"target\":[\"https:\\\/\\\/cuartetoenlaweb.com.ar\\\/sitio\\\/las-paritarias-tras-la-reforma-laboral-y-la-traicion-de-los-gobernadores-hay-que-expulsarlos\\\/\"]}]},{\"@type\":\"ImageObject\",\"inLanguage\":\"es\",\"@id\":\"https:\\\/\\\/cuartetoenlaweb.com.ar\\\/sitio\\\/las-paritarias-tras-la-reforma-laboral-y-la-traicion-de-los-gobernadores-hay-que-expulsarlos\\\/#primaryimage\",\"url\":\"https:\\\/\\\/www.cronista.com\\\/resizer\\\/v2\\\/LSIVENUMKFD4TMKSRWGJLIKAUE.jpg?auth=bda60c4cfff59efaba427f16572c1e4793c83eb7f8051a1e89749f418d643904&amp;smart=true&amp;width=2560&amp;height=1564\",\"contentUrl\":\"https:\\\/\\\/www.cronista.com\\\/resizer\\\/v2\\\/LSIVENUMKFD4TMKSRWGJLIKAUE.jpg?auth=bda60c4cfff59efaba427f16572c1e4793c83eb7f8051a1e89749f418d643904&amp;smart=true&amp;width=2560&amp;height=1564\"},{\"@type\":\"BreadcrumbList\",\"@id\":\"https:\\\/\\\/cuartetoenlaweb.com.ar\\\/sitio\\\/las-paritarias-tras-la-reforma-laboral-y-la-traicion-de-los-gobernadores-hay-que-expulsarlos\\\/#breadcrumb\",\"itemListElement\":[{\"@type\":\"ListItem\",\"position\":1,\"name\":\"Portada\",\"item\":\"http:\\\/\\\/cuartetoenlaweb.com.ar\\\/sitio\\\/\"},{\"@type\":\"ListItem\",\"position\":2,\"name\":\"Las paritarias tras la Reforma Laboral y la \u201ctraici\u00f3n\u201d de los gobernadores: \u201cHay que expulsarlos\u201d\"}]},{\"@type\":\"WebSite\",\"@id\":\"http:\\\/\\\/cuartetoenlaweb.com.ar\\\/sitio\\\/#website\",\"url\":\"http:\\\/\\\/cuartetoenlaweb.com.ar\\\/sitio\\\/\",\"name\":\"Cuarteto en la Web\",\"description\":\"\",\"publisher\":{\"@id\":\"http:\\\/\\\/cuartetoenlaweb.com.ar\\\/sitio\\\/#organization\"},\"potentialAction\":[{\"@type\":\"SearchAction\",\"target\":{\"@type\":\"EntryPoint\",\"urlTemplate\":\"http:\\\/\\\/cuartetoenlaweb.com.ar\\\/sitio\\\/?s={search_term_string}\"},\"query-input\":{\"@type\":\"PropertyValueSpecification\",\"valueRequired\":true,\"valueName\":\"search_term_string\"}}],\"inLanguage\":\"es\"},{\"@type\":\"Organization\",\"@id\":\"http:\\\/\\\/cuartetoenlaweb.com.ar\\\/sitio\\\/#organization\",\"name\":\"Cuarteto en la Web\",\"url\":\"http:\\\/\\\/cuartetoenlaweb.com.ar\\\/sitio\\\/\",\"logo\":{\"@type\":\"ImageObject\",\"inLanguage\":\"es\",\"@id\":\"http:\\\/\\\/cuartetoenlaweb.com.ar\\\/sitio\\\/#\\\/schema\\\/logo\\\/image\\\/\",\"url\":\"https:\\\/\\\/cuartetoenlaweb.com.ar\\\/sitio\\\/wp-content\\\/uploads\\\/2025\\\/07\\\/cropped-cropped-logitoweb21.png\",\"contentUrl\":\"https:\\\/\\\/cuartetoenlaweb.com.ar\\\/sitio\\\/wp-content\\\/uploads\\\/2025\\\/07\\\/cropped-cropped-logitoweb21.png\",\"width\":199,\"height\":199,\"caption\":\"Cuarteto en la Web\"},\"image\":{\"@id\":\"http:\\\/\\\/cuartetoenlaweb.com.ar\\\/sitio\\\/#\\\/schema\\\/logo\\\/image\\\/\"}}]}<\/script>\n<!-- \/ Yoast SEO plugin. -->","yoast_head_json":{"title":"Las paritarias tras la Reforma Laboral y la \u201ctraici\u00f3n\u201d de los gobernadores: \u201cHay que expulsarlos\u201d - Cuarteto en la Web","robots":{"index":"index","follow":"follow","max-snippet":"max-snippet:-1","max-image-preview":"max-image-preview:large","max-video-preview":"max-video-preview:-1"},"canonical":"https:\/\/cuartetoenlaweb.com.ar\/sitio\/las-paritarias-tras-la-reforma-laboral-y-la-traicion-de-los-gobernadores-hay-que-expulsarlos\/","og_locale":"es_ES","og_type":"article","og_title":"Las paritarias tras la Reforma Laboral y la \u201ctraici\u00f3n\u201d de los gobernadores: \u201cHay que expulsarlos\u201d - Cuarteto en la Web","og_description":"Pablo Moyano, dirigente de Camioneros y uno de los rostros","og_url":"https:\/\/cuartetoenlaweb.com.ar\/sitio\/las-paritarias-tras-la-reforma-laboral-y-la-traicion-de-los-gobernadores-hay-que-expulsarlos\/","og_site_name":"Cuarteto en la Web","article_published_time":"2026-02-22T12:00:24+00:00","og_image":[{"url":"https:\/\/www.cronista.com\/resizer\/v2\/LSIVENUMKFD4TMKSRWGJLIKAUE.jpg?auth=bda60c4cfff59efaba427f16572c1e4793c83eb7f8051a1e89749f418d643904&amp;smart=true&amp;width=2560&amp;height=1564","type":"","width":"","height":""}],"twitter_card":"summary_large_image","twitter_misc":{"Tiempo de lectura":"9 minutos"},"schema":{"@context":"https:\/\/schema.org","@graph":[{"@type":"Article","@id":"https:\/\/cuartetoenlaweb.com.ar\/sitio\/las-paritarias-tras-la-reforma-laboral-y-la-traicion-de-los-gobernadores-hay-que-expulsarlos\/#article","isPartOf":{"@id":"https:\/\/cuartetoenlaweb.com.ar\/sitio\/las-paritarias-tras-la-reforma-laboral-y-la-traicion-de-los-gobernadores-hay-que-expulsarlos\/"},"author":{"name":"","@id":""},"headline":"Las paritarias tras la Reforma Laboral y la \u201ctraici\u00f3n\u201d de los gobernadores: \u201cHay que expulsarlos\u201d","datePublished":"2026-02-22T12:00:24+00:00","mainEntityOfPage":{"@id":"https:\/\/cuartetoenlaweb.com.ar\/sitio\/las-paritarias-tras-la-reforma-laboral-y-la-traicion-de-los-gobernadores-hay-que-expulsarlos\/"},"wordCount":1741,"publisher":{"@id":"http:\/\/cuartetoenlaweb.com.ar\/sitio\/#organization"},"image":{"@id":"https:\/\/cuartetoenlaweb.com.ar\/sitio\/las-paritarias-tras-la-reforma-laboral-y-la-traicion-de-los-gobernadores-hay-que-expulsarlos\/#primaryimage"},"thumbnailUrl":"https:\/\/www.cronista.com\/resizer\/v2\/LSIVENUMKFD4TMKSRWGJLIKAUE.jpg?auth=bda60c4cfff59efaba427f16572c1e4793c83eb7f8051a1e89749f418d643904&amp;smart=true&amp;width=2560&amp;height=1564","articleSection":["PAIS"],"inLanguage":"es"},{"@type":"WebPage","@id":"https:\/\/cuartetoenlaweb.com.ar\/sitio\/las-paritarias-tras-la-reforma-laboral-y-la-traicion-de-los-gobernadores-hay-que-expulsarlos\/","url":"https:\/\/cuartetoenlaweb.com.ar\/sitio\/las-paritarias-tras-la-reforma-laboral-y-la-traicion-de-los-gobernadores-hay-que-expulsarlos\/","name":"Las paritarias tras la Reforma Laboral y la \u201ctraici\u00f3n\u201d de los gobernadores: \u201cHay que expulsarlos\u201d - Cuarteto en la Web","isPartOf":{"@id":"http:\/\/cuartetoenlaweb.com.ar\/sitio\/#website"},"primaryImageOfPage":{"@id":"https:\/\/cuartetoenlaweb.com.ar\/sitio\/las-paritarias-tras-la-reforma-laboral-y-la-traicion-de-los-gobernadores-hay-que-expulsarlos\/#primaryimage"},"image":{"@id":"https:\/\/cuartetoenlaweb.com.ar\/sitio\/las-paritarias-tras-la-reforma-laboral-y-la-traicion-de-los-gobernadores-hay-que-expulsarlos\/#primaryimage"},"thumbnailUrl":"https:\/\/www.cronista.com\/resizer\/v2\/LSIVENUMKFD4TMKSRWGJLIKAUE.jpg?auth=bda60c4cfff59efaba427f16572c1e4793c83eb7f8051a1e89749f418d643904&amp;smart=true&amp;width=2560&amp;height=1564","datePublished":"2026-02-22T12:00:24+00:00","breadcrumb":{"@id":"https:\/\/cuartetoenlaweb.com.ar\/sitio\/las-paritarias-tras-la-reforma-laboral-y-la-traicion-de-los-gobernadores-hay-que-expulsarlos\/#breadcrumb"},"inLanguage":"es","potentialAction":[{"@type":"ReadAction","target":["https:\/\/cuartetoenlaweb.com.ar\/sitio\/las-paritarias-tras-la-reforma-laboral-y-la-traicion-de-los-gobernadores-hay-que-expulsarlos\/"]}]},{"@type":"ImageObject","inLanguage":"es","@id":"https:\/\/cuartetoenlaweb.com.ar\/sitio\/las-paritarias-tras-la-reforma-laboral-y-la-traicion-de-los-gobernadores-hay-que-expulsarlos\/#primaryimage","url":"https:\/\/www.cronista.com\/resizer\/v2\/LSIVENUMKFD4TMKSRWGJLIKAUE.jpg?auth=bda60c4cfff59efaba427f16572c1e4793c83eb7f8051a1e89749f418d643904&amp;smart=true&amp;width=2560&amp;height=1564","contentUrl":"https:\/\/www.cronista.com\/resizer\/v2\/LSIVENUMKFD4TMKSRWGJLIKAUE.jpg?auth=bda60c4cfff59efaba427f16572c1e4793c83eb7f8051a1e89749f418d643904&amp;smart=true&amp;width=2560&amp;height=1564"},{"@type":"BreadcrumbList","@id":"https:\/\/cuartetoenlaweb.com.ar\/sitio\/las-paritarias-tras-la-reforma-laboral-y-la-traicion-de-los-gobernadores-hay-que-expulsarlos\/#breadcrumb","itemListElement":[{"@type":"ListItem","position":1,"name":"Portada","item":"http:\/\/cuartetoenlaweb.com.ar\/sitio\/"},{"@type":"ListItem","position":2,"name":"Las paritarias tras la Reforma Laboral y la \u201ctraici\u00f3n\u201d de los gobernadores: \u201cHay que expulsarlos\u201d"}]},{"@type":"WebSite","@id":"http:\/\/cuartetoenlaweb.com.ar\/sitio\/#website","url":"http:\/\/cuartetoenlaweb.com.ar\/sitio\/","name":"Cuarteto en la Web","description":"","publisher":{"@id":"http:\/\/cuartetoenlaweb.com.ar\/sitio\/#organization"},"potentialAction":[{"@type":"SearchAction","target":{"@type":"EntryPoint","urlTemplate":"http:\/\/cuartetoenlaweb.com.ar\/sitio\/?s={search_term_string}"},"query-input":{"@type":"PropertyValueSpecification","valueRequired":true,"valueName":"search_term_string"}}],"inLanguage":"es"},{"@type":"Organization","@id":"http:\/\/cuartetoenlaweb.com.ar\/sitio\/#organization","name":"Cuarteto en la Web","url":"http:\/\/cuartetoenlaweb.com.ar\/sitio\/","logo":{"@type":"ImageObject","inLanguage":"es","@id":"http:\/\/cuartetoenlaweb.com.ar\/sitio\/#\/schema\/logo\/image\/","url":"https:\/\/cuartetoenlaweb.com.ar\/sitio\/wp-content\/uploads\/2025\/07\/cropped-cropped-logitoweb21.png","contentUrl":"https:\/\/cuartetoenlaweb.com.ar\/sitio\/wp-content\/uploads\/2025\/07\/cropped-cropped-logitoweb21.png","width":199,"height":199,"caption":"Cuarteto en la Web"},"image":{"@id":"http:\/\/cuartetoenlaweb.com.ar\/sitio\/#\/schema\/logo\/image\/"}}]}},"_links":{"self":[{"href":"https:\/\/cuartetoenlaweb.com.ar\/sitio\/wp-json\/wp\/v2\/posts\/12424","targetHints":{"allow":["GET"]}}],"collection":[{"href":"https:\/\/cuartetoenlaweb.com.ar\/sitio\/wp-json\/wp\/v2\/posts"}],"about":[{"href":"https:\/\/cuartetoenlaweb.com.ar\/sitio\/wp-json\/wp\/v2\/types\/post"}],"replies":[{"embeddable":true,"href":"https:\/\/cuartetoenlaweb.com.ar\/sitio\/wp-json\/wp\/v2\/comments?post=12424"}],"version-history":[{"count":0,"href":"https:\/\/cuartetoenlaweb.com.ar\/sitio\/wp-json\/wp\/v2\/posts\/12424\/revisions"}],"wp:attachment":[{"href":"https:\/\/cuartetoenlaweb.com.ar\/sitio\/wp-json\/wp\/v2\/media?parent=12424"}],"wp:term":[{"taxonomy":"category","embeddable":true,"href":"https:\/\/cuartetoenlaweb.com.ar\/sitio\/wp-json\/wp\/v2\/categories?post=12424"},{"taxonomy":"post_tag","embeddable":true,"href":"https:\/\/cuartetoenlaweb.com.ar\/sitio\/wp-json\/wp\/v2\/tags?post=12424"}],"curies":[{"name":"wp","href":"https:\/\/api.w.org\/{rel}","templated":true}]}}