
{"id":12423,"date":"2026-02-22T09:00:24","date_gmt":"2026-02-22T12:00:24","guid":{"rendered":"https:\/\/cuartetoenlaweb.com.ar\/sitio\/karina-milei-afronta-la-designacion-de-un-cargo-clave-para-disputarle-poder-a-villarruel\/"},"modified":"2026-02-22T09:00:24","modified_gmt":"2026-02-22T12:00:24","slug":"karina-milei-afronta-la-designacion-de-un-cargo-clave-para-disputarle-poder-a-villarruel","status":"publish","type":"post","link":"https:\/\/cuartetoenlaweb.com.ar\/sitio\/karina-milei-afronta-la-designacion-de-un-cargo-clave-para-disputarle-poder-a-villarruel\/","title":{"rendered":"Karina Milei afronta la designaci\u00f3n de un cargo clave para disputarle poder a Villarruel"},"content":{"rendered":"<p>La \u00faltima semana de <b>febrero<\/b> tendr\u00e1 como protagonistas a las reformas estructurales de las <b>sesiones extraordinarias<\/b>, pero antes de sancionar los proyectos, la Mesa Pol\u00edtica deber\u00e1 tomar una decisi\u00f3n clave en relaci\u00f3n a las <b>autoridades del Senado<\/b> que preside la ahora n\u00e9mesis del Gobierno, <b>Victoria Villarruel<\/b>.<\/p>\n<p>La vicepresidente y presidente de la C\u00e1mara alta convoc\u00f3 a la <b>sesi\u00f3n preparatoria<\/b> de febrero para este <b>mi\u00e9rcoles 24 a las 12<\/b>. Con la elecci\u00f3n de las autoridades, el lugar en disputa es la <b>Presidencia Provisional del Senado<\/b>, que tiene el tercer lugar en la Ley de Acefal\u00eda.<\/p>\n<p>El cargo actualmente lo ocupa el senador de La Libertad Avanza, <b>Bartolom\u00e9 Abdala<\/b>, quien <u>conf\u00eda en reelegir su mandato tras dos a\u00f1os consecutivos<\/u>. Hace meses que el puntano mantiene conversaciones con <b>Eduardo \u201cLule\u201d Menem<\/b>, el asesor de Karina Milei, para mantener su lugar como autoridad del Senado: <u>fue Presidente de la Naci\u00f3n por un d\u00eda<\/u>, cuando tanto Milei y Villarruel estuvieron de viaje.<\/p>\n<p>No obstante, con el engrosamiento del bloque violeta que conduce <b>Patricia Bullrich<\/b>, el lugar es resistido por el sector allegado a la secretaria general de la Presidencia, <b>Karina Milei<\/b>. \u201cEstamos viendo\u201d, repiten en los pasillos del Senado.<\/p>\n<p><img loading=\"lazy\" decoding=\"async\" src=\"https:\/\/www.cronista.com\/resizer\/v2\/5EBFNZKGXNDVDECDSI733IYZJ4.jpg?auth=58396fe1705872c6fde325610aa811598eb3180417fe6caf68a7c4ea699d84cf&amp;smart=true&amp;width=2560&amp;height=1727\" alt=\"Bullrich discutiendo con Villarruel en la jura del Senado\" height=\"1727\" width=\"2560\" \/><\/p>\n<p><u>Lo que no lo mantiene asegurado a Abdala es <\/u><u><b>su v\u00ednculo estrecho con la vice<\/b><\/u><u>.<\/u> Las presencias de Villarruel en San Luis con dirigentes del PJ local, por caso, fueron organizados por el senador. Tampoco cay\u00f3 bien que haya admitido p\u00fablicamente tener empleados en la provincia para hacer campa\u00f1a para ser gobernador.<\/p>\n<p>El tema resurge justo cuando trascendi\u00f3 que Villarruel querr\u00eda ser<u> candidata a Presidente en una lista del peronismo<\/u>. En la Casa Rosada ten\u00edan esa sospecha hace tiempo, a partir de los recorridos provinciales y fotos con los mandatarios del PJ.<\/p>\n<p>\u201c<b>Es lo que viene haciendo, reunirse con Quintela, Insfran<\/b>\u201d, latig\u00f3 una fuente de Balcarce 50.<\/p>\n<p>No obstante, <u>la presidencia provisional es un cargo que requiere de contacto con Villarruel<\/u>, ya que b\u00e1sicamente la suple en las sesiones y dem\u00e1s cuestiones administrativas de la C\u00e1mara. De hecho,<b> fue por eso que buscaron que Bullrich no sea presidente provisional<\/b> y la confronte, en cambio, como jefe de bloque.<\/p>\n<p><img loading=\"lazy\" decoding=\"async\" src=\"https:\/\/www.cronista.com\/resizer\/v2\/R6V2WQKRNVB3BA7Z3H2DJN34IE.jpg?auth=d82b40f0412d2e2fe3b7992cce191af149efdf2a5288998e4bdddb1baa1d59da&amp;smart=true&amp;width=992&amp;height=661\" alt=\"\" height=\"661\" width=\"992\" \/><\/p>\n<p>El lunes por la tarde en la Casa Rosada habr\u00e1 una reuni\u00f3n de la <b>Mesa Pol\u00edtica Nacional<\/b> para determinar la estrategia pol\u00edtica de la semana caliente que sigue antes de la apertura de sesiones ordinarias. Al cierre de esta nota, las fuentes eran herm\u00e9ticas sobre cu\u00e1l iba ser la determinaci\u00f3n final.<\/p>\n<p>Los candidatos que sondean en el seno karinista son <b>Nadia M\u00e1rquez<\/b> y <b>Agust\u00edn Coto<\/b>. La primera, exdiputada, es especialmente cercana a los Menem, los primos armadores de Karina Milei. Tampoco se descarta que<u> Bullrich imponga a alguien de su ri\u00f1\u00f3n<\/u>, como C\u00e1rmen \u00c1lvarez Rivero o Luis Juez.<\/p>\n<p><img loading=\"lazy\" decoding=\"async\" src=\"https:\/\/www.cronista.com\/resizer\/v2\/VGZI5XA6ONDXNJYNK46QL3I6FI.jpg?auth=3edbbfec64389ff232c78e697992ed16f6ccf1a631056c54bc31a95fc45c428f&amp;smart=true&amp;width=3000&amp;height=2000\" alt=\"Bartolom\u00e9 Abdala con Victoria Villarruel\" height=\"2000\" width=\"3000\" \/><\/p>\n<p>Todo depender\u00e1 de la construcci\u00f3n de las alianzas y, en ese sentido, la decisi\u00f3n del <b>peronismo<\/b> ser\u00e1 de peso. A\u00fan el jefe del interbloque, <b>Jos\u00e9 Mayans<\/b>, no baj\u00f3 l\u00ednea sobre si respaldar al puntano y rechazar una nueva propuesta de la Casa Rosada o abstenerse. <\/p>\n<p>Bullrich podr\u00eda impulsar a otro candidato oficialista con el acuerdo de los dem\u00e1s bloques aliados: <u>solo con la UCR le alcanzar\u00eda, si es que Bartolom\u00e9 corre carrera con apoyo de los provinciales<\/u>. La duda est\u00e1 en <b>si se divide el bloque de LLA o no<\/b> para sostener al puntano, en contradicci\u00f3n con \u00f3rdenes de la Casa Rosada, y en ese sentido <u>si Abdala se correr\u00eda a un costado a cambio de alguna comisi\u00f3n<\/u>.<\/p>\n<p><img loading=\"lazy\" decoding=\"async\" src=\"https:\/\/www.cronista.com\/resizer\/v2\/LGDKITFPPRB4DGXCICJRHADAZU.jpeg?auth=b713fa2453a4b4ae01b551bb50dffe1a581ba4002a862a797d3a9f02269f3084&amp;smart=true&amp;width=720&amp;height=407\" alt=\"Karina Milei mirando a Victoria Villarruel en la \u00faltima sesi\u00f3n\" height=\"407\" width=\"720\" \/><\/p>\n<p>En el medio est\u00e1 la agenda legislativa, que tendr\u00e1 lugar en <b>dos sesiones<\/b> el jueves 26 y el viernes 27. La primera buscar\u00e1 aprobar la <b>Ley de Glaciares<\/b>, el pliego de embajador de <b>Fernando Iglesias<\/b> y sancionar el<b> R\u00e9gimen Penal Juvenil<\/b>, el <b>Acuerdo UE-Mercosur<\/b>. El presidente Javier Milei tambi\u00e9n convoc\u00f3 una <b>reuni\u00f3n de Gabinete<\/b> el martes para hacer un balance del comienzo de esta segunda etapa. <\/p>\n","protected":false},"excerpt":{"rendered":"<p>La \u00faltima semana de febrero tendr\u00e1 como protagonistas a las<\/p>\n","protected":false},"author":0,"featured_media":0,"comment_status":"","ping_status":"","sticky":false,"template":"","format":"standard","meta":{"footnotes":""},"categories":[65],"tags":[],"class_list":["post-12423","post","type-post","status-publish","format-standard","hentry","category-pais"],"yoast_head":"<!-- This site is optimized with the Yoast SEO plugin v27.4 - https:\/\/yoast.com\/product\/yoast-seo-wordpress\/ -->\n<title>Karina Milei afronta la designaci\u00f3n de un cargo clave para disputarle poder a Villarruel - Cuarteto en la Web<\/title>\n<meta name=\"robots\" content=\"index, follow, max-snippet:-1, max-image-preview:large, max-video-preview:-1\" \/>\n<link rel=\"canonical\" href=\"https:\/\/cuartetoenlaweb.com.ar\/sitio\/karina-milei-afronta-la-designacion-de-un-cargo-clave-para-disputarle-poder-a-villarruel\/\" \/>\n<meta property=\"og:locale\" content=\"es_ES\" \/>\n<meta property=\"og:type\" content=\"article\" \/>\n<meta property=\"og:title\" content=\"Karina Milei afronta la designaci\u00f3n de un cargo clave para disputarle poder a Villarruel - Cuarteto en la Web\" \/>\n<meta property=\"og:description\" content=\"La \u00faltima semana de febrero tendr\u00e1 como protagonistas a las\" \/>\n<meta property=\"og:url\" content=\"https:\/\/cuartetoenlaweb.com.ar\/sitio\/karina-milei-afronta-la-designacion-de-un-cargo-clave-para-disputarle-poder-a-villarruel\/\" \/>\n<meta property=\"og:site_name\" content=\"Cuarteto en la Web\" \/>\n<meta property=\"article:published_time\" content=\"2026-02-22T12:00:24+00:00\" \/>\n<meta property=\"og:image\" content=\"https:\/\/www.cronista.com\/resizer\/v2\/5EBFNZKGXNDVDECDSI733IYZJ4.jpg?auth=58396fe1705872c6fde325610aa811598eb3180417fe6caf68a7c4ea699d84cf&amp;smart=true&amp;width=2560&amp;height=1727\" \/>\n<meta name=\"twitter:card\" content=\"summary_large_image\" \/>\n<meta name=\"twitter:label1\" content=\"Tiempo de lectura\" \/>\n\t<meta name=\"twitter:data1\" content=\"3 minutos\" \/>\n<script type=\"application\/ld+json\" class=\"yoast-schema-graph\">{\"@context\":\"https:\\\/\\\/schema.org\",\"@graph\":[{\"@type\":\"Article\",\"@id\":\"https:\\\/\\\/cuartetoenlaweb.com.ar\\\/sitio\\\/karina-milei-afronta-la-designacion-de-un-cargo-clave-para-disputarle-poder-a-villarruel\\\/#article\",\"isPartOf\":{\"@id\":\"https:\\\/\\\/cuartetoenlaweb.com.ar\\\/sitio\\\/karina-milei-afronta-la-designacion-de-un-cargo-clave-para-disputarle-poder-a-villarruel\\\/\"},\"author\":{\"name\":\"\",\"@id\":\"\"},\"headline\":\"Karina Milei afronta la designaci\u00f3n de un cargo clave para disputarle poder a Villarruel\",\"datePublished\":\"2026-02-22T12:00:24+00:00\",\"mainEntityOfPage\":{\"@id\":\"https:\\\/\\\/cuartetoenlaweb.com.ar\\\/sitio\\\/karina-milei-afronta-la-designacion-de-un-cargo-clave-para-disputarle-poder-a-villarruel\\\/\"},\"wordCount\":688,\"publisher\":{\"@id\":\"http:\\\/\\\/cuartetoenlaweb.com.ar\\\/sitio\\\/#organization\"},\"image\":{\"@id\":\"https:\\\/\\\/cuartetoenlaweb.com.ar\\\/sitio\\\/karina-milei-afronta-la-designacion-de-un-cargo-clave-para-disputarle-poder-a-villarruel\\\/#primaryimage\"},\"thumbnailUrl\":\"https:\\\/\\\/www.cronista.com\\\/resizer\\\/v2\\\/5EBFNZKGXNDVDECDSI733IYZJ4.jpg?auth=58396fe1705872c6fde325610aa811598eb3180417fe6caf68a7c4ea699d84cf&amp;smart=true&amp;width=2560&amp;height=1727\",\"articleSection\":[\"PAIS\"],\"inLanguage\":\"es\"},{\"@type\":\"WebPage\",\"@id\":\"https:\\\/\\\/cuartetoenlaweb.com.ar\\\/sitio\\\/karina-milei-afronta-la-designacion-de-un-cargo-clave-para-disputarle-poder-a-villarruel\\\/\",\"url\":\"https:\\\/\\\/cuartetoenlaweb.com.ar\\\/sitio\\\/karina-milei-afronta-la-designacion-de-un-cargo-clave-para-disputarle-poder-a-villarruel\\\/\",\"name\":\"Karina Milei afronta la designaci\u00f3n de un cargo clave para disputarle poder a Villarruel - Cuarteto en la Web\",\"isPartOf\":{\"@id\":\"http:\\\/\\\/cuartetoenlaweb.com.ar\\\/sitio\\\/#website\"},\"primaryImageOfPage\":{\"@id\":\"https:\\\/\\\/cuartetoenlaweb.com.ar\\\/sitio\\\/karina-milei-afronta-la-designacion-de-un-cargo-clave-para-disputarle-poder-a-villarruel\\\/#primaryimage\"},\"image\":{\"@id\":\"https:\\\/\\\/cuartetoenlaweb.com.ar\\\/sitio\\\/karina-milei-afronta-la-designacion-de-un-cargo-clave-para-disputarle-poder-a-villarruel\\\/#primaryimage\"},\"thumbnailUrl\":\"https:\\\/\\\/www.cronista.com\\\/resizer\\\/v2\\\/5EBFNZKGXNDVDECDSI733IYZJ4.jpg?auth=58396fe1705872c6fde325610aa811598eb3180417fe6caf68a7c4ea699d84cf&amp;smart=true&amp;width=2560&amp;height=1727\",\"datePublished\":\"2026-02-22T12:00:24+00:00\",\"breadcrumb\":{\"@id\":\"https:\\\/\\\/cuartetoenlaweb.com.ar\\\/sitio\\\/karina-milei-afronta-la-designacion-de-un-cargo-clave-para-disputarle-poder-a-villarruel\\\/#breadcrumb\"},\"inLanguage\":\"es\",\"potentialAction\":[{\"@type\":\"ReadAction\",\"target\":[\"https:\\\/\\\/cuartetoenlaweb.com.ar\\\/sitio\\\/karina-milei-afronta-la-designacion-de-un-cargo-clave-para-disputarle-poder-a-villarruel\\\/\"]}]},{\"@type\":\"ImageObject\",\"inLanguage\":\"es\",\"@id\":\"https:\\\/\\\/cuartetoenlaweb.com.ar\\\/sitio\\\/karina-milei-afronta-la-designacion-de-un-cargo-clave-para-disputarle-poder-a-villarruel\\\/#primaryimage\",\"url\":\"https:\\\/\\\/www.cronista.com\\\/resizer\\\/v2\\\/5EBFNZKGXNDVDECDSI733IYZJ4.jpg?auth=58396fe1705872c6fde325610aa811598eb3180417fe6caf68a7c4ea699d84cf&amp;smart=true&amp;width=2560&amp;height=1727\",\"contentUrl\":\"https:\\\/\\\/www.cronista.com\\\/resizer\\\/v2\\\/5EBFNZKGXNDVDECDSI733IYZJ4.jpg?auth=58396fe1705872c6fde325610aa811598eb3180417fe6caf68a7c4ea699d84cf&amp;smart=true&amp;width=2560&amp;height=1727\"},{\"@type\":\"BreadcrumbList\",\"@id\":\"https:\\\/\\\/cuartetoenlaweb.com.ar\\\/sitio\\\/karina-milei-afronta-la-designacion-de-un-cargo-clave-para-disputarle-poder-a-villarruel\\\/#breadcrumb\",\"itemListElement\":[{\"@type\":\"ListItem\",\"position\":1,\"name\":\"Portada\",\"item\":\"http:\\\/\\\/cuartetoenlaweb.com.ar\\\/sitio\\\/\"},{\"@type\":\"ListItem\",\"position\":2,\"name\":\"Karina Milei afronta la designaci\u00f3n de un cargo clave para disputarle poder a Villarruel\"}]},{\"@type\":\"WebSite\",\"@id\":\"http:\\\/\\\/cuartetoenlaweb.com.ar\\\/sitio\\\/#website\",\"url\":\"http:\\\/\\\/cuartetoenlaweb.com.ar\\\/sitio\\\/\",\"name\":\"Cuarteto en la Web\",\"description\":\"\",\"publisher\":{\"@id\":\"http:\\\/\\\/cuartetoenlaweb.com.ar\\\/sitio\\\/#organization\"},\"potentialAction\":[{\"@type\":\"SearchAction\",\"target\":{\"@type\":\"EntryPoint\",\"urlTemplate\":\"http:\\\/\\\/cuartetoenlaweb.com.ar\\\/sitio\\\/?s={search_term_string}\"},\"query-input\":{\"@type\":\"PropertyValueSpecification\",\"valueRequired\":true,\"valueName\":\"search_term_string\"}}],\"inLanguage\":\"es\"},{\"@type\":\"Organization\",\"@id\":\"http:\\\/\\\/cuartetoenlaweb.com.ar\\\/sitio\\\/#organization\",\"name\":\"Cuarteto en la Web\",\"url\":\"http:\\\/\\\/cuartetoenlaweb.com.ar\\\/sitio\\\/\",\"logo\":{\"@type\":\"ImageObject\",\"inLanguage\":\"es\",\"@id\":\"http:\\\/\\\/cuartetoenlaweb.com.ar\\\/sitio\\\/#\\\/schema\\\/logo\\\/image\\\/\",\"url\":\"https:\\\/\\\/cuartetoenlaweb.com.ar\\\/sitio\\\/wp-content\\\/uploads\\\/2025\\\/07\\\/cropped-cropped-logitoweb21.png\",\"contentUrl\":\"https:\\\/\\\/cuartetoenlaweb.com.ar\\\/sitio\\\/wp-content\\\/uploads\\\/2025\\\/07\\\/cropped-cropped-logitoweb21.png\",\"width\":199,\"height\":199,\"caption\":\"Cuarteto en la Web\"},\"image\":{\"@id\":\"http:\\\/\\\/cuartetoenlaweb.com.ar\\\/sitio\\\/#\\\/schema\\\/logo\\\/image\\\/\"}}]}<\/script>\n<!-- \/ Yoast SEO plugin. -->","yoast_head_json":{"title":"Karina Milei afronta la designaci\u00f3n de un cargo clave para disputarle poder a Villarruel - Cuarteto en la Web","robots":{"index":"index","follow":"follow","max-snippet":"max-snippet:-1","max-image-preview":"max-image-preview:large","max-video-preview":"max-video-preview:-1"},"canonical":"https:\/\/cuartetoenlaweb.com.ar\/sitio\/karina-milei-afronta-la-designacion-de-un-cargo-clave-para-disputarle-poder-a-villarruel\/","og_locale":"es_ES","og_type":"article","og_title":"Karina Milei afronta la designaci\u00f3n de un cargo clave para disputarle poder a Villarruel - Cuarteto en la Web","og_description":"La \u00faltima semana de febrero tendr\u00e1 como protagonistas a las","og_url":"https:\/\/cuartetoenlaweb.com.ar\/sitio\/karina-milei-afronta-la-designacion-de-un-cargo-clave-para-disputarle-poder-a-villarruel\/","og_site_name":"Cuarteto en la Web","article_published_time":"2026-02-22T12:00:24+00:00","og_image":[{"url":"https:\/\/www.cronista.com\/resizer\/v2\/5EBFNZKGXNDVDECDSI733IYZJ4.jpg?auth=58396fe1705872c6fde325610aa811598eb3180417fe6caf68a7c4ea699d84cf&amp;smart=true&amp;width=2560&amp;height=1727","type":"","width":"","height":""}],"twitter_card":"summary_large_image","twitter_misc":{"Tiempo de lectura":"3 minutos"},"schema":{"@context":"https:\/\/schema.org","@graph":[{"@type":"Article","@id":"https:\/\/cuartetoenlaweb.com.ar\/sitio\/karina-milei-afronta-la-designacion-de-un-cargo-clave-para-disputarle-poder-a-villarruel\/#article","isPartOf":{"@id":"https:\/\/cuartetoenlaweb.com.ar\/sitio\/karina-milei-afronta-la-designacion-de-un-cargo-clave-para-disputarle-poder-a-villarruel\/"},"author":{"name":"","@id":""},"headline":"Karina Milei afronta la designaci\u00f3n de un cargo clave para disputarle poder a Villarruel","datePublished":"2026-02-22T12:00:24+00:00","mainEntityOfPage":{"@id":"https:\/\/cuartetoenlaweb.com.ar\/sitio\/karina-milei-afronta-la-designacion-de-un-cargo-clave-para-disputarle-poder-a-villarruel\/"},"wordCount":688,"publisher":{"@id":"http:\/\/cuartetoenlaweb.com.ar\/sitio\/#organization"},"image":{"@id":"https:\/\/cuartetoenlaweb.com.ar\/sitio\/karina-milei-afronta-la-designacion-de-un-cargo-clave-para-disputarle-poder-a-villarruel\/#primaryimage"},"thumbnailUrl":"https:\/\/www.cronista.com\/resizer\/v2\/5EBFNZKGXNDVDECDSI733IYZJ4.jpg?auth=58396fe1705872c6fde325610aa811598eb3180417fe6caf68a7c4ea699d84cf&amp;smart=true&amp;width=2560&amp;height=1727","articleSection":["PAIS"],"inLanguage":"es"},{"@type":"WebPage","@id":"https:\/\/cuartetoenlaweb.com.ar\/sitio\/karina-milei-afronta-la-designacion-de-un-cargo-clave-para-disputarle-poder-a-villarruel\/","url":"https:\/\/cuartetoenlaweb.com.ar\/sitio\/karina-milei-afronta-la-designacion-de-un-cargo-clave-para-disputarle-poder-a-villarruel\/","name":"Karina Milei afronta la designaci\u00f3n de un cargo clave para disputarle poder a Villarruel - Cuarteto en la Web","isPartOf":{"@id":"http:\/\/cuartetoenlaweb.com.ar\/sitio\/#website"},"primaryImageOfPage":{"@id":"https:\/\/cuartetoenlaweb.com.ar\/sitio\/karina-milei-afronta-la-designacion-de-un-cargo-clave-para-disputarle-poder-a-villarruel\/#primaryimage"},"image":{"@id":"https:\/\/cuartetoenlaweb.com.ar\/sitio\/karina-milei-afronta-la-designacion-de-un-cargo-clave-para-disputarle-poder-a-villarruel\/#primaryimage"},"thumbnailUrl":"https:\/\/www.cronista.com\/resizer\/v2\/5EBFNZKGXNDVDECDSI733IYZJ4.jpg?auth=58396fe1705872c6fde325610aa811598eb3180417fe6caf68a7c4ea699d84cf&amp;smart=true&amp;width=2560&amp;height=1727","datePublished":"2026-02-22T12:00:24+00:00","breadcrumb":{"@id":"https:\/\/cuartetoenlaweb.com.ar\/sitio\/karina-milei-afronta-la-designacion-de-un-cargo-clave-para-disputarle-poder-a-villarruel\/#breadcrumb"},"inLanguage":"es","potentialAction":[{"@type":"ReadAction","target":["https:\/\/cuartetoenlaweb.com.ar\/sitio\/karina-milei-afronta-la-designacion-de-un-cargo-clave-para-disputarle-poder-a-villarruel\/"]}]},{"@type":"ImageObject","inLanguage":"es","@id":"https:\/\/cuartetoenlaweb.com.ar\/sitio\/karina-milei-afronta-la-designacion-de-un-cargo-clave-para-disputarle-poder-a-villarruel\/#primaryimage","url":"https:\/\/www.cronista.com\/resizer\/v2\/5EBFNZKGXNDVDECDSI733IYZJ4.jpg?auth=58396fe1705872c6fde325610aa811598eb3180417fe6caf68a7c4ea699d84cf&amp;smart=true&amp;width=2560&amp;height=1727","contentUrl":"https:\/\/www.cronista.com\/resizer\/v2\/5EBFNZKGXNDVDECDSI733IYZJ4.jpg?auth=58396fe1705872c6fde325610aa811598eb3180417fe6caf68a7c4ea699d84cf&amp;smart=true&amp;width=2560&amp;height=1727"},{"@type":"BreadcrumbList","@id":"https:\/\/cuartetoenlaweb.com.ar\/sitio\/karina-milei-afronta-la-designacion-de-un-cargo-clave-para-disputarle-poder-a-villarruel\/#breadcrumb","itemListElement":[{"@type":"ListItem","position":1,"name":"Portada","item":"http:\/\/cuartetoenlaweb.com.ar\/sitio\/"},{"@type":"ListItem","position":2,"name":"Karina Milei afronta la designaci\u00f3n de un cargo clave para disputarle poder a Villarruel"}]},{"@type":"WebSite","@id":"http:\/\/cuartetoenlaweb.com.ar\/sitio\/#website","url":"http:\/\/cuartetoenlaweb.com.ar\/sitio\/","name":"Cuarteto en la Web","description":"","publisher":{"@id":"http:\/\/cuartetoenlaweb.com.ar\/sitio\/#organization"},"potentialAction":[{"@type":"SearchAction","target":{"@type":"EntryPoint","urlTemplate":"http:\/\/cuartetoenlaweb.com.ar\/sitio\/?s={search_term_string}"},"query-input":{"@type":"PropertyValueSpecification","valueRequired":true,"valueName":"search_term_string"}}],"inLanguage":"es"},{"@type":"Organization","@id":"http:\/\/cuartetoenlaweb.com.ar\/sitio\/#organization","name":"Cuarteto en la Web","url":"http:\/\/cuartetoenlaweb.com.ar\/sitio\/","logo":{"@type":"ImageObject","inLanguage":"es","@id":"http:\/\/cuartetoenlaweb.com.ar\/sitio\/#\/schema\/logo\/image\/","url":"https:\/\/cuartetoenlaweb.com.ar\/sitio\/wp-content\/uploads\/2025\/07\/cropped-cropped-logitoweb21.png","contentUrl":"https:\/\/cuartetoenlaweb.com.ar\/sitio\/wp-content\/uploads\/2025\/07\/cropped-cropped-logitoweb21.png","width":199,"height":199,"caption":"Cuarteto en la Web"},"image":{"@id":"http:\/\/cuartetoenlaweb.com.ar\/sitio\/#\/schema\/logo\/image\/"}}]}},"_links":{"self":[{"href":"https:\/\/cuartetoenlaweb.com.ar\/sitio\/wp-json\/wp\/v2\/posts\/12423","targetHints":{"allow":["GET"]}}],"collection":[{"href":"https:\/\/cuartetoenlaweb.com.ar\/sitio\/wp-json\/wp\/v2\/posts"}],"about":[{"href":"https:\/\/cuartetoenlaweb.com.ar\/sitio\/wp-json\/wp\/v2\/types\/post"}],"replies":[{"embeddable":true,"href":"https:\/\/cuartetoenlaweb.com.ar\/sitio\/wp-json\/wp\/v2\/comments?post=12423"}],"version-history":[{"count":0,"href":"https:\/\/cuartetoenlaweb.com.ar\/sitio\/wp-json\/wp\/v2\/posts\/12423\/revisions"}],"wp:attachment":[{"href":"https:\/\/cuartetoenlaweb.com.ar\/sitio\/wp-json\/wp\/v2\/media?parent=12423"}],"wp:term":[{"taxonomy":"category","embeddable":true,"href":"https:\/\/cuartetoenlaweb.com.ar\/sitio\/wp-json\/wp\/v2\/categories?post=12423"},{"taxonomy":"post_tag","embeddable":true,"href":"https:\/\/cuartetoenlaweb.com.ar\/sitio\/wp-json\/wp\/v2\/tags?post=12423"}],"curies":[{"name":"wp","href":"https:\/\/api.w.org\/{rel}","templated":true}]}}