
{"id":12181,"date":"2026-02-19T19:01:01","date_gmt":"2026-02-19T22:01:01","guid":{"rendered":"https:\/\/cuartetoenlaweb.com.ar\/sitio\/lilita-carrio-dio-su-opinion-sobre-la-reforma-laboral-y-no-dejo-dudas-esto-es-inhumano\/"},"modified":"2026-02-19T19:01:01","modified_gmt":"2026-02-19T22:01:01","slug":"lilita-carrio-dio-su-opinion-sobre-la-reforma-laboral-y-no-dejo-dudas-esto-es-inhumano","status":"publish","type":"post","link":"https:\/\/cuartetoenlaweb.com.ar\/sitio\/lilita-carrio-dio-su-opinion-sobre-la-reforma-laboral-y-no-dejo-dudas-esto-es-inhumano\/","title":{"rendered":"Lilita Carri\u00f3 dio su opini\u00f3n sobre la Reforma Laboral y no dej\u00f3 dudas: \u201cEsto es inhumano&quot;"},"content":{"rendered":"<p>La ex diputada, que dej\u00f3 en claro que considera que tiene que haber una Reforma Laboral, considera que la presentada por el gobierno es \u201cinhumana\u201d.<\/p>\n<p>Lilita cont\u00f3 que una empleada suya, cuyo esposo sufri\u00f3 un ACV y que no va a trabajar porque tiene que estar al lado de su marido, lo que consider\u00f3 una cuesti\u00f3n de humanidad.<\/p>\n<p>La diputada reconoce incluso que pudo haber habido abusos con el tema de las licencias pero claramente la soluci\u00f3n que busc\u00f3 el Gobierno no es la mejor para las personas, tan es as\u00ed que tuvieron que dar marcha atr\u00e1s con la misma.<\/p>\n","protected":false},"excerpt":{"rendered":"<p>La ex diputada, que dej\u00f3 en claro que considera que<\/p>\n","protected":false},"author":0,"featured_media":12182,"comment_status":"","ping_status":"","sticky":false,"template":"","format":"standard","meta":{"footnotes":""},"categories":[65],"tags":[],"class_list":["post-12181","post","type-post","status-publish","format-standard","has-post-thumbnail","hentry","category-pais"],"yoast_head":"<!-- This site is optimized with the Yoast SEO plugin v27.4 - https:\/\/yoast.com\/product\/yoast-seo-wordpress\/ -->\n<title>Lilita Carri\u00f3 dio su opini\u00f3n sobre la Reforma Laboral y no dej\u00f3 dudas: \u201cEsto es inhumano&quot; - Cuarteto en la Web<\/title>\n<meta name=\"robots\" content=\"index, follow, max-snippet:-1, max-image-preview:large, max-video-preview:-1\" \/>\n<link rel=\"canonical\" href=\"https:\/\/cuartetoenlaweb.com.ar\/sitio\/lilita-carrio-dio-su-opinion-sobre-la-reforma-laboral-y-no-dejo-dudas-esto-es-inhumano\/\" \/>\n<meta property=\"og:locale\" content=\"es_ES\" \/>\n<meta property=\"og:type\" content=\"article\" \/>\n<meta property=\"og:title\" content=\"Lilita Carri\u00f3 dio su opini\u00f3n sobre la Reforma Laboral y no dej\u00f3 dudas: \u201cEsto es inhumano&quot; - Cuarteto en la Web\" \/>\n<meta property=\"og:description\" content=\"La ex diputada, que dej\u00f3 en claro que considera que\" \/>\n<meta property=\"og:url\" content=\"https:\/\/cuartetoenlaweb.com.ar\/sitio\/lilita-carrio-dio-su-opinion-sobre-la-reforma-laboral-y-no-dejo-dudas-esto-es-inhumano\/\" \/>\n<meta property=\"og:site_name\" content=\"Cuarteto en la Web\" \/>\n<meta property=\"article:published_time\" content=\"2026-02-19T22:01:01+00:00\" \/>\n<meta property=\"og:image\" content=\"https:\/\/cuartetoenlaweb.com.ar\/sitio\/wp-content\/uploads\/2026\/02\/720-235.jpeg\" \/>\n\t<meta property=\"og:image:width\" content=\"1008\" \/>\n\t<meta property=\"og:image:height\" content=\"720\" \/>\n\t<meta property=\"og:image:type\" content=\"image\/jpeg\" \/>\n<meta name=\"twitter:card\" content=\"summary_large_image\" \/>\n<meta name=\"twitter:label1\" content=\"Tiempo de lectura\" \/>\n\t<meta name=\"twitter:data1\" content=\"1 minuto\" \/>\n<script type=\"application\/ld+json\" class=\"yoast-schema-graph\">{\"@context\":\"https:\\\/\\\/schema.org\",\"@graph\":[{\"@type\":\"Article\",\"@id\":\"https:\\\/\\\/cuartetoenlaweb.com.ar\\\/sitio\\\/lilita-carrio-dio-su-opinion-sobre-la-reforma-laboral-y-no-dejo-dudas-esto-es-inhumano\\\/#article\",\"isPartOf\":{\"@id\":\"https:\\\/\\\/cuartetoenlaweb.com.ar\\\/sitio\\\/lilita-carrio-dio-su-opinion-sobre-la-reforma-laboral-y-no-dejo-dudas-esto-es-inhumano\\\/\"},\"author\":{\"name\":\"\",\"@id\":\"\"},\"headline\":\"Lilita Carri\u00f3 dio su opini\u00f3n sobre la Reforma Laboral y no dej\u00f3 dudas: \u201cEsto es inhumano&quot;\",\"datePublished\":\"2026-02-19T22:01:01+00:00\",\"mainEntityOfPage\":{\"@id\":\"https:\\\/\\\/cuartetoenlaweb.com.ar\\\/sitio\\\/lilita-carrio-dio-su-opinion-sobre-la-reforma-laboral-y-no-dejo-dudas-esto-es-inhumano\\\/\"},\"wordCount\":121,\"publisher\":{\"@id\":\"http:\\\/\\\/cuartetoenlaweb.com.ar\\\/sitio\\\/#organization\"},\"image\":{\"@id\":\"https:\\\/\\\/cuartetoenlaweb.com.ar\\\/sitio\\\/lilita-carrio-dio-su-opinion-sobre-la-reforma-laboral-y-no-dejo-dudas-esto-es-inhumano\\\/#primaryimage\"},\"thumbnailUrl\":\"https:\\\/\\\/cuartetoenlaweb.com.ar\\\/sitio\\\/wp-content\\\/uploads\\\/2026\\\/02\\\/720-235.jpeg\",\"articleSection\":[\"PAIS\"],\"inLanguage\":\"es\"},{\"@type\":\"WebPage\",\"@id\":\"https:\\\/\\\/cuartetoenlaweb.com.ar\\\/sitio\\\/lilita-carrio-dio-su-opinion-sobre-la-reforma-laboral-y-no-dejo-dudas-esto-es-inhumano\\\/\",\"url\":\"https:\\\/\\\/cuartetoenlaweb.com.ar\\\/sitio\\\/lilita-carrio-dio-su-opinion-sobre-la-reforma-laboral-y-no-dejo-dudas-esto-es-inhumano\\\/\",\"name\":\"Lilita Carri\u00f3 dio su opini\u00f3n sobre la Reforma Laboral y no dej\u00f3 dudas: \u201cEsto es inhumano&quot; - Cuarteto en la Web\",\"isPartOf\":{\"@id\":\"http:\\\/\\\/cuartetoenlaweb.com.ar\\\/sitio\\\/#website\"},\"primaryImageOfPage\":{\"@id\":\"https:\\\/\\\/cuartetoenlaweb.com.ar\\\/sitio\\\/lilita-carrio-dio-su-opinion-sobre-la-reforma-laboral-y-no-dejo-dudas-esto-es-inhumano\\\/#primaryimage\"},\"image\":{\"@id\":\"https:\\\/\\\/cuartetoenlaweb.com.ar\\\/sitio\\\/lilita-carrio-dio-su-opinion-sobre-la-reforma-laboral-y-no-dejo-dudas-esto-es-inhumano\\\/#primaryimage\"},\"thumbnailUrl\":\"https:\\\/\\\/cuartetoenlaweb.com.ar\\\/sitio\\\/wp-content\\\/uploads\\\/2026\\\/02\\\/720-235.jpeg\",\"datePublished\":\"2026-02-19T22:01:01+00:00\",\"breadcrumb\":{\"@id\":\"https:\\\/\\\/cuartetoenlaweb.com.ar\\\/sitio\\\/lilita-carrio-dio-su-opinion-sobre-la-reforma-laboral-y-no-dejo-dudas-esto-es-inhumano\\\/#breadcrumb\"},\"inLanguage\":\"es\",\"potentialAction\":[{\"@type\":\"ReadAction\",\"target\":[\"https:\\\/\\\/cuartetoenlaweb.com.ar\\\/sitio\\\/lilita-carrio-dio-su-opinion-sobre-la-reforma-laboral-y-no-dejo-dudas-esto-es-inhumano\\\/\"]}]},{\"@type\":\"ImageObject\",\"inLanguage\":\"es\",\"@id\":\"https:\\\/\\\/cuartetoenlaweb.com.ar\\\/sitio\\\/lilita-carrio-dio-su-opinion-sobre-la-reforma-laboral-y-no-dejo-dudas-esto-es-inhumano\\\/#primaryimage\",\"url\":\"https:\\\/\\\/cuartetoenlaweb.com.ar\\\/sitio\\\/wp-content\\\/uploads\\\/2026\\\/02\\\/720-235.jpeg\",\"contentUrl\":\"https:\\\/\\\/cuartetoenlaweb.com.ar\\\/sitio\\\/wp-content\\\/uploads\\\/2026\\\/02\\\/720-235.jpeg\",\"width\":1008,\"height\":720},{\"@type\":\"BreadcrumbList\",\"@id\":\"https:\\\/\\\/cuartetoenlaweb.com.ar\\\/sitio\\\/lilita-carrio-dio-su-opinion-sobre-la-reforma-laboral-y-no-dejo-dudas-esto-es-inhumano\\\/#breadcrumb\",\"itemListElement\":[{\"@type\":\"ListItem\",\"position\":1,\"name\":\"Portada\",\"item\":\"http:\\\/\\\/cuartetoenlaweb.com.ar\\\/sitio\\\/\"},{\"@type\":\"ListItem\",\"position\":2,\"name\":\"Lilita Carri\u00f3 dio su opini\u00f3n sobre la Reforma Laboral y no dej\u00f3 dudas: \u201cEsto es inhumano&quot;\"}]},{\"@type\":\"WebSite\",\"@id\":\"http:\\\/\\\/cuartetoenlaweb.com.ar\\\/sitio\\\/#website\",\"url\":\"http:\\\/\\\/cuartetoenlaweb.com.ar\\\/sitio\\\/\",\"name\":\"Cuarteto en la Web\",\"description\":\"\",\"publisher\":{\"@id\":\"http:\\\/\\\/cuartetoenlaweb.com.ar\\\/sitio\\\/#organization\"},\"potentialAction\":[{\"@type\":\"SearchAction\",\"target\":{\"@type\":\"EntryPoint\",\"urlTemplate\":\"http:\\\/\\\/cuartetoenlaweb.com.ar\\\/sitio\\\/?s={search_term_string}\"},\"query-input\":{\"@type\":\"PropertyValueSpecification\",\"valueRequired\":true,\"valueName\":\"search_term_string\"}}],\"inLanguage\":\"es\"},{\"@type\":\"Organization\",\"@id\":\"http:\\\/\\\/cuartetoenlaweb.com.ar\\\/sitio\\\/#organization\",\"name\":\"Cuarteto en la Web\",\"url\":\"http:\\\/\\\/cuartetoenlaweb.com.ar\\\/sitio\\\/\",\"logo\":{\"@type\":\"ImageObject\",\"inLanguage\":\"es\",\"@id\":\"http:\\\/\\\/cuartetoenlaweb.com.ar\\\/sitio\\\/#\\\/schema\\\/logo\\\/image\\\/\",\"url\":\"https:\\\/\\\/cuartetoenlaweb.com.ar\\\/sitio\\\/wp-content\\\/uploads\\\/2025\\\/07\\\/cropped-cropped-logitoweb21.png\",\"contentUrl\":\"https:\\\/\\\/cuartetoenlaweb.com.ar\\\/sitio\\\/wp-content\\\/uploads\\\/2025\\\/07\\\/cropped-cropped-logitoweb21.png\",\"width\":199,\"height\":199,\"caption\":\"Cuarteto en la Web\"},\"image\":{\"@id\":\"http:\\\/\\\/cuartetoenlaweb.com.ar\\\/sitio\\\/#\\\/schema\\\/logo\\\/image\\\/\"}}]}<\/script>\n<!-- \/ Yoast SEO plugin. -->","yoast_head_json":{"title":"Lilita Carri\u00f3 dio su opini\u00f3n sobre la Reforma Laboral y no dej\u00f3 dudas: \u201cEsto es inhumano&quot; - Cuarteto en la Web","robots":{"index":"index","follow":"follow","max-snippet":"max-snippet:-1","max-image-preview":"max-image-preview:large","max-video-preview":"max-video-preview:-1"},"canonical":"https:\/\/cuartetoenlaweb.com.ar\/sitio\/lilita-carrio-dio-su-opinion-sobre-la-reforma-laboral-y-no-dejo-dudas-esto-es-inhumano\/","og_locale":"es_ES","og_type":"article","og_title":"Lilita Carri\u00f3 dio su opini\u00f3n sobre la Reforma Laboral y no dej\u00f3 dudas: \u201cEsto es inhumano&quot; - Cuarteto en la Web","og_description":"La ex diputada, que dej\u00f3 en claro que considera que","og_url":"https:\/\/cuartetoenlaweb.com.ar\/sitio\/lilita-carrio-dio-su-opinion-sobre-la-reforma-laboral-y-no-dejo-dudas-esto-es-inhumano\/","og_site_name":"Cuarteto en la Web","article_published_time":"2026-02-19T22:01:01+00:00","og_image":[{"width":1008,"height":720,"url":"https:\/\/cuartetoenlaweb.com.ar\/sitio\/wp-content\/uploads\/2026\/02\/720-235.jpeg","type":"image\/jpeg"}],"twitter_card":"summary_large_image","twitter_misc":{"Tiempo de lectura":"1 minuto"},"schema":{"@context":"https:\/\/schema.org","@graph":[{"@type":"Article","@id":"https:\/\/cuartetoenlaweb.com.ar\/sitio\/lilita-carrio-dio-su-opinion-sobre-la-reforma-laboral-y-no-dejo-dudas-esto-es-inhumano\/#article","isPartOf":{"@id":"https:\/\/cuartetoenlaweb.com.ar\/sitio\/lilita-carrio-dio-su-opinion-sobre-la-reforma-laboral-y-no-dejo-dudas-esto-es-inhumano\/"},"author":{"name":"","@id":""},"headline":"Lilita Carri\u00f3 dio su opini\u00f3n sobre la Reforma Laboral y no dej\u00f3 dudas: \u201cEsto es inhumano&quot;","datePublished":"2026-02-19T22:01:01+00:00","mainEntityOfPage":{"@id":"https:\/\/cuartetoenlaweb.com.ar\/sitio\/lilita-carrio-dio-su-opinion-sobre-la-reforma-laboral-y-no-dejo-dudas-esto-es-inhumano\/"},"wordCount":121,"publisher":{"@id":"http:\/\/cuartetoenlaweb.com.ar\/sitio\/#organization"},"image":{"@id":"https:\/\/cuartetoenlaweb.com.ar\/sitio\/lilita-carrio-dio-su-opinion-sobre-la-reforma-laboral-y-no-dejo-dudas-esto-es-inhumano\/#primaryimage"},"thumbnailUrl":"https:\/\/cuartetoenlaweb.com.ar\/sitio\/wp-content\/uploads\/2026\/02\/720-235.jpeg","articleSection":["PAIS"],"inLanguage":"es"},{"@type":"WebPage","@id":"https:\/\/cuartetoenlaweb.com.ar\/sitio\/lilita-carrio-dio-su-opinion-sobre-la-reforma-laboral-y-no-dejo-dudas-esto-es-inhumano\/","url":"https:\/\/cuartetoenlaweb.com.ar\/sitio\/lilita-carrio-dio-su-opinion-sobre-la-reforma-laboral-y-no-dejo-dudas-esto-es-inhumano\/","name":"Lilita Carri\u00f3 dio su opini\u00f3n sobre la Reforma Laboral y no dej\u00f3 dudas: \u201cEsto es inhumano&quot; - Cuarteto en la Web","isPartOf":{"@id":"http:\/\/cuartetoenlaweb.com.ar\/sitio\/#website"},"primaryImageOfPage":{"@id":"https:\/\/cuartetoenlaweb.com.ar\/sitio\/lilita-carrio-dio-su-opinion-sobre-la-reforma-laboral-y-no-dejo-dudas-esto-es-inhumano\/#primaryimage"},"image":{"@id":"https:\/\/cuartetoenlaweb.com.ar\/sitio\/lilita-carrio-dio-su-opinion-sobre-la-reforma-laboral-y-no-dejo-dudas-esto-es-inhumano\/#primaryimage"},"thumbnailUrl":"https:\/\/cuartetoenlaweb.com.ar\/sitio\/wp-content\/uploads\/2026\/02\/720-235.jpeg","datePublished":"2026-02-19T22:01:01+00:00","breadcrumb":{"@id":"https:\/\/cuartetoenlaweb.com.ar\/sitio\/lilita-carrio-dio-su-opinion-sobre-la-reforma-laboral-y-no-dejo-dudas-esto-es-inhumano\/#breadcrumb"},"inLanguage":"es","potentialAction":[{"@type":"ReadAction","target":["https:\/\/cuartetoenlaweb.com.ar\/sitio\/lilita-carrio-dio-su-opinion-sobre-la-reforma-laboral-y-no-dejo-dudas-esto-es-inhumano\/"]}]},{"@type":"ImageObject","inLanguage":"es","@id":"https:\/\/cuartetoenlaweb.com.ar\/sitio\/lilita-carrio-dio-su-opinion-sobre-la-reforma-laboral-y-no-dejo-dudas-esto-es-inhumano\/#primaryimage","url":"https:\/\/cuartetoenlaweb.com.ar\/sitio\/wp-content\/uploads\/2026\/02\/720-235.jpeg","contentUrl":"https:\/\/cuartetoenlaweb.com.ar\/sitio\/wp-content\/uploads\/2026\/02\/720-235.jpeg","width":1008,"height":720},{"@type":"BreadcrumbList","@id":"https:\/\/cuartetoenlaweb.com.ar\/sitio\/lilita-carrio-dio-su-opinion-sobre-la-reforma-laboral-y-no-dejo-dudas-esto-es-inhumano\/#breadcrumb","itemListElement":[{"@type":"ListItem","position":1,"name":"Portada","item":"http:\/\/cuartetoenlaweb.com.ar\/sitio\/"},{"@type":"ListItem","position":2,"name":"Lilita Carri\u00f3 dio su opini\u00f3n sobre la Reforma Laboral y no dej\u00f3 dudas: \u201cEsto es inhumano&quot;"}]},{"@type":"WebSite","@id":"http:\/\/cuartetoenlaweb.com.ar\/sitio\/#website","url":"http:\/\/cuartetoenlaweb.com.ar\/sitio\/","name":"Cuarteto en la Web","description":"","publisher":{"@id":"http:\/\/cuartetoenlaweb.com.ar\/sitio\/#organization"},"potentialAction":[{"@type":"SearchAction","target":{"@type":"EntryPoint","urlTemplate":"http:\/\/cuartetoenlaweb.com.ar\/sitio\/?s={search_term_string}"},"query-input":{"@type":"PropertyValueSpecification","valueRequired":true,"valueName":"search_term_string"}}],"inLanguage":"es"},{"@type":"Organization","@id":"http:\/\/cuartetoenlaweb.com.ar\/sitio\/#organization","name":"Cuarteto en la Web","url":"http:\/\/cuartetoenlaweb.com.ar\/sitio\/","logo":{"@type":"ImageObject","inLanguage":"es","@id":"http:\/\/cuartetoenlaweb.com.ar\/sitio\/#\/schema\/logo\/image\/","url":"https:\/\/cuartetoenlaweb.com.ar\/sitio\/wp-content\/uploads\/2025\/07\/cropped-cropped-logitoweb21.png","contentUrl":"https:\/\/cuartetoenlaweb.com.ar\/sitio\/wp-content\/uploads\/2025\/07\/cropped-cropped-logitoweb21.png","width":199,"height":199,"caption":"Cuarteto en la Web"},"image":{"@id":"http:\/\/cuartetoenlaweb.com.ar\/sitio\/#\/schema\/logo\/image\/"}}]}},"_links":{"self":[{"href":"https:\/\/cuartetoenlaweb.com.ar\/sitio\/wp-json\/wp\/v2\/posts\/12181","targetHints":{"allow":["GET"]}}],"collection":[{"href":"https:\/\/cuartetoenlaweb.com.ar\/sitio\/wp-json\/wp\/v2\/posts"}],"about":[{"href":"https:\/\/cuartetoenlaweb.com.ar\/sitio\/wp-json\/wp\/v2\/types\/post"}],"replies":[{"embeddable":true,"href":"https:\/\/cuartetoenlaweb.com.ar\/sitio\/wp-json\/wp\/v2\/comments?post=12181"}],"version-history":[{"count":0,"href":"https:\/\/cuartetoenlaweb.com.ar\/sitio\/wp-json\/wp\/v2\/posts\/12181\/revisions"}],"wp:featuredmedia":[{"embeddable":true,"href":"https:\/\/cuartetoenlaweb.com.ar\/sitio\/wp-json\/wp\/v2\/media\/12182"}],"wp:attachment":[{"href":"https:\/\/cuartetoenlaweb.com.ar\/sitio\/wp-json\/wp\/v2\/media?parent=12181"}],"wp:term":[{"taxonomy":"category","embeddable":true,"href":"https:\/\/cuartetoenlaweb.com.ar\/sitio\/wp-json\/wp\/v2\/categories?post=12181"},{"taxonomy":"post_tag","embeddable":true,"href":"https:\/\/cuartetoenlaweb.com.ar\/sitio\/wp-json\/wp\/v2\/tags?post=12181"}],"curies":[{"name":"wp","href":"https:\/\/api.w.org\/{rel}","templated":true}]}}