
{"id":12179,"date":"2026-02-19T19:00:58","date_gmt":"2026-02-19T22:00:58","guid":{"rendered":"https:\/\/cuartetoenlaweb.com.ar\/sitio\/horacio-pietragalla-aseguro-que-la-reforma-nos-retrotrae-a-la-esclavitud-y-le-entrego-un-simbolo-a-menem\/"},"modified":"2026-02-19T19:00:58","modified_gmt":"2026-02-19T22:00:58","slug":"horacio-pietragalla-aseguro-que-la-reforma-nos-retrotrae-a-la-esclavitud-y-le-entrego-un-simbolo-a-menem","status":"publish","type":"post","link":"https:\/\/cuartetoenlaweb.com.ar\/sitio\/horacio-pietragalla-aseguro-que-la-reforma-nos-retrotrae-a-la-esclavitud-y-le-entrego-un-simbolo-a-menem\/","title":{"rendered":"Horacio Pietragalla asegur\u00f3 que la Reforma nos retrotrae a la esclavitud y le entreg\u00f3 un s\u00edmbolo a Menem"},"content":{"rendered":"<p>No es s\u00f3lo el art\u00edculo 44 el que recorta el sueldo de los trabajadores sino que en toda la reforma no hay un s\u00f3lo art\u00edculo que los beneficie. Es por eso que Horacio Pietragalla considera que es un retroceso a la esclavitud y por si a los libertarios no les quedaba claro, dej\u00f3 en el escritorio de Menem una cadena que grafica su ejemplo.<\/p>\n<p>Y es que la idea de aumentar la cantidad de horas de trabajo, el banco de horas, las vacaciones fragmentadas, el FAL y el llamado \u201csalario din\u00e1mico\u201d son todas medidas que benefician a los empleadores.<\/p>\n<p>Obviamente Mart\u00edn Menem intent\u00f3 impedir que las cadenas queden sobre su escritorio pero el mensaje ya estaba enviado.<\/p>\n","protected":false},"excerpt":{"rendered":"<p>No es s\u00f3lo el art\u00edculo 44 el que recorta el<\/p>\n","protected":false},"author":0,"featured_media":12180,"comment_status":"","ping_status":"","sticky":false,"template":"","format":"standard","meta":{"footnotes":""},"categories":[65],"tags":[],"class_list":["post-12179","post","type-post","status-publish","format-standard","has-post-thumbnail","hentry","category-pais"],"yoast_head":"<!-- This site is optimized with the Yoast SEO plugin v27.4 - https:\/\/yoast.com\/product\/yoast-seo-wordpress\/ -->\n<title>Horacio Pietragalla asegur\u00f3 que la Reforma nos retrotrae a la esclavitud y le entreg\u00f3 un s\u00edmbolo a Menem - Cuarteto en la Web<\/title>\n<meta name=\"robots\" content=\"index, follow, max-snippet:-1, max-image-preview:large, max-video-preview:-1\" \/>\n<link rel=\"canonical\" href=\"https:\/\/cuartetoenlaweb.com.ar\/sitio\/horacio-pietragalla-aseguro-que-la-reforma-nos-retrotrae-a-la-esclavitud-y-le-entrego-un-simbolo-a-menem\/\" \/>\n<meta property=\"og:locale\" content=\"es_ES\" \/>\n<meta property=\"og:type\" content=\"article\" \/>\n<meta property=\"og:title\" content=\"Horacio Pietragalla asegur\u00f3 que la Reforma nos retrotrae a la esclavitud y le entreg\u00f3 un s\u00edmbolo a Menem - Cuarteto en la Web\" \/>\n<meta property=\"og:description\" content=\"No es s\u00f3lo el art\u00edculo 44 el que recorta el\" \/>\n<meta property=\"og:url\" content=\"https:\/\/cuartetoenlaweb.com.ar\/sitio\/horacio-pietragalla-aseguro-que-la-reforma-nos-retrotrae-a-la-esclavitud-y-le-entrego-un-simbolo-a-menem\/\" \/>\n<meta property=\"og:site_name\" content=\"Cuarteto en la Web\" \/>\n<meta property=\"article:published_time\" content=\"2026-02-19T22:00:58+00:00\" \/>\n<meta property=\"og:image\" content=\"https:\/\/cuartetoenlaweb.com.ar\/sitio\/wp-content\/uploads\/2026\/02\/720-234.jpeg\" \/>\n\t<meta property=\"og:image:width\" content=\"1280\" \/>\n\t<meta property=\"og:image:height\" content=\"720\" \/>\n\t<meta property=\"og:image:type\" content=\"image\/jpeg\" \/>\n<meta name=\"twitter:card\" content=\"summary_large_image\" \/>\n<meta name=\"twitter:label1\" content=\"Tiempo de lectura\" \/>\n\t<meta name=\"twitter:data1\" content=\"1 minuto\" \/>\n<script type=\"application\/ld+json\" class=\"yoast-schema-graph\">{\"@context\":\"https:\\\/\\\/schema.org\",\"@graph\":[{\"@type\":\"Article\",\"@id\":\"https:\\\/\\\/cuartetoenlaweb.com.ar\\\/sitio\\\/horacio-pietragalla-aseguro-que-la-reforma-nos-retrotrae-a-la-esclavitud-y-le-entrego-un-simbolo-a-menem\\\/#article\",\"isPartOf\":{\"@id\":\"https:\\\/\\\/cuartetoenlaweb.com.ar\\\/sitio\\\/horacio-pietragalla-aseguro-que-la-reforma-nos-retrotrae-a-la-esclavitud-y-le-entrego-un-simbolo-a-menem\\\/\"},\"author\":{\"name\":\"\",\"@id\":\"\"},\"headline\":\"Horacio Pietragalla asegur\u00f3 que la Reforma nos retrotrae a la esclavitud y le entreg\u00f3 un s\u00edmbolo a Menem\",\"datePublished\":\"2026-02-19T22:00:58+00:00\",\"mainEntityOfPage\":{\"@id\":\"https:\\\/\\\/cuartetoenlaweb.com.ar\\\/sitio\\\/horacio-pietragalla-aseguro-que-la-reforma-nos-retrotrae-a-la-esclavitud-y-le-entrego-un-simbolo-a-menem\\\/\"},\"wordCount\":141,\"publisher\":{\"@id\":\"http:\\\/\\\/cuartetoenlaweb.com.ar\\\/sitio\\\/#organization\"},\"image\":{\"@id\":\"https:\\\/\\\/cuartetoenlaweb.com.ar\\\/sitio\\\/horacio-pietragalla-aseguro-que-la-reforma-nos-retrotrae-a-la-esclavitud-y-le-entrego-un-simbolo-a-menem\\\/#primaryimage\"},\"thumbnailUrl\":\"https:\\\/\\\/cuartetoenlaweb.com.ar\\\/sitio\\\/wp-content\\\/uploads\\\/2026\\\/02\\\/720-234.jpeg\",\"articleSection\":[\"PAIS\"],\"inLanguage\":\"es\"},{\"@type\":\"WebPage\",\"@id\":\"https:\\\/\\\/cuartetoenlaweb.com.ar\\\/sitio\\\/horacio-pietragalla-aseguro-que-la-reforma-nos-retrotrae-a-la-esclavitud-y-le-entrego-un-simbolo-a-menem\\\/\",\"url\":\"https:\\\/\\\/cuartetoenlaweb.com.ar\\\/sitio\\\/horacio-pietragalla-aseguro-que-la-reforma-nos-retrotrae-a-la-esclavitud-y-le-entrego-un-simbolo-a-menem\\\/\",\"name\":\"Horacio Pietragalla asegur\u00f3 que la Reforma nos retrotrae a la esclavitud y le entreg\u00f3 un s\u00edmbolo a Menem - Cuarteto en la Web\",\"isPartOf\":{\"@id\":\"http:\\\/\\\/cuartetoenlaweb.com.ar\\\/sitio\\\/#website\"},\"primaryImageOfPage\":{\"@id\":\"https:\\\/\\\/cuartetoenlaweb.com.ar\\\/sitio\\\/horacio-pietragalla-aseguro-que-la-reforma-nos-retrotrae-a-la-esclavitud-y-le-entrego-un-simbolo-a-menem\\\/#primaryimage\"},\"image\":{\"@id\":\"https:\\\/\\\/cuartetoenlaweb.com.ar\\\/sitio\\\/horacio-pietragalla-aseguro-que-la-reforma-nos-retrotrae-a-la-esclavitud-y-le-entrego-un-simbolo-a-menem\\\/#primaryimage\"},\"thumbnailUrl\":\"https:\\\/\\\/cuartetoenlaweb.com.ar\\\/sitio\\\/wp-content\\\/uploads\\\/2026\\\/02\\\/720-234.jpeg\",\"datePublished\":\"2026-02-19T22:00:58+00:00\",\"breadcrumb\":{\"@id\":\"https:\\\/\\\/cuartetoenlaweb.com.ar\\\/sitio\\\/horacio-pietragalla-aseguro-que-la-reforma-nos-retrotrae-a-la-esclavitud-y-le-entrego-un-simbolo-a-menem\\\/#breadcrumb\"},\"inLanguage\":\"es\",\"potentialAction\":[{\"@type\":\"ReadAction\",\"target\":[\"https:\\\/\\\/cuartetoenlaweb.com.ar\\\/sitio\\\/horacio-pietragalla-aseguro-que-la-reforma-nos-retrotrae-a-la-esclavitud-y-le-entrego-un-simbolo-a-menem\\\/\"]}]},{\"@type\":\"ImageObject\",\"inLanguage\":\"es\",\"@id\":\"https:\\\/\\\/cuartetoenlaweb.com.ar\\\/sitio\\\/horacio-pietragalla-aseguro-que-la-reforma-nos-retrotrae-a-la-esclavitud-y-le-entrego-un-simbolo-a-menem\\\/#primaryimage\",\"url\":\"https:\\\/\\\/cuartetoenlaweb.com.ar\\\/sitio\\\/wp-content\\\/uploads\\\/2026\\\/02\\\/720-234.jpeg\",\"contentUrl\":\"https:\\\/\\\/cuartetoenlaweb.com.ar\\\/sitio\\\/wp-content\\\/uploads\\\/2026\\\/02\\\/720-234.jpeg\",\"width\":1280,\"height\":720},{\"@type\":\"BreadcrumbList\",\"@id\":\"https:\\\/\\\/cuartetoenlaweb.com.ar\\\/sitio\\\/horacio-pietragalla-aseguro-que-la-reforma-nos-retrotrae-a-la-esclavitud-y-le-entrego-un-simbolo-a-menem\\\/#breadcrumb\",\"itemListElement\":[{\"@type\":\"ListItem\",\"position\":1,\"name\":\"Portada\",\"item\":\"http:\\\/\\\/cuartetoenlaweb.com.ar\\\/sitio\\\/\"},{\"@type\":\"ListItem\",\"position\":2,\"name\":\"Horacio Pietragalla asegur\u00f3 que la Reforma nos retrotrae a la esclavitud y le entreg\u00f3 un s\u00edmbolo a Menem\"}]},{\"@type\":\"WebSite\",\"@id\":\"http:\\\/\\\/cuartetoenlaweb.com.ar\\\/sitio\\\/#website\",\"url\":\"http:\\\/\\\/cuartetoenlaweb.com.ar\\\/sitio\\\/\",\"name\":\"Cuarteto en la Web\",\"description\":\"\",\"publisher\":{\"@id\":\"http:\\\/\\\/cuartetoenlaweb.com.ar\\\/sitio\\\/#organization\"},\"potentialAction\":[{\"@type\":\"SearchAction\",\"target\":{\"@type\":\"EntryPoint\",\"urlTemplate\":\"http:\\\/\\\/cuartetoenlaweb.com.ar\\\/sitio\\\/?s={search_term_string}\"},\"query-input\":{\"@type\":\"PropertyValueSpecification\",\"valueRequired\":true,\"valueName\":\"search_term_string\"}}],\"inLanguage\":\"es\"},{\"@type\":\"Organization\",\"@id\":\"http:\\\/\\\/cuartetoenlaweb.com.ar\\\/sitio\\\/#organization\",\"name\":\"Cuarteto en la Web\",\"url\":\"http:\\\/\\\/cuartetoenlaweb.com.ar\\\/sitio\\\/\",\"logo\":{\"@type\":\"ImageObject\",\"inLanguage\":\"es\",\"@id\":\"http:\\\/\\\/cuartetoenlaweb.com.ar\\\/sitio\\\/#\\\/schema\\\/logo\\\/image\\\/\",\"url\":\"https:\\\/\\\/cuartetoenlaweb.com.ar\\\/sitio\\\/wp-content\\\/uploads\\\/2025\\\/07\\\/cropped-cropped-logitoweb21.png\",\"contentUrl\":\"https:\\\/\\\/cuartetoenlaweb.com.ar\\\/sitio\\\/wp-content\\\/uploads\\\/2025\\\/07\\\/cropped-cropped-logitoweb21.png\",\"width\":199,\"height\":199,\"caption\":\"Cuarteto en la Web\"},\"image\":{\"@id\":\"http:\\\/\\\/cuartetoenlaweb.com.ar\\\/sitio\\\/#\\\/schema\\\/logo\\\/image\\\/\"}}]}<\/script>\n<!-- \/ Yoast SEO plugin. -->","yoast_head_json":{"title":"Horacio Pietragalla asegur\u00f3 que la Reforma nos retrotrae a la esclavitud y le entreg\u00f3 un s\u00edmbolo a Menem - Cuarteto en la Web","robots":{"index":"index","follow":"follow","max-snippet":"max-snippet:-1","max-image-preview":"max-image-preview:large","max-video-preview":"max-video-preview:-1"},"canonical":"https:\/\/cuartetoenlaweb.com.ar\/sitio\/horacio-pietragalla-aseguro-que-la-reforma-nos-retrotrae-a-la-esclavitud-y-le-entrego-un-simbolo-a-menem\/","og_locale":"es_ES","og_type":"article","og_title":"Horacio Pietragalla asegur\u00f3 que la Reforma nos retrotrae a la esclavitud y le entreg\u00f3 un s\u00edmbolo a Menem - Cuarteto en la Web","og_description":"No es s\u00f3lo el art\u00edculo 44 el que recorta el","og_url":"https:\/\/cuartetoenlaweb.com.ar\/sitio\/horacio-pietragalla-aseguro-que-la-reforma-nos-retrotrae-a-la-esclavitud-y-le-entrego-un-simbolo-a-menem\/","og_site_name":"Cuarteto en la Web","article_published_time":"2026-02-19T22:00:58+00:00","og_image":[{"width":1280,"height":720,"url":"https:\/\/cuartetoenlaweb.com.ar\/sitio\/wp-content\/uploads\/2026\/02\/720-234.jpeg","type":"image\/jpeg"}],"twitter_card":"summary_large_image","twitter_misc":{"Tiempo de lectura":"1 minuto"},"schema":{"@context":"https:\/\/schema.org","@graph":[{"@type":"Article","@id":"https:\/\/cuartetoenlaweb.com.ar\/sitio\/horacio-pietragalla-aseguro-que-la-reforma-nos-retrotrae-a-la-esclavitud-y-le-entrego-un-simbolo-a-menem\/#article","isPartOf":{"@id":"https:\/\/cuartetoenlaweb.com.ar\/sitio\/horacio-pietragalla-aseguro-que-la-reforma-nos-retrotrae-a-la-esclavitud-y-le-entrego-un-simbolo-a-menem\/"},"author":{"name":"","@id":""},"headline":"Horacio Pietragalla asegur\u00f3 que la Reforma nos retrotrae a la esclavitud y le entreg\u00f3 un s\u00edmbolo a Menem","datePublished":"2026-02-19T22:00:58+00:00","mainEntityOfPage":{"@id":"https:\/\/cuartetoenlaweb.com.ar\/sitio\/horacio-pietragalla-aseguro-que-la-reforma-nos-retrotrae-a-la-esclavitud-y-le-entrego-un-simbolo-a-menem\/"},"wordCount":141,"publisher":{"@id":"http:\/\/cuartetoenlaweb.com.ar\/sitio\/#organization"},"image":{"@id":"https:\/\/cuartetoenlaweb.com.ar\/sitio\/horacio-pietragalla-aseguro-que-la-reforma-nos-retrotrae-a-la-esclavitud-y-le-entrego-un-simbolo-a-menem\/#primaryimage"},"thumbnailUrl":"https:\/\/cuartetoenlaweb.com.ar\/sitio\/wp-content\/uploads\/2026\/02\/720-234.jpeg","articleSection":["PAIS"],"inLanguage":"es"},{"@type":"WebPage","@id":"https:\/\/cuartetoenlaweb.com.ar\/sitio\/horacio-pietragalla-aseguro-que-la-reforma-nos-retrotrae-a-la-esclavitud-y-le-entrego-un-simbolo-a-menem\/","url":"https:\/\/cuartetoenlaweb.com.ar\/sitio\/horacio-pietragalla-aseguro-que-la-reforma-nos-retrotrae-a-la-esclavitud-y-le-entrego-un-simbolo-a-menem\/","name":"Horacio Pietragalla asegur\u00f3 que la Reforma nos retrotrae a la esclavitud y le entreg\u00f3 un s\u00edmbolo a Menem - Cuarteto en la Web","isPartOf":{"@id":"http:\/\/cuartetoenlaweb.com.ar\/sitio\/#website"},"primaryImageOfPage":{"@id":"https:\/\/cuartetoenlaweb.com.ar\/sitio\/horacio-pietragalla-aseguro-que-la-reforma-nos-retrotrae-a-la-esclavitud-y-le-entrego-un-simbolo-a-menem\/#primaryimage"},"image":{"@id":"https:\/\/cuartetoenlaweb.com.ar\/sitio\/horacio-pietragalla-aseguro-que-la-reforma-nos-retrotrae-a-la-esclavitud-y-le-entrego-un-simbolo-a-menem\/#primaryimage"},"thumbnailUrl":"https:\/\/cuartetoenlaweb.com.ar\/sitio\/wp-content\/uploads\/2026\/02\/720-234.jpeg","datePublished":"2026-02-19T22:00:58+00:00","breadcrumb":{"@id":"https:\/\/cuartetoenlaweb.com.ar\/sitio\/horacio-pietragalla-aseguro-que-la-reforma-nos-retrotrae-a-la-esclavitud-y-le-entrego-un-simbolo-a-menem\/#breadcrumb"},"inLanguage":"es","potentialAction":[{"@type":"ReadAction","target":["https:\/\/cuartetoenlaweb.com.ar\/sitio\/horacio-pietragalla-aseguro-que-la-reforma-nos-retrotrae-a-la-esclavitud-y-le-entrego-un-simbolo-a-menem\/"]}]},{"@type":"ImageObject","inLanguage":"es","@id":"https:\/\/cuartetoenlaweb.com.ar\/sitio\/horacio-pietragalla-aseguro-que-la-reforma-nos-retrotrae-a-la-esclavitud-y-le-entrego-un-simbolo-a-menem\/#primaryimage","url":"https:\/\/cuartetoenlaweb.com.ar\/sitio\/wp-content\/uploads\/2026\/02\/720-234.jpeg","contentUrl":"https:\/\/cuartetoenlaweb.com.ar\/sitio\/wp-content\/uploads\/2026\/02\/720-234.jpeg","width":1280,"height":720},{"@type":"BreadcrumbList","@id":"https:\/\/cuartetoenlaweb.com.ar\/sitio\/horacio-pietragalla-aseguro-que-la-reforma-nos-retrotrae-a-la-esclavitud-y-le-entrego-un-simbolo-a-menem\/#breadcrumb","itemListElement":[{"@type":"ListItem","position":1,"name":"Portada","item":"http:\/\/cuartetoenlaweb.com.ar\/sitio\/"},{"@type":"ListItem","position":2,"name":"Horacio Pietragalla asegur\u00f3 que la Reforma nos retrotrae a la esclavitud y le entreg\u00f3 un s\u00edmbolo a Menem"}]},{"@type":"WebSite","@id":"http:\/\/cuartetoenlaweb.com.ar\/sitio\/#website","url":"http:\/\/cuartetoenlaweb.com.ar\/sitio\/","name":"Cuarteto en la Web","description":"","publisher":{"@id":"http:\/\/cuartetoenlaweb.com.ar\/sitio\/#organization"},"potentialAction":[{"@type":"SearchAction","target":{"@type":"EntryPoint","urlTemplate":"http:\/\/cuartetoenlaweb.com.ar\/sitio\/?s={search_term_string}"},"query-input":{"@type":"PropertyValueSpecification","valueRequired":true,"valueName":"search_term_string"}}],"inLanguage":"es"},{"@type":"Organization","@id":"http:\/\/cuartetoenlaweb.com.ar\/sitio\/#organization","name":"Cuarteto en la Web","url":"http:\/\/cuartetoenlaweb.com.ar\/sitio\/","logo":{"@type":"ImageObject","inLanguage":"es","@id":"http:\/\/cuartetoenlaweb.com.ar\/sitio\/#\/schema\/logo\/image\/","url":"https:\/\/cuartetoenlaweb.com.ar\/sitio\/wp-content\/uploads\/2025\/07\/cropped-cropped-logitoweb21.png","contentUrl":"https:\/\/cuartetoenlaweb.com.ar\/sitio\/wp-content\/uploads\/2025\/07\/cropped-cropped-logitoweb21.png","width":199,"height":199,"caption":"Cuarteto en la Web"},"image":{"@id":"http:\/\/cuartetoenlaweb.com.ar\/sitio\/#\/schema\/logo\/image\/"}}]}},"_links":{"self":[{"href":"https:\/\/cuartetoenlaweb.com.ar\/sitio\/wp-json\/wp\/v2\/posts\/12179","targetHints":{"allow":["GET"]}}],"collection":[{"href":"https:\/\/cuartetoenlaweb.com.ar\/sitio\/wp-json\/wp\/v2\/posts"}],"about":[{"href":"https:\/\/cuartetoenlaweb.com.ar\/sitio\/wp-json\/wp\/v2\/types\/post"}],"replies":[{"embeddable":true,"href":"https:\/\/cuartetoenlaweb.com.ar\/sitio\/wp-json\/wp\/v2\/comments?post=12179"}],"version-history":[{"count":0,"href":"https:\/\/cuartetoenlaweb.com.ar\/sitio\/wp-json\/wp\/v2\/posts\/12179\/revisions"}],"wp:featuredmedia":[{"embeddable":true,"href":"https:\/\/cuartetoenlaweb.com.ar\/sitio\/wp-json\/wp\/v2\/media\/12180"}],"wp:attachment":[{"href":"https:\/\/cuartetoenlaweb.com.ar\/sitio\/wp-json\/wp\/v2\/media?parent=12179"}],"wp:term":[{"taxonomy":"category","embeddable":true,"href":"https:\/\/cuartetoenlaweb.com.ar\/sitio\/wp-json\/wp\/v2\/categories?post=12179"},{"taxonomy":"post_tag","embeddable":true,"href":"https:\/\/cuartetoenlaweb.com.ar\/sitio\/wp-json\/wp\/v2\/tags?post=12179"}],"curies":[{"name":"wp","href":"https:\/\/api.w.org\/{rel}","templated":true}]}}