
{"id":12173,"date":"2026-02-19T19:00:37","date_gmt":"2026-02-19T22:00:37","guid":{"rendered":"https:\/\/cuartetoenlaweb.com.ar\/sitio\/el-gobierno-nacional-avanza-con-medidas-para-concesionar-o-privatizar-el-complejo-hotelero-de-embalse\/"},"modified":"2026-02-19T19:00:37","modified_gmt":"2026-02-19T22:00:37","slug":"el-gobierno-nacional-avanza-con-medidas-para-concesionar-o-privatizar-el-complejo-hotelero-de-embalse","status":"publish","type":"post","link":"https:\/\/cuartetoenlaweb.com.ar\/sitio\/el-gobierno-nacional-avanza-con-medidas-para-concesionar-o-privatizar-el-complejo-hotelero-de-embalse\/","title":{"rendered":"El Gobierno nacional avanza con medidas para concesionar o privatizar el complejo hotelero de Embalse"},"content":{"rendered":"<p>En la d\u00e9cada de 1950, el Estado nacional dispuso la creaci\u00f3n de \u00e1reas de turismo social con la construcci\u00f3n de dos grandes complejos hoteleros en la cordobesa Embalse y en la bonaerense Chapadmalal. Era una pol\u00edtica dirigida a promover que familias con escasos recursos tambi\u00e9n pudieran vacacionar, subsidiadas por el Estado.<\/p>\n<p>Desde hace m\u00e1s de 30 a\u00f1os, los gobiernos nacionales han ido dejando caer la infraestructura de ambos complejos, que hace tiempo no lucen en las mejoras condiciones. Las inversiones de mantenimiento no alcanzaban para sostener las estructuras tal como funcionaron en su apogeo, en las d\u00e9cadas de 1960 y 1970. <\/p>\n<p>En los \u00faltimos dos a\u00f1os, esa desinversi\u00f3n se acentu\u00f3 a\u00fan m\u00e1s. Con la asunci\u00f3n del gobierno de Javier Milei, pr\u00e1cticamente quedaron cerrados, mientras se evaluaban medidas sobre su destino. <\/p>\n<p>Ahora, a trav\u00e9s de una resoluci\u00f3n publicada en el Bolet\u00edn Oficial, la Agencia de Administraci\u00f3n de Bienes del Estado (AABE) dispuso ya la desafectaci\u00f3n de un sector masivo de la Unidad Tur\u00edstica Embalse, ubicada en el Valle de Calamuchita, en C\u00f3rdoba.<\/p>\n<p>La resoluci\u00f3n 2\/2026, firmada el 13 de febrero, marca el inicio de un proceso administrativo que busca \u201cla racionalizaci\u00f3n del patrimonio inmobiliario estatal\u201d.<\/p>\n<p>No hay certezas en Embalse del destino, pero se habla de concesiones o privatizaciones de todo o de parte del complejo, de m\u00e1s de 600 hect\u00e1reas forestadas, pegadas al mayor lago de C\u00f3rdoba. <\/p>\n<p>El secretario regional de la Asociaci\u00f3n de Trabajadores del Estado (ATE), David Salto, interpret\u00f3 que este decreto significa la decisi\u00f3n del Gobierno nacional de pasar a manos privadas las unidades tur\u00edsticas. Por ello, ya iniciaron acciones de protesta y reclamo en esa zona serrana. <\/p>\n<h2>Pocos detalles<\/h2>\n<p>La resoluci\u00f3n oficial precisa que el inmueble afectado se encuentra sobre la costanera del lago Embalse del r\u00edo Tercero. \u201cSe trata de una superficie total aproximada de 2.324.017 metros cuadrados (m\u00e1s de 230 hect\u00e1reas)\u201d, que hasta ahora se encuentra bajo la jurisdicci\u00f3n de la Secretar\u00eda de Turismo y Ambiente y de la Administraci\u00f3n de Parques Nacionales.<\/p>\n<p>Los informes t\u00e9cnicos detallan c\u00f3mo est\u00e1 compuesto este predio con su infraestructura: siete hoteles (la mayor\u00eda no est\u00e1n en estado operativo), 50 bungalows (m\u00e1s el denominado \u201c51\u201d, destacado por su buen estado de conservaci\u00f3n). piletas de nataci\u00f3n, servicios generales y un museo.<\/p>\n<p>El complejo tambi\u00e9n tiene una capilla, una sede policial, un dispensario, y otras instalaciones. <\/p>\n<p>Durante este verano se habilit\u00f3 parte de unas de las piletas a la vera del lago. <\/p>\n<p>En informes de <b>La Voz<\/b>, se inform\u00f3 meses atr\u00e1s que de los siete hoteles uno est\u00e1 totalmente abandonado, otros en avanzado estado de deterioro por falta de mantenimiento, y solo dos en estado operativo. Al comenzar este verano, desde el Gobierno nacional se anunci\u00f3 que esos dos se volver\u00edan a entregar en concesi\u00f3n para ofrecer al turismo social, pero ya casi sin subsidio estatal, por lo que el movimiento fue muy escaso o nulo. <\/p>\n<p><img loading=\"lazy\" decoding=\"async\" src=\"https:\/\/www.lavoz.com.ar\/resizer\/MA_Z7AFRrHOmd0MNqSGmGXLVaQM=\/cloudfront-us-east-1.images.arcpublishing.com\/grupoclarin\/SWWHPFRNEVGIJMJ2KG3DGM32IE.jpg\" alt=\"Por los hoteles de Embalse. El gremio ATE a nivel regional inici\u00f3 este jueves protestas en calles y rutas de la zona.\" height=\"900\" width=\"1600\" \/><\/p>\n<p>El predio, en general, no luce bien mantenido. <\/p>\n<p>La decisi\u00f3n de la desafectaci\u00f3n del Estado se fundamenta en que las \u00e1reas actualmente a cargo del complejo lo declararon como \u201csin destino\u201d o \u201cinnecesario\u201d para su gesti\u00f3n espec\u00edfica.<\/p>\n<p>El Poder Ejecutivo Nacional busca, a trav\u00e9s de esta medida,\u201dhacer prevalecer el aprovechamiento de los bienes inmuebles estatales, para la ejecuci\u00f3n de pol\u00edticas p\u00fablicas con la optimizaci\u00f3n de recursos\u201d.<\/p>\n<h2>Protecci\u00f3n del Patrimonio Hist\u00f3rico<\/h2>\n<p>Un punto de la resoluci\u00f3n es que admite que el complejo fue declarado Monumento Hist\u00f3rico Nacional en 2013 mediante el decreto 784.<\/p>\n<p>Por ello, la Comisi\u00f3n Nacional de Monumentos, de Lugares y de Bienes Hist\u00f3ricos ha intervenido, estableciendo condiciones estrictas para una eventual futura enajenaci\u00f3n.<\/p>\n<p>Cualquier venta o traspaso, por ejemplo, deber\u00e1 garantizar la preservaci\u00f3n y restauraci\u00f3n de los valores del conjunto tur\u00edstico, incluyendo sus hoteles, senderos y el entorno natural forestado.<\/p>\n<p>Adem\u00e1s, la Comisi\u00f3n (que depende del mismo Gobierno) deber\u00e1 aprobar el pliego definitivo antes de que se concrete cualquier operaci\u00f3n comercial.<\/p>\n<p><img loading=\"lazy\" decoding=\"async\" src=\"https:\/\/www.lavoz.com.ar\/resizer\/S2DBqCjeuANRCmdo0RrJmMQ7C4Q=\/cloudfront-us-east-1.images.arcpublishing.com\/grupoclarin\/CF4A3IB6EFAYLBIAM7XROE5XXE.jpg\" alt=\"El complejo de Embalse representa cientos de hect\u00e1reas de alt\u00edsimo valor, con una infraestructura relevante, aunque con escasa inversi\u00f3n en las \u00faltimas tres d\u00e9cadas. (La Voz)\" height=\"1899\" width=\"2859\" \/><\/p>\n<h2>Exclusiones parciales<\/h2>\n<p>La medida dispuesta implica que no toda la superficie ser\u00e1 desafectada como patrimonio en manos del Estado. <\/p>\n<p>Se han excluido expl\u00edcitamente sectores como la Reserva Natural Educativa Cerro Pistarini (fuera de la zona de hoteles y playas) y las \u00e1reas afectadas por servidumbres de electroductos. Pero la parte destinada a hoteles podr\u00eda integrar paquetes para negociar con inversiones privadas. <\/p>\n<p>Mientras se determina el destino final de las tierras, la custodia y el resguardo de la integridad del inmueble casi sin uso continuar\u00e1n bajo la responsabilidad de la Secretar\u00eda de Turismo y de la Administraci\u00f3n de Parques Nacionales.<\/p>\n<h2>Sectores en alerta<\/h2>\n<p>El gremio Asociaci\u00f3n Trabajadores del Estado (ATE) ha definido ya su hoja de ruta de protestas ante el impacto del decreto nacional. El sindicato anticip\u00f3 que no ser\u00e1 unidireccional, sino que desplegar\u00e1 un plan de lucha integral para confrontar la medida gubernamental.<\/p>\n<p>El gremio advierte que el complejo, de muy alto valor inmobiliario, pasar\u00e1 por esta v\u00eda a manos privadas, sea mediante concesi\u00f3n o privatizaci\u00f3n. <\/p>\n<p><img loading=\"lazy\" decoding=\"async\" src=\"https:\/\/www.lavoz.com.ar\/resizer\/6W8IgeXKR9A2fMk2kfiMwbhxl5Y=\/cloudfront-us-east-1.images.arcpublishing.com\/grupoclarin\/GNMFWMGFUNH2XGMCSCGHFDZEYU.jpg\" alt=\"Embalse: Hoteles de la unidad tur\u00edstica cerrados. (La Voz)\" height=\"867\" width=\"1300\" \/><\/p>\n<p>La estrategia se dividir\u00e1 en tres frentes. El primero es la v\u00eda gremial, con movilizaciones y la organizaci\u00f3n directa de los trabajadores que quedan a\u00fan en el complejo, con posibles cortes de ruta en cercan\u00edas de Embalse. En segundo t\u00e9rmino, el sindicato trasladar\u00e1 el conflicto al plano legislativo, estableciendo un canal de di\u00e1logo y coordinaci\u00f3n activa con diputados y senadores en el Congreso de la Naci\u00f3n para intentar por esa v\u00eda neutralizar los alcances del decreto. Por \u00faltimo, el conflicto llegar\u00eda a los tribunales: el gremio analiza ya interponer acciones legales para proteger el patrimonio y los derechos de los empleados p\u00fablicos. <\/p>\n<p>Si bien la resoluci\u00f3n 2\/2026 de la AABE apunta al destino eventual del complejo estatal de Embalse, no se descarta que uno similar se aplique a su gemelo de Chapadmalal, cercano a Mar del Plata. <\/p>\n<p>Este jueves por la tarde se manten\u00edan reuniones para analizar los caminos a seguir entre el intendente Mario Rivarola (af\u00edn al Gobierno provincial), sectores gremiales e institucionales de Embalse y regi\u00f3n.<\/p>\n<p>El municipio local hab\u00eda gestionado tiempo atr\u00e1s la cesi\u00f3n provisoria de algunas partes del complejo estatal para darles uso y hacerse cargo de su mantenimiento b\u00e1sico, por ejemplo el predio del polideportivo. <\/p>\n<p><img loading=\"lazy\" decoding=\"async\" src=\"https:\/\/www.lavoz.com.ar\/resizer\/EK2HNJrPakV5h-_7yrXK9kdDKho=\/cloudfront-us-east-1.images.arcpublishing.com\/grupoclarin\/A53JCK3GY5EYXMRKB2RIWOK7KM.jpg\" alt=\"Embalse: Hoteles de la unidad tur\u00edstica cerrados. (La Voz)\" height=\"867\" width=\"1300\" \/><\/p>\n","protected":false},"excerpt":{"rendered":"<p>En la d\u00e9cada de 1950, el Estado nacional dispuso la<\/p>\n","protected":false},"author":0,"featured_media":12174,"comment_status":"","ping_status":"","sticky":false,"template":"","format":"standard","meta":{"footnotes":""},"categories":[65],"tags":[],"class_list":["post-12173","post","type-post","status-publish","format-standard","has-post-thumbnail","hentry","category-pais"],"yoast_head":"<!-- This site is optimized with the Yoast SEO plugin v27.4 - https:\/\/yoast.com\/product\/yoast-seo-wordpress\/ -->\n<title>El Gobierno nacional avanza con medidas para concesionar o privatizar el complejo hotelero de Embalse - Cuarteto en la Web<\/title>\n<meta name=\"robots\" content=\"index, follow, max-snippet:-1, max-image-preview:large, max-video-preview:-1\" \/>\n<link rel=\"canonical\" href=\"https:\/\/cuartetoenlaweb.com.ar\/sitio\/el-gobierno-nacional-avanza-con-medidas-para-concesionar-o-privatizar-el-complejo-hotelero-de-embalse\/\" \/>\n<meta property=\"og:locale\" content=\"es_ES\" \/>\n<meta property=\"og:type\" content=\"article\" \/>\n<meta property=\"og:title\" content=\"El Gobierno nacional avanza con medidas para concesionar o privatizar el complejo hotelero de Embalse - Cuarteto en la Web\" \/>\n<meta property=\"og:description\" content=\"En la d\u00e9cada de 1950, el Estado nacional dispuso la\" \/>\n<meta property=\"og:url\" content=\"https:\/\/cuartetoenlaweb.com.ar\/sitio\/el-gobierno-nacional-avanza-con-medidas-para-concesionar-o-privatizar-el-complejo-hotelero-de-embalse\/\" \/>\n<meta property=\"og:site_name\" content=\"Cuarteto en la Web\" \/>\n<meta property=\"article:published_time\" content=\"2026-02-19T22:00:37+00:00\" \/>\n<meta property=\"og:image\" content=\"https:\/\/cuartetoenlaweb.com.ar\/sitio\/wp-content\/uploads\/2026\/02\/ZW77AQ47EJA4LHFCSEBYHISBKU-scaled.jpg\" \/>\n\t<meta property=\"og:image:width\" content=\"2560\" \/>\n\t<meta property=\"og:image:height\" content=\"1438\" \/>\n\t<meta property=\"og:image:type\" content=\"image\/jpeg\" \/>\n<meta name=\"twitter:card\" content=\"summary_large_image\" \/>\n<meta name=\"twitter:label1\" content=\"Tiempo de lectura\" \/>\n\t<meta name=\"twitter:data1\" content=\"5 minutos\" \/>\n<script type=\"application\/ld+json\" class=\"yoast-schema-graph\">{\"@context\":\"https:\\\/\\\/schema.org\",\"@graph\":[{\"@type\":\"Article\",\"@id\":\"https:\\\/\\\/cuartetoenlaweb.com.ar\\\/sitio\\\/el-gobierno-nacional-avanza-con-medidas-para-concesionar-o-privatizar-el-complejo-hotelero-de-embalse\\\/#article\",\"isPartOf\":{\"@id\":\"https:\\\/\\\/cuartetoenlaweb.com.ar\\\/sitio\\\/el-gobierno-nacional-avanza-con-medidas-para-concesionar-o-privatizar-el-complejo-hotelero-de-embalse\\\/\"},\"author\":{\"name\":\"\",\"@id\":\"\"},\"headline\":\"El Gobierno nacional avanza con medidas para concesionar o privatizar el complejo hotelero de Embalse\",\"datePublished\":\"2026-02-19T22:00:37+00:00\",\"mainEntityOfPage\":{\"@id\":\"https:\\\/\\\/cuartetoenlaweb.com.ar\\\/sitio\\\/el-gobierno-nacional-avanza-con-medidas-para-concesionar-o-privatizar-el-complejo-hotelero-de-embalse\\\/\"},\"wordCount\":1104,\"publisher\":{\"@id\":\"http:\\\/\\\/cuartetoenlaweb.com.ar\\\/sitio\\\/#organization\"},\"image\":{\"@id\":\"https:\\\/\\\/cuartetoenlaweb.com.ar\\\/sitio\\\/el-gobierno-nacional-avanza-con-medidas-para-concesionar-o-privatizar-el-complejo-hotelero-de-embalse\\\/#primaryimage\"},\"thumbnailUrl\":\"https:\\\/\\\/cuartetoenlaweb.com.ar\\\/sitio\\\/wp-content\\\/uploads\\\/2026\\\/02\\\/ZW77AQ47EJA4LHFCSEBYHISBKU-scaled.jpg\",\"articleSection\":[\"PAIS\"],\"inLanguage\":\"es\"},{\"@type\":\"WebPage\",\"@id\":\"https:\\\/\\\/cuartetoenlaweb.com.ar\\\/sitio\\\/el-gobierno-nacional-avanza-con-medidas-para-concesionar-o-privatizar-el-complejo-hotelero-de-embalse\\\/\",\"url\":\"https:\\\/\\\/cuartetoenlaweb.com.ar\\\/sitio\\\/el-gobierno-nacional-avanza-con-medidas-para-concesionar-o-privatizar-el-complejo-hotelero-de-embalse\\\/\",\"name\":\"El Gobierno nacional avanza con medidas para concesionar o privatizar el complejo hotelero de Embalse - Cuarteto en la Web\",\"isPartOf\":{\"@id\":\"http:\\\/\\\/cuartetoenlaweb.com.ar\\\/sitio\\\/#website\"},\"primaryImageOfPage\":{\"@id\":\"https:\\\/\\\/cuartetoenlaweb.com.ar\\\/sitio\\\/el-gobierno-nacional-avanza-con-medidas-para-concesionar-o-privatizar-el-complejo-hotelero-de-embalse\\\/#primaryimage\"},\"image\":{\"@id\":\"https:\\\/\\\/cuartetoenlaweb.com.ar\\\/sitio\\\/el-gobierno-nacional-avanza-con-medidas-para-concesionar-o-privatizar-el-complejo-hotelero-de-embalse\\\/#primaryimage\"},\"thumbnailUrl\":\"https:\\\/\\\/cuartetoenlaweb.com.ar\\\/sitio\\\/wp-content\\\/uploads\\\/2026\\\/02\\\/ZW77AQ47EJA4LHFCSEBYHISBKU-scaled.jpg\",\"datePublished\":\"2026-02-19T22:00:37+00:00\",\"breadcrumb\":{\"@id\":\"https:\\\/\\\/cuartetoenlaweb.com.ar\\\/sitio\\\/el-gobierno-nacional-avanza-con-medidas-para-concesionar-o-privatizar-el-complejo-hotelero-de-embalse\\\/#breadcrumb\"},\"inLanguage\":\"es\",\"potentialAction\":[{\"@type\":\"ReadAction\",\"target\":[\"https:\\\/\\\/cuartetoenlaweb.com.ar\\\/sitio\\\/el-gobierno-nacional-avanza-con-medidas-para-concesionar-o-privatizar-el-complejo-hotelero-de-embalse\\\/\"]}]},{\"@type\":\"ImageObject\",\"inLanguage\":\"es\",\"@id\":\"https:\\\/\\\/cuartetoenlaweb.com.ar\\\/sitio\\\/el-gobierno-nacional-avanza-con-medidas-para-concesionar-o-privatizar-el-complejo-hotelero-de-embalse\\\/#primaryimage\",\"url\":\"https:\\\/\\\/cuartetoenlaweb.com.ar\\\/sitio\\\/wp-content\\\/uploads\\\/2026\\\/02\\\/ZW77AQ47EJA4LHFCSEBYHISBKU-scaled.jpg\",\"contentUrl\":\"https:\\\/\\\/cuartetoenlaweb.com.ar\\\/sitio\\\/wp-content\\\/uploads\\\/2026\\\/02\\\/ZW77AQ47EJA4LHFCSEBYHISBKU-scaled.jpg\",\"width\":2560,\"height\":1438},{\"@type\":\"BreadcrumbList\",\"@id\":\"https:\\\/\\\/cuartetoenlaweb.com.ar\\\/sitio\\\/el-gobierno-nacional-avanza-con-medidas-para-concesionar-o-privatizar-el-complejo-hotelero-de-embalse\\\/#breadcrumb\",\"itemListElement\":[{\"@type\":\"ListItem\",\"position\":1,\"name\":\"Portada\",\"item\":\"http:\\\/\\\/cuartetoenlaweb.com.ar\\\/sitio\\\/\"},{\"@type\":\"ListItem\",\"position\":2,\"name\":\"El Gobierno nacional avanza con medidas para concesionar o privatizar el complejo hotelero de Embalse\"}]},{\"@type\":\"WebSite\",\"@id\":\"http:\\\/\\\/cuartetoenlaweb.com.ar\\\/sitio\\\/#website\",\"url\":\"http:\\\/\\\/cuartetoenlaweb.com.ar\\\/sitio\\\/\",\"name\":\"Cuarteto en la Web\",\"description\":\"\",\"publisher\":{\"@id\":\"http:\\\/\\\/cuartetoenlaweb.com.ar\\\/sitio\\\/#organization\"},\"potentialAction\":[{\"@type\":\"SearchAction\",\"target\":{\"@type\":\"EntryPoint\",\"urlTemplate\":\"http:\\\/\\\/cuartetoenlaweb.com.ar\\\/sitio\\\/?s={search_term_string}\"},\"query-input\":{\"@type\":\"PropertyValueSpecification\",\"valueRequired\":true,\"valueName\":\"search_term_string\"}}],\"inLanguage\":\"es\"},{\"@type\":\"Organization\",\"@id\":\"http:\\\/\\\/cuartetoenlaweb.com.ar\\\/sitio\\\/#organization\",\"name\":\"Cuarteto en la Web\",\"url\":\"http:\\\/\\\/cuartetoenlaweb.com.ar\\\/sitio\\\/\",\"logo\":{\"@type\":\"ImageObject\",\"inLanguage\":\"es\",\"@id\":\"http:\\\/\\\/cuartetoenlaweb.com.ar\\\/sitio\\\/#\\\/schema\\\/logo\\\/image\\\/\",\"url\":\"https:\\\/\\\/cuartetoenlaweb.com.ar\\\/sitio\\\/wp-content\\\/uploads\\\/2025\\\/07\\\/cropped-cropped-logitoweb21.png\",\"contentUrl\":\"https:\\\/\\\/cuartetoenlaweb.com.ar\\\/sitio\\\/wp-content\\\/uploads\\\/2025\\\/07\\\/cropped-cropped-logitoweb21.png\",\"width\":199,\"height\":199,\"caption\":\"Cuarteto en la Web\"},\"image\":{\"@id\":\"http:\\\/\\\/cuartetoenlaweb.com.ar\\\/sitio\\\/#\\\/schema\\\/logo\\\/image\\\/\"}}]}<\/script>\n<!-- \/ Yoast SEO plugin. -->","yoast_head_json":{"title":"El Gobierno nacional avanza con medidas para concesionar o privatizar el complejo hotelero de Embalse - Cuarteto en la Web","robots":{"index":"index","follow":"follow","max-snippet":"max-snippet:-1","max-image-preview":"max-image-preview:large","max-video-preview":"max-video-preview:-1"},"canonical":"https:\/\/cuartetoenlaweb.com.ar\/sitio\/el-gobierno-nacional-avanza-con-medidas-para-concesionar-o-privatizar-el-complejo-hotelero-de-embalse\/","og_locale":"es_ES","og_type":"article","og_title":"El Gobierno nacional avanza con medidas para concesionar o privatizar el complejo hotelero de Embalse - Cuarteto en la Web","og_description":"En la d\u00e9cada de 1950, el Estado nacional dispuso la","og_url":"https:\/\/cuartetoenlaweb.com.ar\/sitio\/el-gobierno-nacional-avanza-con-medidas-para-concesionar-o-privatizar-el-complejo-hotelero-de-embalse\/","og_site_name":"Cuarteto en la Web","article_published_time":"2026-02-19T22:00:37+00:00","og_image":[{"width":2560,"height":1438,"url":"https:\/\/cuartetoenlaweb.com.ar\/sitio\/wp-content\/uploads\/2026\/02\/ZW77AQ47EJA4LHFCSEBYHISBKU-scaled.jpg","type":"image\/jpeg"}],"twitter_card":"summary_large_image","twitter_misc":{"Tiempo de lectura":"5 minutos"},"schema":{"@context":"https:\/\/schema.org","@graph":[{"@type":"Article","@id":"https:\/\/cuartetoenlaweb.com.ar\/sitio\/el-gobierno-nacional-avanza-con-medidas-para-concesionar-o-privatizar-el-complejo-hotelero-de-embalse\/#article","isPartOf":{"@id":"https:\/\/cuartetoenlaweb.com.ar\/sitio\/el-gobierno-nacional-avanza-con-medidas-para-concesionar-o-privatizar-el-complejo-hotelero-de-embalse\/"},"author":{"name":"","@id":""},"headline":"El Gobierno nacional avanza con medidas para concesionar o privatizar el complejo hotelero de Embalse","datePublished":"2026-02-19T22:00:37+00:00","mainEntityOfPage":{"@id":"https:\/\/cuartetoenlaweb.com.ar\/sitio\/el-gobierno-nacional-avanza-con-medidas-para-concesionar-o-privatizar-el-complejo-hotelero-de-embalse\/"},"wordCount":1104,"publisher":{"@id":"http:\/\/cuartetoenlaweb.com.ar\/sitio\/#organization"},"image":{"@id":"https:\/\/cuartetoenlaweb.com.ar\/sitio\/el-gobierno-nacional-avanza-con-medidas-para-concesionar-o-privatizar-el-complejo-hotelero-de-embalse\/#primaryimage"},"thumbnailUrl":"https:\/\/cuartetoenlaweb.com.ar\/sitio\/wp-content\/uploads\/2026\/02\/ZW77AQ47EJA4LHFCSEBYHISBKU-scaled.jpg","articleSection":["PAIS"],"inLanguage":"es"},{"@type":"WebPage","@id":"https:\/\/cuartetoenlaweb.com.ar\/sitio\/el-gobierno-nacional-avanza-con-medidas-para-concesionar-o-privatizar-el-complejo-hotelero-de-embalse\/","url":"https:\/\/cuartetoenlaweb.com.ar\/sitio\/el-gobierno-nacional-avanza-con-medidas-para-concesionar-o-privatizar-el-complejo-hotelero-de-embalse\/","name":"El Gobierno nacional avanza con medidas para concesionar o privatizar el complejo hotelero de Embalse - Cuarteto en la Web","isPartOf":{"@id":"http:\/\/cuartetoenlaweb.com.ar\/sitio\/#website"},"primaryImageOfPage":{"@id":"https:\/\/cuartetoenlaweb.com.ar\/sitio\/el-gobierno-nacional-avanza-con-medidas-para-concesionar-o-privatizar-el-complejo-hotelero-de-embalse\/#primaryimage"},"image":{"@id":"https:\/\/cuartetoenlaweb.com.ar\/sitio\/el-gobierno-nacional-avanza-con-medidas-para-concesionar-o-privatizar-el-complejo-hotelero-de-embalse\/#primaryimage"},"thumbnailUrl":"https:\/\/cuartetoenlaweb.com.ar\/sitio\/wp-content\/uploads\/2026\/02\/ZW77AQ47EJA4LHFCSEBYHISBKU-scaled.jpg","datePublished":"2026-02-19T22:00:37+00:00","breadcrumb":{"@id":"https:\/\/cuartetoenlaweb.com.ar\/sitio\/el-gobierno-nacional-avanza-con-medidas-para-concesionar-o-privatizar-el-complejo-hotelero-de-embalse\/#breadcrumb"},"inLanguage":"es","potentialAction":[{"@type":"ReadAction","target":["https:\/\/cuartetoenlaweb.com.ar\/sitio\/el-gobierno-nacional-avanza-con-medidas-para-concesionar-o-privatizar-el-complejo-hotelero-de-embalse\/"]}]},{"@type":"ImageObject","inLanguage":"es","@id":"https:\/\/cuartetoenlaweb.com.ar\/sitio\/el-gobierno-nacional-avanza-con-medidas-para-concesionar-o-privatizar-el-complejo-hotelero-de-embalse\/#primaryimage","url":"https:\/\/cuartetoenlaweb.com.ar\/sitio\/wp-content\/uploads\/2026\/02\/ZW77AQ47EJA4LHFCSEBYHISBKU-scaled.jpg","contentUrl":"https:\/\/cuartetoenlaweb.com.ar\/sitio\/wp-content\/uploads\/2026\/02\/ZW77AQ47EJA4LHFCSEBYHISBKU-scaled.jpg","width":2560,"height":1438},{"@type":"BreadcrumbList","@id":"https:\/\/cuartetoenlaweb.com.ar\/sitio\/el-gobierno-nacional-avanza-con-medidas-para-concesionar-o-privatizar-el-complejo-hotelero-de-embalse\/#breadcrumb","itemListElement":[{"@type":"ListItem","position":1,"name":"Portada","item":"http:\/\/cuartetoenlaweb.com.ar\/sitio\/"},{"@type":"ListItem","position":2,"name":"El Gobierno nacional avanza con medidas para concesionar o privatizar el complejo hotelero de Embalse"}]},{"@type":"WebSite","@id":"http:\/\/cuartetoenlaweb.com.ar\/sitio\/#website","url":"http:\/\/cuartetoenlaweb.com.ar\/sitio\/","name":"Cuarteto en la Web","description":"","publisher":{"@id":"http:\/\/cuartetoenlaweb.com.ar\/sitio\/#organization"},"potentialAction":[{"@type":"SearchAction","target":{"@type":"EntryPoint","urlTemplate":"http:\/\/cuartetoenlaweb.com.ar\/sitio\/?s={search_term_string}"},"query-input":{"@type":"PropertyValueSpecification","valueRequired":true,"valueName":"search_term_string"}}],"inLanguage":"es"},{"@type":"Organization","@id":"http:\/\/cuartetoenlaweb.com.ar\/sitio\/#organization","name":"Cuarteto en la Web","url":"http:\/\/cuartetoenlaweb.com.ar\/sitio\/","logo":{"@type":"ImageObject","inLanguage":"es","@id":"http:\/\/cuartetoenlaweb.com.ar\/sitio\/#\/schema\/logo\/image\/","url":"https:\/\/cuartetoenlaweb.com.ar\/sitio\/wp-content\/uploads\/2025\/07\/cropped-cropped-logitoweb21.png","contentUrl":"https:\/\/cuartetoenlaweb.com.ar\/sitio\/wp-content\/uploads\/2025\/07\/cropped-cropped-logitoweb21.png","width":199,"height":199,"caption":"Cuarteto en la Web"},"image":{"@id":"http:\/\/cuartetoenlaweb.com.ar\/sitio\/#\/schema\/logo\/image\/"}}]}},"_links":{"self":[{"href":"https:\/\/cuartetoenlaweb.com.ar\/sitio\/wp-json\/wp\/v2\/posts\/12173","targetHints":{"allow":["GET"]}}],"collection":[{"href":"https:\/\/cuartetoenlaweb.com.ar\/sitio\/wp-json\/wp\/v2\/posts"}],"about":[{"href":"https:\/\/cuartetoenlaweb.com.ar\/sitio\/wp-json\/wp\/v2\/types\/post"}],"replies":[{"embeddable":true,"href":"https:\/\/cuartetoenlaweb.com.ar\/sitio\/wp-json\/wp\/v2\/comments?post=12173"}],"version-history":[{"count":0,"href":"https:\/\/cuartetoenlaweb.com.ar\/sitio\/wp-json\/wp\/v2\/posts\/12173\/revisions"}],"wp:featuredmedia":[{"embeddable":true,"href":"https:\/\/cuartetoenlaweb.com.ar\/sitio\/wp-json\/wp\/v2\/media\/12174"}],"wp:attachment":[{"href":"https:\/\/cuartetoenlaweb.com.ar\/sitio\/wp-json\/wp\/v2\/media?parent=12173"}],"wp:term":[{"taxonomy":"category","embeddable":true,"href":"https:\/\/cuartetoenlaweb.com.ar\/sitio\/wp-json\/wp\/v2\/categories?post=12173"},{"taxonomy":"post_tag","embeddable":true,"href":"https:\/\/cuartetoenlaweb.com.ar\/sitio\/wp-json\/wp\/v2\/tags?post=12173"}],"curies":[{"name":"wp","href":"https:\/\/api.w.org\/{rel}","templated":true}]}}