
{"id":12171,"date":"2026-02-19T19:00:33","date_gmt":"2026-02-19T22:00:33","guid":{"rendered":"https:\/\/cuartetoenlaweb.com.ar\/sitio\/belgrano-visita-a-defensa-en-busca-de-la-cima-hora-tv-y-formaciones\/"},"modified":"2026-02-19T19:00:33","modified_gmt":"2026-02-19T22:00:33","slug":"belgrano-visita-a-defensa-en-busca-de-la-cima-hora-tv-y-formaciones","status":"publish","type":"post","link":"https:\/\/cuartetoenlaweb.com.ar\/sitio\/belgrano-visita-a-defensa-en-busca-de-la-cima-hora-tv-y-formaciones\/","title":{"rendered":"Belgrano visita a Defensa en busca de la cima: hora, TV y formaciones"},"content":{"rendered":"<p><a href=\"https:\/\/www.lavoz.com.ar\/deportes\/futbol\/renzo-saravia-viaja-a-espana-para-firmar-con-valencia\/\" target=\"_self\" rel=\"\" title=\"https:\/\/www.lavoz.com.ar\/deportes\/futbol\/renzo-saravia-viaja-a-espana-para-firmar-con-valencia\/\">Despu\u00e9s de transcurrida la jornada en la que se llev\u00f3 a cabo la medida de fuerza nacional organizada por la CGT<\/a> y que oblig\u00f3 al retraso del partido por 24 horas, Defensa y Justicia y Belgrano se medir\u00e1n esta tarde a las 17.15 por la sexta fecha del Apertura de la Liga Profesional con el arbitraje de Nicol\u00e1s Lamolina en Florencio Varela.<\/p>\n<p>El encuentro estaba programado para ayer a la misma hora, pero tras anunciarse el paro y la posterior adhesi\u00f3n de Utedyc (sindicato que nuclea boleteros, controles y empleados de los clubes), AFA resolvi\u00f3 reprogramar el juego entre el Halc\u00f3n y el Pirata, al igual que los otros partidos que abr\u00edan la fecha y lo traslad\u00f3 para esta tarde.<\/p>\n<p>El Celeste hab\u00eda viajado a Buenos Aires el mi\u00e9rcoles por la ma\u00f1ana y el impedimento de jugar lo llevo a entrenar ayer en Casa Amarilla a la espera del cruce con Defensa.<\/p>\n<p>Resuelto por parte de AFA cu\u00e1ndo se jugaba el partido, ambos equipos sumaron una jornada m\u00e1s de entrenamiento para esperar el cruce de la fecha interzonal y apuntar a seguir de racha para no perderle pisado a los de arriba.<\/p>\n<h2>La \u201cB\u201d entonada<\/h2>\n<p>El Pirata acumula dos partidos consecutivos con triunfos por 1 a 0, ante Banfield en el Gigante de Alberdi y con Independiente Rivadavia en Mendoza el s\u00e1bado pasado. <\/p>\n<p>Ahora ir\u00e1 ante el equipo de Varela en procura de meter un triunfo que le permita \u201cirse a descansar\u201d sabiendo que est\u00e1 en lo m\u00e1s alto de la zona, porque de sumar de a tres alcanzar\u00e1 la l\u00ednea de los 14 puntos y podr\u00e1 superar a Tigre e Independiente Rivadavia, quienes suman 13 y 12 respectivamente.<\/p>\n<p>El Matador juega ma\u00f1ana en Santiago del Estero ante Central C\u00f3rdoba y la Lepra mendocina tambi\u00e9n estar\u00e1 jugando ma\u00f1ana, pero ante Independiente de Avellaneda. <\/p>\n<p>La \u201cB\u201d viene acumulando buenas actuaciones que hacen pensar en un futuro cargado de buenas noticias, porque est\u00e1 poniendo en campo lo que hace mucho no se ve\u00eda: un equipo ordenado capaz de juntar pases para progresar sobre el terreno.<\/p>\n<p>Con el Mudo V\u00e1zquez parado como un doble volante central de juego y con Zelaray\u00e1n unos metros m\u00e1s adelante, ya no en la funci\u00f3n de enlace sino como un segundo punta, el equipo gan\u00f3 en firmeza del medio hacia adelante, porque adem\u00e1s encontr\u00f3 un volante central de corte y juego que buscaba desde hace tiempo como es Adri\u00e1n S\u00e1nchez.<\/p>\n<p>Belgrano viene dejando buenas sensaciones y la gente lo sabe, por eso se entusiasm\u00f3 con lo mostrado en las primeras cinco fechas. El equipo de Zielinski, que adem\u00e1s de lo que est\u00e1 haciendo en el control y manejo del bal\u00f3n, tambi\u00e9n sostiene la firmeza defensiva del final de la temporada pasada, se para esta tarde ante la oportunidad de mirar a todos desde arriba.<\/p>\n<h2>Defensa y su presente<\/h2>\n<p>Por su parte, Defensa y Justicia llega a este partido como invicto en la Zona A con nueve puntos fruto de dos triunfos y tres empates, dos de los cuales los cosech\u00f3 en su estadio ante Estudiantes de La Plata (0-0) y V\u00e9lez (1-1).<\/p>\n<p>El de Varela quiere darle una alegr\u00eda a su gente, que le es esquiva en el torneo, pero adem\u00e1s acomodarse en el grupo en el que el puntero es V\u00e9lez con 11 puntos.<\/p>\n<h2>Formaciones<\/h2>\n<p><b>Defensa y Justicia.<\/b> Cristopher Fiermar\u00edn; Lucas Souto, Emiliano Amor, Dami\u00e1n Fern\u00e1ndez, Ayrton Portillo; Santiago Sosa Yung, Aar\u00f3n Molinas, Samuel Lucero, Rub\u00e9n Botta; Juan Bautista Miritello y Juan Manuel Guti\u00e9rrez. <\/p>\n<p><b>DT:<\/b> Mariano Soso.<\/p>\n<p><b>Belgrano.<\/b> Thiago Cardozo; Leonardo Morales, Alexis Maldonado, Lisandro L\u00f3pez y Adri\u00e1n Sp\u00f6rle; Alcides Benitez, Franco V\u00e1zquez, Adri\u00e1n S\u00e1nchez y Emiliano Rigoni; Lucas Zelaray\u00e1n y Nicol\u00e1s Fern\u00e1ndez. <\/p>\n<p><b>DT:<\/b> Ricardo Zielinski.<\/p>\n<p><b>Hora:<\/b> 17.15.<\/p>\n<p><b>TV:<\/b> TNT Sports.<\/p>\n<p><b>Estadio:<\/b> Norberto Tito Tomaghello (Defensa)<\/p>\n<p><b>\u00c1rbitro:<\/b> Nicol\u00e1s Lamolina.<\/p>\n<p><b>VAR: <\/b>Joaqu\u00edn Gil<\/p>\n<h2>Posiciones Apertura Liga Profesional<\/h2><\/p>\n","protected":false},"excerpt":{"rendered":"<p>Despu\u00e9s de transcurrida la jornada en la que se llev\u00f3<\/p>\n","protected":false},"author":0,"featured_media":12172,"comment_status":"","ping_status":"","sticky":false,"template":"","format":"standard","meta":{"footnotes":""},"categories":[65],"tags":[],"class_list":["post-12171","post","type-post","status-publish","format-standard","has-post-thumbnail","hentry","category-pais"],"yoast_head":"<!-- This site is optimized with the Yoast SEO plugin v27.4 - https:\/\/yoast.com\/product\/yoast-seo-wordpress\/ -->\n<title>Belgrano visita a Defensa en busca de la cima: hora, TV y formaciones - Cuarteto en la Web<\/title>\n<meta name=\"robots\" content=\"index, follow, max-snippet:-1, max-image-preview:large, max-video-preview:-1\" \/>\n<link rel=\"canonical\" href=\"https:\/\/cuartetoenlaweb.com.ar\/sitio\/belgrano-visita-a-defensa-en-busca-de-la-cima-hora-tv-y-formaciones\/\" \/>\n<meta property=\"og:locale\" content=\"es_ES\" \/>\n<meta property=\"og:type\" content=\"article\" \/>\n<meta property=\"og:title\" content=\"Belgrano visita a Defensa en busca de la cima: hora, TV y formaciones - Cuarteto en la Web\" \/>\n<meta property=\"og:description\" content=\"Despu\u00e9s de transcurrida la jornada en la que se llev\u00f3\" \/>\n<meta property=\"og:url\" content=\"https:\/\/cuartetoenlaweb.com.ar\/sitio\/belgrano-visita-a-defensa-en-busca-de-la-cima-hora-tv-y-formaciones\/\" \/>\n<meta property=\"og:site_name\" content=\"Cuarteto en la Web\" \/>\n<meta property=\"article:published_time\" content=\"2026-02-19T22:00:33+00:00\" \/>\n<meta property=\"og:image\" content=\"https:\/\/cuartetoenlaweb.com.ar\/sitio\/wp-content\/uploads\/2026\/02\/2RPL7UZ2BVC3XG2DIG5LZZRXAE.jpeg\" \/>\n\t<meta property=\"og:image:width\" content=\"1600\" \/>\n\t<meta property=\"og:image:height\" content=\"900\" \/>\n\t<meta property=\"og:image:type\" content=\"image\/jpeg\" \/>\n<meta name=\"twitter:card\" content=\"summary_large_image\" \/>\n<meta name=\"twitter:label1\" content=\"Tiempo de lectura\" \/>\n\t<meta name=\"twitter:data1\" content=\"3 minutos\" \/>\n<script type=\"application\/ld+json\" class=\"yoast-schema-graph\">{\"@context\":\"https:\\\/\\\/schema.org\",\"@graph\":[{\"@type\":\"Article\",\"@id\":\"https:\\\/\\\/cuartetoenlaweb.com.ar\\\/sitio\\\/belgrano-visita-a-defensa-en-busca-de-la-cima-hora-tv-y-formaciones\\\/#article\",\"isPartOf\":{\"@id\":\"https:\\\/\\\/cuartetoenlaweb.com.ar\\\/sitio\\\/belgrano-visita-a-defensa-en-busca-de-la-cima-hora-tv-y-formaciones\\\/\"},\"author\":{\"name\":\"\",\"@id\":\"\"},\"headline\":\"Belgrano visita a Defensa en busca de la cima: hora, TV y formaciones\",\"datePublished\":\"2026-02-19T22:00:33+00:00\",\"mainEntityOfPage\":{\"@id\":\"https:\\\/\\\/cuartetoenlaweb.com.ar\\\/sitio\\\/belgrano-visita-a-defensa-en-busca-de-la-cima-hora-tv-y-formaciones\\\/\"},\"wordCount\":683,\"publisher\":{\"@id\":\"http:\\\/\\\/cuartetoenlaweb.com.ar\\\/sitio\\\/#organization\"},\"image\":{\"@id\":\"https:\\\/\\\/cuartetoenlaweb.com.ar\\\/sitio\\\/belgrano-visita-a-defensa-en-busca-de-la-cima-hora-tv-y-formaciones\\\/#primaryimage\"},\"thumbnailUrl\":\"https:\\\/\\\/cuartetoenlaweb.com.ar\\\/sitio\\\/wp-content\\\/uploads\\\/2026\\\/02\\\/2RPL7UZ2BVC3XG2DIG5LZZRXAE.jpeg\",\"articleSection\":[\"PAIS\"],\"inLanguage\":\"es\"},{\"@type\":\"WebPage\",\"@id\":\"https:\\\/\\\/cuartetoenlaweb.com.ar\\\/sitio\\\/belgrano-visita-a-defensa-en-busca-de-la-cima-hora-tv-y-formaciones\\\/\",\"url\":\"https:\\\/\\\/cuartetoenlaweb.com.ar\\\/sitio\\\/belgrano-visita-a-defensa-en-busca-de-la-cima-hora-tv-y-formaciones\\\/\",\"name\":\"Belgrano visita a Defensa en busca de la cima: hora, TV y formaciones - Cuarteto en la Web\",\"isPartOf\":{\"@id\":\"http:\\\/\\\/cuartetoenlaweb.com.ar\\\/sitio\\\/#website\"},\"primaryImageOfPage\":{\"@id\":\"https:\\\/\\\/cuartetoenlaweb.com.ar\\\/sitio\\\/belgrano-visita-a-defensa-en-busca-de-la-cima-hora-tv-y-formaciones\\\/#primaryimage\"},\"image\":{\"@id\":\"https:\\\/\\\/cuartetoenlaweb.com.ar\\\/sitio\\\/belgrano-visita-a-defensa-en-busca-de-la-cima-hora-tv-y-formaciones\\\/#primaryimage\"},\"thumbnailUrl\":\"https:\\\/\\\/cuartetoenlaweb.com.ar\\\/sitio\\\/wp-content\\\/uploads\\\/2026\\\/02\\\/2RPL7UZ2BVC3XG2DIG5LZZRXAE.jpeg\",\"datePublished\":\"2026-02-19T22:00:33+00:00\",\"breadcrumb\":{\"@id\":\"https:\\\/\\\/cuartetoenlaweb.com.ar\\\/sitio\\\/belgrano-visita-a-defensa-en-busca-de-la-cima-hora-tv-y-formaciones\\\/#breadcrumb\"},\"inLanguage\":\"es\",\"potentialAction\":[{\"@type\":\"ReadAction\",\"target\":[\"https:\\\/\\\/cuartetoenlaweb.com.ar\\\/sitio\\\/belgrano-visita-a-defensa-en-busca-de-la-cima-hora-tv-y-formaciones\\\/\"]}]},{\"@type\":\"ImageObject\",\"inLanguage\":\"es\",\"@id\":\"https:\\\/\\\/cuartetoenlaweb.com.ar\\\/sitio\\\/belgrano-visita-a-defensa-en-busca-de-la-cima-hora-tv-y-formaciones\\\/#primaryimage\",\"url\":\"https:\\\/\\\/cuartetoenlaweb.com.ar\\\/sitio\\\/wp-content\\\/uploads\\\/2026\\\/02\\\/2RPL7UZ2BVC3XG2DIG5LZZRXAE.jpeg\",\"contentUrl\":\"https:\\\/\\\/cuartetoenlaweb.com.ar\\\/sitio\\\/wp-content\\\/uploads\\\/2026\\\/02\\\/2RPL7UZ2BVC3XG2DIG5LZZRXAE.jpeg\",\"width\":1600,\"height\":900},{\"@type\":\"BreadcrumbList\",\"@id\":\"https:\\\/\\\/cuartetoenlaweb.com.ar\\\/sitio\\\/belgrano-visita-a-defensa-en-busca-de-la-cima-hora-tv-y-formaciones\\\/#breadcrumb\",\"itemListElement\":[{\"@type\":\"ListItem\",\"position\":1,\"name\":\"Portada\",\"item\":\"http:\\\/\\\/cuartetoenlaweb.com.ar\\\/sitio\\\/\"},{\"@type\":\"ListItem\",\"position\":2,\"name\":\"Belgrano visita a Defensa en busca de la cima: hora, TV y formaciones\"}]},{\"@type\":\"WebSite\",\"@id\":\"http:\\\/\\\/cuartetoenlaweb.com.ar\\\/sitio\\\/#website\",\"url\":\"http:\\\/\\\/cuartetoenlaweb.com.ar\\\/sitio\\\/\",\"name\":\"Cuarteto en la Web\",\"description\":\"\",\"publisher\":{\"@id\":\"http:\\\/\\\/cuartetoenlaweb.com.ar\\\/sitio\\\/#organization\"},\"potentialAction\":[{\"@type\":\"SearchAction\",\"target\":{\"@type\":\"EntryPoint\",\"urlTemplate\":\"http:\\\/\\\/cuartetoenlaweb.com.ar\\\/sitio\\\/?s={search_term_string}\"},\"query-input\":{\"@type\":\"PropertyValueSpecification\",\"valueRequired\":true,\"valueName\":\"search_term_string\"}}],\"inLanguage\":\"es\"},{\"@type\":\"Organization\",\"@id\":\"http:\\\/\\\/cuartetoenlaweb.com.ar\\\/sitio\\\/#organization\",\"name\":\"Cuarteto en la Web\",\"url\":\"http:\\\/\\\/cuartetoenlaweb.com.ar\\\/sitio\\\/\",\"logo\":{\"@type\":\"ImageObject\",\"inLanguage\":\"es\",\"@id\":\"http:\\\/\\\/cuartetoenlaweb.com.ar\\\/sitio\\\/#\\\/schema\\\/logo\\\/image\\\/\",\"url\":\"https:\\\/\\\/cuartetoenlaweb.com.ar\\\/sitio\\\/wp-content\\\/uploads\\\/2025\\\/07\\\/cropped-cropped-logitoweb21.png\",\"contentUrl\":\"https:\\\/\\\/cuartetoenlaweb.com.ar\\\/sitio\\\/wp-content\\\/uploads\\\/2025\\\/07\\\/cropped-cropped-logitoweb21.png\",\"width\":199,\"height\":199,\"caption\":\"Cuarteto en la Web\"},\"image\":{\"@id\":\"http:\\\/\\\/cuartetoenlaweb.com.ar\\\/sitio\\\/#\\\/schema\\\/logo\\\/image\\\/\"}}]}<\/script>\n<!-- \/ Yoast SEO plugin. -->","yoast_head_json":{"title":"Belgrano visita a Defensa en busca de la cima: hora, TV y formaciones - Cuarteto en la Web","robots":{"index":"index","follow":"follow","max-snippet":"max-snippet:-1","max-image-preview":"max-image-preview:large","max-video-preview":"max-video-preview:-1"},"canonical":"https:\/\/cuartetoenlaweb.com.ar\/sitio\/belgrano-visita-a-defensa-en-busca-de-la-cima-hora-tv-y-formaciones\/","og_locale":"es_ES","og_type":"article","og_title":"Belgrano visita a Defensa en busca de la cima: hora, TV y formaciones - Cuarteto en la Web","og_description":"Despu\u00e9s de transcurrida la jornada en la que se llev\u00f3","og_url":"https:\/\/cuartetoenlaweb.com.ar\/sitio\/belgrano-visita-a-defensa-en-busca-de-la-cima-hora-tv-y-formaciones\/","og_site_name":"Cuarteto en la Web","article_published_time":"2026-02-19T22:00:33+00:00","og_image":[{"width":1600,"height":900,"url":"https:\/\/cuartetoenlaweb.com.ar\/sitio\/wp-content\/uploads\/2026\/02\/2RPL7UZ2BVC3XG2DIG5LZZRXAE.jpeg","type":"image\/jpeg"}],"twitter_card":"summary_large_image","twitter_misc":{"Tiempo de lectura":"3 minutos"},"schema":{"@context":"https:\/\/schema.org","@graph":[{"@type":"Article","@id":"https:\/\/cuartetoenlaweb.com.ar\/sitio\/belgrano-visita-a-defensa-en-busca-de-la-cima-hora-tv-y-formaciones\/#article","isPartOf":{"@id":"https:\/\/cuartetoenlaweb.com.ar\/sitio\/belgrano-visita-a-defensa-en-busca-de-la-cima-hora-tv-y-formaciones\/"},"author":{"name":"","@id":""},"headline":"Belgrano visita a Defensa en busca de la cima: hora, TV y formaciones","datePublished":"2026-02-19T22:00:33+00:00","mainEntityOfPage":{"@id":"https:\/\/cuartetoenlaweb.com.ar\/sitio\/belgrano-visita-a-defensa-en-busca-de-la-cima-hora-tv-y-formaciones\/"},"wordCount":683,"publisher":{"@id":"http:\/\/cuartetoenlaweb.com.ar\/sitio\/#organization"},"image":{"@id":"https:\/\/cuartetoenlaweb.com.ar\/sitio\/belgrano-visita-a-defensa-en-busca-de-la-cima-hora-tv-y-formaciones\/#primaryimage"},"thumbnailUrl":"https:\/\/cuartetoenlaweb.com.ar\/sitio\/wp-content\/uploads\/2026\/02\/2RPL7UZ2BVC3XG2DIG5LZZRXAE.jpeg","articleSection":["PAIS"],"inLanguage":"es"},{"@type":"WebPage","@id":"https:\/\/cuartetoenlaweb.com.ar\/sitio\/belgrano-visita-a-defensa-en-busca-de-la-cima-hora-tv-y-formaciones\/","url":"https:\/\/cuartetoenlaweb.com.ar\/sitio\/belgrano-visita-a-defensa-en-busca-de-la-cima-hora-tv-y-formaciones\/","name":"Belgrano visita a Defensa en busca de la cima: hora, TV y formaciones - Cuarteto en la Web","isPartOf":{"@id":"http:\/\/cuartetoenlaweb.com.ar\/sitio\/#website"},"primaryImageOfPage":{"@id":"https:\/\/cuartetoenlaweb.com.ar\/sitio\/belgrano-visita-a-defensa-en-busca-de-la-cima-hora-tv-y-formaciones\/#primaryimage"},"image":{"@id":"https:\/\/cuartetoenlaweb.com.ar\/sitio\/belgrano-visita-a-defensa-en-busca-de-la-cima-hora-tv-y-formaciones\/#primaryimage"},"thumbnailUrl":"https:\/\/cuartetoenlaweb.com.ar\/sitio\/wp-content\/uploads\/2026\/02\/2RPL7UZ2BVC3XG2DIG5LZZRXAE.jpeg","datePublished":"2026-02-19T22:00:33+00:00","breadcrumb":{"@id":"https:\/\/cuartetoenlaweb.com.ar\/sitio\/belgrano-visita-a-defensa-en-busca-de-la-cima-hora-tv-y-formaciones\/#breadcrumb"},"inLanguage":"es","potentialAction":[{"@type":"ReadAction","target":["https:\/\/cuartetoenlaweb.com.ar\/sitio\/belgrano-visita-a-defensa-en-busca-de-la-cima-hora-tv-y-formaciones\/"]}]},{"@type":"ImageObject","inLanguage":"es","@id":"https:\/\/cuartetoenlaweb.com.ar\/sitio\/belgrano-visita-a-defensa-en-busca-de-la-cima-hora-tv-y-formaciones\/#primaryimage","url":"https:\/\/cuartetoenlaweb.com.ar\/sitio\/wp-content\/uploads\/2026\/02\/2RPL7UZ2BVC3XG2DIG5LZZRXAE.jpeg","contentUrl":"https:\/\/cuartetoenlaweb.com.ar\/sitio\/wp-content\/uploads\/2026\/02\/2RPL7UZ2BVC3XG2DIG5LZZRXAE.jpeg","width":1600,"height":900},{"@type":"BreadcrumbList","@id":"https:\/\/cuartetoenlaweb.com.ar\/sitio\/belgrano-visita-a-defensa-en-busca-de-la-cima-hora-tv-y-formaciones\/#breadcrumb","itemListElement":[{"@type":"ListItem","position":1,"name":"Portada","item":"http:\/\/cuartetoenlaweb.com.ar\/sitio\/"},{"@type":"ListItem","position":2,"name":"Belgrano visita a Defensa en busca de la cima: hora, TV y formaciones"}]},{"@type":"WebSite","@id":"http:\/\/cuartetoenlaweb.com.ar\/sitio\/#website","url":"http:\/\/cuartetoenlaweb.com.ar\/sitio\/","name":"Cuarteto en la Web","description":"","publisher":{"@id":"http:\/\/cuartetoenlaweb.com.ar\/sitio\/#organization"},"potentialAction":[{"@type":"SearchAction","target":{"@type":"EntryPoint","urlTemplate":"http:\/\/cuartetoenlaweb.com.ar\/sitio\/?s={search_term_string}"},"query-input":{"@type":"PropertyValueSpecification","valueRequired":true,"valueName":"search_term_string"}}],"inLanguage":"es"},{"@type":"Organization","@id":"http:\/\/cuartetoenlaweb.com.ar\/sitio\/#organization","name":"Cuarteto en la Web","url":"http:\/\/cuartetoenlaweb.com.ar\/sitio\/","logo":{"@type":"ImageObject","inLanguage":"es","@id":"http:\/\/cuartetoenlaweb.com.ar\/sitio\/#\/schema\/logo\/image\/","url":"https:\/\/cuartetoenlaweb.com.ar\/sitio\/wp-content\/uploads\/2025\/07\/cropped-cropped-logitoweb21.png","contentUrl":"https:\/\/cuartetoenlaweb.com.ar\/sitio\/wp-content\/uploads\/2025\/07\/cropped-cropped-logitoweb21.png","width":199,"height":199,"caption":"Cuarteto en la Web"},"image":{"@id":"http:\/\/cuartetoenlaweb.com.ar\/sitio\/#\/schema\/logo\/image\/"}}]}},"_links":{"self":[{"href":"https:\/\/cuartetoenlaweb.com.ar\/sitio\/wp-json\/wp\/v2\/posts\/12171","targetHints":{"allow":["GET"]}}],"collection":[{"href":"https:\/\/cuartetoenlaweb.com.ar\/sitio\/wp-json\/wp\/v2\/posts"}],"about":[{"href":"https:\/\/cuartetoenlaweb.com.ar\/sitio\/wp-json\/wp\/v2\/types\/post"}],"replies":[{"embeddable":true,"href":"https:\/\/cuartetoenlaweb.com.ar\/sitio\/wp-json\/wp\/v2\/comments?post=12171"}],"version-history":[{"count":0,"href":"https:\/\/cuartetoenlaweb.com.ar\/sitio\/wp-json\/wp\/v2\/posts\/12171\/revisions"}],"wp:featuredmedia":[{"embeddable":true,"href":"https:\/\/cuartetoenlaweb.com.ar\/sitio\/wp-json\/wp\/v2\/media\/12172"}],"wp:attachment":[{"href":"https:\/\/cuartetoenlaweb.com.ar\/sitio\/wp-json\/wp\/v2\/media?parent=12171"}],"wp:term":[{"taxonomy":"category","embeddable":true,"href":"https:\/\/cuartetoenlaweb.com.ar\/sitio\/wp-json\/wp\/v2\/categories?post=12171"},{"taxonomy":"post_tag","embeddable":true,"href":"https:\/\/cuartetoenlaweb.com.ar\/sitio\/wp-json\/wp\/v2\/tags?post=12171"}],"curies":[{"name":"wp","href":"https:\/\/api.w.org\/{rel}","templated":true}]}}