
{"id":12169,"date":"2026-02-19T19:00:30","date_gmt":"2026-02-19T22:00:30","guid":{"rendered":"https:\/\/cuartetoenlaweb.com.ar\/sitio\/reforma-laboral-comenzo-el-debate-en-diputados-y-hay-incidentes-fuera-del-congreso\/"},"modified":"2026-02-19T19:00:30","modified_gmt":"2026-02-19T22:00:30","slug":"reforma-laboral-comenzo-el-debate-en-diputados-y-hay-incidentes-fuera-del-congreso","status":"publish","type":"post","link":"https:\/\/cuartetoenlaweb.com.ar\/sitio\/reforma-laboral-comenzo-el-debate-en-diputados-y-hay-incidentes-fuera-del-congreso\/","title":{"rendered":"Reforma laboral: comenz\u00f3 el debate en Diputados y hay incidentes fuera del Congreso"},"content":{"rendered":"<p>La C\u00e1mara de Diputados de la Naci\u00f3n inici\u00f3 este jueves el tratamiento del proyecto de reforma laboral. La sesi\u00f3n comenz\u00f3 formalmente a las 14.15, luego de alcanzar el quorum reglamentario con la presencia de 130 legisladores en sus bancas.<\/p>\n<p>El presidente de la C\u00e1mara Baja, Mart\u00edn Menem, dio apertura al encuentro e invit\u00f3 a la diputada Silvana Gi\u00fadici (PRO) a izar la bandera nacional. Tras entonar el Himno Nacional Argentino, los legisladores dieron inicio a una jornada que se prev\u00e9 extensa.<\/p>\n<p>Luego de los primeros disturbios frente al Congreso y la respuesta de las fuerzas de seguridad, la Polic\u00eda de la Ciudad bloque\u00f3 el acceso a las calles Rodr\u00edguez Pe\u00f1a, Montevideo, Paran\u00e1, Uruguay y Rivadavia.<\/p>\n<p><img loading=\"lazy\" decoding=\"async\" src=\"https:\/\/www.lavoz.com.ar\/resizer\/ebLJFTa7ciWcO52pPP2TG7AlWag=\/cloudfront-us-east-1.images.arcpublishing.com\/grupoclarin\/P5KYGUJ42BDG7GXSQE7HU44YAI.jpg\" alt=\"La Polic\u00eda de la Ciudad bloque\u00f3 calles cercanas al Congreso.\" height=\"867\" width=\"1300\" \/><\/p>\n<p>Ante los primeros disturbios generados por los manifestantes, el cami\u00f3n hidrante de la Polic\u00eda respondi\u00f3.<\/p>\n<p>Los protestantes no se dispersaron a pesar del agua por lo que las fuerzas de seguridad lanzaron gases lacrim\u00f3genos.<\/p>\n<p>Personal m\u00e9dico atendi\u00f3 a las personas afectadas.<\/p>\n<p>En medio del debate de la reforma laboral la <a href=\"https:\/\/www.lavoz.com.ar\/politica\/lemoine-y-carignano-a-los-gritos-en-plena-sesion-por-la-reforma-laboral-que-haces-estas-loca\/\" target=\"_blank\" rel=\"noreferrer\" title=\"https:\/\/www.lavoz.com.ar\/politica\/lemoine-y-carignano-a-los-gritos-en-plena-sesion-por-la-reforma-laboral-que-haces-estas-loca\/\"><b>legisladora Florencia Carignano<\/b><\/a> fue filmada mientras desconectaba los cables del taqu\u00edgrafo.<\/p>\n<blockquote class=\"instagram-media\" data-instgrm-captioned data-instgrm-permalink=\"https:\/\/www.instagram.com\/reel\/DU89r65kyeX\/?utm_source=ig_embed&amp;utm_campaign=loading\" data-instgrm-version=\"14\" style=\"background:#FFF;border:0;border-radius:3px;margin: 1px;max-width:658px;min-width:326px;padding:0;width:99.375%;width:-webkit-calc(100% - 2px);width:calc(100% - 2px)\">\n<div style=\"padding:16px\"> <a href=\"https:\/\/www.instagram.com\/reel\/DU89r65kyeX\/?utm_source=ig_embed&amp;utm_campaign=loading\" style=\"background:#FFFFFF;line-height:0;padding:0 0;text-align:center;text-decoration:none;width:100%\" target=\"_blank\"> <\/p>\n<div style=\"flex-direction: row;align-items: center\">\n<div style=\"background-color: #F4F4F4;border-radius: 50%;flex-grow: 0;height: 40px;margin-right: 14px;width: 40px\"><\/div>\n<div style=\"flex-direction: column;flex-grow: 1;justify-content: center\">\n<div style=\"background-color: #F4F4F4;border-radius: 4px;flex-grow: 0;height: 14px;margin-bottom: 6px;width: 100px\"><\/div>\n<div style=\"background-color: #F4F4F4;border-radius: 4px;flex-grow: 0;height: 14px;width: 60px\"><\/div>\n<\/div>\n<\/div>\n<div style=\"padding: 19% 0\"><\/div>\n<div style=\"height:50px;margin:0 auto 12px;width:50px\"><\/div>\n<div style=\"padding-top: 8px\">\n<div style=\"color:#3897f0;font-family:Arial,sans-serif;font-size:14px;font-style:normal;font-weight:550;line-height:18px\">View this post on Instagram<\/div>\n<\/div>\n<div style=\"padding: 12.5% 0\"><\/div>\n<div style=\"flex-direction: row;margin-bottom: 14px;align-items: center\">\n<div>\n<div style=\"background-color: #F4F4F4;border-radius: 50%;height: 12.5px;width: 12.5px\"><\/div>\n<div style=\"background-color: #F4F4F4;height: 12.5px;width: 12.5px;flex-grow: 0;margin-right: 14px;margin-left: 2px\"><\/div>\n<div style=\"background-color: #F4F4F4;border-radius: 50%;height: 12.5px;width: 12.5px\"><\/div>\n<\/div>\n<div style=\"margin-left: 8px\">\n<div style=\"background-color: #F4F4F4;border-radius: 50%;flex-grow: 0;height: 20px;width: 20px\"><\/div>\n<div style=\"width: 0;height: 0;border-top: 2px solid transparent;border-left: 6px solid #f4f4f4;border-bottom: 2px solid transparent\"><\/div>\n<\/div>\n<div style=\"margin-left: auto\">\n<div style=\"width: 0px;border-top: 8px solid #F4F4F4;border-right: 8px solid transparent\"><\/div>\n<div style=\"background-color: #F4F4F4;flex-grow: 0;height: 12px;width: 16px\"><\/div>\n<div style=\"width: 0;height: 0;border-top: 8px solid #F4F4F4;border-left: 8px solid transparent\"><\/div>\n<\/div>\n<\/div>\n<div style=\"flex-direction: column;flex-grow: 1;justify-content: center;margin-bottom: 24px\">\n<div style=\"background-color: #F4F4F4;border-radius: 4px;flex-grow: 0;height: 14px;margin-bottom: 6px;width: 224px\"><\/div>\n<div style=\"background-color: #F4F4F4;border-radius: 4px;flex-grow: 0;height: 14px;width: 144px\"><\/div>\n<\/div>\n<p><\/a><\/div>\n<\/blockquote>\n<p>Por la tarde se registraron incidentes frente al Congreso en el marco de una movilizaci\u00f3n protagonizada por la izquierda y diversas organizaciones sociales. <\/p>\n<p><img loading=\"lazy\" decoding=\"async\" src=\"https:\/\/www.lavoz.com.ar\/resizer\/5L44T3shtin-uKBZXmDhkHRvAcY=\/cloudfront-us-east-1.images.arcpublishing.com\/grupoclarin\/TUPLGMSNJJGNVICOF6PZJRA5WI.jpg\" alt=\"Incidentes frente al Congreso en la protesta contra la reforma laboral este jueves 19 de febrero. (Gentileza Clar\u00edn)\" height=\"867\" width=\"1300\" \/><\/p>\n<p>Durante la protesta, grupos de manifestantes comenzaron a prender fuego basura y a arrojar palos contra el personal de la Polic\u00eda que custodiaba la zona.<\/p>\n<p>El proyecto en discusi\u00f3n introduce modificaciones integrales en el sistema de indemnizaciones, la jornada laboral y el r\u00e9gimen de licencias. Tambi\u00e9n contempla un esquema de incentivos dise\u00f1ado para fomentar la formalizaci\u00f3n del empleo en el sector privado.<\/p>\n<p>El texto que se debate mantiene los lineamientos impulsados por el Poder Ejecutivo, aunque incorpora cambios respecto de la versi\u00f3n original. Estas modificaciones fueron producto del tr\u00e1nsito parlamentario previo en la C\u00e1mara Alta.<\/p>\n<p>Entre los cambios de \u00faltimo momento, el Ejecutivo resolvi\u00f3 eliminar el art\u00edculo 44 del proyecto. Dicho apartado hab\u00eda generado controversia al proponer una reducci\u00f3n salarial durante las licencias por enfermedad de los trabajadores.<\/p>\n<p>El oficialismo busca convertir en ley la iniciativa, que ya cuenta con el aval previo del Senado. El debate parlamentario tambi\u00e9n abordar\u00e1 cambios en los convenios colectivos y el funcionamiento del sistema sindical vigente.<\/p>\n<p>La convocatoria, realizada por Mart\u00edn Menem, pone en marcha una de las discusiones legislativas m\u00e1s esperadas del a\u00f1o. Se espera que la votaci\u00f3n se produzca tras varias horas de exposiciones por parte de los distintos bloques partidarios.<\/p>\n<p>La jornada legislativa determinar\u00e1 si el Gobierno logra finalmente la sanci\u00f3n definitiva de este paquete de reformas estructurales para el mercado de trabajo.<\/p>\n","protected":false},"excerpt":{"rendered":"<p>La C\u00e1mara de Diputados de la Naci\u00f3n inici\u00f3 este jueves<\/p>\n","protected":false},"author":0,"featured_media":12170,"comment_status":"","ping_status":"","sticky":false,"template":"","format":"standard","meta":{"footnotes":""},"categories":[65],"tags":[],"class_list":["post-12169","post","type-post","status-publish","format-standard","has-post-thumbnail","hentry","category-pais"],"yoast_head":"<!-- This site is optimized with the Yoast SEO plugin v27.4 - https:\/\/yoast.com\/product\/yoast-seo-wordpress\/ -->\n<title>Reforma laboral: comenz\u00f3 el debate en Diputados y hay incidentes fuera del Congreso - Cuarteto en la Web<\/title>\n<meta name=\"robots\" content=\"index, follow, max-snippet:-1, max-image-preview:large, max-video-preview:-1\" \/>\n<link rel=\"canonical\" href=\"http:\/\/cuartetoenlaweb.com.ar\/sitio\/reforma-laboral-comenzo-el-debate-en-diputados-y-hay-incidentes-fuera-del-congreso\/\" \/>\n<meta property=\"og:locale\" content=\"es_ES\" \/>\n<meta property=\"og:type\" content=\"article\" \/>\n<meta property=\"og:title\" content=\"Reforma laboral: comenz\u00f3 el debate en Diputados y hay incidentes fuera del Congreso - Cuarteto en la Web\" \/>\n<meta property=\"og:description\" content=\"La C\u00e1mara de Diputados de la Naci\u00f3n inici\u00f3 este jueves\" \/>\n<meta property=\"og:url\" content=\"http:\/\/cuartetoenlaweb.com.ar\/sitio\/reforma-laboral-comenzo-el-debate-en-diputados-y-hay-incidentes-fuera-del-congreso\/\" \/>\n<meta property=\"og:site_name\" content=\"Cuarteto en la Web\" \/>\n<meta property=\"article:published_time\" content=\"2026-02-19T22:00:30+00:00\" \/>\n<meta property=\"og:image\" content=\"http:\/\/cuartetoenlaweb.com.ar\/sitio\/wp-content\/uploads\/2026\/02\/ZFBN5XO5HBCQHPTI43CWUXSZYM.jpg\" \/>\n\t<meta property=\"og:image:width\" content=\"1300\" \/>\n\t<meta property=\"og:image:height\" content=\"867\" \/>\n\t<meta property=\"og:image:type\" content=\"image\/jpeg\" \/>\n<meta name=\"twitter:card\" content=\"summary_large_image\" \/>\n<meta name=\"twitter:label1\" content=\"Tiempo de lectura\" \/>\n\t<meta name=\"twitter:data1\" content=\"2 minutos\" \/>\n<script type=\"application\/ld+json\" class=\"yoast-schema-graph\">{\"@context\":\"https:\\\/\\\/schema.org\",\"@graph\":[{\"@type\":\"Article\",\"@id\":\"http:\\\/\\\/cuartetoenlaweb.com.ar\\\/sitio\\\/reforma-laboral-comenzo-el-debate-en-diputados-y-hay-incidentes-fuera-del-congreso\\\/#article\",\"isPartOf\":{\"@id\":\"http:\\\/\\\/cuartetoenlaweb.com.ar\\\/sitio\\\/reforma-laboral-comenzo-el-debate-en-diputados-y-hay-incidentes-fuera-del-congreso\\\/\"},\"author\":{\"name\":\"\",\"@id\":\"\"},\"headline\":\"Reforma laboral: comenz\u00f3 el debate en Diputados y hay incidentes fuera del Congreso\",\"datePublished\":\"2026-02-19T22:00:30+00:00\",\"mainEntityOfPage\":{\"@id\":\"http:\\\/\\\/cuartetoenlaweb.com.ar\\\/sitio\\\/reforma-laboral-comenzo-el-debate-en-diputados-y-hay-incidentes-fuera-del-congreso\\\/\"},\"wordCount\":469,\"publisher\":{\"@id\":\"http:\\\/\\\/cuartetoenlaweb.com.ar\\\/sitio\\\/#organization\"},\"image\":{\"@id\":\"http:\\\/\\\/cuartetoenlaweb.com.ar\\\/sitio\\\/reforma-laboral-comenzo-el-debate-en-diputados-y-hay-incidentes-fuera-del-congreso\\\/#primaryimage\"},\"thumbnailUrl\":\"https:\\\/\\\/cuartetoenlaweb.com.ar\\\/sitio\\\/wp-content\\\/uploads\\\/2026\\\/02\\\/ZFBN5XO5HBCQHPTI43CWUXSZYM.jpg\",\"articleSection\":[\"PAIS\"],\"inLanguage\":\"es\"},{\"@type\":\"WebPage\",\"@id\":\"http:\\\/\\\/cuartetoenlaweb.com.ar\\\/sitio\\\/reforma-laboral-comenzo-el-debate-en-diputados-y-hay-incidentes-fuera-del-congreso\\\/\",\"url\":\"http:\\\/\\\/cuartetoenlaweb.com.ar\\\/sitio\\\/reforma-laboral-comenzo-el-debate-en-diputados-y-hay-incidentes-fuera-del-congreso\\\/\",\"name\":\"Reforma laboral: comenz\u00f3 el debate en Diputados y hay incidentes fuera del Congreso - Cuarteto en la Web\",\"isPartOf\":{\"@id\":\"http:\\\/\\\/cuartetoenlaweb.com.ar\\\/sitio\\\/#website\"},\"primaryImageOfPage\":{\"@id\":\"http:\\\/\\\/cuartetoenlaweb.com.ar\\\/sitio\\\/reforma-laboral-comenzo-el-debate-en-diputados-y-hay-incidentes-fuera-del-congreso\\\/#primaryimage\"},\"image\":{\"@id\":\"http:\\\/\\\/cuartetoenlaweb.com.ar\\\/sitio\\\/reforma-laboral-comenzo-el-debate-en-diputados-y-hay-incidentes-fuera-del-congreso\\\/#primaryimage\"},\"thumbnailUrl\":\"https:\\\/\\\/cuartetoenlaweb.com.ar\\\/sitio\\\/wp-content\\\/uploads\\\/2026\\\/02\\\/ZFBN5XO5HBCQHPTI43CWUXSZYM.jpg\",\"datePublished\":\"2026-02-19T22:00:30+00:00\",\"breadcrumb\":{\"@id\":\"http:\\\/\\\/cuartetoenlaweb.com.ar\\\/sitio\\\/reforma-laboral-comenzo-el-debate-en-diputados-y-hay-incidentes-fuera-del-congreso\\\/#breadcrumb\"},\"inLanguage\":\"es\",\"potentialAction\":[{\"@type\":\"ReadAction\",\"target\":[\"http:\\\/\\\/cuartetoenlaweb.com.ar\\\/sitio\\\/reforma-laboral-comenzo-el-debate-en-diputados-y-hay-incidentes-fuera-del-congreso\\\/\"]}]},{\"@type\":\"ImageObject\",\"inLanguage\":\"es\",\"@id\":\"http:\\\/\\\/cuartetoenlaweb.com.ar\\\/sitio\\\/reforma-laboral-comenzo-el-debate-en-diputados-y-hay-incidentes-fuera-del-congreso\\\/#primaryimage\",\"url\":\"https:\\\/\\\/cuartetoenlaweb.com.ar\\\/sitio\\\/wp-content\\\/uploads\\\/2026\\\/02\\\/ZFBN5XO5HBCQHPTI43CWUXSZYM.jpg\",\"contentUrl\":\"https:\\\/\\\/cuartetoenlaweb.com.ar\\\/sitio\\\/wp-content\\\/uploads\\\/2026\\\/02\\\/ZFBN5XO5HBCQHPTI43CWUXSZYM.jpg\",\"width\":1300,\"height\":867},{\"@type\":\"BreadcrumbList\",\"@id\":\"http:\\\/\\\/cuartetoenlaweb.com.ar\\\/sitio\\\/reforma-laboral-comenzo-el-debate-en-diputados-y-hay-incidentes-fuera-del-congreso\\\/#breadcrumb\",\"itemListElement\":[{\"@type\":\"ListItem\",\"position\":1,\"name\":\"Portada\",\"item\":\"http:\\\/\\\/cuartetoenlaweb.com.ar\\\/sitio\\\/\"},{\"@type\":\"ListItem\",\"position\":2,\"name\":\"Reforma laboral: comenz\u00f3 el debate en Diputados y hay incidentes fuera del Congreso\"}]},{\"@type\":\"WebSite\",\"@id\":\"http:\\\/\\\/cuartetoenlaweb.com.ar\\\/sitio\\\/#website\",\"url\":\"http:\\\/\\\/cuartetoenlaweb.com.ar\\\/sitio\\\/\",\"name\":\"Cuarteto en la Web\",\"description\":\"\",\"publisher\":{\"@id\":\"http:\\\/\\\/cuartetoenlaweb.com.ar\\\/sitio\\\/#organization\"},\"potentialAction\":[{\"@type\":\"SearchAction\",\"target\":{\"@type\":\"EntryPoint\",\"urlTemplate\":\"http:\\\/\\\/cuartetoenlaweb.com.ar\\\/sitio\\\/?s={search_term_string}\"},\"query-input\":{\"@type\":\"PropertyValueSpecification\",\"valueRequired\":true,\"valueName\":\"search_term_string\"}}],\"inLanguage\":\"es\"},{\"@type\":\"Organization\",\"@id\":\"http:\\\/\\\/cuartetoenlaweb.com.ar\\\/sitio\\\/#organization\",\"name\":\"Cuarteto en la Web\",\"url\":\"http:\\\/\\\/cuartetoenlaweb.com.ar\\\/sitio\\\/\",\"logo\":{\"@type\":\"ImageObject\",\"inLanguage\":\"es\",\"@id\":\"http:\\\/\\\/cuartetoenlaweb.com.ar\\\/sitio\\\/#\\\/schema\\\/logo\\\/image\\\/\",\"url\":\"https:\\\/\\\/cuartetoenlaweb.com.ar\\\/sitio\\\/wp-content\\\/uploads\\\/2025\\\/07\\\/cropped-cropped-logitoweb21.png\",\"contentUrl\":\"https:\\\/\\\/cuartetoenlaweb.com.ar\\\/sitio\\\/wp-content\\\/uploads\\\/2025\\\/07\\\/cropped-cropped-logitoweb21.png\",\"width\":199,\"height\":199,\"caption\":\"Cuarteto en la Web\"},\"image\":{\"@id\":\"http:\\\/\\\/cuartetoenlaweb.com.ar\\\/sitio\\\/#\\\/schema\\\/logo\\\/image\\\/\"}}]}<\/script>\n<!-- \/ Yoast SEO plugin. -->","yoast_head_json":{"title":"Reforma laboral: comenz\u00f3 el debate en Diputados y hay incidentes fuera del Congreso - Cuarteto en la Web","robots":{"index":"index","follow":"follow","max-snippet":"max-snippet:-1","max-image-preview":"max-image-preview:large","max-video-preview":"max-video-preview:-1"},"canonical":"http:\/\/cuartetoenlaweb.com.ar\/sitio\/reforma-laboral-comenzo-el-debate-en-diputados-y-hay-incidentes-fuera-del-congreso\/","og_locale":"es_ES","og_type":"article","og_title":"Reforma laboral: comenz\u00f3 el debate en Diputados y hay incidentes fuera del Congreso - Cuarteto en la Web","og_description":"La C\u00e1mara de Diputados de la Naci\u00f3n inici\u00f3 este jueves","og_url":"http:\/\/cuartetoenlaweb.com.ar\/sitio\/reforma-laboral-comenzo-el-debate-en-diputados-y-hay-incidentes-fuera-del-congreso\/","og_site_name":"Cuarteto en la Web","article_published_time":"2026-02-19T22:00:30+00:00","og_image":[{"width":1300,"height":867,"url":"http:\/\/cuartetoenlaweb.com.ar\/sitio\/wp-content\/uploads\/2026\/02\/ZFBN5XO5HBCQHPTI43CWUXSZYM.jpg","type":"image\/jpeg"}],"twitter_card":"summary_large_image","twitter_misc":{"Tiempo de lectura":"2 minutos"},"schema":{"@context":"https:\/\/schema.org","@graph":[{"@type":"Article","@id":"http:\/\/cuartetoenlaweb.com.ar\/sitio\/reforma-laboral-comenzo-el-debate-en-diputados-y-hay-incidentes-fuera-del-congreso\/#article","isPartOf":{"@id":"http:\/\/cuartetoenlaweb.com.ar\/sitio\/reforma-laboral-comenzo-el-debate-en-diputados-y-hay-incidentes-fuera-del-congreso\/"},"author":{"name":"","@id":""},"headline":"Reforma laboral: comenz\u00f3 el debate en Diputados y hay incidentes fuera del Congreso","datePublished":"2026-02-19T22:00:30+00:00","mainEntityOfPage":{"@id":"http:\/\/cuartetoenlaweb.com.ar\/sitio\/reforma-laboral-comenzo-el-debate-en-diputados-y-hay-incidentes-fuera-del-congreso\/"},"wordCount":469,"publisher":{"@id":"http:\/\/cuartetoenlaweb.com.ar\/sitio\/#organization"},"image":{"@id":"http:\/\/cuartetoenlaweb.com.ar\/sitio\/reforma-laboral-comenzo-el-debate-en-diputados-y-hay-incidentes-fuera-del-congreso\/#primaryimage"},"thumbnailUrl":"https:\/\/cuartetoenlaweb.com.ar\/sitio\/wp-content\/uploads\/2026\/02\/ZFBN5XO5HBCQHPTI43CWUXSZYM.jpg","articleSection":["PAIS"],"inLanguage":"es"},{"@type":"WebPage","@id":"http:\/\/cuartetoenlaweb.com.ar\/sitio\/reforma-laboral-comenzo-el-debate-en-diputados-y-hay-incidentes-fuera-del-congreso\/","url":"http:\/\/cuartetoenlaweb.com.ar\/sitio\/reforma-laboral-comenzo-el-debate-en-diputados-y-hay-incidentes-fuera-del-congreso\/","name":"Reforma laboral: comenz\u00f3 el debate en Diputados y hay incidentes fuera del Congreso - Cuarteto en la Web","isPartOf":{"@id":"http:\/\/cuartetoenlaweb.com.ar\/sitio\/#website"},"primaryImageOfPage":{"@id":"http:\/\/cuartetoenlaweb.com.ar\/sitio\/reforma-laboral-comenzo-el-debate-en-diputados-y-hay-incidentes-fuera-del-congreso\/#primaryimage"},"image":{"@id":"http:\/\/cuartetoenlaweb.com.ar\/sitio\/reforma-laboral-comenzo-el-debate-en-diputados-y-hay-incidentes-fuera-del-congreso\/#primaryimage"},"thumbnailUrl":"https:\/\/cuartetoenlaweb.com.ar\/sitio\/wp-content\/uploads\/2026\/02\/ZFBN5XO5HBCQHPTI43CWUXSZYM.jpg","datePublished":"2026-02-19T22:00:30+00:00","breadcrumb":{"@id":"http:\/\/cuartetoenlaweb.com.ar\/sitio\/reforma-laboral-comenzo-el-debate-en-diputados-y-hay-incidentes-fuera-del-congreso\/#breadcrumb"},"inLanguage":"es","potentialAction":[{"@type":"ReadAction","target":["http:\/\/cuartetoenlaweb.com.ar\/sitio\/reforma-laboral-comenzo-el-debate-en-diputados-y-hay-incidentes-fuera-del-congreso\/"]}]},{"@type":"ImageObject","inLanguage":"es","@id":"http:\/\/cuartetoenlaweb.com.ar\/sitio\/reforma-laboral-comenzo-el-debate-en-diputados-y-hay-incidentes-fuera-del-congreso\/#primaryimage","url":"https:\/\/cuartetoenlaweb.com.ar\/sitio\/wp-content\/uploads\/2026\/02\/ZFBN5XO5HBCQHPTI43CWUXSZYM.jpg","contentUrl":"https:\/\/cuartetoenlaweb.com.ar\/sitio\/wp-content\/uploads\/2026\/02\/ZFBN5XO5HBCQHPTI43CWUXSZYM.jpg","width":1300,"height":867},{"@type":"BreadcrumbList","@id":"http:\/\/cuartetoenlaweb.com.ar\/sitio\/reforma-laboral-comenzo-el-debate-en-diputados-y-hay-incidentes-fuera-del-congreso\/#breadcrumb","itemListElement":[{"@type":"ListItem","position":1,"name":"Portada","item":"http:\/\/cuartetoenlaweb.com.ar\/sitio\/"},{"@type":"ListItem","position":2,"name":"Reforma laboral: comenz\u00f3 el debate en Diputados y hay incidentes fuera del Congreso"}]},{"@type":"WebSite","@id":"http:\/\/cuartetoenlaweb.com.ar\/sitio\/#website","url":"http:\/\/cuartetoenlaweb.com.ar\/sitio\/","name":"Cuarteto en la Web","description":"","publisher":{"@id":"http:\/\/cuartetoenlaweb.com.ar\/sitio\/#organization"},"potentialAction":[{"@type":"SearchAction","target":{"@type":"EntryPoint","urlTemplate":"http:\/\/cuartetoenlaweb.com.ar\/sitio\/?s={search_term_string}"},"query-input":{"@type":"PropertyValueSpecification","valueRequired":true,"valueName":"search_term_string"}}],"inLanguage":"es"},{"@type":"Organization","@id":"http:\/\/cuartetoenlaweb.com.ar\/sitio\/#organization","name":"Cuarteto en la Web","url":"http:\/\/cuartetoenlaweb.com.ar\/sitio\/","logo":{"@type":"ImageObject","inLanguage":"es","@id":"http:\/\/cuartetoenlaweb.com.ar\/sitio\/#\/schema\/logo\/image\/","url":"https:\/\/cuartetoenlaweb.com.ar\/sitio\/wp-content\/uploads\/2025\/07\/cropped-cropped-logitoweb21.png","contentUrl":"https:\/\/cuartetoenlaweb.com.ar\/sitio\/wp-content\/uploads\/2025\/07\/cropped-cropped-logitoweb21.png","width":199,"height":199,"caption":"Cuarteto en la Web"},"image":{"@id":"http:\/\/cuartetoenlaweb.com.ar\/sitio\/#\/schema\/logo\/image\/"}}]}},"_links":{"self":[{"href":"https:\/\/cuartetoenlaweb.com.ar\/sitio\/wp-json\/wp\/v2\/posts\/12169","targetHints":{"allow":["GET"]}}],"collection":[{"href":"https:\/\/cuartetoenlaweb.com.ar\/sitio\/wp-json\/wp\/v2\/posts"}],"about":[{"href":"https:\/\/cuartetoenlaweb.com.ar\/sitio\/wp-json\/wp\/v2\/types\/post"}],"replies":[{"embeddable":true,"href":"https:\/\/cuartetoenlaweb.com.ar\/sitio\/wp-json\/wp\/v2\/comments?post=12169"}],"version-history":[{"count":0,"href":"https:\/\/cuartetoenlaweb.com.ar\/sitio\/wp-json\/wp\/v2\/posts\/12169\/revisions"}],"wp:featuredmedia":[{"embeddable":true,"href":"https:\/\/cuartetoenlaweb.com.ar\/sitio\/wp-json\/wp\/v2\/media\/12170"}],"wp:attachment":[{"href":"https:\/\/cuartetoenlaweb.com.ar\/sitio\/wp-json\/wp\/v2\/media?parent=12169"}],"wp:term":[{"taxonomy":"category","embeddable":true,"href":"https:\/\/cuartetoenlaweb.com.ar\/sitio\/wp-json\/wp\/v2\/categories?post=12169"},{"taxonomy":"post_tag","embeddable":true,"href":"https:\/\/cuartetoenlaweb.com.ar\/sitio\/wp-json\/wp\/v2\/tags?post=12169"}],"curies":[{"name":"wp","href":"https:\/\/api.w.org\/{rel}","templated":true}]}}