
{"id":12165,"date":"2026-02-19T19:00:22","date_gmt":"2026-02-19T22:00:22","guid":{"rendered":"https:\/\/cuartetoenlaweb.com.ar\/sitio\/tras-cerrar-su-llegada-a-boca-bareiro-tuvo-un-gesto-anti-river-que-enloquecio-a-los-hinchas\/"},"modified":"2026-02-19T19:00:22","modified_gmt":"2026-02-19T22:00:22","slug":"tras-cerrar-su-llegada-a-boca-bareiro-tuvo-un-gesto-anti-river-que-enloquecio-a-los-hinchas","status":"publish","type":"post","link":"https:\/\/cuartetoenlaweb.com.ar\/sitio\/tras-cerrar-su-llegada-a-boca-bareiro-tuvo-un-gesto-anti-river-que-enloquecio-a-los-hinchas\/","title":{"rendered":"Tras cerrar su llegada a Boca, Bareiro tuvo un gesto \u201canti River\u201d que enloqueci\u00f3 a los hinchas"},"content":{"rendered":"<p><a href=\"https:\/\/www.lavoz.com.ar\/deportes\/futbol\/boca-tiene-un-nuevo-refuerzo-suma-a-un-jugador-con-pasado-en-river\/\" target=\"_blank\" rel=\"noreferrer\" title=\"https:\/\/www.lavoz.com.ar\/deportes\/futbol\/boca-tiene-un-nuevo-refuerzo-suma-a-un-jugador-con-pasado-en-river\/\"><b>Adam Bareiro<\/b><\/a> se convertir\u00e1 en el tercer refuerzo de <a href=\"https:\/\/www.lavoz.com.ar\/temas\/boca\/\" target=\"_blank\" rel=\"noreferrer\" title=\"https:\/\/www.lavoz.com.ar\/temas\/boca\/\"><b>Boca <\/b><\/a>para el mercado de pases de 2026. Tras un acuerdo alcanzado entre el club de la Ribera y el Fortaleza de Brasil, el atacante se pondr\u00e1 bajo las \u00f3rdenes de Claudio \u201cSif\u00f3n\u201d \u00dabeda para reforzar la ofensiva xeneize en una temporada donde el gran objetivo es la Copa Libertadores.<\/p>\n<p>Sin embargo, lo que realmente sacudi\u00f3 el ambiente futbol\u00edstico no fue solo el traspaso, sino la dr\u00e1stica decisi\u00f3n del jugador de eliminar cualquier v\u00ednculo simb\u00f3lico con <a href=\"https:\/\/www.lavoz.com.ar\/temas\/river\/\" target=\"_blank\" rel=\"noreferrer\" title=\"https:\/\/www.lavoz.com.ar\/temas\/river\/\"><b>River<\/b><\/a>. <\/p>\n<h2>El gesto \u201canti River\u201d de Bareiro<\/h2>\n<p>A trav\u00e9s de sus redes sociales, Bareiro borr\u00f3 todas las fotos en las que vest\u00eda la camiseta del Millonario en Instagram. La limpieza de su perfil incluy\u00f3 incluso las im\u00e1genes que el club de N\u00fa\u00f1ez hab\u00eda subido en colaboraci\u00f3n con \u00e9l durante su presentaci\u00f3n en 2024, lo que provoc\u00f3 el enojo de los simpatizantes de River.<\/p>\n<p><img loading=\"lazy\" decoding=\"async\" src=\"https:\/\/www.lavoz.com.ar\/resizer\/ZSPIUufU83I2dslh0xSYoQteOmM=\/cloudfront-us-east-1.images.arcpublishing.com\/grupoclarin\/7POCWAMVEBBUDPEBDCMIFS2NB4.jpg\" alt=\"Adam Bareiro. (Prensa River)\" height=\"867\" width=\"1300\" \/><\/p>\n<p>Como parte de estos gestos, que los hinchas de Boca celebraron masivamente, el futbolista de 31 a\u00f1os tambi\u00e9n dej\u00f3 de seguir a la cuenta oficial de River. <\/p>\n<p>Estas determinaciones se interpretan como una clara se\u00f1al de querer desvincularse totalmente de su etapa anterior, en la que tuvo muy poco rodaje y escasos minutos de juego bajo la conducci\u00f3n de Marcelo Gallardo.<\/p>\n<p>Con esta llegada, la dirigencia encabezada por Juan Rom\u00e1n Riquelme busca dar un salto de calidad al plantel en un presente que alterna buenas y malas resultados. Bareiro llega con el objetivo de buscar su \u201crevancha\u201d en el f\u00fatbol argentino tras su breve y opaco paso por el m\u00e1ximo rival.<\/p>\n","protected":false},"excerpt":{"rendered":"<p>Adam Bareiro se convertir\u00e1 en el tercer refuerzo de Boca<\/p>\n","protected":false},"author":0,"featured_media":12166,"comment_status":"","ping_status":"","sticky":false,"template":"","format":"standard","meta":{"footnotes":""},"categories":[65],"tags":[],"class_list":["post-12165","post","type-post","status-publish","format-standard","has-post-thumbnail","hentry","category-pais"],"yoast_head":"<!-- This site is optimized with the Yoast SEO plugin v27.4 - https:\/\/yoast.com\/product\/yoast-seo-wordpress\/ -->\n<title>Tras cerrar su llegada a Boca, Bareiro tuvo un gesto \u201canti River\u201d que enloqueci\u00f3 a los hinchas - Cuarteto en la Web<\/title>\n<meta name=\"robots\" content=\"index, follow, max-snippet:-1, max-image-preview:large, max-video-preview:-1\" \/>\n<link rel=\"canonical\" href=\"https:\/\/cuartetoenlaweb.com.ar\/sitio\/tras-cerrar-su-llegada-a-boca-bareiro-tuvo-un-gesto-anti-river-que-enloquecio-a-los-hinchas\/\" \/>\n<meta property=\"og:locale\" content=\"es_ES\" \/>\n<meta property=\"og:type\" content=\"article\" \/>\n<meta property=\"og:title\" content=\"Tras cerrar su llegada a Boca, Bareiro tuvo un gesto \u201canti River\u201d que enloqueci\u00f3 a los hinchas - Cuarteto en la Web\" \/>\n<meta property=\"og:description\" content=\"Adam Bareiro se convertir\u00e1 en el tercer refuerzo de Boca\" \/>\n<meta property=\"og:url\" content=\"https:\/\/cuartetoenlaweb.com.ar\/sitio\/tras-cerrar-su-llegada-a-boca-bareiro-tuvo-un-gesto-anti-river-que-enloquecio-a-los-hinchas\/\" \/>\n<meta property=\"og:site_name\" content=\"Cuarteto en la Web\" \/>\n<meta property=\"article:published_time\" content=\"2026-02-19T22:00:22+00:00\" \/>\n<meta property=\"og:image\" content=\"https:\/\/cuartetoenlaweb.com.ar\/sitio\/wp-content\/uploads\/2026\/02\/O5HP42QM4JDSLM7ZOMI6GWLZVQ.jpg\" \/>\n\t<meta property=\"og:image:width\" content=\"770\" \/>\n\t<meta property=\"og:image:height\" content=\"513\" \/>\n\t<meta property=\"og:image:type\" content=\"image\/jpeg\" \/>\n<meta name=\"twitter:card\" content=\"summary_large_image\" \/>\n<meta name=\"twitter:label1\" content=\"Tiempo de lectura\" \/>\n\t<meta name=\"twitter:data1\" content=\"1 minuto\" \/>\n<script type=\"application\/ld+json\" class=\"yoast-schema-graph\">{\"@context\":\"https:\\\/\\\/schema.org\",\"@graph\":[{\"@type\":\"Article\",\"@id\":\"https:\\\/\\\/cuartetoenlaweb.com.ar\\\/sitio\\\/tras-cerrar-su-llegada-a-boca-bareiro-tuvo-un-gesto-anti-river-que-enloquecio-a-los-hinchas\\\/#article\",\"isPartOf\":{\"@id\":\"https:\\\/\\\/cuartetoenlaweb.com.ar\\\/sitio\\\/tras-cerrar-su-llegada-a-boca-bareiro-tuvo-un-gesto-anti-river-que-enloquecio-a-los-hinchas\\\/\"},\"author\":{\"name\":\"\",\"@id\":\"\"},\"headline\":\"Tras cerrar su llegada a Boca, Bareiro tuvo un gesto \u201canti River\u201d que enloqueci\u00f3 a los hinchas\",\"datePublished\":\"2026-02-19T22:00:22+00:00\",\"mainEntityOfPage\":{\"@id\":\"https:\\\/\\\/cuartetoenlaweb.com.ar\\\/sitio\\\/tras-cerrar-su-llegada-a-boca-bareiro-tuvo-un-gesto-anti-river-que-enloquecio-a-los-hinchas\\\/\"},\"wordCount\":293,\"publisher\":{\"@id\":\"http:\\\/\\\/cuartetoenlaweb.com.ar\\\/sitio\\\/#organization\"},\"image\":{\"@id\":\"https:\\\/\\\/cuartetoenlaweb.com.ar\\\/sitio\\\/tras-cerrar-su-llegada-a-boca-bareiro-tuvo-un-gesto-anti-river-que-enloquecio-a-los-hinchas\\\/#primaryimage\"},\"thumbnailUrl\":\"https:\\\/\\\/cuartetoenlaweb.com.ar\\\/sitio\\\/wp-content\\\/uploads\\\/2026\\\/02\\\/O5HP42QM4JDSLM7ZOMI6GWLZVQ.jpg\",\"articleSection\":[\"PAIS\"],\"inLanguage\":\"es\"},{\"@type\":\"WebPage\",\"@id\":\"https:\\\/\\\/cuartetoenlaweb.com.ar\\\/sitio\\\/tras-cerrar-su-llegada-a-boca-bareiro-tuvo-un-gesto-anti-river-que-enloquecio-a-los-hinchas\\\/\",\"url\":\"https:\\\/\\\/cuartetoenlaweb.com.ar\\\/sitio\\\/tras-cerrar-su-llegada-a-boca-bareiro-tuvo-un-gesto-anti-river-que-enloquecio-a-los-hinchas\\\/\",\"name\":\"Tras cerrar su llegada a Boca, Bareiro tuvo un gesto \u201canti River\u201d que enloqueci\u00f3 a los hinchas - Cuarteto en la Web\",\"isPartOf\":{\"@id\":\"http:\\\/\\\/cuartetoenlaweb.com.ar\\\/sitio\\\/#website\"},\"primaryImageOfPage\":{\"@id\":\"https:\\\/\\\/cuartetoenlaweb.com.ar\\\/sitio\\\/tras-cerrar-su-llegada-a-boca-bareiro-tuvo-un-gesto-anti-river-que-enloquecio-a-los-hinchas\\\/#primaryimage\"},\"image\":{\"@id\":\"https:\\\/\\\/cuartetoenlaweb.com.ar\\\/sitio\\\/tras-cerrar-su-llegada-a-boca-bareiro-tuvo-un-gesto-anti-river-que-enloquecio-a-los-hinchas\\\/#primaryimage\"},\"thumbnailUrl\":\"https:\\\/\\\/cuartetoenlaweb.com.ar\\\/sitio\\\/wp-content\\\/uploads\\\/2026\\\/02\\\/O5HP42QM4JDSLM7ZOMI6GWLZVQ.jpg\",\"datePublished\":\"2026-02-19T22:00:22+00:00\",\"breadcrumb\":{\"@id\":\"https:\\\/\\\/cuartetoenlaweb.com.ar\\\/sitio\\\/tras-cerrar-su-llegada-a-boca-bareiro-tuvo-un-gesto-anti-river-que-enloquecio-a-los-hinchas\\\/#breadcrumb\"},\"inLanguage\":\"es\",\"potentialAction\":[{\"@type\":\"ReadAction\",\"target\":[\"https:\\\/\\\/cuartetoenlaweb.com.ar\\\/sitio\\\/tras-cerrar-su-llegada-a-boca-bareiro-tuvo-un-gesto-anti-river-que-enloquecio-a-los-hinchas\\\/\"]}]},{\"@type\":\"ImageObject\",\"inLanguage\":\"es\",\"@id\":\"https:\\\/\\\/cuartetoenlaweb.com.ar\\\/sitio\\\/tras-cerrar-su-llegada-a-boca-bareiro-tuvo-un-gesto-anti-river-que-enloquecio-a-los-hinchas\\\/#primaryimage\",\"url\":\"https:\\\/\\\/cuartetoenlaweb.com.ar\\\/sitio\\\/wp-content\\\/uploads\\\/2026\\\/02\\\/O5HP42QM4JDSLM7ZOMI6GWLZVQ.jpg\",\"contentUrl\":\"https:\\\/\\\/cuartetoenlaweb.com.ar\\\/sitio\\\/wp-content\\\/uploads\\\/2026\\\/02\\\/O5HP42QM4JDSLM7ZOMI6GWLZVQ.jpg\",\"width\":770,\"height\":513},{\"@type\":\"BreadcrumbList\",\"@id\":\"https:\\\/\\\/cuartetoenlaweb.com.ar\\\/sitio\\\/tras-cerrar-su-llegada-a-boca-bareiro-tuvo-un-gesto-anti-river-que-enloquecio-a-los-hinchas\\\/#breadcrumb\",\"itemListElement\":[{\"@type\":\"ListItem\",\"position\":1,\"name\":\"Portada\",\"item\":\"http:\\\/\\\/cuartetoenlaweb.com.ar\\\/sitio\\\/\"},{\"@type\":\"ListItem\",\"position\":2,\"name\":\"Tras cerrar su llegada a Boca, Bareiro tuvo un gesto \u201canti River\u201d que enloqueci\u00f3 a los hinchas\"}]},{\"@type\":\"WebSite\",\"@id\":\"http:\\\/\\\/cuartetoenlaweb.com.ar\\\/sitio\\\/#website\",\"url\":\"http:\\\/\\\/cuartetoenlaweb.com.ar\\\/sitio\\\/\",\"name\":\"Cuarteto en la Web\",\"description\":\"\",\"publisher\":{\"@id\":\"http:\\\/\\\/cuartetoenlaweb.com.ar\\\/sitio\\\/#organization\"},\"potentialAction\":[{\"@type\":\"SearchAction\",\"target\":{\"@type\":\"EntryPoint\",\"urlTemplate\":\"http:\\\/\\\/cuartetoenlaweb.com.ar\\\/sitio\\\/?s={search_term_string}\"},\"query-input\":{\"@type\":\"PropertyValueSpecification\",\"valueRequired\":true,\"valueName\":\"search_term_string\"}}],\"inLanguage\":\"es\"},{\"@type\":\"Organization\",\"@id\":\"http:\\\/\\\/cuartetoenlaweb.com.ar\\\/sitio\\\/#organization\",\"name\":\"Cuarteto en la Web\",\"url\":\"http:\\\/\\\/cuartetoenlaweb.com.ar\\\/sitio\\\/\",\"logo\":{\"@type\":\"ImageObject\",\"inLanguage\":\"es\",\"@id\":\"http:\\\/\\\/cuartetoenlaweb.com.ar\\\/sitio\\\/#\\\/schema\\\/logo\\\/image\\\/\",\"url\":\"https:\\\/\\\/cuartetoenlaweb.com.ar\\\/sitio\\\/wp-content\\\/uploads\\\/2025\\\/07\\\/cropped-cropped-logitoweb21.png\",\"contentUrl\":\"https:\\\/\\\/cuartetoenlaweb.com.ar\\\/sitio\\\/wp-content\\\/uploads\\\/2025\\\/07\\\/cropped-cropped-logitoweb21.png\",\"width\":199,\"height\":199,\"caption\":\"Cuarteto en la Web\"},\"image\":{\"@id\":\"http:\\\/\\\/cuartetoenlaweb.com.ar\\\/sitio\\\/#\\\/schema\\\/logo\\\/image\\\/\"}}]}<\/script>\n<!-- \/ Yoast SEO plugin. -->","yoast_head_json":{"title":"Tras cerrar su llegada a Boca, Bareiro tuvo un gesto \u201canti River\u201d que enloqueci\u00f3 a los hinchas - Cuarteto en la Web","robots":{"index":"index","follow":"follow","max-snippet":"max-snippet:-1","max-image-preview":"max-image-preview:large","max-video-preview":"max-video-preview:-1"},"canonical":"https:\/\/cuartetoenlaweb.com.ar\/sitio\/tras-cerrar-su-llegada-a-boca-bareiro-tuvo-un-gesto-anti-river-que-enloquecio-a-los-hinchas\/","og_locale":"es_ES","og_type":"article","og_title":"Tras cerrar su llegada a Boca, Bareiro tuvo un gesto \u201canti River\u201d que enloqueci\u00f3 a los hinchas - Cuarteto en la Web","og_description":"Adam Bareiro se convertir\u00e1 en el tercer refuerzo de Boca","og_url":"https:\/\/cuartetoenlaweb.com.ar\/sitio\/tras-cerrar-su-llegada-a-boca-bareiro-tuvo-un-gesto-anti-river-que-enloquecio-a-los-hinchas\/","og_site_name":"Cuarteto en la Web","article_published_time":"2026-02-19T22:00:22+00:00","og_image":[{"width":770,"height":513,"url":"https:\/\/cuartetoenlaweb.com.ar\/sitio\/wp-content\/uploads\/2026\/02\/O5HP42QM4JDSLM7ZOMI6GWLZVQ.jpg","type":"image\/jpeg"}],"twitter_card":"summary_large_image","twitter_misc":{"Tiempo de lectura":"1 minuto"},"schema":{"@context":"https:\/\/schema.org","@graph":[{"@type":"Article","@id":"https:\/\/cuartetoenlaweb.com.ar\/sitio\/tras-cerrar-su-llegada-a-boca-bareiro-tuvo-un-gesto-anti-river-que-enloquecio-a-los-hinchas\/#article","isPartOf":{"@id":"https:\/\/cuartetoenlaweb.com.ar\/sitio\/tras-cerrar-su-llegada-a-boca-bareiro-tuvo-un-gesto-anti-river-que-enloquecio-a-los-hinchas\/"},"author":{"name":"","@id":""},"headline":"Tras cerrar su llegada a Boca, Bareiro tuvo un gesto \u201canti River\u201d que enloqueci\u00f3 a los hinchas","datePublished":"2026-02-19T22:00:22+00:00","mainEntityOfPage":{"@id":"https:\/\/cuartetoenlaweb.com.ar\/sitio\/tras-cerrar-su-llegada-a-boca-bareiro-tuvo-un-gesto-anti-river-que-enloquecio-a-los-hinchas\/"},"wordCount":293,"publisher":{"@id":"http:\/\/cuartetoenlaweb.com.ar\/sitio\/#organization"},"image":{"@id":"https:\/\/cuartetoenlaweb.com.ar\/sitio\/tras-cerrar-su-llegada-a-boca-bareiro-tuvo-un-gesto-anti-river-que-enloquecio-a-los-hinchas\/#primaryimage"},"thumbnailUrl":"https:\/\/cuartetoenlaweb.com.ar\/sitio\/wp-content\/uploads\/2026\/02\/O5HP42QM4JDSLM7ZOMI6GWLZVQ.jpg","articleSection":["PAIS"],"inLanguage":"es"},{"@type":"WebPage","@id":"https:\/\/cuartetoenlaweb.com.ar\/sitio\/tras-cerrar-su-llegada-a-boca-bareiro-tuvo-un-gesto-anti-river-que-enloquecio-a-los-hinchas\/","url":"https:\/\/cuartetoenlaweb.com.ar\/sitio\/tras-cerrar-su-llegada-a-boca-bareiro-tuvo-un-gesto-anti-river-que-enloquecio-a-los-hinchas\/","name":"Tras cerrar su llegada a Boca, Bareiro tuvo un gesto \u201canti River\u201d que enloqueci\u00f3 a los hinchas - Cuarteto en la Web","isPartOf":{"@id":"http:\/\/cuartetoenlaweb.com.ar\/sitio\/#website"},"primaryImageOfPage":{"@id":"https:\/\/cuartetoenlaweb.com.ar\/sitio\/tras-cerrar-su-llegada-a-boca-bareiro-tuvo-un-gesto-anti-river-que-enloquecio-a-los-hinchas\/#primaryimage"},"image":{"@id":"https:\/\/cuartetoenlaweb.com.ar\/sitio\/tras-cerrar-su-llegada-a-boca-bareiro-tuvo-un-gesto-anti-river-que-enloquecio-a-los-hinchas\/#primaryimage"},"thumbnailUrl":"https:\/\/cuartetoenlaweb.com.ar\/sitio\/wp-content\/uploads\/2026\/02\/O5HP42QM4JDSLM7ZOMI6GWLZVQ.jpg","datePublished":"2026-02-19T22:00:22+00:00","breadcrumb":{"@id":"https:\/\/cuartetoenlaweb.com.ar\/sitio\/tras-cerrar-su-llegada-a-boca-bareiro-tuvo-un-gesto-anti-river-que-enloquecio-a-los-hinchas\/#breadcrumb"},"inLanguage":"es","potentialAction":[{"@type":"ReadAction","target":["https:\/\/cuartetoenlaweb.com.ar\/sitio\/tras-cerrar-su-llegada-a-boca-bareiro-tuvo-un-gesto-anti-river-que-enloquecio-a-los-hinchas\/"]}]},{"@type":"ImageObject","inLanguage":"es","@id":"https:\/\/cuartetoenlaweb.com.ar\/sitio\/tras-cerrar-su-llegada-a-boca-bareiro-tuvo-un-gesto-anti-river-que-enloquecio-a-los-hinchas\/#primaryimage","url":"https:\/\/cuartetoenlaweb.com.ar\/sitio\/wp-content\/uploads\/2026\/02\/O5HP42QM4JDSLM7ZOMI6GWLZVQ.jpg","contentUrl":"https:\/\/cuartetoenlaweb.com.ar\/sitio\/wp-content\/uploads\/2026\/02\/O5HP42QM4JDSLM7ZOMI6GWLZVQ.jpg","width":770,"height":513},{"@type":"BreadcrumbList","@id":"https:\/\/cuartetoenlaweb.com.ar\/sitio\/tras-cerrar-su-llegada-a-boca-bareiro-tuvo-un-gesto-anti-river-que-enloquecio-a-los-hinchas\/#breadcrumb","itemListElement":[{"@type":"ListItem","position":1,"name":"Portada","item":"http:\/\/cuartetoenlaweb.com.ar\/sitio\/"},{"@type":"ListItem","position":2,"name":"Tras cerrar su llegada a Boca, Bareiro tuvo un gesto \u201canti River\u201d que enloqueci\u00f3 a los hinchas"}]},{"@type":"WebSite","@id":"http:\/\/cuartetoenlaweb.com.ar\/sitio\/#website","url":"http:\/\/cuartetoenlaweb.com.ar\/sitio\/","name":"Cuarteto en la Web","description":"","publisher":{"@id":"http:\/\/cuartetoenlaweb.com.ar\/sitio\/#organization"},"potentialAction":[{"@type":"SearchAction","target":{"@type":"EntryPoint","urlTemplate":"http:\/\/cuartetoenlaweb.com.ar\/sitio\/?s={search_term_string}"},"query-input":{"@type":"PropertyValueSpecification","valueRequired":true,"valueName":"search_term_string"}}],"inLanguage":"es"},{"@type":"Organization","@id":"http:\/\/cuartetoenlaweb.com.ar\/sitio\/#organization","name":"Cuarteto en la Web","url":"http:\/\/cuartetoenlaweb.com.ar\/sitio\/","logo":{"@type":"ImageObject","inLanguage":"es","@id":"http:\/\/cuartetoenlaweb.com.ar\/sitio\/#\/schema\/logo\/image\/","url":"https:\/\/cuartetoenlaweb.com.ar\/sitio\/wp-content\/uploads\/2025\/07\/cropped-cropped-logitoweb21.png","contentUrl":"https:\/\/cuartetoenlaweb.com.ar\/sitio\/wp-content\/uploads\/2025\/07\/cropped-cropped-logitoweb21.png","width":199,"height":199,"caption":"Cuarteto en la Web"},"image":{"@id":"http:\/\/cuartetoenlaweb.com.ar\/sitio\/#\/schema\/logo\/image\/"}}]}},"_links":{"self":[{"href":"https:\/\/cuartetoenlaweb.com.ar\/sitio\/wp-json\/wp\/v2\/posts\/12165","targetHints":{"allow":["GET"]}}],"collection":[{"href":"https:\/\/cuartetoenlaweb.com.ar\/sitio\/wp-json\/wp\/v2\/posts"}],"about":[{"href":"https:\/\/cuartetoenlaweb.com.ar\/sitio\/wp-json\/wp\/v2\/types\/post"}],"replies":[{"embeddable":true,"href":"https:\/\/cuartetoenlaweb.com.ar\/sitio\/wp-json\/wp\/v2\/comments?post=12165"}],"version-history":[{"count":0,"href":"https:\/\/cuartetoenlaweb.com.ar\/sitio\/wp-json\/wp\/v2\/posts\/12165\/revisions"}],"wp:featuredmedia":[{"embeddable":true,"href":"https:\/\/cuartetoenlaweb.com.ar\/sitio\/wp-json\/wp\/v2\/media\/12166"}],"wp:attachment":[{"href":"https:\/\/cuartetoenlaweb.com.ar\/sitio\/wp-json\/wp\/v2\/media?parent=12165"}],"wp:term":[{"taxonomy":"category","embeddable":true,"href":"https:\/\/cuartetoenlaweb.com.ar\/sitio\/wp-json\/wp\/v2\/categories?post=12165"},{"taxonomy":"post_tag","embeddable":true,"href":"https:\/\/cuartetoenlaweb.com.ar\/sitio\/wp-json\/wp\/v2\/tags?post=12165"}],"curies":[{"name":"wp","href":"https:\/\/api.w.org\/{rel}","templated":true}]}}