
{"id":12163,"date":"2026-02-19T19:00:10","date_gmt":"2026-02-19T22:00:10","guid":{"rendered":"https:\/\/cuartetoenlaweb.com.ar\/sitio\/ivana-icardi-conto-la-dramatica-historia-de-su-mama-y-por-que-esta-alejada-de-mauro-tuvo-una-relacion-insana-con-nuestro-padre\/"},"modified":"2026-02-19T19:00:10","modified_gmt":"2026-02-19T22:00:10","slug":"ivana-icardi-conto-la-dramatica-historia-de-su-mama-y-por-que-esta-alejada-de-mauro-tuvo-una-relacion-insana-con-nuestro-padre","status":"publish","type":"post","link":"https:\/\/cuartetoenlaweb.com.ar\/sitio\/ivana-icardi-conto-la-dramatica-historia-de-su-mama-y-por-que-esta-alejada-de-mauro-tuvo-una-relacion-insana-con-nuestro-padre\/","title":{"rendered":"Ivana Icardi cont\u00f3 la dram\u00e1tica historia de su mam\u00e1 y por qu\u00e9 est\u00e1 alejada de Mauro: &quot;Tuvo una relaci\u00f3n insana con nuestro padre&quot;"},"content":{"rendered":"<p>Ni Mauro en el d\u00eda de su cumplea\u00f1os ni Guido como ayer a la tarde y a la noche: la gran protagonista del jueves 19 de febrero fue Ivana Icardi, que desde sus redes sociales provoc\u00f3 un nuevo cisma al interior de la familia del novio (y seg\u00fan \u00e9l, futuro marido) de la China Su\u00e1rez. Despu\u00e9s de pegar duro y parejo desde su perfil de Twitter, la ex Gran Hermano se corri\u00f3 a Insta y cont\u00f3 la dram\u00e1tica historia de su mam\u00e1.<\/p>\n<p>La madre de \u00ablos Icardi\u00bb, Anal\u00eda Rivero, ha estado desde siempre en la mira. Para ser sinceros, se la observa \u00abmedio de reojo\u00bb porque no ha podido tener unidos a sus hijos y porque se le achaca cierta \u00abausencia\u00bb en momentos clave de la vida de sus herederos. Con la pelea de los hermanos encendida como nunca y llegando a los 100 grados de ebullici\u00f3n, Ivana Icardi cont\u00f3 la dram\u00e1tica historia de la mam\u00e1 de todos los hermanos en pugna.<\/p>\n<p>\u00abMi mam\u00e1 siempre estuvo a nuestro lado. Cri\u00e1ndonos, tratando dentro de sus posibilidades (econ\u00f3micas y afectivas) ya que mis abuelos, o sea sus pap\u00e1s, murieron cuando ella ten\u00eda 25 a\u00f1os, casi no los pudo disfrutar y es algo que marca en la vida. Tampoco tuvo una relaci\u00f3n sana con mi padre, y fue una relaci\u00f3n donde sufri\u00f3 mucho\u00bb arranc\u00f3.<\/p>\n<div class=\"mt-box \">\n<h4 class=\"mt-heading\">Mir\u00e1 Tambi\u00e9n<\/h4>\n<p><a href=\"https:\/\/www.paparazzi.com.ar\/teve\/se-pudrio-todo-aparecio-ivana-icardi-y-se-completo-la-guerra-familiar-con-sus-hermanos-mauro-y-guido-una-pizza\/\"><\/p>\n<div class=\"mt-content\">\n<div class=\"mt-image-container\"><img decoding=\"async\" src=\"https:\/\/www.paparazzi.com.ar\/wp-content\/uploads\/2026\/02\/Ivana-1-359x226.jpg\" alt=\"\u00a1Se pudri\u00f3 todo! Apareci\u00f3 Ivana Icardi y se complet\u00f3 la guerra familiar con sus hermanos Mauro y Guido: &quot;Una pizza...&quot;\" class=\"mt-image\" loading=\"lazy\" \/><\/div>\n<h5 class=\"mt-title\">\u00a1Se pudri\u00f3 todo! Apareci\u00f3 Ivana Icardi y se complet\u00f3 la guerra familiar con sus hermanos Mauro y Guido: \u00abUna pizza&#8230;\u00bb<\/h5>\n<\/div>\n<p><\/a><\/div>\n<p>\u00abA\u00fan as\u00ed -agreg\u00f3- siempre estuvo y est\u00e1 para nosotros, para lo que necesitemos&#8230; a\u00fan no siendo los mejores hijos. Por eso estoy harta de que hablen tonter\u00edas de ella, de una mujer buena, trabajadora que siempre se ha mantenido perfil bajo y tratando de que estemos unidos, aunque lamentablemente por la distancia, reclamos y malentendidos no ha sido posible\u00bb. <\/p>\n<p>\u00abTodas las personas que la conocen sabe c\u00f3mo es. Obviamente no es perfecta, como madre e hija discutimos muchas veces pero nunca voy a olvidar todo lo que ha hecho y todo lo que hace por sus cinco hijos\u00bb remarc\u00f3. En otro posteo, puso \u00abLes voy a mostrar un video con nuestros amigos de infancia, con los que pasamos a\u00f1os inolvidables y siempre estuvieron incluy\u00e9ndonos con ellos siendo reci\u00e9n llegados a Canarias y sin amigos\u00bb.<\/p>\n<h2 class=\"wp-block-heading\">\u00a1QUE TESTIMONIO! IVANA ICARDI REVELO LA DRAMATICA VIDA DE SU MAMA Y POR QUE ESTA DISTANCIADA DE MAURO<\/h2>\n<p>\u00abMauro y yo pas\u00e1bamos fines de semana y vacaciones de verano con nuestros amigos: \u00e9l con ellos, que nunca olvidar\u00e1. Mi mam\u00e1 nos daba la posibilidad de poder disfrutar de vacaciones y diversi\u00f3n con ells, ya que lamentablemente el dinero no alcanzaba para hacerlo nuestra familia y tanto mi padre como madre ten\u00edan que trabajar para mantenernos\u00bb sigui\u00f3.<\/p>\n<p>\u00abAdem\u00e1s de que la situaci\u00f3n cada vez que se hablaba de dinero era tensa. Y no por mi madre, que es una mujer extremadamente generosa. Quiero que vean el video y me digan si eso no es una madre amorosa. Y los que quieran instalar otra cosa, seguir\u00e9 desminti\u00e9ndolos las veces que haga falta\u00bb remarc\u00f3. Para el final se\u00f1al\u00f3 que \u00aben todas las historias siempre hay varias versiones, y la verdad absoluta no existe. Pero la realidad es que mi madre merece amor y respeto por todo lo que hizo y hace. Punto\u00bb.    <\/p>\n<figure class=\"wp-block-image size-full\"><img decoding=\"async\" width=\"338\" height=\"498\" src=\"https:\/\/www.paparazzi.com.ar\/wp-content\/uploads\/2026\/02\/Icardi-mama-3.jpg.webp\" loading=\"lazy\" alt=\"\" class=\"wp-image-465070\" \/><\/figure>\n<figure class=\"wp-block-image size-full\"><img decoding=\"async\" width=\"335\" height=\"499\" src=\"https:\/\/www.paparazzi.com.ar\/wp-content\/uploads\/2026\/02\/Icardi-mama-4.jpg.webp\" loading=\"lazy\" alt=\"\" class=\"wp-image-465071\" \/><\/figure>\n<figure class=\"wp-block-image size-full\"><img decoding=\"async\" width=\"336\" height=\"503\" src=\"https:\/\/www.paparazzi.com.ar\/wp-content\/uploads\/2026\/02\/Icardi-mama-5.jpg.webp\" loading=\"lazy\" alt=\"\" class=\"wp-image-465073\" \/><\/figure>\n<div class=\"mt-box \">\n<h4 class=\"mt-heading\">Mir\u00e1 Tambi\u00e9n<\/h4>\n<p><a href=\"https:\/\/www.paparazzi.com.ar\/teve\/nicki-nicole-adhirio-al-paro-y-fue-apoyada-por-jorge-rial\/\"><\/p>\n<div class=\"mt-content\">\n<div class=\"mt-image-container\"><img decoding=\"async\" src=\"https:\/\/www.paparazzi.com.ar\/wp-content\/uploads\/2026\/02\/Nicole-Rial-1-359x226.jpg\" alt=\"\u00a1Luchadora! Nicki Nicole adhiri\u00f3 al paro, cancel\u00f3 funciones en el Col\u00f3n y recibi\u00f3 el apoyo de Jorge Rial: &quot;D\u00eda muy importante&quot;\" class=\"mt-image\" loading=\"lazy\" \/><\/div>\n<h5 class=\"mt-title\">\u00a1Luchadora! Nicki Nicole adhiri\u00f3 al paro, cancel\u00f3 funciones en el Col\u00f3n y recibi\u00f3 el apoyo de Jorge Rial: \u00abD\u00eda muy importante\u00bb<\/h5>\n<\/div>\n<p><\/a><\/div>\n<div class=\"mt-box \">\n<h4 class=\"mt-heading\">Mir\u00e1 Tambi\u00e9n<\/h4>\n<p><a href=\"https:\/\/www.paparazzi.com.ar\/teve\/fernanda-iglesias-anticipo-cuando-sera-el-final-de-yanina-latorre\/\"><\/p>\n<div class=\"mt-content\">\n<div class=\"mt-image-container\"><img decoding=\"async\" src=\"https:\/\/www.paparazzi.com.ar\/wp-content\/uploads\/2026\/02\/Iglesias-Yanina-20-359x226.jpg\" alt=\"\u00a1Enemiga! Fernanda Iglesias anticip\u00f3 cu\u00e1ndo ser\u00e1 el final de Yanina Latorre: &quot;Escupe para arriba y le vamos a poner lo mismo&quot;\" class=\"mt-image\" loading=\"lazy\" \/><\/div>\n<h5 class=\"mt-title\">\u00a1Enemiga! Fernanda Iglesias anticip\u00f3 cu\u00e1ndo ser\u00e1 el final de Yanina Latorre: \u00abEscupe para arriba y le vamos a poner lo mismo\u00bb<\/h5>\n<\/div>\n<p><\/a><\/div>\n<p>The post <a href=\"https:\/\/www.paparazzi.com.ar\/teve\/ivana-icardi-conto-la-dramatica-historia-de-su-mama-y-por-que-esta-alejada-de-mauro-tuvo-una-relacion-insana-con-nuestro-padre\/\">Ivana Icardi cont\u00f3 la dram\u00e1tica historia de su mam\u00e1 y por qu\u00e9 est\u00e1 alejada de Mauro: &quot;Tuvo una relaci\u00f3n insana con nuestro padre&quot;<\/a> appeared first on <a href=\"https:\/\/www.paparazzi.com.ar\">Revista Paparazzi<\/a>.<\/p>\n","protected":false},"excerpt":{"rendered":"<p>Ni Mauro en el d\u00eda de su cumplea\u00f1os ni Guido<\/p>\n","protected":false},"author":0,"featured_media":12164,"comment_status":"","ping_status":"","sticky":false,"template":"","format":"standard","meta":{"footnotes":""},"categories":[12],"tags":[],"class_list":["post-12163","post","type-post","status-publish","format-standard","has-post-thumbnail","hentry","category-espectaculo"],"yoast_head":"<!-- This site is optimized with the Yoast SEO plugin v27.4 - https:\/\/yoast.com\/product\/yoast-seo-wordpress\/ -->\n<title>Ivana Icardi cont\u00f3 la dram\u00e1tica historia de su mam\u00e1 y por qu\u00e9 est\u00e1 alejada de Mauro: &quot;Tuvo una relaci\u00f3n insana con nuestro padre&quot; - Cuarteto en la Web<\/title>\n<meta name=\"robots\" content=\"index, follow, max-snippet:-1, max-image-preview:large, max-video-preview:-1\" \/>\n<link rel=\"canonical\" href=\"http:\/\/cuartetoenlaweb.com.ar\/sitio\/ivana-icardi-conto-la-dramatica-historia-de-su-mama-y-por-que-esta-alejada-de-mauro-tuvo-una-relacion-insana-con-nuestro-padre\/\" \/>\n<meta property=\"og:locale\" content=\"es_ES\" \/>\n<meta property=\"og:type\" content=\"article\" \/>\n<meta property=\"og:title\" content=\"Ivana Icardi cont\u00f3 la dram\u00e1tica historia de su mam\u00e1 y por qu\u00e9 est\u00e1 alejada de Mauro: &quot;Tuvo una relaci\u00f3n insana con nuestro padre&quot; - Cuarteto en la Web\" \/>\n<meta property=\"og:description\" content=\"Ni Mauro en el d\u00eda de su cumplea\u00f1os ni Guido\" \/>\n<meta property=\"og:url\" content=\"http:\/\/cuartetoenlaweb.com.ar\/sitio\/ivana-icardi-conto-la-dramatica-historia-de-su-mama-y-por-que-esta-alejada-de-mauro-tuvo-una-relacion-insana-con-nuestro-padre\/\" \/>\n<meta property=\"og:site_name\" content=\"Cuarteto en la Web\" \/>\n<meta property=\"article:published_time\" content=\"2026-02-19T22:00:10+00:00\" \/>\n<meta property=\"og:image\" content=\"http:\/\/cuartetoenlaweb.com.ar\/sitio\/wp-content\/uploads\/2026\/02\/Ivana-1-359x226-1.jpg\" \/>\n\t<meta property=\"og:image:width\" content=\"359\" \/>\n\t<meta property=\"og:image:height\" content=\"226\" \/>\n\t<meta property=\"og:image:type\" content=\"image\/jpeg\" \/>\n<meta name=\"twitter:card\" content=\"summary_large_image\" \/>\n<meta name=\"twitter:label1\" content=\"Tiempo de lectura\" \/>\n\t<meta name=\"twitter:data1\" content=\"3 minutos\" \/>\n<script type=\"application\/ld+json\" class=\"yoast-schema-graph\">{\"@context\":\"https:\\\/\\\/schema.org\",\"@graph\":[{\"@type\":\"Article\",\"@id\":\"http:\\\/\\\/cuartetoenlaweb.com.ar\\\/sitio\\\/ivana-icardi-conto-la-dramatica-historia-de-su-mama-y-por-que-esta-alejada-de-mauro-tuvo-una-relacion-insana-con-nuestro-padre\\\/#article\",\"isPartOf\":{\"@id\":\"http:\\\/\\\/cuartetoenlaweb.com.ar\\\/sitio\\\/ivana-icardi-conto-la-dramatica-historia-de-su-mama-y-por-que-esta-alejada-de-mauro-tuvo-una-relacion-insana-con-nuestro-padre\\\/\"},\"author\":{\"name\":\"\",\"@id\":\"\"},\"headline\":\"Ivana Icardi cont\u00f3 la dram\u00e1tica historia de su mam\u00e1 y por qu\u00e9 est\u00e1 alejada de Mauro: &quot;Tuvo una relaci\u00f3n insana con nuestro padre&quot;\",\"datePublished\":\"2026-02-19T22:00:10+00:00\",\"mainEntityOfPage\":{\"@id\":\"http:\\\/\\\/cuartetoenlaweb.com.ar\\\/sitio\\\/ivana-icardi-conto-la-dramatica-historia-de-su-mama-y-por-que-esta-alejada-de-mauro-tuvo-una-relacion-insana-con-nuestro-padre\\\/\"},\"wordCount\":687,\"publisher\":{\"@id\":\"http:\\\/\\\/cuartetoenlaweb.com.ar\\\/sitio\\\/#organization\"},\"image\":{\"@id\":\"http:\\\/\\\/cuartetoenlaweb.com.ar\\\/sitio\\\/ivana-icardi-conto-la-dramatica-historia-de-su-mama-y-por-que-esta-alejada-de-mauro-tuvo-una-relacion-insana-con-nuestro-padre\\\/#primaryimage\"},\"thumbnailUrl\":\"https:\\\/\\\/cuartetoenlaweb.com.ar\\\/sitio\\\/wp-content\\\/uploads\\\/2026\\\/02\\\/Ivana-1-359x226-1.jpg\",\"articleSection\":[\"ESPECT\u00c1CULO\"],\"inLanguage\":\"es\"},{\"@type\":\"WebPage\",\"@id\":\"http:\\\/\\\/cuartetoenlaweb.com.ar\\\/sitio\\\/ivana-icardi-conto-la-dramatica-historia-de-su-mama-y-por-que-esta-alejada-de-mauro-tuvo-una-relacion-insana-con-nuestro-padre\\\/\",\"url\":\"http:\\\/\\\/cuartetoenlaweb.com.ar\\\/sitio\\\/ivana-icardi-conto-la-dramatica-historia-de-su-mama-y-por-que-esta-alejada-de-mauro-tuvo-una-relacion-insana-con-nuestro-padre\\\/\",\"name\":\"Ivana Icardi cont\u00f3 la dram\u00e1tica historia de su mam\u00e1 y por qu\u00e9 est\u00e1 alejada de Mauro: &quot;Tuvo una relaci\u00f3n insana con nuestro padre&quot; - Cuarteto en la Web\",\"isPartOf\":{\"@id\":\"http:\\\/\\\/cuartetoenlaweb.com.ar\\\/sitio\\\/#website\"},\"primaryImageOfPage\":{\"@id\":\"http:\\\/\\\/cuartetoenlaweb.com.ar\\\/sitio\\\/ivana-icardi-conto-la-dramatica-historia-de-su-mama-y-por-que-esta-alejada-de-mauro-tuvo-una-relacion-insana-con-nuestro-padre\\\/#primaryimage\"},\"image\":{\"@id\":\"http:\\\/\\\/cuartetoenlaweb.com.ar\\\/sitio\\\/ivana-icardi-conto-la-dramatica-historia-de-su-mama-y-por-que-esta-alejada-de-mauro-tuvo-una-relacion-insana-con-nuestro-padre\\\/#primaryimage\"},\"thumbnailUrl\":\"https:\\\/\\\/cuartetoenlaweb.com.ar\\\/sitio\\\/wp-content\\\/uploads\\\/2026\\\/02\\\/Ivana-1-359x226-1.jpg\",\"datePublished\":\"2026-02-19T22:00:10+00:00\",\"breadcrumb\":{\"@id\":\"http:\\\/\\\/cuartetoenlaweb.com.ar\\\/sitio\\\/ivana-icardi-conto-la-dramatica-historia-de-su-mama-y-por-que-esta-alejada-de-mauro-tuvo-una-relacion-insana-con-nuestro-padre\\\/#breadcrumb\"},\"inLanguage\":\"es\",\"potentialAction\":[{\"@type\":\"ReadAction\",\"target\":[\"http:\\\/\\\/cuartetoenlaweb.com.ar\\\/sitio\\\/ivana-icardi-conto-la-dramatica-historia-de-su-mama-y-por-que-esta-alejada-de-mauro-tuvo-una-relacion-insana-con-nuestro-padre\\\/\"]}]},{\"@type\":\"ImageObject\",\"inLanguage\":\"es\",\"@id\":\"http:\\\/\\\/cuartetoenlaweb.com.ar\\\/sitio\\\/ivana-icardi-conto-la-dramatica-historia-de-su-mama-y-por-que-esta-alejada-de-mauro-tuvo-una-relacion-insana-con-nuestro-padre\\\/#primaryimage\",\"url\":\"https:\\\/\\\/cuartetoenlaweb.com.ar\\\/sitio\\\/wp-content\\\/uploads\\\/2026\\\/02\\\/Ivana-1-359x226-1.jpg\",\"contentUrl\":\"https:\\\/\\\/cuartetoenlaweb.com.ar\\\/sitio\\\/wp-content\\\/uploads\\\/2026\\\/02\\\/Ivana-1-359x226-1.jpg\",\"width\":359,\"height\":226},{\"@type\":\"BreadcrumbList\",\"@id\":\"http:\\\/\\\/cuartetoenlaweb.com.ar\\\/sitio\\\/ivana-icardi-conto-la-dramatica-historia-de-su-mama-y-por-que-esta-alejada-de-mauro-tuvo-una-relacion-insana-con-nuestro-padre\\\/#breadcrumb\",\"itemListElement\":[{\"@type\":\"ListItem\",\"position\":1,\"name\":\"Portada\",\"item\":\"http:\\\/\\\/cuartetoenlaweb.com.ar\\\/sitio\\\/\"},{\"@type\":\"ListItem\",\"position\":2,\"name\":\"Ivana Icardi cont\u00f3 la dram\u00e1tica historia de su mam\u00e1 y por qu\u00e9 est\u00e1 alejada de Mauro: &quot;Tuvo una relaci\u00f3n insana con nuestro padre&quot;\"}]},{\"@type\":\"WebSite\",\"@id\":\"http:\\\/\\\/cuartetoenlaweb.com.ar\\\/sitio\\\/#website\",\"url\":\"http:\\\/\\\/cuartetoenlaweb.com.ar\\\/sitio\\\/\",\"name\":\"Cuarteto en la Web\",\"description\":\"\",\"publisher\":{\"@id\":\"http:\\\/\\\/cuartetoenlaweb.com.ar\\\/sitio\\\/#organization\"},\"potentialAction\":[{\"@type\":\"SearchAction\",\"target\":{\"@type\":\"EntryPoint\",\"urlTemplate\":\"http:\\\/\\\/cuartetoenlaweb.com.ar\\\/sitio\\\/?s={search_term_string}\"},\"query-input\":{\"@type\":\"PropertyValueSpecification\",\"valueRequired\":true,\"valueName\":\"search_term_string\"}}],\"inLanguage\":\"es\"},{\"@type\":\"Organization\",\"@id\":\"http:\\\/\\\/cuartetoenlaweb.com.ar\\\/sitio\\\/#organization\",\"name\":\"Cuarteto en la Web\",\"url\":\"http:\\\/\\\/cuartetoenlaweb.com.ar\\\/sitio\\\/\",\"logo\":{\"@type\":\"ImageObject\",\"inLanguage\":\"es\",\"@id\":\"http:\\\/\\\/cuartetoenlaweb.com.ar\\\/sitio\\\/#\\\/schema\\\/logo\\\/image\\\/\",\"url\":\"https:\\\/\\\/cuartetoenlaweb.com.ar\\\/sitio\\\/wp-content\\\/uploads\\\/2025\\\/07\\\/cropped-cropped-logitoweb21.png\",\"contentUrl\":\"https:\\\/\\\/cuartetoenlaweb.com.ar\\\/sitio\\\/wp-content\\\/uploads\\\/2025\\\/07\\\/cropped-cropped-logitoweb21.png\",\"width\":199,\"height\":199,\"caption\":\"Cuarteto en la Web\"},\"image\":{\"@id\":\"http:\\\/\\\/cuartetoenlaweb.com.ar\\\/sitio\\\/#\\\/schema\\\/logo\\\/image\\\/\"}}]}<\/script>\n<!-- \/ Yoast SEO plugin. -->","yoast_head_json":{"title":"Ivana Icardi cont\u00f3 la dram\u00e1tica historia de su mam\u00e1 y por qu\u00e9 est\u00e1 alejada de Mauro: &quot;Tuvo una relaci\u00f3n insana con nuestro padre&quot; - Cuarteto en la Web","robots":{"index":"index","follow":"follow","max-snippet":"max-snippet:-1","max-image-preview":"max-image-preview:large","max-video-preview":"max-video-preview:-1"},"canonical":"http:\/\/cuartetoenlaweb.com.ar\/sitio\/ivana-icardi-conto-la-dramatica-historia-de-su-mama-y-por-que-esta-alejada-de-mauro-tuvo-una-relacion-insana-con-nuestro-padre\/","og_locale":"es_ES","og_type":"article","og_title":"Ivana Icardi cont\u00f3 la dram\u00e1tica historia de su mam\u00e1 y por qu\u00e9 est\u00e1 alejada de Mauro: &quot;Tuvo una relaci\u00f3n insana con nuestro padre&quot; - Cuarteto en la Web","og_description":"Ni Mauro en el d\u00eda de su cumplea\u00f1os ni Guido","og_url":"http:\/\/cuartetoenlaweb.com.ar\/sitio\/ivana-icardi-conto-la-dramatica-historia-de-su-mama-y-por-que-esta-alejada-de-mauro-tuvo-una-relacion-insana-con-nuestro-padre\/","og_site_name":"Cuarteto en la Web","article_published_time":"2026-02-19T22:00:10+00:00","og_image":[{"width":359,"height":226,"url":"http:\/\/cuartetoenlaweb.com.ar\/sitio\/wp-content\/uploads\/2026\/02\/Ivana-1-359x226-1.jpg","type":"image\/jpeg"}],"twitter_card":"summary_large_image","twitter_misc":{"Tiempo de lectura":"3 minutos"},"schema":{"@context":"https:\/\/schema.org","@graph":[{"@type":"Article","@id":"http:\/\/cuartetoenlaweb.com.ar\/sitio\/ivana-icardi-conto-la-dramatica-historia-de-su-mama-y-por-que-esta-alejada-de-mauro-tuvo-una-relacion-insana-con-nuestro-padre\/#article","isPartOf":{"@id":"http:\/\/cuartetoenlaweb.com.ar\/sitio\/ivana-icardi-conto-la-dramatica-historia-de-su-mama-y-por-que-esta-alejada-de-mauro-tuvo-una-relacion-insana-con-nuestro-padre\/"},"author":{"name":"","@id":""},"headline":"Ivana Icardi cont\u00f3 la dram\u00e1tica historia de su mam\u00e1 y por qu\u00e9 est\u00e1 alejada de Mauro: &quot;Tuvo una relaci\u00f3n insana con nuestro padre&quot;","datePublished":"2026-02-19T22:00:10+00:00","mainEntityOfPage":{"@id":"http:\/\/cuartetoenlaweb.com.ar\/sitio\/ivana-icardi-conto-la-dramatica-historia-de-su-mama-y-por-que-esta-alejada-de-mauro-tuvo-una-relacion-insana-con-nuestro-padre\/"},"wordCount":687,"publisher":{"@id":"http:\/\/cuartetoenlaweb.com.ar\/sitio\/#organization"},"image":{"@id":"http:\/\/cuartetoenlaweb.com.ar\/sitio\/ivana-icardi-conto-la-dramatica-historia-de-su-mama-y-por-que-esta-alejada-de-mauro-tuvo-una-relacion-insana-con-nuestro-padre\/#primaryimage"},"thumbnailUrl":"https:\/\/cuartetoenlaweb.com.ar\/sitio\/wp-content\/uploads\/2026\/02\/Ivana-1-359x226-1.jpg","articleSection":["ESPECT\u00c1CULO"],"inLanguage":"es"},{"@type":"WebPage","@id":"http:\/\/cuartetoenlaweb.com.ar\/sitio\/ivana-icardi-conto-la-dramatica-historia-de-su-mama-y-por-que-esta-alejada-de-mauro-tuvo-una-relacion-insana-con-nuestro-padre\/","url":"http:\/\/cuartetoenlaweb.com.ar\/sitio\/ivana-icardi-conto-la-dramatica-historia-de-su-mama-y-por-que-esta-alejada-de-mauro-tuvo-una-relacion-insana-con-nuestro-padre\/","name":"Ivana Icardi cont\u00f3 la dram\u00e1tica historia de su mam\u00e1 y por qu\u00e9 est\u00e1 alejada de Mauro: &quot;Tuvo una relaci\u00f3n insana con nuestro padre&quot; - Cuarteto en la Web","isPartOf":{"@id":"http:\/\/cuartetoenlaweb.com.ar\/sitio\/#website"},"primaryImageOfPage":{"@id":"http:\/\/cuartetoenlaweb.com.ar\/sitio\/ivana-icardi-conto-la-dramatica-historia-de-su-mama-y-por-que-esta-alejada-de-mauro-tuvo-una-relacion-insana-con-nuestro-padre\/#primaryimage"},"image":{"@id":"http:\/\/cuartetoenlaweb.com.ar\/sitio\/ivana-icardi-conto-la-dramatica-historia-de-su-mama-y-por-que-esta-alejada-de-mauro-tuvo-una-relacion-insana-con-nuestro-padre\/#primaryimage"},"thumbnailUrl":"https:\/\/cuartetoenlaweb.com.ar\/sitio\/wp-content\/uploads\/2026\/02\/Ivana-1-359x226-1.jpg","datePublished":"2026-02-19T22:00:10+00:00","breadcrumb":{"@id":"http:\/\/cuartetoenlaweb.com.ar\/sitio\/ivana-icardi-conto-la-dramatica-historia-de-su-mama-y-por-que-esta-alejada-de-mauro-tuvo-una-relacion-insana-con-nuestro-padre\/#breadcrumb"},"inLanguage":"es","potentialAction":[{"@type":"ReadAction","target":["http:\/\/cuartetoenlaweb.com.ar\/sitio\/ivana-icardi-conto-la-dramatica-historia-de-su-mama-y-por-que-esta-alejada-de-mauro-tuvo-una-relacion-insana-con-nuestro-padre\/"]}]},{"@type":"ImageObject","inLanguage":"es","@id":"http:\/\/cuartetoenlaweb.com.ar\/sitio\/ivana-icardi-conto-la-dramatica-historia-de-su-mama-y-por-que-esta-alejada-de-mauro-tuvo-una-relacion-insana-con-nuestro-padre\/#primaryimage","url":"https:\/\/cuartetoenlaweb.com.ar\/sitio\/wp-content\/uploads\/2026\/02\/Ivana-1-359x226-1.jpg","contentUrl":"https:\/\/cuartetoenlaweb.com.ar\/sitio\/wp-content\/uploads\/2026\/02\/Ivana-1-359x226-1.jpg","width":359,"height":226},{"@type":"BreadcrumbList","@id":"http:\/\/cuartetoenlaweb.com.ar\/sitio\/ivana-icardi-conto-la-dramatica-historia-de-su-mama-y-por-que-esta-alejada-de-mauro-tuvo-una-relacion-insana-con-nuestro-padre\/#breadcrumb","itemListElement":[{"@type":"ListItem","position":1,"name":"Portada","item":"http:\/\/cuartetoenlaweb.com.ar\/sitio\/"},{"@type":"ListItem","position":2,"name":"Ivana Icardi cont\u00f3 la dram\u00e1tica historia de su mam\u00e1 y por qu\u00e9 est\u00e1 alejada de Mauro: &quot;Tuvo una relaci\u00f3n insana con nuestro padre&quot;"}]},{"@type":"WebSite","@id":"http:\/\/cuartetoenlaweb.com.ar\/sitio\/#website","url":"http:\/\/cuartetoenlaweb.com.ar\/sitio\/","name":"Cuarteto en la Web","description":"","publisher":{"@id":"http:\/\/cuartetoenlaweb.com.ar\/sitio\/#organization"},"potentialAction":[{"@type":"SearchAction","target":{"@type":"EntryPoint","urlTemplate":"http:\/\/cuartetoenlaweb.com.ar\/sitio\/?s={search_term_string}"},"query-input":{"@type":"PropertyValueSpecification","valueRequired":true,"valueName":"search_term_string"}}],"inLanguage":"es"},{"@type":"Organization","@id":"http:\/\/cuartetoenlaweb.com.ar\/sitio\/#organization","name":"Cuarteto en la Web","url":"http:\/\/cuartetoenlaweb.com.ar\/sitio\/","logo":{"@type":"ImageObject","inLanguage":"es","@id":"http:\/\/cuartetoenlaweb.com.ar\/sitio\/#\/schema\/logo\/image\/","url":"https:\/\/cuartetoenlaweb.com.ar\/sitio\/wp-content\/uploads\/2025\/07\/cropped-cropped-logitoweb21.png","contentUrl":"https:\/\/cuartetoenlaweb.com.ar\/sitio\/wp-content\/uploads\/2025\/07\/cropped-cropped-logitoweb21.png","width":199,"height":199,"caption":"Cuarteto en la Web"},"image":{"@id":"http:\/\/cuartetoenlaweb.com.ar\/sitio\/#\/schema\/logo\/image\/"}}]}},"_links":{"self":[{"href":"https:\/\/cuartetoenlaweb.com.ar\/sitio\/wp-json\/wp\/v2\/posts\/12163","targetHints":{"allow":["GET"]}}],"collection":[{"href":"https:\/\/cuartetoenlaweb.com.ar\/sitio\/wp-json\/wp\/v2\/posts"}],"about":[{"href":"https:\/\/cuartetoenlaweb.com.ar\/sitio\/wp-json\/wp\/v2\/types\/post"}],"replies":[{"embeddable":true,"href":"https:\/\/cuartetoenlaweb.com.ar\/sitio\/wp-json\/wp\/v2\/comments?post=12163"}],"version-history":[{"count":0,"href":"https:\/\/cuartetoenlaweb.com.ar\/sitio\/wp-json\/wp\/v2\/posts\/12163\/revisions"}],"wp:featuredmedia":[{"embeddable":true,"href":"https:\/\/cuartetoenlaweb.com.ar\/sitio\/wp-json\/wp\/v2\/media\/12164"}],"wp:attachment":[{"href":"https:\/\/cuartetoenlaweb.com.ar\/sitio\/wp-json\/wp\/v2\/media?parent=12163"}],"wp:term":[{"taxonomy":"category","embeddable":true,"href":"https:\/\/cuartetoenlaweb.com.ar\/sitio\/wp-json\/wp\/v2\/categories?post=12163"},{"taxonomy":"post_tag","embeddable":true,"href":"https:\/\/cuartetoenlaweb.com.ar\/sitio\/wp-json\/wp\/v2\/tags?post=12163"}],"curies":[{"name":"wp","href":"https:\/\/api.w.org\/{rel}","templated":true}]}}