
{"id":12159,"date":"2026-02-19T19:00:09","date_gmt":"2026-02-19T22:00:09","guid":{"rendered":"https:\/\/cuartetoenlaweb.com.ar\/sitio\/la-famosa-panelista-que-vende-sus-muebles-por-whatsapp-por-una-crisis-economica\/"},"modified":"2026-02-19T19:00:09","modified_gmt":"2026-02-19T22:00:09","slug":"la-famosa-panelista-que-vende-sus-muebles-por-whatsapp-por-una-crisis-economica","status":"publish","type":"post","link":"https:\/\/cuartetoenlaweb.com.ar\/sitio\/la-famosa-panelista-que-vende-sus-muebles-por-whatsapp-por-una-crisis-economica\/","title":{"rendered":"La famosa panelista que vende sus muebles por WhatsApp por una crisis econ\u00f3mica"},"content":{"rendered":"<p>Sorprendi\u00f3 a propios y extra\u00f1os. Una serie de publicaciones en su perfil de WhatsApp activ\u00f3 una preocupaci\u00f3n extrema, as\u00ed como encendi\u00f3 la maquinaria de las averiguaciones. <strong>Mar\u00eda Fernanda Callej\u00f3n <\/strong>atraviesa por una coyuntura muy especial en el plano personal.<\/p>\n<p>A partir de las publicaciones que subi\u00f3 a su identidad digital, se supo que la actriz urge por una venta masiva de todos los muebles de su casa, la que se ubica en un country de zona norte. La noticia se confirm\u00f3 en <strong>A la tarde<\/strong>, donde desarrollaron toda esta situaci\u00f3n.<\/p>\n<p>El panelista <strong>Santiago Sposato <\/strong>se encarg\u00f3 de describir esta necesidad de Callej\u00f3n y principalmente las caracter\u00edsticas de esta llamativa iniciativa, dado que dista de lo habitual contemplar a una famosa envuelta en un desprendimiento tan hondo de sus pertenencias.<\/p>\n<div class=\"mt-box \">\n<h4 class=\"mt-heading\">Mir\u00e1 Tambi\u00e9n<\/h4>\n<p><a href=\"https:\/\/www.paparazzi.com.ar\/teve\/el-inesperado-mensaje-de-jorge-rial-a-yanina-latorre-tras-revelar-que-le-fue-infiel-a-diego-quilombo\/\"><\/p>\n<div class=\"mt-content\">\n<div class=\"mt-image-container\"><img decoding=\"async\" src=\"https:\/\/www.paparazzi.com.ar\/wp-content\/uploads\/2026\/02\/Yanina-Latorre-Jorge-Rial-359x226.jpg\" alt=\"El fuerte mensaje privado de Jorge Rial a Yanina Latorre tras revelar que le fue infiel a Diego: \u201cQuilombo\u201d\" class=\"mt-image\" loading=\"lazy\" \/><\/div>\n<h5 class=\"mt-title\">El fuerte mensaje privado de Jorge Rial a Yanina Latorre tras revelar que le fue infiel a Diego: \u201cQuilombo\u201d<\/h5>\n<\/div>\n<p><\/a><\/div>\n<p>El periodista inici\u00f3 el relato de esta noticia con una descripci\u00f3n de la circunstancia tan peculiar: \u201c<em>La famosa est\u00e1 rematando todos sus muebles por WhatsApp, todos est\u00e1n en venta. Lo hizo por las stories, no lo quiso hacer p\u00fablico en Instagram<\/em>\u201d. Ante la duda de sus compa\u00f1eros, Santiago aclar\u00f3: \u201c<em>Creo que tiene m\u00e1s que ver con la plata que otra cosa<\/em>\u201d.<\/p>\n<h2 class=\"wp-block-heading\">MAR\u00cdA FERNANDA CALLEJ\u00d3N VENDE TODOS SUS MUEBLES<\/h2>\n<p>\u201c<em>\u00bfVende porque todo le traer malos recuerdos o porque necesita?<\/em>\u201d, le consultaron. As\u00ed, <strong>Sposato dimension\u00f3 el panorama adverso de Callej\u00f3n en lo financiero<\/strong>: \u201c<em>Vende por necesidad, ella necesita vender los muebles de su casa. Est\u00e1 trabajando, pero tiene una necesidad econ\u00f3mica\u201d<\/em>.<\/p>\n<p>Al revelar la identidad de Mar\u00eda Fernanda, el panelista especific\u00f3: \u00ab<em>Es la casa de la discordia con Ricky Diotto, por ah\u00ed se tiene que mudar y se desprende de muebles porque no les entra<\/em>\u00ab. En ese momento, <strong>D\u00e9bora D&#8217;Amato <\/strong>explic\u00f3 que ya se realiz\u00f3 una transacci\u00f3n de esa propiedad y que Callej\u00f3n se reubic\u00f3 en Capital Federal, en un espacio m\u00e1s peque\u00f1o.<\/p>\n<div class=\"mt-box \">\n<h4 class=\"mt-heading\">Mir\u00e1 Tambi\u00e9n<\/h4>\n<p><a href=\"https:\/\/www.paparazzi.com.ar\/romances\/mauro-icardi-acuso-a-wanda-nara-de-mentirles-a-sus-hijas-con-la-malla-de-la-hija-de-la-china-suarez\/\"><\/p>\n<div class=\"mt-content\">\n<div class=\"mt-image-container\"><img decoding=\"async\" src=\"https:\/\/www.paparazzi.com.ar\/wp-content\/uploads\/2026\/02\/Wanda-Nara-China-Magnolia-359x226.jpg\" alt=\"Mauro Icardi acus\u00f3 a Wanda Nara de mentirles a sus hijas con la malla de la hija de la China Su\u00e1rez\" class=\"mt-image\" loading=\"lazy\" \/><\/div>\n<h5 class=\"mt-title\">Mauro Icardi acus\u00f3 a Wanda Nara de mentirles a sus hijas con la malla de la hija de la China Su\u00e1rez<\/h5>\n<\/div>\n<p><\/a><\/div>\n<div class=\"mt-box \">\n<h4 class=\"mt-heading\">Mir\u00e1 Tambi\u00e9n<\/h4>\n<p><a href=\"https:\/\/www.paparazzi.com.ar\/teve\/preocupacion-por-la-salud-de-rodrigo-lussich-me-detectaron-que-soy\/\"><\/p>\n<div class=\"mt-content\">\n<div class=\"mt-image-container\"><img decoding=\"async\" src=\"https:\/\/www.paparazzi.com.ar\/wp-content\/uploads\/2026\/02\/Rodrigo-Lussich-salud-359x226.jpg\" alt=\"Preocupaci\u00f3n por la salud de Rodrigo Lussich: \u201cMe detectaron que soy\u2026\u201d\" class=\"mt-image\" loading=\"lazy\" \/><\/div>\n<h5 class=\"mt-title\">Preocupaci\u00f3n por la salud de Rodrigo Lussich: \u201cMe detectaron que soy\u2026\u201d<\/h5>\n<\/div>\n<p><\/a><\/div>\n<p>The post <a href=\"https:\/\/www.paparazzi.com.ar\/teve\/la-famosa-panelista-que-vende-sus-muebles-por-whatsapp-por-una-crisis-economica\/\">La famosa panelista que vende sus muebles por WhatsApp por una crisis econ\u00f3mica<\/a> appeared first on <a href=\"https:\/\/www.paparazzi.com.ar\">Revista Paparazzi<\/a>.<\/p>\n","protected":false},"excerpt":{"rendered":"<p>Sorprendi\u00f3 a propios y extra\u00f1os. Una serie de publicaciones en<\/p>\n","protected":false},"author":0,"featured_media":12160,"comment_status":"","ping_status":"","sticky":false,"template":"","format":"standard","meta":{"footnotes":""},"categories":[12],"tags":[],"class_list":["post-12159","post","type-post","status-publish","format-standard","has-post-thumbnail","hentry","category-espectaculo"],"yoast_head":"<!-- This site is optimized with the Yoast SEO plugin v27.4 - https:\/\/yoast.com\/product\/yoast-seo-wordpress\/ -->\n<title>La famosa panelista que vende sus muebles por WhatsApp por una crisis econ\u00f3mica - Cuarteto en la Web<\/title>\n<meta name=\"robots\" content=\"index, follow, max-snippet:-1, max-image-preview:large, max-video-preview:-1\" \/>\n<link rel=\"canonical\" href=\"http:\/\/cuartetoenlaweb.com.ar\/sitio\/la-famosa-panelista-que-vende-sus-muebles-por-whatsapp-por-una-crisis-economica\/\" \/>\n<meta property=\"og:locale\" content=\"es_ES\" \/>\n<meta property=\"og:type\" content=\"article\" \/>\n<meta property=\"og:title\" content=\"La famosa panelista que vende sus muebles por WhatsApp por una crisis econ\u00f3mica - Cuarteto en la Web\" \/>\n<meta property=\"og:description\" content=\"Sorprendi\u00f3 a propios y extra\u00f1os. Una serie de publicaciones en\" \/>\n<meta property=\"og:url\" content=\"http:\/\/cuartetoenlaweb.com.ar\/sitio\/la-famosa-panelista-que-vende-sus-muebles-por-whatsapp-por-una-crisis-economica\/\" \/>\n<meta property=\"og:site_name\" content=\"Cuarteto en la Web\" \/>\n<meta property=\"article:published_time\" content=\"2026-02-19T22:00:09+00:00\" \/>\n<meta property=\"og:image\" content=\"http:\/\/cuartetoenlaweb.com.ar\/sitio\/wp-content\/uploads\/2026\/02\/Yanina-Latorre-Jorge-Rial-359x226-3.jpg\" \/>\n\t<meta property=\"og:image:width\" content=\"359\" \/>\n\t<meta property=\"og:image:height\" content=\"226\" \/>\n\t<meta property=\"og:image:type\" content=\"image\/jpeg\" \/>\n<meta name=\"twitter:card\" content=\"summary_large_image\" \/>\n<meta name=\"twitter:label1\" content=\"Tiempo de lectura\" \/>\n\t<meta name=\"twitter:data1\" content=\"2 minutos\" \/>\n<script type=\"application\/ld+json\" class=\"yoast-schema-graph\">{\"@context\":\"https:\\\/\\\/schema.org\",\"@graph\":[{\"@type\":\"Article\",\"@id\":\"http:\\\/\\\/cuartetoenlaweb.com.ar\\\/sitio\\\/la-famosa-panelista-que-vende-sus-muebles-por-whatsapp-por-una-crisis-economica\\\/#article\",\"isPartOf\":{\"@id\":\"http:\\\/\\\/cuartetoenlaweb.com.ar\\\/sitio\\\/la-famosa-panelista-que-vende-sus-muebles-por-whatsapp-por-una-crisis-economica\\\/\"},\"author\":{\"name\":\"\",\"@id\":\"\"},\"headline\":\"La famosa panelista que vende sus muebles por WhatsApp por una crisis econ\u00f3mica\",\"datePublished\":\"2026-02-19T22:00:09+00:00\",\"mainEntityOfPage\":{\"@id\":\"http:\\\/\\\/cuartetoenlaweb.com.ar\\\/sitio\\\/la-famosa-panelista-que-vende-sus-muebles-por-whatsapp-por-una-crisis-economica\\\/\"},\"wordCount\":420,\"publisher\":{\"@id\":\"http:\\\/\\\/cuartetoenlaweb.com.ar\\\/sitio\\\/#organization\"},\"image\":{\"@id\":\"http:\\\/\\\/cuartetoenlaweb.com.ar\\\/sitio\\\/la-famosa-panelista-que-vende-sus-muebles-por-whatsapp-por-una-crisis-economica\\\/#primaryimage\"},\"thumbnailUrl\":\"https:\\\/\\\/cuartetoenlaweb.com.ar\\\/sitio\\\/wp-content\\\/uploads\\\/2026\\\/02\\\/Yanina-Latorre-Jorge-Rial-359x226-3.jpg\",\"articleSection\":[\"ESPECT\u00c1CULO\"],\"inLanguage\":\"es\"},{\"@type\":\"WebPage\",\"@id\":\"http:\\\/\\\/cuartetoenlaweb.com.ar\\\/sitio\\\/la-famosa-panelista-que-vende-sus-muebles-por-whatsapp-por-una-crisis-economica\\\/\",\"url\":\"http:\\\/\\\/cuartetoenlaweb.com.ar\\\/sitio\\\/la-famosa-panelista-que-vende-sus-muebles-por-whatsapp-por-una-crisis-economica\\\/\",\"name\":\"La famosa panelista que vende sus muebles por WhatsApp por una crisis econ\u00f3mica - Cuarteto en la Web\",\"isPartOf\":{\"@id\":\"http:\\\/\\\/cuartetoenlaweb.com.ar\\\/sitio\\\/#website\"},\"primaryImageOfPage\":{\"@id\":\"http:\\\/\\\/cuartetoenlaweb.com.ar\\\/sitio\\\/la-famosa-panelista-que-vende-sus-muebles-por-whatsapp-por-una-crisis-economica\\\/#primaryimage\"},\"image\":{\"@id\":\"http:\\\/\\\/cuartetoenlaweb.com.ar\\\/sitio\\\/la-famosa-panelista-que-vende-sus-muebles-por-whatsapp-por-una-crisis-economica\\\/#primaryimage\"},\"thumbnailUrl\":\"https:\\\/\\\/cuartetoenlaweb.com.ar\\\/sitio\\\/wp-content\\\/uploads\\\/2026\\\/02\\\/Yanina-Latorre-Jorge-Rial-359x226-3.jpg\",\"datePublished\":\"2026-02-19T22:00:09+00:00\",\"breadcrumb\":{\"@id\":\"http:\\\/\\\/cuartetoenlaweb.com.ar\\\/sitio\\\/la-famosa-panelista-que-vende-sus-muebles-por-whatsapp-por-una-crisis-economica\\\/#breadcrumb\"},\"inLanguage\":\"es\",\"potentialAction\":[{\"@type\":\"ReadAction\",\"target\":[\"http:\\\/\\\/cuartetoenlaweb.com.ar\\\/sitio\\\/la-famosa-panelista-que-vende-sus-muebles-por-whatsapp-por-una-crisis-economica\\\/\"]}]},{\"@type\":\"ImageObject\",\"inLanguage\":\"es\",\"@id\":\"http:\\\/\\\/cuartetoenlaweb.com.ar\\\/sitio\\\/la-famosa-panelista-que-vende-sus-muebles-por-whatsapp-por-una-crisis-economica\\\/#primaryimage\",\"url\":\"https:\\\/\\\/cuartetoenlaweb.com.ar\\\/sitio\\\/wp-content\\\/uploads\\\/2026\\\/02\\\/Yanina-Latorre-Jorge-Rial-359x226-3.jpg\",\"contentUrl\":\"https:\\\/\\\/cuartetoenlaweb.com.ar\\\/sitio\\\/wp-content\\\/uploads\\\/2026\\\/02\\\/Yanina-Latorre-Jorge-Rial-359x226-3.jpg\",\"width\":359,\"height\":226},{\"@type\":\"BreadcrumbList\",\"@id\":\"http:\\\/\\\/cuartetoenlaweb.com.ar\\\/sitio\\\/la-famosa-panelista-que-vende-sus-muebles-por-whatsapp-por-una-crisis-economica\\\/#breadcrumb\",\"itemListElement\":[{\"@type\":\"ListItem\",\"position\":1,\"name\":\"Portada\",\"item\":\"http:\\\/\\\/cuartetoenlaweb.com.ar\\\/sitio\\\/\"},{\"@type\":\"ListItem\",\"position\":2,\"name\":\"La famosa panelista que vende sus muebles por WhatsApp por una crisis econ\u00f3mica\"}]},{\"@type\":\"WebSite\",\"@id\":\"http:\\\/\\\/cuartetoenlaweb.com.ar\\\/sitio\\\/#website\",\"url\":\"http:\\\/\\\/cuartetoenlaweb.com.ar\\\/sitio\\\/\",\"name\":\"Cuarteto en la Web\",\"description\":\"\",\"publisher\":{\"@id\":\"http:\\\/\\\/cuartetoenlaweb.com.ar\\\/sitio\\\/#organization\"},\"potentialAction\":[{\"@type\":\"SearchAction\",\"target\":{\"@type\":\"EntryPoint\",\"urlTemplate\":\"http:\\\/\\\/cuartetoenlaweb.com.ar\\\/sitio\\\/?s={search_term_string}\"},\"query-input\":{\"@type\":\"PropertyValueSpecification\",\"valueRequired\":true,\"valueName\":\"search_term_string\"}}],\"inLanguage\":\"es\"},{\"@type\":\"Organization\",\"@id\":\"http:\\\/\\\/cuartetoenlaweb.com.ar\\\/sitio\\\/#organization\",\"name\":\"Cuarteto en la Web\",\"url\":\"http:\\\/\\\/cuartetoenlaweb.com.ar\\\/sitio\\\/\",\"logo\":{\"@type\":\"ImageObject\",\"inLanguage\":\"es\",\"@id\":\"http:\\\/\\\/cuartetoenlaweb.com.ar\\\/sitio\\\/#\\\/schema\\\/logo\\\/image\\\/\",\"url\":\"https:\\\/\\\/cuartetoenlaweb.com.ar\\\/sitio\\\/wp-content\\\/uploads\\\/2025\\\/07\\\/cropped-cropped-logitoweb21.png\",\"contentUrl\":\"https:\\\/\\\/cuartetoenlaweb.com.ar\\\/sitio\\\/wp-content\\\/uploads\\\/2025\\\/07\\\/cropped-cropped-logitoweb21.png\",\"width\":199,\"height\":199,\"caption\":\"Cuarteto en la Web\"},\"image\":{\"@id\":\"http:\\\/\\\/cuartetoenlaweb.com.ar\\\/sitio\\\/#\\\/schema\\\/logo\\\/image\\\/\"}}]}<\/script>\n<!-- \/ Yoast SEO plugin. -->","yoast_head_json":{"title":"La famosa panelista que vende sus muebles por WhatsApp por una crisis econ\u00f3mica - Cuarteto en la Web","robots":{"index":"index","follow":"follow","max-snippet":"max-snippet:-1","max-image-preview":"max-image-preview:large","max-video-preview":"max-video-preview:-1"},"canonical":"http:\/\/cuartetoenlaweb.com.ar\/sitio\/la-famosa-panelista-que-vende-sus-muebles-por-whatsapp-por-una-crisis-economica\/","og_locale":"es_ES","og_type":"article","og_title":"La famosa panelista que vende sus muebles por WhatsApp por una crisis econ\u00f3mica - Cuarteto en la Web","og_description":"Sorprendi\u00f3 a propios y extra\u00f1os. Una serie de publicaciones en","og_url":"http:\/\/cuartetoenlaweb.com.ar\/sitio\/la-famosa-panelista-que-vende-sus-muebles-por-whatsapp-por-una-crisis-economica\/","og_site_name":"Cuarteto en la Web","article_published_time":"2026-02-19T22:00:09+00:00","og_image":[{"width":359,"height":226,"url":"http:\/\/cuartetoenlaweb.com.ar\/sitio\/wp-content\/uploads\/2026\/02\/Yanina-Latorre-Jorge-Rial-359x226-3.jpg","type":"image\/jpeg"}],"twitter_card":"summary_large_image","twitter_misc":{"Tiempo de lectura":"2 minutos"},"schema":{"@context":"https:\/\/schema.org","@graph":[{"@type":"Article","@id":"http:\/\/cuartetoenlaweb.com.ar\/sitio\/la-famosa-panelista-que-vende-sus-muebles-por-whatsapp-por-una-crisis-economica\/#article","isPartOf":{"@id":"http:\/\/cuartetoenlaweb.com.ar\/sitio\/la-famosa-panelista-que-vende-sus-muebles-por-whatsapp-por-una-crisis-economica\/"},"author":{"name":"","@id":""},"headline":"La famosa panelista que vende sus muebles por WhatsApp por una crisis econ\u00f3mica","datePublished":"2026-02-19T22:00:09+00:00","mainEntityOfPage":{"@id":"http:\/\/cuartetoenlaweb.com.ar\/sitio\/la-famosa-panelista-que-vende-sus-muebles-por-whatsapp-por-una-crisis-economica\/"},"wordCount":420,"publisher":{"@id":"http:\/\/cuartetoenlaweb.com.ar\/sitio\/#organization"},"image":{"@id":"http:\/\/cuartetoenlaweb.com.ar\/sitio\/la-famosa-panelista-que-vende-sus-muebles-por-whatsapp-por-una-crisis-economica\/#primaryimage"},"thumbnailUrl":"https:\/\/cuartetoenlaweb.com.ar\/sitio\/wp-content\/uploads\/2026\/02\/Yanina-Latorre-Jorge-Rial-359x226-3.jpg","articleSection":["ESPECT\u00c1CULO"],"inLanguage":"es"},{"@type":"WebPage","@id":"http:\/\/cuartetoenlaweb.com.ar\/sitio\/la-famosa-panelista-que-vende-sus-muebles-por-whatsapp-por-una-crisis-economica\/","url":"http:\/\/cuartetoenlaweb.com.ar\/sitio\/la-famosa-panelista-que-vende-sus-muebles-por-whatsapp-por-una-crisis-economica\/","name":"La famosa panelista que vende sus muebles por WhatsApp por una crisis econ\u00f3mica - Cuarteto en la Web","isPartOf":{"@id":"http:\/\/cuartetoenlaweb.com.ar\/sitio\/#website"},"primaryImageOfPage":{"@id":"http:\/\/cuartetoenlaweb.com.ar\/sitio\/la-famosa-panelista-que-vende-sus-muebles-por-whatsapp-por-una-crisis-economica\/#primaryimage"},"image":{"@id":"http:\/\/cuartetoenlaweb.com.ar\/sitio\/la-famosa-panelista-que-vende-sus-muebles-por-whatsapp-por-una-crisis-economica\/#primaryimage"},"thumbnailUrl":"https:\/\/cuartetoenlaweb.com.ar\/sitio\/wp-content\/uploads\/2026\/02\/Yanina-Latorre-Jorge-Rial-359x226-3.jpg","datePublished":"2026-02-19T22:00:09+00:00","breadcrumb":{"@id":"http:\/\/cuartetoenlaweb.com.ar\/sitio\/la-famosa-panelista-que-vende-sus-muebles-por-whatsapp-por-una-crisis-economica\/#breadcrumb"},"inLanguage":"es","potentialAction":[{"@type":"ReadAction","target":["http:\/\/cuartetoenlaweb.com.ar\/sitio\/la-famosa-panelista-que-vende-sus-muebles-por-whatsapp-por-una-crisis-economica\/"]}]},{"@type":"ImageObject","inLanguage":"es","@id":"http:\/\/cuartetoenlaweb.com.ar\/sitio\/la-famosa-panelista-que-vende-sus-muebles-por-whatsapp-por-una-crisis-economica\/#primaryimage","url":"https:\/\/cuartetoenlaweb.com.ar\/sitio\/wp-content\/uploads\/2026\/02\/Yanina-Latorre-Jorge-Rial-359x226-3.jpg","contentUrl":"https:\/\/cuartetoenlaweb.com.ar\/sitio\/wp-content\/uploads\/2026\/02\/Yanina-Latorre-Jorge-Rial-359x226-3.jpg","width":359,"height":226},{"@type":"BreadcrumbList","@id":"http:\/\/cuartetoenlaweb.com.ar\/sitio\/la-famosa-panelista-que-vende-sus-muebles-por-whatsapp-por-una-crisis-economica\/#breadcrumb","itemListElement":[{"@type":"ListItem","position":1,"name":"Portada","item":"http:\/\/cuartetoenlaweb.com.ar\/sitio\/"},{"@type":"ListItem","position":2,"name":"La famosa panelista que vende sus muebles por WhatsApp por una crisis econ\u00f3mica"}]},{"@type":"WebSite","@id":"http:\/\/cuartetoenlaweb.com.ar\/sitio\/#website","url":"http:\/\/cuartetoenlaweb.com.ar\/sitio\/","name":"Cuarteto en la Web","description":"","publisher":{"@id":"http:\/\/cuartetoenlaweb.com.ar\/sitio\/#organization"},"potentialAction":[{"@type":"SearchAction","target":{"@type":"EntryPoint","urlTemplate":"http:\/\/cuartetoenlaweb.com.ar\/sitio\/?s={search_term_string}"},"query-input":{"@type":"PropertyValueSpecification","valueRequired":true,"valueName":"search_term_string"}}],"inLanguage":"es"},{"@type":"Organization","@id":"http:\/\/cuartetoenlaweb.com.ar\/sitio\/#organization","name":"Cuarteto en la Web","url":"http:\/\/cuartetoenlaweb.com.ar\/sitio\/","logo":{"@type":"ImageObject","inLanguage":"es","@id":"http:\/\/cuartetoenlaweb.com.ar\/sitio\/#\/schema\/logo\/image\/","url":"https:\/\/cuartetoenlaweb.com.ar\/sitio\/wp-content\/uploads\/2025\/07\/cropped-cropped-logitoweb21.png","contentUrl":"https:\/\/cuartetoenlaweb.com.ar\/sitio\/wp-content\/uploads\/2025\/07\/cropped-cropped-logitoweb21.png","width":199,"height":199,"caption":"Cuarteto en la Web"},"image":{"@id":"http:\/\/cuartetoenlaweb.com.ar\/sitio\/#\/schema\/logo\/image\/"}}]}},"_links":{"self":[{"href":"https:\/\/cuartetoenlaweb.com.ar\/sitio\/wp-json\/wp\/v2\/posts\/12159","targetHints":{"allow":["GET"]}}],"collection":[{"href":"https:\/\/cuartetoenlaweb.com.ar\/sitio\/wp-json\/wp\/v2\/posts"}],"about":[{"href":"https:\/\/cuartetoenlaweb.com.ar\/sitio\/wp-json\/wp\/v2\/types\/post"}],"replies":[{"embeddable":true,"href":"https:\/\/cuartetoenlaweb.com.ar\/sitio\/wp-json\/wp\/v2\/comments?post=12159"}],"version-history":[{"count":0,"href":"https:\/\/cuartetoenlaweb.com.ar\/sitio\/wp-json\/wp\/v2\/posts\/12159\/revisions"}],"wp:featuredmedia":[{"embeddable":true,"href":"https:\/\/cuartetoenlaweb.com.ar\/sitio\/wp-json\/wp\/v2\/media\/12160"}],"wp:attachment":[{"href":"https:\/\/cuartetoenlaweb.com.ar\/sitio\/wp-json\/wp\/v2\/media?parent=12159"}],"wp:term":[{"taxonomy":"category","embeddable":true,"href":"https:\/\/cuartetoenlaweb.com.ar\/sitio\/wp-json\/wp\/v2\/categories?post=12159"},{"taxonomy":"post_tag","embeddable":true,"href":"https:\/\/cuartetoenlaweb.com.ar\/sitio\/wp-json\/wp\/v2\/tags?post=12159"}],"curies":[{"name":"wp","href":"https:\/\/api.w.org\/{rel}","templated":true}]}}