
{"id":12157,"date":"2026-02-19T19:00:08","date_gmt":"2026-02-19T22:00:08","guid":{"rendered":"https:\/\/cuartetoenlaweb.com.ar\/sitio\/fin-del-misterio-de-que-vive-guido-icardi-el-polemico-hermano-de-mauro-icardi\/"},"modified":"2026-02-19T19:00:08","modified_gmt":"2026-02-19T22:00:08","slug":"fin-del-misterio-de-que-vive-guido-icardi-el-polemico-hermano-de-mauro-icardi","status":"publish","type":"post","link":"https:\/\/cuartetoenlaweb.com.ar\/sitio\/fin-del-misterio-de-que-vive-guido-icardi-el-polemico-hermano-de-mauro-icardi\/","title":{"rendered":"\u00a1Fin del misterio! De qu\u00e9 vive Guido Icardi, el pol\u00e9mico hermano de Mauro Icardi"},"content":{"rendered":"<p>Si nos organizamos&#8230; \u00a1salimos todos en la tele! Porque cuando cre\u00edamos que al <a href=\"https:\/\/www.paparazzi.com.ar\/romances\/mauro-icardi-acuso-a-wanda-nara-de-mentirles-a-sus-hijas-con-la-malla-de-la-hija-de-la-china-suarez\/\">culebr\u00f3n de <strong>Wanda Nara<\/strong> y <strong>Mauro Icardi<\/strong><\/a> ya no le faltaba nadie, apareci\u00f3 un nuevo protagonista, casi de la nada: <strong>Guido Icardi<\/strong>. El hermano del futbolista goza de sus cinco minutos de fama \u2014que nunca se sabe, podr\u00edan ser m\u00e1s\u2014 desde que hizo su ingreso rutilante con una <a href=\"https:\/\/www.paparazzi.com.ar\/teve\/sinceridad-brutal-la-picante-reaccion-del-hermano-de-mauro-icardi-cuando-le-preguntaron-si-el-hubiera-elegido-a-la-china-suarez-por-sobre-wanda-nara\/\">picante entrevista en <em>Intrusos<\/em><\/a>. All\u00ed, critic\u00f3 duramente al novio de la China Su\u00e1rez.<\/p>\n<p>Desde entonces, se renov\u00f3 la divisi\u00f3n en la familia Icardi. Todav\u00eda m\u00e1s con la cena que Guido comparti\u00f3 con su excu\u00f1ada \u2014Wanda, claro\u2014 y el hombre que fue v\u00edctima de la tan mentada <em>Icardiada<\/em>: <strong>Maxi L\u00f3pez<\/strong>. Las fotos de ese encuentro, del que tambi\u00e9n participaron Mart\u00edn Migueles y las hijas menores de la conductora de <em>MasterChef<\/em>, fueron <a href=\"https:\/\/www.paparazzi.com.ar\/teve\/traicion-de-sangre-las-fotos-que-destrozaron-a-mauro-icardi-en-el-dia-de-su-cumpleanos\/\">un pu\u00f1al para Mauro<\/a>, quien pr\u00e1cticamente no tiene contacto con sus parientes.<\/p>\n<div class=\"mt-box \">\n<h4 class=\"mt-heading\">Mir\u00e1 Tambi\u00e9n<\/h4>\n<p><a href=\"https:\/\/www.paparazzi.com.ar\/teve\/ivana-icardi-conto-la-dramatica-historia-de-su-mama-y-por-que-esta-alejada-de-mauro-tuvo-una-relacion-insana-con-nuestro-padre\/https:\/\/www.paparazzi.com.ar\/teve\/ivana-icardi-conto-la-dramatica-historia-de-su-mama-y-por-que-esta-alejada-de-mauro-tuvo-una-relacion-insana-con-nuestro-padre\/\"><\/p>\n<div class=\"mt-content\">\n<div class=\"mt-image-container\"><img decoding=\"async\" src=\"https:\/\/www.paparazzi.com.ar\/wp-content\/uploads\/2026\/02\/Icardi-mama-20-359x226.jpg\" alt=\"Ivana Icardi cont\u00f3 la dram\u00e1tica historia de su mam\u00e1 y por qu\u00e9 est\u00e1 alejada de Mauro: &quot;Tuvo una relaci\u00f3n insana con nuestro padre&quot;\" class=\"mt-image\" loading=\"lazy\" \/><\/div>\n<h5 class=\"mt-title\">Ivana Icardi cont\u00f3 la dram\u00e1tica historia de su mam\u00e1 y por qu\u00e9 est\u00e1 alejada de Mauro: \u00abTuvo una relaci\u00f3n insana con nuestro padre\u00bb<\/h5>\n<\/div>\n<p><\/a><\/div>\n<p>Ahora bien, durante la entrevista que le hicieron Rodrigo Lussich y su equipo, Guido aclar\u00f3 que no necesita del dinero de su hermano. Cont\u00f3 que en su momento el futbolista ayud\u00f3 a su padre, obsequi\u00e1ndole una camioneta, pero cualquier otra asistencia econ\u00f3mica no es necesaria.<\/p>\n<p>Surgi\u00f3 entonces el dilema: \u00bfde qu\u00e9 vive Guido Icardi?<\/p>\n<h2 class=\"wp-block-heading\">A QU\u00c9 SE DEDICA EL HERMANO DE MAURO ICARDI<\/h2>\n<p>Rosarino e hincha fan\u00e1tico de <strong><a href=\"https:\/\/www.paparazzi.com.ar\/deportes\/construyendo-pasion-el-coloso-marcelo-bielsa-de-newells-la-cancha-que-espera-recibir-alguna-vez-a-lionel-messi\/\">Newell&#8217;s<\/a><\/strong>, al igual que Mauro \u2014pese al conflicto entre ellos, sue\u00f1a con que su hermano se ponga alg\u00fan d\u00eda la camiseta rojinegra\u2014, Guido est\u00e1 en pareja con una joven manicura llamada Micaela. Adem\u00e1s, tiene una hija. Vivi\u00f3 durante muchos a\u00f1os en Europa, en distintas ciudades de Suiza, Italia y Espa\u00f1a, aunque ahora decidi\u00f3 volver a la Argentina.<\/p>\n<p>Mientras Mauro se gana la vida con los pies, Guido lo hace con sus manos: es tatuador. Y en su cuenta de Instagram, all\u00ed donde en estas horas sum\u00f3 tantos seguidores como cr\u00edticas, suele mostrar algunos de los dise\u00f1os que graba con tinta sobre la piel.<\/p>\n<figure class=\"wp-block-image size-large\"><img decoding=\"async\" src=\"https:\/\/www.paparazzi.com.ar\/wp-content\/uploads\/2026\/02\/Guido-Icardi.-Foto_-Instagram-1-1024x647.jpg.webp\" loading=\"lazy\" alt=\"\" class=\"wp-image-465105\" \/><figcaption class=\"wp-element-caption\">Manos a la obra: Guido Icardi. \u00bfHabr\u00e1 tatuado a Mauro? (Foto: Instagram)<\/figcaption><\/figure>\n<figure class=\"wp-block-image size-large\"><img decoding=\"async\" src=\"https:\/\/www.paparazzi.com.ar\/wp-content\/uploads\/2026\/02\/Guido-Icardi.-Foto_-Instagram-2-1024x647.jpg.webp\" loading=\"lazy\" alt=\"\" class=\"wp-image-465104\" \/><figcaption class=\"wp-element-caption\">Guido Icardi y su pareja. (Foto: Instagram)<\/figcaption><\/figure>\n<p>De eso, vive. Y no le va nada mal. Habr\u00e1 que ver si ahora, con esta pol\u00e9mica medi\u00e1tica, in\u00e9dita para \u00e9l, encuentra un nuevo futuro.<\/p>\n<div class=\"mt-box \">\n<h4 class=\"mt-heading\">Mir\u00e1 Tambi\u00e9n<\/h4>\n<p><a href=\"https:\/\/www.paparazzi.com.ar\/teve\/aprendio-la-leccion-valentina-cervantes-hablo-de-su-crisis-con-enzo-fernandez-y-dejo-una-fuerte-reflexion-sobre-el-futbolista\/\"><\/p>\n<div class=\"mt-content\">\n<div class=\"mt-image-container\"><img decoding=\"async\" src=\"https:\/\/www.paparazzi.com.ar\/wp-content\/uploads\/2025\/06\/Valentina-Cervantes-y-Enzo-Fernanez.jpg.webp\" alt=\"\u00bfAprendi\u00f3 la lecci\u00f3n? Valentina Cervantes habl\u00f3 de su crisis con Enzo Fern\u00e1ndez y dej\u00f3 una fuerte reflexi\u00f3n sobre el futbolista\" class=\"mt-image\" loading=\"lazy\" \/><\/div>\n<h5 class=\"mt-title\">\u00bfAprendi\u00f3 la lecci\u00f3n? Valentina Cervantes habl\u00f3 de su crisis con Enzo Fern\u00e1ndez y dej\u00f3 una fuerte reflexi\u00f3n sobre el futbolista<\/h5>\n<\/div>\n<p><\/a><\/div>\n<div class=\"mt-box \">\n<h4 class=\"mt-heading\">Mir\u00e1 Tambi\u00e9n<\/h4>\n<p><a href=\"https:\/\/www.paparazzi.com.ar\/teve\/el-violento-episodio-de-luciano-castro-que-tomo-fuerza-en-medio-de-su-internacion-me-lo-tiro-por-la-cabeza\/\"><\/p>\n<div class=\"mt-content\">\n<div class=\"mt-image-container\"><img decoding=\"async\" src=\"https:\/\/www.paparazzi.com.ar\/wp-content\/uploads\/2026\/02\/El-violento-episodio-de-Luciano-Castro-que-tomo-fuerza-en-medio-de-su-internacion-22Me-lo-tiro-por-la-cabeza22-359x226.jpg\" alt=\"El violento episodio de Luciano Castro que tom\u00f3 fuerza en medio de su internaci\u00f3n: &quot;Me lo tir\u00f3 por la cabeza&quot;\" class=\"mt-image\" loading=\"lazy\" \/><\/div>\n<h5 class=\"mt-title\">El violento episodio de Luciano Castro que tom\u00f3 fuerza en medio de su internaci\u00f3n: \u00abMe lo tir\u00f3 por la cabeza\u00bb<\/h5>\n<\/div>\n<p><\/a><\/div>\n<p>The post <a href=\"https:\/\/www.paparazzi.com.ar\/teve\/fin-del-misterio-de-que-vive-guido-icardi-el-polemico-hermano-de-mauro-icardi\/\">\u00a1Fin del misterio! De qu\u00e9 vive Guido Icardi, el pol\u00e9mico hermano de Mauro Icardi<\/a> appeared first on <a href=\"https:\/\/www.paparazzi.com.ar\">Revista Paparazzi<\/a>.<\/p>\n","protected":false},"excerpt":{"rendered":"<p>Si nos organizamos&#8230; \u00a1salimos todos en la tele! Porque cuando<\/p>\n","protected":false},"author":0,"featured_media":12158,"comment_status":"","ping_status":"","sticky":false,"template":"","format":"standard","meta":{"footnotes":""},"categories":[12],"tags":[],"class_list":["post-12157","post","type-post","status-publish","format-standard","has-post-thumbnail","hentry","category-espectaculo"],"yoast_head":"<!-- This site is optimized with the Yoast SEO plugin v27.4 - https:\/\/yoast.com\/product\/yoast-seo-wordpress\/ -->\n<title>\u00a1Fin del misterio! De qu\u00e9 vive Guido Icardi, el pol\u00e9mico hermano de Mauro Icardi - Cuarteto en la Web<\/title>\n<meta name=\"robots\" content=\"index, follow, max-snippet:-1, max-image-preview:large, max-video-preview:-1\" \/>\n<link rel=\"canonical\" href=\"https:\/\/cuartetoenlaweb.com.ar\/sitio\/fin-del-misterio-de-que-vive-guido-icardi-el-polemico-hermano-de-mauro-icardi\/\" \/>\n<meta property=\"og:locale\" content=\"es_ES\" \/>\n<meta property=\"og:type\" content=\"article\" \/>\n<meta property=\"og:title\" content=\"\u00a1Fin del misterio! De qu\u00e9 vive Guido Icardi, el pol\u00e9mico hermano de Mauro Icardi - Cuarteto en la Web\" \/>\n<meta property=\"og:description\" content=\"Si nos organizamos&#8230; \u00a1salimos todos en la tele! Porque cuando\" \/>\n<meta property=\"og:url\" content=\"https:\/\/cuartetoenlaweb.com.ar\/sitio\/fin-del-misterio-de-que-vive-guido-icardi-el-polemico-hermano-de-mauro-icardi\/\" \/>\n<meta property=\"og:site_name\" content=\"Cuarteto en la Web\" \/>\n<meta property=\"article:published_time\" content=\"2026-02-19T22:00:08+00:00\" \/>\n<meta property=\"og:image\" content=\"https:\/\/cuartetoenlaweb.com.ar\/sitio\/wp-content\/uploads\/2026\/02\/Icardi-mama-20-359x226-1.jpg\" \/>\n\t<meta property=\"og:image:width\" content=\"359\" \/>\n\t<meta property=\"og:image:height\" content=\"226\" \/>\n\t<meta property=\"og:image:type\" content=\"image\/jpeg\" \/>\n<meta name=\"twitter:card\" content=\"summary_large_image\" \/>\n<meta name=\"twitter:label1\" content=\"Tiempo de lectura\" \/>\n\t<meta name=\"twitter:data1\" content=\"2 minutos\" \/>\n<script type=\"application\/ld+json\" class=\"yoast-schema-graph\">{\"@context\":\"https:\\\/\\\/schema.org\",\"@graph\":[{\"@type\":\"Article\",\"@id\":\"https:\\\/\\\/cuartetoenlaweb.com.ar\\\/sitio\\\/fin-del-misterio-de-que-vive-guido-icardi-el-polemico-hermano-de-mauro-icardi\\\/#article\",\"isPartOf\":{\"@id\":\"https:\\\/\\\/cuartetoenlaweb.com.ar\\\/sitio\\\/fin-del-misterio-de-que-vive-guido-icardi-el-polemico-hermano-de-mauro-icardi\\\/\"},\"author\":{\"name\":\"\",\"@id\":\"\"},\"headline\":\"\u00a1Fin del misterio! De qu\u00e9 vive Guido Icardi, el pol\u00e9mico hermano de Mauro Icardi\",\"datePublished\":\"2026-02-19T22:00:08+00:00\",\"mainEntityOfPage\":{\"@id\":\"https:\\\/\\\/cuartetoenlaweb.com.ar\\\/sitio\\\/fin-del-misterio-de-que-vive-guido-icardi-el-polemico-hermano-de-mauro-icardi\\\/\"},\"wordCount\":503,\"publisher\":{\"@id\":\"http:\\\/\\\/cuartetoenlaweb.com.ar\\\/sitio\\\/#organization\"},\"image\":{\"@id\":\"https:\\\/\\\/cuartetoenlaweb.com.ar\\\/sitio\\\/fin-del-misterio-de-que-vive-guido-icardi-el-polemico-hermano-de-mauro-icardi\\\/#primaryimage\"},\"thumbnailUrl\":\"https:\\\/\\\/cuartetoenlaweb.com.ar\\\/sitio\\\/wp-content\\\/uploads\\\/2026\\\/02\\\/Icardi-mama-20-359x226-1.jpg\",\"articleSection\":[\"ESPECT\u00c1CULO\"],\"inLanguage\":\"es\"},{\"@type\":\"WebPage\",\"@id\":\"https:\\\/\\\/cuartetoenlaweb.com.ar\\\/sitio\\\/fin-del-misterio-de-que-vive-guido-icardi-el-polemico-hermano-de-mauro-icardi\\\/\",\"url\":\"https:\\\/\\\/cuartetoenlaweb.com.ar\\\/sitio\\\/fin-del-misterio-de-que-vive-guido-icardi-el-polemico-hermano-de-mauro-icardi\\\/\",\"name\":\"\u00a1Fin del misterio! De qu\u00e9 vive Guido Icardi, el pol\u00e9mico hermano de Mauro Icardi - Cuarteto en la Web\",\"isPartOf\":{\"@id\":\"http:\\\/\\\/cuartetoenlaweb.com.ar\\\/sitio\\\/#website\"},\"primaryImageOfPage\":{\"@id\":\"https:\\\/\\\/cuartetoenlaweb.com.ar\\\/sitio\\\/fin-del-misterio-de-que-vive-guido-icardi-el-polemico-hermano-de-mauro-icardi\\\/#primaryimage\"},\"image\":{\"@id\":\"https:\\\/\\\/cuartetoenlaweb.com.ar\\\/sitio\\\/fin-del-misterio-de-que-vive-guido-icardi-el-polemico-hermano-de-mauro-icardi\\\/#primaryimage\"},\"thumbnailUrl\":\"https:\\\/\\\/cuartetoenlaweb.com.ar\\\/sitio\\\/wp-content\\\/uploads\\\/2026\\\/02\\\/Icardi-mama-20-359x226-1.jpg\",\"datePublished\":\"2026-02-19T22:00:08+00:00\",\"breadcrumb\":{\"@id\":\"https:\\\/\\\/cuartetoenlaweb.com.ar\\\/sitio\\\/fin-del-misterio-de-que-vive-guido-icardi-el-polemico-hermano-de-mauro-icardi\\\/#breadcrumb\"},\"inLanguage\":\"es\",\"potentialAction\":[{\"@type\":\"ReadAction\",\"target\":[\"https:\\\/\\\/cuartetoenlaweb.com.ar\\\/sitio\\\/fin-del-misterio-de-que-vive-guido-icardi-el-polemico-hermano-de-mauro-icardi\\\/\"]}]},{\"@type\":\"ImageObject\",\"inLanguage\":\"es\",\"@id\":\"https:\\\/\\\/cuartetoenlaweb.com.ar\\\/sitio\\\/fin-del-misterio-de-que-vive-guido-icardi-el-polemico-hermano-de-mauro-icardi\\\/#primaryimage\",\"url\":\"https:\\\/\\\/cuartetoenlaweb.com.ar\\\/sitio\\\/wp-content\\\/uploads\\\/2026\\\/02\\\/Icardi-mama-20-359x226-1.jpg\",\"contentUrl\":\"https:\\\/\\\/cuartetoenlaweb.com.ar\\\/sitio\\\/wp-content\\\/uploads\\\/2026\\\/02\\\/Icardi-mama-20-359x226-1.jpg\",\"width\":359,\"height\":226},{\"@type\":\"BreadcrumbList\",\"@id\":\"https:\\\/\\\/cuartetoenlaweb.com.ar\\\/sitio\\\/fin-del-misterio-de-que-vive-guido-icardi-el-polemico-hermano-de-mauro-icardi\\\/#breadcrumb\",\"itemListElement\":[{\"@type\":\"ListItem\",\"position\":1,\"name\":\"Portada\",\"item\":\"http:\\\/\\\/cuartetoenlaweb.com.ar\\\/sitio\\\/\"},{\"@type\":\"ListItem\",\"position\":2,\"name\":\"\u00a1Fin del misterio! De qu\u00e9 vive Guido Icardi, el pol\u00e9mico hermano de Mauro Icardi\"}]},{\"@type\":\"WebSite\",\"@id\":\"http:\\\/\\\/cuartetoenlaweb.com.ar\\\/sitio\\\/#website\",\"url\":\"http:\\\/\\\/cuartetoenlaweb.com.ar\\\/sitio\\\/\",\"name\":\"Cuarteto en la Web\",\"description\":\"\",\"publisher\":{\"@id\":\"http:\\\/\\\/cuartetoenlaweb.com.ar\\\/sitio\\\/#organization\"},\"potentialAction\":[{\"@type\":\"SearchAction\",\"target\":{\"@type\":\"EntryPoint\",\"urlTemplate\":\"http:\\\/\\\/cuartetoenlaweb.com.ar\\\/sitio\\\/?s={search_term_string}\"},\"query-input\":{\"@type\":\"PropertyValueSpecification\",\"valueRequired\":true,\"valueName\":\"search_term_string\"}}],\"inLanguage\":\"es\"},{\"@type\":\"Organization\",\"@id\":\"http:\\\/\\\/cuartetoenlaweb.com.ar\\\/sitio\\\/#organization\",\"name\":\"Cuarteto en la Web\",\"url\":\"http:\\\/\\\/cuartetoenlaweb.com.ar\\\/sitio\\\/\",\"logo\":{\"@type\":\"ImageObject\",\"inLanguage\":\"es\",\"@id\":\"http:\\\/\\\/cuartetoenlaweb.com.ar\\\/sitio\\\/#\\\/schema\\\/logo\\\/image\\\/\",\"url\":\"https:\\\/\\\/cuartetoenlaweb.com.ar\\\/sitio\\\/wp-content\\\/uploads\\\/2025\\\/07\\\/cropped-cropped-logitoweb21.png\",\"contentUrl\":\"https:\\\/\\\/cuartetoenlaweb.com.ar\\\/sitio\\\/wp-content\\\/uploads\\\/2025\\\/07\\\/cropped-cropped-logitoweb21.png\",\"width\":199,\"height\":199,\"caption\":\"Cuarteto en la Web\"},\"image\":{\"@id\":\"http:\\\/\\\/cuartetoenlaweb.com.ar\\\/sitio\\\/#\\\/schema\\\/logo\\\/image\\\/\"}}]}<\/script>\n<!-- \/ Yoast SEO plugin. -->","yoast_head_json":{"title":"\u00a1Fin del misterio! De qu\u00e9 vive Guido Icardi, el pol\u00e9mico hermano de Mauro Icardi - Cuarteto en la Web","robots":{"index":"index","follow":"follow","max-snippet":"max-snippet:-1","max-image-preview":"max-image-preview:large","max-video-preview":"max-video-preview:-1"},"canonical":"https:\/\/cuartetoenlaweb.com.ar\/sitio\/fin-del-misterio-de-que-vive-guido-icardi-el-polemico-hermano-de-mauro-icardi\/","og_locale":"es_ES","og_type":"article","og_title":"\u00a1Fin del misterio! De qu\u00e9 vive Guido Icardi, el pol\u00e9mico hermano de Mauro Icardi - Cuarteto en la Web","og_description":"Si nos organizamos&#8230; \u00a1salimos todos en la tele! Porque cuando","og_url":"https:\/\/cuartetoenlaweb.com.ar\/sitio\/fin-del-misterio-de-que-vive-guido-icardi-el-polemico-hermano-de-mauro-icardi\/","og_site_name":"Cuarteto en la Web","article_published_time":"2026-02-19T22:00:08+00:00","og_image":[{"width":359,"height":226,"url":"https:\/\/cuartetoenlaweb.com.ar\/sitio\/wp-content\/uploads\/2026\/02\/Icardi-mama-20-359x226-1.jpg","type":"image\/jpeg"}],"twitter_card":"summary_large_image","twitter_misc":{"Tiempo de lectura":"2 minutos"},"schema":{"@context":"https:\/\/schema.org","@graph":[{"@type":"Article","@id":"https:\/\/cuartetoenlaweb.com.ar\/sitio\/fin-del-misterio-de-que-vive-guido-icardi-el-polemico-hermano-de-mauro-icardi\/#article","isPartOf":{"@id":"https:\/\/cuartetoenlaweb.com.ar\/sitio\/fin-del-misterio-de-que-vive-guido-icardi-el-polemico-hermano-de-mauro-icardi\/"},"author":{"name":"","@id":""},"headline":"\u00a1Fin del misterio! De qu\u00e9 vive Guido Icardi, el pol\u00e9mico hermano de Mauro Icardi","datePublished":"2026-02-19T22:00:08+00:00","mainEntityOfPage":{"@id":"https:\/\/cuartetoenlaweb.com.ar\/sitio\/fin-del-misterio-de-que-vive-guido-icardi-el-polemico-hermano-de-mauro-icardi\/"},"wordCount":503,"publisher":{"@id":"http:\/\/cuartetoenlaweb.com.ar\/sitio\/#organization"},"image":{"@id":"https:\/\/cuartetoenlaweb.com.ar\/sitio\/fin-del-misterio-de-que-vive-guido-icardi-el-polemico-hermano-de-mauro-icardi\/#primaryimage"},"thumbnailUrl":"https:\/\/cuartetoenlaweb.com.ar\/sitio\/wp-content\/uploads\/2026\/02\/Icardi-mama-20-359x226-1.jpg","articleSection":["ESPECT\u00c1CULO"],"inLanguage":"es"},{"@type":"WebPage","@id":"https:\/\/cuartetoenlaweb.com.ar\/sitio\/fin-del-misterio-de-que-vive-guido-icardi-el-polemico-hermano-de-mauro-icardi\/","url":"https:\/\/cuartetoenlaweb.com.ar\/sitio\/fin-del-misterio-de-que-vive-guido-icardi-el-polemico-hermano-de-mauro-icardi\/","name":"\u00a1Fin del misterio! De qu\u00e9 vive Guido Icardi, el pol\u00e9mico hermano de Mauro Icardi - Cuarteto en la Web","isPartOf":{"@id":"http:\/\/cuartetoenlaweb.com.ar\/sitio\/#website"},"primaryImageOfPage":{"@id":"https:\/\/cuartetoenlaweb.com.ar\/sitio\/fin-del-misterio-de-que-vive-guido-icardi-el-polemico-hermano-de-mauro-icardi\/#primaryimage"},"image":{"@id":"https:\/\/cuartetoenlaweb.com.ar\/sitio\/fin-del-misterio-de-que-vive-guido-icardi-el-polemico-hermano-de-mauro-icardi\/#primaryimage"},"thumbnailUrl":"https:\/\/cuartetoenlaweb.com.ar\/sitio\/wp-content\/uploads\/2026\/02\/Icardi-mama-20-359x226-1.jpg","datePublished":"2026-02-19T22:00:08+00:00","breadcrumb":{"@id":"https:\/\/cuartetoenlaweb.com.ar\/sitio\/fin-del-misterio-de-que-vive-guido-icardi-el-polemico-hermano-de-mauro-icardi\/#breadcrumb"},"inLanguage":"es","potentialAction":[{"@type":"ReadAction","target":["https:\/\/cuartetoenlaweb.com.ar\/sitio\/fin-del-misterio-de-que-vive-guido-icardi-el-polemico-hermano-de-mauro-icardi\/"]}]},{"@type":"ImageObject","inLanguage":"es","@id":"https:\/\/cuartetoenlaweb.com.ar\/sitio\/fin-del-misterio-de-que-vive-guido-icardi-el-polemico-hermano-de-mauro-icardi\/#primaryimage","url":"https:\/\/cuartetoenlaweb.com.ar\/sitio\/wp-content\/uploads\/2026\/02\/Icardi-mama-20-359x226-1.jpg","contentUrl":"https:\/\/cuartetoenlaweb.com.ar\/sitio\/wp-content\/uploads\/2026\/02\/Icardi-mama-20-359x226-1.jpg","width":359,"height":226},{"@type":"BreadcrumbList","@id":"https:\/\/cuartetoenlaweb.com.ar\/sitio\/fin-del-misterio-de-que-vive-guido-icardi-el-polemico-hermano-de-mauro-icardi\/#breadcrumb","itemListElement":[{"@type":"ListItem","position":1,"name":"Portada","item":"http:\/\/cuartetoenlaweb.com.ar\/sitio\/"},{"@type":"ListItem","position":2,"name":"\u00a1Fin del misterio! De qu\u00e9 vive Guido Icardi, el pol\u00e9mico hermano de Mauro Icardi"}]},{"@type":"WebSite","@id":"http:\/\/cuartetoenlaweb.com.ar\/sitio\/#website","url":"http:\/\/cuartetoenlaweb.com.ar\/sitio\/","name":"Cuarteto en la Web","description":"","publisher":{"@id":"http:\/\/cuartetoenlaweb.com.ar\/sitio\/#organization"},"potentialAction":[{"@type":"SearchAction","target":{"@type":"EntryPoint","urlTemplate":"http:\/\/cuartetoenlaweb.com.ar\/sitio\/?s={search_term_string}"},"query-input":{"@type":"PropertyValueSpecification","valueRequired":true,"valueName":"search_term_string"}}],"inLanguage":"es"},{"@type":"Organization","@id":"http:\/\/cuartetoenlaweb.com.ar\/sitio\/#organization","name":"Cuarteto en la Web","url":"http:\/\/cuartetoenlaweb.com.ar\/sitio\/","logo":{"@type":"ImageObject","inLanguage":"es","@id":"http:\/\/cuartetoenlaweb.com.ar\/sitio\/#\/schema\/logo\/image\/","url":"https:\/\/cuartetoenlaweb.com.ar\/sitio\/wp-content\/uploads\/2025\/07\/cropped-cropped-logitoweb21.png","contentUrl":"https:\/\/cuartetoenlaweb.com.ar\/sitio\/wp-content\/uploads\/2025\/07\/cropped-cropped-logitoweb21.png","width":199,"height":199,"caption":"Cuarteto en la Web"},"image":{"@id":"http:\/\/cuartetoenlaweb.com.ar\/sitio\/#\/schema\/logo\/image\/"}}]}},"_links":{"self":[{"href":"https:\/\/cuartetoenlaweb.com.ar\/sitio\/wp-json\/wp\/v2\/posts\/12157","targetHints":{"allow":["GET"]}}],"collection":[{"href":"https:\/\/cuartetoenlaweb.com.ar\/sitio\/wp-json\/wp\/v2\/posts"}],"about":[{"href":"https:\/\/cuartetoenlaweb.com.ar\/sitio\/wp-json\/wp\/v2\/types\/post"}],"replies":[{"embeddable":true,"href":"https:\/\/cuartetoenlaweb.com.ar\/sitio\/wp-json\/wp\/v2\/comments?post=12157"}],"version-history":[{"count":0,"href":"https:\/\/cuartetoenlaweb.com.ar\/sitio\/wp-json\/wp\/v2\/posts\/12157\/revisions"}],"wp:featuredmedia":[{"embeddable":true,"href":"https:\/\/cuartetoenlaweb.com.ar\/sitio\/wp-json\/wp\/v2\/media\/12158"}],"wp:attachment":[{"href":"https:\/\/cuartetoenlaweb.com.ar\/sitio\/wp-json\/wp\/v2\/media?parent=12157"}],"wp:term":[{"taxonomy":"category","embeddable":true,"href":"https:\/\/cuartetoenlaweb.com.ar\/sitio\/wp-json\/wp\/v2\/categories?post=12157"},{"taxonomy":"post_tag","embeddable":true,"href":"https:\/\/cuartetoenlaweb.com.ar\/sitio\/wp-json\/wp\/v2\/tags?post=12157"}],"curies":[{"name":"wp","href":"https:\/\/api.w.org\/{rel}","templated":true}]}}