
{"id":12153,"date":"2026-02-19T17:00:34","date_gmt":"2026-02-19T20:00:34","guid":{"rendered":"https:\/\/cuartetoenlaweb.com.ar\/sitio\/paro-de-la-cgt-la-central-obrera-celebro-el-alto-acatamiento-y-afirmo-que-se-detuvo-mas-del-90-de-la-actividad\/"},"modified":"2026-02-19T17:00:34","modified_gmt":"2026-02-19T20:00:34","slug":"paro-de-la-cgt-la-central-obrera-celebro-el-alto-acatamiento-y-afirmo-que-se-detuvo-mas-del-90-de-la-actividad","status":"publish","type":"post","link":"https:\/\/cuartetoenlaweb.com.ar\/sitio\/paro-de-la-cgt-la-central-obrera-celebro-el-alto-acatamiento-y-afirmo-que-se-detuvo-mas-del-90-de-la-actividad\/","title":{"rendered":"Paro de la CGT: la central obrera celebr\u00f3 el alto acatamiento y afirm\u00f3 que \u201cse detuvo m\u00e1s del 90% de la actividad\u201d"},"content":{"rendered":"<p>La conducci\u00f3n de la<b> CGT <\/b>destac\u00f3 este jueves el \u201c\u00e9xito\u201d del paro nacional convocado en rechazo al proyecto de reforma laboral que Diputados discute en el Congreso.<\/p>\n<p>En una conferencia de prensa, el triunvirato compuesto por <b>Jorge Sola<\/b> (Seguros), <b>Cristian Jer\u00f3nimo (Vidrio) <\/b>y <b>Octavio Arg\u00fcello <\/b>(Camioneros)<b> <\/b>subray\u00f3 la alta adhesi\u00f3n a la medida.<\/p>\n<p>Al tomar la palabra, Sola se solidariz\u00f3 con los trabajadores que<a href=\"https:\/\/www.cronista.com\/negocios\/cerro-fate-una-de-las-tres-fabricas-de-neumaticos-de-la-argentina\/\" target=\"_blank\" rel=\"noreferrer\" title=\"https:\/\/www.cronista.com\/negocios\/cerro-fate-una-de-las-tres-fabricas-de-neumaticos-de-la-argentina\/\"> han perdido sus labores en los \u00faltimos dos a\u00f1os<\/a>, \u201cespecialmente con los compa\u00f1eros de FATE\u201d. <\/p>\n<p>Luego, agradeci\u00f3 a las instituciones que se acercaron a la Confederaci\u00f3n a ofrecer su apoyo a la medida de reclamo y a los sindicatos que en cada ciudad del pa\u00eds \u201cllevaron adelante ejemplarmente este <b>derecho constitucional<\/b> que tenemos los trabajadores de expresar nuestra protesta\u201d.<\/p>\n<p>\u201cEsta huelga ha sido de un <b>enorme acatamiento, m\u00e1s del 90% de la actividad fue detenida<\/b>. Hoy estamos parando por el tratamiento del proyecto de ley de reforma laboral, me cuesta llamarlo de modernizaci\u00f3n porque retrocede 100 a\u00f1os\u00bb, apunt\u00f3 el l\u00edder gremialista. <\/p>\n<p><img loading=\"lazy\" decoding=\"async\" src=\"https:\/\/www.cronista.com\/resizer\/v2\/QYRTPLCZ55BIPG4J6AVNCZADZA.jpg?auth=cdcd1c716dd839c9f41968bda57c448cdfcb61f52f75019fa46a5ad986bb1cc8&amp;smart=true&amp;width=1006&amp;height=485\" alt=\"\" height=\"485\" width=\"1006\" \/><\/p>\n<p>Jer\u00f3nimo, por su parte, destac\u00f3 que la sociedad en su conjunto <b>\u201cle haya dado un mensaje al Gobierno\u201d<\/b> y se\u00f1al\u00f3 que la CGT \u201cestuvo a la altura de la circunstancia y de los intereses que representa\u201d.<\/p>\n<p>\u201cNosotros no estamos dispuestos a retroceder ni a entregar ning\u00fan derecho o conquista. Este plan de acci\u00f3n reci\u00e9n empieza y seguramente la pol\u00edtica se va a poner nerviosa, hay gobernadores inescrupulosos que quieren volcar sobre los trabajadores lo que hacen mal ellos, y despu\u00e9s vienen a apuntarnos a nosotros.<b> Son c\u00f3mplices de esta traici\u00f3n, lleg\u00f3 la hora de exponerlos<\/b>\u201d, afirm\u00f3.<\/p>\n<p>Y agreg\u00f3: \u201cNosotros queremos que le vaya bien a la Argentina, y ser parte de ese proceso virtuoso. Hoy la situaci\u00f3n de los trabajadores es cr\u00edtica, no hay previsibilidad, <b>lo \u00fanico que estamos viendo es que las empresas se van de la Argentina<\/b>, hay cero inversiones y solo se beneficia a la especulaci\u00f3n. No vamos a parar hasta que cambie el rumbo econ\u00f3mico del pa\u00eds\u201d.<\/p>\n<p>La conferencia la cerr\u00f3<b> Octavio Arguello<\/b>, de Camioneros, quien dej\u00f3 un <b>mensaje escueto pero desafiante<\/b> para los legisladores que apoyen la iniciativa de Milei en el Congreso. <\/p>\n<p>\u201cF\u00edjense lo que van a hacer, muchachos, no traicionen m\u00e1s al pueblo, ustedes llegaron ah\u00ed por el voto de ellos. Y nosotros tenemos memoria,<b> nos vamos a acordar de cada cosa que hagan<\/b>\u201d, cerr\u00f3. <\/p>\n<blockquote class=\"twitter-tweet\">\n<p lang=\"es\" dir=\"ltr\">Las im\u00e1genes hablan por s\u00ed solas.<\/p>\n<p>El paro nacional se siente en cada puesto de trabajo, en cada f\u00e1brica, en cada oficina, en cada rinc\u00f3n del pa\u00eds.<\/p>\n<p>No nos dan lo mismo nuestros derechos.<br \/>No se negocia el trabajo, no se rifan las conquistas.<\/p>\n<p>Diputados, escuchen el mensaje, no\u2026 <a href=\"https:\/\/t.co\/KkdsVoZyOj\">pic.twitter.com\/KkdsVoZyOj<\/a><\/p>\n<p>\u2014 CGT (@cgtoficialok) <a href=\"https:\/\/twitter.com\/cgtoficialok\/status\/2024543934110654558?ref_src=twsrc%5Etfw\">February 19, 2026<\/a><\/p><\/blockquote>\n<p><b>La CGT realiza este jueves su cuarto paro general contra la gesti\u00f3n de Javier Milei,<\/b> al mismo tiempo en que la C\u00e1mara de Diputados trata el proyecto de reforma laboral.<\/p>\n<p><b>De antemano se preve\u00eda una jornada con poca actividad por el parate de la totalidad del transporte p\u00fablico,<\/b> lo que incluye a los colectiveros de la UTA, que integra la CGT aunque no su consejo directivo.<\/p>\n<p>El proyecto que introduce importantes cambios en la legislaci\u00f3n del trabajo fue objeto de dos movilizaciones en rechazo de parte de la CGT: una en diciembre en Plaza de Mayo y otra la semana pasada en la Plaza del Congreso, y motiv\u00f3 ahora <b>la primera huelga luego de que la iniciativa consiguiera media sanci\u00f3n.<\/b><\/p>\n<p><img loading=\"lazy\" decoding=\"async\" src=\"https:\/\/www.cronista.com\/resizer\/v2\/5NWIVNKZCFCDFNZ663HTZMEPV4.jpg?auth=45c5386464eabc4ed9f60aa399c244b247de173408122b88e4c04b6ef09b641a&amp;smart=true&amp;width=1920&amp;height=1280\" alt=\"\" height=\"1280\" width=\"1920\" \/><\/p>\n<p>El secretario del Seguro y miembro del triunvirato de la CGT, <b>Jorge Sola<\/b>, y hab\u00eda asegurado que la Argentina se paralizar\u00eda <b>\u201dde punta a punta\u201d<\/b>. <\/p>\n<p>En una rueda de prensa en la sede de la calle Azopardo, y junto a los otros dos cosecretarios de la central obrera,<b> Cristian Jer\u00f3nimo <\/b>(Industria del Vidrio) y <b>Octavio Arg\u00fcello<\/b> (Camioneros), Sola asegur\u00f3 que \u201cno est\u00e1n en contra de una reforma laboral, pero s\u00ed de perder derechos\u201d.<\/p>\n<p>Por su parte, un grupo de gremios \u201cduros\u201d de la CGT (UOM, Aceiteros y Pilotos, entre otros), junto a la CTA Aut\u00f3noma y la CTA de los Trabajadores, y sindicatos \u201cclasistas\u201d de izquierda, decidieron <b>reforzar la huelga con una marcha al Congreso<\/b><u>, tal como sucedi\u00f3 la semana pasada cuando la reforma laboral se trat\u00f3 en el Senado.<\/u><\/p>\n<p><img loading=\"lazy\" decoding=\"async\" src=\"https:\/\/www.cronista.com\/resizer\/v2\/OVDESK2VWREC7EGVATJH3PSC5U.jpg?auth=c538522ec16ffd04363e6240225e53218df114fa811fc9718ec043233cec7603&amp;smart=true&amp;width=1920&amp;height=1280\" alt=\"EFE\/Juan Ignacio Roncoroni\" height=\"1280\" width=\"1920\" \/><\/p>\n<p>\u201cEste proyecto de ley que estamos tratando que es de clara inconstitucionalidad, no se puede tratar en instancias extraordinarias porque solamente se discute el proyecto del Ejecutivo y a las representaciones sindicales de millones de trabajadores solamente nos otorgan 5 minutos para abordar un tema de m\u00e1s de 200 art\u00edculos\u201d, sostuvo el titular de la CTA Aut\u00f3noma, <b>Hugo \u201cCachorro\u201d Godoy<\/b>.<\/p>\n<p>Lo dijo al exponer en el debate de comisi\u00f3n en <b>Diputados<\/b>, antes de que <b>el proyecto se trate en el recinto este jueves.<\/b><\/p>\n<p>Se espera que con el cambio de la eliminaci\u00f3n del pol\u00e9mico art\u00edculo de las licencias, el proyecto sea aprobado en Diputados y vuelva al Senado para tratarse all\u00ed la semana pr\u00f3xima.<\/p>\n<p>En caso de convertirse en ley, el sindicalismo <b>iniciar\u00e1 el tr\u00e1mite de la judicializaci\u00f3n<\/b> de la reforma laboral, pese a que en el camino se fueron excluyendo del expediente algunas iniciativas que generaban malestar en la CGT, como la cuota sindical.<\/p>\n","protected":false},"excerpt":{"rendered":"<p>La conducci\u00f3n de la CGT destac\u00f3 este jueves el \u201c\u00e9xito\u201d<\/p>\n","protected":false},"author":0,"featured_media":0,"comment_status":"","ping_status":"","sticky":false,"template":"","format":"standard","meta":{"footnotes":""},"categories":[65],"tags":[],"class_list":["post-12153","post","type-post","status-publish","format-standard","hentry","category-pais"],"yoast_head":"<!-- This site is optimized with the Yoast SEO plugin v27.4 - https:\/\/yoast.com\/product\/yoast-seo-wordpress\/ -->\n<title>Paro de la CGT: la central obrera celebr\u00f3 el alto acatamiento y afirm\u00f3 que \u201cse detuvo m\u00e1s del 90% de la actividad\u201d - Cuarteto en la Web<\/title>\n<meta name=\"robots\" content=\"index, follow, max-snippet:-1, max-image-preview:large, max-video-preview:-1\" \/>\n<link rel=\"canonical\" href=\"http:\/\/cuartetoenlaweb.com.ar\/sitio\/paro-de-la-cgt-la-central-obrera-celebro-el-alto-acatamiento-y-afirmo-que-se-detuvo-mas-del-90-de-la-actividad\/\" \/>\n<meta property=\"og:locale\" content=\"es_ES\" \/>\n<meta property=\"og:type\" content=\"article\" \/>\n<meta property=\"og:title\" content=\"Paro de la CGT: la central obrera celebr\u00f3 el alto acatamiento y afirm\u00f3 que \u201cse detuvo m\u00e1s del 90% de la actividad\u201d - Cuarteto en la Web\" \/>\n<meta property=\"og:description\" content=\"La conducci\u00f3n de la CGT destac\u00f3 este jueves el \u201c\u00e9xito\u201d\" \/>\n<meta property=\"og:url\" content=\"http:\/\/cuartetoenlaweb.com.ar\/sitio\/paro-de-la-cgt-la-central-obrera-celebro-el-alto-acatamiento-y-afirmo-que-se-detuvo-mas-del-90-de-la-actividad\/\" \/>\n<meta property=\"og:site_name\" content=\"Cuarteto en la Web\" \/>\n<meta property=\"article:published_time\" content=\"2026-02-19T20:00:34+00:00\" \/>\n<meta property=\"og:image\" content=\"https:\/\/www.cronista.com\/resizer\/v2\/QYRTPLCZ55BIPG4J6AVNCZADZA.jpg?auth=cdcd1c716dd839c9f41968bda57c448cdfcb61f52f75019fa46a5ad986bb1cc8&amp;smart=true&amp;width=1006&amp;height=485\" \/>\n<meta name=\"twitter:card\" content=\"summary_large_image\" \/>\n<meta name=\"twitter:label1\" content=\"Tiempo de lectura\" \/>\n\t<meta name=\"twitter:data1\" content=\"4 minutos\" \/>\n<script type=\"application\/ld+json\" class=\"yoast-schema-graph\">{\"@context\":\"https:\\\/\\\/schema.org\",\"@graph\":[{\"@type\":\"Article\",\"@id\":\"http:\\\/\\\/cuartetoenlaweb.com.ar\\\/sitio\\\/paro-de-la-cgt-la-central-obrera-celebro-el-alto-acatamiento-y-afirmo-que-se-detuvo-mas-del-90-de-la-actividad\\\/#article\",\"isPartOf\":{\"@id\":\"http:\\\/\\\/cuartetoenlaweb.com.ar\\\/sitio\\\/paro-de-la-cgt-la-central-obrera-celebro-el-alto-acatamiento-y-afirmo-que-se-detuvo-mas-del-90-de-la-actividad\\\/\"},\"author\":{\"name\":\"\",\"@id\":\"\"},\"headline\":\"Paro de la CGT: la central obrera celebr\u00f3 el alto acatamiento y afirm\u00f3 que \u201cse detuvo m\u00e1s del 90% de la actividad\u201d\",\"datePublished\":\"2026-02-19T20:00:34+00:00\",\"mainEntityOfPage\":{\"@id\":\"http:\\\/\\\/cuartetoenlaweb.com.ar\\\/sitio\\\/paro-de-la-cgt-la-central-obrera-celebro-el-alto-acatamiento-y-afirmo-que-se-detuvo-mas-del-90-de-la-actividad\\\/\"},\"wordCount\":920,\"publisher\":{\"@id\":\"http:\\\/\\\/cuartetoenlaweb.com.ar\\\/sitio\\\/#organization\"},\"image\":{\"@id\":\"http:\\\/\\\/cuartetoenlaweb.com.ar\\\/sitio\\\/paro-de-la-cgt-la-central-obrera-celebro-el-alto-acatamiento-y-afirmo-que-se-detuvo-mas-del-90-de-la-actividad\\\/#primaryimage\"},\"thumbnailUrl\":\"https:\\\/\\\/www.cronista.com\\\/resizer\\\/v2\\\/QYRTPLCZ55BIPG4J6AVNCZADZA.jpg?auth=cdcd1c716dd839c9f41968bda57c448cdfcb61f52f75019fa46a5ad986bb1cc8&amp;smart=true&amp;width=1006&amp;height=485\",\"articleSection\":[\"PAIS\"],\"inLanguage\":\"es\"},{\"@type\":\"WebPage\",\"@id\":\"http:\\\/\\\/cuartetoenlaweb.com.ar\\\/sitio\\\/paro-de-la-cgt-la-central-obrera-celebro-el-alto-acatamiento-y-afirmo-que-se-detuvo-mas-del-90-de-la-actividad\\\/\",\"url\":\"http:\\\/\\\/cuartetoenlaweb.com.ar\\\/sitio\\\/paro-de-la-cgt-la-central-obrera-celebro-el-alto-acatamiento-y-afirmo-que-se-detuvo-mas-del-90-de-la-actividad\\\/\",\"name\":\"Paro de la CGT: la central obrera celebr\u00f3 el alto acatamiento y afirm\u00f3 que \u201cse detuvo m\u00e1s del 90% de la actividad\u201d - Cuarteto en la Web\",\"isPartOf\":{\"@id\":\"http:\\\/\\\/cuartetoenlaweb.com.ar\\\/sitio\\\/#website\"},\"primaryImageOfPage\":{\"@id\":\"http:\\\/\\\/cuartetoenlaweb.com.ar\\\/sitio\\\/paro-de-la-cgt-la-central-obrera-celebro-el-alto-acatamiento-y-afirmo-que-se-detuvo-mas-del-90-de-la-actividad\\\/#primaryimage\"},\"image\":{\"@id\":\"http:\\\/\\\/cuartetoenlaweb.com.ar\\\/sitio\\\/paro-de-la-cgt-la-central-obrera-celebro-el-alto-acatamiento-y-afirmo-que-se-detuvo-mas-del-90-de-la-actividad\\\/#primaryimage\"},\"thumbnailUrl\":\"https:\\\/\\\/www.cronista.com\\\/resizer\\\/v2\\\/QYRTPLCZ55BIPG4J6AVNCZADZA.jpg?auth=cdcd1c716dd839c9f41968bda57c448cdfcb61f52f75019fa46a5ad986bb1cc8&amp;smart=true&amp;width=1006&amp;height=485\",\"datePublished\":\"2026-02-19T20:00:34+00:00\",\"breadcrumb\":{\"@id\":\"http:\\\/\\\/cuartetoenlaweb.com.ar\\\/sitio\\\/paro-de-la-cgt-la-central-obrera-celebro-el-alto-acatamiento-y-afirmo-que-se-detuvo-mas-del-90-de-la-actividad\\\/#breadcrumb\"},\"inLanguage\":\"es\",\"potentialAction\":[{\"@type\":\"ReadAction\",\"target\":[\"http:\\\/\\\/cuartetoenlaweb.com.ar\\\/sitio\\\/paro-de-la-cgt-la-central-obrera-celebro-el-alto-acatamiento-y-afirmo-que-se-detuvo-mas-del-90-de-la-actividad\\\/\"]}]},{\"@type\":\"ImageObject\",\"inLanguage\":\"es\",\"@id\":\"http:\\\/\\\/cuartetoenlaweb.com.ar\\\/sitio\\\/paro-de-la-cgt-la-central-obrera-celebro-el-alto-acatamiento-y-afirmo-que-se-detuvo-mas-del-90-de-la-actividad\\\/#primaryimage\",\"url\":\"https:\\\/\\\/www.cronista.com\\\/resizer\\\/v2\\\/QYRTPLCZ55BIPG4J6AVNCZADZA.jpg?auth=cdcd1c716dd839c9f41968bda57c448cdfcb61f52f75019fa46a5ad986bb1cc8&amp;smart=true&amp;width=1006&amp;height=485\",\"contentUrl\":\"https:\\\/\\\/www.cronista.com\\\/resizer\\\/v2\\\/QYRTPLCZ55BIPG4J6AVNCZADZA.jpg?auth=cdcd1c716dd839c9f41968bda57c448cdfcb61f52f75019fa46a5ad986bb1cc8&amp;smart=true&amp;width=1006&amp;height=485\"},{\"@type\":\"BreadcrumbList\",\"@id\":\"http:\\\/\\\/cuartetoenlaweb.com.ar\\\/sitio\\\/paro-de-la-cgt-la-central-obrera-celebro-el-alto-acatamiento-y-afirmo-que-se-detuvo-mas-del-90-de-la-actividad\\\/#breadcrumb\",\"itemListElement\":[{\"@type\":\"ListItem\",\"position\":1,\"name\":\"Portada\",\"item\":\"http:\\\/\\\/cuartetoenlaweb.com.ar\\\/sitio\\\/\"},{\"@type\":\"ListItem\",\"position\":2,\"name\":\"Paro de la CGT: la central obrera celebr\u00f3 el alto acatamiento y afirm\u00f3 que \u201cse detuvo m\u00e1s del 90% de la actividad\u201d\"}]},{\"@type\":\"WebSite\",\"@id\":\"http:\\\/\\\/cuartetoenlaweb.com.ar\\\/sitio\\\/#website\",\"url\":\"http:\\\/\\\/cuartetoenlaweb.com.ar\\\/sitio\\\/\",\"name\":\"Cuarteto en la Web\",\"description\":\"\",\"publisher\":{\"@id\":\"http:\\\/\\\/cuartetoenlaweb.com.ar\\\/sitio\\\/#organization\"},\"potentialAction\":[{\"@type\":\"SearchAction\",\"target\":{\"@type\":\"EntryPoint\",\"urlTemplate\":\"http:\\\/\\\/cuartetoenlaweb.com.ar\\\/sitio\\\/?s={search_term_string}\"},\"query-input\":{\"@type\":\"PropertyValueSpecification\",\"valueRequired\":true,\"valueName\":\"search_term_string\"}}],\"inLanguage\":\"es\"},{\"@type\":\"Organization\",\"@id\":\"http:\\\/\\\/cuartetoenlaweb.com.ar\\\/sitio\\\/#organization\",\"name\":\"Cuarteto en la Web\",\"url\":\"http:\\\/\\\/cuartetoenlaweb.com.ar\\\/sitio\\\/\",\"logo\":{\"@type\":\"ImageObject\",\"inLanguage\":\"es\",\"@id\":\"http:\\\/\\\/cuartetoenlaweb.com.ar\\\/sitio\\\/#\\\/schema\\\/logo\\\/image\\\/\",\"url\":\"https:\\\/\\\/cuartetoenlaweb.com.ar\\\/sitio\\\/wp-content\\\/uploads\\\/2025\\\/07\\\/cropped-cropped-logitoweb21.png\",\"contentUrl\":\"https:\\\/\\\/cuartetoenlaweb.com.ar\\\/sitio\\\/wp-content\\\/uploads\\\/2025\\\/07\\\/cropped-cropped-logitoweb21.png\",\"width\":199,\"height\":199,\"caption\":\"Cuarteto en la Web\"},\"image\":{\"@id\":\"http:\\\/\\\/cuartetoenlaweb.com.ar\\\/sitio\\\/#\\\/schema\\\/logo\\\/image\\\/\"}}]}<\/script>\n<!-- \/ Yoast SEO plugin. -->","yoast_head_json":{"title":"Paro de la CGT: la central obrera celebr\u00f3 el alto acatamiento y afirm\u00f3 que \u201cse detuvo m\u00e1s del 90% de la actividad\u201d - Cuarteto en la Web","robots":{"index":"index","follow":"follow","max-snippet":"max-snippet:-1","max-image-preview":"max-image-preview:large","max-video-preview":"max-video-preview:-1"},"canonical":"http:\/\/cuartetoenlaweb.com.ar\/sitio\/paro-de-la-cgt-la-central-obrera-celebro-el-alto-acatamiento-y-afirmo-que-se-detuvo-mas-del-90-de-la-actividad\/","og_locale":"es_ES","og_type":"article","og_title":"Paro de la CGT: la central obrera celebr\u00f3 el alto acatamiento y afirm\u00f3 que \u201cse detuvo m\u00e1s del 90% de la actividad\u201d - Cuarteto en la Web","og_description":"La conducci\u00f3n de la CGT destac\u00f3 este jueves el \u201c\u00e9xito\u201d","og_url":"http:\/\/cuartetoenlaweb.com.ar\/sitio\/paro-de-la-cgt-la-central-obrera-celebro-el-alto-acatamiento-y-afirmo-que-se-detuvo-mas-del-90-de-la-actividad\/","og_site_name":"Cuarteto en la Web","article_published_time":"2026-02-19T20:00:34+00:00","og_image":[{"url":"https:\/\/www.cronista.com\/resizer\/v2\/QYRTPLCZ55BIPG4J6AVNCZADZA.jpg?auth=cdcd1c716dd839c9f41968bda57c448cdfcb61f52f75019fa46a5ad986bb1cc8&amp;smart=true&amp;width=1006&amp;height=485","type":"","width":"","height":""}],"twitter_card":"summary_large_image","twitter_misc":{"Tiempo de lectura":"4 minutos"},"schema":{"@context":"https:\/\/schema.org","@graph":[{"@type":"Article","@id":"http:\/\/cuartetoenlaweb.com.ar\/sitio\/paro-de-la-cgt-la-central-obrera-celebro-el-alto-acatamiento-y-afirmo-que-se-detuvo-mas-del-90-de-la-actividad\/#article","isPartOf":{"@id":"http:\/\/cuartetoenlaweb.com.ar\/sitio\/paro-de-la-cgt-la-central-obrera-celebro-el-alto-acatamiento-y-afirmo-que-se-detuvo-mas-del-90-de-la-actividad\/"},"author":{"name":"","@id":""},"headline":"Paro de la CGT: la central obrera celebr\u00f3 el alto acatamiento y afirm\u00f3 que \u201cse detuvo m\u00e1s del 90% de la actividad\u201d","datePublished":"2026-02-19T20:00:34+00:00","mainEntityOfPage":{"@id":"http:\/\/cuartetoenlaweb.com.ar\/sitio\/paro-de-la-cgt-la-central-obrera-celebro-el-alto-acatamiento-y-afirmo-que-se-detuvo-mas-del-90-de-la-actividad\/"},"wordCount":920,"publisher":{"@id":"http:\/\/cuartetoenlaweb.com.ar\/sitio\/#organization"},"image":{"@id":"http:\/\/cuartetoenlaweb.com.ar\/sitio\/paro-de-la-cgt-la-central-obrera-celebro-el-alto-acatamiento-y-afirmo-que-se-detuvo-mas-del-90-de-la-actividad\/#primaryimage"},"thumbnailUrl":"https:\/\/www.cronista.com\/resizer\/v2\/QYRTPLCZ55BIPG4J6AVNCZADZA.jpg?auth=cdcd1c716dd839c9f41968bda57c448cdfcb61f52f75019fa46a5ad986bb1cc8&amp;smart=true&amp;width=1006&amp;height=485","articleSection":["PAIS"],"inLanguage":"es"},{"@type":"WebPage","@id":"http:\/\/cuartetoenlaweb.com.ar\/sitio\/paro-de-la-cgt-la-central-obrera-celebro-el-alto-acatamiento-y-afirmo-que-se-detuvo-mas-del-90-de-la-actividad\/","url":"http:\/\/cuartetoenlaweb.com.ar\/sitio\/paro-de-la-cgt-la-central-obrera-celebro-el-alto-acatamiento-y-afirmo-que-se-detuvo-mas-del-90-de-la-actividad\/","name":"Paro de la CGT: la central obrera celebr\u00f3 el alto acatamiento y afirm\u00f3 que \u201cse detuvo m\u00e1s del 90% de la actividad\u201d - Cuarteto en la Web","isPartOf":{"@id":"http:\/\/cuartetoenlaweb.com.ar\/sitio\/#website"},"primaryImageOfPage":{"@id":"http:\/\/cuartetoenlaweb.com.ar\/sitio\/paro-de-la-cgt-la-central-obrera-celebro-el-alto-acatamiento-y-afirmo-que-se-detuvo-mas-del-90-de-la-actividad\/#primaryimage"},"image":{"@id":"http:\/\/cuartetoenlaweb.com.ar\/sitio\/paro-de-la-cgt-la-central-obrera-celebro-el-alto-acatamiento-y-afirmo-que-se-detuvo-mas-del-90-de-la-actividad\/#primaryimage"},"thumbnailUrl":"https:\/\/www.cronista.com\/resizer\/v2\/QYRTPLCZ55BIPG4J6AVNCZADZA.jpg?auth=cdcd1c716dd839c9f41968bda57c448cdfcb61f52f75019fa46a5ad986bb1cc8&amp;smart=true&amp;width=1006&amp;height=485","datePublished":"2026-02-19T20:00:34+00:00","breadcrumb":{"@id":"http:\/\/cuartetoenlaweb.com.ar\/sitio\/paro-de-la-cgt-la-central-obrera-celebro-el-alto-acatamiento-y-afirmo-que-se-detuvo-mas-del-90-de-la-actividad\/#breadcrumb"},"inLanguage":"es","potentialAction":[{"@type":"ReadAction","target":["http:\/\/cuartetoenlaweb.com.ar\/sitio\/paro-de-la-cgt-la-central-obrera-celebro-el-alto-acatamiento-y-afirmo-que-se-detuvo-mas-del-90-de-la-actividad\/"]}]},{"@type":"ImageObject","inLanguage":"es","@id":"http:\/\/cuartetoenlaweb.com.ar\/sitio\/paro-de-la-cgt-la-central-obrera-celebro-el-alto-acatamiento-y-afirmo-que-se-detuvo-mas-del-90-de-la-actividad\/#primaryimage","url":"https:\/\/www.cronista.com\/resizer\/v2\/QYRTPLCZ55BIPG4J6AVNCZADZA.jpg?auth=cdcd1c716dd839c9f41968bda57c448cdfcb61f52f75019fa46a5ad986bb1cc8&amp;smart=true&amp;width=1006&amp;height=485","contentUrl":"https:\/\/www.cronista.com\/resizer\/v2\/QYRTPLCZ55BIPG4J6AVNCZADZA.jpg?auth=cdcd1c716dd839c9f41968bda57c448cdfcb61f52f75019fa46a5ad986bb1cc8&amp;smart=true&amp;width=1006&amp;height=485"},{"@type":"BreadcrumbList","@id":"http:\/\/cuartetoenlaweb.com.ar\/sitio\/paro-de-la-cgt-la-central-obrera-celebro-el-alto-acatamiento-y-afirmo-que-se-detuvo-mas-del-90-de-la-actividad\/#breadcrumb","itemListElement":[{"@type":"ListItem","position":1,"name":"Portada","item":"http:\/\/cuartetoenlaweb.com.ar\/sitio\/"},{"@type":"ListItem","position":2,"name":"Paro de la CGT: la central obrera celebr\u00f3 el alto acatamiento y afirm\u00f3 que \u201cse detuvo m\u00e1s del 90% de la actividad\u201d"}]},{"@type":"WebSite","@id":"http:\/\/cuartetoenlaweb.com.ar\/sitio\/#website","url":"http:\/\/cuartetoenlaweb.com.ar\/sitio\/","name":"Cuarteto en la Web","description":"","publisher":{"@id":"http:\/\/cuartetoenlaweb.com.ar\/sitio\/#organization"},"potentialAction":[{"@type":"SearchAction","target":{"@type":"EntryPoint","urlTemplate":"http:\/\/cuartetoenlaweb.com.ar\/sitio\/?s={search_term_string}"},"query-input":{"@type":"PropertyValueSpecification","valueRequired":true,"valueName":"search_term_string"}}],"inLanguage":"es"},{"@type":"Organization","@id":"http:\/\/cuartetoenlaweb.com.ar\/sitio\/#organization","name":"Cuarteto en la Web","url":"http:\/\/cuartetoenlaweb.com.ar\/sitio\/","logo":{"@type":"ImageObject","inLanguage":"es","@id":"http:\/\/cuartetoenlaweb.com.ar\/sitio\/#\/schema\/logo\/image\/","url":"https:\/\/cuartetoenlaweb.com.ar\/sitio\/wp-content\/uploads\/2025\/07\/cropped-cropped-logitoweb21.png","contentUrl":"https:\/\/cuartetoenlaweb.com.ar\/sitio\/wp-content\/uploads\/2025\/07\/cropped-cropped-logitoweb21.png","width":199,"height":199,"caption":"Cuarteto en la Web"},"image":{"@id":"http:\/\/cuartetoenlaweb.com.ar\/sitio\/#\/schema\/logo\/image\/"}}]}},"_links":{"self":[{"href":"https:\/\/cuartetoenlaweb.com.ar\/sitio\/wp-json\/wp\/v2\/posts\/12153","targetHints":{"allow":["GET"]}}],"collection":[{"href":"https:\/\/cuartetoenlaweb.com.ar\/sitio\/wp-json\/wp\/v2\/posts"}],"about":[{"href":"https:\/\/cuartetoenlaweb.com.ar\/sitio\/wp-json\/wp\/v2\/types\/post"}],"replies":[{"embeddable":true,"href":"https:\/\/cuartetoenlaweb.com.ar\/sitio\/wp-json\/wp\/v2\/comments?post=12153"}],"version-history":[{"count":0,"href":"https:\/\/cuartetoenlaweb.com.ar\/sitio\/wp-json\/wp\/v2\/posts\/12153\/revisions"}],"wp:attachment":[{"href":"https:\/\/cuartetoenlaweb.com.ar\/sitio\/wp-json\/wp\/v2\/media?parent=12153"}],"wp:term":[{"taxonomy":"category","embeddable":true,"href":"https:\/\/cuartetoenlaweb.com.ar\/sitio\/wp-json\/wp\/v2\/categories?post=12153"},{"taxonomy":"post_tag","embeddable":true,"href":"https:\/\/cuartetoenlaweb.com.ar\/sitio\/wp-json\/wp\/v2\/tags?post=12153"}],"curies":[{"name":"wp","href":"https:\/\/api.w.org\/{rel}","templated":true}]}}