
{"id":12152,"date":"2026-02-19T17:00:34","date_gmt":"2026-02-19T20:00:34","guid":{"rendered":"https:\/\/cuartetoenlaweb.com.ar\/sitio\/balanza-comercial-como-es-el-salto-del-arranque-del-ano-y-la-nueva-tendencia\/"},"modified":"2026-02-19T17:00:34","modified_gmt":"2026-02-19T20:00:34","slug":"balanza-comercial-como-es-el-salto-del-arranque-del-ano-y-la-nueva-tendencia","status":"publish","type":"post","link":"https:\/\/cuartetoenlaweb.com.ar\/sitio\/balanza-comercial-como-es-el-salto-del-arranque-del-ano-y-la-nueva-tendencia\/","title":{"rendered":"Balanza comercial: c\u00f3mo es el \u201csalto\u201d del arranque del a\u00f1o y la nueva tendencia"},"content":{"rendered":"<p>En medio del debate por el salto de las importaciones y el impacto negativo en la <a href=\"https:\/\/www.cronista.com\/economia-politica\/importaciones-cuales-son-los-sectores-que-mas-crecieron\/\" target=\"_blank\" rel=\"\" title=\"https:\/\/www.cronista.com\/economia-politica\/importaciones-cuales-son-los-sectores-que-mas-crecieron\/\"><b>industria<\/b><\/a>, el \u00edndice de intercambio comercial de bienes (ICA) que mide el INDEC mostr\u00f3 que en enero, la menor presi\u00f3n de las <a href=\"https:\/\/www.cronista.com\/economia-politica\/importaciones-cuales-son-los-sectores-que-mas-crecieron\/\" target=\"_blank\" rel=\"\" title=\"https:\/\/www.cronista.com\/economia-politica\/importaciones-cuales-son-los-sectores-que-mas-crecieron\/\"><b>importaciones <\/b><\/a>gener\u00f3 alivi\u00f3 con un saldo positivo de m\u00e1s de u$s 1900 millones.<\/p>\n<p>La balanza comercial registr\u00f3 un saldo a favor de <b>u$s 1987 <\/b>millones, lo que representa un salto estructural de <b>u$s 1825<\/b> millones respecto al mismo per\u00edodo de 2025, cuando la apertura comenz\u00f3 a presionar con mayor fuerza.<\/p>\n<p>Este resultado se explica principalmente por una combinaci\u00f3n de mayor dinamismo exportador y una marcada retracci\u00f3n en las compras al exterior, tras un 2025 que cerr\u00f3 en r\u00e9cord.<\/p>\n<p>Las <b>exportaciones <\/b>totales durante enero ascendieron a u$s 7057 millones, consolidando un crecimiento interanual del 19,3%. <\/p>\n<p>Lo m\u00e1s relevante de este desempe\u00f1o es que la suba fue traccionada casi en su totalidad por el componente real, con un incremento del <b>18,5% en las cantidades despachadas<\/b>, mientras que los precios internacionales apenas aportaron una mejora del 0,7%. <\/p>\n<p>En la medici\u00f3n desestacionalizada, las ventas externas mostraron un robusto avance del 11,4% frente a diciembre, confirmando una tendencia de recuperaci\u00f3n que se sostiene en la medici\u00f3n de ciclo.<\/p>\n<p>Por el lado de las <b>importaciones<\/b>, el escenario mostr\u00f3 una din\u00e1mica inversa que contribuy\u00f3 directamente al saldo positivo. Con un total de u$s 5070 millones, las compras al exterior sufrieron una ca\u00edda interanual del 11,9%. <\/p>\n<p>Esta contracci\u00f3n estuvo liderada por una <u>baja del 12,1% en el volumen de productos importados<\/u>, la cual fue parcialmente compensada por un leve incremento del 0,2% en sus precios. <\/p>\n<p>Al observar la serie desestacionalizada, se percibe que la demanda de divisas para importaci\u00f3n cay\u00f3 un 6,1% respecto al mes anterior, reflejando una menor presi\u00f3n sobre el mercado de cambios.<\/p>\n<p>Finalmente, el an\u00e1lisis del INDEC destaca una leve mejora en los t\u00e9rminos del intercambio, que crecieron un 0,4%. Este indicador confirma que los precios relativos del comercio exterior jugaron a favor del pa\u00eds, <b>aumentando el poder de compra externo<\/b>. <\/p>\n<p>Sin embargo, el dato central de la foto de enero sigue siendo la marcada asimetr\u00eda entre el incremento de los despachos locales y la ca\u00edda de las importaciones. <\/p>\n<p>Este escenario le otorga un respiro al gobierno tanto en t\u00e9rmino financiero, ya que es clave para la acumulaci\u00f3n de reservas pero tambi\u00e9n para bajar la tensi\u00f3n con los sectores industriales en crisis por el shock importador del 2025. <\/p>\n<p><i>Noticia en desarrollo..<\/i><\/p>\n","protected":false},"excerpt":{"rendered":"<p>En medio del debate por el salto de las importaciones<\/p>\n","protected":false},"author":0,"featured_media":0,"comment_status":"","ping_status":"","sticky":false,"template":"","format":"standard","meta":{"footnotes":""},"categories":[65],"tags":[],"class_list":["post-12152","post","type-post","status-publish","format-standard","hentry","category-pais"],"yoast_head":"<!-- This site is optimized with the Yoast SEO plugin v27.5 - https:\/\/yoast.com\/product\/yoast-seo-wordpress\/ -->\n<title>Balanza comercial: c\u00f3mo es el \u201csalto\u201d del arranque del a\u00f1o y la nueva tendencia - Cuarteto en la Web<\/title>\n<meta name=\"robots\" content=\"index, follow, max-snippet:-1, max-image-preview:large, max-video-preview:-1\" \/>\n<link rel=\"canonical\" href=\"https:\/\/cuartetoenlaweb.com.ar\/sitio\/balanza-comercial-como-es-el-salto-del-arranque-del-ano-y-la-nueva-tendencia\/\" \/>\n<meta property=\"og:locale\" content=\"es_ES\" \/>\n<meta property=\"og:type\" content=\"article\" \/>\n<meta property=\"og:title\" content=\"Balanza comercial: c\u00f3mo es el \u201csalto\u201d del arranque del a\u00f1o y la nueva tendencia - Cuarteto en la Web\" \/>\n<meta property=\"og:description\" content=\"En medio del debate por el salto de las importaciones\" \/>\n<meta property=\"og:url\" content=\"https:\/\/cuartetoenlaweb.com.ar\/sitio\/balanza-comercial-como-es-el-salto-del-arranque-del-ano-y-la-nueva-tendencia\/\" \/>\n<meta property=\"og:site_name\" content=\"Cuarteto en la Web\" \/>\n<meta property=\"article:published_time\" content=\"2026-02-19T20:00:34+00:00\" \/>\n<meta name=\"twitter:card\" content=\"summary_large_image\" \/>\n<meta name=\"twitter:label1\" content=\"Tiempo de lectura\" \/>\n\t<meta name=\"twitter:data1\" content=\"2 minutos\" \/>\n<script type=\"application\/ld+json\" class=\"yoast-schema-graph\">{\"@context\":\"https:\\\/\\\/schema.org\",\"@graph\":[{\"@type\":\"Article\",\"@id\":\"https:\\\/\\\/cuartetoenlaweb.com.ar\\\/sitio\\\/balanza-comercial-como-es-el-salto-del-arranque-del-ano-y-la-nueva-tendencia\\\/#article\",\"isPartOf\":{\"@id\":\"https:\\\/\\\/cuartetoenlaweb.com.ar\\\/sitio\\\/balanza-comercial-como-es-el-salto-del-arranque-del-ano-y-la-nueva-tendencia\\\/\"},\"author\":{\"name\":\"\",\"@id\":\"\"},\"headline\":\"Balanza comercial: c\u00f3mo es el \u201csalto\u201d del arranque del a\u00f1o y la nueva tendencia\",\"datePublished\":\"2026-02-19T20:00:34+00:00\",\"mainEntityOfPage\":{\"@id\":\"https:\\\/\\\/cuartetoenlaweb.com.ar\\\/sitio\\\/balanza-comercial-como-es-el-salto-del-arranque-del-ano-y-la-nueva-tendencia\\\/\"},\"wordCount\":433,\"publisher\":{\"@id\":\"http:\\\/\\\/cuartetoenlaweb.com.ar\\\/sitio\\\/#organization\"},\"articleSection\":[\"PAIS\"],\"inLanguage\":\"es\"},{\"@type\":\"WebPage\",\"@id\":\"https:\\\/\\\/cuartetoenlaweb.com.ar\\\/sitio\\\/balanza-comercial-como-es-el-salto-del-arranque-del-ano-y-la-nueva-tendencia\\\/\",\"url\":\"https:\\\/\\\/cuartetoenlaweb.com.ar\\\/sitio\\\/balanza-comercial-como-es-el-salto-del-arranque-del-ano-y-la-nueva-tendencia\\\/\",\"name\":\"Balanza comercial: c\u00f3mo es el \u201csalto\u201d del arranque del a\u00f1o y la nueva tendencia - Cuarteto en la Web\",\"isPartOf\":{\"@id\":\"http:\\\/\\\/cuartetoenlaweb.com.ar\\\/sitio\\\/#website\"},\"datePublished\":\"2026-02-19T20:00:34+00:00\",\"breadcrumb\":{\"@id\":\"https:\\\/\\\/cuartetoenlaweb.com.ar\\\/sitio\\\/balanza-comercial-como-es-el-salto-del-arranque-del-ano-y-la-nueva-tendencia\\\/#breadcrumb\"},\"inLanguage\":\"es\",\"potentialAction\":[{\"@type\":\"ReadAction\",\"target\":[\"https:\\\/\\\/cuartetoenlaweb.com.ar\\\/sitio\\\/balanza-comercial-como-es-el-salto-del-arranque-del-ano-y-la-nueva-tendencia\\\/\"]}]},{\"@type\":\"BreadcrumbList\",\"@id\":\"https:\\\/\\\/cuartetoenlaweb.com.ar\\\/sitio\\\/balanza-comercial-como-es-el-salto-del-arranque-del-ano-y-la-nueva-tendencia\\\/#breadcrumb\",\"itemListElement\":[{\"@type\":\"ListItem\",\"position\":1,\"name\":\"Portada\",\"item\":\"http:\\\/\\\/cuartetoenlaweb.com.ar\\\/sitio\\\/\"},{\"@type\":\"ListItem\",\"position\":2,\"name\":\"Balanza comercial: c\u00f3mo es el \u201csalto\u201d del arranque del a\u00f1o y la nueva tendencia\"}]},{\"@type\":\"WebSite\",\"@id\":\"http:\\\/\\\/cuartetoenlaweb.com.ar\\\/sitio\\\/#website\",\"url\":\"http:\\\/\\\/cuartetoenlaweb.com.ar\\\/sitio\\\/\",\"name\":\"Cuarteto en la Web\",\"description\":\"\",\"publisher\":{\"@id\":\"http:\\\/\\\/cuartetoenlaweb.com.ar\\\/sitio\\\/#organization\"},\"potentialAction\":[{\"@type\":\"SearchAction\",\"target\":{\"@type\":\"EntryPoint\",\"urlTemplate\":\"http:\\\/\\\/cuartetoenlaweb.com.ar\\\/sitio\\\/?s={search_term_string}\"},\"query-input\":{\"@type\":\"PropertyValueSpecification\",\"valueRequired\":true,\"valueName\":\"search_term_string\"}}],\"inLanguage\":\"es\"},{\"@type\":\"Organization\",\"@id\":\"http:\\\/\\\/cuartetoenlaweb.com.ar\\\/sitio\\\/#organization\",\"name\":\"Cuarteto en la Web\",\"url\":\"http:\\\/\\\/cuartetoenlaweb.com.ar\\\/sitio\\\/\",\"logo\":{\"@type\":\"ImageObject\",\"inLanguage\":\"es\",\"@id\":\"http:\\\/\\\/cuartetoenlaweb.com.ar\\\/sitio\\\/#\\\/schema\\\/logo\\\/image\\\/\",\"url\":\"https:\\\/\\\/cuartetoenlaweb.com.ar\\\/sitio\\\/wp-content\\\/uploads\\\/2025\\\/07\\\/cropped-cropped-logitoweb21.png\",\"contentUrl\":\"https:\\\/\\\/cuartetoenlaweb.com.ar\\\/sitio\\\/wp-content\\\/uploads\\\/2025\\\/07\\\/cropped-cropped-logitoweb21.png\",\"width\":199,\"height\":199,\"caption\":\"Cuarteto en la Web\"},\"image\":{\"@id\":\"http:\\\/\\\/cuartetoenlaweb.com.ar\\\/sitio\\\/#\\\/schema\\\/logo\\\/image\\\/\"}}]}<\/script>\n<!-- \/ Yoast SEO plugin. -->","yoast_head_json":{"title":"Balanza comercial: c\u00f3mo es el \u201csalto\u201d del arranque del a\u00f1o y la nueva tendencia - Cuarteto en la Web","robots":{"index":"index","follow":"follow","max-snippet":"max-snippet:-1","max-image-preview":"max-image-preview:large","max-video-preview":"max-video-preview:-1"},"canonical":"https:\/\/cuartetoenlaweb.com.ar\/sitio\/balanza-comercial-como-es-el-salto-del-arranque-del-ano-y-la-nueva-tendencia\/","og_locale":"es_ES","og_type":"article","og_title":"Balanza comercial: c\u00f3mo es el \u201csalto\u201d del arranque del a\u00f1o y la nueva tendencia - Cuarteto en la Web","og_description":"En medio del debate por el salto de las importaciones","og_url":"https:\/\/cuartetoenlaweb.com.ar\/sitio\/balanza-comercial-como-es-el-salto-del-arranque-del-ano-y-la-nueva-tendencia\/","og_site_name":"Cuarteto en la Web","article_published_time":"2026-02-19T20:00:34+00:00","twitter_card":"summary_large_image","twitter_misc":{"Tiempo de lectura":"2 minutos"},"schema":{"@context":"https:\/\/schema.org","@graph":[{"@type":"Article","@id":"https:\/\/cuartetoenlaweb.com.ar\/sitio\/balanza-comercial-como-es-el-salto-del-arranque-del-ano-y-la-nueva-tendencia\/#article","isPartOf":{"@id":"https:\/\/cuartetoenlaweb.com.ar\/sitio\/balanza-comercial-como-es-el-salto-del-arranque-del-ano-y-la-nueva-tendencia\/"},"author":{"name":"","@id":""},"headline":"Balanza comercial: c\u00f3mo es el \u201csalto\u201d del arranque del a\u00f1o y la nueva tendencia","datePublished":"2026-02-19T20:00:34+00:00","mainEntityOfPage":{"@id":"https:\/\/cuartetoenlaweb.com.ar\/sitio\/balanza-comercial-como-es-el-salto-del-arranque-del-ano-y-la-nueva-tendencia\/"},"wordCount":433,"publisher":{"@id":"http:\/\/cuartetoenlaweb.com.ar\/sitio\/#organization"},"articleSection":["PAIS"],"inLanguage":"es"},{"@type":"WebPage","@id":"https:\/\/cuartetoenlaweb.com.ar\/sitio\/balanza-comercial-como-es-el-salto-del-arranque-del-ano-y-la-nueva-tendencia\/","url":"https:\/\/cuartetoenlaweb.com.ar\/sitio\/balanza-comercial-como-es-el-salto-del-arranque-del-ano-y-la-nueva-tendencia\/","name":"Balanza comercial: c\u00f3mo es el \u201csalto\u201d del arranque del a\u00f1o y la nueva tendencia - Cuarteto en la Web","isPartOf":{"@id":"http:\/\/cuartetoenlaweb.com.ar\/sitio\/#website"},"datePublished":"2026-02-19T20:00:34+00:00","breadcrumb":{"@id":"https:\/\/cuartetoenlaweb.com.ar\/sitio\/balanza-comercial-como-es-el-salto-del-arranque-del-ano-y-la-nueva-tendencia\/#breadcrumb"},"inLanguage":"es","potentialAction":[{"@type":"ReadAction","target":["https:\/\/cuartetoenlaweb.com.ar\/sitio\/balanza-comercial-como-es-el-salto-del-arranque-del-ano-y-la-nueva-tendencia\/"]}]},{"@type":"BreadcrumbList","@id":"https:\/\/cuartetoenlaweb.com.ar\/sitio\/balanza-comercial-como-es-el-salto-del-arranque-del-ano-y-la-nueva-tendencia\/#breadcrumb","itemListElement":[{"@type":"ListItem","position":1,"name":"Portada","item":"http:\/\/cuartetoenlaweb.com.ar\/sitio\/"},{"@type":"ListItem","position":2,"name":"Balanza comercial: c\u00f3mo es el \u201csalto\u201d del arranque del a\u00f1o y la nueva tendencia"}]},{"@type":"WebSite","@id":"http:\/\/cuartetoenlaweb.com.ar\/sitio\/#website","url":"http:\/\/cuartetoenlaweb.com.ar\/sitio\/","name":"Cuarteto en la Web","description":"","publisher":{"@id":"http:\/\/cuartetoenlaweb.com.ar\/sitio\/#organization"},"potentialAction":[{"@type":"SearchAction","target":{"@type":"EntryPoint","urlTemplate":"http:\/\/cuartetoenlaweb.com.ar\/sitio\/?s={search_term_string}"},"query-input":{"@type":"PropertyValueSpecification","valueRequired":true,"valueName":"search_term_string"}}],"inLanguage":"es"},{"@type":"Organization","@id":"http:\/\/cuartetoenlaweb.com.ar\/sitio\/#organization","name":"Cuarteto en la Web","url":"http:\/\/cuartetoenlaweb.com.ar\/sitio\/","logo":{"@type":"ImageObject","inLanguage":"es","@id":"http:\/\/cuartetoenlaweb.com.ar\/sitio\/#\/schema\/logo\/image\/","url":"https:\/\/cuartetoenlaweb.com.ar\/sitio\/wp-content\/uploads\/2025\/07\/cropped-cropped-logitoweb21.png","contentUrl":"https:\/\/cuartetoenlaweb.com.ar\/sitio\/wp-content\/uploads\/2025\/07\/cropped-cropped-logitoweb21.png","width":199,"height":199,"caption":"Cuarteto en la Web"},"image":{"@id":"http:\/\/cuartetoenlaweb.com.ar\/sitio\/#\/schema\/logo\/image\/"}}]}},"_links":{"self":[{"href":"https:\/\/cuartetoenlaweb.com.ar\/sitio\/wp-json\/wp\/v2\/posts\/12152","targetHints":{"allow":["GET"]}}],"collection":[{"href":"https:\/\/cuartetoenlaweb.com.ar\/sitio\/wp-json\/wp\/v2\/posts"}],"about":[{"href":"https:\/\/cuartetoenlaweb.com.ar\/sitio\/wp-json\/wp\/v2\/types\/post"}],"replies":[{"embeddable":true,"href":"https:\/\/cuartetoenlaweb.com.ar\/sitio\/wp-json\/wp\/v2\/comments?post=12152"}],"version-history":[{"count":0,"href":"https:\/\/cuartetoenlaweb.com.ar\/sitio\/wp-json\/wp\/v2\/posts\/12152\/revisions"}],"wp:attachment":[{"href":"https:\/\/cuartetoenlaweb.com.ar\/sitio\/wp-json\/wp\/v2\/media?parent=12152"}],"wp:term":[{"taxonomy":"category","embeddable":true,"href":"https:\/\/cuartetoenlaweb.com.ar\/sitio\/wp-json\/wp\/v2\/categories?post=12152"},{"taxonomy":"post_tag","embeddable":true,"href":"https:\/\/cuartetoenlaweb.com.ar\/sitio\/wp-json\/wp\/v2\/tags?post=12152"}],"curies":[{"name":"wp","href":"https:\/\/api.w.org\/{rel}","templated":true}]}}