
{"id":11836,"date":"2026-02-16T13:00:47","date_gmt":"2026-02-16T16:00:47","guid":{"rendered":"http:\/\/cuartetoenlaweb.com.ar\/sitio\/desgarrador-el-momento-en-el-que-le-dispararon-al-joven-asesinado-en-el-carnaval-de-mercedes\/"},"modified":"2026-02-16T13:00:47","modified_gmt":"2026-02-16T16:00:47","slug":"desgarrador-el-momento-en-el-que-le-dispararon-al-joven-asesinado-en-el-carnaval-de-mercedes","status":"publish","type":"post","link":"https:\/\/cuartetoenlaweb.com.ar\/sitio\/desgarrador-el-momento-en-el-que-le-dispararon-al-joven-asesinado-en-el-carnaval-de-mercedes\/","title":{"rendered":"Desgarrador: el momento en el que le dispararon al joven asesinado en el carnaval de Mercedes"},"content":{"rendered":"<p>Se llamaba Brian Cabrera y ten\u00eda 18 a\u00f1os. Lo mataron durante el Carnaval de Mercedes, a sangre fr\u00eda y tras una discusi\u00f3n, tal se ve el video que acompa\u00f1a esta nota. <\/p>\n<p>Ocurri\u00f3 durante la madrugada de este domingo sobre la avenida 29, entre 24 y 22, mientras una banda tocaba en el escenario dispuesto para los festejos de la fiesta popular. <\/p>\n<p>Los investigadores reconstruyeron el crimen de acuerdo a la filmaci\u00f3n y al relato de los testigos. As\u00ed, todo habr\u00eda comenzado por una discusi\u00f3n que escal\u00f3 r\u00e1pidamente. <\/p>\n<p>Uno de los involucrados en el altercado, sac\u00f3 un arma y comenz\u00f3 a dispararle a la v\u00edctima, quien se desplom\u00f3. Tras la interrupci\u00f3n de la fiesta y el p\u00e1nico del p\u00fablico, una ambulancia traslad\u00f3 a Brian al hospital Blas Dubarry donde lleg\u00f3 en estado cr\u00edtico. <\/p>\n<p>All\u00ed, los m\u00e9dicos intentaron estabilizarlo, pero a las dos hora el joven sufri\u00f3 dos paros cardiorrespiratorios y falleci\u00f3. <\/p>\n<p>DOS DETENIDOS <\/p>\n<p>La polic\u00eda detuvo a dos sospechosos (Foto: Polic\u00eda Bonaerese) <\/p>\n<p>La Secretar\u00eda de Seguridad identific\u00f3 a los dos sospechos tras un r\u00e1pido operativo policial. Se trata de Mar\u00eda Luj\u00e1n Auza, de 33 a\u00f1os, y Mart\u00edn Ezequiel Auza, de 19, a quien se le secuestr\u00f3 el arma que habr\u00eda sido utilizada en el ataque. Este lunes, hubo un tercer detenido por el crimen. Se trata del hombre que provey\u00f3 el arma. <\/p>\n<p>\u201cQUIERO JUSTICIA\u201d<\/p>\n<p>Luc\u00eda, hermana de Brian, dijo \u201cquiero justicia, que se pudran en la c\u00e1rcel\u201d. <\/p>\n<p>El otro hermano del joven, de nombre Carlos, cont\u00f3 en TN c\u00f3mo sucedieron los hechos. \u201cEmpez\u00f3 la pelea del otro lado, me empezaron a bardear y me pegaron entre todos. Los encar\u00e9 y tiraron dos tiros al aire. Me trajeron para esta zona a las pi\u00f1as y ah\u00ed salt\u00f3 mi hermano\u201d. <\/p>\n<p>Y agreg\u00f3: \u201cSe pelearon y la mujer le peg\u00f3 un tiro en la cabeza. El abuelo fue quien le dio a ella el fierro. Vi todo, cay\u00f3 adelante m\u00edo\u201d. <\/p>\n<p>\u201cMe lo mataron ayer en este corso y yo quiero justicia, que paguen lo que tienen que pagar. Que se pudran en la c\u00e1rcel. Ten\u00eda una vida por delante y se la arrebataron. Era mi \u00fanico hermano var\u00f3n\u201d, concluy\u00f3.<\/p>\n<p>DOLOR Y RECLAMO DE JUSTICIA <\/p>\n<p>En el velatorio del joven asesinado.<\/p>\n","protected":false},"excerpt":{"rendered":"<p>Se llamaba Brian Cabrera y ten\u00eda 18 a\u00f1os. Lo mataron<\/p>\n","protected":false},"author":0,"featured_media":11837,"comment_status":"","ping_status":"","sticky":false,"template":"","format":"standard","meta":{"footnotes":""},"categories":[65],"tags":[],"class_list":["post-11836","post","type-post","status-publish","format-standard","has-post-thumbnail","hentry","category-pais"],"yoast_head":"<!-- This site is optimized with the Yoast SEO plugin v27.4 - https:\/\/yoast.com\/product\/yoast-seo-wordpress\/ -->\n<title>Desgarrador: el momento en el que le dispararon al joven asesinado en el carnaval de Mercedes - Cuarteto en la Web<\/title>\n<meta name=\"robots\" content=\"index, follow, max-snippet:-1, max-image-preview:large, max-video-preview:-1\" \/>\n<link rel=\"canonical\" href=\"https:\/\/cuartetoenlaweb.com.ar\/sitio\/desgarrador-el-momento-en-el-que-le-dispararon-al-joven-asesinado-en-el-carnaval-de-mercedes\/\" \/>\n<meta property=\"og:locale\" content=\"es_ES\" \/>\n<meta property=\"og:type\" content=\"article\" \/>\n<meta property=\"og:title\" content=\"Desgarrador: el momento en el que le dispararon al joven asesinado en el carnaval de Mercedes - Cuarteto en la Web\" \/>\n<meta property=\"og:description\" content=\"Se llamaba Brian Cabrera y ten\u00eda 18 a\u00f1os. Lo mataron\" \/>\n<meta property=\"og:url\" content=\"https:\/\/cuartetoenlaweb.com.ar\/sitio\/desgarrador-el-momento-en-el-que-le-dispararon-al-joven-asesinado-en-el-carnaval-de-mercedes\/\" \/>\n<meta property=\"og:site_name\" content=\"Cuarteto en la Web\" \/>\n<meta property=\"article:published_time\" content=\"2026-02-16T16:00:47+00:00\" \/>\n<meta property=\"og:image\" content=\"https:\/\/cuartetoenlaweb.com.ar\/sitio\/wp-content\/uploads\/2026\/02\/720-162.jpeg\" \/>\n\t<meta property=\"og:image:width\" content=\"1242\" \/>\n\t<meta property=\"og:image:height\" content=\"720\" \/>\n\t<meta property=\"og:image:type\" content=\"image\/jpeg\" \/>\n<meta name=\"twitter:card\" content=\"summary_large_image\" \/>\n<meta name=\"twitter:label1\" content=\"Tiempo de lectura\" \/>\n\t<meta name=\"twitter:data1\" content=\"2 minutos\" \/>\n<script type=\"application\/ld+json\" class=\"yoast-schema-graph\">{\"@context\":\"https:\\\/\\\/schema.org\",\"@graph\":[{\"@type\":\"Article\",\"@id\":\"https:\\\/\\\/cuartetoenlaweb.com.ar\\\/sitio\\\/desgarrador-el-momento-en-el-que-le-dispararon-al-joven-asesinado-en-el-carnaval-de-mercedes\\\/#article\",\"isPartOf\":{\"@id\":\"https:\\\/\\\/cuartetoenlaweb.com.ar\\\/sitio\\\/desgarrador-el-momento-en-el-que-le-dispararon-al-joven-asesinado-en-el-carnaval-de-mercedes\\\/\"},\"author\":{\"name\":\"\",\"@id\":\"\"},\"headline\":\"Desgarrador: el momento en el que le dispararon al joven asesinado en el carnaval de Mercedes\",\"datePublished\":\"2026-02-16T16:00:47+00:00\",\"mainEntityOfPage\":{\"@id\":\"https:\\\/\\\/cuartetoenlaweb.com.ar\\\/sitio\\\/desgarrador-el-momento-en-el-que-le-dispararon-al-joven-asesinado-en-el-carnaval-de-mercedes\\\/\"},\"wordCount\":408,\"publisher\":{\"@id\":\"http:\\\/\\\/cuartetoenlaweb.com.ar\\\/sitio\\\/#organization\"},\"image\":{\"@id\":\"https:\\\/\\\/cuartetoenlaweb.com.ar\\\/sitio\\\/desgarrador-el-momento-en-el-que-le-dispararon-al-joven-asesinado-en-el-carnaval-de-mercedes\\\/#primaryimage\"},\"thumbnailUrl\":\"https:\\\/\\\/cuartetoenlaweb.com.ar\\\/sitio\\\/wp-content\\\/uploads\\\/2026\\\/02\\\/720-162.jpeg\",\"articleSection\":[\"PAIS\"],\"inLanguage\":\"es\"},{\"@type\":\"WebPage\",\"@id\":\"https:\\\/\\\/cuartetoenlaweb.com.ar\\\/sitio\\\/desgarrador-el-momento-en-el-que-le-dispararon-al-joven-asesinado-en-el-carnaval-de-mercedes\\\/\",\"url\":\"https:\\\/\\\/cuartetoenlaweb.com.ar\\\/sitio\\\/desgarrador-el-momento-en-el-que-le-dispararon-al-joven-asesinado-en-el-carnaval-de-mercedes\\\/\",\"name\":\"Desgarrador: el momento en el que le dispararon al joven asesinado en el carnaval de Mercedes - Cuarteto en la Web\",\"isPartOf\":{\"@id\":\"http:\\\/\\\/cuartetoenlaweb.com.ar\\\/sitio\\\/#website\"},\"primaryImageOfPage\":{\"@id\":\"https:\\\/\\\/cuartetoenlaweb.com.ar\\\/sitio\\\/desgarrador-el-momento-en-el-que-le-dispararon-al-joven-asesinado-en-el-carnaval-de-mercedes\\\/#primaryimage\"},\"image\":{\"@id\":\"https:\\\/\\\/cuartetoenlaweb.com.ar\\\/sitio\\\/desgarrador-el-momento-en-el-que-le-dispararon-al-joven-asesinado-en-el-carnaval-de-mercedes\\\/#primaryimage\"},\"thumbnailUrl\":\"https:\\\/\\\/cuartetoenlaweb.com.ar\\\/sitio\\\/wp-content\\\/uploads\\\/2026\\\/02\\\/720-162.jpeg\",\"datePublished\":\"2026-02-16T16:00:47+00:00\",\"breadcrumb\":{\"@id\":\"https:\\\/\\\/cuartetoenlaweb.com.ar\\\/sitio\\\/desgarrador-el-momento-en-el-que-le-dispararon-al-joven-asesinado-en-el-carnaval-de-mercedes\\\/#breadcrumb\"},\"inLanguage\":\"es\",\"potentialAction\":[{\"@type\":\"ReadAction\",\"target\":[\"https:\\\/\\\/cuartetoenlaweb.com.ar\\\/sitio\\\/desgarrador-el-momento-en-el-que-le-dispararon-al-joven-asesinado-en-el-carnaval-de-mercedes\\\/\"]}]},{\"@type\":\"ImageObject\",\"inLanguage\":\"es\",\"@id\":\"https:\\\/\\\/cuartetoenlaweb.com.ar\\\/sitio\\\/desgarrador-el-momento-en-el-que-le-dispararon-al-joven-asesinado-en-el-carnaval-de-mercedes\\\/#primaryimage\",\"url\":\"https:\\\/\\\/cuartetoenlaweb.com.ar\\\/sitio\\\/wp-content\\\/uploads\\\/2026\\\/02\\\/720-162.jpeg\",\"contentUrl\":\"https:\\\/\\\/cuartetoenlaweb.com.ar\\\/sitio\\\/wp-content\\\/uploads\\\/2026\\\/02\\\/720-162.jpeg\",\"width\":1242,\"height\":720},{\"@type\":\"BreadcrumbList\",\"@id\":\"https:\\\/\\\/cuartetoenlaweb.com.ar\\\/sitio\\\/desgarrador-el-momento-en-el-que-le-dispararon-al-joven-asesinado-en-el-carnaval-de-mercedes\\\/#breadcrumb\",\"itemListElement\":[{\"@type\":\"ListItem\",\"position\":1,\"name\":\"Portada\",\"item\":\"http:\\\/\\\/cuartetoenlaweb.com.ar\\\/sitio\\\/\"},{\"@type\":\"ListItem\",\"position\":2,\"name\":\"Desgarrador: el momento en el que le dispararon al joven asesinado en el carnaval de Mercedes\"}]},{\"@type\":\"WebSite\",\"@id\":\"http:\\\/\\\/cuartetoenlaweb.com.ar\\\/sitio\\\/#website\",\"url\":\"http:\\\/\\\/cuartetoenlaweb.com.ar\\\/sitio\\\/\",\"name\":\"Cuarteto en la Web\",\"description\":\"\",\"publisher\":{\"@id\":\"http:\\\/\\\/cuartetoenlaweb.com.ar\\\/sitio\\\/#organization\"},\"potentialAction\":[{\"@type\":\"SearchAction\",\"target\":{\"@type\":\"EntryPoint\",\"urlTemplate\":\"http:\\\/\\\/cuartetoenlaweb.com.ar\\\/sitio\\\/?s={search_term_string}\"},\"query-input\":{\"@type\":\"PropertyValueSpecification\",\"valueRequired\":true,\"valueName\":\"search_term_string\"}}],\"inLanguage\":\"es\"},{\"@type\":\"Organization\",\"@id\":\"http:\\\/\\\/cuartetoenlaweb.com.ar\\\/sitio\\\/#organization\",\"name\":\"Cuarteto en la Web\",\"url\":\"http:\\\/\\\/cuartetoenlaweb.com.ar\\\/sitio\\\/\",\"logo\":{\"@type\":\"ImageObject\",\"inLanguage\":\"es\",\"@id\":\"http:\\\/\\\/cuartetoenlaweb.com.ar\\\/sitio\\\/#\\\/schema\\\/logo\\\/image\\\/\",\"url\":\"https:\\\/\\\/cuartetoenlaweb.com.ar\\\/sitio\\\/wp-content\\\/uploads\\\/2025\\\/07\\\/cropped-cropped-logitoweb21.png\",\"contentUrl\":\"https:\\\/\\\/cuartetoenlaweb.com.ar\\\/sitio\\\/wp-content\\\/uploads\\\/2025\\\/07\\\/cropped-cropped-logitoweb21.png\",\"width\":199,\"height\":199,\"caption\":\"Cuarteto en la Web\"},\"image\":{\"@id\":\"http:\\\/\\\/cuartetoenlaweb.com.ar\\\/sitio\\\/#\\\/schema\\\/logo\\\/image\\\/\"}}]}<\/script>\n<!-- \/ Yoast SEO plugin. -->","yoast_head_json":{"title":"Desgarrador: el momento en el que le dispararon al joven asesinado en el carnaval de Mercedes - Cuarteto en la Web","robots":{"index":"index","follow":"follow","max-snippet":"max-snippet:-1","max-image-preview":"max-image-preview:large","max-video-preview":"max-video-preview:-1"},"canonical":"https:\/\/cuartetoenlaweb.com.ar\/sitio\/desgarrador-el-momento-en-el-que-le-dispararon-al-joven-asesinado-en-el-carnaval-de-mercedes\/","og_locale":"es_ES","og_type":"article","og_title":"Desgarrador: el momento en el que le dispararon al joven asesinado en el carnaval de Mercedes - Cuarteto en la Web","og_description":"Se llamaba Brian Cabrera y ten\u00eda 18 a\u00f1os. Lo mataron","og_url":"https:\/\/cuartetoenlaweb.com.ar\/sitio\/desgarrador-el-momento-en-el-que-le-dispararon-al-joven-asesinado-en-el-carnaval-de-mercedes\/","og_site_name":"Cuarteto en la Web","article_published_time":"2026-02-16T16:00:47+00:00","og_image":[{"width":1242,"height":720,"url":"https:\/\/cuartetoenlaweb.com.ar\/sitio\/wp-content\/uploads\/2026\/02\/720-162.jpeg","type":"image\/jpeg"}],"twitter_card":"summary_large_image","twitter_misc":{"Tiempo de lectura":"2 minutos"},"schema":{"@context":"https:\/\/schema.org","@graph":[{"@type":"Article","@id":"https:\/\/cuartetoenlaweb.com.ar\/sitio\/desgarrador-el-momento-en-el-que-le-dispararon-al-joven-asesinado-en-el-carnaval-de-mercedes\/#article","isPartOf":{"@id":"https:\/\/cuartetoenlaweb.com.ar\/sitio\/desgarrador-el-momento-en-el-que-le-dispararon-al-joven-asesinado-en-el-carnaval-de-mercedes\/"},"author":{"name":"","@id":""},"headline":"Desgarrador: el momento en el que le dispararon al joven asesinado en el carnaval de Mercedes","datePublished":"2026-02-16T16:00:47+00:00","mainEntityOfPage":{"@id":"https:\/\/cuartetoenlaweb.com.ar\/sitio\/desgarrador-el-momento-en-el-que-le-dispararon-al-joven-asesinado-en-el-carnaval-de-mercedes\/"},"wordCount":408,"publisher":{"@id":"http:\/\/cuartetoenlaweb.com.ar\/sitio\/#organization"},"image":{"@id":"https:\/\/cuartetoenlaweb.com.ar\/sitio\/desgarrador-el-momento-en-el-que-le-dispararon-al-joven-asesinado-en-el-carnaval-de-mercedes\/#primaryimage"},"thumbnailUrl":"https:\/\/cuartetoenlaweb.com.ar\/sitio\/wp-content\/uploads\/2026\/02\/720-162.jpeg","articleSection":["PAIS"],"inLanguage":"es"},{"@type":"WebPage","@id":"https:\/\/cuartetoenlaweb.com.ar\/sitio\/desgarrador-el-momento-en-el-que-le-dispararon-al-joven-asesinado-en-el-carnaval-de-mercedes\/","url":"https:\/\/cuartetoenlaweb.com.ar\/sitio\/desgarrador-el-momento-en-el-que-le-dispararon-al-joven-asesinado-en-el-carnaval-de-mercedes\/","name":"Desgarrador: el momento en el que le dispararon al joven asesinado en el carnaval de Mercedes - Cuarteto en la Web","isPartOf":{"@id":"http:\/\/cuartetoenlaweb.com.ar\/sitio\/#website"},"primaryImageOfPage":{"@id":"https:\/\/cuartetoenlaweb.com.ar\/sitio\/desgarrador-el-momento-en-el-que-le-dispararon-al-joven-asesinado-en-el-carnaval-de-mercedes\/#primaryimage"},"image":{"@id":"https:\/\/cuartetoenlaweb.com.ar\/sitio\/desgarrador-el-momento-en-el-que-le-dispararon-al-joven-asesinado-en-el-carnaval-de-mercedes\/#primaryimage"},"thumbnailUrl":"https:\/\/cuartetoenlaweb.com.ar\/sitio\/wp-content\/uploads\/2026\/02\/720-162.jpeg","datePublished":"2026-02-16T16:00:47+00:00","breadcrumb":{"@id":"https:\/\/cuartetoenlaweb.com.ar\/sitio\/desgarrador-el-momento-en-el-que-le-dispararon-al-joven-asesinado-en-el-carnaval-de-mercedes\/#breadcrumb"},"inLanguage":"es","potentialAction":[{"@type":"ReadAction","target":["https:\/\/cuartetoenlaweb.com.ar\/sitio\/desgarrador-el-momento-en-el-que-le-dispararon-al-joven-asesinado-en-el-carnaval-de-mercedes\/"]}]},{"@type":"ImageObject","inLanguage":"es","@id":"https:\/\/cuartetoenlaweb.com.ar\/sitio\/desgarrador-el-momento-en-el-que-le-dispararon-al-joven-asesinado-en-el-carnaval-de-mercedes\/#primaryimage","url":"https:\/\/cuartetoenlaweb.com.ar\/sitio\/wp-content\/uploads\/2026\/02\/720-162.jpeg","contentUrl":"https:\/\/cuartetoenlaweb.com.ar\/sitio\/wp-content\/uploads\/2026\/02\/720-162.jpeg","width":1242,"height":720},{"@type":"BreadcrumbList","@id":"https:\/\/cuartetoenlaweb.com.ar\/sitio\/desgarrador-el-momento-en-el-que-le-dispararon-al-joven-asesinado-en-el-carnaval-de-mercedes\/#breadcrumb","itemListElement":[{"@type":"ListItem","position":1,"name":"Portada","item":"http:\/\/cuartetoenlaweb.com.ar\/sitio\/"},{"@type":"ListItem","position":2,"name":"Desgarrador: el momento en el que le dispararon al joven asesinado en el carnaval de Mercedes"}]},{"@type":"WebSite","@id":"http:\/\/cuartetoenlaweb.com.ar\/sitio\/#website","url":"http:\/\/cuartetoenlaweb.com.ar\/sitio\/","name":"Cuarteto en la Web","description":"","publisher":{"@id":"http:\/\/cuartetoenlaweb.com.ar\/sitio\/#organization"},"potentialAction":[{"@type":"SearchAction","target":{"@type":"EntryPoint","urlTemplate":"http:\/\/cuartetoenlaweb.com.ar\/sitio\/?s={search_term_string}"},"query-input":{"@type":"PropertyValueSpecification","valueRequired":true,"valueName":"search_term_string"}}],"inLanguage":"es"},{"@type":"Organization","@id":"http:\/\/cuartetoenlaweb.com.ar\/sitio\/#organization","name":"Cuarteto en la Web","url":"http:\/\/cuartetoenlaweb.com.ar\/sitio\/","logo":{"@type":"ImageObject","inLanguage":"es","@id":"http:\/\/cuartetoenlaweb.com.ar\/sitio\/#\/schema\/logo\/image\/","url":"https:\/\/cuartetoenlaweb.com.ar\/sitio\/wp-content\/uploads\/2025\/07\/cropped-cropped-logitoweb21.png","contentUrl":"https:\/\/cuartetoenlaweb.com.ar\/sitio\/wp-content\/uploads\/2025\/07\/cropped-cropped-logitoweb21.png","width":199,"height":199,"caption":"Cuarteto en la Web"},"image":{"@id":"http:\/\/cuartetoenlaweb.com.ar\/sitio\/#\/schema\/logo\/image\/"}}]}},"_links":{"self":[{"href":"https:\/\/cuartetoenlaweb.com.ar\/sitio\/wp-json\/wp\/v2\/posts\/11836","targetHints":{"allow":["GET"]}}],"collection":[{"href":"https:\/\/cuartetoenlaweb.com.ar\/sitio\/wp-json\/wp\/v2\/posts"}],"about":[{"href":"https:\/\/cuartetoenlaweb.com.ar\/sitio\/wp-json\/wp\/v2\/types\/post"}],"replies":[{"embeddable":true,"href":"https:\/\/cuartetoenlaweb.com.ar\/sitio\/wp-json\/wp\/v2\/comments?post=11836"}],"version-history":[{"count":0,"href":"https:\/\/cuartetoenlaweb.com.ar\/sitio\/wp-json\/wp\/v2\/posts\/11836\/revisions"}],"wp:featuredmedia":[{"embeddable":true,"href":"https:\/\/cuartetoenlaweb.com.ar\/sitio\/wp-json\/wp\/v2\/media\/11837"}],"wp:attachment":[{"href":"https:\/\/cuartetoenlaweb.com.ar\/sitio\/wp-json\/wp\/v2\/media?parent=11836"}],"wp:term":[{"taxonomy":"category","embeddable":true,"href":"https:\/\/cuartetoenlaweb.com.ar\/sitio\/wp-json\/wp\/v2\/categories?post=11836"},{"taxonomy":"post_tag","embeddable":true,"href":"https:\/\/cuartetoenlaweb.com.ar\/sitio\/wp-json\/wp\/v2\/tags?post=11836"}],"curies":[{"name":"wp","href":"https:\/\/api.w.org\/{rel}","templated":true}]}}