
{"id":11834,"date":"2026-02-16T13:00:42","date_gmt":"2026-02-16T16:00:42","guid":{"rendered":"http:\/\/cuartetoenlaweb.com.ar\/sitio\/sos-un-chihuahua-durisimo-cruce-entre-cinthia-fernandez-y-elba-marcovecchio-por-la-causa-icardi-wanda\/"},"modified":"2026-02-16T13:00:42","modified_gmt":"2026-02-16T16:00:42","slug":"sos-un-chihuahua-durisimo-cruce-entre-cinthia-fernandez-y-elba-marcovecchio-por-la-causa-icardi-wanda","status":"publish","type":"post","link":"https:\/\/cuartetoenlaweb.com.ar\/sitio\/sos-un-chihuahua-durisimo-cruce-entre-cinthia-fernandez-y-elba-marcovecchio-por-la-causa-icardi-wanda\/","title":{"rendered":"\u201cSos un chihuahua\u201d: dur\u00edsimo cruce entre Cinthia Fern\u00e1ndez y Elba Marcovecchio por la causa Icardi &#8211; Wanda"},"content":{"rendered":"<p>Cinthia Fern\u00e1ndez protagoniz\u00f3 un fuerte cruce con Elba Marcovecchio hoy al aire de La ma\u00f1ana con Moria. Todo se desencaden\u00f3 mientras hablaban del esc\u00e1ndalo judicial entre Wanda Nara y Mauro Icardi.<\/p>\n<p>\u201c\u00a1Parec\u00e9s un chihuahua que no para de ladrar!\u201c, dijo la abogada en medio del picante ida y vuelta que tuvo en vivo con la medi\u00e1tica.<\/p>\n<p>Cinthia intent\u00f3 meter una pregunta pero no dejaba contestar a la abogada por lo que recibi\u00f3 ese apodo y Elba pudo reconocer que el encono de la bailarina tiene que ver con marido, que tiene \u201cuna cuesti\u00f3n\u201d con la abogada.<\/p>\n<p>Las redes destrozaron a la ex candidata a diputada.<\/p>\n","protected":false},"excerpt":{"rendered":"<p>Cinthia Fern\u00e1ndez protagoniz\u00f3 un fuerte cruce con Elba Marcovecchio hoy<\/p>\n","protected":false},"author":0,"featured_media":11835,"comment_status":"","ping_status":"","sticky":false,"template":"","format":"standard","meta":{"footnotes":""},"categories":[65],"tags":[],"class_list":["post-11834","post","type-post","status-publish","format-standard","has-post-thumbnail","hentry","category-pais"],"yoast_head":"<!-- This site is optimized with the Yoast SEO plugin v27.5 - https:\/\/yoast.com\/product\/yoast-seo-wordpress\/ -->\n<title>\u201cSos un chihuahua\u201d: dur\u00edsimo cruce entre Cinthia Fern\u00e1ndez y Elba Marcovecchio por la causa Icardi - Wanda - Cuarteto en la Web<\/title>\n<meta name=\"robots\" content=\"index, follow, max-snippet:-1, max-image-preview:large, max-video-preview:-1\" \/>\n<link rel=\"canonical\" href=\"https:\/\/cuartetoenlaweb.com.ar\/sitio\/sos-un-chihuahua-durisimo-cruce-entre-cinthia-fernandez-y-elba-marcovecchio-por-la-causa-icardi-wanda\/\" \/>\n<meta property=\"og:locale\" content=\"es_ES\" \/>\n<meta property=\"og:type\" content=\"article\" \/>\n<meta property=\"og:title\" content=\"\u201cSos un chihuahua\u201d: dur\u00edsimo cruce entre Cinthia Fern\u00e1ndez y Elba Marcovecchio por la causa Icardi - Wanda - Cuarteto en la Web\" \/>\n<meta property=\"og:description\" content=\"Cinthia Fern\u00e1ndez protagoniz\u00f3 un fuerte cruce con Elba Marcovecchio hoy\" \/>\n<meta property=\"og:url\" content=\"https:\/\/cuartetoenlaweb.com.ar\/sitio\/sos-un-chihuahua-durisimo-cruce-entre-cinthia-fernandez-y-elba-marcovecchio-por-la-causa-icardi-wanda\/\" \/>\n<meta property=\"og:site_name\" content=\"Cuarteto en la Web\" \/>\n<meta property=\"article:published_time\" content=\"2026-02-16T16:00:42+00:00\" \/>\n<meta property=\"og:image\" content=\"https:\/\/cuartetoenlaweb.com.ar\/sitio\/wp-content\/uploads\/2026\/02\/720-161.jpeg\" \/>\n\t<meta property=\"og:image:width\" content=\"1280\" \/>\n\t<meta property=\"og:image:height\" content=\"718\" \/>\n\t<meta property=\"og:image:type\" content=\"image\/jpeg\" \/>\n<meta name=\"twitter:card\" content=\"summary_large_image\" \/>\n<meta name=\"twitter:label1\" content=\"Tiempo de lectura\" \/>\n\t<meta name=\"twitter:data1\" content=\"1 minuto\" \/>\n<script type=\"application\/ld+json\" class=\"yoast-schema-graph\">{\"@context\":\"https:\\\/\\\/schema.org\",\"@graph\":[{\"@type\":\"Article\",\"@id\":\"https:\\\/\\\/cuartetoenlaweb.com.ar\\\/sitio\\\/sos-un-chihuahua-durisimo-cruce-entre-cinthia-fernandez-y-elba-marcovecchio-por-la-causa-icardi-wanda\\\/#article\",\"isPartOf\":{\"@id\":\"https:\\\/\\\/cuartetoenlaweb.com.ar\\\/sitio\\\/sos-un-chihuahua-durisimo-cruce-entre-cinthia-fernandez-y-elba-marcovecchio-por-la-causa-icardi-wanda\\\/\"},\"author\":{\"name\":\"\",\"@id\":\"\"},\"headline\":\"\u201cSos un chihuahua\u201d: dur\u00edsimo cruce entre Cinthia Fern\u00e1ndez y Elba Marcovecchio por la causa Icardi &#8211; Wanda\",\"datePublished\":\"2026-02-16T16:00:42+00:00\",\"mainEntityOfPage\":{\"@id\":\"https:\\\/\\\/cuartetoenlaweb.com.ar\\\/sitio\\\/sos-un-chihuahua-durisimo-cruce-entre-cinthia-fernandez-y-elba-marcovecchio-por-la-causa-icardi-wanda\\\/\"},\"wordCount\":130,\"publisher\":{\"@id\":\"http:\\\/\\\/cuartetoenlaweb.com.ar\\\/sitio\\\/#organization\"},\"image\":{\"@id\":\"https:\\\/\\\/cuartetoenlaweb.com.ar\\\/sitio\\\/sos-un-chihuahua-durisimo-cruce-entre-cinthia-fernandez-y-elba-marcovecchio-por-la-causa-icardi-wanda\\\/#primaryimage\"},\"thumbnailUrl\":\"https:\\\/\\\/cuartetoenlaweb.com.ar\\\/sitio\\\/wp-content\\\/uploads\\\/2026\\\/02\\\/720-161.jpeg\",\"articleSection\":[\"PAIS\"],\"inLanguage\":\"es\"},{\"@type\":\"WebPage\",\"@id\":\"https:\\\/\\\/cuartetoenlaweb.com.ar\\\/sitio\\\/sos-un-chihuahua-durisimo-cruce-entre-cinthia-fernandez-y-elba-marcovecchio-por-la-causa-icardi-wanda\\\/\",\"url\":\"https:\\\/\\\/cuartetoenlaweb.com.ar\\\/sitio\\\/sos-un-chihuahua-durisimo-cruce-entre-cinthia-fernandez-y-elba-marcovecchio-por-la-causa-icardi-wanda\\\/\",\"name\":\"\u201cSos un chihuahua\u201d: dur\u00edsimo cruce entre Cinthia Fern\u00e1ndez y Elba Marcovecchio por la causa Icardi - Wanda - Cuarteto en la Web\",\"isPartOf\":{\"@id\":\"http:\\\/\\\/cuartetoenlaweb.com.ar\\\/sitio\\\/#website\"},\"primaryImageOfPage\":{\"@id\":\"https:\\\/\\\/cuartetoenlaweb.com.ar\\\/sitio\\\/sos-un-chihuahua-durisimo-cruce-entre-cinthia-fernandez-y-elba-marcovecchio-por-la-causa-icardi-wanda\\\/#primaryimage\"},\"image\":{\"@id\":\"https:\\\/\\\/cuartetoenlaweb.com.ar\\\/sitio\\\/sos-un-chihuahua-durisimo-cruce-entre-cinthia-fernandez-y-elba-marcovecchio-por-la-causa-icardi-wanda\\\/#primaryimage\"},\"thumbnailUrl\":\"https:\\\/\\\/cuartetoenlaweb.com.ar\\\/sitio\\\/wp-content\\\/uploads\\\/2026\\\/02\\\/720-161.jpeg\",\"datePublished\":\"2026-02-16T16:00:42+00:00\",\"breadcrumb\":{\"@id\":\"https:\\\/\\\/cuartetoenlaweb.com.ar\\\/sitio\\\/sos-un-chihuahua-durisimo-cruce-entre-cinthia-fernandez-y-elba-marcovecchio-por-la-causa-icardi-wanda\\\/#breadcrumb\"},\"inLanguage\":\"es\",\"potentialAction\":[{\"@type\":\"ReadAction\",\"target\":[\"https:\\\/\\\/cuartetoenlaweb.com.ar\\\/sitio\\\/sos-un-chihuahua-durisimo-cruce-entre-cinthia-fernandez-y-elba-marcovecchio-por-la-causa-icardi-wanda\\\/\"]}]},{\"@type\":\"ImageObject\",\"inLanguage\":\"es\",\"@id\":\"https:\\\/\\\/cuartetoenlaweb.com.ar\\\/sitio\\\/sos-un-chihuahua-durisimo-cruce-entre-cinthia-fernandez-y-elba-marcovecchio-por-la-causa-icardi-wanda\\\/#primaryimage\",\"url\":\"https:\\\/\\\/cuartetoenlaweb.com.ar\\\/sitio\\\/wp-content\\\/uploads\\\/2026\\\/02\\\/720-161.jpeg\",\"contentUrl\":\"https:\\\/\\\/cuartetoenlaweb.com.ar\\\/sitio\\\/wp-content\\\/uploads\\\/2026\\\/02\\\/720-161.jpeg\",\"width\":1280,\"height\":718},{\"@type\":\"BreadcrumbList\",\"@id\":\"https:\\\/\\\/cuartetoenlaweb.com.ar\\\/sitio\\\/sos-un-chihuahua-durisimo-cruce-entre-cinthia-fernandez-y-elba-marcovecchio-por-la-causa-icardi-wanda\\\/#breadcrumb\",\"itemListElement\":[{\"@type\":\"ListItem\",\"position\":1,\"name\":\"Portada\",\"item\":\"http:\\\/\\\/cuartetoenlaweb.com.ar\\\/sitio\\\/\"},{\"@type\":\"ListItem\",\"position\":2,\"name\":\"\u201cSos un chihuahua\u201d: dur\u00edsimo cruce entre Cinthia Fern\u00e1ndez y Elba Marcovecchio por la causa Icardi &#8211; Wanda\"}]},{\"@type\":\"WebSite\",\"@id\":\"http:\\\/\\\/cuartetoenlaweb.com.ar\\\/sitio\\\/#website\",\"url\":\"http:\\\/\\\/cuartetoenlaweb.com.ar\\\/sitio\\\/\",\"name\":\"Cuarteto en la Web\",\"description\":\"\",\"publisher\":{\"@id\":\"http:\\\/\\\/cuartetoenlaweb.com.ar\\\/sitio\\\/#organization\"},\"potentialAction\":[{\"@type\":\"SearchAction\",\"target\":{\"@type\":\"EntryPoint\",\"urlTemplate\":\"http:\\\/\\\/cuartetoenlaweb.com.ar\\\/sitio\\\/?s={search_term_string}\"},\"query-input\":{\"@type\":\"PropertyValueSpecification\",\"valueRequired\":true,\"valueName\":\"search_term_string\"}}],\"inLanguage\":\"es\"},{\"@type\":\"Organization\",\"@id\":\"http:\\\/\\\/cuartetoenlaweb.com.ar\\\/sitio\\\/#organization\",\"name\":\"Cuarteto en la Web\",\"url\":\"http:\\\/\\\/cuartetoenlaweb.com.ar\\\/sitio\\\/\",\"logo\":{\"@type\":\"ImageObject\",\"inLanguage\":\"es\",\"@id\":\"http:\\\/\\\/cuartetoenlaweb.com.ar\\\/sitio\\\/#\\\/schema\\\/logo\\\/image\\\/\",\"url\":\"https:\\\/\\\/cuartetoenlaweb.com.ar\\\/sitio\\\/wp-content\\\/uploads\\\/2025\\\/07\\\/cropped-cropped-logitoweb21.png\",\"contentUrl\":\"https:\\\/\\\/cuartetoenlaweb.com.ar\\\/sitio\\\/wp-content\\\/uploads\\\/2025\\\/07\\\/cropped-cropped-logitoweb21.png\",\"width\":199,\"height\":199,\"caption\":\"Cuarteto en la Web\"},\"image\":{\"@id\":\"http:\\\/\\\/cuartetoenlaweb.com.ar\\\/sitio\\\/#\\\/schema\\\/logo\\\/image\\\/\"}}]}<\/script>\n<!-- \/ Yoast SEO plugin. -->","yoast_head_json":{"title":"\u201cSos un chihuahua\u201d: dur\u00edsimo cruce entre Cinthia Fern\u00e1ndez y Elba Marcovecchio por la causa Icardi - Wanda - Cuarteto en la Web","robots":{"index":"index","follow":"follow","max-snippet":"max-snippet:-1","max-image-preview":"max-image-preview:large","max-video-preview":"max-video-preview:-1"},"canonical":"https:\/\/cuartetoenlaweb.com.ar\/sitio\/sos-un-chihuahua-durisimo-cruce-entre-cinthia-fernandez-y-elba-marcovecchio-por-la-causa-icardi-wanda\/","og_locale":"es_ES","og_type":"article","og_title":"\u201cSos un chihuahua\u201d: dur\u00edsimo cruce entre Cinthia Fern\u00e1ndez y Elba Marcovecchio por la causa Icardi - Wanda - Cuarteto en la Web","og_description":"Cinthia Fern\u00e1ndez protagoniz\u00f3 un fuerte cruce con Elba Marcovecchio hoy","og_url":"https:\/\/cuartetoenlaweb.com.ar\/sitio\/sos-un-chihuahua-durisimo-cruce-entre-cinthia-fernandez-y-elba-marcovecchio-por-la-causa-icardi-wanda\/","og_site_name":"Cuarteto en la Web","article_published_time":"2026-02-16T16:00:42+00:00","og_image":[{"width":1280,"height":718,"url":"https:\/\/cuartetoenlaweb.com.ar\/sitio\/wp-content\/uploads\/2026\/02\/720-161.jpeg","type":"image\/jpeg"}],"twitter_card":"summary_large_image","twitter_misc":{"Tiempo de lectura":"1 minuto"},"schema":{"@context":"https:\/\/schema.org","@graph":[{"@type":"Article","@id":"https:\/\/cuartetoenlaweb.com.ar\/sitio\/sos-un-chihuahua-durisimo-cruce-entre-cinthia-fernandez-y-elba-marcovecchio-por-la-causa-icardi-wanda\/#article","isPartOf":{"@id":"https:\/\/cuartetoenlaweb.com.ar\/sitio\/sos-un-chihuahua-durisimo-cruce-entre-cinthia-fernandez-y-elba-marcovecchio-por-la-causa-icardi-wanda\/"},"author":{"name":"","@id":""},"headline":"\u201cSos un chihuahua\u201d: dur\u00edsimo cruce entre Cinthia Fern\u00e1ndez y Elba Marcovecchio por la causa Icardi &#8211; Wanda","datePublished":"2026-02-16T16:00:42+00:00","mainEntityOfPage":{"@id":"https:\/\/cuartetoenlaweb.com.ar\/sitio\/sos-un-chihuahua-durisimo-cruce-entre-cinthia-fernandez-y-elba-marcovecchio-por-la-causa-icardi-wanda\/"},"wordCount":130,"publisher":{"@id":"http:\/\/cuartetoenlaweb.com.ar\/sitio\/#organization"},"image":{"@id":"https:\/\/cuartetoenlaweb.com.ar\/sitio\/sos-un-chihuahua-durisimo-cruce-entre-cinthia-fernandez-y-elba-marcovecchio-por-la-causa-icardi-wanda\/#primaryimage"},"thumbnailUrl":"https:\/\/cuartetoenlaweb.com.ar\/sitio\/wp-content\/uploads\/2026\/02\/720-161.jpeg","articleSection":["PAIS"],"inLanguage":"es"},{"@type":"WebPage","@id":"https:\/\/cuartetoenlaweb.com.ar\/sitio\/sos-un-chihuahua-durisimo-cruce-entre-cinthia-fernandez-y-elba-marcovecchio-por-la-causa-icardi-wanda\/","url":"https:\/\/cuartetoenlaweb.com.ar\/sitio\/sos-un-chihuahua-durisimo-cruce-entre-cinthia-fernandez-y-elba-marcovecchio-por-la-causa-icardi-wanda\/","name":"\u201cSos un chihuahua\u201d: dur\u00edsimo cruce entre Cinthia Fern\u00e1ndez y Elba Marcovecchio por la causa Icardi - Wanda - Cuarteto en la Web","isPartOf":{"@id":"http:\/\/cuartetoenlaweb.com.ar\/sitio\/#website"},"primaryImageOfPage":{"@id":"https:\/\/cuartetoenlaweb.com.ar\/sitio\/sos-un-chihuahua-durisimo-cruce-entre-cinthia-fernandez-y-elba-marcovecchio-por-la-causa-icardi-wanda\/#primaryimage"},"image":{"@id":"https:\/\/cuartetoenlaweb.com.ar\/sitio\/sos-un-chihuahua-durisimo-cruce-entre-cinthia-fernandez-y-elba-marcovecchio-por-la-causa-icardi-wanda\/#primaryimage"},"thumbnailUrl":"https:\/\/cuartetoenlaweb.com.ar\/sitio\/wp-content\/uploads\/2026\/02\/720-161.jpeg","datePublished":"2026-02-16T16:00:42+00:00","breadcrumb":{"@id":"https:\/\/cuartetoenlaweb.com.ar\/sitio\/sos-un-chihuahua-durisimo-cruce-entre-cinthia-fernandez-y-elba-marcovecchio-por-la-causa-icardi-wanda\/#breadcrumb"},"inLanguage":"es","potentialAction":[{"@type":"ReadAction","target":["https:\/\/cuartetoenlaweb.com.ar\/sitio\/sos-un-chihuahua-durisimo-cruce-entre-cinthia-fernandez-y-elba-marcovecchio-por-la-causa-icardi-wanda\/"]}]},{"@type":"ImageObject","inLanguage":"es","@id":"https:\/\/cuartetoenlaweb.com.ar\/sitio\/sos-un-chihuahua-durisimo-cruce-entre-cinthia-fernandez-y-elba-marcovecchio-por-la-causa-icardi-wanda\/#primaryimage","url":"https:\/\/cuartetoenlaweb.com.ar\/sitio\/wp-content\/uploads\/2026\/02\/720-161.jpeg","contentUrl":"https:\/\/cuartetoenlaweb.com.ar\/sitio\/wp-content\/uploads\/2026\/02\/720-161.jpeg","width":1280,"height":718},{"@type":"BreadcrumbList","@id":"https:\/\/cuartetoenlaweb.com.ar\/sitio\/sos-un-chihuahua-durisimo-cruce-entre-cinthia-fernandez-y-elba-marcovecchio-por-la-causa-icardi-wanda\/#breadcrumb","itemListElement":[{"@type":"ListItem","position":1,"name":"Portada","item":"http:\/\/cuartetoenlaweb.com.ar\/sitio\/"},{"@type":"ListItem","position":2,"name":"\u201cSos un chihuahua\u201d: dur\u00edsimo cruce entre Cinthia Fern\u00e1ndez y Elba Marcovecchio por la causa Icardi &#8211; Wanda"}]},{"@type":"WebSite","@id":"http:\/\/cuartetoenlaweb.com.ar\/sitio\/#website","url":"http:\/\/cuartetoenlaweb.com.ar\/sitio\/","name":"Cuarteto en la Web","description":"","publisher":{"@id":"http:\/\/cuartetoenlaweb.com.ar\/sitio\/#organization"},"potentialAction":[{"@type":"SearchAction","target":{"@type":"EntryPoint","urlTemplate":"http:\/\/cuartetoenlaweb.com.ar\/sitio\/?s={search_term_string}"},"query-input":{"@type":"PropertyValueSpecification","valueRequired":true,"valueName":"search_term_string"}}],"inLanguage":"es"},{"@type":"Organization","@id":"http:\/\/cuartetoenlaweb.com.ar\/sitio\/#organization","name":"Cuarteto en la Web","url":"http:\/\/cuartetoenlaweb.com.ar\/sitio\/","logo":{"@type":"ImageObject","inLanguage":"es","@id":"http:\/\/cuartetoenlaweb.com.ar\/sitio\/#\/schema\/logo\/image\/","url":"https:\/\/cuartetoenlaweb.com.ar\/sitio\/wp-content\/uploads\/2025\/07\/cropped-cropped-logitoweb21.png","contentUrl":"https:\/\/cuartetoenlaweb.com.ar\/sitio\/wp-content\/uploads\/2025\/07\/cropped-cropped-logitoweb21.png","width":199,"height":199,"caption":"Cuarteto en la Web"},"image":{"@id":"http:\/\/cuartetoenlaweb.com.ar\/sitio\/#\/schema\/logo\/image\/"}}]}},"_links":{"self":[{"href":"https:\/\/cuartetoenlaweb.com.ar\/sitio\/wp-json\/wp\/v2\/posts\/11834","targetHints":{"allow":["GET"]}}],"collection":[{"href":"https:\/\/cuartetoenlaweb.com.ar\/sitio\/wp-json\/wp\/v2\/posts"}],"about":[{"href":"https:\/\/cuartetoenlaweb.com.ar\/sitio\/wp-json\/wp\/v2\/types\/post"}],"replies":[{"embeddable":true,"href":"https:\/\/cuartetoenlaweb.com.ar\/sitio\/wp-json\/wp\/v2\/comments?post=11834"}],"version-history":[{"count":0,"href":"https:\/\/cuartetoenlaweb.com.ar\/sitio\/wp-json\/wp\/v2\/posts\/11834\/revisions"}],"wp:featuredmedia":[{"embeddable":true,"href":"https:\/\/cuartetoenlaweb.com.ar\/sitio\/wp-json\/wp\/v2\/media\/11835"}],"wp:attachment":[{"href":"https:\/\/cuartetoenlaweb.com.ar\/sitio\/wp-json\/wp\/v2\/media?parent=11834"}],"wp:term":[{"taxonomy":"category","embeddable":true,"href":"https:\/\/cuartetoenlaweb.com.ar\/sitio\/wp-json\/wp\/v2\/categories?post=11834"},{"taxonomy":"post_tag","embeddable":true,"href":"https:\/\/cuartetoenlaweb.com.ar\/sitio\/wp-json\/wp\/v2\/tags?post=11834"}],"curies":[{"name":"wp","href":"https:\/\/api.w.org\/{rel}","templated":true}]}}