
{"id":11830,"date":"2026-02-16T13:00:35","date_gmt":"2026-02-16T16:00:35","guid":{"rendered":"http:\/\/cuartetoenlaweb.com.ar\/sitio\/dia-por-dia-quienes-estuvieron-en-la-casita-de-bad-bunny-en-sus-tres-shows-en-argentina\/"},"modified":"2026-02-16T13:00:35","modified_gmt":"2026-02-16T16:00:35","slug":"dia-por-dia-quienes-estuvieron-en-la-casita-de-bad-bunny-en-sus-tres-shows-en-argentina","status":"publish","type":"post","link":"https:\/\/cuartetoenlaweb.com.ar\/sitio\/dia-por-dia-quienes-estuvieron-en-la-casita-de-bad-bunny-en-sus-tres-shows-en-argentina\/","title":{"rendered":"D\u00eda por d\u00eda, qui\u00e9nes estuvieron en la casita de Bad Bunny en sus tres shows en Argentina"},"content":{"rendered":"<p>Este domingo finaliz\u00f3 el tercer y \u00faltimo show de <a href=\"https:\/\/www.lavoz.com.ar\/politica\/lo-que-bad-bunny-puede-ensenarle-a-la-politica-argentina\/\" target=\"_blank\" rel=\"noreferrer\" title=\"https:\/\/www.lavoz.com.ar\/politica\/lo-que-bad-bunny-puede-ensenarle-a-la-politica-argentina\/\">Bad Bunny en Argentina<\/a>, en el marco de su gira \u201cDeb\u00ed tirar m\u00e1s fotos\u201d. Las tres noches reunieron a m\u00e1s de 70 mil personas cada una en el Estadio Monumental, donde el artista volvi\u00f3 a demostrar por qu\u00e9 se mantiene como uno de los referentes indiscutidos de la m\u00fasica a nivel global.<\/p>\n<p>M\u00e1s all\u00e1 del potente concepto art\u00edstico que acompa\u00f1a al \u00e1lbum \u2014un recorrido \u00edntimo por sus ra\u00edces y la identidad cultural de Puerto Rico\u2014, uno de los mayores atractivos del espect\u00e1culo fue, sin dudas, la ya ic\u00f3nica \u201ccasita\u201d.<\/p>\n<p>Se trata de una r\u00e9plica de una vivienda t\u00edpica puertorrique\u00f1a, inspirada en las casas de barrio con galer\u00eda, colores c\u00e1lidos y detalles cotidianos que remiten a la infancia del artista. Ubicada como escenario secundario dentro del montaje principal, la casita funciona como un espacio paralelo donde se desarrolla una verdadera fiesta familiar: m\u00fasica en vivo, invitados especiales, bailes improvisados y momentos espont\u00e1neos que rompen con la estructura tradicional del recital.<\/p>\n<p>Durante las tres noches, por all\u00ed pasaron artistas, influencers y distintas personalidades que se sumaron a la celebraci\u00f3n, generando escenas que parec\u00edan sacadas de una reuni\u00f3n entre amigos m\u00e1s que de un show multitudinario. Con luces tenues, ambientaci\u00f3n caribe\u00f1a y una puesta que combina nostalgia y celebraci\u00f3n, la casita refuerza el esp\u00edritu del disco y conecta al p\u00fablico con una versi\u00f3n m\u00e1s \u00edntima y aut\u00e9ntica de Bad Bunny.<\/p>\n<p>Los famosos argentinos que fueron invitados a La Casita durante el primer show de Bad Bunny en el Estadio River Plate fueron Tini ,Mar\u00eda Becerra y Bizarrap.<\/p>\n<p>Ambos aparecieron en ese sector del escenario mientras el cantante puertorrique\u00f1o interpretaba el tema <b>Tit\u00ed me Pregunt\u00f3<\/b>. Su presencia fue discreta, ya que quedaron casi imperceptibles detr\u00e1s de las personas que se encontraban bailando en ese momento.<\/p>\n<p>En el segundo show, del d\u00eda s\u00e1bado, la din\u00e1mica se repiti\u00f3 con nuevas figuras invitadas que volvieron a sumarse a la celebraci\u00f3n desde la casita: Guillermo Novellis de La Mosca y Callejero Fino fueron los m\u00e1s resonantes.<\/p>\n<p>Es que luego, Cazzu, Duki y Khea subieron para interpretar <b>Loca (Remix)<\/b>, uno de los himnos del trap argentino. <\/p>\n<p>En la noche del domingo, en la despedida, entre los invitados destacados estuvo Wanda Nara, empresaria y conductora de <b>MasterChef<\/b>, quien adem\u00e1s comparti\u00f3 en sus redes sociales distintos momentos de la celebraci\u00f3n. <\/p>\n<p><img loading=\"lazy\" decoding=\"async\" src=\"https:\/\/www.lavoz.com.ar\/resizer\/AoLux_mPHSDpRpZa8FQvI6lZl3M=\/cloudfront-us-east-1.images.arcpublishing.com\/grupoclarin\/BK4OY5K5WRGDTKBRJTWLM6FP4A.jpg\" alt=\"Los famosos en la casita de Bad Bunny. (Captura)\" height=\"867\" width=\"503\" \/><\/p>\n<p>Tambi\u00e9n dijo presente Lali Esp\u00f3sito, de reciente presencia en Cosqu\u00edn Rock. La diva pop fue vista bailando y disfrutando del show junto al resto de los convocados.<\/p>\n<p>Nicki Nicole protagoniz\u00f3 uno de los momentos virales de la noche al dedicarle a Lali un mensaje humor\u00edstico sobre el clima de la fiesta. <\/p>\n<p>A su vez, Luck Ra y Tiago PZK formaron parte del grupo que sorprendi\u00f3 al p\u00fablico desde el segundo escenario montado con la est\u00e9tica de una vivienda tradicional puertorrique\u00f1a.<\/p>\n<p>Todas estas personalidades aparecieron durante la interpretaci\u00f3n de<b> Tit\u00ed me pregunt\u00f3 <\/b>y su presencia fue proyectada en las pantallas gigantes, lo que gener\u00f3 una fuerte ovaci\u00f3n por parte del p\u00fablico.<\/p>\n","protected":false},"excerpt":{"rendered":"<p>Este domingo finaliz\u00f3 el tercer y \u00faltimo show de Bad<\/p>\n","protected":false},"author":0,"featured_media":11831,"comment_status":"","ping_status":"","sticky":false,"template":"","format":"standard","meta":{"footnotes":""},"categories":[65],"tags":[],"class_list":["post-11830","post","type-post","status-publish","format-standard","has-post-thumbnail","hentry","category-pais"],"yoast_head":"<!-- This site is optimized with the Yoast SEO plugin v27.5 - https:\/\/yoast.com\/product\/yoast-seo-wordpress\/ -->\n<title>D\u00eda por d\u00eda, qui\u00e9nes estuvieron en la casita de Bad Bunny en sus tres shows en Argentina - Cuarteto en la Web<\/title>\n<meta name=\"robots\" content=\"index, follow, max-snippet:-1, max-image-preview:large, max-video-preview:-1\" \/>\n<link rel=\"canonical\" href=\"https:\/\/cuartetoenlaweb.com.ar\/sitio\/dia-por-dia-quienes-estuvieron-en-la-casita-de-bad-bunny-en-sus-tres-shows-en-argentina\/\" \/>\n<meta property=\"og:locale\" content=\"es_ES\" \/>\n<meta property=\"og:type\" content=\"article\" \/>\n<meta property=\"og:title\" content=\"D\u00eda por d\u00eda, qui\u00e9nes estuvieron en la casita de Bad Bunny en sus tres shows en Argentina - Cuarteto en la Web\" \/>\n<meta property=\"og:description\" content=\"Este domingo finaliz\u00f3 el tercer y \u00faltimo show de Bad\" \/>\n<meta property=\"og:url\" content=\"https:\/\/cuartetoenlaweb.com.ar\/sitio\/dia-por-dia-quienes-estuvieron-en-la-casita-de-bad-bunny-en-sus-tres-shows-en-argentina\/\" \/>\n<meta property=\"og:site_name\" content=\"Cuarteto en la Web\" \/>\n<meta property=\"article:published_time\" content=\"2026-02-16T16:00:35+00:00\" \/>\n<meta property=\"og:image\" content=\"https:\/\/cuartetoenlaweb.com.ar\/sitio\/wp-content\/uploads\/2026\/02\/APXFFIW2SJDUVGQ7JT2ACJBPZM.jpg\" \/>\n\t<meta property=\"og:image:width\" content=\"1300\" \/>\n\t<meta property=\"og:image:height\" content=\"867\" \/>\n\t<meta property=\"og:image:type\" content=\"image\/jpeg\" \/>\n<meta name=\"twitter:card\" content=\"summary_large_image\" \/>\n<meta name=\"twitter:label1\" content=\"Tiempo de lectura\" \/>\n\t<meta name=\"twitter:data1\" content=\"3 minutos\" \/>\n<script type=\"application\/ld+json\" class=\"yoast-schema-graph\">{\"@context\":\"https:\\\/\\\/schema.org\",\"@graph\":[{\"@type\":\"Article\",\"@id\":\"https:\\\/\\\/cuartetoenlaweb.com.ar\\\/sitio\\\/dia-por-dia-quienes-estuvieron-en-la-casita-de-bad-bunny-en-sus-tres-shows-en-argentina\\\/#article\",\"isPartOf\":{\"@id\":\"https:\\\/\\\/cuartetoenlaweb.com.ar\\\/sitio\\\/dia-por-dia-quienes-estuvieron-en-la-casita-de-bad-bunny-en-sus-tres-shows-en-argentina\\\/\"},\"author\":{\"name\":\"\",\"@id\":\"\"},\"headline\":\"D\u00eda por d\u00eda, qui\u00e9nes estuvieron en la casita de Bad Bunny en sus tres shows en Argentina\",\"datePublished\":\"2026-02-16T16:00:35+00:00\",\"mainEntityOfPage\":{\"@id\":\"https:\\\/\\\/cuartetoenlaweb.com.ar\\\/sitio\\\/dia-por-dia-quienes-estuvieron-en-la-casita-de-bad-bunny-en-sus-tres-shows-en-argentina\\\/\"},\"wordCount\":565,\"publisher\":{\"@id\":\"http:\\\/\\\/cuartetoenlaweb.com.ar\\\/sitio\\\/#organization\"},\"image\":{\"@id\":\"https:\\\/\\\/cuartetoenlaweb.com.ar\\\/sitio\\\/dia-por-dia-quienes-estuvieron-en-la-casita-de-bad-bunny-en-sus-tres-shows-en-argentina\\\/#primaryimage\"},\"thumbnailUrl\":\"https:\\\/\\\/cuartetoenlaweb.com.ar\\\/sitio\\\/wp-content\\\/uploads\\\/2026\\\/02\\\/APXFFIW2SJDUVGQ7JT2ACJBPZM.jpg\",\"articleSection\":[\"PAIS\"],\"inLanguage\":\"es\"},{\"@type\":\"WebPage\",\"@id\":\"https:\\\/\\\/cuartetoenlaweb.com.ar\\\/sitio\\\/dia-por-dia-quienes-estuvieron-en-la-casita-de-bad-bunny-en-sus-tres-shows-en-argentina\\\/\",\"url\":\"https:\\\/\\\/cuartetoenlaweb.com.ar\\\/sitio\\\/dia-por-dia-quienes-estuvieron-en-la-casita-de-bad-bunny-en-sus-tres-shows-en-argentina\\\/\",\"name\":\"D\u00eda por d\u00eda, qui\u00e9nes estuvieron en la casita de Bad Bunny en sus tres shows en Argentina - Cuarteto en la Web\",\"isPartOf\":{\"@id\":\"http:\\\/\\\/cuartetoenlaweb.com.ar\\\/sitio\\\/#website\"},\"primaryImageOfPage\":{\"@id\":\"https:\\\/\\\/cuartetoenlaweb.com.ar\\\/sitio\\\/dia-por-dia-quienes-estuvieron-en-la-casita-de-bad-bunny-en-sus-tres-shows-en-argentina\\\/#primaryimage\"},\"image\":{\"@id\":\"https:\\\/\\\/cuartetoenlaweb.com.ar\\\/sitio\\\/dia-por-dia-quienes-estuvieron-en-la-casita-de-bad-bunny-en-sus-tres-shows-en-argentina\\\/#primaryimage\"},\"thumbnailUrl\":\"https:\\\/\\\/cuartetoenlaweb.com.ar\\\/sitio\\\/wp-content\\\/uploads\\\/2026\\\/02\\\/APXFFIW2SJDUVGQ7JT2ACJBPZM.jpg\",\"datePublished\":\"2026-02-16T16:00:35+00:00\",\"breadcrumb\":{\"@id\":\"https:\\\/\\\/cuartetoenlaweb.com.ar\\\/sitio\\\/dia-por-dia-quienes-estuvieron-en-la-casita-de-bad-bunny-en-sus-tres-shows-en-argentina\\\/#breadcrumb\"},\"inLanguage\":\"es\",\"potentialAction\":[{\"@type\":\"ReadAction\",\"target\":[\"https:\\\/\\\/cuartetoenlaweb.com.ar\\\/sitio\\\/dia-por-dia-quienes-estuvieron-en-la-casita-de-bad-bunny-en-sus-tres-shows-en-argentina\\\/\"]}]},{\"@type\":\"ImageObject\",\"inLanguage\":\"es\",\"@id\":\"https:\\\/\\\/cuartetoenlaweb.com.ar\\\/sitio\\\/dia-por-dia-quienes-estuvieron-en-la-casita-de-bad-bunny-en-sus-tres-shows-en-argentina\\\/#primaryimage\",\"url\":\"https:\\\/\\\/cuartetoenlaweb.com.ar\\\/sitio\\\/wp-content\\\/uploads\\\/2026\\\/02\\\/APXFFIW2SJDUVGQ7JT2ACJBPZM.jpg\",\"contentUrl\":\"https:\\\/\\\/cuartetoenlaweb.com.ar\\\/sitio\\\/wp-content\\\/uploads\\\/2026\\\/02\\\/APXFFIW2SJDUVGQ7JT2ACJBPZM.jpg\",\"width\":1300,\"height\":867},{\"@type\":\"BreadcrumbList\",\"@id\":\"https:\\\/\\\/cuartetoenlaweb.com.ar\\\/sitio\\\/dia-por-dia-quienes-estuvieron-en-la-casita-de-bad-bunny-en-sus-tres-shows-en-argentina\\\/#breadcrumb\",\"itemListElement\":[{\"@type\":\"ListItem\",\"position\":1,\"name\":\"Portada\",\"item\":\"http:\\\/\\\/cuartetoenlaweb.com.ar\\\/sitio\\\/\"},{\"@type\":\"ListItem\",\"position\":2,\"name\":\"D\u00eda por d\u00eda, qui\u00e9nes estuvieron en la casita de Bad Bunny en sus tres shows en Argentina\"}]},{\"@type\":\"WebSite\",\"@id\":\"http:\\\/\\\/cuartetoenlaweb.com.ar\\\/sitio\\\/#website\",\"url\":\"http:\\\/\\\/cuartetoenlaweb.com.ar\\\/sitio\\\/\",\"name\":\"Cuarteto en la Web\",\"description\":\"\",\"publisher\":{\"@id\":\"http:\\\/\\\/cuartetoenlaweb.com.ar\\\/sitio\\\/#organization\"},\"potentialAction\":[{\"@type\":\"SearchAction\",\"target\":{\"@type\":\"EntryPoint\",\"urlTemplate\":\"http:\\\/\\\/cuartetoenlaweb.com.ar\\\/sitio\\\/?s={search_term_string}\"},\"query-input\":{\"@type\":\"PropertyValueSpecification\",\"valueRequired\":true,\"valueName\":\"search_term_string\"}}],\"inLanguage\":\"es\"},{\"@type\":\"Organization\",\"@id\":\"http:\\\/\\\/cuartetoenlaweb.com.ar\\\/sitio\\\/#organization\",\"name\":\"Cuarteto en la Web\",\"url\":\"http:\\\/\\\/cuartetoenlaweb.com.ar\\\/sitio\\\/\",\"logo\":{\"@type\":\"ImageObject\",\"inLanguage\":\"es\",\"@id\":\"http:\\\/\\\/cuartetoenlaweb.com.ar\\\/sitio\\\/#\\\/schema\\\/logo\\\/image\\\/\",\"url\":\"https:\\\/\\\/cuartetoenlaweb.com.ar\\\/sitio\\\/wp-content\\\/uploads\\\/2025\\\/07\\\/cropped-cropped-logitoweb21.png\",\"contentUrl\":\"https:\\\/\\\/cuartetoenlaweb.com.ar\\\/sitio\\\/wp-content\\\/uploads\\\/2025\\\/07\\\/cropped-cropped-logitoweb21.png\",\"width\":199,\"height\":199,\"caption\":\"Cuarteto en la Web\"},\"image\":{\"@id\":\"http:\\\/\\\/cuartetoenlaweb.com.ar\\\/sitio\\\/#\\\/schema\\\/logo\\\/image\\\/\"}}]}<\/script>\n<!-- \/ Yoast SEO plugin. -->","yoast_head_json":{"title":"D\u00eda por d\u00eda, qui\u00e9nes estuvieron en la casita de Bad Bunny en sus tres shows en Argentina - Cuarteto en la Web","robots":{"index":"index","follow":"follow","max-snippet":"max-snippet:-1","max-image-preview":"max-image-preview:large","max-video-preview":"max-video-preview:-1"},"canonical":"https:\/\/cuartetoenlaweb.com.ar\/sitio\/dia-por-dia-quienes-estuvieron-en-la-casita-de-bad-bunny-en-sus-tres-shows-en-argentina\/","og_locale":"es_ES","og_type":"article","og_title":"D\u00eda por d\u00eda, qui\u00e9nes estuvieron en la casita de Bad Bunny en sus tres shows en Argentina - Cuarteto en la Web","og_description":"Este domingo finaliz\u00f3 el tercer y \u00faltimo show de Bad","og_url":"https:\/\/cuartetoenlaweb.com.ar\/sitio\/dia-por-dia-quienes-estuvieron-en-la-casita-de-bad-bunny-en-sus-tres-shows-en-argentina\/","og_site_name":"Cuarteto en la Web","article_published_time":"2026-02-16T16:00:35+00:00","og_image":[{"width":1300,"height":867,"url":"https:\/\/cuartetoenlaweb.com.ar\/sitio\/wp-content\/uploads\/2026\/02\/APXFFIW2SJDUVGQ7JT2ACJBPZM.jpg","type":"image\/jpeg"}],"twitter_card":"summary_large_image","twitter_misc":{"Tiempo de lectura":"3 minutos"},"schema":{"@context":"https:\/\/schema.org","@graph":[{"@type":"Article","@id":"https:\/\/cuartetoenlaweb.com.ar\/sitio\/dia-por-dia-quienes-estuvieron-en-la-casita-de-bad-bunny-en-sus-tres-shows-en-argentina\/#article","isPartOf":{"@id":"https:\/\/cuartetoenlaweb.com.ar\/sitio\/dia-por-dia-quienes-estuvieron-en-la-casita-de-bad-bunny-en-sus-tres-shows-en-argentina\/"},"author":{"name":"","@id":""},"headline":"D\u00eda por d\u00eda, qui\u00e9nes estuvieron en la casita de Bad Bunny en sus tres shows en Argentina","datePublished":"2026-02-16T16:00:35+00:00","mainEntityOfPage":{"@id":"https:\/\/cuartetoenlaweb.com.ar\/sitio\/dia-por-dia-quienes-estuvieron-en-la-casita-de-bad-bunny-en-sus-tres-shows-en-argentina\/"},"wordCount":565,"publisher":{"@id":"http:\/\/cuartetoenlaweb.com.ar\/sitio\/#organization"},"image":{"@id":"https:\/\/cuartetoenlaweb.com.ar\/sitio\/dia-por-dia-quienes-estuvieron-en-la-casita-de-bad-bunny-en-sus-tres-shows-en-argentina\/#primaryimage"},"thumbnailUrl":"https:\/\/cuartetoenlaweb.com.ar\/sitio\/wp-content\/uploads\/2026\/02\/APXFFIW2SJDUVGQ7JT2ACJBPZM.jpg","articleSection":["PAIS"],"inLanguage":"es"},{"@type":"WebPage","@id":"https:\/\/cuartetoenlaweb.com.ar\/sitio\/dia-por-dia-quienes-estuvieron-en-la-casita-de-bad-bunny-en-sus-tres-shows-en-argentina\/","url":"https:\/\/cuartetoenlaweb.com.ar\/sitio\/dia-por-dia-quienes-estuvieron-en-la-casita-de-bad-bunny-en-sus-tres-shows-en-argentina\/","name":"D\u00eda por d\u00eda, qui\u00e9nes estuvieron en la casita de Bad Bunny en sus tres shows en Argentina - Cuarteto en la Web","isPartOf":{"@id":"http:\/\/cuartetoenlaweb.com.ar\/sitio\/#website"},"primaryImageOfPage":{"@id":"https:\/\/cuartetoenlaweb.com.ar\/sitio\/dia-por-dia-quienes-estuvieron-en-la-casita-de-bad-bunny-en-sus-tres-shows-en-argentina\/#primaryimage"},"image":{"@id":"https:\/\/cuartetoenlaweb.com.ar\/sitio\/dia-por-dia-quienes-estuvieron-en-la-casita-de-bad-bunny-en-sus-tres-shows-en-argentina\/#primaryimage"},"thumbnailUrl":"https:\/\/cuartetoenlaweb.com.ar\/sitio\/wp-content\/uploads\/2026\/02\/APXFFIW2SJDUVGQ7JT2ACJBPZM.jpg","datePublished":"2026-02-16T16:00:35+00:00","breadcrumb":{"@id":"https:\/\/cuartetoenlaweb.com.ar\/sitio\/dia-por-dia-quienes-estuvieron-en-la-casita-de-bad-bunny-en-sus-tres-shows-en-argentina\/#breadcrumb"},"inLanguage":"es","potentialAction":[{"@type":"ReadAction","target":["https:\/\/cuartetoenlaweb.com.ar\/sitio\/dia-por-dia-quienes-estuvieron-en-la-casita-de-bad-bunny-en-sus-tres-shows-en-argentina\/"]}]},{"@type":"ImageObject","inLanguage":"es","@id":"https:\/\/cuartetoenlaweb.com.ar\/sitio\/dia-por-dia-quienes-estuvieron-en-la-casita-de-bad-bunny-en-sus-tres-shows-en-argentina\/#primaryimage","url":"https:\/\/cuartetoenlaweb.com.ar\/sitio\/wp-content\/uploads\/2026\/02\/APXFFIW2SJDUVGQ7JT2ACJBPZM.jpg","contentUrl":"https:\/\/cuartetoenlaweb.com.ar\/sitio\/wp-content\/uploads\/2026\/02\/APXFFIW2SJDUVGQ7JT2ACJBPZM.jpg","width":1300,"height":867},{"@type":"BreadcrumbList","@id":"https:\/\/cuartetoenlaweb.com.ar\/sitio\/dia-por-dia-quienes-estuvieron-en-la-casita-de-bad-bunny-en-sus-tres-shows-en-argentina\/#breadcrumb","itemListElement":[{"@type":"ListItem","position":1,"name":"Portada","item":"http:\/\/cuartetoenlaweb.com.ar\/sitio\/"},{"@type":"ListItem","position":2,"name":"D\u00eda por d\u00eda, qui\u00e9nes estuvieron en la casita de Bad Bunny en sus tres shows en Argentina"}]},{"@type":"WebSite","@id":"http:\/\/cuartetoenlaweb.com.ar\/sitio\/#website","url":"http:\/\/cuartetoenlaweb.com.ar\/sitio\/","name":"Cuarteto en la Web","description":"","publisher":{"@id":"http:\/\/cuartetoenlaweb.com.ar\/sitio\/#organization"},"potentialAction":[{"@type":"SearchAction","target":{"@type":"EntryPoint","urlTemplate":"http:\/\/cuartetoenlaweb.com.ar\/sitio\/?s={search_term_string}"},"query-input":{"@type":"PropertyValueSpecification","valueRequired":true,"valueName":"search_term_string"}}],"inLanguage":"es"},{"@type":"Organization","@id":"http:\/\/cuartetoenlaweb.com.ar\/sitio\/#organization","name":"Cuarteto en la Web","url":"http:\/\/cuartetoenlaweb.com.ar\/sitio\/","logo":{"@type":"ImageObject","inLanguage":"es","@id":"http:\/\/cuartetoenlaweb.com.ar\/sitio\/#\/schema\/logo\/image\/","url":"https:\/\/cuartetoenlaweb.com.ar\/sitio\/wp-content\/uploads\/2025\/07\/cropped-cropped-logitoweb21.png","contentUrl":"https:\/\/cuartetoenlaweb.com.ar\/sitio\/wp-content\/uploads\/2025\/07\/cropped-cropped-logitoweb21.png","width":199,"height":199,"caption":"Cuarteto en la Web"},"image":{"@id":"http:\/\/cuartetoenlaweb.com.ar\/sitio\/#\/schema\/logo\/image\/"}}]}},"_links":{"self":[{"href":"https:\/\/cuartetoenlaweb.com.ar\/sitio\/wp-json\/wp\/v2\/posts\/11830","targetHints":{"allow":["GET"]}}],"collection":[{"href":"https:\/\/cuartetoenlaweb.com.ar\/sitio\/wp-json\/wp\/v2\/posts"}],"about":[{"href":"https:\/\/cuartetoenlaweb.com.ar\/sitio\/wp-json\/wp\/v2\/types\/post"}],"replies":[{"embeddable":true,"href":"https:\/\/cuartetoenlaweb.com.ar\/sitio\/wp-json\/wp\/v2\/comments?post=11830"}],"version-history":[{"count":0,"href":"https:\/\/cuartetoenlaweb.com.ar\/sitio\/wp-json\/wp\/v2\/posts\/11830\/revisions"}],"wp:featuredmedia":[{"embeddable":true,"href":"https:\/\/cuartetoenlaweb.com.ar\/sitio\/wp-json\/wp\/v2\/media\/11831"}],"wp:attachment":[{"href":"https:\/\/cuartetoenlaweb.com.ar\/sitio\/wp-json\/wp\/v2\/media?parent=11830"}],"wp:term":[{"taxonomy":"category","embeddable":true,"href":"https:\/\/cuartetoenlaweb.com.ar\/sitio\/wp-json\/wp\/v2\/categories?post=11830"},{"taxonomy":"post_tag","embeddable":true,"href":"https:\/\/cuartetoenlaweb.com.ar\/sitio\/wp-json\/wp\/v2\/tags?post=11830"}],"curies":[{"name":"wp","href":"https:\/\/api.w.org\/{rel}","templated":true}]}}