
{"id":11828,"date":"2026-02-16T13:00:32","date_gmt":"2026-02-16T16:00:32","guid":{"rendered":"http:\/\/cuartetoenlaweb.com.ar\/sitio\/un-nuevo-estudio-desafia-lo-que-sabemos-sobre-la-conciencia-despues-de-la-muerte\/"},"modified":"2026-02-16T13:00:32","modified_gmt":"2026-02-16T16:00:32","slug":"un-nuevo-estudio-desafia-lo-que-sabemos-sobre-la-conciencia-despues-de-la-muerte","status":"publish","type":"post","link":"https:\/\/cuartetoenlaweb.com.ar\/sitio\/un-nuevo-estudio-desafia-lo-que-sabemos-sobre-la-conciencia-despues-de-la-muerte\/","title":{"rendered":"Un nuevo estudio desaf\u00eda lo que sabemos sobre la conciencia despu\u00e9s de la muerte"},"content":{"rendered":"<p>La actividad cerebral el\u00e9ctrica consistente con la conciencia puede persistir mucho m\u00e1s tiempo de lo que tradicionalmente se supon\u00eda durante un paro card\u00edaco, seg\u00fan un estudio cl\u00ednico pionero dirigido por el Dr. Sam Parnia, director de investigaci\u00f3n de cuidados cr\u00edticos y reanimaci\u00f3n de la Escuela de Medicina NYU Langone en Nueva York. <\/p>\n<p>Los hallazgos, publicados en la revista <a href=\"https:\/\/www.resuscitationjournal.com\/article\/S0300-9572%2823%2900216-2\/abstract\" target=\"_blank\" rel=\"noreferrer\" title=\"https:\/\/www.resuscitationjournal.com\/article\/S0300-9572%2823%2900216-2\/abstract\"><i><b>Resuscitation<\/b><\/i><\/a>, se centraron en lo que los pacientes podr\u00edan percibir en los momentos cercanos a la muerte.<\/p>\n<p>El Dr. Parnia afirm\u00f3 que los resultados desaf\u00edan supuestos de larga data sobre la respuesta del cerebro a la falta de ox\u00edgeno. <\/p>\n<p>\u201cAunque los m\u00e9dicos han pensado durante mucho tiempo que el cerebro sufre da\u00f1os permanentes unos 10 minutos despu\u00e9s de que el coraz\u00f3n deja de suministrarle ox\u00edgeno, nuestro trabajo descubri\u00f3 que el cerebro puede mostrar signos de recuperaci\u00f3n el\u00e9ctrica incluso avanzada la RCP en curso\u201d, se\u00f1al\u00f3 Parnia en un comunicado citado por el<b> <\/b><a href=\"https:\/\/www.google.com\/url?q=https:\/\/www.resuscitationjournal.com\/article\/S0300-9572(23)00216-2\/abstract&amp;sa=D&amp;source=docs&amp;ust=1771259389420586&amp;usg=AOvVaw1UzWhOZ-EhF9xO0kgyQs73\" target=\"_blank\" rel=\"noreferrer\" title=\"https:\/\/www.google.com\/url?q=https:\/\/www.resuscitationjournal.com\/article\/S0300-9572(23)00216-2\/abstract&amp;sa=D&amp;source=docs&amp;ust=1771259389420586&amp;usg=AOvVaw1UzWhOZ-EhF9xO0kgyQs73\"><i><b>Daily Mail<\/b><\/i><\/a>.<\/p>\n<h2>Conciencia despu\u00e9s de la muerte: el estudio<\/h2>\n<p>En este estudio prospectivo realizado en 25 centros hospitalarios, los investigadores examinaron la actividad cognitiva durante la reanimaci\u00f3n cardiopulmonar (RCP) en pacientes que sufrieron un paro card\u00edaco intrahospitalario (IHCA). La investigaci\u00f3n combin\u00f3 electroencefalograf\u00eda (EEG) continua en tiempo real, monitoreo de la oxigenaci\u00f3n cerebral y pruebas audiovisuales independientes dise\u00f1adas para evaluar el estado de conciencia.<\/p>\n<p>De los 567 pacientes que sufrieron un paro card\u00edaco intrahospitalario, 53 (el 9,3%) sobrevivieron. 28 sobrevivientes completaron entrevistas detalladas, y 11 de ellos (el 39,3%) informaron recuerdos o percepciones que suger\u00edan conciencia durante su paro card\u00edaco.<\/p>\n<p>Los investigadores identificaron cuatro categor\u00edas distintas de experiencias:<\/p>\n<ul>\n<li><b>Surgimiento del coma durante la RCP (conciencia inducida por RCP)<\/b>.<\/li>\n<li><b>Surgimiento en el per\u00edodo posterior a la reanimaci\u00f3n<\/b>.<\/li>\n<li><b>Experiencias similares a los sue\u00f1os<\/b>.<\/li>\n<li><b>Experiencias trascendentes de muerte recordadas<\/b>.<\/li>\n<\/ul>\n<p><img loading=\"lazy\" decoding=\"async\" src=\"https:\/\/www.lavoz.com.ar\/resizer\/ZCDkQZkSH4KyRgHhSDZ35gHbaEI=\/cloudfront-us-east-1.images.arcpublishing.com\/grupoclarin\/GAD7W3CT4BFRLBDOB4HVD4O7I4.jpg\" alt=\"11 pacientes informaron recuerdos o percepciones que suger\u00edan conciencia durante su paro card\u00edaco. (Imagen ilustrativa)\" height=\"867\" width=\"1300\" \/><\/p>\n<p>A pesar de una marcada isquemia cerebral, con una saturaci\u00f3n de ox\u00edgeno cerebral regional media (rSO\u2082) medida en el 43%, los registros de EEG revelaron patrones descritos como \u201cactividad normal (delta, theta y alfa) consistente con la conciencia\u201d que surgieron entre los 35 y 60 minutos de iniciada la RCP.<\/p>\n<p>El estudio tambi\u00e9n intent\u00f3 medir la conciencia expl\u00edcita e impl\u00edcita utilizando est\u00edmulos audiovisuales. Ninguno de los sobrevivientes entrevistados identific\u00f3 la imagen visual presentada durante la reanimaci\u00f3n, mientras que un paciente (el 3,5%) identific\u00f3 correctamente el est\u00edmulo auditivo.<\/p>\n<h2>\u201cExperiencia de muerte recordada\u201d<\/h2>\n<p>Los investigadores advirtieron que las bajas tasas de supervivencia limitaron la capacidad de extraer conclusiones firmes con respecto al aprendizaje o la formaci\u00f3n de la memoria durante el paro card\u00edaco. Sin embargo, se\u00f1alaron que el surgimiento de una actividad de EEG organizada puede representar un biomarcador de conciencia, lucidez y lo que denominaron \u201cexperiencia de muerte recordada\u201d.<\/p>\n<p>En declaraciones anteriores, Parnia vincul\u00f3 estos fen\u00f3menos a cambios en la regulaci\u00f3n cerebral durante un estr\u00e9s fisiol\u00f3gico extremo. \u201cA medida que el cerebro se apaga, debido a la falta de flujo sangu\u00edneo en la muerte, se eliminan los sistemas de frenado normales en el cerebro, lo que se conoce como desinhibici\u00f3n\u201d, explic\u00f3 Parnia en 2023. \u201cEsto permite que las personas tengan acceso a toda su conciencia: todos sus pensamientos, recuerdos, todos sus estados emocionales, todo lo que han hecho, que reviven a trav\u00e9s de la perspectiva de la moral y la \u00e9tica\u201d.<\/p>\n<p><img loading=\"lazy\" decoding=\"async\" src=\"https:\/\/www.lavoz.com.ar\/resizer\/19D9HBtjvn-TfxlwnuyTJl-QsZQ=\/cloudfront-us-east-1.images.arcpublishing.com\/grupoclarin\/ICF5QGRZUNAX3EZTOZVAISKZX4.jpg\" alt=\"El estudio prospectivo se realiz\u00f3 en 25 centros hospitalarios. (Imagen ilustrativa)\" height=\"867\" width=\"1300\" \/><\/p>\n<p>Una mejor comprensi\u00f3n de cu\u00e1nto tiempo pueden persistir los procesos cognitivos podr\u00eda influir en las estrategias destinadas a proteger el cerebro durante la RCP, as\u00ed como en las decisiones relacionadas con el momento de la determinaci\u00f3n de la muerte. Los autores del estudio de <i>Resuscitation<\/i> concluyeron que \u201cla conciencia, el darse cuenta y los procesos cognitivos pueden ocurrir durante un paro card\u00edaco\u201d, y agregaron que los patrones de EEG observados pueden reflejar una reanudaci\u00f3n temporal de la actividad cerebral a nivel de red, en lugar de disparos neuronales aleatorios.<\/p>\n<p>Si bien los mecanismos siguen bajo investigaci\u00f3n, los datos se suman a un creciente cuerpo de investigaci\u00f3n que sugiere que el l\u00edmite entre la vida y la muerte, al menos a nivel de la funci\u00f3n cerebral, puede ser m\u00e1s complejo de lo que se entend\u00eda anteriormente.<\/p>\n","protected":false},"excerpt":{"rendered":"<p>La actividad cerebral el\u00e9ctrica consistente con la conciencia puede persistir<\/p>\n","protected":false},"author":0,"featured_media":11829,"comment_status":"","ping_status":"","sticky":false,"template":"","format":"standard","meta":{"footnotes":""},"categories":[65],"tags":[],"class_list":["post-11828","post","type-post","status-publish","format-standard","has-post-thumbnail","hentry","category-pais"],"yoast_head":"<!-- This site is optimized with the Yoast SEO plugin v27.5 - https:\/\/yoast.com\/product\/yoast-seo-wordpress\/ -->\n<title>Un nuevo estudio desaf\u00eda lo que sabemos sobre la conciencia despu\u00e9s de la muerte - Cuarteto en la Web<\/title>\n<meta name=\"robots\" content=\"index, follow, max-snippet:-1, max-image-preview:large, max-video-preview:-1\" \/>\n<link rel=\"canonical\" href=\"https:\/\/cuartetoenlaweb.com.ar\/sitio\/un-nuevo-estudio-desafia-lo-que-sabemos-sobre-la-conciencia-despues-de-la-muerte\/\" \/>\n<meta property=\"og:locale\" content=\"es_ES\" \/>\n<meta property=\"og:type\" content=\"article\" \/>\n<meta property=\"og:title\" content=\"Un nuevo estudio desaf\u00eda lo que sabemos sobre la conciencia despu\u00e9s de la muerte - Cuarteto en la Web\" \/>\n<meta property=\"og:description\" content=\"La actividad cerebral el\u00e9ctrica consistente con la conciencia puede persistir\" \/>\n<meta property=\"og:url\" content=\"https:\/\/cuartetoenlaweb.com.ar\/sitio\/un-nuevo-estudio-desafia-lo-que-sabemos-sobre-la-conciencia-despues-de-la-muerte\/\" \/>\n<meta property=\"og:site_name\" content=\"Cuarteto en la Web\" \/>\n<meta property=\"article:published_time\" content=\"2026-02-16T16:00:32+00:00\" \/>\n<meta property=\"og:image\" content=\"https:\/\/cuartetoenlaweb.com.ar\/sitio\/wp-content\/uploads\/2026\/02\/MAVYQHSAXREBJBIHW6R4OY2C7E.jpg\" \/>\n\t<meta property=\"og:image:width\" content=\"1300\" \/>\n\t<meta property=\"og:image:height\" content=\"867\" \/>\n\t<meta property=\"og:image:type\" content=\"image\/jpeg\" \/>\n<meta name=\"twitter:card\" content=\"summary_large_image\" \/>\n<meta name=\"twitter:label1\" content=\"Tiempo de lectura\" \/>\n\t<meta name=\"twitter:data1\" content=\"4 minutos\" \/>\n<script type=\"application\/ld+json\" class=\"yoast-schema-graph\">{\"@context\":\"https:\\\/\\\/schema.org\",\"@graph\":[{\"@type\":\"Article\",\"@id\":\"https:\\\/\\\/cuartetoenlaweb.com.ar\\\/sitio\\\/un-nuevo-estudio-desafia-lo-que-sabemos-sobre-la-conciencia-despues-de-la-muerte\\\/#article\",\"isPartOf\":{\"@id\":\"https:\\\/\\\/cuartetoenlaweb.com.ar\\\/sitio\\\/un-nuevo-estudio-desafia-lo-que-sabemos-sobre-la-conciencia-despues-de-la-muerte\\\/\"},\"author\":{\"name\":\"\",\"@id\":\"\"},\"headline\":\"Un nuevo estudio desaf\u00eda lo que sabemos sobre la conciencia despu\u00e9s de la muerte\",\"datePublished\":\"2026-02-16T16:00:32+00:00\",\"mainEntityOfPage\":{\"@id\":\"https:\\\/\\\/cuartetoenlaweb.com.ar\\\/sitio\\\/un-nuevo-estudio-desafia-lo-que-sabemos-sobre-la-conciencia-despues-de-la-muerte\\\/\"},\"wordCount\":726,\"publisher\":{\"@id\":\"http:\\\/\\\/cuartetoenlaweb.com.ar\\\/sitio\\\/#organization\"},\"image\":{\"@id\":\"https:\\\/\\\/cuartetoenlaweb.com.ar\\\/sitio\\\/un-nuevo-estudio-desafia-lo-que-sabemos-sobre-la-conciencia-despues-de-la-muerte\\\/#primaryimage\"},\"thumbnailUrl\":\"https:\\\/\\\/cuartetoenlaweb.com.ar\\\/sitio\\\/wp-content\\\/uploads\\\/2026\\\/02\\\/MAVYQHSAXREBJBIHW6R4OY2C7E.jpg\",\"articleSection\":[\"PAIS\"],\"inLanguage\":\"es\"},{\"@type\":\"WebPage\",\"@id\":\"https:\\\/\\\/cuartetoenlaweb.com.ar\\\/sitio\\\/un-nuevo-estudio-desafia-lo-que-sabemos-sobre-la-conciencia-despues-de-la-muerte\\\/\",\"url\":\"https:\\\/\\\/cuartetoenlaweb.com.ar\\\/sitio\\\/un-nuevo-estudio-desafia-lo-que-sabemos-sobre-la-conciencia-despues-de-la-muerte\\\/\",\"name\":\"Un nuevo estudio desaf\u00eda lo que sabemos sobre la conciencia despu\u00e9s de la muerte - Cuarteto en la Web\",\"isPartOf\":{\"@id\":\"http:\\\/\\\/cuartetoenlaweb.com.ar\\\/sitio\\\/#website\"},\"primaryImageOfPage\":{\"@id\":\"https:\\\/\\\/cuartetoenlaweb.com.ar\\\/sitio\\\/un-nuevo-estudio-desafia-lo-que-sabemos-sobre-la-conciencia-despues-de-la-muerte\\\/#primaryimage\"},\"image\":{\"@id\":\"https:\\\/\\\/cuartetoenlaweb.com.ar\\\/sitio\\\/un-nuevo-estudio-desafia-lo-que-sabemos-sobre-la-conciencia-despues-de-la-muerte\\\/#primaryimage\"},\"thumbnailUrl\":\"https:\\\/\\\/cuartetoenlaweb.com.ar\\\/sitio\\\/wp-content\\\/uploads\\\/2026\\\/02\\\/MAVYQHSAXREBJBIHW6R4OY2C7E.jpg\",\"datePublished\":\"2026-02-16T16:00:32+00:00\",\"breadcrumb\":{\"@id\":\"https:\\\/\\\/cuartetoenlaweb.com.ar\\\/sitio\\\/un-nuevo-estudio-desafia-lo-que-sabemos-sobre-la-conciencia-despues-de-la-muerte\\\/#breadcrumb\"},\"inLanguage\":\"es\",\"potentialAction\":[{\"@type\":\"ReadAction\",\"target\":[\"https:\\\/\\\/cuartetoenlaweb.com.ar\\\/sitio\\\/un-nuevo-estudio-desafia-lo-que-sabemos-sobre-la-conciencia-despues-de-la-muerte\\\/\"]}]},{\"@type\":\"ImageObject\",\"inLanguage\":\"es\",\"@id\":\"https:\\\/\\\/cuartetoenlaweb.com.ar\\\/sitio\\\/un-nuevo-estudio-desafia-lo-que-sabemos-sobre-la-conciencia-despues-de-la-muerte\\\/#primaryimage\",\"url\":\"https:\\\/\\\/cuartetoenlaweb.com.ar\\\/sitio\\\/wp-content\\\/uploads\\\/2026\\\/02\\\/MAVYQHSAXREBJBIHW6R4OY2C7E.jpg\",\"contentUrl\":\"https:\\\/\\\/cuartetoenlaweb.com.ar\\\/sitio\\\/wp-content\\\/uploads\\\/2026\\\/02\\\/MAVYQHSAXREBJBIHW6R4OY2C7E.jpg\",\"width\":1300,\"height\":867},{\"@type\":\"BreadcrumbList\",\"@id\":\"https:\\\/\\\/cuartetoenlaweb.com.ar\\\/sitio\\\/un-nuevo-estudio-desafia-lo-que-sabemos-sobre-la-conciencia-despues-de-la-muerte\\\/#breadcrumb\",\"itemListElement\":[{\"@type\":\"ListItem\",\"position\":1,\"name\":\"Portada\",\"item\":\"http:\\\/\\\/cuartetoenlaweb.com.ar\\\/sitio\\\/\"},{\"@type\":\"ListItem\",\"position\":2,\"name\":\"Un nuevo estudio desaf\u00eda lo que sabemos sobre la conciencia despu\u00e9s de la muerte\"}]},{\"@type\":\"WebSite\",\"@id\":\"http:\\\/\\\/cuartetoenlaweb.com.ar\\\/sitio\\\/#website\",\"url\":\"http:\\\/\\\/cuartetoenlaweb.com.ar\\\/sitio\\\/\",\"name\":\"Cuarteto en la Web\",\"description\":\"\",\"publisher\":{\"@id\":\"http:\\\/\\\/cuartetoenlaweb.com.ar\\\/sitio\\\/#organization\"},\"potentialAction\":[{\"@type\":\"SearchAction\",\"target\":{\"@type\":\"EntryPoint\",\"urlTemplate\":\"http:\\\/\\\/cuartetoenlaweb.com.ar\\\/sitio\\\/?s={search_term_string}\"},\"query-input\":{\"@type\":\"PropertyValueSpecification\",\"valueRequired\":true,\"valueName\":\"search_term_string\"}}],\"inLanguage\":\"es\"},{\"@type\":\"Organization\",\"@id\":\"http:\\\/\\\/cuartetoenlaweb.com.ar\\\/sitio\\\/#organization\",\"name\":\"Cuarteto en la Web\",\"url\":\"http:\\\/\\\/cuartetoenlaweb.com.ar\\\/sitio\\\/\",\"logo\":{\"@type\":\"ImageObject\",\"inLanguage\":\"es\",\"@id\":\"http:\\\/\\\/cuartetoenlaweb.com.ar\\\/sitio\\\/#\\\/schema\\\/logo\\\/image\\\/\",\"url\":\"https:\\\/\\\/cuartetoenlaweb.com.ar\\\/sitio\\\/wp-content\\\/uploads\\\/2025\\\/07\\\/cropped-cropped-logitoweb21.png\",\"contentUrl\":\"https:\\\/\\\/cuartetoenlaweb.com.ar\\\/sitio\\\/wp-content\\\/uploads\\\/2025\\\/07\\\/cropped-cropped-logitoweb21.png\",\"width\":199,\"height\":199,\"caption\":\"Cuarteto en la Web\"},\"image\":{\"@id\":\"http:\\\/\\\/cuartetoenlaweb.com.ar\\\/sitio\\\/#\\\/schema\\\/logo\\\/image\\\/\"}}]}<\/script>\n<!-- \/ Yoast SEO plugin. -->","yoast_head_json":{"title":"Un nuevo estudio desaf\u00eda lo que sabemos sobre la conciencia despu\u00e9s de la muerte - Cuarteto en la Web","robots":{"index":"index","follow":"follow","max-snippet":"max-snippet:-1","max-image-preview":"max-image-preview:large","max-video-preview":"max-video-preview:-1"},"canonical":"https:\/\/cuartetoenlaweb.com.ar\/sitio\/un-nuevo-estudio-desafia-lo-que-sabemos-sobre-la-conciencia-despues-de-la-muerte\/","og_locale":"es_ES","og_type":"article","og_title":"Un nuevo estudio desaf\u00eda lo que sabemos sobre la conciencia despu\u00e9s de la muerte - Cuarteto en la Web","og_description":"La actividad cerebral el\u00e9ctrica consistente con la conciencia puede persistir","og_url":"https:\/\/cuartetoenlaweb.com.ar\/sitio\/un-nuevo-estudio-desafia-lo-que-sabemos-sobre-la-conciencia-despues-de-la-muerte\/","og_site_name":"Cuarteto en la Web","article_published_time":"2026-02-16T16:00:32+00:00","og_image":[{"width":1300,"height":867,"url":"https:\/\/cuartetoenlaweb.com.ar\/sitio\/wp-content\/uploads\/2026\/02\/MAVYQHSAXREBJBIHW6R4OY2C7E.jpg","type":"image\/jpeg"}],"twitter_card":"summary_large_image","twitter_misc":{"Tiempo de lectura":"4 minutos"},"schema":{"@context":"https:\/\/schema.org","@graph":[{"@type":"Article","@id":"https:\/\/cuartetoenlaweb.com.ar\/sitio\/un-nuevo-estudio-desafia-lo-que-sabemos-sobre-la-conciencia-despues-de-la-muerte\/#article","isPartOf":{"@id":"https:\/\/cuartetoenlaweb.com.ar\/sitio\/un-nuevo-estudio-desafia-lo-que-sabemos-sobre-la-conciencia-despues-de-la-muerte\/"},"author":{"name":"","@id":""},"headline":"Un nuevo estudio desaf\u00eda lo que sabemos sobre la conciencia despu\u00e9s de la muerte","datePublished":"2026-02-16T16:00:32+00:00","mainEntityOfPage":{"@id":"https:\/\/cuartetoenlaweb.com.ar\/sitio\/un-nuevo-estudio-desafia-lo-que-sabemos-sobre-la-conciencia-despues-de-la-muerte\/"},"wordCount":726,"publisher":{"@id":"http:\/\/cuartetoenlaweb.com.ar\/sitio\/#organization"},"image":{"@id":"https:\/\/cuartetoenlaweb.com.ar\/sitio\/un-nuevo-estudio-desafia-lo-que-sabemos-sobre-la-conciencia-despues-de-la-muerte\/#primaryimage"},"thumbnailUrl":"https:\/\/cuartetoenlaweb.com.ar\/sitio\/wp-content\/uploads\/2026\/02\/MAVYQHSAXREBJBIHW6R4OY2C7E.jpg","articleSection":["PAIS"],"inLanguage":"es"},{"@type":"WebPage","@id":"https:\/\/cuartetoenlaweb.com.ar\/sitio\/un-nuevo-estudio-desafia-lo-que-sabemos-sobre-la-conciencia-despues-de-la-muerte\/","url":"https:\/\/cuartetoenlaweb.com.ar\/sitio\/un-nuevo-estudio-desafia-lo-que-sabemos-sobre-la-conciencia-despues-de-la-muerte\/","name":"Un nuevo estudio desaf\u00eda lo que sabemos sobre la conciencia despu\u00e9s de la muerte - Cuarteto en la Web","isPartOf":{"@id":"http:\/\/cuartetoenlaweb.com.ar\/sitio\/#website"},"primaryImageOfPage":{"@id":"https:\/\/cuartetoenlaweb.com.ar\/sitio\/un-nuevo-estudio-desafia-lo-que-sabemos-sobre-la-conciencia-despues-de-la-muerte\/#primaryimage"},"image":{"@id":"https:\/\/cuartetoenlaweb.com.ar\/sitio\/un-nuevo-estudio-desafia-lo-que-sabemos-sobre-la-conciencia-despues-de-la-muerte\/#primaryimage"},"thumbnailUrl":"https:\/\/cuartetoenlaweb.com.ar\/sitio\/wp-content\/uploads\/2026\/02\/MAVYQHSAXREBJBIHW6R4OY2C7E.jpg","datePublished":"2026-02-16T16:00:32+00:00","breadcrumb":{"@id":"https:\/\/cuartetoenlaweb.com.ar\/sitio\/un-nuevo-estudio-desafia-lo-que-sabemos-sobre-la-conciencia-despues-de-la-muerte\/#breadcrumb"},"inLanguage":"es","potentialAction":[{"@type":"ReadAction","target":["https:\/\/cuartetoenlaweb.com.ar\/sitio\/un-nuevo-estudio-desafia-lo-que-sabemos-sobre-la-conciencia-despues-de-la-muerte\/"]}]},{"@type":"ImageObject","inLanguage":"es","@id":"https:\/\/cuartetoenlaweb.com.ar\/sitio\/un-nuevo-estudio-desafia-lo-que-sabemos-sobre-la-conciencia-despues-de-la-muerte\/#primaryimage","url":"https:\/\/cuartetoenlaweb.com.ar\/sitio\/wp-content\/uploads\/2026\/02\/MAVYQHSAXREBJBIHW6R4OY2C7E.jpg","contentUrl":"https:\/\/cuartetoenlaweb.com.ar\/sitio\/wp-content\/uploads\/2026\/02\/MAVYQHSAXREBJBIHW6R4OY2C7E.jpg","width":1300,"height":867},{"@type":"BreadcrumbList","@id":"https:\/\/cuartetoenlaweb.com.ar\/sitio\/un-nuevo-estudio-desafia-lo-que-sabemos-sobre-la-conciencia-despues-de-la-muerte\/#breadcrumb","itemListElement":[{"@type":"ListItem","position":1,"name":"Portada","item":"http:\/\/cuartetoenlaweb.com.ar\/sitio\/"},{"@type":"ListItem","position":2,"name":"Un nuevo estudio desaf\u00eda lo que sabemos sobre la conciencia despu\u00e9s de la muerte"}]},{"@type":"WebSite","@id":"http:\/\/cuartetoenlaweb.com.ar\/sitio\/#website","url":"http:\/\/cuartetoenlaweb.com.ar\/sitio\/","name":"Cuarteto en la Web","description":"","publisher":{"@id":"http:\/\/cuartetoenlaweb.com.ar\/sitio\/#organization"},"potentialAction":[{"@type":"SearchAction","target":{"@type":"EntryPoint","urlTemplate":"http:\/\/cuartetoenlaweb.com.ar\/sitio\/?s={search_term_string}"},"query-input":{"@type":"PropertyValueSpecification","valueRequired":true,"valueName":"search_term_string"}}],"inLanguage":"es"},{"@type":"Organization","@id":"http:\/\/cuartetoenlaweb.com.ar\/sitio\/#organization","name":"Cuarteto en la Web","url":"http:\/\/cuartetoenlaweb.com.ar\/sitio\/","logo":{"@type":"ImageObject","inLanguage":"es","@id":"http:\/\/cuartetoenlaweb.com.ar\/sitio\/#\/schema\/logo\/image\/","url":"https:\/\/cuartetoenlaweb.com.ar\/sitio\/wp-content\/uploads\/2025\/07\/cropped-cropped-logitoweb21.png","contentUrl":"https:\/\/cuartetoenlaweb.com.ar\/sitio\/wp-content\/uploads\/2025\/07\/cropped-cropped-logitoweb21.png","width":199,"height":199,"caption":"Cuarteto en la Web"},"image":{"@id":"http:\/\/cuartetoenlaweb.com.ar\/sitio\/#\/schema\/logo\/image\/"}}]}},"_links":{"self":[{"href":"https:\/\/cuartetoenlaweb.com.ar\/sitio\/wp-json\/wp\/v2\/posts\/11828","targetHints":{"allow":["GET"]}}],"collection":[{"href":"https:\/\/cuartetoenlaweb.com.ar\/sitio\/wp-json\/wp\/v2\/posts"}],"about":[{"href":"https:\/\/cuartetoenlaweb.com.ar\/sitio\/wp-json\/wp\/v2\/types\/post"}],"replies":[{"embeddable":true,"href":"https:\/\/cuartetoenlaweb.com.ar\/sitio\/wp-json\/wp\/v2\/comments?post=11828"}],"version-history":[{"count":0,"href":"https:\/\/cuartetoenlaweb.com.ar\/sitio\/wp-json\/wp\/v2\/posts\/11828\/revisions"}],"wp:featuredmedia":[{"embeddable":true,"href":"https:\/\/cuartetoenlaweb.com.ar\/sitio\/wp-json\/wp\/v2\/media\/11829"}],"wp:attachment":[{"href":"https:\/\/cuartetoenlaweb.com.ar\/sitio\/wp-json\/wp\/v2\/media?parent=11828"}],"wp:term":[{"taxonomy":"category","embeddable":true,"href":"https:\/\/cuartetoenlaweb.com.ar\/sitio\/wp-json\/wp\/v2\/categories?post=11828"},{"taxonomy":"post_tag","embeddable":true,"href":"https:\/\/cuartetoenlaweb.com.ar\/sitio\/wp-json\/wp\/v2\/tags?post=11828"}],"curies":[{"name":"wp","href":"https:\/\/api.w.org\/{rel}","templated":true}]}}