
{"id":11822,"date":"2026-02-16T12:59:55","date_gmt":"2026-02-16T15:59:55","guid":{"rendered":"http:\/\/cuartetoenlaweb.com.ar\/sitio\/la-cgt-confirmo-un-paro-general-sin-movilizacion-contra-la-reforma-laboral\/"},"modified":"2026-02-16T12:59:55","modified_gmt":"2026-02-16T15:59:55","slug":"la-cgt-confirmo-un-paro-general-sin-movilizacion-contra-la-reforma-laboral","status":"publish","type":"post","link":"https:\/\/cuartetoenlaweb.com.ar\/sitio\/la-cgt-confirmo-un-paro-general-sin-movilizacion-contra-la-reforma-laboral\/","title":{"rendered":"La CGT confirm\u00f3 un paro general sin movilizaci\u00f3n contra la reforma laboral"},"content":{"rendered":"<p>La Confederaci\u00f3n General del Trabajo (CGT) realiz\u00f3 este lunes una reuni\u00f3n para definir la realizaci\u00f3n un paro general en <a href=\"https:\/\/www.lavoz.com.ar\/politica\/reforma-laboral-sindicatos-anuncian-paro-y-movilizacion-cuando-el-proyecto-llegue-a-diputados\/\" target=\"_blank\" rel=\"noreferrer\" title=\"https:\/\/www.lavoz.com.ar\/politica\/reforma-laboral-sindicatos-anuncian-paro-y-movilizacion-cuando-el-proyecto-llegue-a-diputados\/\"><b>rechazo a la reforma laboral<\/b><\/a> que ya cuenta con media sanci\u00f3n del Senado y comenzar\u00e1 a tratarse esta semana en Diputados. <\/p>\n<p>La reuni\u00f3n se realiz\u00f3 de manera virtual desde las 11 y los trascendidos indican que ya se habr\u00eda definido la medida de fuerza: <b>paro general sin movilizaci\u00f3n<\/b>, seg\u00fan lo informado por Clar\u00edn.<\/p>\n<p>Previo al encuentro, Cristian Jer\u00f3nimo, uno de los tres jefes de la central sindical, <a href=\"https:\/\/www.lavoz.com.ar\/politica\/trabajaremos-para-que-sea-una-gran-huelga-la-cgt-define-este-lunes-un-paro-nacional-de-24-horas\/\" target=\"_blank\" rel=\"noreferrer\" title=\"https:\/\/www.lavoz.com.ar\/politica\/trabajaremos-para-que-sea-una-gran-huelga-la-cgt-define-este-lunes-un-paro-nacional-de-24-horas\/\"><b>confirm\u00f3 que existen consensos colectivos para avanzar con la medida<\/b><\/a>. \u201cTrabajaremos para que sea una gran huelga\u201d, afirm\u00f3 el dirigente, quien enfatiz\u00f3 la necesidad de que los diputados rechacen el proyecto actual.<\/p>\n<p>A su vez, <b>Jer\u00f3nimo<\/b> asegur\u00f3 que <b>\u201cest\u00e1n dadas las condiciones y generados los consensos <\/b>colectivos para ir hacia una huelga nacional\u201d<\/p>\n<h2>La CGT define este lunes un paro nacional <\/h2>\n<p>Seg\u00fan adelant\u00f3 Clar\u00edn, la medida de fuerza se concretar\u00eda el mismo d\u00eda que Diputados tratar\u00e1 el proyecto, <b>sesi\u00f3n que todav\u00eda no tiene fecha<\/b>. El Gobierno pretend\u00eda liquidar el mi\u00e9rcoles pr\u00f3ximo la discusi\u00f3n en comisi\u00f3n y darle tratamiento en segunda lectura el jueves pr\u00f3ximo, pero ese objetivo est\u00e1 en dudas dada la conflictividad generada en tormo a los cambios en las licencias por enfermedad.<\/p>\n<p>El cuestionamiento de la CGT se fundamenta en que consideran la reforma como un proceso \u201cregresivo\u201d y perjudicial para los trabajadores. Entre los puntos m\u00e1s objetados figuran los cambios en el sistema de indemnizaciones y la modificaci\u00f3n de la jornada laboral.<\/p>\n<p>Tambi\u00e9n genera fuerte rechazo la propuesta de reducir al 50% el pago de salarios en casos de licencias por accidentes o enfermedades no laborales. Seg\u00fan un documento interno de la central, estas medidas afectan directamente el bolsillo del trabajador en situaciones de vulnerabilidad m\u00e9dica.<\/p>\n<p>Desde el gremio del Vidrio, Jer\u00f3nimo sostuvo que la iniciativa tiene una \u201ccarga ideol\u00f3gica\u201d que atenta contra derechos individuales y colectivos. Asimismo, el Frente de Sindicatos Unidos (Fresu) ya anunci\u00f3 una movilizaci\u00f3n al Congreso para el d\u00eda del debate.<\/p>\n<p><i>Noticia en desarrollo<\/i><\/p>\n","protected":false},"excerpt":{"rendered":"<p>La Confederaci\u00f3n General del Trabajo (CGT) realiz\u00f3 este lunes una<\/p>\n","protected":false},"author":0,"featured_media":11823,"comment_status":"","ping_status":"","sticky":false,"template":"","format":"standard","meta":{"footnotes":""},"categories":[65],"tags":[],"class_list":["post-11822","post","type-post","status-publish","format-standard","has-post-thumbnail","hentry","category-pais"],"yoast_head":"<!-- This site is optimized with the Yoast SEO plugin v27.5 - https:\/\/yoast.com\/product\/yoast-seo-wordpress\/ -->\n<title>La CGT confirm\u00f3 un paro general sin movilizaci\u00f3n contra la reforma laboral - Cuarteto en la Web<\/title>\n<meta name=\"robots\" content=\"index, follow, max-snippet:-1, max-image-preview:large, max-video-preview:-1\" \/>\n<link rel=\"canonical\" href=\"http:\/\/cuartetoenlaweb.com.ar\/sitio\/la-cgt-confirmo-un-paro-general-sin-movilizacion-contra-la-reforma-laboral\/\" \/>\n<meta property=\"og:locale\" content=\"es_ES\" \/>\n<meta property=\"og:type\" content=\"article\" \/>\n<meta property=\"og:title\" content=\"La CGT confirm\u00f3 un paro general sin movilizaci\u00f3n contra la reforma laboral - Cuarteto en la Web\" \/>\n<meta property=\"og:description\" content=\"La Confederaci\u00f3n General del Trabajo (CGT) realiz\u00f3 este lunes una\" \/>\n<meta property=\"og:url\" content=\"http:\/\/cuartetoenlaweb.com.ar\/sitio\/la-cgt-confirmo-un-paro-general-sin-movilizacion-contra-la-reforma-laboral\/\" \/>\n<meta property=\"og:site_name\" content=\"Cuarteto en la Web\" \/>\n<meta property=\"article:published_time\" content=\"2026-02-16T15:59:55+00:00\" \/>\n<meta property=\"og:image\" content=\"http:\/\/cuartetoenlaweb.com.ar\/sitio\/wp-content\/uploads\/2026\/02\/RY4AEWPGQRAT7P2KI2P6FD45XE-scaled.jpg\" \/>\n\t<meta property=\"og:image:width\" content=\"2560\" \/>\n\t<meta property=\"og:image:height\" content=\"1718\" \/>\n\t<meta property=\"og:image:type\" content=\"image\/jpeg\" \/>\n<meta name=\"twitter:card\" content=\"summary_large_image\" \/>\n<meta name=\"twitter:label1\" content=\"Tiempo de lectura\" \/>\n\t<meta name=\"twitter:data1\" content=\"2 minutos\" \/>\n<script type=\"application\/ld+json\" class=\"yoast-schema-graph\">{\"@context\":\"https:\\\/\\\/schema.org\",\"@graph\":[{\"@type\":\"Article\",\"@id\":\"http:\\\/\\\/cuartetoenlaweb.com.ar\\\/sitio\\\/la-cgt-confirmo-un-paro-general-sin-movilizacion-contra-la-reforma-laboral\\\/#article\",\"isPartOf\":{\"@id\":\"http:\\\/\\\/cuartetoenlaweb.com.ar\\\/sitio\\\/la-cgt-confirmo-un-paro-general-sin-movilizacion-contra-la-reforma-laboral\\\/\"},\"author\":{\"name\":\"\",\"@id\":\"\"},\"headline\":\"La CGT confirm\u00f3 un paro general sin movilizaci\u00f3n contra la reforma laboral\",\"datePublished\":\"2026-02-16T15:59:55+00:00\",\"mainEntityOfPage\":{\"@id\":\"http:\\\/\\\/cuartetoenlaweb.com.ar\\\/sitio\\\/la-cgt-confirmo-un-paro-general-sin-movilizacion-contra-la-reforma-laboral\\\/\"},\"wordCount\":381,\"publisher\":{\"@id\":\"http:\\\/\\\/cuartetoenlaweb.com.ar\\\/sitio\\\/#organization\"},\"image\":{\"@id\":\"http:\\\/\\\/cuartetoenlaweb.com.ar\\\/sitio\\\/la-cgt-confirmo-un-paro-general-sin-movilizacion-contra-la-reforma-laboral\\\/#primaryimage\"},\"thumbnailUrl\":\"https:\\\/\\\/cuartetoenlaweb.com.ar\\\/sitio\\\/wp-content\\\/uploads\\\/2026\\\/02\\\/RY4AEWPGQRAT7P2KI2P6FD45XE-scaled.jpg\",\"articleSection\":[\"PAIS\"],\"inLanguage\":\"es\"},{\"@type\":\"WebPage\",\"@id\":\"http:\\\/\\\/cuartetoenlaweb.com.ar\\\/sitio\\\/la-cgt-confirmo-un-paro-general-sin-movilizacion-contra-la-reforma-laboral\\\/\",\"url\":\"http:\\\/\\\/cuartetoenlaweb.com.ar\\\/sitio\\\/la-cgt-confirmo-un-paro-general-sin-movilizacion-contra-la-reforma-laboral\\\/\",\"name\":\"La CGT confirm\u00f3 un paro general sin movilizaci\u00f3n contra la reforma laboral - Cuarteto en la Web\",\"isPartOf\":{\"@id\":\"http:\\\/\\\/cuartetoenlaweb.com.ar\\\/sitio\\\/#website\"},\"primaryImageOfPage\":{\"@id\":\"http:\\\/\\\/cuartetoenlaweb.com.ar\\\/sitio\\\/la-cgt-confirmo-un-paro-general-sin-movilizacion-contra-la-reforma-laboral\\\/#primaryimage\"},\"image\":{\"@id\":\"http:\\\/\\\/cuartetoenlaweb.com.ar\\\/sitio\\\/la-cgt-confirmo-un-paro-general-sin-movilizacion-contra-la-reforma-laboral\\\/#primaryimage\"},\"thumbnailUrl\":\"https:\\\/\\\/cuartetoenlaweb.com.ar\\\/sitio\\\/wp-content\\\/uploads\\\/2026\\\/02\\\/RY4AEWPGQRAT7P2KI2P6FD45XE-scaled.jpg\",\"datePublished\":\"2026-02-16T15:59:55+00:00\",\"breadcrumb\":{\"@id\":\"http:\\\/\\\/cuartetoenlaweb.com.ar\\\/sitio\\\/la-cgt-confirmo-un-paro-general-sin-movilizacion-contra-la-reforma-laboral\\\/#breadcrumb\"},\"inLanguage\":\"es\",\"potentialAction\":[{\"@type\":\"ReadAction\",\"target\":[\"http:\\\/\\\/cuartetoenlaweb.com.ar\\\/sitio\\\/la-cgt-confirmo-un-paro-general-sin-movilizacion-contra-la-reforma-laboral\\\/\"]}]},{\"@type\":\"ImageObject\",\"inLanguage\":\"es\",\"@id\":\"http:\\\/\\\/cuartetoenlaweb.com.ar\\\/sitio\\\/la-cgt-confirmo-un-paro-general-sin-movilizacion-contra-la-reforma-laboral\\\/#primaryimage\",\"url\":\"https:\\\/\\\/cuartetoenlaweb.com.ar\\\/sitio\\\/wp-content\\\/uploads\\\/2026\\\/02\\\/RY4AEWPGQRAT7P2KI2P6FD45XE-scaled.jpg\",\"contentUrl\":\"https:\\\/\\\/cuartetoenlaweb.com.ar\\\/sitio\\\/wp-content\\\/uploads\\\/2026\\\/02\\\/RY4AEWPGQRAT7P2KI2P6FD45XE-scaled.jpg\",\"width\":2560,\"height\":1718},{\"@type\":\"BreadcrumbList\",\"@id\":\"http:\\\/\\\/cuartetoenlaweb.com.ar\\\/sitio\\\/la-cgt-confirmo-un-paro-general-sin-movilizacion-contra-la-reforma-laboral\\\/#breadcrumb\",\"itemListElement\":[{\"@type\":\"ListItem\",\"position\":1,\"name\":\"Portada\",\"item\":\"http:\\\/\\\/cuartetoenlaweb.com.ar\\\/sitio\\\/\"},{\"@type\":\"ListItem\",\"position\":2,\"name\":\"La CGT confirm\u00f3 un paro general sin movilizaci\u00f3n contra la reforma laboral\"}]},{\"@type\":\"WebSite\",\"@id\":\"http:\\\/\\\/cuartetoenlaweb.com.ar\\\/sitio\\\/#website\",\"url\":\"http:\\\/\\\/cuartetoenlaweb.com.ar\\\/sitio\\\/\",\"name\":\"Cuarteto en la Web\",\"description\":\"\",\"publisher\":{\"@id\":\"http:\\\/\\\/cuartetoenlaweb.com.ar\\\/sitio\\\/#organization\"},\"potentialAction\":[{\"@type\":\"SearchAction\",\"target\":{\"@type\":\"EntryPoint\",\"urlTemplate\":\"http:\\\/\\\/cuartetoenlaweb.com.ar\\\/sitio\\\/?s={search_term_string}\"},\"query-input\":{\"@type\":\"PropertyValueSpecification\",\"valueRequired\":true,\"valueName\":\"search_term_string\"}}],\"inLanguage\":\"es\"},{\"@type\":\"Organization\",\"@id\":\"http:\\\/\\\/cuartetoenlaweb.com.ar\\\/sitio\\\/#organization\",\"name\":\"Cuarteto en la Web\",\"url\":\"http:\\\/\\\/cuartetoenlaweb.com.ar\\\/sitio\\\/\",\"logo\":{\"@type\":\"ImageObject\",\"inLanguage\":\"es\",\"@id\":\"http:\\\/\\\/cuartetoenlaweb.com.ar\\\/sitio\\\/#\\\/schema\\\/logo\\\/image\\\/\",\"url\":\"https:\\\/\\\/cuartetoenlaweb.com.ar\\\/sitio\\\/wp-content\\\/uploads\\\/2025\\\/07\\\/cropped-cropped-logitoweb21.png\",\"contentUrl\":\"https:\\\/\\\/cuartetoenlaweb.com.ar\\\/sitio\\\/wp-content\\\/uploads\\\/2025\\\/07\\\/cropped-cropped-logitoweb21.png\",\"width\":199,\"height\":199,\"caption\":\"Cuarteto en la Web\"},\"image\":{\"@id\":\"http:\\\/\\\/cuartetoenlaweb.com.ar\\\/sitio\\\/#\\\/schema\\\/logo\\\/image\\\/\"}}]}<\/script>\n<!-- \/ Yoast SEO plugin. -->","yoast_head_json":{"title":"La CGT confirm\u00f3 un paro general sin movilizaci\u00f3n contra la reforma laboral - Cuarteto en la Web","robots":{"index":"index","follow":"follow","max-snippet":"max-snippet:-1","max-image-preview":"max-image-preview:large","max-video-preview":"max-video-preview:-1"},"canonical":"http:\/\/cuartetoenlaweb.com.ar\/sitio\/la-cgt-confirmo-un-paro-general-sin-movilizacion-contra-la-reforma-laboral\/","og_locale":"es_ES","og_type":"article","og_title":"La CGT confirm\u00f3 un paro general sin movilizaci\u00f3n contra la reforma laboral - Cuarteto en la Web","og_description":"La Confederaci\u00f3n General del Trabajo (CGT) realiz\u00f3 este lunes una","og_url":"http:\/\/cuartetoenlaweb.com.ar\/sitio\/la-cgt-confirmo-un-paro-general-sin-movilizacion-contra-la-reforma-laboral\/","og_site_name":"Cuarteto en la Web","article_published_time":"2026-02-16T15:59:55+00:00","og_image":[{"width":2560,"height":1718,"url":"http:\/\/cuartetoenlaweb.com.ar\/sitio\/wp-content\/uploads\/2026\/02\/RY4AEWPGQRAT7P2KI2P6FD45XE-scaled.jpg","type":"image\/jpeg"}],"twitter_card":"summary_large_image","twitter_misc":{"Tiempo de lectura":"2 minutos"},"schema":{"@context":"https:\/\/schema.org","@graph":[{"@type":"Article","@id":"http:\/\/cuartetoenlaweb.com.ar\/sitio\/la-cgt-confirmo-un-paro-general-sin-movilizacion-contra-la-reforma-laboral\/#article","isPartOf":{"@id":"http:\/\/cuartetoenlaweb.com.ar\/sitio\/la-cgt-confirmo-un-paro-general-sin-movilizacion-contra-la-reforma-laboral\/"},"author":{"name":"","@id":""},"headline":"La CGT confirm\u00f3 un paro general sin movilizaci\u00f3n contra la reforma laboral","datePublished":"2026-02-16T15:59:55+00:00","mainEntityOfPage":{"@id":"http:\/\/cuartetoenlaweb.com.ar\/sitio\/la-cgt-confirmo-un-paro-general-sin-movilizacion-contra-la-reforma-laboral\/"},"wordCount":381,"publisher":{"@id":"http:\/\/cuartetoenlaweb.com.ar\/sitio\/#organization"},"image":{"@id":"http:\/\/cuartetoenlaweb.com.ar\/sitio\/la-cgt-confirmo-un-paro-general-sin-movilizacion-contra-la-reforma-laboral\/#primaryimage"},"thumbnailUrl":"https:\/\/cuartetoenlaweb.com.ar\/sitio\/wp-content\/uploads\/2026\/02\/RY4AEWPGQRAT7P2KI2P6FD45XE-scaled.jpg","articleSection":["PAIS"],"inLanguage":"es"},{"@type":"WebPage","@id":"http:\/\/cuartetoenlaweb.com.ar\/sitio\/la-cgt-confirmo-un-paro-general-sin-movilizacion-contra-la-reforma-laboral\/","url":"http:\/\/cuartetoenlaweb.com.ar\/sitio\/la-cgt-confirmo-un-paro-general-sin-movilizacion-contra-la-reforma-laboral\/","name":"La CGT confirm\u00f3 un paro general sin movilizaci\u00f3n contra la reforma laboral - Cuarteto en la Web","isPartOf":{"@id":"http:\/\/cuartetoenlaweb.com.ar\/sitio\/#website"},"primaryImageOfPage":{"@id":"http:\/\/cuartetoenlaweb.com.ar\/sitio\/la-cgt-confirmo-un-paro-general-sin-movilizacion-contra-la-reforma-laboral\/#primaryimage"},"image":{"@id":"http:\/\/cuartetoenlaweb.com.ar\/sitio\/la-cgt-confirmo-un-paro-general-sin-movilizacion-contra-la-reforma-laboral\/#primaryimage"},"thumbnailUrl":"https:\/\/cuartetoenlaweb.com.ar\/sitio\/wp-content\/uploads\/2026\/02\/RY4AEWPGQRAT7P2KI2P6FD45XE-scaled.jpg","datePublished":"2026-02-16T15:59:55+00:00","breadcrumb":{"@id":"http:\/\/cuartetoenlaweb.com.ar\/sitio\/la-cgt-confirmo-un-paro-general-sin-movilizacion-contra-la-reforma-laboral\/#breadcrumb"},"inLanguage":"es","potentialAction":[{"@type":"ReadAction","target":["http:\/\/cuartetoenlaweb.com.ar\/sitio\/la-cgt-confirmo-un-paro-general-sin-movilizacion-contra-la-reforma-laboral\/"]}]},{"@type":"ImageObject","inLanguage":"es","@id":"http:\/\/cuartetoenlaweb.com.ar\/sitio\/la-cgt-confirmo-un-paro-general-sin-movilizacion-contra-la-reforma-laboral\/#primaryimage","url":"https:\/\/cuartetoenlaweb.com.ar\/sitio\/wp-content\/uploads\/2026\/02\/RY4AEWPGQRAT7P2KI2P6FD45XE-scaled.jpg","contentUrl":"https:\/\/cuartetoenlaweb.com.ar\/sitio\/wp-content\/uploads\/2026\/02\/RY4AEWPGQRAT7P2KI2P6FD45XE-scaled.jpg","width":2560,"height":1718},{"@type":"BreadcrumbList","@id":"http:\/\/cuartetoenlaweb.com.ar\/sitio\/la-cgt-confirmo-un-paro-general-sin-movilizacion-contra-la-reforma-laboral\/#breadcrumb","itemListElement":[{"@type":"ListItem","position":1,"name":"Portada","item":"http:\/\/cuartetoenlaweb.com.ar\/sitio\/"},{"@type":"ListItem","position":2,"name":"La CGT confirm\u00f3 un paro general sin movilizaci\u00f3n contra la reforma laboral"}]},{"@type":"WebSite","@id":"http:\/\/cuartetoenlaweb.com.ar\/sitio\/#website","url":"http:\/\/cuartetoenlaweb.com.ar\/sitio\/","name":"Cuarteto en la Web","description":"","publisher":{"@id":"http:\/\/cuartetoenlaweb.com.ar\/sitio\/#organization"},"potentialAction":[{"@type":"SearchAction","target":{"@type":"EntryPoint","urlTemplate":"http:\/\/cuartetoenlaweb.com.ar\/sitio\/?s={search_term_string}"},"query-input":{"@type":"PropertyValueSpecification","valueRequired":true,"valueName":"search_term_string"}}],"inLanguage":"es"},{"@type":"Organization","@id":"http:\/\/cuartetoenlaweb.com.ar\/sitio\/#organization","name":"Cuarteto en la Web","url":"http:\/\/cuartetoenlaweb.com.ar\/sitio\/","logo":{"@type":"ImageObject","inLanguage":"es","@id":"http:\/\/cuartetoenlaweb.com.ar\/sitio\/#\/schema\/logo\/image\/","url":"https:\/\/cuartetoenlaweb.com.ar\/sitio\/wp-content\/uploads\/2025\/07\/cropped-cropped-logitoweb21.png","contentUrl":"https:\/\/cuartetoenlaweb.com.ar\/sitio\/wp-content\/uploads\/2025\/07\/cropped-cropped-logitoweb21.png","width":199,"height":199,"caption":"Cuarteto en la Web"},"image":{"@id":"http:\/\/cuartetoenlaweb.com.ar\/sitio\/#\/schema\/logo\/image\/"}}]}},"_links":{"self":[{"href":"https:\/\/cuartetoenlaweb.com.ar\/sitio\/wp-json\/wp\/v2\/posts\/11822","targetHints":{"allow":["GET"]}}],"collection":[{"href":"https:\/\/cuartetoenlaweb.com.ar\/sitio\/wp-json\/wp\/v2\/posts"}],"about":[{"href":"https:\/\/cuartetoenlaweb.com.ar\/sitio\/wp-json\/wp\/v2\/types\/post"}],"replies":[{"embeddable":true,"href":"https:\/\/cuartetoenlaweb.com.ar\/sitio\/wp-json\/wp\/v2\/comments?post=11822"}],"version-history":[{"count":0,"href":"https:\/\/cuartetoenlaweb.com.ar\/sitio\/wp-json\/wp\/v2\/posts\/11822\/revisions"}],"wp:featuredmedia":[{"embeddable":true,"href":"https:\/\/cuartetoenlaweb.com.ar\/sitio\/wp-json\/wp\/v2\/media\/11823"}],"wp:attachment":[{"href":"https:\/\/cuartetoenlaweb.com.ar\/sitio\/wp-json\/wp\/v2\/media?parent=11822"}],"wp:term":[{"taxonomy":"category","embeddable":true,"href":"https:\/\/cuartetoenlaweb.com.ar\/sitio\/wp-json\/wp\/v2\/categories?post=11822"},{"taxonomy":"post_tag","embeddable":true,"href":"https:\/\/cuartetoenlaweb.com.ar\/sitio\/wp-json\/wp\/v2\/tags?post=11822"}],"curies":[{"name":"wp","href":"https:\/\/api.w.org\/{rel}","templated":true}]}}