
{"id":11812,"date":"2026-02-16T01:59:41","date_gmt":"2026-02-16T04:59:41","guid":{"rendered":"https:\/\/cuartetoenlaweb.com.ar\/sitio\/semana-tan-corta-como-clave-en-el-congreso-agenda-parlamentaria-tras-el-doble-feriado-de-carnaval\/"},"modified":"2026-02-16T01:59:41","modified_gmt":"2026-02-16T04:59:41","slug":"semana-tan-corta-como-clave-en-el-congreso-agenda-parlamentaria-tras-el-doble-feriado-de-carnaval","status":"publish","type":"post","link":"https:\/\/cuartetoenlaweb.com.ar\/sitio\/semana-tan-corta-como-clave-en-el-congreso-agenda-parlamentaria-tras-el-doble-feriado-de-carnaval\/","title":{"rendered":"Semana tan corta como clave en el Congreso: agenda parlamentaria tras el doble feriado de Carnaval"},"content":{"rendered":"<p>BUENOS AIRES, 15 febrero (NA) &#8212; Tras el doble feriado por Carnaval, el Congreso de la Naci\u00f3n se prepara para afrontar una semana de solo tres d\u00edas h\u00e1biles pero de alt\u00edsima intensidad pol\u00edtica. El oficialismo diagram\u00f3 un cronograma expr\u00e9s en la C\u00e1mara de Diputados con el objetivo central de convertir en ley la reforma laboral, aunque la oposici\u00f3n ya afila sus estrategias para embarrar la cancha e impedir que el presidente Javier Milei capitalice ese triunfo en la pr\u00f3xima Asamblea Legislativa.<\/p>\n<p>Seg\u00fan supo la Agencia Noticias Argentinas, luego de que el Senado aprobara la media sanci\u00f3n en la madrugada del pasado mi\u00e9rcoles 12, los tiempos se aceleraron por orden directa de la Casa Rosada. La vicepresidenta Victoria Villarruel gir\u00f3 el texto el mismo viernes y el titular de la C\u00e1mara baja, Mart\u00edn Menem, activ\u00f3 el plan para tratarlo antes de que expire el per\u00edodo de sesiones extraordinarias.<\/p>\n<p>El primer paso necesario ya se cumpli\u00f3: el Gobierno oficializ\u00f3 la pr\u00f3rroga de las sesiones extraordinarias hasta el s\u00e1bado 28 de febrero. Con este margen reglamentario, el presidente de la Comisi\u00f3n de Legislaci\u00f3n del Trabajo, Lisandro Almir\u00f3n, convoc\u00f3 a un plenario conjunto con la comisi\u00f3n de Presupuesto y Hacienda para este mi\u00e9rcoles 18 de febrero a las 14:00.<\/p>\n<p>EL PLAN OFICIALISTA Y LA ESTRATEGIA OPOSITORA<\/p>\n<p>La meta de La Libertad Avanza es obtener el dictamen de mayor\u00eda ese mismo mi\u00e9rcoles para desembarcar en el recinto el jueves 19, en una sesi\u00f3n marat\u00f3nica que el oficialismo estima que superar\u00e1 las 20 horas de debate.<\/p>\n<p>En el bloque que preside Patricia Bullrich hay optimismo para sancionar la ley sin modificaciones, a pesar de que el PRO (su principal aliado) insiste en incorporar a las billeteras virtuales como m\u00e9todo de pago de salarios.<\/p>\n<p>Sin embargo, la preocupaci\u00f3n libertaria radica en la oposici\u00f3n m\u00e1s dura. Legisladores de bloques opositores admitieron a esta agencia que su estrategia principal es \u00abestirar los tiempos\u00bb. Buscan forzar cambios en art\u00edculos espinosos \u2014como el Fondo de Asistencia Laboral (FAL), la reducci\u00f3n del sueldo por licencias m\u00e9dicas y la derogaci\u00f3n de estatutos profesionales\u2014 obligando a que el proyecto deba retornar al Senado en segunda revisi\u00f3n.<\/p>\n<p>Si la oposici\u00f3n logra su cometido, el Senado se quedar\u00eda sin margen de tiempo para ratificar la ley antes del 28 de febrero. De este modo, la oposici\u00f3n busca arrebatarle a Milei la posibilidad de exhibir la reforma de \u00abmodernizaci\u00f3n\u00bb laboral \u2014una de las grandes banderas de su gesti\u00f3n\u2014 como un logro consumado durante su discurso del 1 de marzo ante la Asamblea Legislativa.<\/p>\n<p>MOVIMIENTO EN EL SENADO<\/p>\n<p>En paralelo al debate laboral en la C\u00e1mara baja, la agenda de la C\u00e1mara alta tambi\u00e9n tendr\u00e1 actividad esta semana corta:<\/p>\n<p> * Mi\u00e9rcoles 18 (17:00 hs): Reuni\u00f3n de la Comisi\u00f3n de Relaciones Exteriores y Culto para debatir el acuerdo Mercosur-Uni\u00f3n Europea.<br \/>\n * Jueves 19 (11:00 hs): Reuni\u00f3n de la Comisi\u00f3n de Acuerdos para tratar el pliego de Fernando Iglesias como embajador.<br \/>\n * Jueves 19 (14:30 hs): Plenario de las comisiones de Justicia y Asuntos Penales y de Presupuesto y Hacienda para considerar la revisi\u00f3n del R\u00e9gimen Penal Juvenil.<\/p>\n<p>#AgenciaNA<\/p>\n","protected":false},"excerpt":{"rendered":"<p>BUENOS AIRES, 15 febrero (NA) &#8212; Tras el doble feriado<\/p>\n","protected":false},"author":0,"featured_media":11813,"comment_status":"","ping_status":"","sticky":false,"template":"","format":"standard","meta":{"footnotes":""},"categories":[65],"tags":[],"class_list":["post-11812","post","type-post","status-publish","format-standard","has-post-thumbnail","hentry","category-pais"],"yoast_head":"<!-- This site is optimized with the Yoast SEO plugin v27.5 - https:\/\/yoast.com\/product\/yoast-seo-wordpress\/ -->\n<title>Semana tan corta como clave en el Congreso: agenda parlamentaria tras el doble feriado de Carnaval - Cuarteto en la Web<\/title>\n<meta name=\"robots\" content=\"index, follow, max-snippet:-1, max-image-preview:large, max-video-preview:-1\" \/>\n<link rel=\"canonical\" href=\"https:\/\/cuartetoenlaweb.com.ar\/sitio\/semana-tan-corta-como-clave-en-el-congreso-agenda-parlamentaria-tras-el-doble-feriado-de-carnaval\/\" \/>\n<meta property=\"og:locale\" content=\"es_ES\" \/>\n<meta property=\"og:type\" content=\"article\" \/>\n<meta property=\"og:title\" content=\"Semana tan corta como clave en el Congreso: agenda parlamentaria tras el doble feriado de Carnaval - Cuarteto en la Web\" \/>\n<meta property=\"og:description\" content=\"BUENOS AIRES, 15 febrero (NA) &#8212; Tras el doble feriado\" \/>\n<meta property=\"og:url\" content=\"https:\/\/cuartetoenlaweb.com.ar\/sitio\/semana-tan-corta-como-clave-en-el-congreso-agenda-parlamentaria-tras-el-doble-feriado-de-carnaval\/\" \/>\n<meta property=\"og:site_name\" content=\"Cuarteto en la Web\" \/>\n<meta property=\"article:published_time\" content=\"2026-02-16T04:59:41+00:00\" \/>\n<meta property=\"og:image\" content=\"https:\/\/cuartetoenlaweb.com.ar\/sitio\/wp-content\/uploads\/2026\/02\/720-155.jpeg\" \/>\n\t<meta property=\"og:image:width\" content=\"1280\" \/>\n\t<meta property=\"og:image:height\" content=\"720\" \/>\n\t<meta property=\"og:image:type\" content=\"image\/jpeg\" \/>\n<meta name=\"twitter:card\" content=\"summary_large_image\" \/>\n<meta name=\"twitter:label1\" content=\"Tiempo de lectura\" \/>\n\t<meta name=\"twitter:data1\" content=\"3 minutos\" \/>\n<script type=\"application\/ld+json\" class=\"yoast-schema-graph\">{\"@context\":\"https:\\\/\\\/schema.org\",\"@graph\":[{\"@type\":\"Article\",\"@id\":\"https:\\\/\\\/cuartetoenlaweb.com.ar\\\/sitio\\\/semana-tan-corta-como-clave-en-el-congreso-agenda-parlamentaria-tras-el-doble-feriado-de-carnaval\\\/#article\",\"isPartOf\":{\"@id\":\"https:\\\/\\\/cuartetoenlaweb.com.ar\\\/sitio\\\/semana-tan-corta-como-clave-en-el-congreso-agenda-parlamentaria-tras-el-doble-feriado-de-carnaval\\\/\"},\"author\":{\"name\":\"\",\"@id\":\"\"},\"headline\":\"Semana tan corta como clave en el Congreso: agenda parlamentaria tras el doble feriado de Carnaval\",\"datePublished\":\"2026-02-16T04:59:41+00:00\",\"mainEntityOfPage\":{\"@id\":\"https:\\\/\\\/cuartetoenlaweb.com.ar\\\/sitio\\\/semana-tan-corta-como-clave-en-el-congreso-agenda-parlamentaria-tras-el-doble-feriado-de-carnaval\\\/\"},\"wordCount\":558,\"publisher\":{\"@id\":\"http:\\\/\\\/cuartetoenlaweb.com.ar\\\/sitio\\\/#organization\"},\"image\":{\"@id\":\"https:\\\/\\\/cuartetoenlaweb.com.ar\\\/sitio\\\/semana-tan-corta-como-clave-en-el-congreso-agenda-parlamentaria-tras-el-doble-feriado-de-carnaval\\\/#primaryimage\"},\"thumbnailUrl\":\"https:\\\/\\\/cuartetoenlaweb.com.ar\\\/sitio\\\/wp-content\\\/uploads\\\/2026\\\/02\\\/720-155.jpeg\",\"articleSection\":[\"PAIS\"],\"inLanguage\":\"es\"},{\"@type\":\"WebPage\",\"@id\":\"https:\\\/\\\/cuartetoenlaweb.com.ar\\\/sitio\\\/semana-tan-corta-como-clave-en-el-congreso-agenda-parlamentaria-tras-el-doble-feriado-de-carnaval\\\/\",\"url\":\"https:\\\/\\\/cuartetoenlaweb.com.ar\\\/sitio\\\/semana-tan-corta-como-clave-en-el-congreso-agenda-parlamentaria-tras-el-doble-feriado-de-carnaval\\\/\",\"name\":\"Semana tan corta como clave en el Congreso: agenda parlamentaria tras el doble feriado de Carnaval - Cuarteto en la Web\",\"isPartOf\":{\"@id\":\"http:\\\/\\\/cuartetoenlaweb.com.ar\\\/sitio\\\/#website\"},\"primaryImageOfPage\":{\"@id\":\"https:\\\/\\\/cuartetoenlaweb.com.ar\\\/sitio\\\/semana-tan-corta-como-clave-en-el-congreso-agenda-parlamentaria-tras-el-doble-feriado-de-carnaval\\\/#primaryimage\"},\"image\":{\"@id\":\"https:\\\/\\\/cuartetoenlaweb.com.ar\\\/sitio\\\/semana-tan-corta-como-clave-en-el-congreso-agenda-parlamentaria-tras-el-doble-feriado-de-carnaval\\\/#primaryimage\"},\"thumbnailUrl\":\"https:\\\/\\\/cuartetoenlaweb.com.ar\\\/sitio\\\/wp-content\\\/uploads\\\/2026\\\/02\\\/720-155.jpeg\",\"datePublished\":\"2026-02-16T04:59:41+00:00\",\"breadcrumb\":{\"@id\":\"https:\\\/\\\/cuartetoenlaweb.com.ar\\\/sitio\\\/semana-tan-corta-como-clave-en-el-congreso-agenda-parlamentaria-tras-el-doble-feriado-de-carnaval\\\/#breadcrumb\"},\"inLanguage\":\"es\",\"potentialAction\":[{\"@type\":\"ReadAction\",\"target\":[\"https:\\\/\\\/cuartetoenlaweb.com.ar\\\/sitio\\\/semana-tan-corta-como-clave-en-el-congreso-agenda-parlamentaria-tras-el-doble-feriado-de-carnaval\\\/\"]}]},{\"@type\":\"ImageObject\",\"inLanguage\":\"es\",\"@id\":\"https:\\\/\\\/cuartetoenlaweb.com.ar\\\/sitio\\\/semana-tan-corta-como-clave-en-el-congreso-agenda-parlamentaria-tras-el-doble-feriado-de-carnaval\\\/#primaryimage\",\"url\":\"https:\\\/\\\/cuartetoenlaweb.com.ar\\\/sitio\\\/wp-content\\\/uploads\\\/2026\\\/02\\\/720-155.jpeg\",\"contentUrl\":\"https:\\\/\\\/cuartetoenlaweb.com.ar\\\/sitio\\\/wp-content\\\/uploads\\\/2026\\\/02\\\/720-155.jpeg\",\"width\":1280,\"height\":720},{\"@type\":\"BreadcrumbList\",\"@id\":\"https:\\\/\\\/cuartetoenlaweb.com.ar\\\/sitio\\\/semana-tan-corta-como-clave-en-el-congreso-agenda-parlamentaria-tras-el-doble-feriado-de-carnaval\\\/#breadcrumb\",\"itemListElement\":[{\"@type\":\"ListItem\",\"position\":1,\"name\":\"Portada\",\"item\":\"http:\\\/\\\/cuartetoenlaweb.com.ar\\\/sitio\\\/\"},{\"@type\":\"ListItem\",\"position\":2,\"name\":\"Semana tan corta como clave en el Congreso: agenda parlamentaria tras el doble feriado de Carnaval\"}]},{\"@type\":\"WebSite\",\"@id\":\"http:\\\/\\\/cuartetoenlaweb.com.ar\\\/sitio\\\/#website\",\"url\":\"http:\\\/\\\/cuartetoenlaweb.com.ar\\\/sitio\\\/\",\"name\":\"Cuarteto en la Web\",\"description\":\"\",\"publisher\":{\"@id\":\"http:\\\/\\\/cuartetoenlaweb.com.ar\\\/sitio\\\/#organization\"},\"potentialAction\":[{\"@type\":\"SearchAction\",\"target\":{\"@type\":\"EntryPoint\",\"urlTemplate\":\"http:\\\/\\\/cuartetoenlaweb.com.ar\\\/sitio\\\/?s={search_term_string}\"},\"query-input\":{\"@type\":\"PropertyValueSpecification\",\"valueRequired\":true,\"valueName\":\"search_term_string\"}}],\"inLanguage\":\"es\"},{\"@type\":\"Organization\",\"@id\":\"http:\\\/\\\/cuartetoenlaweb.com.ar\\\/sitio\\\/#organization\",\"name\":\"Cuarteto en la Web\",\"url\":\"http:\\\/\\\/cuartetoenlaweb.com.ar\\\/sitio\\\/\",\"logo\":{\"@type\":\"ImageObject\",\"inLanguage\":\"es\",\"@id\":\"http:\\\/\\\/cuartetoenlaweb.com.ar\\\/sitio\\\/#\\\/schema\\\/logo\\\/image\\\/\",\"url\":\"https:\\\/\\\/cuartetoenlaweb.com.ar\\\/sitio\\\/wp-content\\\/uploads\\\/2025\\\/07\\\/cropped-cropped-logitoweb21.png\",\"contentUrl\":\"https:\\\/\\\/cuartetoenlaweb.com.ar\\\/sitio\\\/wp-content\\\/uploads\\\/2025\\\/07\\\/cropped-cropped-logitoweb21.png\",\"width\":199,\"height\":199,\"caption\":\"Cuarteto en la Web\"},\"image\":{\"@id\":\"http:\\\/\\\/cuartetoenlaweb.com.ar\\\/sitio\\\/#\\\/schema\\\/logo\\\/image\\\/\"}}]}<\/script>\n<!-- \/ Yoast SEO plugin. -->","yoast_head_json":{"title":"Semana tan corta como clave en el Congreso: agenda parlamentaria tras el doble feriado de Carnaval - Cuarteto en la Web","robots":{"index":"index","follow":"follow","max-snippet":"max-snippet:-1","max-image-preview":"max-image-preview:large","max-video-preview":"max-video-preview:-1"},"canonical":"https:\/\/cuartetoenlaweb.com.ar\/sitio\/semana-tan-corta-como-clave-en-el-congreso-agenda-parlamentaria-tras-el-doble-feriado-de-carnaval\/","og_locale":"es_ES","og_type":"article","og_title":"Semana tan corta como clave en el Congreso: agenda parlamentaria tras el doble feriado de Carnaval - Cuarteto en la Web","og_description":"BUENOS AIRES, 15 febrero (NA) &#8212; Tras el doble feriado","og_url":"https:\/\/cuartetoenlaweb.com.ar\/sitio\/semana-tan-corta-como-clave-en-el-congreso-agenda-parlamentaria-tras-el-doble-feriado-de-carnaval\/","og_site_name":"Cuarteto en la Web","article_published_time":"2026-02-16T04:59:41+00:00","og_image":[{"width":1280,"height":720,"url":"https:\/\/cuartetoenlaweb.com.ar\/sitio\/wp-content\/uploads\/2026\/02\/720-155.jpeg","type":"image\/jpeg"}],"twitter_card":"summary_large_image","twitter_misc":{"Tiempo de lectura":"3 minutos"},"schema":{"@context":"https:\/\/schema.org","@graph":[{"@type":"Article","@id":"https:\/\/cuartetoenlaweb.com.ar\/sitio\/semana-tan-corta-como-clave-en-el-congreso-agenda-parlamentaria-tras-el-doble-feriado-de-carnaval\/#article","isPartOf":{"@id":"https:\/\/cuartetoenlaweb.com.ar\/sitio\/semana-tan-corta-como-clave-en-el-congreso-agenda-parlamentaria-tras-el-doble-feriado-de-carnaval\/"},"author":{"name":"","@id":""},"headline":"Semana tan corta como clave en el Congreso: agenda parlamentaria tras el doble feriado de Carnaval","datePublished":"2026-02-16T04:59:41+00:00","mainEntityOfPage":{"@id":"https:\/\/cuartetoenlaweb.com.ar\/sitio\/semana-tan-corta-como-clave-en-el-congreso-agenda-parlamentaria-tras-el-doble-feriado-de-carnaval\/"},"wordCount":558,"publisher":{"@id":"http:\/\/cuartetoenlaweb.com.ar\/sitio\/#organization"},"image":{"@id":"https:\/\/cuartetoenlaweb.com.ar\/sitio\/semana-tan-corta-como-clave-en-el-congreso-agenda-parlamentaria-tras-el-doble-feriado-de-carnaval\/#primaryimage"},"thumbnailUrl":"https:\/\/cuartetoenlaweb.com.ar\/sitio\/wp-content\/uploads\/2026\/02\/720-155.jpeg","articleSection":["PAIS"],"inLanguage":"es"},{"@type":"WebPage","@id":"https:\/\/cuartetoenlaweb.com.ar\/sitio\/semana-tan-corta-como-clave-en-el-congreso-agenda-parlamentaria-tras-el-doble-feriado-de-carnaval\/","url":"https:\/\/cuartetoenlaweb.com.ar\/sitio\/semana-tan-corta-como-clave-en-el-congreso-agenda-parlamentaria-tras-el-doble-feriado-de-carnaval\/","name":"Semana tan corta como clave en el Congreso: agenda parlamentaria tras el doble feriado de Carnaval - Cuarteto en la Web","isPartOf":{"@id":"http:\/\/cuartetoenlaweb.com.ar\/sitio\/#website"},"primaryImageOfPage":{"@id":"https:\/\/cuartetoenlaweb.com.ar\/sitio\/semana-tan-corta-como-clave-en-el-congreso-agenda-parlamentaria-tras-el-doble-feriado-de-carnaval\/#primaryimage"},"image":{"@id":"https:\/\/cuartetoenlaweb.com.ar\/sitio\/semana-tan-corta-como-clave-en-el-congreso-agenda-parlamentaria-tras-el-doble-feriado-de-carnaval\/#primaryimage"},"thumbnailUrl":"https:\/\/cuartetoenlaweb.com.ar\/sitio\/wp-content\/uploads\/2026\/02\/720-155.jpeg","datePublished":"2026-02-16T04:59:41+00:00","breadcrumb":{"@id":"https:\/\/cuartetoenlaweb.com.ar\/sitio\/semana-tan-corta-como-clave-en-el-congreso-agenda-parlamentaria-tras-el-doble-feriado-de-carnaval\/#breadcrumb"},"inLanguage":"es","potentialAction":[{"@type":"ReadAction","target":["https:\/\/cuartetoenlaweb.com.ar\/sitio\/semana-tan-corta-como-clave-en-el-congreso-agenda-parlamentaria-tras-el-doble-feriado-de-carnaval\/"]}]},{"@type":"ImageObject","inLanguage":"es","@id":"https:\/\/cuartetoenlaweb.com.ar\/sitio\/semana-tan-corta-como-clave-en-el-congreso-agenda-parlamentaria-tras-el-doble-feriado-de-carnaval\/#primaryimage","url":"https:\/\/cuartetoenlaweb.com.ar\/sitio\/wp-content\/uploads\/2026\/02\/720-155.jpeg","contentUrl":"https:\/\/cuartetoenlaweb.com.ar\/sitio\/wp-content\/uploads\/2026\/02\/720-155.jpeg","width":1280,"height":720},{"@type":"BreadcrumbList","@id":"https:\/\/cuartetoenlaweb.com.ar\/sitio\/semana-tan-corta-como-clave-en-el-congreso-agenda-parlamentaria-tras-el-doble-feriado-de-carnaval\/#breadcrumb","itemListElement":[{"@type":"ListItem","position":1,"name":"Portada","item":"http:\/\/cuartetoenlaweb.com.ar\/sitio\/"},{"@type":"ListItem","position":2,"name":"Semana tan corta como clave en el Congreso: agenda parlamentaria tras el doble feriado de Carnaval"}]},{"@type":"WebSite","@id":"http:\/\/cuartetoenlaweb.com.ar\/sitio\/#website","url":"http:\/\/cuartetoenlaweb.com.ar\/sitio\/","name":"Cuarteto en la Web","description":"","publisher":{"@id":"http:\/\/cuartetoenlaweb.com.ar\/sitio\/#organization"},"potentialAction":[{"@type":"SearchAction","target":{"@type":"EntryPoint","urlTemplate":"http:\/\/cuartetoenlaweb.com.ar\/sitio\/?s={search_term_string}"},"query-input":{"@type":"PropertyValueSpecification","valueRequired":true,"valueName":"search_term_string"}}],"inLanguage":"es"},{"@type":"Organization","@id":"http:\/\/cuartetoenlaweb.com.ar\/sitio\/#organization","name":"Cuarteto en la Web","url":"http:\/\/cuartetoenlaweb.com.ar\/sitio\/","logo":{"@type":"ImageObject","inLanguage":"es","@id":"http:\/\/cuartetoenlaweb.com.ar\/sitio\/#\/schema\/logo\/image\/","url":"https:\/\/cuartetoenlaweb.com.ar\/sitio\/wp-content\/uploads\/2025\/07\/cropped-cropped-logitoweb21.png","contentUrl":"https:\/\/cuartetoenlaweb.com.ar\/sitio\/wp-content\/uploads\/2025\/07\/cropped-cropped-logitoweb21.png","width":199,"height":199,"caption":"Cuarteto en la Web"},"image":{"@id":"http:\/\/cuartetoenlaweb.com.ar\/sitio\/#\/schema\/logo\/image\/"}}]}},"_links":{"self":[{"href":"https:\/\/cuartetoenlaweb.com.ar\/sitio\/wp-json\/wp\/v2\/posts\/11812","targetHints":{"allow":["GET"]}}],"collection":[{"href":"https:\/\/cuartetoenlaweb.com.ar\/sitio\/wp-json\/wp\/v2\/posts"}],"about":[{"href":"https:\/\/cuartetoenlaweb.com.ar\/sitio\/wp-json\/wp\/v2\/types\/post"}],"replies":[{"embeddable":true,"href":"https:\/\/cuartetoenlaweb.com.ar\/sitio\/wp-json\/wp\/v2\/comments?post=11812"}],"version-history":[{"count":0,"href":"https:\/\/cuartetoenlaweb.com.ar\/sitio\/wp-json\/wp\/v2\/posts\/11812\/revisions"}],"wp:featuredmedia":[{"embeddable":true,"href":"https:\/\/cuartetoenlaweb.com.ar\/sitio\/wp-json\/wp\/v2\/media\/11813"}],"wp:attachment":[{"href":"https:\/\/cuartetoenlaweb.com.ar\/sitio\/wp-json\/wp\/v2\/media?parent=11812"}],"wp:term":[{"taxonomy":"category","embeddable":true,"href":"https:\/\/cuartetoenlaweb.com.ar\/sitio\/wp-json\/wp\/v2\/categories?post=11812"},{"taxonomy":"post_tag","embeddable":true,"href":"https:\/\/cuartetoenlaweb.com.ar\/sitio\/wp-json\/wp\/v2\/tags?post=11812"}],"curies":[{"name":"wp","href":"https:\/\/api.w.org\/{rel}","templated":true}]}}