
{"id":11810,"date":"2026-02-16T01:59:40","date_gmt":"2026-02-16T04:59:40","guid":{"rendered":"https:\/\/cuartetoenlaweb.com.ar\/sitio\/me-esta-faltando-oxigeno-el-desesperado-pedido-de-la-mona-jimenez-en-el-escenario-que-preocupo-a-todos\/"},"modified":"2026-02-16T01:59:40","modified_gmt":"2026-02-16T04:59:40","slug":"me-esta-faltando-oxigeno-el-desesperado-pedido-de-la-mona-jimenez-en-el-escenario-que-preocupo-a-todos","status":"publish","type":"post","link":"https:\/\/cuartetoenlaweb.com.ar\/sitio\/me-esta-faltando-oxigeno-el-desesperado-pedido-de-la-mona-jimenez-en-el-escenario-que-preocupo-a-todos\/","title":{"rendered":"\u201cMe est\u00e1 faltando ox\u00edgeno\u201d: el desesperado pedido de La Mona Jim\u00e9nez en el escenario que preocup\u00f3 a todos"},"content":{"rendered":"<p>Lo que promet\u00eda ser una noche de puro festejo termin\u00f3 convirti\u00e9ndose en un <a href=\"https:\/\/www.paparazzi.com.ar\/teve\/operaron-a-la-mona-jimenez-a-los-74-anos-cual-es-el-problema-de-salud-que-padece\/\">momento de tensi\u00f3n e incertidumbre<\/a>. <strong><a href=\"https:\/\/www.paparazzi.com.ar\/?s=La+Mona+Jim%C3%A9nez\">La Mona Jim\u00e9nez<\/a><\/strong> volvi\u00f3 a los escenarios en el Complejo Forja de C\u00f3rdoba con entradas agotadas para celebrar el D\u00eda de los Enamorados, pero en pleno show sorprendi\u00f3 al detener la m\u00fasica y admitir algo que preocup\u00f3 a todos: <em>\u201cYo me quedo sin aire\u201d<\/em>.<\/p>\n<p>Vestido de rojo intenso y fiel a su estilo inconfundible, <strong>Juan Carlos Jim\u00e9nez Rufino<\/strong> abri\u00f3 la noche pasada la medianoche con <em>\u201cEl enamorado\u201d<\/em>, desatando la euforia de miles de personas. El arranque fue demoledor, con cl\u00e1sicos como <em>\u201cGoma de mascar\u201d, \u201cIntentemos\u201d, \u201cY ya ves\u201d y \u201cAn\u00edmate a vivir\u201d.<\/em> Sin embargo, el calor dentro del predio comenz\u00f3 a sentirse cada vez m\u00e1s fuerte.<\/p>\n<p>En medio de la interpretaci\u00f3n de <em>\u201cSe fue\u201d<\/em>, el cuartetero fren\u00f3 antes del estribillo y tom\u00f3 el micr\u00f3fono con franqueza. <em>\u201cChicos, yo paro cinco minutos antes que me caiga. Poneme la silla. Voy a sentarme\u201d,<\/em> lanz\u00f3, visiblemente afectado. El p\u00fablico, lejos de impacientarse, respondi\u00f3 con aplausos y gritos de apoyo.<\/p>\n<div class=\"mt-box \">\n<h4 class=\"mt-heading\">Mir\u00e1 Tambi\u00e9n<\/h4>\n<p><a href=\"https:\/\/www.paparazzi.com.ar\/romances\/exclusivo-el-video-de-la-china-suarez-yendose-del-pais-para-reencontrarse-con-mauro-icardi-en-medio-de-su-crisis\/\"><\/p>\n<div class=\"mt-content\">\n<div class=\"mt-image-container\"><img decoding=\"async\" src=\"https:\/\/www.paparazzi.com.ar\/wp-content\/uploads\/2026\/02\/China-Suarez-aeropuerto-359x226.jpg\" alt=\"\u00a1Exclusivo! El video de la China Su\u00e1rez y\u00e9ndose del pa\u00eds para reencontrarse con Mauro Icardi en medio de su crisis\" class=\"mt-image\" loading=\"lazy\" \/><\/div>\n<h5 class=\"mt-title\">\u00a1Exclusivo! El video de la China Su\u00e1rez y\u00e9ndose del pa\u00eds para reencontrarse con Mauro Icardi en medio de su crisis<\/h5>\n<\/div>\n<p><\/a><\/div>\n<p>El cantante explic\u00f3 que la falta de ox\u00edgeno en el escenario era intensa. <em>\u201cEst\u00e1 faltando un ox\u00edgeno ac\u00e1 arriba\u201d<\/em>, agreg\u00f3, dejando en claro que la situaci\u00f3n no era menor. En lugar de realizar una pausa larga, decidi\u00f3 dividir el descanso en dos intervalos de 15 minutos para poder recuperar fuerzas sin cortar definitivamente el clima del baile.<\/p>\n<p>El regreso tras la primera pausa mostr\u00f3 a un artista decidido a continuar, pero el esfuerzo f\u00edsico era evidente. La Mona retom\u00f3 con <em>\u201cSola en su cuarto\u201d, \u201cMe desespero\u201d y \u201cElla a \u00e9l\u201d<\/em>, aunque volvi\u00f3 a reconocer que el calor era insoportable. En m\u00e1s de una oportunidad pidi\u00f3 agua y aire, priorizando no solo su salud sino tambi\u00e9n la de los m\u00fasicos.<\/p>\n<div class=\"mt-box \">\n<h4 class=\"mt-heading\">Mir\u00e1 Tambi\u00e9n<\/h4>\n<p><a href=\"https:\/\/www.paparazzi.com.ar\/teve\/la-mona-jimenez-conto-como-casi-muere-sin-darse-cuenta-se-me-exploto-un\/\"><\/p>\n<div class=\"mt-content\">\n<div class=\"mt-image-container\"><img decoding=\"async\" src=\"https:\/\/www.paparazzi.com.ar\/wp-content\/uploads\/2024\/11\/mona-jimenez-22.jpg.webp\" alt=\"La Mona Jim\u00e9nez cont\u00f3 c\u00f3mo casi muere sin darse cuenta: &quot;Se me explot\u00f3 un...&quot;\" class=\"mt-image\" loading=\"lazy\" \/><\/div>\n<h5 class=\"mt-title\">La Mona Jim\u00e9nez cont\u00f3 c\u00f3mo casi muere sin darse cuenta: \u00abSe me explot\u00f3 un&#8230;\u00bb<\/h5>\n<\/div>\n<p><\/a><\/div>\n<p>Los videos del momento se viralizaron r\u00e1pidamente en redes sociales, generando preocupaci\u00f3n entre los fan\u00e1ticos. A sus 75 a\u00f1os, el \u00eddolo del cuarteto demostr\u00f3 que sigue dejando todo arriba del escenario, pero tambi\u00e9n dej\u00f3 en evidencia que el contexto clim\u00e1tico fue extremo.<\/p>\n<p>A pesar del susto, el Mandam\u00e1s cerr\u00f3 la noche cerca de las cinco de la ma\u00f1ana con una seguidilla de hits que hicieron vibrar Forja:<em> \u201cLa enamorada\u201d, \u201cSe\u00f1or juez\u201d, \u201c3 corazones\u201d, \u201cCelosa\u201d y \u201cEl solterito\u201d,<\/em> entre otros. Incluso entre el p\u00fablico se encontraba <strong>Carlos T\u00e9vez<\/strong>, quien se sum\u00f3 al festejo cordob\u00e9s tras el triunfo de Talleres.<\/p>\n<figure class=\"wp-block-image size-full\"><img decoding=\"async\" width=\"992\" height=\"558\" src=\"https:\/\/www.paparazzi.com.ar\/wp-content\/uploads\/2026\/02\/image-110.png.webp\" loading=\"lazy\" alt=\"\" class=\"wp-image-464506\" \/><\/figure>\n<div class=\"mt-box \">\n<h4 class=\"mt-heading\">Mir\u00e1 Tambi\u00e9n<\/h4>\n<p><a href=\"https:\/\/www.paparazzi.com.ar\/teve\/la-mona-jimenez-conto-que-sintio-cuando-estuvo-al-borde-de-la-muerte\/\"><\/p>\n<div class=\"mt-content\">\n<div class=\"mt-image-container\"><img decoding=\"async\" src=\"https:\/\/www.paparazzi.com.ar\/wp-content\/uploads\/2024\/11\/mona-jimenez-22.jpg.webp\" alt=\"La Mona Jim\u00e9nez cont\u00f3 qu\u00e9 sinti\u00f3 cuando estuvo al borde de la muerte\" class=\"mt-image\" loading=\"lazy\" \/><\/div>\n<h5 class=\"mt-title\">La Mona Jim\u00e9nez cont\u00f3 qu\u00e9 sinti\u00f3 cuando estuvo al borde de la muerte<\/h5>\n<\/div>\n<p><\/a><\/div>\n<p>Si bien el propio desarrollo del show confirm\u00f3 que las pausas fueron preventivas, la frase \u201cme qued\u00e9 sin aire\u201d qued\u00f3 resonando. La preocupaci\u00f3n se instal\u00f3 por unas horas, aunque el desenlace mostr\u00f3 a una Mona firme y profesional.<\/p>\n<p>El regreso fue multitudinario, emotivo y tambi\u00e9n exigente. Y dej\u00f3 algo claro: el Mandam\u00e1s sigue siendo el rey del cuarteto, pero el calor y el paso del tiempo ya no son detalles menores.<\/p>\n<figure class=\"wp-block-image size-full\"><img decoding=\"async\" width=\"992\" height=\"661\" src=\"https:\/\/www.paparazzi.com.ar\/wp-content\/uploads\/2026\/02\/image-111.png.webp\" loading=\"lazy\" alt=\"\" class=\"wp-image-464507\" \/><\/figure>\n<div class=\"mt-box \">\n<h4 class=\"mt-heading\">Mir\u00e1 Tambi\u00e9n<\/h4>\n<p><a href=\"https:\/\/www.paparazzi.com.ar\/teve\/asi-es-por-dentro-el-lujoso-museo-de-la-mona-jimenez-8-000-trajes-un-bar-y-restaurante\/\"><\/p>\n<div class=\"mt-content\">\n<div class=\"mt-image-container\"><img decoding=\"async\" src=\"https:\/\/www.paparazzi.com.ar\/wp-content\/uploads\/2024\/03\/Asi-es-por-dentro-el-lujoso-museo-de-La-Mona-Jimenez-8.000-trajes-un-bar-y-restaurante.jpg.webp\" alt=\"As\u00ed es por dentro el lujoso museo de La Mona Jim\u00e9nez: 8.000 trajes, un bar y restaurante\" class=\"mt-image\" loading=\"lazy\" \/><\/div>\n<h5 class=\"mt-title\">As\u00ed es por dentro el lujoso museo de La Mona Jim\u00e9nez: 8.000 trajes, un bar y restaurante<\/h5>\n<\/div>\n<p><\/a><\/div>\n<div class=\"mt-box \">\n<h4 class=\"mt-heading\">Mir\u00e1 Tambi\u00e9n<\/h4>\n<p><a href=\"https:\/\/www.paparazzi.com.ar\/teve\/operaron-a-la-mona-jimenez-a-los-74-anos-cual-es-el-problema-de-salud-que-padece\/\"><\/p>\n<div class=\"mt-content\">\n<div class=\"mt-image-container\"><img decoding=\"async\" src=\"https:\/\/www.paparazzi.com.ar\/wp-content\/uploads\/2025\/12\/Operaron-a-La-Mona-Jimenez-a-los-74-anos-cual-es-el-problema-de-salud-que-padece--359x226.jpg\" alt=\"Operaron a La Mona Jim\u00e9nez a los 74 a\u00f1os: cu\u00e1l es el problema de salud que padece\" class=\"mt-image\" loading=\"lazy\" \/><\/div>\n<h5 class=\"mt-title\">Operaron a La Mona Jim\u00e9nez a los 74 a\u00f1os: cu\u00e1l es el problema de salud que padece<\/h5>\n<\/div>\n<p><\/a><\/div>\n<p>The post <a href=\"https:\/\/www.paparazzi.com.ar\/teve\/esta-faltando-oxigeno-aca-arriba-el-desesperado-pedido-de-la-mona-jimenez-en-el-escenario-que-preocupo-a-todos\/\">\u201cMe est\u00e1 faltando ox\u00edgeno\u201d: el desesperado pedido de La Mona Jim\u00e9nez en el escenario que preocup\u00f3 a todos<\/a> appeared first on <a href=\"https:\/\/www.paparazzi.com.ar\">Revista Paparazzi<\/a>.<\/p>\n","protected":false},"excerpt":{"rendered":"<p>Lo que promet\u00eda ser una noche de puro festejo termin\u00f3<\/p>\n","protected":false},"author":0,"featured_media":11811,"comment_status":"","ping_status":"","sticky":false,"template":"","format":"standard","meta":{"footnotes":""},"categories":[12],"tags":[],"class_list":["post-11810","post","type-post","status-publish","format-standard","has-post-thumbnail","hentry","category-espectaculo"],"yoast_head":"<!-- This site is optimized with the Yoast SEO plugin v27.5 - https:\/\/yoast.com\/product\/yoast-seo-wordpress\/ -->\n<title>\u201cMe est\u00e1 faltando ox\u00edgeno\u201d: el desesperado pedido de La Mona Jim\u00e9nez en el escenario que preocup\u00f3 a todos - Cuarteto en la Web<\/title>\n<meta name=\"robots\" content=\"index, follow, max-snippet:-1, max-image-preview:large, max-video-preview:-1\" \/>\n<link rel=\"canonical\" href=\"https:\/\/cuartetoenlaweb.com.ar\/sitio\/me-esta-faltando-oxigeno-el-desesperado-pedido-de-la-mona-jimenez-en-el-escenario-que-preocupo-a-todos\/\" \/>\n<meta property=\"og:locale\" content=\"es_ES\" \/>\n<meta property=\"og:type\" content=\"article\" \/>\n<meta property=\"og:title\" content=\"\u201cMe est\u00e1 faltando ox\u00edgeno\u201d: el desesperado pedido de La Mona Jim\u00e9nez en el escenario que preocup\u00f3 a todos - Cuarteto en la Web\" \/>\n<meta property=\"og:description\" content=\"Lo que promet\u00eda ser una noche de puro festejo termin\u00f3\" \/>\n<meta property=\"og:url\" content=\"https:\/\/cuartetoenlaweb.com.ar\/sitio\/me-esta-faltando-oxigeno-el-desesperado-pedido-de-la-mona-jimenez-en-el-escenario-que-preocupo-a-todos\/\" \/>\n<meta property=\"og:site_name\" content=\"Cuarteto en la Web\" \/>\n<meta property=\"article:published_time\" content=\"2026-02-16T04:59:40+00:00\" \/>\n<meta property=\"og:image\" content=\"https:\/\/cuartetoenlaweb.com.ar\/sitio\/wp-content\/uploads\/2026\/02\/China-Suarez-aeropuerto-359x226-9.jpg\" \/>\n\t<meta property=\"og:image:width\" content=\"359\" \/>\n\t<meta property=\"og:image:height\" content=\"226\" \/>\n\t<meta property=\"og:image:type\" content=\"image\/jpeg\" \/>\n<meta name=\"twitter:card\" content=\"summary_large_image\" \/>\n<meta name=\"twitter:label1\" content=\"Tiempo de lectura\" \/>\n\t<meta name=\"twitter:data1\" content=\"3 minutos\" \/>\n<script type=\"application\/ld+json\" class=\"yoast-schema-graph\">{\"@context\":\"https:\\\/\\\/schema.org\",\"@graph\":[{\"@type\":\"Article\",\"@id\":\"https:\\\/\\\/cuartetoenlaweb.com.ar\\\/sitio\\\/me-esta-faltando-oxigeno-el-desesperado-pedido-de-la-mona-jimenez-en-el-escenario-que-preocupo-a-todos\\\/#article\",\"isPartOf\":{\"@id\":\"https:\\\/\\\/cuartetoenlaweb.com.ar\\\/sitio\\\/me-esta-faltando-oxigeno-el-desesperado-pedido-de-la-mona-jimenez-en-el-escenario-que-preocupo-a-todos\\\/\"},\"author\":{\"name\":\"\",\"@id\":\"\"},\"headline\":\"\u201cMe est\u00e1 faltando ox\u00edgeno\u201d: el desesperado pedido de La Mona Jim\u00e9nez en el escenario que preocup\u00f3 a todos\",\"datePublished\":\"2026-02-16T04:59:40+00:00\",\"mainEntityOfPage\":{\"@id\":\"https:\\\/\\\/cuartetoenlaweb.com.ar\\\/sitio\\\/me-esta-faltando-oxigeno-el-desesperado-pedido-de-la-mona-jimenez-en-el-escenario-que-preocupo-a-todos\\\/\"},\"wordCount\":646,\"publisher\":{\"@id\":\"http:\\\/\\\/cuartetoenlaweb.com.ar\\\/sitio\\\/#organization\"},\"image\":{\"@id\":\"https:\\\/\\\/cuartetoenlaweb.com.ar\\\/sitio\\\/me-esta-faltando-oxigeno-el-desesperado-pedido-de-la-mona-jimenez-en-el-escenario-que-preocupo-a-todos\\\/#primaryimage\"},\"thumbnailUrl\":\"https:\\\/\\\/cuartetoenlaweb.com.ar\\\/sitio\\\/wp-content\\\/uploads\\\/2026\\\/02\\\/China-Suarez-aeropuerto-359x226-9.jpg\",\"articleSection\":[\"ESPECT\u00c1CULO\"],\"inLanguage\":\"es\"},{\"@type\":\"WebPage\",\"@id\":\"https:\\\/\\\/cuartetoenlaweb.com.ar\\\/sitio\\\/me-esta-faltando-oxigeno-el-desesperado-pedido-de-la-mona-jimenez-en-el-escenario-que-preocupo-a-todos\\\/\",\"url\":\"https:\\\/\\\/cuartetoenlaweb.com.ar\\\/sitio\\\/me-esta-faltando-oxigeno-el-desesperado-pedido-de-la-mona-jimenez-en-el-escenario-que-preocupo-a-todos\\\/\",\"name\":\"\u201cMe est\u00e1 faltando ox\u00edgeno\u201d: el desesperado pedido de La Mona Jim\u00e9nez en el escenario que preocup\u00f3 a todos - Cuarteto en la Web\",\"isPartOf\":{\"@id\":\"http:\\\/\\\/cuartetoenlaweb.com.ar\\\/sitio\\\/#website\"},\"primaryImageOfPage\":{\"@id\":\"https:\\\/\\\/cuartetoenlaweb.com.ar\\\/sitio\\\/me-esta-faltando-oxigeno-el-desesperado-pedido-de-la-mona-jimenez-en-el-escenario-que-preocupo-a-todos\\\/#primaryimage\"},\"image\":{\"@id\":\"https:\\\/\\\/cuartetoenlaweb.com.ar\\\/sitio\\\/me-esta-faltando-oxigeno-el-desesperado-pedido-de-la-mona-jimenez-en-el-escenario-que-preocupo-a-todos\\\/#primaryimage\"},\"thumbnailUrl\":\"https:\\\/\\\/cuartetoenlaweb.com.ar\\\/sitio\\\/wp-content\\\/uploads\\\/2026\\\/02\\\/China-Suarez-aeropuerto-359x226-9.jpg\",\"datePublished\":\"2026-02-16T04:59:40+00:00\",\"breadcrumb\":{\"@id\":\"https:\\\/\\\/cuartetoenlaweb.com.ar\\\/sitio\\\/me-esta-faltando-oxigeno-el-desesperado-pedido-de-la-mona-jimenez-en-el-escenario-que-preocupo-a-todos\\\/#breadcrumb\"},\"inLanguage\":\"es\",\"potentialAction\":[{\"@type\":\"ReadAction\",\"target\":[\"https:\\\/\\\/cuartetoenlaweb.com.ar\\\/sitio\\\/me-esta-faltando-oxigeno-el-desesperado-pedido-de-la-mona-jimenez-en-el-escenario-que-preocupo-a-todos\\\/\"]}]},{\"@type\":\"ImageObject\",\"inLanguage\":\"es\",\"@id\":\"https:\\\/\\\/cuartetoenlaweb.com.ar\\\/sitio\\\/me-esta-faltando-oxigeno-el-desesperado-pedido-de-la-mona-jimenez-en-el-escenario-que-preocupo-a-todos\\\/#primaryimage\",\"url\":\"https:\\\/\\\/cuartetoenlaweb.com.ar\\\/sitio\\\/wp-content\\\/uploads\\\/2026\\\/02\\\/China-Suarez-aeropuerto-359x226-9.jpg\",\"contentUrl\":\"https:\\\/\\\/cuartetoenlaweb.com.ar\\\/sitio\\\/wp-content\\\/uploads\\\/2026\\\/02\\\/China-Suarez-aeropuerto-359x226-9.jpg\",\"width\":359,\"height\":226},{\"@type\":\"BreadcrumbList\",\"@id\":\"https:\\\/\\\/cuartetoenlaweb.com.ar\\\/sitio\\\/me-esta-faltando-oxigeno-el-desesperado-pedido-de-la-mona-jimenez-en-el-escenario-que-preocupo-a-todos\\\/#breadcrumb\",\"itemListElement\":[{\"@type\":\"ListItem\",\"position\":1,\"name\":\"Portada\",\"item\":\"http:\\\/\\\/cuartetoenlaweb.com.ar\\\/sitio\\\/\"},{\"@type\":\"ListItem\",\"position\":2,\"name\":\"\u201cMe est\u00e1 faltando ox\u00edgeno\u201d: el desesperado pedido de La Mona Jim\u00e9nez en el escenario que preocup\u00f3 a todos\"}]},{\"@type\":\"WebSite\",\"@id\":\"http:\\\/\\\/cuartetoenlaweb.com.ar\\\/sitio\\\/#website\",\"url\":\"http:\\\/\\\/cuartetoenlaweb.com.ar\\\/sitio\\\/\",\"name\":\"Cuarteto en la Web\",\"description\":\"\",\"publisher\":{\"@id\":\"http:\\\/\\\/cuartetoenlaweb.com.ar\\\/sitio\\\/#organization\"},\"potentialAction\":[{\"@type\":\"SearchAction\",\"target\":{\"@type\":\"EntryPoint\",\"urlTemplate\":\"http:\\\/\\\/cuartetoenlaweb.com.ar\\\/sitio\\\/?s={search_term_string}\"},\"query-input\":{\"@type\":\"PropertyValueSpecification\",\"valueRequired\":true,\"valueName\":\"search_term_string\"}}],\"inLanguage\":\"es\"},{\"@type\":\"Organization\",\"@id\":\"http:\\\/\\\/cuartetoenlaweb.com.ar\\\/sitio\\\/#organization\",\"name\":\"Cuarteto en la Web\",\"url\":\"http:\\\/\\\/cuartetoenlaweb.com.ar\\\/sitio\\\/\",\"logo\":{\"@type\":\"ImageObject\",\"inLanguage\":\"es\",\"@id\":\"http:\\\/\\\/cuartetoenlaweb.com.ar\\\/sitio\\\/#\\\/schema\\\/logo\\\/image\\\/\",\"url\":\"https:\\\/\\\/cuartetoenlaweb.com.ar\\\/sitio\\\/wp-content\\\/uploads\\\/2025\\\/07\\\/cropped-cropped-logitoweb21.png\",\"contentUrl\":\"https:\\\/\\\/cuartetoenlaweb.com.ar\\\/sitio\\\/wp-content\\\/uploads\\\/2025\\\/07\\\/cropped-cropped-logitoweb21.png\",\"width\":199,\"height\":199,\"caption\":\"Cuarteto en la Web\"},\"image\":{\"@id\":\"http:\\\/\\\/cuartetoenlaweb.com.ar\\\/sitio\\\/#\\\/schema\\\/logo\\\/image\\\/\"}}]}<\/script>\n<!-- \/ Yoast SEO plugin. -->","yoast_head_json":{"title":"\u201cMe est\u00e1 faltando ox\u00edgeno\u201d: el desesperado pedido de La Mona Jim\u00e9nez en el escenario que preocup\u00f3 a todos - Cuarteto en la Web","robots":{"index":"index","follow":"follow","max-snippet":"max-snippet:-1","max-image-preview":"max-image-preview:large","max-video-preview":"max-video-preview:-1"},"canonical":"https:\/\/cuartetoenlaweb.com.ar\/sitio\/me-esta-faltando-oxigeno-el-desesperado-pedido-de-la-mona-jimenez-en-el-escenario-que-preocupo-a-todos\/","og_locale":"es_ES","og_type":"article","og_title":"\u201cMe est\u00e1 faltando ox\u00edgeno\u201d: el desesperado pedido de La Mona Jim\u00e9nez en el escenario que preocup\u00f3 a todos - Cuarteto en la Web","og_description":"Lo que promet\u00eda ser una noche de puro festejo termin\u00f3","og_url":"https:\/\/cuartetoenlaweb.com.ar\/sitio\/me-esta-faltando-oxigeno-el-desesperado-pedido-de-la-mona-jimenez-en-el-escenario-que-preocupo-a-todos\/","og_site_name":"Cuarteto en la Web","article_published_time":"2026-02-16T04:59:40+00:00","og_image":[{"width":359,"height":226,"url":"https:\/\/cuartetoenlaweb.com.ar\/sitio\/wp-content\/uploads\/2026\/02\/China-Suarez-aeropuerto-359x226-9.jpg","type":"image\/jpeg"}],"twitter_card":"summary_large_image","twitter_misc":{"Tiempo de lectura":"3 minutos"},"schema":{"@context":"https:\/\/schema.org","@graph":[{"@type":"Article","@id":"https:\/\/cuartetoenlaweb.com.ar\/sitio\/me-esta-faltando-oxigeno-el-desesperado-pedido-de-la-mona-jimenez-en-el-escenario-que-preocupo-a-todos\/#article","isPartOf":{"@id":"https:\/\/cuartetoenlaweb.com.ar\/sitio\/me-esta-faltando-oxigeno-el-desesperado-pedido-de-la-mona-jimenez-en-el-escenario-que-preocupo-a-todos\/"},"author":{"name":"","@id":""},"headline":"\u201cMe est\u00e1 faltando ox\u00edgeno\u201d: el desesperado pedido de La Mona Jim\u00e9nez en el escenario que preocup\u00f3 a todos","datePublished":"2026-02-16T04:59:40+00:00","mainEntityOfPage":{"@id":"https:\/\/cuartetoenlaweb.com.ar\/sitio\/me-esta-faltando-oxigeno-el-desesperado-pedido-de-la-mona-jimenez-en-el-escenario-que-preocupo-a-todos\/"},"wordCount":646,"publisher":{"@id":"http:\/\/cuartetoenlaweb.com.ar\/sitio\/#organization"},"image":{"@id":"https:\/\/cuartetoenlaweb.com.ar\/sitio\/me-esta-faltando-oxigeno-el-desesperado-pedido-de-la-mona-jimenez-en-el-escenario-que-preocupo-a-todos\/#primaryimage"},"thumbnailUrl":"https:\/\/cuartetoenlaweb.com.ar\/sitio\/wp-content\/uploads\/2026\/02\/China-Suarez-aeropuerto-359x226-9.jpg","articleSection":["ESPECT\u00c1CULO"],"inLanguage":"es"},{"@type":"WebPage","@id":"https:\/\/cuartetoenlaweb.com.ar\/sitio\/me-esta-faltando-oxigeno-el-desesperado-pedido-de-la-mona-jimenez-en-el-escenario-que-preocupo-a-todos\/","url":"https:\/\/cuartetoenlaweb.com.ar\/sitio\/me-esta-faltando-oxigeno-el-desesperado-pedido-de-la-mona-jimenez-en-el-escenario-que-preocupo-a-todos\/","name":"\u201cMe est\u00e1 faltando ox\u00edgeno\u201d: el desesperado pedido de La Mona Jim\u00e9nez en el escenario que preocup\u00f3 a todos - Cuarteto en la Web","isPartOf":{"@id":"http:\/\/cuartetoenlaweb.com.ar\/sitio\/#website"},"primaryImageOfPage":{"@id":"https:\/\/cuartetoenlaweb.com.ar\/sitio\/me-esta-faltando-oxigeno-el-desesperado-pedido-de-la-mona-jimenez-en-el-escenario-que-preocupo-a-todos\/#primaryimage"},"image":{"@id":"https:\/\/cuartetoenlaweb.com.ar\/sitio\/me-esta-faltando-oxigeno-el-desesperado-pedido-de-la-mona-jimenez-en-el-escenario-que-preocupo-a-todos\/#primaryimage"},"thumbnailUrl":"https:\/\/cuartetoenlaweb.com.ar\/sitio\/wp-content\/uploads\/2026\/02\/China-Suarez-aeropuerto-359x226-9.jpg","datePublished":"2026-02-16T04:59:40+00:00","breadcrumb":{"@id":"https:\/\/cuartetoenlaweb.com.ar\/sitio\/me-esta-faltando-oxigeno-el-desesperado-pedido-de-la-mona-jimenez-en-el-escenario-que-preocupo-a-todos\/#breadcrumb"},"inLanguage":"es","potentialAction":[{"@type":"ReadAction","target":["https:\/\/cuartetoenlaweb.com.ar\/sitio\/me-esta-faltando-oxigeno-el-desesperado-pedido-de-la-mona-jimenez-en-el-escenario-que-preocupo-a-todos\/"]}]},{"@type":"ImageObject","inLanguage":"es","@id":"https:\/\/cuartetoenlaweb.com.ar\/sitio\/me-esta-faltando-oxigeno-el-desesperado-pedido-de-la-mona-jimenez-en-el-escenario-que-preocupo-a-todos\/#primaryimage","url":"https:\/\/cuartetoenlaweb.com.ar\/sitio\/wp-content\/uploads\/2026\/02\/China-Suarez-aeropuerto-359x226-9.jpg","contentUrl":"https:\/\/cuartetoenlaweb.com.ar\/sitio\/wp-content\/uploads\/2026\/02\/China-Suarez-aeropuerto-359x226-9.jpg","width":359,"height":226},{"@type":"BreadcrumbList","@id":"https:\/\/cuartetoenlaweb.com.ar\/sitio\/me-esta-faltando-oxigeno-el-desesperado-pedido-de-la-mona-jimenez-en-el-escenario-que-preocupo-a-todos\/#breadcrumb","itemListElement":[{"@type":"ListItem","position":1,"name":"Portada","item":"http:\/\/cuartetoenlaweb.com.ar\/sitio\/"},{"@type":"ListItem","position":2,"name":"\u201cMe est\u00e1 faltando ox\u00edgeno\u201d: el desesperado pedido de La Mona Jim\u00e9nez en el escenario que preocup\u00f3 a todos"}]},{"@type":"WebSite","@id":"http:\/\/cuartetoenlaweb.com.ar\/sitio\/#website","url":"http:\/\/cuartetoenlaweb.com.ar\/sitio\/","name":"Cuarteto en la Web","description":"","publisher":{"@id":"http:\/\/cuartetoenlaweb.com.ar\/sitio\/#organization"},"potentialAction":[{"@type":"SearchAction","target":{"@type":"EntryPoint","urlTemplate":"http:\/\/cuartetoenlaweb.com.ar\/sitio\/?s={search_term_string}"},"query-input":{"@type":"PropertyValueSpecification","valueRequired":true,"valueName":"search_term_string"}}],"inLanguage":"es"},{"@type":"Organization","@id":"http:\/\/cuartetoenlaweb.com.ar\/sitio\/#organization","name":"Cuarteto en la Web","url":"http:\/\/cuartetoenlaweb.com.ar\/sitio\/","logo":{"@type":"ImageObject","inLanguage":"es","@id":"http:\/\/cuartetoenlaweb.com.ar\/sitio\/#\/schema\/logo\/image\/","url":"https:\/\/cuartetoenlaweb.com.ar\/sitio\/wp-content\/uploads\/2025\/07\/cropped-cropped-logitoweb21.png","contentUrl":"https:\/\/cuartetoenlaweb.com.ar\/sitio\/wp-content\/uploads\/2025\/07\/cropped-cropped-logitoweb21.png","width":199,"height":199,"caption":"Cuarteto en la Web"},"image":{"@id":"http:\/\/cuartetoenlaweb.com.ar\/sitio\/#\/schema\/logo\/image\/"}}]}},"_links":{"self":[{"href":"https:\/\/cuartetoenlaweb.com.ar\/sitio\/wp-json\/wp\/v2\/posts\/11810","targetHints":{"allow":["GET"]}}],"collection":[{"href":"https:\/\/cuartetoenlaweb.com.ar\/sitio\/wp-json\/wp\/v2\/posts"}],"about":[{"href":"https:\/\/cuartetoenlaweb.com.ar\/sitio\/wp-json\/wp\/v2\/types\/post"}],"replies":[{"embeddable":true,"href":"https:\/\/cuartetoenlaweb.com.ar\/sitio\/wp-json\/wp\/v2\/comments?post=11810"}],"version-history":[{"count":0,"href":"https:\/\/cuartetoenlaweb.com.ar\/sitio\/wp-json\/wp\/v2\/posts\/11810\/revisions"}],"wp:featuredmedia":[{"embeddable":true,"href":"https:\/\/cuartetoenlaweb.com.ar\/sitio\/wp-json\/wp\/v2\/media\/11811"}],"wp:attachment":[{"href":"https:\/\/cuartetoenlaweb.com.ar\/sitio\/wp-json\/wp\/v2\/media?parent=11810"}],"wp:term":[{"taxonomy":"category","embeddable":true,"href":"https:\/\/cuartetoenlaweb.com.ar\/sitio\/wp-json\/wp\/v2\/categories?post=11810"},{"taxonomy":"post_tag","embeddable":true,"href":"https:\/\/cuartetoenlaweb.com.ar\/sitio\/wp-json\/wp\/v2\/tags?post=11810"}],"curies":[{"name":"wp","href":"https:\/\/api.w.org\/{rel}","templated":true}]}}