
{"id":11808,"date":"2026-02-16T01:59:40","date_gmt":"2026-02-16T04:59:40","guid":{"rendered":"https:\/\/cuartetoenlaweb.com.ar\/sitio\/reencuentro-explosivo-valentina-cervantes-volvio-al-pais-y-se-refugio-en-sus-amigas-de-masterchef-celebrity\/"},"modified":"2026-02-16T01:59:40","modified_gmt":"2026-02-16T04:59:40","slug":"reencuentro-explosivo-valentina-cervantes-volvio-al-pais-y-se-refugio-en-sus-amigas-de-masterchef-celebrity","status":"publish","type":"post","link":"https:\/\/cuartetoenlaweb.com.ar\/sitio\/reencuentro-explosivo-valentina-cervantes-volvio-al-pais-y-se-refugio-en-sus-amigas-de-masterchef-celebrity\/","title":{"rendered":"Reencuentro explosivo: Valentina Cervantes volvi\u00f3 al pa\u00eds y se refugi\u00f3 en sus amigas de MasterChef Celebrity"},"content":{"rendered":"<p>La cuenta regresiva para la gran final de <em><a href=\"https:\/\/www.paparazzi.com.ar\/?s=MasterChef+Celebrity\">MasterChef Celebrity<\/a><\/em> ya comenz\u00f3 y uno de los regresos m\u00e1s comentados fue el de <strong><a href=\"https:\/\/www.paparazzi.com.ar\/?s=Valentina+Cervantes\">Valentina Cervantes<\/a><\/strong>. La influencer volvi\u00f3 a la Argentina especialmente para presenciar la definici\u00f3n del programa del que form\u00f3 parte y donde supo construir v\u00ednculos muy fuertes.<\/p>\n<p>La final se grabar\u00e1 el pr\u00f3ximo 20 de febrero y contar\u00e1 con la presencia de los finalistas, el jurado, sus familias y todos los participantes eliminados. En ese contexto, la presencia de Valentina no pas\u00f3 desapercibida. Su salida del certamen hab\u00eda generado sorpresa, ya que decidi\u00f3 priorizar su vida familiar en Inglaterra junto a su pareja, <strong>Enzo Fern\u00e1ndez<\/strong>, actual jugador del Chelsea.<\/p>\n<p>Valentina lleg\u00f3 acompa\u00f1ada por sus hijos, mientras el futbolista permaneci\u00f3 en Europa cumpliendo con sus compromisos deportivos. Cabe recordar que la influencer hab\u00eda optado por dejar el reality para acompa\u00f1arlo y garantizar la estabilidad de sus peque\u00f1os en Londres, donde incluso escolarizaron al menor, <strong>Benjam\u00edn<\/strong>.<\/p>\n<div class=\"mt-box \">\n<h4 class=\"mt-heading\">Mir\u00e1 Tambi\u00e9n<\/h4>\n<p><a href=\"https:\/\/www.paparazzi.com.ar\/romances\/exclusivo-el-video-de-la-china-suarez-yendose-del-pais-para-reencontrarse-con-mauro-icardi-en-medio-de-su-crisis\/\"><\/p>\n<div class=\"mt-content\">\n<div class=\"mt-image-container\"><img decoding=\"async\" src=\"https:\/\/www.paparazzi.com.ar\/wp-content\/uploads\/2026\/02\/China-Suarez-aeropuerto-359x226.jpg\" alt=\"\u00a1Exclusivo! El video de la China Su\u00e1rez y\u00e9ndose del pa\u00eds para reencontrarse con Mauro Icardi en medio de su crisis\" class=\"mt-image\" loading=\"lazy\" \/><\/div>\n<h5 class=\"mt-title\">\u00a1Exclusivo! El video de la China Su\u00e1rez y\u00e9ndose del pa\u00eds para reencontrarse con Mauro Icardi en medio de su crisis<\/h5>\n<\/div>\n<p><\/a><\/div>\n<p>Pero su regreso fue mucho m\u00e1s que una simple visita. Apenas aterriz\u00f3, <a href=\"https:\/\/www.paparazzi.com.ar\/teve\/el-polemico-mensaje-de-la-joaqui-tras-su-pelea-a-muerte-con-wanda-nara-por-valentina-cervantes\/\">se reencontr\u00f3 con dos de sus grandes aliadas dentro del certamen<\/a>: <strong>La Joaqui <\/strong>y <strong>Evangelina Anderson<\/strong>. La imagen que compartieron juntas en redes sociales no tard\u00f3 en viralizarse y despert\u00f3 nostalgia entre los seguidores del programa.<\/p>\n<figure class=\"wp-block-image size-full\"><img decoding=\"async\" width=\"768\" height=\"432\" src=\"https:\/\/www.paparazzi.com.ar\/wp-content\/uploads\/2026\/02\/image-118.png.webp\" loading=\"lazy\" alt=\"\" class=\"wp-image-464535\" \/><\/figure>\n<h2 class=\"wp-block-heading\">EL PASO DE VALENTINA CERVANTES POR MASTERCHEF CELEBRITY:<\/h2>\n<p>Durante su paso por el ciclo gastron\u00f3mico, Valentina consolid\u00f3 un grupo muy unido con sus compa\u00f1eras mujeres. Su salida fue especialmente emotiva y dej\u00f3 l\u00e1grimas tanto dentro como fuera de c\u00e1mara. Ahora, el reencuentro volvi\u00f3 a encender esa qu\u00edmica que traspas\u00f3 la pantalla.<\/p>\n<p>El domingo fue pura complicidad: charlas, risas y hasta bailes virales. <strong>Lola Demichelis <\/strong>comparti\u00f3 un video donde se las ve disfrutando al ritmo de<em> <\/em>un trend de TikTok, junto a las hijas de La Joaqui y<strong> Olivia<\/strong>, la hija mayor de Valentina.<strong> La amistad trascendi\u00f3 el programa y tambi\u00e9n involucr\u00f3 a las familias<\/strong>.<\/p>\n<div class=\"mt-box \">\n<h4 class=\"mt-heading\">Mir\u00e1 Tambi\u00e9n<\/h4>\n<p><a href=\"https:\/\/www.paparazzi.com.ar\/teve\/la-pelea-del-chino-leunis-con-ian-lucas-que-tiene-en-vilo-la-recta-final-de-masterchef\/\"><\/p>\n<div class=\"mt-content\">\n<div class=\"mt-image-container\"><img decoding=\"async\" src=\"https:\/\/www.paparazzi.com.ar\/wp-content\/uploads\/2026\/02\/leunis-ian-359x226.jpeg\" alt=\"La pelea del Chino Leunis con Ian Lucas que tiene en vilo la recta final de Masterchef\" class=\"mt-image\" loading=\"lazy\" \/><\/div>\n<h5 class=\"mt-title\">La pelea del Chino Leunis con Ian Lucas que tiene en vilo la recta final de Masterchef<\/h5>\n<\/div>\n<p><\/a><\/div>\n<p>La expectativa por la final es cada vez mayor y la presencia de Valentina suma un condimento especial. Su regreso confirma que, m\u00e1s all\u00e1 de la competencia, <em>MasterChef Celebrity<\/em> dej\u00f3 lazos que siguen intactos.<\/p>\n<p>Entre reencuentros, abrazos y recuerdos, la influencer vuelve a pisar suelo argentino en un momento clave para el reality. Y aunque su vida hoy transcurra entre Londres y Argentina, qued\u00f3 claro que el v\u00ednculo con sus ex compa\u00f1eros sigue m\u00e1s fuerte que nunca.<\/p>\n<div class=\"mt-box \">\n<h4 class=\"mt-heading\">Mir\u00e1 Tambi\u00e9n<\/h4>\n<p><a href=\"https:\/\/www.paparazzi.com.ar\/teve\/emilia-attias-rompio-el-silencio-por-el-escandalo-de-la-crema-y-apunto-a-la-interna-de-masterchef-celebrity\/\"><\/p>\n<div class=\"mt-content\">\n<div class=\"mt-image-container\"><img decoding=\"async\" src=\"https:\/\/www.paparazzi.com.ar\/wp-content\/uploads\/2026\/02\/Emilia-Attias-1-359x226.jpg\" alt=\"Emilia Attias rompi\u00f3 el silencio por el esc\u00e1ndalo de la crema y apunt\u00f3 a la interna de MasterChef Celebrity\" class=\"mt-image\" loading=\"lazy\" \/><\/div>\n<h5 class=\"mt-title\">Emilia Attias rompi\u00f3 el silencio por el esc\u00e1ndalo de la crema y apunt\u00f3 a la interna de MasterChef Celebrity<\/h5>\n<\/div>\n<p><\/a><\/div>\n<div class=\"mt-box \">\n<h4 class=\"mt-heading\">Mir\u00e1 Tambi\u00e9n<\/h4>\n<p><a href=\"https:\/\/www.paparazzi.com.ar\/teve\/laura-ubfal-mando-al-frente-a-masterchef-celebrity-y-revelo-quien-seria-el-proximo-eliminado\/\"><\/p>\n<div class=\"mt-content\">\n<div class=\"mt-image-container\"><img decoding=\"async\" src=\"https:\/\/www.paparazzi.com.ar\/wp-content\/uploads\/2025\/07\/wanda-nara-masterchef-telefe-155.png.webp\" alt=\"Laura Ubfal mand\u00f3 al frente a MasterChef Celebrity y filtr\u00f3 qui\u00e9n ser\u00eda el pr\u00f3ximo eliminado\" class=\"mt-image\" loading=\"lazy\" \/><\/div>\n<h5 class=\"mt-title\">Laura Ubfal mand\u00f3 al frente a MasterChef Celebrity y filtr\u00f3 qui\u00e9n ser\u00eda el pr\u00f3ximo eliminado<\/h5>\n<\/div>\n<p><\/a><\/div>\n<p>The post <a href=\"https:\/\/www.paparazzi.com.ar\/teve\/reencuentro-explosivo-valentina-cervantes-volvio-al-pais-y-se-refugio-en-sus-amigas-de-masterchef-celebrity\/\">Reencuentro explosivo: Valentina Cervantes volvi\u00f3 al pa\u00eds y se refugi\u00f3 en sus amigas de MasterChef Celebrity<\/a> appeared first on <a href=\"https:\/\/www.paparazzi.com.ar\">Revista Paparazzi<\/a>.<\/p>\n","protected":false},"excerpt":{"rendered":"<p>La cuenta regresiva para la gran final de MasterChef Celebrity<\/p>\n","protected":false},"author":0,"featured_media":11809,"comment_status":"","ping_status":"","sticky":false,"template":"","format":"standard","meta":{"footnotes":""},"categories":[12],"tags":[],"class_list":["post-11808","post","type-post","status-publish","format-standard","has-post-thumbnail","hentry","category-espectaculo"],"yoast_head":"<!-- This site is optimized with the Yoast SEO plugin v27.5 - https:\/\/yoast.com\/product\/yoast-seo-wordpress\/ -->\n<title>Reencuentro explosivo: Valentina Cervantes volvi\u00f3 al pa\u00eds y se refugi\u00f3 en sus amigas de MasterChef Celebrity - Cuarteto en la Web<\/title>\n<meta name=\"robots\" content=\"index, follow, max-snippet:-1, max-image-preview:large, max-video-preview:-1\" \/>\n<link rel=\"canonical\" href=\"https:\/\/cuartetoenlaweb.com.ar\/sitio\/reencuentro-explosivo-valentina-cervantes-volvio-al-pais-y-se-refugio-en-sus-amigas-de-masterchef-celebrity\/\" \/>\n<meta property=\"og:locale\" content=\"es_ES\" \/>\n<meta property=\"og:type\" content=\"article\" \/>\n<meta property=\"og:title\" content=\"Reencuentro explosivo: Valentina Cervantes volvi\u00f3 al pa\u00eds y se refugi\u00f3 en sus amigas de MasterChef Celebrity - Cuarteto en la Web\" \/>\n<meta property=\"og:description\" content=\"La cuenta regresiva para la gran final de MasterChef Celebrity\" \/>\n<meta property=\"og:url\" content=\"https:\/\/cuartetoenlaweb.com.ar\/sitio\/reencuentro-explosivo-valentina-cervantes-volvio-al-pais-y-se-refugio-en-sus-amigas-de-masterchef-celebrity\/\" \/>\n<meta property=\"og:site_name\" content=\"Cuarteto en la Web\" \/>\n<meta property=\"article:published_time\" content=\"2026-02-16T04:59:40+00:00\" \/>\n<meta property=\"og:image\" content=\"https:\/\/cuartetoenlaweb.com.ar\/sitio\/wp-content\/uploads\/2026\/02\/China-Suarez-aeropuerto-359x226-8.jpg\" \/>\n\t<meta property=\"og:image:width\" content=\"359\" \/>\n\t<meta property=\"og:image:height\" content=\"226\" \/>\n\t<meta property=\"og:image:type\" content=\"image\/jpeg\" \/>\n<meta name=\"twitter:card\" content=\"summary_large_image\" \/>\n<meta name=\"twitter:label1\" content=\"Tiempo de lectura\" \/>\n\t<meta name=\"twitter:data1\" content=\"3 minutos\" \/>\n<script type=\"application\/ld+json\" class=\"yoast-schema-graph\">{\"@context\":\"https:\\\/\\\/schema.org\",\"@graph\":[{\"@type\":\"Article\",\"@id\":\"https:\\\/\\\/cuartetoenlaweb.com.ar\\\/sitio\\\/reencuentro-explosivo-valentina-cervantes-volvio-al-pais-y-se-refugio-en-sus-amigas-de-masterchef-celebrity\\\/#article\",\"isPartOf\":{\"@id\":\"https:\\\/\\\/cuartetoenlaweb.com.ar\\\/sitio\\\/reencuentro-explosivo-valentina-cervantes-volvio-al-pais-y-se-refugio-en-sus-amigas-de-masterchef-celebrity\\\/\"},\"author\":{\"name\":\"\",\"@id\":\"\"},\"headline\":\"Reencuentro explosivo: Valentina Cervantes volvi\u00f3 al pa\u00eds y se refugi\u00f3 en sus amigas de MasterChef Celebrity\",\"datePublished\":\"2026-02-16T04:59:40+00:00\",\"mainEntityOfPage\":{\"@id\":\"https:\\\/\\\/cuartetoenlaweb.com.ar\\\/sitio\\\/reencuentro-explosivo-valentina-cervantes-volvio-al-pais-y-se-refugio-en-sus-amigas-de-masterchef-celebrity\\\/\"},\"wordCount\":536,\"publisher\":{\"@id\":\"http:\\\/\\\/cuartetoenlaweb.com.ar\\\/sitio\\\/#organization\"},\"image\":{\"@id\":\"https:\\\/\\\/cuartetoenlaweb.com.ar\\\/sitio\\\/reencuentro-explosivo-valentina-cervantes-volvio-al-pais-y-se-refugio-en-sus-amigas-de-masterchef-celebrity\\\/#primaryimage\"},\"thumbnailUrl\":\"https:\\\/\\\/cuartetoenlaweb.com.ar\\\/sitio\\\/wp-content\\\/uploads\\\/2026\\\/02\\\/China-Suarez-aeropuerto-359x226-8.jpg\",\"articleSection\":[\"ESPECT\u00c1CULO\"],\"inLanguage\":\"es\"},{\"@type\":\"WebPage\",\"@id\":\"https:\\\/\\\/cuartetoenlaweb.com.ar\\\/sitio\\\/reencuentro-explosivo-valentina-cervantes-volvio-al-pais-y-se-refugio-en-sus-amigas-de-masterchef-celebrity\\\/\",\"url\":\"https:\\\/\\\/cuartetoenlaweb.com.ar\\\/sitio\\\/reencuentro-explosivo-valentina-cervantes-volvio-al-pais-y-se-refugio-en-sus-amigas-de-masterchef-celebrity\\\/\",\"name\":\"Reencuentro explosivo: Valentina Cervantes volvi\u00f3 al pa\u00eds y se refugi\u00f3 en sus amigas de MasterChef Celebrity - Cuarteto en la Web\",\"isPartOf\":{\"@id\":\"http:\\\/\\\/cuartetoenlaweb.com.ar\\\/sitio\\\/#website\"},\"primaryImageOfPage\":{\"@id\":\"https:\\\/\\\/cuartetoenlaweb.com.ar\\\/sitio\\\/reencuentro-explosivo-valentina-cervantes-volvio-al-pais-y-se-refugio-en-sus-amigas-de-masterchef-celebrity\\\/#primaryimage\"},\"image\":{\"@id\":\"https:\\\/\\\/cuartetoenlaweb.com.ar\\\/sitio\\\/reencuentro-explosivo-valentina-cervantes-volvio-al-pais-y-se-refugio-en-sus-amigas-de-masterchef-celebrity\\\/#primaryimage\"},\"thumbnailUrl\":\"https:\\\/\\\/cuartetoenlaweb.com.ar\\\/sitio\\\/wp-content\\\/uploads\\\/2026\\\/02\\\/China-Suarez-aeropuerto-359x226-8.jpg\",\"datePublished\":\"2026-02-16T04:59:40+00:00\",\"breadcrumb\":{\"@id\":\"https:\\\/\\\/cuartetoenlaweb.com.ar\\\/sitio\\\/reencuentro-explosivo-valentina-cervantes-volvio-al-pais-y-se-refugio-en-sus-amigas-de-masterchef-celebrity\\\/#breadcrumb\"},\"inLanguage\":\"es\",\"potentialAction\":[{\"@type\":\"ReadAction\",\"target\":[\"https:\\\/\\\/cuartetoenlaweb.com.ar\\\/sitio\\\/reencuentro-explosivo-valentina-cervantes-volvio-al-pais-y-se-refugio-en-sus-amigas-de-masterchef-celebrity\\\/\"]}]},{\"@type\":\"ImageObject\",\"inLanguage\":\"es\",\"@id\":\"https:\\\/\\\/cuartetoenlaweb.com.ar\\\/sitio\\\/reencuentro-explosivo-valentina-cervantes-volvio-al-pais-y-se-refugio-en-sus-amigas-de-masterchef-celebrity\\\/#primaryimage\",\"url\":\"https:\\\/\\\/cuartetoenlaweb.com.ar\\\/sitio\\\/wp-content\\\/uploads\\\/2026\\\/02\\\/China-Suarez-aeropuerto-359x226-8.jpg\",\"contentUrl\":\"https:\\\/\\\/cuartetoenlaweb.com.ar\\\/sitio\\\/wp-content\\\/uploads\\\/2026\\\/02\\\/China-Suarez-aeropuerto-359x226-8.jpg\",\"width\":359,\"height\":226},{\"@type\":\"BreadcrumbList\",\"@id\":\"https:\\\/\\\/cuartetoenlaweb.com.ar\\\/sitio\\\/reencuentro-explosivo-valentina-cervantes-volvio-al-pais-y-se-refugio-en-sus-amigas-de-masterchef-celebrity\\\/#breadcrumb\",\"itemListElement\":[{\"@type\":\"ListItem\",\"position\":1,\"name\":\"Portada\",\"item\":\"http:\\\/\\\/cuartetoenlaweb.com.ar\\\/sitio\\\/\"},{\"@type\":\"ListItem\",\"position\":2,\"name\":\"Reencuentro explosivo: Valentina Cervantes volvi\u00f3 al pa\u00eds y se refugi\u00f3 en sus amigas de MasterChef Celebrity\"}]},{\"@type\":\"WebSite\",\"@id\":\"http:\\\/\\\/cuartetoenlaweb.com.ar\\\/sitio\\\/#website\",\"url\":\"http:\\\/\\\/cuartetoenlaweb.com.ar\\\/sitio\\\/\",\"name\":\"Cuarteto en la Web\",\"description\":\"\",\"publisher\":{\"@id\":\"http:\\\/\\\/cuartetoenlaweb.com.ar\\\/sitio\\\/#organization\"},\"potentialAction\":[{\"@type\":\"SearchAction\",\"target\":{\"@type\":\"EntryPoint\",\"urlTemplate\":\"http:\\\/\\\/cuartetoenlaweb.com.ar\\\/sitio\\\/?s={search_term_string}\"},\"query-input\":{\"@type\":\"PropertyValueSpecification\",\"valueRequired\":true,\"valueName\":\"search_term_string\"}}],\"inLanguage\":\"es\"},{\"@type\":\"Organization\",\"@id\":\"http:\\\/\\\/cuartetoenlaweb.com.ar\\\/sitio\\\/#organization\",\"name\":\"Cuarteto en la Web\",\"url\":\"http:\\\/\\\/cuartetoenlaweb.com.ar\\\/sitio\\\/\",\"logo\":{\"@type\":\"ImageObject\",\"inLanguage\":\"es\",\"@id\":\"http:\\\/\\\/cuartetoenlaweb.com.ar\\\/sitio\\\/#\\\/schema\\\/logo\\\/image\\\/\",\"url\":\"https:\\\/\\\/cuartetoenlaweb.com.ar\\\/sitio\\\/wp-content\\\/uploads\\\/2025\\\/07\\\/cropped-cropped-logitoweb21.png\",\"contentUrl\":\"https:\\\/\\\/cuartetoenlaweb.com.ar\\\/sitio\\\/wp-content\\\/uploads\\\/2025\\\/07\\\/cropped-cropped-logitoweb21.png\",\"width\":199,\"height\":199,\"caption\":\"Cuarteto en la Web\"},\"image\":{\"@id\":\"http:\\\/\\\/cuartetoenlaweb.com.ar\\\/sitio\\\/#\\\/schema\\\/logo\\\/image\\\/\"}}]}<\/script>\n<!-- \/ Yoast SEO plugin. -->","yoast_head_json":{"title":"Reencuentro explosivo: Valentina Cervantes volvi\u00f3 al pa\u00eds y se refugi\u00f3 en sus amigas de MasterChef Celebrity - Cuarteto en la Web","robots":{"index":"index","follow":"follow","max-snippet":"max-snippet:-1","max-image-preview":"max-image-preview:large","max-video-preview":"max-video-preview:-1"},"canonical":"https:\/\/cuartetoenlaweb.com.ar\/sitio\/reencuentro-explosivo-valentina-cervantes-volvio-al-pais-y-se-refugio-en-sus-amigas-de-masterchef-celebrity\/","og_locale":"es_ES","og_type":"article","og_title":"Reencuentro explosivo: Valentina Cervantes volvi\u00f3 al pa\u00eds y se refugi\u00f3 en sus amigas de MasterChef Celebrity - Cuarteto en la Web","og_description":"La cuenta regresiva para la gran final de MasterChef Celebrity","og_url":"https:\/\/cuartetoenlaweb.com.ar\/sitio\/reencuentro-explosivo-valentina-cervantes-volvio-al-pais-y-se-refugio-en-sus-amigas-de-masterchef-celebrity\/","og_site_name":"Cuarteto en la Web","article_published_time":"2026-02-16T04:59:40+00:00","og_image":[{"width":359,"height":226,"url":"https:\/\/cuartetoenlaweb.com.ar\/sitio\/wp-content\/uploads\/2026\/02\/China-Suarez-aeropuerto-359x226-8.jpg","type":"image\/jpeg"}],"twitter_card":"summary_large_image","twitter_misc":{"Tiempo de lectura":"3 minutos"},"schema":{"@context":"https:\/\/schema.org","@graph":[{"@type":"Article","@id":"https:\/\/cuartetoenlaweb.com.ar\/sitio\/reencuentro-explosivo-valentina-cervantes-volvio-al-pais-y-se-refugio-en-sus-amigas-de-masterchef-celebrity\/#article","isPartOf":{"@id":"https:\/\/cuartetoenlaweb.com.ar\/sitio\/reencuentro-explosivo-valentina-cervantes-volvio-al-pais-y-se-refugio-en-sus-amigas-de-masterchef-celebrity\/"},"author":{"name":"","@id":""},"headline":"Reencuentro explosivo: Valentina Cervantes volvi\u00f3 al pa\u00eds y se refugi\u00f3 en sus amigas de MasterChef Celebrity","datePublished":"2026-02-16T04:59:40+00:00","mainEntityOfPage":{"@id":"https:\/\/cuartetoenlaweb.com.ar\/sitio\/reencuentro-explosivo-valentina-cervantes-volvio-al-pais-y-se-refugio-en-sus-amigas-de-masterchef-celebrity\/"},"wordCount":536,"publisher":{"@id":"http:\/\/cuartetoenlaweb.com.ar\/sitio\/#organization"},"image":{"@id":"https:\/\/cuartetoenlaweb.com.ar\/sitio\/reencuentro-explosivo-valentina-cervantes-volvio-al-pais-y-se-refugio-en-sus-amigas-de-masterchef-celebrity\/#primaryimage"},"thumbnailUrl":"https:\/\/cuartetoenlaweb.com.ar\/sitio\/wp-content\/uploads\/2026\/02\/China-Suarez-aeropuerto-359x226-8.jpg","articleSection":["ESPECT\u00c1CULO"],"inLanguage":"es"},{"@type":"WebPage","@id":"https:\/\/cuartetoenlaweb.com.ar\/sitio\/reencuentro-explosivo-valentina-cervantes-volvio-al-pais-y-se-refugio-en-sus-amigas-de-masterchef-celebrity\/","url":"https:\/\/cuartetoenlaweb.com.ar\/sitio\/reencuentro-explosivo-valentina-cervantes-volvio-al-pais-y-se-refugio-en-sus-amigas-de-masterchef-celebrity\/","name":"Reencuentro explosivo: Valentina Cervantes volvi\u00f3 al pa\u00eds y se refugi\u00f3 en sus amigas de MasterChef Celebrity - Cuarteto en la Web","isPartOf":{"@id":"http:\/\/cuartetoenlaweb.com.ar\/sitio\/#website"},"primaryImageOfPage":{"@id":"https:\/\/cuartetoenlaweb.com.ar\/sitio\/reencuentro-explosivo-valentina-cervantes-volvio-al-pais-y-se-refugio-en-sus-amigas-de-masterchef-celebrity\/#primaryimage"},"image":{"@id":"https:\/\/cuartetoenlaweb.com.ar\/sitio\/reencuentro-explosivo-valentina-cervantes-volvio-al-pais-y-se-refugio-en-sus-amigas-de-masterchef-celebrity\/#primaryimage"},"thumbnailUrl":"https:\/\/cuartetoenlaweb.com.ar\/sitio\/wp-content\/uploads\/2026\/02\/China-Suarez-aeropuerto-359x226-8.jpg","datePublished":"2026-02-16T04:59:40+00:00","breadcrumb":{"@id":"https:\/\/cuartetoenlaweb.com.ar\/sitio\/reencuentro-explosivo-valentina-cervantes-volvio-al-pais-y-se-refugio-en-sus-amigas-de-masterchef-celebrity\/#breadcrumb"},"inLanguage":"es","potentialAction":[{"@type":"ReadAction","target":["https:\/\/cuartetoenlaweb.com.ar\/sitio\/reencuentro-explosivo-valentina-cervantes-volvio-al-pais-y-se-refugio-en-sus-amigas-de-masterchef-celebrity\/"]}]},{"@type":"ImageObject","inLanguage":"es","@id":"https:\/\/cuartetoenlaweb.com.ar\/sitio\/reencuentro-explosivo-valentina-cervantes-volvio-al-pais-y-se-refugio-en-sus-amigas-de-masterchef-celebrity\/#primaryimage","url":"https:\/\/cuartetoenlaweb.com.ar\/sitio\/wp-content\/uploads\/2026\/02\/China-Suarez-aeropuerto-359x226-8.jpg","contentUrl":"https:\/\/cuartetoenlaweb.com.ar\/sitio\/wp-content\/uploads\/2026\/02\/China-Suarez-aeropuerto-359x226-8.jpg","width":359,"height":226},{"@type":"BreadcrumbList","@id":"https:\/\/cuartetoenlaweb.com.ar\/sitio\/reencuentro-explosivo-valentina-cervantes-volvio-al-pais-y-se-refugio-en-sus-amigas-de-masterchef-celebrity\/#breadcrumb","itemListElement":[{"@type":"ListItem","position":1,"name":"Portada","item":"http:\/\/cuartetoenlaweb.com.ar\/sitio\/"},{"@type":"ListItem","position":2,"name":"Reencuentro explosivo: Valentina Cervantes volvi\u00f3 al pa\u00eds y se refugi\u00f3 en sus amigas de MasterChef Celebrity"}]},{"@type":"WebSite","@id":"http:\/\/cuartetoenlaweb.com.ar\/sitio\/#website","url":"http:\/\/cuartetoenlaweb.com.ar\/sitio\/","name":"Cuarteto en la Web","description":"","publisher":{"@id":"http:\/\/cuartetoenlaweb.com.ar\/sitio\/#organization"},"potentialAction":[{"@type":"SearchAction","target":{"@type":"EntryPoint","urlTemplate":"http:\/\/cuartetoenlaweb.com.ar\/sitio\/?s={search_term_string}"},"query-input":{"@type":"PropertyValueSpecification","valueRequired":true,"valueName":"search_term_string"}}],"inLanguage":"es"},{"@type":"Organization","@id":"http:\/\/cuartetoenlaweb.com.ar\/sitio\/#organization","name":"Cuarteto en la Web","url":"http:\/\/cuartetoenlaweb.com.ar\/sitio\/","logo":{"@type":"ImageObject","inLanguage":"es","@id":"http:\/\/cuartetoenlaweb.com.ar\/sitio\/#\/schema\/logo\/image\/","url":"https:\/\/cuartetoenlaweb.com.ar\/sitio\/wp-content\/uploads\/2025\/07\/cropped-cropped-logitoweb21.png","contentUrl":"https:\/\/cuartetoenlaweb.com.ar\/sitio\/wp-content\/uploads\/2025\/07\/cropped-cropped-logitoweb21.png","width":199,"height":199,"caption":"Cuarteto en la Web"},"image":{"@id":"http:\/\/cuartetoenlaweb.com.ar\/sitio\/#\/schema\/logo\/image\/"}}]}},"_links":{"self":[{"href":"https:\/\/cuartetoenlaweb.com.ar\/sitio\/wp-json\/wp\/v2\/posts\/11808","targetHints":{"allow":["GET"]}}],"collection":[{"href":"https:\/\/cuartetoenlaweb.com.ar\/sitio\/wp-json\/wp\/v2\/posts"}],"about":[{"href":"https:\/\/cuartetoenlaweb.com.ar\/sitio\/wp-json\/wp\/v2\/types\/post"}],"replies":[{"embeddable":true,"href":"https:\/\/cuartetoenlaweb.com.ar\/sitio\/wp-json\/wp\/v2\/comments?post=11808"}],"version-history":[{"count":0,"href":"https:\/\/cuartetoenlaweb.com.ar\/sitio\/wp-json\/wp\/v2\/posts\/11808\/revisions"}],"wp:featuredmedia":[{"embeddable":true,"href":"https:\/\/cuartetoenlaweb.com.ar\/sitio\/wp-json\/wp\/v2\/media\/11809"}],"wp:attachment":[{"href":"https:\/\/cuartetoenlaweb.com.ar\/sitio\/wp-json\/wp\/v2\/media?parent=11808"}],"wp:term":[{"taxonomy":"category","embeddable":true,"href":"https:\/\/cuartetoenlaweb.com.ar\/sitio\/wp-json\/wp\/v2\/categories?post=11808"},{"taxonomy":"post_tag","embeddable":true,"href":"https:\/\/cuartetoenlaweb.com.ar\/sitio\/wp-json\/wp\/v2\/tags?post=11808"}],"curies":[{"name":"wp","href":"https:\/\/api.w.org\/{rel}","templated":true}]}}