
{"id":11806,"date":"2026-02-16T01:59:39","date_gmt":"2026-02-16T04:59:39","guid":{"rendered":"https:\/\/cuartetoenlaweb.com.ar\/sitio\/la-mas-esperada-batistuta-fue-abuelo-y-presento-a-catalina-la-nueva-integrante-del-clan\/"},"modified":"2026-02-16T01:59:39","modified_gmt":"2026-02-16T04:59:39","slug":"la-mas-esperada-batistuta-fue-abuelo-y-presento-a-catalina-la-nueva-integrante-del-clan","status":"publish","type":"post","link":"https:\/\/cuartetoenlaweb.com.ar\/sitio\/la-mas-esperada-batistuta-fue-abuelo-y-presento-a-catalina-la-nueva-integrante-del-clan\/","title":{"rendered":"\u201cLa m\u00e1s esperada\u201d: Batistuta fue abuelo y present\u00f3 a Catalina, la nueva integrante del clan"},"content":{"rendered":"<p><strong><a href=\"https:\/\/www.paparazzi.com.ar\/?s=Gabriel+Batistuta\">Gabriel Batistuta<\/a><\/strong> volvi\u00f3 a ser noticia, pero esta vez lejos de las canchas y los r\u00e9cords hist\u00f3ricos. Este 15 de febrero, el \u00eddolo argentino anunci\u00f3 que se convirti\u00f3 en abuelo por segunda vez. Su hijo Lucas Batistuta recibi\u00f3 a Catalina, la nueva integrante del clan, y el ex delantero decidi\u00f3 compartir la feliz noticia con sus seguidores.<\/p>\n<p>Sin embargo, lo que parec\u00eda un simple posteo familiar termin\u00f3 generando comentarios y lecturas entre l\u00edneas. <em>\u201cArrib\u00f3 la m\u00e1s esperada, la ni\u00f1a de la familia. Bienvenida Catalina\u201d,<\/em> escribi\u00f3 Batistuta junto a una serie de im\u00e1genes donde se ve a Lucas sosteniendo a la reci\u00e9n nacida en brazos.<\/p>\n<p>La frase \u201cla m\u00e1s esperada\u201d no pas\u00f3 inadvertida. En cuesti\u00f3n de minutos, el mensaje se llen\u00f3 de felicitaciones, corazones y palabras de cari\u00f1o. Pero tambi\u00e9n aparecieron usuarios que se preguntaron si se trataba simplemente de una expresi\u00f3n de ternura o si hab\u00eda un significado m\u00e1s profundo detr\u00e1s.<\/p>\n<div class=\"mt-box \">\n<h4 class=\"mt-heading\">Mir\u00e1 Tambi\u00e9n<\/h4>\n<p><a href=\"https:\/\/www.paparazzi.com.ar\/romances\/exclusivo-el-video-de-la-china-suarez-yendose-del-pais-para-reencontrarse-con-mauro-icardi-en-medio-de-su-crisis\/\"><\/p>\n<div class=\"mt-content\">\n<div class=\"mt-image-container\"><img decoding=\"async\" src=\"https:\/\/www.paparazzi.com.ar\/wp-content\/uploads\/2026\/02\/China-Suarez-aeropuerto-359x226.jpg\" alt=\"\u00a1Exclusivo! El video de la China Su\u00e1rez y\u00e9ndose del pa\u00eds para reencontrarse con Mauro Icardi en medio de su crisis\" class=\"mt-image\" loading=\"lazy\" \/><\/div>\n<h5 class=\"mt-title\">\u00a1Exclusivo! El video de la China Su\u00e1rez y\u00e9ndose del pa\u00eds para reencontrarse con Mauro Icardi en medio de su crisis<\/h5>\n<\/div>\n<p><\/a><\/div>\n<p>Cabe recordar que Lucas ya es padre de Lautaro, nacido en 2020, el primer nieto de Batistuta. En aquel entonces, el ex futbolista hab\u00eda expresado su emoci\u00f3n por comenzar esta nueva etapa como abuelo junto a su esposa Irina. Ahora, con la llegada de Catalina, la familia suma a la primera ni\u00f1a del linaje directo, un detalle que el propio Gabriel destac\u00f3 en su mensaje.<\/p>\n<p>El t\u00e9rmino elegido abri\u00f3 especulaciones en redes sociales: \u00bfse refer\u00eda a que la familia esperaba especialmente la llegada de una nena? \u00bfFue solo una frase cari\u00f1osa sin mayor intenci\u00f3n? Como suele suceder cuando se trata de figuras p\u00fablicas, cada palabra se analiza al detalle.<\/p>\n<figure class=\"wp-block-image size-large\"><img decoding=\"async\" src=\"https:\/\/www.paparazzi.com.ar\/wp-content\/uploads\/2026\/02\/La-nieta-de-Gabriel-Batistuta-1024x556.png.webp\" loading=\"lazy\" alt=\"\" class=\"wp-image-464516\" \/><\/figure>\n<div class=\"mt-box \">\n<h4 class=\"mt-heading\">Mir\u00e1 Tambi\u00e9n<\/h4>\n<p><a href=\"https:\/\/www.paparazzi.com.ar\/teve\/la-muerte-que-sacudio-por-completo-a-gabriel-batistuta-a-sus-55-anos-te-voy-a-extranar\/\"><\/p>\n<div class=\"mt-content\">\n<div class=\"mt-image-container\"><img decoding=\"async\" src=\"https:\/\/www.paparazzi.com.ar\/wp-content\/uploads\/2024\/12\/Gabriel-Batistuta.jpg.webp\" alt=\"La muerte que sacudi\u00f3 por completo a Gabriel Batistuta a sus 55 a\u00f1os: &quot;Te voy a extra\u00f1ar&quot;\" class=\"mt-image\" loading=\"lazy\" \/><\/div>\n<h5 class=\"mt-title\">La muerte que sacudi\u00f3 por completo a Gabriel Batistuta a sus 55 a\u00f1os: \u00abTe voy a extra\u00f1ar\u00bb<\/h5>\n<\/div>\n<p><\/a><\/div>\n<p>M\u00e1s all\u00e1 de cualquier interpretaci\u00f3n, lo cierto es que el ex goleador hist\u00f3rico de la Selecci\u00f3n Argentina atraviesa un presente muy distinto al de sus a\u00f1os de gloria deportiva. Instalado en Reconquista, su ciudad natal, Batistuta se dedica a sus actividades agropecuarias y mantiene un perfil mucho m\u00e1s reservado que en el pasado. Las redes sociales se convirtieron en uno de los pocos espacios donde comparte momentos \u00edntimos.<\/p>\n<figure class=\"wp-block-image size-full\"><img decoding=\"async\" width=\"768\" height=\"1024\" src=\"https:\/\/www.paparazzi.com.ar\/wp-content\/uploads\/2026\/02\/image-115.png.webp\" loading=\"lazy\" alt=\"\" class=\"wp-image-464515\" \/><\/figure>\n<p>La publicaci\u00f3n r\u00e1pidamente super\u00f3 miles de interacciones y recibi\u00f3 comentarios de figuras del espect\u00e1culo y el deporte que celebraron la llegada de la peque\u00f1a Catalina. Entre saludos y buenos deseos, el apellido Batistuta volvi\u00f3 a resonar, esta vez por un motivo puramente familiar.<\/p>\n<div class=\"mt-box \">\n<h4 class=\"mt-heading\">Mir\u00e1 Tambi\u00e9n<\/h4>\n<p><a href=\"https:\/\/www.paparazzi.com.ar\/deportes\/denuncian-a-gabriel-batistuta-por-explotacion-laboral-en-su-campo-asi-encontraron-a-sus-empleados\/\"><\/p>\n<div class=\"mt-content\">\n<div class=\"mt-image-container\"><img decoding=\"async\" src=\"https:\/\/www.paparazzi.com.ar\/wp-content\/uploads\/2023\/07\/Gabriel-Batistus-fue-denunciado-por-explotacion-laboral-1.jpg.webp\" alt=\"Denuncian a Gabriel Batistuta por explotaci\u00f3n laboral en su campo: as\u00ed encontraron a sus empleados\" class=\"mt-image\" loading=\"lazy\" \/><\/div>\n<h5 class=\"mt-title\">Denuncian a Gabriel Batistuta por explotaci\u00f3n laboral en su campo: as\u00ed encontraron a sus empleados<\/h5>\n<\/div>\n<p><\/a><\/div>\n<div class=\"mt-box \">\n<h4 class=\"mt-heading\">Mir\u00e1 Tambi\u00e9n<\/h4>\n<p><a href=\"https:\/\/www.paparazzi.com.ar\/deportes\/asi-esta-hoy-irina-la-novia-de-toda-la-vida-que-acompano-por-el-mundo-a-gabriel-batistuta\/\"><\/p>\n<div class=\"mt-content\">\n<div class=\"mt-image-container\"><img decoding=\"async\" src=\"https:\/\/www.paparazzi.com.ar\/wp-content\/uploads\/2023\/06\/gabriel-batistuta-esposa-irina-2.png.webp\" alt=\"As\u00ed est\u00e1 hoy Irina, la novia de &quot;toda la vida&quot; que acompa\u00f1\u00f3 por el mundo a Gabriel Batistuta\" class=\"mt-image\" loading=\"lazy\" \/><\/div>\n<h5 class=\"mt-title\">As\u00ed est\u00e1 hoy Irina, la novia de \u00abtoda la vida\u00bb que acompa\u00f1\u00f3 por el mundo a Gabriel Batistuta<\/h5>\n<\/div>\n<p><\/a><\/div>\n<p>The post <a href=\"https:\/\/www.paparazzi.com.ar\/teve\/la-mas-esperada-batistuta-fue-abuelo-y-presento-a-catalina-la-nueva-integrante-del-clan\/\">\u201cLa m\u00e1s esperada\u201d: Batistuta fue abuelo y present\u00f3 a Catalina, la nueva integrante del clan<\/a> appeared first on <a href=\"https:\/\/www.paparazzi.com.ar\">Revista Paparazzi<\/a>.<\/p>\n","protected":false},"excerpt":{"rendered":"<p>Gabriel Batistuta volvi\u00f3 a ser noticia, pero esta vez lejos<\/p>\n","protected":false},"author":0,"featured_media":11807,"comment_status":"","ping_status":"","sticky":false,"template":"","format":"standard","meta":{"footnotes":""},"categories":[12],"tags":[],"class_list":["post-11806","post","type-post","status-publish","format-standard","has-post-thumbnail","hentry","category-espectaculo"],"yoast_head":"<!-- This site is optimized with the Yoast SEO plugin v27.5 - https:\/\/yoast.com\/product\/yoast-seo-wordpress\/ -->\n<title>\u201cLa m\u00e1s esperada\u201d: Batistuta fue abuelo y present\u00f3 a Catalina, la nueva integrante del clan - Cuarteto en la Web<\/title>\n<meta name=\"robots\" content=\"index, follow, max-snippet:-1, max-image-preview:large, max-video-preview:-1\" \/>\n<link rel=\"canonical\" href=\"https:\/\/cuartetoenlaweb.com.ar\/sitio\/la-mas-esperada-batistuta-fue-abuelo-y-presento-a-catalina-la-nueva-integrante-del-clan\/\" \/>\n<meta property=\"og:locale\" content=\"es_ES\" \/>\n<meta property=\"og:type\" content=\"article\" \/>\n<meta property=\"og:title\" content=\"\u201cLa m\u00e1s esperada\u201d: Batistuta fue abuelo y present\u00f3 a Catalina, la nueva integrante del clan - Cuarteto en la Web\" \/>\n<meta property=\"og:description\" content=\"Gabriel Batistuta volvi\u00f3 a ser noticia, pero esta vez lejos\" \/>\n<meta property=\"og:url\" content=\"https:\/\/cuartetoenlaweb.com.ar\/sitio\/la-mas-esperada-batistuta-fue-abuelo-y-presento-a-catalina-la-nueva-integrante-del-clan\/\" \/>\n<meta property=\"og:site_name\" content=\"Cuarteto en la Web\" \/>\n<meta property=\"article:published_time\" content=\"2026-02-16T04:59:39+00:00\" \/>\n<meta property=\"og:image\" content=\"https:\/\/cuartetoenlaweb.com.ar\/sitio\/wp-content\/uploads\/2026\/02\/China-Suarez-aeropuerto-359x226-7.jpg\" \/>\n\t<meta property=\"og:image:width\" content=\"359\" \/>\n\t<meta property=\"og:image:height\" content=\"226\" \/>\n\t<meta property=\"og:image:type\" content=\"image\/jpeg\" \/>\n<meta name=\"twitter:card\" content=\"summary_large_image\" \/>\n<meta name=\"twitter:label1\" content=\"Tiempo de lectura\" \/>\n\t<meta name=\"twitter:data1\" content=\"3 minutos\" \/>\n<script type=\"application\/ld+json\" class=\"yoast-schema-graph\">{\"@context\":\"https:\\\/\\\/schema.org\",\"@graph\":[{\"@type\":\"Article\",\"@id\":\"https:\\\/\\\/cuartetoenlaweb.com.ar\\\/sitio\\\/la-mas-esperada-batistuta-fue-abuelo-y-presento-a-catalina-la-nueva-integrante-del-clan\\\/#article\",\"isPartOf\":{\"@id\":\"https:\\\/\\\/cuartetoenlaweb.com.ar\\\/sitio\\\/la-mas-esperada-batistuta-fue-abuelo-y-presento-a-catalina-la-nueva-integrante-del-clan\\\/\"},\"author\":{\"name\":\"\",\"@id\":\"\"},\"headline\":\"\u201cLa m\u00e1s esperada\u201d: Batistuta fue abuelo y present\u00f3 a Catalina, la nueva integrante del clan\",\"datePublished\":\"2026-02-16T04:59:39+00:00\",\"mainEntityOfPage\":{\"@id\":\"https:\\\/\\\/cuartetoenlaweb.com.ar\\\/sitio\\\/la-mas-esperada-batistuta-fue-abuelo-y-presento-a-catalina-la-nueva-integrante-del-clan\\\/\"},\"wordCount\":529,\"publisher\":{\"@id\":\"http:\\\/\\\/cuartetoenlaweb.com.ar\\\/sitio\\\/#organization\"},\"image\":{\"@id\":\"https:\\\/\\\/cuartetoenlaweb.com.ar\\\/sitio\\\/la-mas-esperada-batistuta-fue-abuelo-y-presento-a-catalina-la-nueva-integrante-del-clan\\\/#primaryimage\"},\"thumbnailUrl\":\"https:\\\/\\\/cuartetoenlaweb.com.ar\\\/sitio\\\/wp-content\\\/uploads\\\/2026\\\/02\\\/China-Suarez-aeropuerto-359x226-7.jpg\",\"articleSection\":[\"ESPECT\u00c1CULO\"],\"inLanguage\":\"es\"},{\"@type\":\"WebPage\",\"@id\":\"https:\\\/\\\/cuartetoenlaweb.com.ar\\\/sitio\\\/la-mas-esperada-batistuta-fue-abuelo-y-presento-a-catalina-la-nueva-integrante-del-clan\\\/\",\"url\":\"https:\\\/\\\/cuartetoenlaweb.com.ar\\\/sitio\\\/la-mas-esperada-batistuta-fue-abuelo-y-presento-a-catalina-la-nueva-integrante-del-clan\\\/\",\"name\":\"\u201cLa m\u00e1s esperada\u201d: Batistuta fue abuelo y present\u00f3 a Catalina, la nueva integrante del clan - Cuarteto en la Web\",\"isPartOf\":{\"@id\":\"http:\\\/\\\/cuartetoenlaweb.com.ar\\\/sitio\\\/#website\"},\"primaryImageOfPage\":{\"@id\":\"https:\\\/\\\/cuartetoenlaweb.com.ar\\\/sitio\\\/la-mas-esperada-batistuta-fue-abuelo-y-presento-a-catalina-la-nueva-integrante-del-clan\\\/#primaryimage\"},\"image\":{\"@id\":\"https:\\\/\\\/cuartetoenlaweb.com.ar\\\/sitio\\\/la-mas-esperada-batistuta-fue-abuelo-y-presento-a-catalina-la-nueva-integrante-del-clan\\\/#primaryimage\"},\"thumbnailUrl\":\"https:\\\/\\\/cuartetoenlaweb.com.ar\\\/sitio\\\/wp-content\\\/uploads\\\/2026\\\/02\\\/China-Suarez-aeropuerto-359x226-7.jpg\",\"datePublished\":\"2026-02-16T04:59:39+00:00\",\"breadcrumb\":{\"@id\":\"https:\\\/\\\/cuartetoenlaweb.com.ar\\\/sitio\\\/la-mas-esperada-batistuta-fue-abuelo-y-presento-a-catalina-la-nueva-integrante-del-clan\\\/#breadcrumb\"},\"inLanguage\":\"es\",\"potentialAction\":[{\"@type\":\"ReadAction\",\"target\":[\"https:\\\/\\\/cuartetoenlaweb.com.ar\\\/sitio\\\/la-mas-esperada-batistuta-fue-abuelo-y-presento-a-catalina-la-nueva-integrante-del-clan\\\/\"]}]},{\"@type\":\"ImageObject\",\"inLanguage\":\"es\",\"@id\":\"https:\\\/\\\/cuartetoenlaweb.com.ar\\\/sitio\\\/la-mas-esperada-batistuta-fue-abuelo-y-presento-a-catalina-la-nueva-integrante-del-clan\\\/#primaryimage\",\"url\":\"https:\\\/\\\/cuartetoenlaweb.com.ar\\\/sitio\\\/wp-content\\\/uploads\\\/2026\\\/02\\\/China-Suarez-aeropuerto-359x226-7.jpg\",\"contentUrl\":\"https:\\\/\\\/cuartetoenlaweb.com.ar\\\/sitio\\\/wp-content\\\/uploads\\\/2026\\\/02\\\/China-Suarez-aeropuerto-359x226-7.jpg\",\"width\":359,\"height\":226},{\"@type\":\"BreadcrumbList\",\"@id\":\"https:\\\/\\\/cuartetoenlaweb.com.ar\\\/sitio\\\/la-mas-esperada-batistuta-fue-abuelo-y-presento-a-catalina-la-nueva-integrante-del-clan\\\/#breadcrumb\",\"itemListElement\":[{\"@type\":\"ListItem\",\"position\":1,\"name\":\"Portada\",\"item\":\"http:\\\/\\\/cuartetoenlaweb.com.ar\\\/sitio\\\/\"},{\"@type\":\"ListItem\",\"position\":2,\"name\":\"\u201cLa m\u00e1s esperada\u201d: Batistuta fue abuelo y present\u00f3 a Catalina, la nueva integrante del clan\"}]},{\"@type\":\"WebSite\",\"@id\":\"http:\\\/\\\/cuartetoenlaweb.com.ar\\\/sitio\\\/#website\",\"url\":\"http:\\\/\\\/cuartetoenlaweb.com.ar\\\/sitio\\\/\",\"name\":\"Cuarteto en la Web\",\"description\":\"\",\"publisher\":{\"@id\":\"http:\\\/\\\/cuartetoenlaweb.com.ar\\\/sitio\\\/#organization\"},\"potentialAction\":[{\"@type\":\"SearchAction\",\"target\":{\"@type\":\"EntryPoint\",\"urlTemplate\":\"http:\\\/\\\/cuartetoenlaweb.com.ar\\\/sitio\\\/?s={search_term_string}\"},\"query-input\":{\"@type\":\"PropertyValueSpecification\",\"valueRequired\":true,\"valueName\":\"search_term_string\"}}],\"inLanguage\":\"es\"},{\"@type\":\"Organization\",\"@id\":\"http:\\\/\\\/cuartetoenlaweb.com.ar\\\/sitio\\\/#organization\",\"name\":\"Cuarteto en la Web\",\"url\":\"http:\\\/\\\/cuartetoenlaweb.com.ar\\\/sitio\\\/\",\"logo\":{\"@type\":\"ImageObject\",\"inLanguage\":\"es\",\"@id\":\"http:\\\/\\\/cuartetoenlaweb.com.ar\\\/sitio\\\/#\\\/schema\\\/logo\\\/image\\\/\",\"url\":\"https:\\\/\\\/cuartetoenlaweb.com.ar\\\/sitio\\\/wp-content\\\/uploads\\\/2025\\\/07\\\/cropped-cropped-logitoweb21.png\",\"contentUrl\":\"https:\\\/\\\/cuartetoenlaweb.com.ar\\\/sitio\\\/wp-content\\\/uploads\\\/2025\\\/07\\\/cropped-cropped-logitoweb21.png\",\"width\":199,\"height\":199,\"caption\":\"Cuarteto en la Web\"},\"image\":{\"@id\":\"http:\\\/\\\/cuartetoenlaweb.com.ar\\\/sitio\\\/#\\\/schema\\\/logo\\\/image\\\/\"}}]}<\/script>\n<!-- \/ Yoast SEO plugin. -->","yoast_head_json":{"title":"\u201cLa m\u00e1s esperada\u201d: Batistuta fue abuelo y present\u00f3 a Catalina, la nueva integrante del clan - Cuarteto en la Web","robots":{"index":"index","follow":"follow","max-snippet":"max-snippet:-1","max-image-preview":"max-image-preview:large","max-video-preview":"max-video-preview:-1"},"canonical":"https:\/\/cuartetoenlaweb.com.ar\/sitio\/la-mas-esperada-batistuta-fue-abuelo-y-presento-a-catalina-la-nueva-integrante-del-clan\/","og_locale":"es_ES","og_type":"article","og_title":"\u201cLa m\u00e1s esperada\u201d: Batistuta fue abuelo y present\u00f3 a Catalina, la nueva integrante del clan - Cuarteto en la Web","og_description":"Gabriel Batistuta volvi\u00f3 a ser noticia, pero esta vez lejos","og_url":"https:\/\/cuartetoenlaweb.com.ar\/sitio\/la-mas-esperada-batistuta-fue-abuelo-y-presento-a-catalina-la-nueva-integrante-del-clan\/","og_site_name":"Cuarteto en la Web","article_published_time":"2026-02-16T04:59:39+00:00","og_image":[{"width":359,"height":226,"url":"https:\/\/cuartetoenlaweb.com.ar\/sitio\/wp-content\/uploads\/2026\/02\/China-Suarez-aeropuerto-359x226-7.jpg","type":"image\/jpeg"}],"twitter_card":"summary_large_image","twitter_misc":{"Tiempo de lectura":"3 minutos"},"schema":{"@context":"https:\/\/schema.org","@graph":[{"@type":"Article","@id":"https:\/\/cuartetoenlaweb.com.ar\/sitio\/la-mas-esperada-batistuta-fue-abuelo-y-presento-a-catalina-la-nueva-integrante-del-clan\/#article","isPartOf":{"@id":"https:\/\/cuartetoenlaweb.com.ar\/sitio\/la-mas-esperada-batistuta-fue-abuelo-y-presento-a-catalina-la-nueva-integrante-del-clan\/"},"author":{"name":"","@id":""},"headline":"\u201cLa m\u00e1s esperada\u201d: Batistuta fue abuelo y present\u00f3 a Catalina, la nueva integrante del clan","datePublished":"2026-02-16T04:59:39+00:00","mainEntityOfPage":{"@id":"https:\/\/cuartetoenlaweb.com.ar\/sitio\/la-mas-esperada-batistuta-fue-abuelo-y-presento-a-catalina-la-nueva-integrante-del-clan\/"},"wordCount":529,"publisher":{"@id":"http:\/\/cuartetoenlaweb.com.ar\/sitio\/#organization"},"image":{"@id":"https:\/\/cuartetoenlaweb.com.ar\/sitio\/la-mas-esperada-batistuta-fue-abuelo-y-presento-a-catalina-la-nueva-integrante-del-clan\/#primaryimage"},"thumbnailUrl":"https:\/\/cuartetoenlaweb.com.ar\/sitio\/wp-content\/uploads\/2026\/02\/China-Suarez-aeropuerto-359x226-7.jpg","articleSection":["ESPECT\u00c1CULO"],"inLanguage":"es"},{"@type":"WebPage","@id":"https:\/\/cuartetoenlaweb.com.ar\/sitio\/la-mas-esperada-batistuta-fue-abuelo-y-presento-a-catalina-la-nueva-integrante-del-clan\/","url":"https:\/\/cuartetoenlaweb.com.ar\/sitio\/la-mas-esperada-batistuta-fue-abuelo-y-presento-a-catalina-la-nueva-integrante-del-clan\/","name":"\u201cLa m\u00e1s esperada\u201d: Batistuta fue abuelo y present\u00f3 a Catalina, la nueva integrante del clan - Cuarteto en la Web","isPartOf":{"@id":"http:\/\/cuartetoenlaweb.com.ar\/sitio\/#website"},"primaryImageOfPage":{"@id":"https:\/\/cuartetoenlaweb.com.ar\/sitio\/la-mas-esperada-batistuta-fue-abuelo-y-presento-a-catalina-la-nueva-integrante-del-clan\/#primaryimage"},"image":{"@id":"https:\/\/cuartetoenlaweb.com.ar\/sitio\/la-mas-esperada-batistuta-fue-abuelo-y-presento-a-catalina-la-nueva-integrante-del-clan\/#primaryimage"},"thumbnailUrl":"https:\/\/cuartetoenlaweb.com.ar\/sitio\/wp-content\/uploads\/2026\/02\/China-Suarez-aeropuerto-359x226-7.jpg","datePublished":"2026-02-16T04:59:39+00:00","breadcrumb":{"@id":"https:\/\/cuartetoenlaweb.com.ar\/sitio\/la-mas-esperada-batistuta-fue-abuelo-y-presento-a-catalina-la-nueva-integrante-del-clan\/#breadcrumb"},"inLanguage":"es","potentialAction":[{"@type":"ReadAction","target":["https:\/\/cuartetoenlaweb.com.ar\/sitio\/la-mas-esperada-batistuta-fue-abuelo-y-presento-a-catalina-la-nueva-integrante-del-clan\/"]}]},{"@type":"ImageObject","inLanguage":"es","@id":"https:\/\/cuartetoenlaweb.com.ar\/sitio\/la-mas-esperada-batistuta-fue-abuelo-y-presento-a-catalina-la-nueva-integrante-del-clan\/#primaryimage","url":"https:\/\/cuartetoenlaweb.com.ar\/sitio\/wp-content\/uploads\/2026\/02\/China-Suarez-aeropuerto-359x226-7.jpg","contentUrl":"https:\/\/cuartetoenlaweb.com.ar\/sitio\/wp-content\/uploads\/2026\/02\/China-Suarez-aeropuerto-359x226-7.jpg","width":359,"height":226},{"@type":"BreadcrumbList","@id":"https:\/\/cuartetoenlaweb.com.ar\/sitio\/la-mas-esperada-batistuta-fue-abuelo-y-presento-a-catalina-la-nueva-integrante-del-clan\/#breadcrumb","itemListElement":[{"@type":"ListItem","position":1,"name":"Portada","item":"http:\/\/cuartetoenlaweb.com.ar\/sitio\/"},{"@type":"ListItem","position":2,"name":"\u201cLa m\u00e1s esperada\u201d: Batistuta fue abuelo y present\u00f3 a Catalina, la nueva integrante del clan"}]},{"@type":"WebSite","@id":"http:\/\/cuartetoenlaweb.com.ar\/sitio\/#website","url":"http:\/\/cuartetoenlaweb.com.ar\/sitio\/","name":"Cuarteto en la Web","description":"","publisher":{"@id":"http:\/\/cuartetoenlaweb.com.ar\/sitio\/#organization"},"potentialAction":[{"@type":"SearchAction","target":{"@type":"EntryPoint","urlTemplate":"http:\/\/cuartetoenlaweb.com.ar\/sitio\/?s={search_term_string}"},"query-input":{"@type":"PropertyValueSpecification","valueRequired":true,"valueName":"search_term_string"}}],"inLanguage":"es"},{"@type":"Organization","@id":"http:\/\/cuartetoenlaweb.com.ar\/sitio\/#organization","name":"Cuarteto en la Web","url":"http:\/\/cuartetoenlaweb.com.ar\/sitio\/","logo":{"@type":"ImageObject","inLanguage":"es","@id":"http:\/\/cuartetoenlaweb.com.ar\/sitio\/#\/schema\/logo\/image\/","url":"https:\/\/cuartetoenlaweb.com.ar\/sitio\/wp-content\/uploads\/2025\/07\/cropped-cropped-logitoweb21.png","contentUrl":"https:\/\/cuartetoenlaweb.com.ar\/sitio\/wp-content\/uploads\/2025\/07\/cropped-cropped-logitoweb21.png","width":199,"height":199,"caption":"Cuarteto en la Web"},"image":{"@id":"http:\/\/cuartetoenlaweb.com.ar\/sitio\/#\/schema\/logo\/image\/"}}]}},"_links":{"self":[{"href":"https:\/\/cuartetoenlaweb.com.ar\/sitio\/wp-json\/wp\/v2\/posts\/11806","targetHints":{"allow":["GET"]}}],"collection":[{"href":"https:\/\/cuartetoenlaweb.com.ar\/sitio\/wp-json\/wp\/v2\/posts"}],"about":[{"href":"https:\/\/cuartetoenlaweb.com.ar\/sitio\/wp-json\/wp\/v2\/types\/post"}],"replies":[{"embeddable":true,"href":"https:\/\/cuartetoenlaweb.com.ar\/sitio\/wp-json\/wp\/v2\/comments?post=11806"}],"version-history":[{"count":0,"href":"https:\/\/cuartetoenlaweb.com.ar\/sitio\/wp-json\/wp\/v2\/posts\/11806\/revisions"}],"wp:featuredmedia":[{"embeddable":true,"href":"https:\/\/cuartetoenlaweb.com.ar\/sitio\/wp-json\/wp\/v2\/media\/11807"}],"wp:attachment":[{"href":"https:\/\/cuartetoenlaweb.com.ar\/sitio\/wp-json\/wp\/v2\/media?parent=11806"}],"wp:term":[{"taxonomy":"category","embeddable":true,"href":"https:\/\/cuartetoenlaweb.com.ar\/sitio\/wp-json\/wp\/v2\/categories?post=11806"},{"taxonomy":"post_tag","embeddable":true,"href":"https:\/\/cuartetoenlaweb.com.ar\/sitio\/wp-json\/wp\/v2\/tags?post=11806"}],"curies":[{"name":"wp","href":"https:\/\/api.w.org\/{rel}","templated":true}]}}