
{"id":11801,"date":"2026-02-16T01:00:50","date_gmt":"2026-02-16T04:00:50","guid":{"rendered":"https:\/\/cuartetoenlaweb.com.ar\/sitio\/este-exministro-advierte-que-la-inflacion-sigue-alta-y-que-algo-empezo-a-fallar\/"},"modified":"2026-02-16T01:00:50","modified_gmt":"2026-02-16T04:00:50","slug":"este-exministro-advierte-que-la-inflacion-sigue-alta-y-que-algo-empezo-a-fallar","status":"publish","type":"post","link":"https:\/\/cuartetoenlaweb.com.ar\/sitio\/este-exministro-advierte-que-la-inflacion-sigue-alta-y-que-algo-empezo-a-fallar\/","title":{"rendered":"Este exministro advierte que la inflaci\u00f3n sigue alta y que algo empez\u00f3 a fallar"},"content":{"rendered":"<p>El exministro de Econom\u00eda, <b>Hern\u00e1n Lacunza<\/b>, sostuvo que la actual administraci\u00f3n <b>logr\u00f3 evitar una crisis mayor,<\/b> aunque advirti\u00f3 que el escenario econ\u00f3mico sigue marcado por un <b>bajo nivel de actividad y desequilibrios<\/b> que todav\u00eda no encontraron una salida clara. Seg\u00fan plante\u00f3, el proceso de estabilizaci\u00f3n result\u00f3 necesario para despejar riesgos extremos, pero <b>no alcanza<\/b> para poner en marcha una recuperaci\u00f3n sostenida.<\/p>\n<p>En ese marco, Lacunza afirm\u00f3 que <b>el Gobierno consigui\u00f3 ordenar variables clave <\/b>al atacar el d\u00e9ficit fiscal y frenar la emisi\u00f3n monetaria, lo que permiti\u00f3 reducir tensiones financieras que amenazaron con derivar en un colapso. Sin embargo, remarc\u00f3 que la econom\u00eda contin\u00faa \u201cplanchada\u201d y exhibe una din\u00e1mica muy dispar entre sectores.<\/p>\n<p><img loading=\"lazy\" decoding=\"async\" src=\"https:\/\/www.cronista.com\/resizer\/v2\/UEIQXROD7ZFFJOBHMUZ4HQJZIE.jpg?auth=3ba3e6090a3845b67b386f214f57d6c365b8c08bcc4c431e974bc947ccd8a558&amp;smart=true&amp;width=948&amp;height=535\" alt=\"\" height=\"535\" width=\"948\" \/><\/p>\n<p>Al analizar el desempe\u00f1o de la actividad, describi\u00f3 un <b>mapa heterog\u00e9neo<\/b>, con rubros como energ\u00eda, miner\u00eda y agro mostrando mayor dinamismo, frente a una industria y una construcci\u00f3n que permanecieron en retroceso. Esa asimetr\u00eda, explic\u00f3, tuvo consecuencias directas sobre el empleo. \u201c<b>Los sectores que hoy ganan no son grandes generadores de empleo<\/b> y los que pierden s\u00ed lo son\u201d, alert\u00f3, al tiempo que se\u00f1al\u00f3 un impacto regional desigual, con beneficios concentrados en zonas hidrocarbur\u00edferas y agr\u00edcolas.<\/p>\n<p>Consultado sobre la reforma laboral aprobada en el Senado, el exfuncionario consider\u00f3 que se trata de <b>\u201cun paso en el sentido correcto\u201d<\/b>, aunque aclar\u00f3 que su alcance qued\u00f3 acotado por la negociaci\u00f3n pol\u00edtica. \u201cEl proyecto original era m\u00e1s ambicioso y <b>en la negociaci\u00f3n quedaron cosas en el camino<\/b>, pero aun as\u00ed tiene masa cr\u00edtica suficiente para ser un avance\u201d, sostuvo en di\u00e1logo con <b>Splendid AM 990<\/b>.<\/p>\n<p>Lacunza subray\u00f3 que <b>la legislaci\u00f3n laboral vigente \u201ces obsoleta<\/b>, tiene cinco d\u00e9cadas y las relaciones laborales cambiaron mucho\u201d, y plante\u00f3 que su modernizaci\u00f3n puede contribuir a reducir la informalidad y aportar previsibilidad. No obstante, advirti\u00f3 que la norma, por s\u00ed sola, <b>no garantizar\u00e1 una mejora del empleo<\/b>. \u201cEl empleo depende del crecimiento, y el crecimiento depende de la inversi\u00f3n y de las condiciones generales de la econom\u00eda\u201d, explic\u00f3.<\/p>\n<p>Tambi\u00e9n cuestion\u00f3 modificaciones incorporadas sobre el final del debate parlamentario, como la <b>reducci\u00f3n salarial en casos de accidentes laborales<\/b>. \u201cEs bastante controversial y no se pudo debatir adecuadamente\u201d, afirm\u00f3.<\/p>\n<p>M\u00e1s all\u00e1 de esos puntos, el exministro puso el acento en la evoluci\u00f3n reciente de los precios, uno de los ejes centrales de su diagn\u00f3stico. Si bien destac\u00f3 que la inflaci\u00f3n descendi\u00f3 desde niveles superiores al 200% anual hasta ubicarse en torno al 30%, remarc\u00f3 que <b>\u201csigue siendo alta\u201d<\/b> y que el proceso de desinflaci\u00f3n perdi\u00f3 dinamismo en los \u00faltimos meses.<\/p>\n<p>\u201cHace dos a\u00f1os el desaf\u00edo era evitar una hiperinflaci\u00f3n o un problema bancario. Eso se resolvi\u00f3 atacando el agujero fiscal financiado con emisi\u00f3n\u201d, indic\u00f3. Sin embargo, aclar\u00f3 que la desaceleraci\u00f3n inflacionaria no avanz\u00f3 de manera lineal y <b>enfrenta l\u00edmites evidentes.<\/b><\/p>\n<p>Al referirse a los datos m\u00e1s recientes, reconoci\u00f3 que <b>la baja de la inflaci\u00f3n comenz\u00f3 a perder impulso<\/b>. \u201cEs m\u00e1s f\u00e1cil bajar de 20 a 3 que de 3 a 0. Los procesos de desinflaci\u00f3n en el mundo tardan a\u00f1os\u201d, explic\u00f3, y atribuy\u00f3 parte del descenso inicial a la utilizaci\u00f3n del tipo de cambio como ancla nominal. \u201cEso dio resultados r\u00e1pidos, pero <b>no era sostenible <\/b>indefinidamente\u201d, agreg\u00f3.<\/p>\n<p>En relaci\u00f3n con los cambios metodol\u00f3gicos en la medici\u00f3n de precios y el rol del organismo estad\u00edstico, <b>Lacunza defendi\u00f3 la autonom\u00eda t\u00e9cnica. \u201cLa estad\u00edstica oficial es un bien p\u00fablico. No puede decidirs<\/b>e seg\u00fan la conveniencia comunicacional del gobierno de turno\u201d, sostuvo. Y agreg\u00f3: \u201cNo importa si la nueva medici\u00f3n da m\u00e1s o menos inflaci\u00f3n. Lo \u00fanico que importa es que sea m\u00e1s precisa\u201d.<\/p>\n<p>Seg\u00fan reconstruy\u00f3 <b>Agencia Noticias Argentinas<\/b>, el exministro consider\u00f3 que <b>el principal desaf\u00edo hacia adelante<\/b> ser\u00e1 consolidar la estabilidad macroecon\u00f3mica sin resignar transparencia ni frenar la inversi\u00f3n. \u201cLa estabilizaci\u00f3n fue condici\u00f3n necesaria. Ahora falta que aparezca el crecimiento\u201d, concluy\u00f3.<\/p>\n","protected":false},"excerpt":{"rendered":"<p>El exministro de Econom\u00eda, Hern\u00e1n Lacunza, sostuvo que la actual<\/p>\n","protected":false},"author":0,"featured_media":0,"comment_status":"","ping_status":"","sticky":false,"template":"","format":"standard","meta":{"footnotes":""},"categories":[65],"tags":[],"class_list":["post-11801","post","type-post","status-publish","format-standard","hentry","category-pais"],"yoast_head":"<!-- This site is optimized with the Yoast SEO plugin v27.5 - https:\/\/yoast.com\/product\/yoast-seo-wordpress\/ -->\n<title>Este exministro advierte que la inflaci\u00f3n sigue alta y que algo empez\u00f3 a fallar - Cuarteto en la Web<\/title>\n<meta name=\"robots\" content=\"index, follow, max-snippet:-1, max-image-preview:large, max-video-preview:-1\" \/>\n<link rel=\"canonical\" href=\"https:\/\/cuartetoenlaweb.com.ar\/sitio\/este-exministro-advierte-que-la-inflacion-sigue-alta-y-que-algo-empezo-a-fallar\/\" \/>\n<meta property=\"og:locale\" content=\"es_ES\" \/>\n<meta property=\"og:type\" content=\"article\" \/>\n<meta property=\"og:title\" content=\"Este exministro advierte que la inflaci\u00f3n sigue alta y que algo empez\u00f3 a fallar - Cuarteto en la Web\" \/>\n<meta property=\"og:description\" content=\"El exministro de Econom\u00eda, Hern\u00e1n Lacunza, sostuvo que la actual\" \/>\n<meta property=\"og:url\" content=\"https:\/\/cuartetoenlaweb.com.ar\/sitio\/este-exministro-advierte-que-la-inflacion-sigue-alta-y-que-algo-empezo-a-fallar\/\" \/>\n<meta property=\"og:site_name\" content=\"Cuarteto en la Web\" \/>\n<meta property=\"article:published_time\" content=\"2026-02-16T04:00:50+00:00\" \/>\n<meta property=\"og:image\" content=\"https:\/\/www.cronista.com\/resizer\/v2\/UEIQXROD7ZFFJOBHMUZ4HQJZIE.jpg?auth=3ba3e6090a3845b67b386f214f57d6c365b8c08bcc4c431e974bc947ccd8a558&amp;smart=true&amp;width=948&amp;height=535\" \/>\n<meta name=\"twitter:card\" content=\"summary_large_image\" \/>\n<meta name=\"twitter:label1\" content=\"Tiempo de lectura\" \/>\n\t<meta name=\"twitter:data1\" content=\"3 minutos\" \/>\n<script type=\"application\/ld+json\" class=\"yoast-schema-graph\">{\"@context\":\"https:\\\/\\\/schema.org\",\"@graph\":[{\"@type\":\"Article\",\"@id\":\"https:\\\/\\\/cuartetoenlaweb.com.ar\\\/sitio\\\/este-exministro-advierte-que-la-inflacion-sigue-alta-y-que-algo-empezo-a-fallar\\\/#article\",\"isPartOf\":{\"@id\":\"https:\\\/\\\/cuartetoenlaweb.com.ar\\\/sitio\\\/este-exministro-advierte-que-la-inflacion-sigue-alta-y-que-algo-empezo-a-fallar\\\/\"},\"author\":{\"name\":\"\",\"@id\":\"\"},\"headline\":\"Este exministro advierte que la inflaci\u00f3n sigue alta y que algo empez\u00f3 a fallar\",\"datePublished\":\"2026-02-16T04:00:50+00:00\",\"mainEntityOfPage\":{\"@id\":\"https:\\\/\\\/cuartetoenlaweb.com.ar\\\/sitio\\\/este-exministro-advierte-que-la-inflacion-sigue-alta-y-que-algo-empezo-a-fallar\\\/\"},\"wordCount\":701,\"publisher\":{\"@id\":\"http:\\\/\\\/cuartetoenlaweb.com.ar\\\/sitio\\\/#organization\"},\"image\":{\"@id\":\"https:\\\/\\\/cuartetoenlaweb.com.ar\\\/sitio\\\/este-exministro-advierte-que-la-inflacion-sigue-alta-y-que-algo-empezo-a-fallar\\\/#primaryimage\"},\"thumbnailUrl\":\"https:\\\/\\\/www.cronista.com\\\/resizer\\\/v2\\\/UEIQXROD7ZFFJOBHMUZ4HQJZIE.jpg?auth=3ba3e6090a3845b67b386f214f57d6c365b8c08bcc4c431e974bc947ccd8a558&amp;smart=true&amp;width=948&amp;height=535\",\"articleSection\":[\"PAIS\"],\"inLanguage\":\"es\"},{\"@type\":\"WebPage\",\"@id\":\"https:\\\/\\\/cuartetoenlaweb.com.ar\\\/sitio\\\/este-exministro-advierte-que-la-inflacion-sigue-alta-y-que-algo-empezo-a-fallar\\\/\",\"url\":\"https:\\\/\\\/cuartetoenlaweb.com.ar\\\/sitio\\\/este-exministro-advierte-que-la-inflacion-sigue-alta-y-que-algo-empezo-a-fallar\\\/\",\"name\":\"Este exministro advierte que la inflaci\u00f3n sigue alta y que algo empez\u00f3 a fallar - Cuarteto en la Web\",\"isPartOf\":{\"@id\":\"http:\\\/\\\/cuartetoenlaweb.com.ar\\\/sitio\\\/#website\"},\"primaryImageOfPage\":{\"@id\":\"https:\\\/\\\/cuartetoenlaweb.com.ar\\\/sitio\\\/este-exministro-advierte-que-la-inflacion-sigue-alta-y-que-algo-empezo-a-fallar\\\/#primaryimage\"},\"image\":{\"@id\":\"https:\\\/\\\/cuartetoenlaweb.com.ar\\\/sitio\\\/este-exministro-advierte-que-la-inflacion-sigue-alta-y-que-algo-empezo-a-fallar\\\/#primaryimage\"},\"thumbnailUrl\":\"https:\\\/\\\/www.cronista.com\\\/resizer\\\/v2\\\/UEIQXROD7ZFFJOBHMUZ4HQJZIE.jpg?auth=3ba3e6090a3845b67b386f214f57d6c365b8c08bcc4c431e974bc947ccd8a558&amp;smart=true&amp;width=948&amp;height=535\",\"datePublished\":\"2026-02-16T04:00:50+00:00\",\"breadcrumb\":{\"@id\":\"https:\\\/\\\/cuartetoenlaweb.com.ar\\\/sitio\\\/este-exministro-advierte-que-la-inflacion-sigue-alta-y-que-algo-empezo-a-fallar\\\/#breadcrumb\"},\"inLanguage\":\"es\",\"potentialAction\":[{\"@type\":\"ReadAction\",\"target\":[\"https:\\\/\\\/cuartetoenlaweb.com.ar\\\/sitio\\\/este-exministro-advierte-que-la-inflacion-sigue-alta-y-que-algo-empezo-a-fallar\\\/\"]}]},{\"@type\":\"ImageObject\",\"inLanguage\":\"es\",\"@id\":\"https:\\\/\\\/cuartetoenlaweb.com.ar\\\/sitio\\\/este-exministro-advierte-que-la-inflacion-sigue-alta-y-que-algo-empezo-a-fallar\\\/#primaryimage\",\"url\":\"https:\\\/\\\/www.cronista.com\\\/resizer\\\/v2\\\/UEIQXROD7ZFFJOBHMUZ4HQJZIE.jpg?auth=3ba3e6090a3845b67b386f214f57d6c365b8c08bcc4c431e974bc947ccd8a558&amp;smart=true&amp;width=948&amp;height=535\",\"contentUrl\":\"https:\\\/\\\/www.cronista.com\\\/resizer\\\/v2\\\/UEIQXROD7ZFFJOBHMUZ4HQJZIE.jpg?auth=3ba3e6090a3845b67b386f214f57d6c365b8c08bcc4c431e974bc947ccd8a558&amp;smart=true&amp;width=948&amp;height=535\"},{\"@type\":\"BreadcrumbList\",\"@id\":\"https:\\\/\\\/cuartetoenlaweb.com.ar\\\/sitio\\\/este-exministro-advierte-que-la-inflacion-sigue-alta-y-que-algo-empezo-a-fallar\\\/#breadcrumb\",\"itemListElement\":[{\"@type\":\"ListItem\",\"position\":1,\"name\":\"Portada\",\"item\":\"http:\\\/\\\/cuartetoenlaweb.com.ar\\\/sitio\\\/\"},{\"@type\":\"ListItem\",\"position\":2,\"name\":\"Este exministro advierte que la inflaci\u00f3n sigue alta y que algo empez\u00f3 a fallar\"}]},{\"@type\":\"WebSite\",\"@id\":\"http:\\\/\\\/cuartetoenlaweb.com.ar\\\/sitio\\\/#website\",\"url\":\"http:\\\/\\\/cuartetoenlaweb.com.ar\\\/sitio\\\/\",\"name\":\"Cuarteto en la Web\",\"description\":\"\",\"publisher\":{\"@id\":\"http:\\\/\\\/cuartetoenlaweb.com.ar\\\/sitio\\\/#organization\"},\"potentialAction\":[{\"@type\":\"SearchAction\",\"target\":{\"@type\":\"EntryPoint\",\"urlTemplate\":\"http:\\\/\\\/cuartetoenlaweb.com.ar\\\/sitio\\\/?s={search_term_string}\"},\"query-input\":{\"@type\":\"PropertyValueSpecification\",\"valueRequired\":true,\"valueName\":\"search_term_string\"}}],\"inLanguage\":\"es\"},{\"@type\":\"Organization\",\"@id\":\"http:\\\/\\\/cuartetoenlaweb.com.ar\\\/sitio\\\/#organization\",\"name\":\"Cuarteto en la Web\",\"url\":\"http:\\\/\\\/cuartetoenlaweb.com.ar\\\/sitio\\\/\",\"logo\":{\"@type\":\"ImageObject\",\"inLanguage\":\"es\",\"@id\":\"http:\\\/\\\/cuartetoenlaweb.com.ar\\\/sitio\\\/#\\\/schema\\\/logo\\\/image\\\/\",\"url\":\"https:\\\/\\\/cuartetoenlaweb.com.ar\\\/sitio\\\/wp-content\\\/uploads\\\/2025\\\/07\\\/cropped-cropped-logitoweb21.png\",\"contentUrl\":\"https:\\\/\\\/cuartetoenlaweb.com.ar\\\/sitio\\\/wp-content\\\/uploads\\\/2025\\\/07\\\/cropped-cropped-logitoweb21.png\",\"width\":199,\"height\":199,\"caption\":\"Cuarteto en la Web\"},\"image\":{\"@id\":\"http:\\\/\\\/cuartetoenlaweb.com.ar\\\/sitio\\\/#\\\/schema\\\/logo\\\/image\\\/\"}}]}<\/script>\n<!-- \/ Yoast SEO plugin. -->","yoast_head_json":{"title":"Este exministro advierte que la inflaci\u00f3n sigue alta y que algo empez\u00f3 a fallar - Cuarteto en la Web","robots":{"index":"index","follow":"follow","max-snippet":"max-snippet:-1","max-image-preview":"max-image-preview:large","max-video-preview":"max-video-preview:-1"},"canonical":"https:\/\/cuartetoenlaweb.com.ar\/sitio\/este-exministro-advierte-que-la-inflacion-sigue-alta-y-que-algo-empezo-a-fallar\/","og_locale":"es_ES","og_type":"article","og_title":"Este exministro advierte que la inflaci\u00f3n sigue alta y que algo empez\u00f3 a fallar - Cuarteto en la Web","og_description":"El exministro de Econom\u00eda, Hern\u00e1n Lacunza, sostuvo que la actual","og_url":"https:\/\/cuartetoenlaweb.com.ar\/sitio\/este-exministro-advierte-que-la-inflacion-sigue-alta-y-que-algo-empezo-a-fallar\/","og_site_name":"Cuarteto en la Web","article_published_time":"2026-02-16T04:00:50+00:00","og_image":[{"url":"https:\/\/www.cronista.com\/resizer\/v2\/UEIQXROD7ZFFJOBHMUZ4HQJZIE.jpg?auth=3ba3e6090a3845b67b386f214f57d6c365b8c08bcc4c431e974bc947ccd8a558&amp;smart=true&amp;width=948&amp;height=535","type":"","width":"","height":""}],"twitter_card":"summary_large_image","twitter_misc":{"Tiempo de lectura":"3 minutos"},"schema":{"@context":"https:\/\/schema.org","@graph":[{"@type":"Article","@id":"https:\/\/cuartetoenlaweb.com.ar\/sitio\/este-exministro-advierte-que-la-inflacion-sigue-alta-y-que-algo-empezo-a-fallar\/#article","isPartOf":{"@id":"https:\/\/cuartetoenlaweb.com.ar\/sitio\/este-exministro-advierte-que-la-inflacion-sigue-alta-y-que-algo-empezo-a-fallar\/"},"author":{"name":"","@id":""},"headline":"Este exministro advierte que la inflaci\u00f3n sigue alta y que algo empez\u00f3 a fallar","datePublished":"2026-02-16T04:00:50+00:00","mainEntityOfPage":{"@id":"https:\/\/cuartetoenlaweb.com.ar\/sitio\/este-exministro-advierte-que-la-inflacion-sigue-alta-y-que-algo-empezo-a-fallar\/"},"wordCount":701,"publisher":{"@id":"http:\/\/cuartetoenlaweb.com.ar\/sitio\/#organization"},"image":{"@id":"https:\/\/cuartetoenlaweb.com.ar\/sitio\/este-exministro-advierte-que-la-inflacion-sigue-alta-y-que-algo-empezo-a-fallar\/#primaryimage"},"thumbnailUrl":"https:\/\/www.cronista.com\/resizer\/v2\/UEIQXROD7ZFFJOBHMUZ4HQJZIE.jpg?auth=3ba3e6090a3845b67b386f214f57d6c365b8c08bcc4c431e974bc947ccd8a558&amp;smart=true&amp;width=948&amp;height=535","articleSection":["PAIS"],"inLanguage":"es"},{"@type":"WebPage","@id":"https:\/\/cuartetoenlaweb.com.ar\/sitio\/este-exministro-advierte-que-la-inflacion-sigue-alta-y-que-algo-empezo-a-fallar\/","url":"https:\/\/cuartetoenlaweb.com.ar\/sitio\/este-exministro-advierte-que-la-inflacion-sigue-alta-y-que-algo-empezo-a-fallar\/","name":"Este exministro advierte que la inflaci\u00f3n sigue alta y que algo empez\u00f3 a fallar - Cuarteto en la Web","isPartOf":{"@id":"http:\/\/cuartetoenlaweb.com.ar\/sitio\/#website"},"primaryImageOfPage":{"@id":"https:\/\/cuartetoenlaweb.com.ar\/sitio\/este-exministro-advierte-que-la-inflacion-sigue-alta-y-que-algo-empezo-a-fallar\/#primaryimage"},"image":{"@id":"https:\/\/cuartetoenlaweb.com.ar\/sitio\/este-exministro-advierte-que-la-inflacion-sigue-alta-y-que-algo-empezo-a-fallar\/#primaryimage"},"thumbnailUrl":"https:\/\/www.cronista.com\/resizer\/v2\/UEIQXROD7ZFFJOBHMUZ4HQJZIE.jpg?auth=3ba3e6090a3845b67b386f214f57d6c365b8c08bcc4c431e974bc947ccd8a558&amp;smart=true&amp;width=948&amp;height=535","datePublished":"2026-02-16T04:00:50+00:00","breadcrumb":{"@id":"https:\/\/cuartetoenlaweb.com.ar\/sitio\/este-exministro-advierte-que-la-inflacion-sigue-alta-y-que-algo-empezo-a-fallar\/#breadcrumb"},"inLanguage":"es","potentialAction":[{"@type":"ReadAction","target":["https:\/\/cuartetoenlaweb.com.ar\/sitio\/este-exministro-advierte-que-la-inflacion-sigue-alta-y-que-algo-empezo-a-fallar\/"]}]},{"@type":"ImageObject","inLanguage":"es","@id":"https:\/\/cuartetoenlaweb.com.ar\/sitio\/este-exministro-advierte-que-la-inflacion-sigue-alta-y-que-algo-empezo-a-fallar\/#primaryimage","url":"https:\/\/www.cronista.com\/resizer\/v2\/UEIQXROD7ZFFJOBHMUZ4HQJZIE.jpg?auth=3ba3e6090a3845b67b386f214f57d6c365b8c08bcc4c431e974bc947ccd8a558&amp;smart=true&amp;width=948&amp;height=535","contentUrl":"https:\/\/www.cronista.com\/resizer\/v2\/UEIQXROD7ZFFJOBHMUZ4HQJZIE.jpg?auth=3ba3e6090a3845b67b386f214f57d6c365b8c08bcc4c431e974bc947ccd8a558&amp;smart=true&amp;width=948&amp;height=535"},{"@type":"BreadcrumbList","@id":"https:\/\/cuartetoenlaweb.com.ar\/sitio\/este-exministro-advierte-que-la-inflacion-sigue-alta-y-que-algo-empezo-a-fallar\/#breadcrumb","itemListElement":[{"@type":"ListItem","position":1,"name":"Portada","item":"http:\/\/cuartetoenlaweb.com.ar\/sitio\/"},{"@type":"ListItem","position":2,"name":"Este exministro advierte que la inflaci\u00f3n sigue alta y que algo empez\u00f3 a fallar"}]},{"@type":"WebSite","@id":"http:\/\/cuartetoenlaweb.com.ar\/sitio\/#website","url":"http:\/\/cuartetoenlaweb.com.ar\/sitio\/","name":"Cuarteto en la Web","description":"","publisher":{"@id":"http:\/\/cuartetoenlaweb.com.ar\/sitio\/#organization"},"potentialAction":[{"@type":"SearchAction","target":{"@type":"EntryPoint","urlTemplate":"http:\/\/cuartetoenlaweb.com.ar\/sitio\/?s={search_term_string}"},"query-input":{"@type":"PropertyValueSpecification","valueRequired":true,"valueName":"search_term_string"}}],"inLanguage":"es"},{"@type":"Organization","@id":"http:\/\/cuartetoenlaweb.com.ar\/sitio\/#organization","name":"Cuarteto en la Web","url":"http:\/\/cuartetoenlaweb.com.ar\/sitio\/","logo":{"@type":"ImageObject","inLanguage":"es","@id":"http:\/\/cuartetoenlaweb.com.ar\/sitio\/#\/schema\/logo\/image\/","url":"https:\/\/cuartetoenlaweb.com.ar\/sitio\/wp-content\/uploads\/2025\/07\/cropped-cropped-logitoweb21.png","contentUrl":"https:\/\/cuartetoenlaweb.com.ar\/sitio\/wp-content\/uploads\/2025\/07\/cropped-cropped-logitoweb21.png","width":199,"height":199,"caption":"Cuarteto en la Web"},"image":{"@id":"http:\/\/cuartetoenlaweb.com.ar\/sitio\/#\/schema\/logo\/image\/"}}]}},"_links":{"self":[{"href":"https:\/\/cuartetoenlaweb.com.ar\/sitio\/wp-json\/wp\/v2\/posts\/11801","targetHints":{"allow":["GET"]}}],"collection":[{"href":"https:\/\/cuartetoenlaweb.com.ar\/sitio\/wp-json\/wp\/v2\/posts"}],"about":[{"href":"https:\/\/cuartetoenlaweb.com.ar\/sitio\/wp-json\/wp\/v2\/types\/post"}],"replies":[{"embeddable":true,"href":"https:\/\/cuartetoenlaweb.com.ar\/sitio\/wp-json\/wp\/v2\/comments?post=11801"}],"version-history":[{"count":0,"href":"https:\/\/cuartetoenlaweb.com.ar\/sitio\/wp-json\/wp\/v2\/posts\/11801\/revisions"}],"wp:attachment":[{"href":"https:\/\/cuartetoenlaweb.com.ar\/sitio\/wp-json\/wp\/v2\/media?parent=11801"}],"wp:term":[{"taxonomy":"category","embeddable":true,"href":"https:\/\/cuartetoenlaweb.com.ar\/sitio\/wp-json\/wp\/v2\/categories?post=11801"},{"taxonomy":"post_tag","embeddable":true,"href":"https:\/\/cuartetoenlaweb.com.ar\/sitio\/wp-json\/wp\/v2\/tags?post=11801"}],"curies":[{"name":"wp","href":"https:\/\/api.w.org\/{rel}","templated":true}]}}