
{"id":11800,"date":"2026-02-16T01:00:49","date_gmt":"2026-02-16T04:00:49","guid":{"rendered":"https:\/\/cuartetoenlaweb.com.ar\/sitio\/pullaro-santa-fe-demuestra-que-se-puede-gobernar-con-autoridad-sin-autoritarismo\/"},"modified":"2026-02-16T01:00:49","modified_gmt":"2026-02-16T04:00:49","slug":"pullaro-santa-fe-demuestra-que-se-puede-gobernar-con-autoridad-sin-autoritarismo","status":"publish","type":"post","link":"https:\/\/cuartetoenlaweb.com.ar\/sitio\/pullaro-santa-fe-demuestra-que-se-puede-gobernar-con-autoridad-sin-autoritarismo\/","title":{"rendered":"Pullaro: \u201cSanta Fe demuestra que se puede gobernar con autoridad sin autoritarismo\u201d"},"content":{"rendered":"<p>El gobernador de Santa Fe, <a href=\"https:\/\/www.cronista.com\/informacion-gral\/tras-decadas-de-abandono-dos-provincias-se-unen-para-pavimentar-una-ruta-clave-y-tapar-todos-los-baches\/\" target=\"_blank\" rel=\"noreferrer\" title=\"https:\/\/www.cronista.com\/informacion-gral\/tras-decadas-de-abandono-dos-provincias-se-unen-para-pavimentar-una-ruta-clave-y-tapar-todos-los-baches\/\"><b>Maximiliano Pullaro<\/b><\/a>, inaugur\u00f3 este domingo el 144\u00b0 per\u00edodo de sesiones ordinarias de la Legislatura provincial con un extenso discurso en el que traz\u00f3 un balance de su gesti\u00f3n y anunci\u00f3 nuevas medidas para 2026. El mandatario provincial centr\u00f3 su mensaje en tres ejes fundamentales: la lucha contra el crimen organizado, la transformaci\u00f3n educativa y la modernizaci\u00f3n del Estado.<\/p>\n<p>En materia de seguridad, Pullaro present\u00f3 cifras que respaldan su estrategia de \u201cmano dura\u201d contra el narcotr\u00e1fico. Seg\u00fan datos oficiales, <b>los homicidios en la provincia se redujeron entre un 50% y un 55%<\/b> en comparaci\u00f3n con 2022 y 2023, los a\u00f1os m\u00e1s violentos de la historia reciente santafesina. El mandatario destac\u00f3 que en lo que va de 2026 se registraron solo 15 homicidios, frente a los 65 que hab\u00eda en el mismo per\u00edodo de 2023.<\/p>\n<p>\u201cEl \u00faltimo enero fue el menos violento de los \u00faltimos 25 a\u00f1os\u201d, afirm\u00f3 Pullaro ante legisladores, intendentes y representantes de diversos sectores.<\/p>\n<h2><b>Inversi\u00f3n hist\u00f3rica en infraestructura penitenciaria<\/b><\/h2>\n<p>Uno de los pilares de la pol\u00edtica de seguridad del gobierno provincial ha sido el control efectivo de las c\u00e1rceles. El gobernador inform\u00f3 que se invirtieron <b>119 mil millones de pesos en construcci\u00f3n de unidades penitenciarias<\/b>, con el objetivo de construir en un solo per\u00edodo gubernamental \u201cla misma cantidad de celdas que en m\u00e1s de un siglo\u201d.<\/p>\n<p>El mandatario fue categ\u00f3rico respecto al trato a detenidos de alto perfil: \u201cAc\u00e1, en Santa Fe, no hay privilegios. Ac\u00e1 no hay excepciones. Ac\u00e1 no hay negociaciones\u201d. Esta pol\u00edtica de aislamiento estricto busca interrumpir la capacidad de l\u00edderes criminales para dirigir operaciones desde prisi\u00f3n.<\/p>\n<h2><b>Desarticulaci\u00f3n del microtr\u00e1fico: 106 b\u00fankeres cerrados<\/b><\/h2>\n<p>Gracias a la aplicaci\u00f3n de la ley de microtr\u00e1fico aprobada por la Legislatura santafesina, en conjunto con el Ministerio P\u00fablico de la Acusaci\u00f3n, <b>se desmantelaron 106 b\u00fankeres de venta de estupefacientes<\/b> en toda la provincia. Estos operativos forman parte de una estrategia integral que incluye:<\/p>\n<ul>\n<li>Incorporaci\u00f3n de 2000 nuevos efectivos policiales.<\/li>\n<li>Puesta en servicio de m\u00e1s de 2500 m\u00f3viles policiales<\/li>\n<li>Ampliaci\u00f3n del sistema de videovigilancia con 5000 c\u00e1maras en Rosario y 2000 en Santa Fe.<\/li>\n<li>Implementaci\u00f3n del sistema Lince, que utiliza inteligencia artificial para procesar informaci\u00f3n criminal.<\/li>\n<\/ul>\n<p>El tiempo de respuesta del 911 mejor\u00f3 significativamente: <b>6 minutos con 6 segundos en Rosario<\/b> para casos de alta prioridad y <b>5 minutos con 13 segundos en la ciudad de Santa Fe<\/b>.<\/p>\n<h2><b>Transformaci\u00f3n educativa: alfabetizaci\u00f3n y presencialismo<\/b><\/h2>\n<p>En educaci\u00f3n, el gobierno provincial implement\u00f3 dos medidas emblem\u00e1ticas que generaron debate nacional: el programa de <b>Asistencia Perfecta<\/b>, que premia econ\u00f3micamente la presencia diaria de docentes sin afectar el salario de quienes no cumplen este requisito, y el <b>Plan de Alfabetizaci\u00f3n Ra\u00edz<\/b>, destinado a fortalecer la lectoescritura en los primeros a\u00f1os escolares.<\/p>\n<p>Los resultados del primer programa son contundentes: de 8.898 docentes con ninguna o hasta dos inasistencias en 2023, <b>se pas\u00f3 a 59.122 en diciembre de 2025<\/b>. Santa Fe se posicion\u00f3 como una de las provincias con m\u00e1s d\u00edas de clase efectivos en Argentina.<\/p>\n<p>Respecto al plan Ra\u00edz, que alcanz\u00f3 a <b>104.827 estudiantes<\/b> de primer y segundo grado en 2025, los primeros resultados de evaluaciones muestran que <b>aument\u00f3 un 23% la cantidad de lectores fluidos<\/b> en la provincia en solo un a\u00f1o.<\/p>\n<p><img loading=\"lazy\" decoding=\"async\" src=\"https:\/\/www.cronista.com\/resizer\/v2\/B26UW5GVONGGZLUCCWCG25EHYQ.jpeg?auth=4662c3ba452abd5bbabe03c68375f011d232c8c1c84cfc7d6afb30d20a2c9e75&amp;smart=true&amp;width=1600&amp;height=1066\" alt=\"\" height=\"1066\" width=\"1600\" \/><\/p>\n<p>El gobierno provincial ejecut\u00f3 m\u00e1s de 4.000 intervenciones en infraestructura escolar, construyendo 574 nuevas aulas e inaugurando 25 nuevos edificios educativos. Adem\u00e1s, se encuentran en ejecuci\u00f3n otros 32 establecimientos.<\/p>\n<p>La inversi\u00f3n total en mejoras edilicias alcanz\u00f3 los <b>124 mil millones de pesos<\/b>, incluyendo refacciones en edificios hist\u00f3ricos emblem\u00e1ticos de la educaci\u00f3n argentina.<\/p>\n<p>En cuanto al transporte educativo, se destinaron <b>122 mil millones de pesos<\/b> al Boleto Educativo Gratuito, garantizando que docentes, estudiantes y auxiliares puedan trasladarse sin costo a las instituciones educativas.<\/p>\n<h2><b>Medidas para jubilados: eliminaci\u00f3n del aporte solidario<\/b><\/h2>\n<p>En un anuncio destacado, Pullaro confirm\u00f3 dos medidas dirigidas a los jubilados provinciales:<\/p>\n<ol>\n<li><b>No prorrogaci\u00f3n del aporte solidario extraordinario<\/b> que se aplicaba sobre los haberes.<\/li>\n<li><b>Traslado inmediato de aumentos<\/b>: los incrementos salariales del personal activo se trasladar\u00e1n al mes siguiente a los jubilados, y no dentro de los 60 d\u00edas como ocurr\u00eda hasta ahora.<\/li>\n<\/ol>\n<p>\u201cEs injusto si los beneficios de estos resultados no llegan a los jubilados de hoy, que aportaron durante a\u00f1os y en la reforma les pedimos un sacrificio extraordinario\u201d, expres\u00f3 el mandatario.<\/p>\n<p>Adem\u00e1s, el gobierno mantendr\u00e1 los <b>montos compensatorios<\/b> que garantizan que ning\u00fan jubilado o pensionado provincial gaste m\u00e1s del 5% de sus haberes en medicamentos.<\/p>\n<h2><b>Reactivaci\u00f3n de la obra p\u00fablica en Santa Fe<\/b><\/h2>\n<p>Uno de los contrastes m\u00e1s marcados respecto al contexto nacional es la reactivaci\u00f3n de la obra p\u00fablica en Santa Fe. Seg\u00fan datos oficiales, la provincia puso en marcha <b>m\u00e1s de 1500 obras<\/b> en dos a\u00f1os, con una ejecuci\u00f3n superior a los <b>2 billones de pesos<\/b> en rutas, acueductos, hospitales, escuelas, puertos, aeropuertos y viviendas.<\/p>\n<p><img loading=\"lazy\" decoding=\"async\" src=\"https:\/\/www.cronista.com\/resizer\/v2\/IZXAU22XX5GMZHM524QUUEVWUI.jpeg?auth=84127e1080fd032edd7f3a649877db8101b22a4ed9950b8ca7ea3d23e9235d51&amp;smart=true&amp;width=1600&amp;height=1067\" alt=\"\" height=\"1067\" width=\"1600\" \/><\/p>\n<p>Entre las obras m\u00e1s destacadas se encuentran:<\/p>\n<ul>\n<li><b>Tercer carril de la Autopista Rosario-Santa Fe<\/b>: con un avance significativo, ser\u00e1 inaugurada pr\u00f3ximamente.<\/li>\n<li><b>Puente Santa Fe-Santo Tom\u00e9<\/b>: ejecutado al 34%, una obra postergada por d\u00e9cadas.<\/li>\n<li><b>Renovaci\u00f3n integral del Aeropuerto Islas Malvinas<\/b> de Rosario.<\/li>\n<li><b>Hospital Regional Sur de Rosario<\/b>: reiniciado tras 6 a\u00f1os de paralizaci\u00f3n, con inversi\u00f3n de 70 mil millones de pesos.<\/li>\n<\/ul>\n","protected":false},"excerpt":{"rendered":"<p>El gobernador de Santa Fe, Maximiliano Pullaro, inaugur\u00f3 este domingo<\/p>\n","protected":false},"author":0,"featured_media":0,"comment_status":"","ping_status":"","sticky":false,"template":"","format":"standard","meta":{"footnotes":""},"categories":[65],"tags":[],"class_list":["post-11800","post","type-post","status-publish","format-standard","hentry","category-pais"],"yoast_head":"<!-- This site is optimized with the Yoast SEO plugin v27.5 - https:\/\/yoast.com\/product\/yoast-seo-wordpress\/ -->\n<title>Pullaro: \u201cSanta Fe demuestra que se puede gobernar con autoridad sin autoritarismo\u201d - Cuarteto en la Web<\/title>\n<meta name=\"robots\" content=\"index, follow, max-snippet:-1, max-image-preview:large, max-video-preview:-1\" \/>\n<link rel=\"canonical\" href=\"https:\/\/cuartetoenlaweb.com.ar\/sitio\/pullaro-santa-fe-demuestra-que-se-puede-gobernar-con-autoridad-sin-autoritarismo\/\" \/>\n<meta property=\"og:locale\" content=\"es_ES\" \/>\n<meta property=\"og:type\" content=\"article\" \/>\n<meta property=\"og:title\" content=\"Pullaro: \u201cSanta Fe demuestra que se puede gobernar con autoridad sin autoritarismo\u201d - Cuarteto en la Web\" \/>\n<meta property=\"og:description\" content=\"El gobernador de Santa Fe, Maximiliano Pullaro, inaugur\u00f3 este domingo\" \/>\n<meta property=\"og:url\" content=\"https:\/\/cuartetoenlaweb.com.ar\/sitio\/pullaro-santa-fe-demuestra-que-se-puede-gobernar-con-autoridad-sin-autoritarismo\/\" \/>\n<meta property=\"og:site_name\" content=\"Cuarteto en la Web\" \/>\n<meta property=\"article:published_time\" content=\"2026-02-16T04:00:49+00:00\" \/>\n<meta property=\"og:image\" content=\"https:\/\/www.cronista.com\/resizer\/v2\/B26UW5GVONGGZLUCCWCG25EHYQ.jpeg?auth=4662c3ba452abd5bbabe03c68375f011d232c8c1c84cfc7d6afb30d20a2c9e75&amp;smart=true&amp;width=1600&amp;height=1066\" \/>\n<meta name=\"twitter:card\" content=\"summary_large_image\" \/>\n<meta name=\"twitter:label1\" content=\"Tiempo de lectura\" \/>\n\t<meta name=\"twitter:data1\" content=\"4 minutos\" \/>\n<script type=\"application\/ld+json\" class=\"yoast-schema-graph\">{\"@context\":\"https:\\\/\\\/schema.org\",\"@graph\":[{\"@type\":\"Article\",\"@id\":\"https:\\\/\\\/cuartetoenlaweb.com.ar\\\/sitio\\\/pullaro-santa-fe-demuestra-que-se-puede-gobernar-con-autoridad-sin-autoritarismo\\\/#article\",\"isPartOf\":{\"@id\":\"https:\\\/\\\/cuartetoenlaweb.com.ar\\\/sitio\\\/pullaro-santa-fe-demuestra-que-se-puede-gobernar-con-autoridad-sin-autoritarismo\\\/\"},\"author\":{\"name\":\"\",\"@id\":\"\"},\"headline\":\"Pullaro: \u201cSanta Fe demuestra que se puede gobernar con autoridad sin autoritarismo\u201d\",\"datePublished\":\"2026-02-16T04:00:49+00:00\",\"mainEntityOfPage\":{\"@id\":\"https:\\\/\\\/cuartetoenlaweb.com.ar\\\/sitio\\\/pullaro-santa-fe-demuestra-que-se-puede-gobernar-con-autoridad-sin-autoritarismo\\\/\"},\"wordCount\":900,\"publisher\":{\"@id\":\"http:\\\/\\\/cuartetoenlaweb.com.ar\\\/sitio\\\/#organization\"},\"image\":{\"@id\":\"https:\\\/\\\/cuartetoenlaweb.com.ar\\\/sitio\\\/pullaro-santa-fe-demuestra-que-se-puede-gobernar-con-autoridad-sin-autoritarismo\\\/#primaryimage\"},\"thumbnailUrl\":\"https:\\\/\\\/www.cronista.com\\\/resizer\\\/v2\\\/B26UW5GVONGGZLUCCWCG25EHYQ.jpeg?auth=4662c3ba452abd5bbabe03c68375f011d232c8c1c84cfc7d6afb30d20a2c9e75&amp;smart=true&amp;width=1600&amp;height=1066\",\"articleSection\":[\"PAIS\"],\"inLanguage\":\"es\"},{\"@type\":\"WebPage\",\"@id\":\"https:\\\/\\\/cuartetoenlaweb.com.ar\\\/sitio\\\/pullaro-santa-fe-demuestra-que-se-puede-gobernar-con-autoridad-sin-autoritarismo\\\/\",\"url\":\"https:\\\/\\\/cuartetoenlaweb.com.ar\\\/sitio\\\/pullaro-santa-fe-demuestra-que-se-puede-gobernar-con-autoridad-sin-autoritarismo\\\/\",\"name\":\"Pullaro: \u201cSanta Fe demuestra que se puede gobernar con autoridad sin autoritarismo\u201d - Cuarteto en la Web\",\"isPartOf\":{\"@id\":\"http:\\\/\\\/cuartetoenlaweb.com.ar\\\/sitio\\\/#website\"},\"primaryImageOfPage\":{\"@id\":\"https:\\\/\\\/cuartetoenlaweb.com.ar\\\/sitio\\\/pullaro-santa-fe-demuestra-que-se-puede-gobernar-con-autoridad-sin-autoritarismo\\\/#primaryimage\"},\"image\":{\"@id\":\"https:\\\/\\\/cuartetoenlaweb.com.ar\\\/sitio\\\/pullaro-santa-fe-demuestra-que-se-puede-gobernar-con-autoridad-sin-autoritarismo\\\/#primaryimage\"},\"thumbnailUrl\":\"https:\\\/\\\/www.cronista.com\\\/resizer\\\/v2\\\/B26UW5GVONGGZLUCCWCG25EHYQ.jpeg?auth=4662c3ba452abd5bbabe03c68375f011d232c8c1c84cfc7d6afb30d20a2c9e75&amp;smart=true&amp;width=1600&amp;height=1066\",\"datePublished\":\"2026-02-16T04:00:49+00:00\",\"breadcrumb\":{\"@id\":\"https:\\\/\\\/cuartetoenlaweb.com.ar\\\/sitio\\\/pullaro-santa-fe-demuestra-que-se-puede-gobernar-con-autoridad-sin-autoritarismo\\\/#breadcrumb\"},\"inLanguage\":\"es\",\"potentialAction\":[{\"@type\":\"ReadAction\",\"target\":[\"https:\\\/\\\/cuartetoenlaweb.com.ar\\\/sitio\\\/pullaro-santa-fe-demuestra-que-se-puede-gobernar-con-autoridad-sin-autoritarismo\\\/\"]}]},{\"@type\":\"ImageObject\",\"inLanguage\":\"es\",\"@id\":\"https:\\\/\\\/cuartetoenlaweb.com.ar\\\/sitio\\\/pullaro-santa-fe-demuestra-que-se-puede-gobernar-con-autoridad-sin-autoritarismo\\\/#primaryimage\",\"url\":\"https:\\\/\\\/www.cronista.com\\\/resizer\\\/v2\\\/B26UW5GVONGGZLUCCWCG25EHYQ.jpeg?auth=4662c3ba452abd5bbabe03c68375f011d232c8c1c84cfc7d6afb30d20a2c9e75&amp;smart=true&amp;width=1600&amp;height=1066\",\"contentUrl\":\"https:\\\/\\\/www.cronista.com\\\/resizer\\\/v2\\\/B26UW5GVONGGZLUCCWCG25EHYQ.jpeg?auth=4662c3ba452abd5bbabe03c68375f011d232c8c1c84cfc7d6afb30d20a2c9e75&amp;smart=true&amp;width=1600&amp;height=1066\"},{\"@type\":\"BreadcrumbList\",\"@id\":\"https:\\\/\\\/cuartetoenlaweb.com.ar\\\/sitio\\\/pullaro-santa-fe-demuestra-que-se-puede-gobernar-con-autoridad-sin-autoritarismo\\\/#breadcrumb\",\"itemListElement\":[{\"@type\":\"ListItem\",\"position\":1,\"name\":\"Portada\",\"item\":\"http:\\\/\\\/cuartetoenlaweb.com.ar\\\/sitio\\\/\"},{\"@type\":\"ListItem\",\"position\":2,\"name\":\"Pullaro: \u201cSanta Fe demuestra que se puede gobernar con autoridad sin autoritarismo\u201d\"}]},{\"@type\":\"WebSite\",\"@id\":\"http:\\\/\\\/cuartetoenlaweb.com.ar\\\/sitio\\\/#website\",\"url\":\"http:\\\/\\\/cuartetoenlaweb.com.ar\\\/sitio\\\/\",\"name\":\"Cuarteto en la Web\",\"description\":\"\",\"publisher\":{\"@id\":\"http:\\\/\\\/cuartetoenlaweb.com.ar\\\/sitio\\\/#organization\"},\"potentialAction\":[{\"@type\":\"SearchAction\",\"target\":{\"@type\":\"EntryPoint\",\"urlTemplate\":\"http:\\\/\\\/cuartetoenlaweb.com.ar\\\/sitio\\\/?s={search_term_string}\"},\"query-input\":{\"@type\":\"PropertyValueSpecification\",\"valueRequired\":true,\"valueName\":\"search_term_string\"}}],\"inLanguage\":\"es\"},{\"@type\":\"Organization\",\"@id\":\"http:\\\/\\\/cuartetoenlaweb.com.ar\\\/sitio\\\/#organization\",\"name\":\"Cuarteto en la Web\",\"url\":\"http:\\\/\\\/cuartetoenlaweb.com.ar\\\/sitio\\\/\",\"logo\":{\"@type\":\"ImageObject\",\"inLanguage\":\"es\",\"@id\":\"http:\\\/\\\/cuartetoenlaweb.com.ar\\\/sitio\\\/#\\\/schema\\\/logo\\\/image\\\/\",\"url\":\"https:\\\/\\\/cuartetoenlaweb.com.ar\\\/sitio\\\/wp-content\\\/uploads\\\/2025\\\/07\\\/cropped-cropped-logitoweb21.png\",\"contentUrl\":\"https:\\\/\\\/cuartetoenlaweb.com.ar\\\/sitio\\\/wp-content\\\/uploads\\\/2025\\\/07\\\/cropped-cropped-logitoweb21.png\",\"width\":199,\"height\":199,\"caption\":\"Cuarteto en la Web\"},\"image\":{\"@id\":\"http:\\\/\\\/cuartetoenlaweb.com.ar\\\/sitio\\\/#\\\/schema\\\/logo\\\/image\\\/\"}}]}<\/script>\n<!-- \/ Yoast SEO plugin. -->","yoast_head_json":{"title":"Pullaro: \u201cSanta Fe demuestra que se puede gobernar con autoridad sin autoritarismo\u201d - Cuarteto en la Web","robots":{"index":"index","follow":"follow","max-snippet":"max-snippet:-1","max-image-preview":"max-image-preview:large","max-video-preview":"max-video-preview:-1"},"canonical":"https:\/\/cuartetoenlaweb.com.ar\/sitio\/pullaro-santa-fe-demuestra-que-se-puede-gobernar-con-autoridad-sin-autoritarismo\/","og_locale":"es_ES","og_type":"article","og_title":"Pullaro: \u201cSanta Fe demuestra que se puede gobernar con autoridad sin autoritarismo\u201d - Cuarteto en la Web","og_description":"El gobernador de Santa Fe, Maximiliano Pullaro, inaugur\u00f3 este domingo","og_url":"https:\/\/cuartetoenlaweb.com.ar\/sitio\/pullaro-santa-fe-demuestra-que-se-puede-gobernar-con-autoridad-sin-autoritarismo\/","og_site_name":"Cuarteto en la Web","article_published_time":"2026-02-16T04:00:49+00:00","og_image":[{"url":"https:\/\/www.cronista.com\/resizer\/v2\/B26UW5GVONGGZLUCCWCG25EHYQ.jpeg?auth=4662c3ba452abd5bbabe03c68375f011d232c8c1c84cfc7d6afb30d20a2c9e75&amp;smart=true&amp;width=1600&amp;height=1066","type":"","width":"","height":""}],"twitter_card":"summary_large_image","twitter_misc":{"Tiempo de lectura":"4 minutos"},"schema":{"@context":"https:\/\/schema.org","@graph":[{"@type":"Article","@id":"https:\/\/cuartetoenlaweb.com.ar\/sitio\/pullaro-santa-fe-demuestra-que-se-puede-gobernar-con-autoridad-sin-autoritarismo\/#article","isPartOf":{"@id":"https:\/\/cuartetoenlaweb.com.ar\/sitio\/pullaro-santa-fe-demuestra-que-se-puede-gobernar-con-autoridad-sin-autoritarismo\/"},"author":{"name":"","@id":""},"headline":"Pullaro: \u201cSanta Fe demuestra que se puede gobernar con autoridad sin autoritarismo\u201d","datePublished":"2026-02-16T04:00:49+00:00","mainEntityOfPage":{"@id":"https:\/\/cuartetoenlaweb.com.ar\/sitio\/pullaro-santa-fe-demuestra-que-se-puede-gobernar-con-autoridad-sin-autoritarismo\/"},"wordCount":900,"publisher":{"@id":"http:\/\/cuartetoenlaweb.com.ar\/sitio\/#organization"},"image":{"@id":"https:\/\/cuartetoenlaweb.com.ar\/sitio\/pullaro-santa-fe-demuestra-que-se-puede-gobernar-con-autoridad-sin-autoritarismo\/#primaryimage"},"thumbnailUrl":"https:\/\/www.cronista.com\/resizer\/v2\/B26UW5GVONGGZLUCCWCG25EHYQ.jpeg?auth=4662c3ba452abd5bbabe03c68375f011d232c8c1c84cfc7d6afb30d20a2c9e75&amp;smart=true&amp;width=1600&amp;height=1066","articleSection":["PAIS"],"inLanguage":"es"},{"@type":"WebPage","@id":"https:\/\/cuartetoenlaweb.com.ar\/sitio\/pullaro-santa-fe-demuestra-que-se-puede-gobernar-con-autoridad-sin-autoritarismo\/","url":"https:\/\/cuartetoenlaweb.com.ar\/sitio\/pullaro-santa-fe-demuestra-que-se-puede-gobernar-con-autoridad-sin-autoritarismo\/","name":"Pullaro: \u201cSanta Fe demuestra que se puede gobernar con autoridad sin autoritarismo\u201d - Cuarteto en la Web","isPartOf":{"@id":"http:\/\/cuartetoenlaweb.com.ar\/sitio\/#website"},"primaryImageOfPage":{"@id":"https:\/\/cuartetoenlaweb.com.ar\/sitio\/pullaro-santa-fe-demuestra-que-se-puede-gobernar-con-autoridad-sin-autoritarismo\/#primaryimage"},"image":{"@id":"https:\/\/cuartetoenlaweb.com.ar\/sitio\/pullaro-santa-fe-demuestra-que-se-puede-gobernar-con-autoridad-sin-autoritarismo\/#primaryimage"},"thumbnailUrl":"https:\/\/www.cronista.com\/resizer\/v2\/B26UW5GVONGGZLUCCWCG25EHYQ.jpeg?auth=4662c3ba452abd5bbabe03c68375f011d232c8c1c84cfc7d6afb30d20a2c9e75&amp;smart=true&amp;width=1600&amp;height=1066","datePublished":"2026-02-16T04:00:49+00:00","breadcrumb":{"@id":"https:\/\/cuartetoenlaweb.com.ar\/sitio\/pullaro-santa-fe-demuestra-que-se-puede-gobernar-con-autoridad-sin-autoritarismo\/#breadcrumb"},"inLanguage":"es","potentialAction":[{"@type":"ReadAction","target":["https:\/\/cuartetoenlaweb.com.ar\/sitio\/pullaro-santa-fe-demuestra-que-se-puede-gobernar-con-autoridad-sin-autoritarismo\/"]}]},{"@type":"ImageObject","inLanguage":"es","@id":"https:\/\/cuartetoenlaweb.com.ar\/sitio\/pullaro-santa-fe-demuestra-que-se-puede-gobernar-con-autoridad-sin-autoritarismo\/#primaryimage","url":"https:\/\/www.cronista.com\/resizer\/v2\/B26UW5GVONGGZLUCCWCG25EHYQ.jpeg?auth=4662c3ba452abd5bbabe03c68375f011d232c8c1c84cfc7d6afb30d20a2c9e75&amp;smart=true&amp;width=1600&amp;height=1066","contentUrl":"https:\/\/www.cronista.com\/resizer\/v2\/B26UW5GVONGGZLUCCWCG25EHYQ.jpeg?auth=4662c3ba452abd5bbabe03c68375f011d232c8c1c84cfc7d6afb30d20a2c9e75&amp;smart=true&amp;width=1600&amp;height=1066"},{"@type":"BreadcrumbList","@id":"https:\/\/cuartetoenlaweb.com.ar\/sitio\/pullaro-santa-fe-demuestra-que-se-puede-gobernar-con-autoridad-sin-autoritarismo\/#breadcrumb","itemListElement":[{"@type":"ListItem","position":1,"name":"Portada","item":"http:\/\/cuartetoenlaweb.com.ar\/sitio\/"},{"@type":"ListItem","position":2,"name":"Pullaro: \u201cSanta Fe demuestra que se puede gobernar con autoridad sin autoritarismo\u201d"}]},{"@type":"WebSite","@id":"http:\/\/cuartetoenlaweb.com.ar\/sitio\/#website","url":"http:\/\/cuartetoenlaweb.com.ar\/sitio\/","name":"Cuarteto en la Web","description":"","publisher":{"@id":"http:\/\/cuartetoenlaweb.com.ar\/sitio\/#organization"},"potentialAction":[{"@type":"SearchAction","target":{"@type":"EntryPoint","urlTemplate":"http:\/\/cuartetoenlaweb.com.ar\/sitio\/?s={search_term_string}"},"query-input":{"@type":"PropertyValueSpecification","valueRequired":true,"valueName":"search_term_string"}}],"inLanguage":"es"},{"@type":"Organization","@id":"http:\/\/cuartetoenlaweb.com.ar\/sitio\/#organization","name":"Cuarteto en la Web","url":"http:\/\/cuartetoenlaweb.com.ar\/sitio\/","logo":{"@type":"ImageObject","inLanguage":"es","@id":"http:\/\/cuartetoenlaweb.com.ar\/sitio\/#\/schema\/logo\/image\/","url":"https:\/\/cuartetoenlaweb.com.ar\/sitio\/wp-content\/uploads\/2025\/07\/cropped-cropped-logitoweb21.png","contentUrl":"https:\/\/cuartetoenlaweb.com.ar\/sitio\/wp-content\/uploads\/2025\/07\/cropped-cropped-logitoweb21.png","width":199,"height":199,"caption":"Cuarteto en la Web"},"image":{"@id":"http:\/\/cuartetoenlaweb.com.ar\/sitio\/#\/schema\/logo\/image\/"}}]}},"_links":{"self":[{"href":"https:\/\/cuartetoenlaweb.com.ar\/sitio\/wp-json\/wp\/v2\/posts\/11800","targetHints":{"allow":["GET"]}}],"collection":[{"href":"https:\/\/cuartetoenlaweb.com.ar\/sitio\/wp-json\/wp\/v2\/posts"}],"about":[{"href":"https:\/\/cuartetoenlaweb.com.ar\/sitio\/wp-json\/wp\/v2\/types\/post"}],"replies":[{"embeddable":true,"href":"https:\/\/cuartetoenlaweb.com.ar\/sitio\/wp-json\/wp\/v2\/comments?post=11800"}],"version-history":[{"count":0,"href":"https:\/\/cuartetoenlaweb.com.ar\/sitio\/wp-json\/wp\/v2\/posts\/11800\/revisions"}],"wp:attachment":[{"href":"https:\/\/cuartetoenlaweb.com.ar\/sitio\/wp-json\/wp\/v2\/media?parent=11800"}],"wp:term":[{"taxonomy":"category","embeddable":true,"href":"https:\/\/cuartetoenlaweb.com.ar\/sitio\/wp-json\/wp\/v2\/categories?post=11800"},{"taxonomy":"post_tag","embeddable":true,"href":"https:\/\/cuartetoenlaweb.com.ar\/sitio\/wp-json\/wp\/v2\/tags?post=11800"}],"curies":[{"name":"wp","href":"https:\/\/api.w.org\/{rel}","templated":true}]}}