
{"id":11799,"date":"2026-02-16T01:00:48","date_gmt":"2026-02-16T04:00:48","guid":{"rendered":"https:\/\/cuartetoenlaweb.com.ar\/sitio\/inflacion-de-febrero-tras-la-disparada-de-enero-cuanto-subieron-los-alimentos-en-lo-que-va-del-mes\/"},"modified":"2026-02-16T01:00:48","modified_gmt":"2026-02-16T04:00:48","slug":"inflacion-de-febrero-tras-la-disparada-de-enero-cuanto-subieron-los-alimentos-en-lo-que-va-del-mes","status":"publish","type":"post","link":"https:\/\/cuartetoenlaweb.com.ar\/sitio\/inflacion-de-febrero-tras-la-disparada-de-enero-cuanto-subieron-los-alimentos-en-lo-que-va-del-mes\/","title":{"rendered":"Inflaci\u00f3n de febrero: tras la disparada de enero, cu\u00e1nto subieron los alimentos en lo que va del mes"},"content":{"rendered":"<p>Esta semana se conoci\u00f3 el dato de inflaci\u00f3n de enero \u2014con la vieja f\u00f3rmula que decant\u00f3 en la salida de <a href=\"https:\/\/www.cronista.com\/economia-politica\/la-renuncia-de-marcos-lavagna-al-indec-que-dice-la-carta-que-envio-a-sus-colaboradores\/\" target=\"_blank\" rel=\"noreferrer\" title=\"https:\/\/www.cronista.com\/economia-politica\/la-renuncia-de-marcos-lavagna-al-indec-que-dice-la-carta-que-envio-a-sus-colaboradores\/\"><b>Marcos Lavagna<\/b><\/a>\u2014, y ya comienzan las preguntas en torno a qu\u00e9 ocurrir\u00e1 con el IPC de febrero.<\/p>\n<p>La consultora <a href=\"https:\/\/www.cronista.com\/economia-politica\/provincia-por-provincia-donde-pesa-mas-llenar-el-changuito\/\" target=\"_blank\" rel=\"noreferrer\" title=\"https:\/\/www.cronista.com\/economia-politica\/provincia-por-provincia-donde-pesa-mas-llenar-el-changuito\/\"><b>Analytica<\/b><\/a> public\u00f3 su relevamiento semanal de precios en alimentos y bebidas correspondiente a la segunda semana de febrero de 2026, con datos que confirman la persistencia de aumentos en la canasta b\u00e1sica de los argentinos.<\/p>\n<p>Seg\u00fan el informe, <b>los precios de <\/b><a href=\"https:\/\/www.cronista.com\/economia-politica\/inflacion-de-enero-rubro-por-rubro-como-se-movieron-los-precios\/\" target=\"_blank\" rel=\"noreferrer\" title=\"https:\/\/www.cronista.com\/economia-politica\/inflacion-de-enero-rubro-por-rubro-como-se-movieron-los-precios\/\"><b>alimentos y bebidas<\/b><\/a><b> en el Gran Buenos Aires aumentaron 1,3%<\/b> durante la semana analizada.<\/p>\n<p>El dato m\u00e1s significativo surge del promedio de las \u00faltimas cuatro semanas, que arroja <b>un incremento del 2,7%<\/b> en alimentos y bebidas. Esta cifra se ubica por encima de la proyecci\u00f3n general de inflaci\u00f3n para febrero, estimada en <b>2,8% mensual<\/b> seg\u00fan las previsiones de la consultora.<\/p>\n<p>La medici\u00f3n se realiza mediante relevamiento de precios online, lo que permite un seguimiento pr\u00e1cticamente en tiempo real de las variaciones en el sector alimentario, uno de los m\u00e1s sensibles para el bolsillo de las familias argentinas.<\/p>\n<p><img loading=\"lazy\" decoding=\"async\" src=\"https:\/\/www.cronista.com\/resizer\/v2\/E2JV5TBG5FBDDL2UI5AUK7456E.jpg?auth=540860988d17921f43c2c8e82d4dcfe592bd4aa260b6693045cc9a051f8b883b&amp;smart=true&amp;width=749&amp;height=422\" alt=\"Un relevamiento de Analytica revel\u00f3 que hay precios en el Gran Buenos Aires que treparon 1,3% en la \u00faltima semana. \" height=\"422\" width=\"749\" \/><\/p>\n<h2><b>Verduras: el rubro que m\u00e1s golpea el bolsillo<\/b><\/h2>\n<p>El an\u00e1lisis desagregado por categor\u00edas revela que <b>las verduras, tub\u00e9rculos y legumbres son los productos que m\u00e1s aumentaron<\/b> en el promedio de las \u00faltimas cuatro semanas, con un incremento del <b>6,6%<\/b>. Este fuerte aumento impacta directamente en la alimentaci\u00f3n cotidiana, ya que se trata de productos de consumo diario para millones de hogares.<\/p>\n<p>Le siguen en orden de importancia:<\/p>\n<ul>\n<li><b>Carnes y derivados<\/b>: +3,7% en cuatro semanas.<\/li>\n<li><b>Frutas<\/b>: +2,9% en el mismo per\u00edodo.<\/li>\n<li><b>Pescados y mariscos<\/b>: +2,9%.<\/li>\n<li><b>Caf\u00e9, t\u00e9, yerba y cacao<\/b>: +2,5%.<\/li>\n<\/ul>\n<p><div class=\"flourish-embed flourish-chart\" data-src=\"visualisation\/27656116\"><img decoding=\"async\" src=\"https:\/\/public.flourish.studio\/visualisation\/27656116\/thumbnail\" width=\"100%\" alt=\"chart visualization\" \/><\/div>\n<\/p>\n<p>Estos incrementos contrastan con el comportamiento del promedio general de alimentos y bebidas (+2,7%), lo que indica que algunos rubros espec\u00edficos est\u00e1n traccionando al alza el \u00edndice general.<\/p>\n<h2><b>Variaciones por rubro: ganadores y perdedores de la semana<\/b><\/h2>\n<p>El informe de Analytica correspondiente a la segunda semana de febrero muestra un panorama heterog\u00e9neo en la evoluci\u00f3n de precios por categor\u00eda:<\/p>\n<h3>Rubros con mayores aumentos semanales:<\/h3>\n<ul>\n<li><b>Carnes y derivados<\/b>: +3,0% semanal (duplica el promedio general).<\/li>\n<li><b>Verduras, tub\u00e9rculos y legumbres<\/b>: +2,0%.<\/li>\n<li><b>Aguas minerales, bebidas gaseosas y jugos<\/b>: +1,8%.<\/li>\n<li><b>Bebidas no alcoh\u00f3licas<\/b>: +1,5%.<\/li>\n<li><b>Alimentos<\/b>: +1,3%.<\/li>\n<\/ul>\n<h3>Rubros con menores variaciones o ca\u00eddas:<\/h3>\n<ul>\n<li><b>Frutas<\/b>: -0,1% (\u00fanica categor\u00eda que registr\u00f3 baja en la semana).<\/li>\n<li><b>Leche, productos l\u00e1cteos, huevos y alimentos vegetales<\/b>: 0,0% (sin cambios).<\/li>\n<li><b>Aceites, grasas y manteca<\/b>: +0,7%.<\/li>\n<\/ul>\n<p>El dato destacado de la semana es la <b>ca\u00edda del 0,1% en frutas<\/b>, un comportamiento at\u00edpico que podr\u00eda estar vinculado a factores estacionales o a mayor oferta en determinados productos de la categor\u00eda.<\/p>\n","protected":false},"excerpt":{"rendered":"<p>Esta semana se conoci\u00f3 el dato de inflaci\u00f3n de enero<\/p>\n","protected":false},"author":0,"featured_media":0,"comment_status":"","ping_status":"","sticky":false,"template":"","format":"standard","meta":{"footnotes":""},"categories":[65],"tags":[],"class_list":["post-11799","post","type-post","status-publish","format-standard","hentry","category-pais"],"yoast_head":"<!-- This site is optimized with the Yoast SEO plugin v27.5 - https:\/\/yoast.com\/product\/yoast-seo-wordpress\/ -->\n<title>Inflaci\u00f3n de febrero: tras la disparada de enero, cu\u00e1nto subieron los alimentos en lo que va del mes - Cuarteto en la Web<\/title>\n<meta name=\"robots\" content=\"index, follow, max-snippet:-1, max-image-preview:large, max-video-preview:-1\" \/>\n<link rel=\"canonical\" href=\"https:\/\/cuartetoenlaweb.com.ar\/sitio\/inflacion-de-febrero-tras-la-disparada-de-enero-cuanto-subieron-los-alimentos-en-lo-que-va-del-mes\/\" \/>\n<meta property=\"og:locale\" content=\"es_ES\" \/>\n<meta property=\"og:type\" content=\"article\" \/>\n<meta property=\"og:title\" content=\"Inflaci\u00f3n de febrero: tras la disparada de enero, cu\u00e1nto subieron los alimentos en lo que va del mes - Cuarteto en la Web\" \/>\n<meta property=\"og:description\" content=\"Esta semana se conoci\u00f3 el dato de inflaci\u00f3n de enero\" \/>\n<meta property=\"og:url\" content=\"https:\/\/cuartetoenlaweb.com.ar\/sitio\/inflacion-de-febrero-tras-la-disparada-de-enero-cuanto-subieron-los-alimentos-en-lo-que-va-del-mes\/\" \/>\n<meta property=\"og:site_name\" content=\"Cuarteto en la Web\" \/>\n<meta property=\"article:published_time\" content=\"2026-02-16T04:00:48+00:00\" \/>\n<meta property=\"og:image\" content=\"https:\/\/www.cronista.com\/resizer\/v2\/E2JV5TBG5FBDDL2UI5AUK7456E.jpg?auth=540860988d17921f43c2c8e82d4dcfe592bd4aa260b6693045cc9a051f8b883b&amp;smart=true&amp;width=749&amp;height=422\" \/>\n<meta name=\"twitter:card\" content=\"summary_large_image\" \/>\n<meta name=\"twitter:label1\" content=\"Tiempo de lectura\" \/>\n\t<meta name=\"twitter:data1\" content=\"2 minutos\" \/>\n<script type=\"application\/ld+json\" class=\"yoast-schema-graph\">{\"@context\":\"https:\\\/\\\/schema.org\",\"@graph\":[{\"@type\":\"Article\",\"@id\":\"https:\\\/\\\/cuartetoenlaweb.com.ar\\\/sitio\\\/inflacion-de-febrero-tras-la-disparada-de-enero-cuanto-subieron-los-alimentos-en-lo-que-va-del-mes\\\/#article\",\"isPartOf\":{\"@id\":\"https:\\\/\\\/cuartetoenlaweb.com.ar\\\/sitio\\\/inflacion-de-febrero-tras-la-disparada-de-enero-cuanto-subieron-los-alimentos-en-lo-que-va-del-mes\\\/\"},\"author\":{\"name\":\"\",\"@id\":\"\"},\"headline\":\"Inflaci\u00f3n de febrero: tras la disparada de enero, cu\u00e1nto subieron los alimentos en lo que va del mes\",\"datePublished\":\"2026-02-16T04:00:48+00:00\",\"mainEntityOfPage\":{\"@id\":\"https:\\\/\\\/cuartetoenlaweb.com.ar\\\/sitio\\\/inflacion-de-febrero-tras-la-disparada-de-enero-cuanto-subieron-los-alimentos-en-lo-que-va-del-mes\\\/\"},\"wordCount\":456,\"publisher\":{\"@id\":\"http:\\\/\\\/cuartetoenlaweb.com.ar\\\/sitio\\\/#organization\"},\"image\":{\"@id\":\"https:\\\/\\\/cuartetoenlaweb.com.ar\\\/sitio\\\/inflacion-de-febrero-tras-la-disparada-de-enero-cuanto-subieron-los-alimentos-en-lo-que-va-del-mes\\\/#primaryimage\"},\"thumbnailUrl\":\"https:\\\/\\\/www.cronista.com\\\/resizer\\\/v2\\\/E2JV5TBG5FBDDL2UI5AUK7456E.jpg?auth=540860988d17921f43c2c8e82d4dcfe592bd4aa260b6693045cc9a051f8b883b&amp;smart=true&amp;width=749&amp;height=422\",\"articleSection\":[\"PAIS\"],\"inLanguage\":\"es\"},{\"@type\":\"WebPage\",\"@id\":\"https:\\\/\\\/cuartetoenlaweb.com.ar\\\/sitio\\\/inflacion-de-febrero-tras-la-disparada-de-enero-cuanto-subieron-los-alimentos-en-lo-que-va-del-mes\\\/\",\"url\":\"https:\\\/\\\/cuartetoenlaweb.com.ar\\\/sitio\\\/inflacion-de-febrero-tras-la-disparada-de-enero-cuanto-subieron-los-alimentos-en-lo-que-va-del-mes\\\/\",\"name\":\"Inflaci\u00f3n de febrero: tras la disparada de enero, cu\u00e1nto subieron los alimentos en lo que va del mes - Cuarteto en la Web\",\"isPartOf\":{\"@id\":\"http:\\\/\\\/cuartetoenlaweb.com.ar\\\/sitio\\\/#website\"},\"primaryImageOfPage\":{\"@id\":\"https:\\\/\\\/cuartetoenlaweb.com.ar\\\/sitio\\\/inflacion-de-febrero-tras-la-disparada-de-enero-cuanto-subieron-los-alimentos-en-lo-que-va-del-mes\\\/#primaryimage\"},\"image\":{\"@id\":\"https:\\\/\\\/cuartetoenlaweb.com.ar\\\/sitio\\\/inflacion-de-febrero-tras-la-disparada-de-enero-cuanto-subieron-los-alimentos-en-lo-que-va-del-mes\\\/#primaryimage\"},\"thumbnailUrl\":\"https:\\\/\\\/www.cronista.com\\\/resizer\\\/v2\\\/E2JV5TBG5FBDDL2UI5AUK7456E.jpg?auth=540860988d17921f43c2c8e82d4dcfe592bd4aa260b6693045cc9a051f8b883b&amp;smart=true&amp;width=749&amp;height=422\",\"datePublished\":\"2026-02-16T04:00:48+00:00\",\"breadcrumb\":{\"@id\":\"https:\\\/\\\/cuartetoenlaweb.com.ar\\\/sitio\\\/inflacion-de-febrero-tras-la-disparada-de-enero-cuanto-subieron-los-alimentos-en-lo-que-va-del-mes\\\/#breadcrumb\"},\"inLanguage\":\"es\",\"potentialAction\":[{\"@type\":\"ReadAction\",\"target\":[\"https:\\\/\\\/cuartetoenlaweb.com.ar\\\/sitio\\\/inflacion-de-febrero-tras-la-disparada-de-enero-cuanto-subieron-los-alimentos-en-lo-que-va-del-mes\\\/\"]}]},{\"@type\":\"ImageObject\",\"inLanguage\":\"es\",\"@id\":\"https:\\\/\\\/cuartetoenlaweb.com.ar\\\/sitio\\\/inflacion-de-febrero-tras-la-disparada-de-enero-cuanto-subieron-los-alimentos-en-lo-que-va-del-mes\\\/#primaryimage\",\"url\":\"https:\\\/\\\/www.cronista.com\\\/resizer\\\/v2\\\/E2JV5TBG5FBDDL2UI5AUK7456E.jpg?auth=540860988d17921f43c2c8e82d4dcfe592bd4aa260b6693045cc9a051f8b883b&amp;smart=true&amp;width=749&amp;height=422\",\"contentUrl\":\"https:\\\/\\\/www.cronista.com\\\/resizer\\\/v2\\\/E2JV5TBG5FBDDL2UI5AUK7456E.jpg?auth=540860988d17921f43c2c8e82d4dcfe592bd4aa260b6693045cc9a051f8b883b&amp;smart=true&amp;width=749&amp;height=422\"},{\"@type\":\"BreadcrumbList\",\"@id\":\"https:\\\/\\\/cuartetoenlaweb.com.ar\\\/sitio\\\/inflacion-de-febrero-tras-la-disparada-de-enero-cuanto-subieron-los-alimentos-en-lo-que-va-del-mes\\\/#breadcrumb\",\"itemListElement\":[{\"@type\":\"ListItem\",\"position\":1,\"name\":\"Portada\",\"item\":\"http:\\\/\\\/cuartetoenlaweb.com.ar\\\/sitio\\\/\"},{\"@type\":\"ListItem\",\"position\":2,\"name\":\"Inflaci\u00f3n de febrero: tras la disparada de enero, cu\u00e1nto subieron los alimentos en lo que va del mes\"}]},{\"@type\":\"WebSite\",\"@id\":\"http:\\\/\\\/cuartetoenlaweb.com.ar\\\/sitio\\\/#website\",\"url\":\"http:\\\/\\\/cuartetoenlaweb.com.ar\\\/sitio\\\/\",\"name\":\"Cuarteto en la Web\",\"description\":\"\",\"publisher\":{\"@id\":\"http:\\\/\\\/cuartetoenlaweb.com.ar\\\/sitio\\\/#organization\"},\"potentialAction\":[{\"@type\":\"SearchAction\",\"target\":{\"@type\":\"EntryPoint\",\"urlTemplate\":\"http:\\\/\\\/cuartetoenlaweb.com.ar\\\/sitio\\\/?s={search_term_string}\"},\"query-input\":{\"@type\":\"PropertyValueSpecification\",\"valueRequired\":true,\"valueName\":\"search_term_string\"}}],\"inLanguage\":\"es\"},{\"@type\":\"Organization\",\"@id\":\"http:\\\/\\\/cuartetoenlaweb.com.ar\\\/sitio\\\/#organization\",\"name\":\"Cuarteto en la Web\",\"url\":\"http:\\\/\\\/cuartetoenlaweb.com.ar\\\/sitio\\\/\",\"logo\":{\"@type\":\"ImageObject\",\"inLanguage\":\"es\",\"@id\":\"http:\\\/\\\/cuartetoenlaweb.com.ar\\\/sitio\\\/#\\\/schema\\\/logo\\\/image\\\/\",\"url\":\"https:\\\/\\\/cuartetoenlaweb.com.ar\\\/sitio\\\/wp-content\\\/uploads\\\/2025\\\/07\\\/cropped-cropped-logitoweb21.png\",\"contentUrl\":\"https:\\\/\\\/cuartetoenlaweb.com.ar\\\/sitio\\\/wp-content\\\/uploads\\\/2025\\\/07\\\/cropped-cropped-logitoweb21.png\",\"width\":199,\"height\":199,\"caption\":\"Cuarteto en la Web\"},\"image\":{\"@id\":\"http:\\\/\\\/cuartetoenlaweb.com.ar\\\/sitio\\\/#\\\/schema\\\/logo\\\/image\\\/\"}}]}<\/script>\n<!-- \/ Yoast SEO plugin. -->","yoast_head_json":{"title":"Inflaci\u00f3n de febrero: tras la disparada de enero, cu\u00e1nto subieron los alimentos en lo que va del mes - Cuarteto en la Web","robots":{"index":"index","follow":"follow","max-snippet":"max-snippet:-1","max-image-preview":"max-image-preview:large","max-video-preview":"max-video-preview:-1"},"canonical":"https:\/\/cuartetoenlaweb.com.ar\/sitio\/inflacion-de-febrero-tras-la-disparada-de-enero-cuanto-subieron-los-alimentos-en-lo-que-va-del-mes\/","og_locale":"es_ES","og_type":"article","og_title":"Inflaci\u00f3n de febrero: tras la disparada de enero, cu\u00e1nto subieron los alimentos en lo que va del mes - Cuarteto en la Web","og_description":"Esta semana se conoci\u00f3 el dato de inflaci\u00f3n de enero","og_url":"https:\/\/cuartetoenlaweb.com.ar\/sitio\/inflacion-de-febrero-tras-la-disparada-de-enero-cuanto-subieron-los-alimentos-en-lo-que-va-del-mes\/","og_site_name":"Cuarteto en la Web","article_published_time":"2026-02-16T04:00:48+00:00","og_image":[{"url":"https:\/\/www.cronista.com\/resizer\/v2\/E2JV5TBG5FBDDL2UI5AUK7456E.jpg?auth=540860988d17921f43c2c8e82d4dcfe592bd4aa260b6693045cc9a051f8b883b&amp;smart=true&amp;width=749&amp;height=422","type":"","width":"","height":""}],"twitter_card":"summary_large_image","twitter_misc":{"Tiempo de lectura":"2 minutos"},"schema":{"@context":"https:\/\/schema.org","@graph":[{"@type":"Article","@id":"https:\/\/cuartetoenlaweb.com.ar\/sitio\/inflacion-de-febrero-tras-la-disparada-de-enero-cuanto-subieron-los-alimentos-en-lo-que-va-del-mes\/#article","isPartOf":{"@id":"https:\/\/cuartetoenlaweb.com.ar\/sitio\/inflacion-de-febrero-tras-la-disparada-de-enero-cuanto-subieron-los-alimentos-en-lo-que-va-del-mes\/"},"author":{"name":"","@id":""},"headline":"Inflaci\u00f3n de febrero: tras la disparada de enero, cu\u00e1nto subieron los alimentos en lo que va del mes","datePublished":"2026-02-16T04:00:48+00:00","mainEntityOfPage":{"@id":"https:\/\/cuartetoenlaweb.com.ar\/sitio\/inflacion-de-febrero-tras-la-disparada-de-enero-cuanto-subieron-los-alimentos-en-lo-que-va-del-mes\/"},"wordCount":456,"publisher":{"@id":"http:\/\/cuartetoenlaweb.com.ar\/sitio\/#organization"},"image":{"@id":"https:\/\/cuartetoenlaweb.com.ar\/sitio\/inflacion-de-febrero-tras-la-disparada-de-enero-cuanto-subieron-los-alimentos-en-lo-que-va-del-mes\/#primaryimage"},"thumbnailUrl":"https:\/\/www.cronista.com\/resizer\/v2\/E2JV5TBG5FBDDL2UI5AUK7456E.jpg?auth=540860988d17921f43c2c8e82d4dcfe592bd4aa260b6693045cc9a051f8b883b&amp;smart=true&amp;width=749&amp;height=422","articleSection":["PAIS"],"inLanguage":"es"},{"@type":"WebPage","@id":"https:\/\/cuartetoenlaweb.com.ar\/sitio\/inflacion-de-febrero-tras-la-disparada-de-enero-cuanto-subieron-los-alimentos-en-lo-que-va-del-mes\/","url":"https:\/\/cuartetoenlaweb.com.ar\/sitio\/inflacion-de-febrero-tras-la-disparada-de-enero-cuanto-subieron-los-alimentos-en-lo-que-va-del-mes\/","name":"Inflaci\u00f3n de febrero: tras la disparada de enero, cu\u00e1nto subieron los alimentos en lo que va del mes - Cuarteto en la Web","isPartOf":{"@id":"http:\/\/cuartetoenlaweb.com.ar\/sitio\/#website"},"primaryImageOfPage":{"@id":"https:\/\/cuartetoenlaweb.com.ar\/sitio\/inflacion-de-febrero-tras-la-disparada-de-enero-cuanto-subieron-los-alimentos-en-lo-que-va-del-mes\/#primaryimage"},"image":{"@id":"https:\/\/cuartetoenlaweb.com.ar\/sitio\/inflacion-de-febrero-tras-la-disparada-de-enero-cuanto-subieron-los-alimentos-en-lo-que-va-del-mes\/#primaryimage"},"thumbnailUrl":"https:\/\/www.cronista.com\/resizer\/v2\/E2JV5TBG5FBDDL2UI5AUK7456E.jpg?auth=540860988d17921f43c2c8e82d4dcfe592bd4aa260b6693045cc9a051f8b883b&amp;smart=true&amp;width=749&amp;height=422","datePublished":"2026-02-16T04:00:48+00:00","breadcrumb":{"@id":"https:\/\/cuartetoenlaweb.com.ar\/sitio\/inflacion-de-febrero-tras-la-disparada-de-enero-cuanto-subieron-los-alimentos-en-lo-que-va-del-mes\/#breadcrumb"},"inLanguage":"es","potentialAction":[{"@type":"ReadAction","target":["https:\/\/cuartetoenlaweb.com.ar\/sitio\/inflacion-de-febrero-tras-la-disparada-de-enero-cuanto-subieron-los-alimentos-en-lo-que-va-del-mes\/"]}]},{"@type":"ImageObject","inLanguage":"es","@id":"https:\/\/cuartetoenlaweb.com.ar\/sitio\/inflacion-de-febrero-tras-la-disparada-de-enero-cuanto-subieron-los-alimentos-en-lo-que-va-del-mes\/#primaryimage","url":"https:\/\/www.cronista.com\/resizer\/v2\/E2JV5TBG5FBDDL2UI5AUK7456E.jpg?auth=540860988d17921f43c2c8e82d4dcfe592bd4aa260b6693045cc9a051f8b883b&amp;smart=true&amp;width=749&amp;height=422","contentUrl":"https:\/\/www.cronista.com\/resizer\/v2\/E2JV5TBG5FBDDL2UI5AUK7456E.jpg?auth=540860988d17921f43c2c8e82d4dcfe592bd4aa260b6693045cc9a051f8b883b&amp;smart=true&amp;width=749&amp;height=422"},{"@type":"BreadcrumbList","@id":"https:\/\/cuartetoenlaweb.com.ar\/sitio\/inflacion-de-febrero-tras-la-disparada-de-enero-cuanto-subieron-los-alimentos-en-lo-que-va-del-mes\/#breadcrumb","itemListElement":[{"@type":"ListItem","position":1,"name":"Portada","item":"http:\/\/cuartetoenlaweb.com.ar\/sitio\/"},{"@type":"ListItem","position":2,"name":"Inflaci\u00f3n de febrero: tras la disparada de enero, cu\u00e1nto subieron los alimentos en lo que va del mes"}]},{"@type":"WebSite","@id":"http:\/\/cuartetoenlaweb.com.ar\/sitio\/#website","url":"http:\/\/cuartetoenlaweb.com.ar\/sitio\/","name":"Cuarteto en la Web","description":"","publisher":{"@id":"http:\/\/cuartetoenlaweb.com.ar\/sitio\/#organization"},"potentialAction":[{"@type":"SearchAction","target":{"@type":"EntryPoint","urlTemplate":"http:\/\/cuartetoenlaweb.com.ar\/sitio\/?s={search_term_string}"},"query-input":{"@type":"PropertyValueSpecification","valueRequired":true,"valueName":"search_term_string"}}],"inLanguage":"es"},{"@type":"Organization","@id":"http:\/\/cuartetoenlaweb.com.ar\/sitio\/#organization","name":"Cuarteto en la Web","url":"http:\/\/cuartetoenlaweb.com.ar\/sitio\/","logo":{"@type":"ImageObject","inLanguage":"es","@id":"http:\/\/cuartetoenlaweb.com.ar\/sitio\/#\/schema\/logo\/image\/","url":"https:\/\/cuartetoenlaweb.com.ar\/sitio\/wp-content\/uploads\/2025\/07\/cropped-cropped-logitoweb21.png","contentUrl":"https:\/\/cuartetoenlaweb.com.ar\/sitio\/wp-content\/uploads\/2025\/07\/cropped-cropped-logitoweb21.png","width":199,"height":199,"caption":"Cuarteto en la Web"},"image":{"@id":"http:\/\/cuartetoenlaweb.com.ar\/sitio\/#\/schema\/logo\/image\/"}}]}},"_links":{"self":[{"href":"https:\/\/cuartetoenlaweb.com.ar\/sitio\/wp-json\/wp\/v2\/posts\/11799","targetHints":{"allow":["GET"]}}],"collection":[{"href":"https:\/\/cuartetoenlaweb.com.ar\/sitio\/wp-json\/wp\/v2\/posts"}],"about":[{"href":"https:\/\/cuartetoenlaweb.com.ar\/sitio\/wp-json\/wp\/v2\/types\/post"}],"replies":[{"embeddable":true,"href":"https:\/\/cuartetoenlaweb.com.ar\/sitio\/wp-json\/wp\/v2\/comments?post=11799"}],"version-history":[{"count":0,"href":"https:\/\/cuartetoenlaweb.com.ar\/sitio\/wp-json\/wp\/v2\/posts\/11799\/revisions"}],"wp:attachment":[{"href":"https:\/\/cuartetoenlaweb.com.ar\/sitio\/wp-json\/wp\/v2\/media?parent=11799"}],"wp:term":[{"taxonomy":"category","embeddable":true,"href":"https:\/\/cuartetoenlaweb.com.ar\/sitio\/wp-json\/wp\/v2\/categories?post=11799"},{"taxonomy":"post_tag","embeddable":true,"href":"https:\/\/cuartetoenlaweb.com.ar\/sitio\/wp-json\/wp\/v2\/tags?post=11799"}],"curies":[{"name":"wp","href":"https:\/\/api.w.org\/{rel}","templated":true}]}}