
{"id":11797,"date":"2026-02-16T01:00:47","date_gmt":"2026-02-16T04:00:47","guid":{"rendered":"https:\/\/cuartetoenlaweb.com.ar\/sitio\/reforma-laboral-el-gobierno-anuncio-que-cambiara-el-articulo-de-las-licencias-medicas\/"},"modified":"2026-02-16T01:00:47","modified_gmt":"2026-02-16T04:00:47","slug":"reforma-laboral-el-gobierno-anuncio-que-cambiara-el-articulo-de-las-licencias-medicas","status":"publish","type":"post","link":"https:\/\/cuartetoenlaweb.com.ar\/sitio\/reforma-laboral-el-gobierno-anuncio-que-cambiara-el-articulo-de-las-licencias-medicas\/","title":{"rendered":"Reforma laboral: el Gobierno anunci\u00f3 que cambiar\u00e1 el art\u00edculo de las licencias m\u00e9dicas"},"content":{"rendered":"<p>Tras el importante paso hacia adelante que dio el Gobierno este jueves por la madrugada cuando consigui\u00f3 la media sanci\u00f3n en el Senado de la reforma laboral, el oficialismo anunci\u00f3 un importante cambio.<\/p>\n<p>La senadora por La Libertad Avanza, y exministra de Seguridad, <a href=\"https:\/\/www.cronista.com\/economia-politica\/hubo-acuerdo-para-todas-las-modificaciones-de-la-reforma-laboral-cuantos-articulos-cambiaran\/\" target=\"_blank\" rel=\"noreferrer\" title=\"https:\/\/www.cronista.com\/economia-politica\/hubo-acuerdo-para-todas-las-modificaciones-de-la-reforma-laboral-cuantos-articulos-cambiaran\/\"><b>Patricia Bullrich<\/b><\/a>, asegur\u00f3, durante una entrevista televisiva con <i>TN<\/i> que <b>el Gobierno modificar\u00e1 el art\u00edculo del proyecto de reforma laboral que reduce el salario para las licencias m\u00e9dicas en casos de enfermedades severas<\/b>.<\/p>\n<p>Hoy, quien se transform\u00f3 en la cara legislativa de LLA, adelant\u00f3: \u201cVamos a hacer una modificaci\u00f3n de enfermedades severas, degenerativas o irrecuperables y vamos a dejar un 100% del salario. Lo estamos trabajando. Pero ser\u00e1 solo cuando haya corroboraci\u00f3n fehaciente del caso\u201d, asegur\u00f3 la funcionaria.<\/p>\n<p>Sin embargo, tambi\u00e9n aclar\u00f3 que a\u00fan se est\u00e1 debatiendo c\u00f3mo ser\u00e1 la modificaci\u00f3n. \u201c<b>Vamos a ver si lo hacemos por Diputados. Lo estamos hablando con Mart\u00edn Menem<\/b>. No s\u00e9 si lo hacemos por reglamentaci\u00f3n o lo buscamos con art\u00edculo de ley como otra ley, pero le vamos a buscar la forma\u201d, explic\u00f3.<\/p>\n<p>Asimismo, confi\u00f3: \u201cTiene que ser bien cerrado, un certificado claro, que no sea parte de una industria que queremos desarmar\u201d.<\/p>\n<h2><b>Reforma laboral: cu\u00e1l es el cambio que introducir\u00e1 el Gobierno, seg\u00fan Bullrich<\/b><\/h2>\n<p>El art\u00edculo 44, que modifica el 208 de la Ley de Contrato de Trabajo, establece que, en caso de sufrir un accidente o una enfermedad que no sea consecuencia de la prestaci\u00f3n de tareas derivadas del contrato de trabajo y que impida dicha prestaci\u00f3n, el trabajador cobrar\u00e1 el 50 % de su sueldo.<\/p>\n<p><img loading=\"lazy\" decoding=\"async\" src=\"https:\/\/www.cronista.com\/resizer\/v2\/TN5MYOJY6VD2BJI66SD6TYQAVM.jpeg?auth=f7302456618ecbf4b032dbffc1844ca05a8fd584adb31546d178f0cdb5b1788f&amp;smart=true&amp;width=2560&amp;height=1707\" alt=\"\" height=\"1707\" width=\"2560\" \/><\/p>\n<p>Si el impedimento para prestar servicios no fuera producto de una actividad voluntaria y consciente del trabajador del riesgo que implicaba para su salud, percibir\u00e1 el 75 % de la remuneraci\u00f3n. El texto plantea que, si el trabajador sufre una reca\u00edda, no ser\u00e1 considerada una enfermedad distinta.<\/p>\n<p>Era de esperar que este punto genere pol\u00e9mica una vez aprobado en el Senado. Por este motivo, algunos legisladores sostuvieron que las cuestiones en torno a las licencias por enfermedad se agregaron a \u00faltimo momento. Es ni m\u00e1s ni menos que el motivo por el que muchos legisladores aliados, o dialoguistas, plantearon serias dudas sobre si acompa\u00f1ar el proyecto de reforma laboral en Diputados a la vista de la pol\u00e9mica que generaron los cambios en las licencias.<\/p>\n","protected":false},"excerpt":{"rendered":"<p>Tras el importante paso hacia adelante que dio el Gobierno<\/p>\n","protected":false},"author":0,"featured_media":0,"comment_status":"","ping_status":"","sticky":false,"template":"","format":"standard","meta":{"footnotes":""},"categories":[65],"tags":[],"class_list":["post-11797","post","type-post","status-publish","format-standard","hentry","category-pais"],"yoast_head":"<!-- This site is optimized with the Yoast SEO plugin v27.5 - https:\/\/yoast.com\/product\/yoast-seo-wordpress\/ -->\n<title>Reforma laboral: el Gobierno anunci\u00f3 que cambiar\u00e1 el art\u00edculo de las licencias m\u00e9dicas - Cuarteto en la Web<\/title>\n<meta name=\"robots\" content=\"index, follow, max-snippet:-1, max-image-preview:large, max-video-preview:-1\" \/>\n<link rel=\"canonical\" href=\"https:\/\/cuartetoenlaweb.com.ar\/sitio\/reforma-laboral-el-gobierno-anuncio-que-cambiara-el-articulo-de-las-licencias-medicas\/\" \/>\n<meta property=\"og:locale\" content=\"es_ES\" \/>\n<meta property=\"og:type\" content=\"article\" \/>\n<meta property=\"og:title\" content=\"Reforma laboral: el Gobierno anunci\u00f3 que cambiar\u00e1 el art\u00edculo de las licencias m\u00e9dicas - Cuarteto en la Web\" \/>\n<meta property=\"og:description\" content=\"Tras el importante paso hacia adelante que dio el Gobierno\" \/>\n<meta property=\"og:url\" content=\"https:\/\/cuartetoenlaweb.com.ar\/sitio\/reforma-laboral-el-gobierno-anuncio-que-cambiara-el-articulo-de-las-licencias-medicas\/\" \/>\n<meta property=\"og:site_name\" content=\"Cuarteto en la Web\" \/>\n<meta property=\"article:published_time\" content=\"2026-02-16T04:00:47+00:00\" \/>\n<meta property=\"og:image\" content=\"https:\/\/www.cronista.com\/resizer\/v2\/TN5MYOJY6VD2BJI66SD6TYQAVM.jpeg?auth=f7302456618ecbf4b032dbffc1844ca05a8fd584adb31546d178f0cdb5b1788f&amp;smart=true&amp;width=2560&amp;height=1707\" \/>\n<meta name=\"twitter:card\" content=\"summary_large_image\" \/>\n<meta name=\"twitter:label1\" content=\"Tiempo de lectura\" \/>\n\t<meta name=\"twitter:data1\" content=\"2 minutos\" \/>\n<script type=\"application\/ld+json\" class=\"yoast-schema-graph\">{\"@context\":\"https:\\\/\\\/schema.org\",\"@graph\":[{\"@type\":\"Article\",\"@id\":\"https:\\\/\\\/cuartetoenlaweb.com.ar\\\/sitio\\\/reforma-laboral-el-gobierno-anuncio-que-cambiara-el-articulo-de-las-licencias-medicas\\\/#article\",\"isPartOf\":{\"@id\":\"https:\\\/\\\/cuartetoenlaweb.com.ar\\\/sitio\\\/reforma-laboral-el-gobierno-anuncio-que-cambiara-el-articulo-de-las-licencias-medicas\\\/\"},\"author\":{\"name\":\"\",\"@id\":\"\"},\"headline\":\"Reforma laboral: el Gobierno anunci\u00f3 que cambiar\u00e1 el art\u00edculo de las licencias m\u00e9dicas\",\"datePublished\":\"2026-02-16T04:00:47+00:00\",\"mainEntityOfPage\":{\"@id\":\"https:\\\/\\\/cuartetoenlaweb.com.ar\\\/sitio\\\/reforma-laboral-el-gobierno-anuncio-que-cambiara-el-articulo-de-las-licencias-medicas\\\/\"},\"wordCount\":413,\"publisher\":{\"@id\":\"http:\\\/\\\/cuartetoenlaweb.com.ar\\\/sitio\\\/#organization\"},\"image\":{\"@id\":\"https:\\\/\\\/cuartetoenlaweb.com.ar\\\/sitio\\\/reforma-laboral-el-gobierno-anuncio-que-cambiara-el-articulo-de-las-licencias-medicas\\\/#primaryimage\"},\"thumbnailUrl\":\"https:\\\/\\\/www.cronista.com\\\/resizer\\\/v2\\\/TN5MYOJY6VD2BJI66SD6TYQAVM.jpeg?auth=f7302456618ecbf4b032dbffc1844ca05a8fd584adb31546d178f0cdb5b1788f&amp;smart=true&amp;width=2560&amp;height=1707\",\"articleSection\":[\"PAIS\"],\"inLanguage\":\"es\"},{\"@type\":\"WebPage\",\"@id\":\"https:\\\/\\\/cuartetoenlaweb.com.ar\\\/sitio\\\/reforma-laboral-el-gobierno-anuncio-que-cambiara-el-articulo-de-las-licencias-medicas\\\/\",\"url\":\"https:\\\/\\\/cuartetoenlaweb.com.ar\\\/sitio\\\/reforma-laboral-el-gobierno-anuncio-que-cambiara-el-articulo-de-las-licencias-medicas\\\/\",\"name\":\"Reforma laboral: el Gobierno anunci\u00f3 que cambiar\u00e1 el art\u00edculo de las licencias m\u00e9dicas - Cuarteto en la Web\",\"isPartOf\":{\"@id\":\"http:\\\/\\\/cuartetoenlaweb.com.ar\\\/sitio\\\/#website\"},\"primaryImageOfPage\":{\"@id\":\"https:\\\/\\\/cuartetoenlaweb.com.ar\\\/sitio\\\/reforma-laboral-el-gobierno-anuncio-que-cambiara-el-articulo-de-las-licencias-medicas\\\/#primaryimage\"},\"image\":{\"@id\":\"https:\\\/\\\/cuartetoenlaweb.com.ar\\\/sitio\\\/reforma-laboral-el-gobierno-anuncio-que-cambiara-el-articulo-de-las-licencias-medicas\\\/#primaryimage\"},\"thumbnailUrl\":\"https:\\\/\\\/www.cronista.com\\\/resizer\\\/v2\\\/TN5MYOJY6VD2BJI66SD6TYQAVM.jpeg?auth=f7302456618ecbf4b032dbffc1844ca05a8fd584adb31546d178f0cdb5b1788f&amp;smart=true&amp;width=2560&amp;height=1707\",\"datePublished\":\"2026-02-16T04:00:47+00:00\",\"breadcrumb\":{\"@id\":\"https:\\\/\\\/cuartetoenlaweb.com.ar\\\/sitio\\\/reforma-laboral-el-gobierno-anuncio-que-cambiara-el-articulo-de-las-licencias-medicas\\\/#breadcrumb\"},\"inLanguage\":\"es\",\"potentialAction\":[{\"@type\":\"ReadAction\",\"target\":[\"https:\\\/\\\/cuartetoenlaweb.com.ar\\\/sitio\\\/reforma-laboral-el-gobierno-anuncio-que-cambiara-el-articulo-de-las-licencias-medicas\\\/\"]}]},{\"@type\":\"ImageObject\",\"inLanguage\":\"es\",\"@id\":\"https:\\\/\\\/cuartetoenlaweb.com.ar\\\/sitio\\\/reforma-laboral-el-gobierno-anuncio-que-cambiara-el-articulo-de-las-licencias-medicas\\\/#primaryimage\",\"url\":\"https:\\\/\\\/www.cronista.com\\\/resizer\\\/v2\\\/TN5MYOJY6VD2BJI66SD6TYQAVM.jpeg?auth=f7302456618ecbf4b032dbffc1844ca05a8fd584adb31546d178f0cdb5b1788f&amp;smart=true&amp;width=2560&amp;height=1707\",\"contentUrl\":\"https:\\\/\\\/www.cronista.com\\\/resizer\\\/v2\\\/TN5MYOJY6VD2BJI66SD6TYQAVM.jpeg?auth=f7302456618ecbf4b032dbffc1844ca05a8fd584adb31546d178f0cdb5b1788f&amp;smart=true&amp;width=2560&amp;height=1707\"},{\"@type\":\"BreadcrumbList\",\"@id\":\"https:\\\/\\\/cuartetoenlaweb.com.ar\\\/sitio\\\/reforma-laboral-el-gobierno-anuncio-que-cambiara-el-articulo-de-las-licencias-medicas\\\/#breadcrumb\",\"itemListElement\":[{\"@type\":\"ListItem\",\"position\":1,\"name\":\"Portada\",\"item\":\"http:\\\/\\\/cuartetoenlaweb.com.ar\\\/sitio\\\/\"},{\"@type\":\"ListItem\",\"position\":2,\"name\":\"Reforma laboral: el Gobierno anunci\u00f3 que cambiar\u00e1 el art\u00edculo de las licencias m\u00e9dicas\"}]},{\"@type\":\"WebSite\",\"@id\":\"http:\\\/\\\/cuartetoenlaweb.com.ar\\\/sitio\\\/#website\",\"url\":\"http:\\\/\\\/cuartetoenlaweb.com.ar\\\/sitio\\\/\",\"name\":\"Cuarteto en la Web\",\"description\":\"\",\"publisher\":{\"@id\":\"http:\\\/\\\/cuartetoenlaweb.com.ar\\\/sitio\\\/#organization\"},\"potentialAction\":[{\"@type\":\"SearchAction\",\"target\":{\"@type\":\"EntryPoint\",\"urlTemplate\":\"http:\\\/\\\/cuartetoenlaweb.com.ar\\\/sitio\\\/?s={search_term_string}\"},\"query-input\":{\"@type\":\"PropertyValueSpecification\",\"valueRequired\":true,\"valueName\":\"search_term_string\"}}],\"inLanguage\":\"es\"},{\"@type\":\"Organization\",\"@id\":\"http:\\\/\\\/cuartetoenlaweb.com.ar\\\/sitio\\\/#organization\",\"name\":\"Cuarteto en la Web\",\"url\":\"http:\\\/\\\/cuartetoenlaweb.com.ar\\\/sitio\\\/\",\"logo\":{\"@type\":\"ImageObject\",\"inLanguage\":\"es\",\"@id\":\"http:\\\/\\\/cuartetoenlaweb.com.ar\\\/sitio\\\/#\\\/schema\\\/logo\\\/image\\\/\",\"url\":\"https:\\\/\\\/cuartetoenlaweb.com.ar\\\/sitio\\\/wp-content\\\/uploads\\\/2025\\\/07\\\/cropped-cropped-logitoweb21.png\",\"contentUrl\":\"https:\\\/\\\/cuartetoenlaweb.com.ar\\\/sitio\\\/wp-content\\\/uploads\\\/2025\\\/07\\\/cropped-cropped-logitoweb21.png\",\"width\":199,\"height\":199,\"caption\":\"Cuarteto en la Web\"},\"image\":{\"@id\":\"http:\\\/\\\/cuartetoenlaweb.com.ar\\\/sitio\\\/#\\\/schema\\\/logo\\\/image\\\/\"}}]}<\/script>\n<!-- \/ Yoast SEO plugin. -->","yoast_head_json":{"title":"Reforma laboral: el Gobierno anunci\u00f3 que cambiar\u00e1 el art\u00edculo de las licencias m\u00e9dicas - Cuarteto en la Web","robots":{"index":"index","follow":"follow","max-snippet":"max-snippet:-1","max-image-preview":"max-image-preview:large","max-video-preview":"max-video-preview:-1"},"canonical":"https:\/\/cuartetoenlaweb.com.ar\/sitio\/reforma-laboral-el-gobierno-anuncio-que-cambiara-el-articulo-de-las-licencias-medicas\/","og_locale":"es_ES","og_type":"article","og_title":"Reforma laboral: el Gobierno anunci\u00f3 que cambiar\u00e1 el art\u00edculo de las licencias m\u00e9dicas - Cuarteto en la Web","og_description":"Tras el importante paso hacia adelante que dio el Gobierno","og_url":"https:\/\/cuartetoenlaweb.com.ar\/sitio\/reforma-laboral-el-gobierno-anuncio-que-cambiara-el-articulo-de-las-licencias-medicas\/","og_site_name":"Cuarteto en la Web","article_published_time":"2026-02-16T04:00:47+00:00","og_image":[{"url":"https:\/\/www.cronista.com\/resizer\/v2\/TN5MYOJY6VD2BJI66SD6TYQAVM.jpeg?auth=f7302456618ecbf4b032dbffc1844ca05a8fd584adb31546d178f0cdb5b1788f&amp;smart=true&amp;width=2560&amp;height=1707","type":"","width":"","height":""}],"twitter_card":"summary_large_image","twitter_misc":{"Tiempo de lectura":"2 minutos"},"schema":{"@context":"https:\/\/schema.org","@graph":[{"@type":"Article","@id":"https:\/\/cuartetoenlaweb.com.ar\/sitio\/reforma-laboral-el-gobierno-anuncio-que-cambiara-el-articulo-de-las-licencias-medicas\/#article","isPartOf":{"@id":"https:\/\/cuartetoenlaweb.com.ar\/sitio\/reforma-laboral-el-gobierno-anuncio-que-cambiara-el-articulo-de-las-licencias-medicas\/"},"author":{"name":"","@id":""},"headline":"Reforma laboral: el Gobierno anunci\u00f3 que cambiar\u00e1 el art\u00edculo de las licencias m\u00e9dicas","datePublished":"2026-02-16T04:00:47+00:00","mainEntityOfPage":{"@id":"https:\/\/cuartetoenlaweb.com.ar\/sitio\/reforma-laboral-el-gobierno-anuncio-que-cambiara-el-articulo-de-las-licencias-medicas\/"},"wordCount":413,"publisher":{"@id":"http:\/\/cuartetoenlaweb.com.ar\/sitio\/#organization"},"image":{"@id":"https:\/\/cuartetoenlaweb.com.ar\/sitio\/reforma-laboral-el-gobierno-anuncio-que-cambiara-el-articulo-de-las-licencias-medicas\/#primaryimage"},"thumbnailUrl":"https:\/\/www.cronista.com\/resizer\/v2\/TN5MYOJY6VD2BJI66SD6TYQAVM.jpeg?auth=f7302456618ecbf4b032dbffc1844ca05a8fd584adb31546d178f0cdb5b1788f&amp;smart=true&amp;width=2560&amp;height=1707","articleSection":["PAIS"],"inLanguage":"es"},{"@type":"WebPage","@id":"https:\/\/cuartetoenlaweb.com.ar\/sitio\/reforma-laboral-el-gobierno-anuncio-que-cambiara-el-articulo-de-las-licencias-medicas\/","url":"https:\/\/cuartetoenlaweb.com.ar\/sitio\/reforma-laboral-el-gobierno-anuncio-que-cambiara-el-articulo-de-las-licencias-medicas\/","name":"Reforma laboral: el Gobierno anunci\u00f3 que cambiar\u00e1 el art\u00edculo de las licencias m\u00e9dicas - Cuarteto en la Web","isPartOf":{"@id":"http:\/\/cuartetoenlaweb.com.ar\/sitio\/#website"},"primaryImageOfPage":{"@id":"https:\/\/cuartetoenlaweb.com.ar\/sitio\/reforma-laboral-el-gobierno-anuncio-que-cambiara-el-articulo-de-las-licencias-medicas\/#primaryimage"},"image":{"@id":"https:\/\/cuartetoenlaweb.com.ar\/sitio\/reforma-laboral-el-gobierno-anuncio-que-cambiara-el-articulo-de-las-licencias-medicas\/#primaryimage"},"thumbnailUrl":"https:\/\/www.cronista.com\/resizer\/v2\/TN5MYOJY6VD2BJI66SD6TYQAVM.jpeg?auth=f7302456618ecbf4b032dbffc1844ca05a8fd584adb31546d178f0cdb5b1788f&amp;smart=true&amp;width=2560&amp;height=1707","datePublished":"2026-02-16T04:00:47+00:00","breadcrumb":{"@id":"https:\/\/cuartetoenlaweb.com.ar\/sitio\/reforma-laboral-el-gobierno-anuncio-que-cambiara-el-articulo-de-las-licencias-medicas\/#breadcrumb"},"inLanguage":"es","potentialAction":[{"@type":"ReadAction","target":["https:\/\/cuartetoenlaweb.com.ar\/sitio\/reforma-laboral-el-gobierno-anuncio-que-cambiara-el-articulo-de-las-licencias-medicas\/"]}]},{"@type":"ImageObject","inLanguage":"es","@id":"https:\/\/cuartetoenlaweb.com.ar\/sitio\/reforma-laboral-el-gobierno-anuncio-que-cambiara-el-articulo-de-las-licencias-medicas\/#primaryimage","url":"https:\/\/www.cronista.com\/resizer\/v2\/TN5MYOJY6VD2BJI66SD6TYQAVM.jpeg?auth=f7302456618ecbf4b032dbffc1844ca05a8fd584adb31546d178f0cdb5b1788f&amp;smart=true&amp;width=2560&amp;height=1707","contentUrl":"https:\/\/www.cronista.com\/resizer\/v2\/TN5MYOJY6VD2BJI66SD6TYQAVM.jpeg?auth=f7302456618ecbf4b032dbffc1844ca05a8fd584adb31546d178f0cdb5b1788f&amp;smart=true&amp;width=2560&amp;height=1707"},{"@type":"BreadcrumbList","@id":"https:\/\/cuartetoenlaweb.com.ar\/sitio\/reforma-laboral-el-gobierno-anuncio-que-cambiara-el-articulo-de-las-licencias-medicas\/#breadcrumb","itemListElement":[{"@type":"ListItem","position":1,"name":"Portada","item":"http:\/\/cuartetoenlaweb.com.ar\/sitio\/"},{"@type":"ListItem","position":2,"name":"Reforma laboral: el Gobierno anunci\u00f3 que cambiar\u00e1 el art\u00edculo de las licencias m\u00e9dicas"}]},{"@type":"WebSite","@id":"http:\/\/cuartetoenlaweb.com.ar\/sitio\/#website","url":"http:\/\/cuartetoenlaweb.com.ar\/sitio\/","name":"Cuarteto en la Web","description":"","publisher":{"@id":"http:\/\/cuartetoenlaweb.com.ar\/sitio\/#organization"},"potentialAction":[{"@type":"SearchAction","target":{"@type":"EntryPoint","urlTemplate":"http:\/\/cuartetoenlaweb.com.ar\/sitio\/?s={search_term_string}"},"query-input":{"@type":"PropertyValueSpecification","valueRequired":true,"valueName":"search_term_string"}}],"inLanguage":"es"},{"@type":"Organization","@id":"http:\/\/cuartetoenlaweb.com.ar\/sitio\/#organization","name":"Cuarteto en la Web","url":"http:\/\/cuartetoenlaweb.com.ar\/sitio\/","logo":{"@type":"ImageObject","inLanguage":"es","@id":"http:\/\/cuartetoenlaweb.com.ar\/sitio\/#\/schema\/logo\/image\/","url":"https:\/\/cuartetoenlaweb.com.ar\/sitio\/wp-content\/uploads\/2025\/07\/cropped-cropped-logitoweb21.png","contentUrl":"https:\/\/cuartetoenlaweb.com.ar\/sitio\/wp-content\/uploads\/2025\/07\/cropped-cropped-logitoweb21.png","width":199,"height":199,"caption":"Cuarteto en la Web"},"image":{"@id":"http:\/\/cuartetoenlaweb.com.ar\/sitio\/#\/schema\/logo\/image\/"}}]}},"_links":{"self":[{"href":"https:\/\/cuartetoenlaweb.com.ar\/sitio\/wp-json\/wp\/v2\/posts\/11797","targetHints":{"allow":["GET"]}}],"collection":[{"href":"https:\/\/cuartetoenlaweb.com.ar\/sitio\/wp-json\/wp\/v2\/posts"}],"about":[{"href":"https:\/\/cuartetoenlaweb.com.ar\/sitio\/wp-json\/wp\/v2\/types\/post"}],"replies":[{"embeddable":true,"href":"https:\/\/cuartetoenlaweb.com.ar\/sitio\/wp-json\/wp\/v2\/comments?post=11797"}],"version-history":[{"count":0,"href":"https:\/\/cuartetoenlaweb.com.ar\/sitio\/wp-json\/wp\/v2\/posts\/11797\/revisions"}],"wp:attachment":[{"href":"https:\/\/cuartetoenlaweb.com.ar\/sitio\/wp-json\/wp\/v2\/media?parent=11797"}],"wp:term":[{"taxonomy":"category","embeddable":true,"href":"https:\/\/cuartetoenlaweb.com.ar\/sitio\/wp-json\/wp\/v2\/categories?post=11797"},{"taxonomy":"post_tag","embeddable":true,"href":"https:\/\/cuartetoenlaweb.com.ar\/sitio\/wp-json\/wp\/v2\/tags?post=11797"}],"curies":[{"name":"wp","href":"https:\/\/api.w.org\/{rel}","templated":true}]}}