
{"id":11785,"date":"2026-02-16T01:00:27","date_gmt":"2026-02-16T04:00:27","guid":{"rendered":"https:\/\/cuartetoenlaweb.com.ar\/sitio\/como-le-fue-alarcon-en-su-regreso-a-la-titularidad-el-1x1-de-instituto-en-el-2-0-a-central-cordoba\/"},"modified":"2026-02-16T01:00:27","modified_gmt":"2026-02-16T04:00:27","slug":"como-le-fue-alarcon-en-su-regreso-a-la-titularidad-el-1x1-de-instituto-en-el-2-0-a-central-cordoba","status":"publish","type":"post","link":"https:\/\/cuartetoenlaweb.com.ar\/sitio\/como-le-fue-alarcon-en-su-regreso-a-la-titularidad-el-1x1-de-instituto-en-el-2-0-a-central-cordoba\/","title":{"rendered":"C\u00f3mo le fue Alarc\u00f3n en su regreso a la titularidad: el 1&#215;1 de Instituto en el 2-0 a Central C\u00f3rdoba"},"content":{"rendered":"<p>En el inicio del ciclo de Diego Flores, <a href=\"https:\/\/www.lavoz.com.ar\/deportes\/futbol\/matias-fonseca-y-la-noche-en-que-rompio-el-hechizo-en-instituto-hizo-el-1-0-ante-central-cordoba\/\" target=\"_self\" rel=\"\" title=\"https:\/\/www.lavoz.com.ar\/deportes\/futbol\/matias-fonseca-y-la-noche-en-que-rompio-el-hechizo-en-instituto-hizo-el-1-0-ante-central-cordoba\/\">Instituto <\/a>mostr\u00f3 s\u00f3lido y logr\u00f3 el primer triunfo de la temporada. Se puso r\u00e1pido en ventaja ante Central C\u00f3rdoba de Santiago del Estero, ampli\u00f3 la diferencia antes del descanso y luego administr\u00f3 el <a href=\"https:\/\/www.lavoz.com.ar\/deportes\/futbol\/instituto-logro-su-primer-triunfo-en-2026-las-claves-del-2-0-a-central-cordoba\/\" target=\"_self\" rel=\"\" title=\"https:\/\/www.lavoz.com.ar\/deportes\/futbol\/instituto-logro-su-primer-triunfo-en-2026-las-claves-del-2-0-a-central-cordoba\/\">2\u20130 con calma<\/a>. Estos son los puntajes de <a href=\"https:\/\/www.lavoz.com.ar\/deportes\/futbol\/tecnico-que-debuta-gana-instituto-vencio-2-0-a-central-cordoba-en-el-estreno-de-diego-flores\/\" target=\"_self\" rel=\"\" title=\"https:\/\/www.lavoz.com.ar\/deportes\/futbol\/tecnico-que-debuta-gana-instituto-vencio-2-0-a-central-cordoba-en-el-estreno-de-diego-flores\/\"><i>La Voz<\/i><\/a>.<\/p>\n<p><b>MANUEL ROFFO (6).<\/b> Casi no tuvo trabajo. S\u00f3lo una salida fuera del \u00e1rea en el complemento.<\/p>\n<p><b>LEONEL MOSEVICH (7).<\/b> Buen manejo de la l\u00ednea de tres y cerr\u00f3 bien varias jugadas. Michael Santos puede dar fe.<\/p>\n<p><b>FERNANDO ALARC\u00d3N (7).<\/b> Buen regreso. Atento y simple. Anticip\u00f3 con claridad. Estuvo cerca de marcar: su palomita sali\u00f3 alta cuando estaba solo.<\/p>\n<p><img loading=\"lazy\" decoding=\"async\" src=\"https:\/\/www.lavoz.com.ar\/resizer\/XOsBtECbj4naEJpIL6mntgV2uOI=\/cloudfront-us-east-1.images.arcpublishing.com\/grupoclarin\/OGP6RGRKEBBFTHJ4RHYG725Q6I.jpeg\" alt=\"Instituto recibi\u00f3 a Central C\u00f3rdoba en el Monumental. Diego Alarc\u00f3n, defensor. (Prensa Instituto)\" height=\"1600\" width=\"1279\" \/><\/p>\n<p><b>JONATHAN GALV\u00c1N (6).<\/b> Expeditivo y firme. Recibi\u00f3 una amarilla innecesaria que lo condicion\u00f3 en la media hora final.<\/p>\n<p><b>GIULIANO CERATO (6).<\/b> Subi\u00f3 con criterio y mejor\u00f3 en la marca.<\/p>\n<p><b>GUSTAVO ABREG\u00da (7).<\/b> Patr\u00f3n del medio campo. Una de las figuras del partido.<\/p>\n<p><b>DIEGO SOSA (6).<\/b> Dio una asistencia y estrell\u00f3 un remate en el travesa\u00f1o. Otra soluci\u00f3n por la izquierda.<\/p>\n<p><b>GAST\u00d3N LODICO (5).<\/b> Corri\u00f3 m\u00e1s de lo que jug\u00f3. Por eso, Instituto no ampli\u00f3 la diferencia.<\/p>\n<p><b>JHON C\u00d3RDOBA (7).<\/b> Particip\u00f3 del 1\u20130 y de varios ataques serios. Seguro en el mano a mano. R\u00e1pido y profundo. Le falt\u00f3 precisi\u00f3n en la \u00faltima entrega.<\/p>\n<p><b>MAT\u00cdAS FONSECA (6).<\/b> Marc\u00f3 el 1\u20130 y le cometieron un penal no sancionado. Oportuno.<\/p>\n<\/p>\n<p><b>ALEX LUNA (6).<\/b> Directo, a un toque. Convirti\u00f3 el 2\u20130.<\/p>\n<\/p>\n<p><b>LUCA RAFAELLI (6).<\/b> Entr\u00f3 por Fonseca. Le cost\u00f3 conectarse al inicio, pero encar\u00f3 bien al final.<\/p>\n<p><b>JON\u00c1S ACEVEDO.<\/b> Entr\u00f3 para reforzar la cobertura por la banda izquierda.<\/p>\n<p><b>JUAN M\u00c9NDEZ.<\/b> Relev\u00f3 a Lodico. Cumpli\u00f3.<\/p>\n<p><b>NICOL\u00c1S GUERRA.<\/b> Tuvo el tercero apenas ingres\u00f3 y lo desperdici\u00f3.<\/p>\n<p><b>HERN\u00c1N DE LA FUENTE.<\/b> Jug\u00f3 pocos minutos. Se ubic\u00f3 por derecha.<\/p>\n","protected":false},"excerpt":{"rendered":"<p>En el inicio del ciclo de Diego Flores, Instituto mostr\u00f3<\/p>\n","protected":false},"author":0,"featured_media":11786,"comment_status":"","ping_status":"","sticky":false,"template":"","format":"standard","meta":{"footnotes":""},"categories":[65],"tags":[],"class_list":["post-11785","post","type-post","status-publish","format-standard","has-post-thumbnail","hentry","category-pais"],"yoast_head":"<!-- This site is optimized with the Yoast SEO plugin v27.5 - https:\/\/yoast.com\/product\/yoast-seo-wordpress\/ -->\n<title>C\u00f3mo le fue Alarc\u00f3n en su regreso a la titularidad: el 1x1 de Instituto en el 2-0 a Central C\u00f3rdoba - Cuarteto en la Web<\/title>\n<meta name=\"robots\" content=\"index, follow, max-snippet:-1, max-image-preview:large, max-video-preview:-1\" \/>\n<link rel=\"canonical\" href=\"https:\/\/cuartetoenlaweb.com.ar\/sitio\/como-le-fue-alarcon-en-su-regreso-a-la-titularidad-el-1x1-de-instituto-en-el-2-0-a-central-cordoba\/\" \/>\n<meta property=\"og:locale\" content=\"es_ES\" \/>\n<meta property=\"og:type\" content=\"article\" \/>\n<meta property=\"og:title\" content=\"C\u00f3mo le fue Alarc\u00f3n en su regreso a la titularidad: el 1x1 de Instituto en el 2-0 a Central C\u00f3rdoba - Cuarteto en la Web\" \/>\n<meta property=\"og:description\" content=\"En el inicio del ciclo de Diego Flores, Instituto mostr\u00f3\" \/>\n<meta property=\"og:url\" content=\"https:\/\/cuartetoenlaweb.com.ar\/sitio\/como-le-fue-alarcon-en-su-regreso-a-la-titularidad-el-1x1-de-instituto-en-el-2-0-a-central-cordoba\/\" \/>\n<meta property=\"og:site_name\" content=\"Cuarteto en la Web\" \/>\n<meta property=\"article:published_time\" content=\"2026-02-16T04:00:27+00:00\" \/>\n<meta property=\"og:image\" content=\"https:\/\/cuartetoenlaweb.com.ar\/sitio\/wp-content\/uploads\/2026\/02\/2UBHAVJCG5GZTJH47ZMLLCLZIE.jpg\" \/>\n\t<meta property=\"og:image:width\" content=\"1300\" \/>\n\t<meta property=\"og:image:height\" content=\"867\" \/>\n\t<meta property=\"og:image:type\" content=\"image\/jpeg\" \/>\n<meta name=\"twitter:card\" content=\"summary_large_image\" \/>\n<meta name=\"twitter:label1\" content=\"Tiempo de lectura\" \/>\n\t<meta name=\"twitter:data1\" content=\"1 minuto\" \/>\n<script type=\"application\/ld+json\" class=\"yoast-schema-graph\">{\"@context\":\"https:\\\/\\\/schema.org\",\"@graph\":[{\"@type\":\"Article\",\"@id\":\"https:\\\/\\\/cuartetoenlaweb.com.ar\\\/sitio\\\/como-le-fue-alarcon-en-su-regreso-a-la-titularidad-el-1x1-de-instituto-en-el-2-0-a-central-cordoba\\\/#article\",\"isPartOf\":{\"@id\":\"https:\\\/\\\/cuartetoenlaweb.com.ar\\\/sitio\\\/como-le-fue-alarcon-en-su-regreso-a-la-titularidad-el-1x1-de-instituto-en-el-2-0-a-central-cordoba\\\/\"},\"author\":{\"name\":\"\",\"@id\":\"\"},\"headline\":\"C\u00f3mo le fue Alarc\u00f3n en su regreso a la titularidad: el 1&#215;1 de Instituto en el 2-0 a Central C\u00f3rdoba\",\"datePublished\":\"2026-02-16T04:00:27+00:00\",\"mainEntityOfPage\":{\"@id\":\"https:\\\/\\\/cuartetoenlaweb.com.ar\\\/sitio\\\/como-le-fue-alarcon-en-su-regreso-a-la-titularidad-el-1x1-de-instituto-en-el-2-0-a-central-cordoba\\\/\"},\"wordCount\":317,\"publisher\":{\"@id\":\"http:\\\/\\\/cuartetoenlaweb.com.ar\\\/sitio\\\/#organization\"},\"image\":{\"@id\":\"https:\\\/\\\/cuartetoenlaweb.com.ar\\\/sitio\\\/como-le-fue-alarcon-en-su-regreso-a-la-titularidad-el-1x1-de-instituto-en-el-2-0-a-central-cordoba\\\/#primaryimage\"},\"thumbnailUrl\":\"https:\\\/\\\/cuartetoenlaweb.com.ar\\\/sitio\\\/wp-content\\\/uploads\\\/2026\\\/02\\\/2UBHAVJCG5GZTJH47ZMLLCLZIE.jpg\",\"articleSection\":[\"PAIS\"],\"inLanguage\":\"es\"},{\"@type\":\"WebPage\",\"@id\":\"https:\\\/\\\/cuartetoenlaweb.com.ar\\\/sitio\\\/como-le-fue-alarcon-en-su-regreso-a-la-titularidad-el-1x1-de-instituto-en-el-2-0-a-central-cordoba\\\/\",\"url\":\"https:\\\/\\\/cuartetoenlaweb.com.ar\\\/sitio\\\/como-le-fue-alarcon-en-su-regreso-a-la-titularidad-el-1x1-de-instituto-en-el-2-0-a-central-cordoba\\\/\",\"name\":\"C\u00f3mo le fue Alarc\u00f3n en su regreso a la titularidad: el 1x1 de Instituto en el 2-0 a Central C\u00f3rdoba - Cuarteto en la Web\",\"isPartOf\":{\"@id\":\"http:\\\/\\\/cuartetoenlaweb.com.ar\\\/sitio\\\/#website\"},\"primaryImageOfPage\":{\"@id\":\"https:\\\/\\\/cuartetoenlaweb.com.ar\\\/sitio\\\/como-le-fue-alarcon-en-su-regreso-a-la-titularidad-el-1x1-de-instituto-en-el-2-0-a-central-cordoba\\\/#primaryimage\"},\"image\":{\"@id\":\"https:\\\/\\\/cuartetoenlaweb.com.ar\\\/sitio\\\/como-le-fue-alarcon-en-su-regreso-a-la-titularidad-el-1x1-de-instituto-en-el-2-0-a-central-cordoba\\\/#primaryimage\"},\"thumbnailUrl\":\"https:\\\/\\\/cuartetoenlaweb.com.ar\\\/sitio\\\/wp-content\\\/uploads\\\/2026\\\/02\\\/2UBHAVJCG5GZTJH47ZMLLCLZIE.jpg\",\"datePublished\":\"2026-02-16T04:00:27+00:00\",\"breadcrumb\":{\"@id\":\"https:\\\/\\\/cuartetoenlaweb.com.ar\\\/sitio\\\/como-le-fue-alarcon-en-su-regreso-a-la-titularidad-el-1x1-de-instituto-en-el-2-0-a-central-cordoba\\\/#breadcrumb\"},\"inLanguage\":\"es\",\"potentialAction\":[{\"@type\":\"ReadAction\",\"target\":[\"https:\\\/\\\/cuartetoenlaweb.com.ar\\\/sitio\\\/como-le-fue-alarcon-en-su-regreso-a-la-titularidad-el-1x1-de-instituto-en-el-2-0-a-central-cordoba\\\/\"]}]},{\"@type\":\"ImageObject\",\"inLanguage\":\"es\",\"@id\":\"https:\\\/\\\/cuartetoenlaweb.com.ar\\\/sitio\\\/como-le-fue-alarcon-en-su-regreso-a-la-titularidad-el-1x1-de-instituto-en-el-2-0-a-central-cordoba\\\/#primaryimage\",\"url\":\"https:\\\/\\\/cuartetoenlaweb.com.ar\\\/sitio\\\/wp-content\\\/uploads\\\/2026\\\/02\\\/2UBHAVJCG5GZTJH47ZMLLCLZIE.jpg\",\"contentUrl\":\"https:\\\/\\\/cuartetoenlaweb.com.ar\\\/sitio\\\/wp-content\\\/uploads\\\/2026\\\/02\\\/2UBHAVJCG5GZTJH47ZMLLCLZIE.jpg\",\"width\":1300,\"height\":867},{\"@type\":\"BreadcrumbList\",\"@id\":\"https:\\\/\\\/cuartetoenlaweb.com.ar\\\/sitio\\\/como-le-fue-alarcon-en-su-regreso-a-la-titularidad-el-1x1-de-instituto-en-el-2-0-a-central-cordoba\\\/#breadcrumb\",\"itemListElement\":[{\"@type\":\"ListItem\",\"position\":1,\"name\":\"Portada\",\"item\":\"http:\\\/\\\/cuartetoenlaweb.com.ar\\\/sitio\\\/\"},{\"@type\":\"ListItem\",\"position\":2,\"name\":\"C\u00f3mo le fue Alarc\u00f3n en su regreso a la titularidad: el 1&#215;1 de Instituto en el 2-0 a Central C\u00f3rdoba\"}]},{\"@type\":\"WebSite\",\"@id\":\"http:\\\/\\\/cuartetoenlaweb.com.ar\\\/sitio\\\/#website\",\"url\":\"http:\\\/\\\/cuartetoenlaweb.com.ar\\\/sitio\\\/\",\"name\":\"Cuarteto en la Web\",\"description\":\"\",\"publisher\":{\"@id\":\"http:\\\/\\\/cuartetoenlaweb.com.ar\\\/sitio\\\/#organization\"},\"potentialAction\":[{\"@type\":\"SearchAction\",\"target\":{\"@type\":\"EntryPoint\",\"urlTemplate\":\"http:\\\/\\\/cuartetoenlaweb.com.ar\\\/sitio\\\/?s={search_term_string}\"},\"query-input\":{\"@type\":\"PropertyValueSpecification\",\"valueRequired\":true,\"valueName\":\"search_term_string\"}}],\"inLanguage\":\"es\"},{\"@type\":\"Organization\",\"@id\":\"http:\\\/\\\/cuartetoenlaweb.com.ar\\\/sitio\\\/#organization\",\"name\":\"Cuarteto en la Web\",\"url\":\"http:\\\/\\\/cuartetoenlaweb.com.ar\\\/sitio\\\/\",\"logo\":{\"@type\":\"ImageObject\",\"inLanguage\":\"es\",\"@id\":\"http:\\\/\\\/cuartetoenlaweb.com.ar\\\/sitio\\\/#\\\/schema\\\/logo\\\/image\\\/\",\"url\":\"https:\\\/\\\/cuartetoenlaweb.com.ar\\\/sitio\\\/wp-content\\\/uploads\\\/2025\\\/07\\\/cropped-cropped-logitoweb21.png\",\"contentUrl\":\"https:\\\/\\\/cuartetoenlaweb.com.ar\\\/sitio\\\/wp-content\\\/uploads\\\/2025\\\/07\\\/cropped-cropped-logitoweb21.png\",\"width\":199,\"height\":199,\"caption\":\"Cuarteto en la Web\"},\"image\":{\"@id\":\"http:\\\/\\\/cuartetoenlaweb.com.ar\\\/sitio\\\/#\\\/schema\\\/logo\\\/image\\\/\"}}]}<\/script>\n<!-- \/ Yoast SEO plugin. -->","yoast_head_json":{"title":"C\u00f3mo le fue Alarc\u00f3n en su regreso a la titularidad: el 1x1 de Instituto en el 2-0 a Central C\u00f3rdoba - Cuarteto en la Web","robots":{"index":"index","follow":"follow","max-snippet":"max-snippet:-1","max-image-preview":"max-image-preview:large","max-video-preview":"max-video-preview:-1"},"canonical":"https:\/\/cuartetoenlaweb.com.ar\/sitio\/como-le-fue-alarcon-en-su-regreso-a-la-titularidad-el-1x1-de-instituto-en-el-2-0-a-central-cordoba\/","og_locale":"es_ES","og_type":"article","og_title":"C\u00f3mo le fue Alarc\u00f3n en su regreso a la titularidad: el 1x1 de Instituto en el 2-0 a Central C\u00f3rdoba - Cuarteto en la Web","og_description":"En el inicio del ciclo de Diego Flores, Instituto mostr\u00f3","og_url":"https:\/\/cuartetoenlaweb.com.ar\/sitio\/como-le-fue-alarcon-en-su-regreso-a-la-titularidad-el-1x1-de-instituto-en-el-2-0-a-central-cordoba\/","og_site_name":"Cuarteto en la Web","article_published_time":"2026-02-16T04:00:27+00:00","og_image":[{"width":1300,"height":867,"url":"https:\/\/cuartetoenlaweb.com.ar\/sitio\/wp-content\/uploads\/2026\/02\/2UBHAVJCG5GZTJH47ZMLLCLZIE.jpg","type":"image\/jpeg"}],"twitter_card":"summary_large_image","twitter_misc":{"Tiempo de lectura":"1 minuto"},"schema":{"@context":"https:\/\/schema.org","@graph":[{"@type":"Article","@id":"https:\/\/cuartetoenlaweb.com.ar\/sitio\/como-le-fue-alarcon-en-su-regreso-a-la-titularidad-el-1x1-de-instituto-en-el-2-0-a-central-cordoba\/#article","isPartOf":{"@id":"https:\/\/cuartetoenlaweb.com.ar\/sitio\/como-le-fue-alarcon-en-su-regreso-a-la-titularidad-el-1x1-de-instituto-en-el-2-0-a-central-cordoba\/"},"author":{"name":"","@id":""},"headline":"C\u00f3mo le fue Alarc\u00f3n en su regreso a la titularidad: el 1&#215;1 de Instituto en el 2-0 a Central C\u00f3rdoba","datePublished":"2026-02-16T04:00:27+00:00","mainEntityOfPage":{"@id":"https:\/\/cuartetoenlaweb.com.ar\/sitio\/como-le-fue-alarcon-en-su-regreso-a-la-titularidad-el-1x1-de-instituto-en-el-2-0-a-central-cordoba\/"},"wordCount":317,"publisher":{"@id":"http:\/\/cuartetoenlaweb.com.ar\/sitio\/#organization"},"image":{"@id":"https:\/\/cuartetoenlaweb.com.ar\/sitio\/como-le-fue-alarcon-en-su-regreso-a-la-titularidad-el-1x1-de-instituto-en-el-2-0-a-central-cordoba\/#primaryimage"},"thumbnailUrl":"https:\/\/cuartetoenlaweb.com.ar\/sitio\/wp-content\/uploads\/2026\/02\/2UBHAVJCG5GZTJH47ZMLLCLZIE.jpg","articleSection":["PAIS"],"inLanguage":"es"},{"@type":"WebPage","@id":"https:\/\/cuartetoenlaweb.com.ar\/sitio\/como-le-fue-alarcon-en-su-regreso-a-la-titularidad-el-1x1-de-instituto-en-el-2-0-a-central-cordoba\/","url":"https:\/\/cuartetoenlaweb.com.ar\/sitio\/como-le-fue-alarcon-en-su-regreso-a-la-titularidad-el-1x1-de-instituto-en-el-2-0-a-central-cordoba\/","name":"C\u00f3mo le fue Alarc\u00f3n en su regreso a la titularidad: el 1x1 de Instituto en el 2-0 a Central C\u00f3rdoba - Cuarteto en la Web","isPartOf":{"@id":"http:\/\/cuartetoenlaweb.com.ar\/sitio\/#website"},"primaryImageOfPage":{"@id":"https:\/\/cuartetoenlaweb.com.ar\/sitio\/como-le-fue-alarcon-en-su-regreso-a-la-titularidad-el-1x1-de-instituto-en-el-2-0-a-central-cordoba\/#primaryimage"},"image":{"@id":"https:\/\/cuartetoenlaweb.com.ar\/sitio\/como-le-fue-alarcon-en-su-regreso-a-la-titularidad-el-1x1-de-instituto-en-el-2-0-a-central-cordoba\/#primaryimage"},"thumbnailUrl":"https:\/\/cuartetoenlaweb.com.ar\/sitio\/wp-content\/uploads\/2026\/02\/2UBHAVJCG5GZTJH47ZMLLCLZIE.jpg","datePublished":"2026-02-16T04:00:27+00:00","breadcrumb":{"@id":"https:\/\/cuartetoenlaweb.com.ar\/sitio\/como-le-fue-alarcon-en-su-regreso-a-la-titularidad-el-1x1-de-instituto-en-el-2-0-a-central-cordoba\/#breadcrumb"},"inLanguage":"es","potentialAction":[{"@type":"ReadAction","target":["https:\/\/cuartetoenlaweb.com.ar\/sitio\/como-le-fue-alarcon-en-su-regreso-a-la-titularidad-el-1x1-de-instituto-en-el-2-0-a-central-cordoba\/"]}]},{"@type":"ImageObject","inLanguage":"es","@id":"https:\/\/cuartetoenlaweb.com.ar\/sitio\/como-le-fue-alarcon-en-su-regreso-a-la-titularidad-el-1x1-de-instituto-en-el-2-0-a-central-cordoba\/#primaryimage","url":"https:\/\/cuartetoenlaweb.com.ar\/sitio\/wp-content\/uploads\/2026\/02\/2UBHAVJCG5GZTJH47ZMLLCLZIE.jpg","contentUrl":"https:\/\/cuartetoenlaweb.com.ar\/sitio\/wp-content\/uploads\/2026\/02\/2UBHAVJCG5GZTJH47ZMLLCLZIE.jpg","width":1300,"height":867},{"@type":"BreadcrumbList","@id":"https:\/\/cuartetoenlaweb.com.ar\/sitio\/como-le-fue-alarcon-en-su-regreso-a-la-titularidad-el-1x1-de-instituto-en-el-2-0-a-central-cordoba\/#breadcrumb","itemListElement":[{"@type":"ListItem","position":1,"name":"Portada","item":"http:\/\/cuartetoenlaweb.com.ar\/sitio\/"},{"@type":"ListItem","position":2,"name":"C\u00f3mo le fue Alarc\u00f3n en su regreso a la titularidad: el 1&#215;1 de Instituto en el 2-0 a Central C\u00f3rdoba"}]},{"@type":"WebSite","@id":"http:\/\/cuartetoenlaweb.com.ar\/sitio\/#website","url":"http:\/\/cuartetoenlaweb.com.ar\/sitio\/","name":"Cuarteto en la Web","description":"","publisher":{"@id":"http:\/\/cuartetoenlaweb.com.ar\/sitio\/#organization"},"potentialAction":[{"@type":"SearchAction","target":{"@type":"EntryPoint","urlTemplate":"http:\/\/cuartetoenlaweb.com.ar\/sitio\/?s={search_term_string}"},"query-input":{"@type":"PropertyValueSpecification","valueRequired":true,"valueName":"search_term_string"}}],"inLanguage":"es"},{"@type":"Organization","@id":"http:\/\/cuartetoenlaweb.com.ar\/sitio\/#organization","name":"Cuarteto en la Web","url":"http:\/\/cuartetoenlaweb.com.ar\/sitio\/","logo":{"@type":"ImageObject","inLanguage":"es","@id":"http:\/\/cuartetoenlaweb.com.ar\/sitio\/#\/schema\/logo\/image\/","url":"https:\/\/cuartetoenlaweb.com.ar\/sitio\/wp-content\/uploads\/2025\/07\/cropped-cropped-logitoweb21.png","contentUrl":"https:\/\/cuartetoenlaweb.com.ar\/sitio\/wp-content\/uploads\/2025\/07\/cropped-cropped-logitoweb21.png","width":199,"height":199,"caption":"Cuarteto en la Web"},"image":{"@id":"http:\/\/cuartetoenlaweb.com.ar\/sitio\/#\/schema\/logo\/image\/"}}]}},"_links":{"self":[{"href":"https:\/\/cuartetoenlaweb.com.ar\/sitio\/wp-json\/wp\/v2\/posts\/11785","targetHints":{"allow":["GET"]}}],"collection":[{"href":"https:\/\/cuartetoenlaweb.com.ar\/sitio\/wp-json\/wp\/v2\/posts"}],"about":[{"href":"https:\/\/cuartetoenlaweb.com.ar\/sitio\/wp-json\/wp\/v2\/types\/post"}],"replies":[{"embeddable":true,"href":"https:\/\/cuartetoenlaweb.com.ar\/sitio\/wp-json\/wp\/v2\/comments?post=11785"}],"version-history":[{"count":0,"href":"https:\/\/cuartetoenlaweb.com.ar\/sitio\/wp-json\/wp\/v2\/posts\/11785\/revisions"}],"wp:featuredmedia":[{"embeddable":true,"href":"https:\/\/cuartetoenlaweb.com.ar\/sitio\/wp-json\/wp\/v2\/media\/11786"}],"wp:attachment":[{"href":"https:\/\/cuartetoenlaweb.com.ar\/sitio\/wp-json\/wp\/v2\/media?parent=11785"}],"wp:term":[{"taxonomy":"category","embeddable":true,"href":"https:\/\/cuartetoenlaweb.com.ar\/sitio\/wp-json\/wp\/v2\/categories?post=11785"},{"taxonomy":"post_tag","embeddable":true,"href":"https:\/\/cuartetoenlaweb.com.ar\/sitio\/wp-json\/wp\/v2\/tags?post=11785"}],"curies":[{"name":"wp","href":"https:\/\/api.w.org\/{rel}","templated":true}]}}