
{"id":11783,"date":"2026-02-16T01:00:21","date_gmt":"2026-02-16T04:00:21","guid":{"rendered":"https:\/\/cuartetoenlaweb.com.ar\/sitio\/despues-de-ganarle-a-central-cordoba-como-quedo-instituto-en-la-tabla-y-cuando-vuelve-a-jugar\/"},"modified":"2026-02-16T01:00:21","modified_gmt":"2026-02-16T04:00:21","slug":"despues-de-ganarle-a-central-cordoba-como-quedo-instituto-en-la-tabla-y-cuando-vuelve-a-jugar","status":"publish","type":"post","link":"https:\/\/cuartetoenlaweb.com.ar\/sitio\/despues-de-ganarle-a-central-cordoba-como-quedo-instituto-en-la-tabla-y-cuando-vuelve-a-jugar\/","title":{"rendered":"Despu\u00e9s de ganarle a Central C\u00f3rdoba, c\u00f3mo qued\u00f3 Instituto en la tabla y cu\u00e1ndo vuelve a jugar"},"content":{"rendered":"<p>Luego de lo que fue <a href=\"https:\/\/www.lavoz.com.ar\/deportes\/futbol\/tecnico-que-debuta-gana-instituto-vencio-2-0-a-central-cordoba-en-el-estreno-de-diego-flores\/\" target=\"_self\" rel=\"\" title=\"https:\/\/www.lavoz.com.ar\/deportes\/futbol\/tecnico-que-debuta-gana-instituto-vencio-2-0-a-central-cordoba-en-el-estreno-de-diego-flores\/\">el 2-0 a Central C\u00f3rdoba<\/a> de Santiago del Estero, ahora en <a href=\"https:\/\/www.lavoz.com.ar\/deportes\/futbol\/como-le-fue-alarcon-en-su-regreso-a-la-titularidad-el-1x1-de-instituto-en-el-2-0-a-central-cordoba\/\" target=\"_self\" rel=\"\" title=\"https:\/\/www.lavoz.com.ar\/deportes\/futbol\/como-le-fue-alarcon-en-su-regreso-a-la-titularidad-el-1x1-de-instituto-en-el-2-0-a-central-cordoba\/\">Instituto <\/a>ponen el foco en lo que viene. Con este resultado, los albirrojos llegaron a los cuatro puntos, los mismos que su rival. El l\u00edder de la zona es V\u00e9lez, con 11.<\/p>\n<p>Sin tiempo para descansar, el cuerpo t\u00e9cnico que comanda Diego Flores ordenar\u00e1 este lunes una pr\u00e1ctica con tareas regenerativas para los que sumaron varios minutos y m\u00e1s exigentes para el resto.<\/p>\n<p>El foco estar\u00e1 puesto en el partido de este jueves a las 19.30 ante Atl\u00e9tico de Tucum\u00e1n en el Monumental de Alta C\u00f3rdoba. <\/p>\n<p>La Gloria volver\u00e1 a jugar ante su gente buscando un triunfo que le permita recuperar terreno. <\/p>\n<p>Los tucumanos vienen de golear por 4 a 0 a Estudiantes de R\u00edo Cuarto en lo que fue su primer triunfo en el torneo. <\/p>\n<p>Para recibir a los tucumanos la Gloria no podr\u00e1 contar con el delantero Franco Jara, ausente tambi\u00e9n ante Central C\u00f3rdoba por una tendinopat\u00eda en el tend\u00f3n de Aquiles.<\/p>\n<p>Tampoco estar\u00eda Luca Klimowicz, afectado por un cuadro de lumbalgia. <\/p>\n<p>Misma situaci\u00f3n para el volante Franco Moyano, que tampoco estuvo ante los santiague\u00f1os por una lesi\u00f3n muscular en el isquiotibial del muslo izquierdo.<\/p>\n<p>Tras este encuentro luego Instituto deber\u00e1 visitar a San Lorenzo el martes 24 desde las 18 en el Nuevo Gas\u00f3metro.<\/p>\n<p>Luego recibir\u00e1 a Uni\u00f3n de Santa Fe el domingo 1\u00b0 de marzo desde las 19.15.<\/p>\n<p>Una seguidilla exigente en la cual la Gloria deber\u00e1 sumar lo m\u00e1ximo posible para enderezar r\u00e1pido el rumbo. <\/p>\n<h2>Las estad\u00edsticas de la Liga Profesional<\/h2>\n<\/p><\/p>\n","protected":false},"excerpt":{"rendered":"<p>Luego de lo que fue el 2-0 a Central C\u00f3rdoba<\/p>\n","protected":false},"author":0,"featured_media":11784,"comment_status":"","ping_status":"","sticky":false,"template":"","format":"standard","meta":{"footnotes":""},"categories":[65],"tags":[],"class_list":["post-11783","post","type-post","status-publish","format-standard","has-post-thumbnail","hentry","category-pais"],"yoast_head":"<!-- This site is optimized with the Yoast SEO plugin v27.5 - https:\/\/yoast.com\/product\/yoast-seo-wordpress\/ -->\n<title>Despu\u00e9s de ganarle a Central C\u00f3rdoba, c\u00f3mo qued\u00f3 Instituto en la tabla y cu\u00e1ndo vuelve a jugar - Cuarteto en la Web<\/title>\n<meta name=\"robots\" content=\"index, follow, max-snippet:-1, max-image-preview:large, max-video-preview:-1\" \/>\n<link rel=\"canonical\" href=\"https:\/\/cuartetoenlaweb.com.ar\/sitio\/despues-de-ganarle-a-central-cordoba-como-quedo-instituto-en-la-tabla-y-cuando-vuelve-a-jugar\/\" \/>\n<meta property=\"og:locale\" content=\"es_ES\" \/>\n<meta property=\"og:type\" content=\"article\" \/>\n<meta property=\"og:title\" content=\"Despu\u00e9s de ganarle a Central C\u00f3rdoba, c\u00f3mo qued\u00f3 Instituto en la tabla y cu\u00e1ndo vuelve a jugar - Cuarteto en la Web\" \/>\n<meta property=\"og:description\" content=\"Luego de lo que fue el 2-0 a Central C\u00f3rdoba\" \/>\n<meta property=\"og:url\" content=\"https:\/\/cuartetoenlaweb.com.ar\/sitio\/despues-de-ganarle-a-central-cordoba-como-quedo-instituto-en-la-tabla-y-cuando-vuelve-a-jugar\/\" \/>\n<meta property=\"og:site_name\" content=\"Cuarteto en la Web\" \/>\n<meta property=\"article:published_time\" content=\"2026-02-16T04:00:21+00:00\" \/>\n<meta property=\"og:image\" content=\"https:\/\/cuartetoenlaweb.com.ar\/sitio\/wp-content\/uploads\/2026\/02\/NYWDK6BDCFDAFDF4TVJZSTNEDA.jpg\" \/>\n\t<meta property=\"og:image:width\" content=\"2048\" \/>\n\t<meta property=\"og:image:height\" content=\"1366\" \/>\n\t<meta property=\"og:image:type\" content=\"image\/jpeg\" \/>\n<meta name=\"twitter:card\" content=\"summary_large_image\" \/>\n<meta name=\"twitter:label1\" content=\"Tiempo de lectura\" \/>\n\t<meta name=\"twitter:data1\" content=\"1 minuto\" \/>\n<script type=\"application\/ld+json\" class=\"yoast-schema-graph\">{\"@context\":\"https:\\\/\\\/schema.org\",\"@graph\":[{\"@type\":\"Article\",\"@id\":\"https:\\\/\\\/cuartetoenlaweb.com.ar\\\/sitio\\\/despues-de-ganarle-a-central-cordoba-como-quedo-instituto-en-la-tabla-y-cuando-vuelve-a-jugar\\\/#article\",\"isPartOf\":{\"@id\":\"https:\\\/\\\/cuartetoenlaweb.com.ar\\\/sitio\\\/despues-de-ganarle-a-central-cordoba-como-quedo-instituto-en-la-tabla-y-cuando-vuelve-a-jugar\\\/\"},\"author\":{\"name\":\"\",\"@id\":\"\"},\"headline\":\"Despu\u00e9s de ganarle a Central C\u00f3rdoba, c\u00f3mo qued\u00f3 Instituto en la tabla y cu\u00e1ndo vuelve a jugar\",\"datePublished\":\"2026-02-16T04:00:21+00:00\",\"mainEntityOfPage\":{\"@id\":\"https:\\\/\\\/cuartetoenlaweb.com.ar\\\/sitio\\\/despues-de-ganarle-a-central-cordoba-como-quedo-instituto-en-la-tabla-y-cuando-vuelve-a-jugar\\\/\"},\"wordCount\":298,\"publisher\":{\"@id\":\"http:\\\/\\\/cuartetoenlaweb.com.ar\\\/sitio\\\/#organization\"},\"image\":{\"@id\":\"https:\\\/\\\/cuartetoenlaweb.com.ar\\\/sitio\\\/despues-de-ganarle-a-central-cordoba-como-quedo-instituto-en-la-tabla-y-cuando-vuelve-a-jugar\\\/#primaryimage\"},\"thumbnailUrl\":\"https:\\\/\\\/cuartetoenlaweb.com.ar\\\/sitio\\\/wp-content\\\/uploads\\\/2026\\\/02\\\/NYWDK6BDCFDAFDF4TVJZSTNEDA.jpg\",\"articleSection\":[\"PAIS\"],\"inLanguage\":\"es\"},{\"@type\":\"WebPage\",\"@id\":\"https:\\\/\\\/cuartetoenlaweb.com.ar\\\/sitio\\\/despues-de-ganarle-a-central-cordoba-como-quedo-instituto-en-la-tabla-y-cuando-vuelve-a-jugar\\\/\",\"url\":\"https:\\\/\\\/cuartetoenlaweb.com.ar\\\/sitio\\\/despues-de-ganarle-a-central-cordoba-como-quedo-instituto-en-la-tabla-y-cuando-vuelve-a-jugar\\\/\",\"name\":\"Despu\u00e9s de ganarle a Central C\u00f3rdoba, c\u00f3mo qued\u00f3 Instituto en la tabla y cu\u00e1ndo vuelve a jugar - Cuarteto en la Web\",\"isPartOf\":{\"@id\":\"http:\\\/\\\/cuartetoenlaweb.com.ar\\\/sitio\\\/#website\"},\"primaryImageOfPage\":{\"@id\":\"https:\\\/\\\/cuartetoenlaweb.com.ar\\\/sitio\\\/despues-de-ganarle-a-central-cordoba-como-quedo-instituto-en-la-tabla-y-cuando-vuelve-a-jugar\\\/#primaryimage\"},\"image\":{\"@id\":\"https:\\\/\\\/cuartetoenlaweb.com.ar\\\/sitio\\\/despues-de-ganarle-a-central-cordoba-como-quedo-instituto-en-la-tabla-y-cuando-vuelve-a-jugar\\\/#primaryimage\"},\"thumbnailUrl\":\"https:\\\/\\\/cuartetoenlaweb.com.ar\\\/sitio\\\/wp-content\\\/uploads\\\/2026\\\/02\\\/NYWDK6BDCFDAFDF4TVJZSTNEDA.jpg\",\"datePublished\":\"2026-02-16T04:00:21+00:00\",\"breadcrumb\":{\"@id\":\"https:\\\/\\\/cuartetoenlaweb.com.ar\\\/sitio\\\/despues-de-ganarle-a-central-cordoba-como-quedo-instituto-en-la-tabla-y-cuando-vuelve-a-jugar\\\/#breadcrumb\"},\"inLanguage\":\"es\",\"potentialAction\":[{\"@type\":\"ReadAction\",\"target\":[\"https:\\\/\\\/cuartetoenlaweb.com.ar\\\/sitio\\\/despues-de-ganarle-a-central-cordoba-como-quedo-instituto-en-la-tabla-y-cuando-vuelve-a-jugar\\\/\"]}]},{\"@type\":\"ImageObject\",\"inLanguage\":\"es\",\"@id\":\"https:\\\/\\\/cuartetoenlaweb.com.ar\\\/sitio\\\/despues-de-ganarle-a-central-cordoba-como-quedo-instituto-en-la-tabla-y-cuando-vuelve-a-jugar\\\/#primaryimage\",\"url\":\"https:\\\/\\\/cuartetoenlaweb.com.ar\\\/sitio\\\/wp-content\\\/uploads\\\/2026\\\/02\\\/NYWDK6BDCFDAFDF4TVJZSTNEDA.jpg\",\"contentUrl\":\"https:\\\/\\\/cuartetoenlaweb.com.ar\\\/sitio\\\/wp-content\\\/uploads\\\/2026\\\/02\\\/NYWDK6BDCFDAFDF4TVJZSTNEDA.jpg\",\"width\":2048,\"height\":1366},{\"@type\":\"BreadcrumbList\",\"@id\":\"https:\\\/\\\/cuartetoenlaweb.com.ar\\\/sitio\\\/despues-de-ganarle-a-central-cordoba-como-quedo-instituto-en-la-tabla-y-cuando-vuelve-a-jugar\\\/#breadcrumb\",\"itemListElement\":[{\"@type\":\"ListItem\",\"position\":1,\"name\":\"Portada\",\"item\":\"http:\\\/\\\/cuartetoenlaweb.com.ar\\\/sitio\\\/\"},{\"@type\":\"ListItem\",\"position\":2,\"name\":\"Despu\u00e9s de ganarle a Central C\u00f3rdoba, c\u00f3mo qued\u00f3 Instituto en la tabla y cu\u00e1ndo vuelve a jugar\"}]},{\"@type\":\"WebSite\",\"@id\":\"http:\\\/\\\/cuartetoenlaweb.com.ar\\\/sitio\\\/#website\",\"url\":\"http:\\\/\\\/cuartetoenlaweb.com.ar\\\/sitio\\\/\",\"name\":\"Cuarteto en la Web\",\"description\":\"\",\"publisher\":{\"@id\":\"http:\\\/\\\/cuartetoenlaweb.com.ar\\\/sitio\\\/#organization\"},\"potentialAction\":[{\"@type\":\"SearchAction\",\"target\":{\"@type\":\"EntryPoint\",\"urlTemplate\":\"http:\\\/\\\/cuartetoenlaweb.com.ar\\\/sitio\\\/?s={search_term_string}\"},\"query-input\":{\"@type\":\"PropertyValueSpecification\",\"valueRequired\":true,\"valueName\":\"search_term_string\"}}],\"inLanguage\":\"es\"},{\"@type\":\"Organization\",\"@id\":\"http:\\\/\\\/cuartetoenlaweb.com.ar\\\/sitio\\\/#organization\",\"name\":\"Cuarteto en la Web\",\"url\":\"http:\\\/\\\/cuartetoenlaweb.com.ar\\\/sitio\\\/\",\"logo\":{\"@type\":\"ImageObject\",\"inLanguage\":\"es\",\"@id\":\"http:\\\/\\\/cuartetoenlaweb.com.ar\\\/sitio\\\/#\\\/schema\\\/logo\\\/image\\\/\",\"url\":\"https:\\\/\\\/cuartetoenlaweb.com.ar\\\/sitio\\\/wp-content\\\/uploads\\\/2025\\\/07\\\/cropped-cropped-logitoweb21.png\",\"contentUrl\":\"https:\\\/\\\/cuartetoenlaweb.com.ar\\\/sitio\\\/wp-content\\\/uploads\\\/2025\\\/07\\\/cropped-cropped-logitoweb21.png\",\"width\":199,\"height\":199,\"caption\":\"Cuarteto en la Web\"},\"image\":{\"@id\":\"http:\\\/\\\/cuartetoenlaweb.com.ar\\\/sitio\\\/#\\\/schema\\\/logo\\\/image\\\/\"}}]}<\/script>\n<!-- \/ Yoast SEO plugin. -->","yoast_head_json":{"title":"Despu\u00e9s de ganarle a Central C\u00f3rdoba, c\u00f3mo qued\u00f3 Instituto en la tabla y cu\u00e1ndo vuelve a jugar - Cuarteto en la Web","robots":{"index":"index","follow":"follow","max-snippet":"max-snippet:-1","max-image-preview":"max-image-preview:large","max-video-preview":"max-video-preview:-1"},"canonical":"https:\/\/cuartetoenlaweb.com.ar\/sitio\/despues-de-ganarle-a-central-cordoba-como-quedo-instituto-en-la-tabla-y-cuando-vuelve-a-jugar\/","og_locale":"es_ES","og_type":"article","og_title":"Despu\u00e9s de ganarle a Central C\u00f3rdoba, c\u00f3mo qued\u00f3 Instituto en la tabla y cu\u00e1ndo vuelve a jugar - Cuarteto en la Web","og_description":"Luego de lo que fue el 2-0 a Central C\u00f3rdoba","og_url":"https:\/\/cuartetoenlaweb.com.ar\/sitio\/despues-de-ganarle-a-central-cordoba-como-quedo-instituto-en-la-tabla-y-cuando-vuelve-a-jugar\/","og_site_name":"Cuarteto en la Web","article_published_time":"2026-02-16T04:00:21+00:00","og_image":[{"width":2048,"height":1366,"url":"https:\/\/cuartetoenlaweb.com.ar\/sitio\/wp-content\/uploads\/2026\/02\/NYWDK6BDCFDAFDF4TVJZSTNEDA.jpg","type":"image\/jpeg"}],"twitter_card":"summary_large_image","twitter_misc":{"Tiempo de lectura":"1 minuto"},"schema":{"@context":"https:\/\/schema.org","@graph":[{"@type":"Article","@id":"https:\/\/cuartetoenlaweb.com.ar\/sitio\/despues-de-ganarle-a-central-cordoba-como-quedo-instituto-en-la-tabla-y-cuando-vuelve-a-jugar\/#article","isPartOf":{"@id":"https:\/\/cuartetoenlaweb.com.ar\/sitio\/despues-de-ganarle-a-central-cordoba-como-quedo-instituto-en-la-tabla-y-cuando-vuelve-a-jugar\/"},"author":{"name":"","@id":""},"headline":"Despu\u00e9s de ganarle a Central C\u00f3rdoba, c\u00f3mo qued\u00f3 Instituto en la tabla y cu\u00e1ndo vuelve a jugar","datePublished":"2026-02-16T04:00:21+00:00","mainEntityOfPage":{"@id":"https:\/\/cuartetoenlaweb.com.ar\/sitio\/despues-de-ganarle-a-central-cordoba-como-quedo-instituto-en-la-tabla-y-cuando-vuelve-a-jugar\/"},"wordCount":298,"publisher":{"@id":"http:\/\/cuartetoenlaweb.com.ar\/sitio\/#organization"},"image":{"@id":"https:\/\/cuartetoenlaweb.com.ar\/sitio\/despues-de-ganarle-a-central-cordoba-como-quedo-instituto-en-la-tabla-y-cuando-vuelve-a-jugar\/#primaryimage"},"thumbnailUrl":"https:\/\/cuartetoenlaweb.com.ar\/sitio\/wp-content\/uploads\/2026\/02\/NYWDK6BDCFDAFDF4TVJZSTNEDA.jpg","articleSection":["PAIS"],"inLanguage":"es"},{"@type":"WebPage","@id":"https:\/\/cuartetoenlaweb.com.ar\/sitio\/despues-de-ganarle-a-central-cordoba-como-quedo-instituto-en-la-tabla-y-cuando-vuelve-a-jugar\/","url":"https:\/\/cuartetoenlaweb.com.ar\/sitio\/despues-de-ganarle-a-central-cordoba-como-quedo-instituto-en-la-tabla-y-cuando-vuelve-a-jugar\/","name":"Despu\u00e9s de ganarle a Central C\u00f3rdoba, c\u00f3mo qued\u00f3 Instituto en la tabla y cu\u00e1ndo vuelve a jugar - Cuarteto en la Web","isPartOf":{"@id":"http:\/\/cuartetoenlaweb.com.ar\/sitio\/#website"},"primaryImageOfPage":{"@id":"https:\/\/cuartetoenlaweb.com.ar\/sitio\/despues-de-ganarle-a-central-cordoba-como-quedo-instituto-en-la-tabla-y-cuando-vuelve-a-jugar\/#primaryimage"},"image":{"@id":"https:\/\/cuartetoenlaweb.com.ar\/sitio\/despues-de-ganarle-a-central-cordoba-como-quedo-instituto-en-la-tabla-y-cuando-vuelve-a-jugar\/#primaryimage"},"thumbnailUrl":"https:\/\/cuartetoenlaweb.com.ar\/sitio\/wp-content\/uploads\/2026\/02\/NYWDK6BDCFDAFDF4TVJZSTNEDA.jpg","datePublished":"2026-02-16T04:00:21+00:00","breadcrumb":{"@id":"https:\/\/cuartetoenlaweb.com.ar\/sitio\/despues-de-ganarle-a-central-cordoba-como-quedo-instituto-en-la-tabla-y-cuando-vuelve-a-jugar\/#breadcrumb"},"inLanguage":"es","potentialAction":[{"@type":"ReadAction","target":["https:\/\/cuartetoenlaweb.com.ar\/sitio\/despues-de-ganarle-a-central-cordoba-como-quedo-instituto-en-la-tabla-y-cuando-vuelve-a-jugar\/"]}]},{"@type":"ImageObject","inLanguage":"es","@id":"https:\/\/cuartetoenlaweb.com.ar\/sitio\/despues-de-ganarle-a-central-cordoba-como-quedo-instituto-en-la-tabla-y-cuando-vuelve-a-jugar\/#primaryimage","url":"https:\/\/cuartetoenlaweb.com.ar\/sitio\/wp-content\/uploads\/2026\/02\/NYWDK6BDCFDAFDF4TVJZSTNEDA.jpg","contentUrl":"https:\/\/cuartetoenlaweb.com.ar\/sitio\/wp-content\/uploads\/2026\/02\/NYWDK6BDCFDAFDF4TVJZSTNEDA.jpg","width":2048,"height":1366},{"@type":"BreadcrumbList","@id":"https:\/\/cuartetoenlaweb.com.ar\/sitio\/despues-de-ganarle-a-central-cordoba-como-quedo-instituto-en-la-tabla-y-cuando-vuelve-a-jugar\/#breadcrumb","itemListElement":[{"@type":"ListItem","position":1,"name":"Portada","item":"http:\/\/cuartetoenlaweb.com.ar\/sitio\/"},{"@type":"ListItem","position":2,"name":"Despu\u00e9s de ganarle a Central C\u00f3rdoba, c\u00f3mo qued\u00f3 Instituto en la tabla y cu\u00e1ndo vuelve a jugar"}]},{"@type":"WebSite","@id":"http:\/\/cuartetoenlaweb.com.ar\/sitio\/#website","url":"http:\/\/cuartetoenlaweb.com.ar\/sitio\/","name":"Cuarteto en la Web","description":"","publisher":{"@id":"http:\/\/cuartetoenlaweb.com.ar\/sitio\/#organization"},"potentialAction":[{"@type":"SearchAction","target":{"@type":"EntryPoint","urlTemplate":"http:\/\/cuartetoenlaweb.com.ar\/sitio\/?s={search_term_string}"},"query-input":{"@type":"PropertyValueSpecification","valueRequired":true,"valueName":"search_term_string"}}],"inLanguage":"es"},{"@type":"Organization","@id":"http:\/\/cuartetoenlaweb.com.ar\/sitio\/#organization","name":"Cuarteto en la Web","url":"http:\/\/cuartetoenlaweb.com.ar\/sitio\/","logo":{"@type":"ImageObject","inLanguage":"es","@id":"http:\/\/cuartetoenlaweb.com.ar\/sitio\/#\/schema\/logo\/image\/","url":"https:\/\/cuartetoenlaweb.com.ar\/sitio\/wp-content\/uploads\/2025\/07\/cropped-cropped-logitoweb21.png","contentUrl":"https:\/\/cuartetoenlaweb.com.ar\/sitio\/wp-content\/uploads\/2025\/07\/cropped-cropped-logitoweb21.png","width":199,"height":199,"caption":"Cuarteto en la Web"},"image":{"@id":"http:\/\/cuartetoenlaweb.com.ar\/sitio\/#\/schema\/logo\/image\/"}}]}},"_links":{"self":[{"href":"https:\/\/cuartetoenlaweb.com.ar\/sitio\/wp-json\/wp\/v2\/posts\/11783","targetHints":{"allow":["GET"]}}],"collection":[{"href":"https:\/\/cuartetoenlaweb.com.ar\/sitio\/wp-json\/wp\/v2\/posts"}],"about":[{"href":"https:\/\/cuartetoenlaweb.com.ar\/sitio\/wp-json\/wp\/v2\/types\/post"}],"replies":[{"embeddable":true,"href":"https:\/\/cuartetoenlaweb.com.ar\/sitio\/wp-json\/wp\/v2\/comments?post=11783"}],"version-history":[{"count":0,"href":"https:\/\/cuartetoenlaweb.com.ar\/sitio\/wp-json\/wp\/v2\/posts\/11783\/revisions"}],"wp:featuredmedia":[{"embeddable":true,"href":"https:\/\/cuartetoenlaweb.com.ar\/sitio\/wp-json\/wp\/v2\/media\/11784"}],"wp:attachment":[{"href":"https:\/\/cuartetoenlaweb.com.ar\/sitio\/wp-json\/wp\/v2\/media?parent=11783"}],"wp:term":[{"taxonomy":"category","embeddable":true,"href":"https:\/\/cuartetoenlaweb.com.ar\/sitio\/wp-json\/wp\/v2\/categories?post=11783"},{"taxonomy":"post_tag","embeddable":true,"href":"https:\/\/cuartetoenlaweb.com.ar\/sitio\/wp-json\/wp\/v2\/tags?post=11783"}],"curies":[{"name":"wp","href":"https:\/\/api.w.org\/{rel}","templated":true}]}}