
{"id":11779,"date":"2026-02-16T00:59:54","date_gmt":"2026-02-16T03:59:54","guid":{"rendered":"https:\/\/cuartetoenlaweb.com.ar\/sitio\/los-elogios-del-dt-de-central-cordoba-para-instituto-en-el-debut-del-dt-diego-flores\/"},"modified":"2026-02-16T00:59:54","modified_gmt":"2026-02-16T03:59:54","slug":"los-elogios-del-dt-de-central-cordoba-para-instituto-en-el-debut-del-dt-diego-flores","status":"publish","type":"post","link":"https:\/\/cuartetoenlaweb.com.ar\/sitio\/los-elogios-del-dt-de-central-cordoba-para-instituto-en-el-debut-del-dt-diego-flores\/","title":{"rendered":"Los elogios del DT de Central C\u00f3rdoba para Instituto en el debut del DT Diego Flores"},"content":{"rendered":"<p>Fue fura autocr\u00edtica de Lucas Pusineri tras la derrota: \u201c<a href=\"https:\/\/www.lavoz.com.ar\/deportes\/futbol\/despues-de-ganarle-a-central-cordoba-como-quedo-instituto-en-la-tabla-y-cuando-vuelve-a-jugar\/\" target=\"_self\" rel=\"\" title=\"https:\/\/www.lavoz.com.ar\/deportes\/futbol\/despues-de-ganarle-a-central-cordoba-como-quedo-instituto-en-la-tabla-y-cuando-vuelve-a-jugar\/\">Instituto <\/a>nos peg\u00f3 una pi\u00f1a de la que no pudimos recuperarnos\u201d. El entrenador analiz\u00f3 con crudeza el rendimiento de su equipo frente a Instituto, reconoci\u00f3 la superioridad del rival desde los primeros minutos y afirm\u00f3 que trabajar\u00e1 intensamente para revertir el presente futbol\u00edstico y recuperar la competitividad.<\/p>\n<p>La derrota frente al conjunto cordob\u00e9s dej\u00f3 un sabor amargo y varias preguntas sin respuesta inmediata para el cuerpo t\u00e9cnico que encabeza <b>Lucas Pusineri<\/b>. En una conferencia de prensa marcada por la franqueza y el an\u00e1lisis t\u00e1ctico, el entrenador evit\u00f3 las excusas y describi\u00f3 con claridad el impacto que tuvo el desarrollo del encuentro en sus dirigidos. <\/p>\n<p>Seg\u00fan sus propias palabras, el golpe fue temprano y determinante: \u201cInstituto nos peg\u00f3 una pi\u00f1a a los tres minutos y no nos pudimos recuperar\u201d.<\/p>\n<p>Ese gol inicial desarticul\u00f3 cualquier plan previo y oblig\u00f3 al equipo a moverse en la incertidumbre durante el resto del partido. Pusineri admiti\u00f3 que la superioridad del rival fue evidente de principio a fin y se\u00f1al\u00f3 que su equipo no encontr\u00f3 las herramientas para contrarrestar el planteo. <\/p>\n<p>\u201cFue superior Instituto. No tuvimos las posibilidades de neutralizar\u201d, expres\u00f3 el DT, dejando en claro que el dominio del local marc\u00f3 la diferencia.<\/p>\n<h2>Dificultades t\u00e1cticas y falta de control<\/h2>\n<p>Uno de los aspectos m\u00e1s cr\u00edticos remarcados por el entrenador fue la incapacidad de su equipo para adaptarse al desarrollo del juego, incluso despu\u00e9s de intentar variantes desde el banco. Explic\u00f3 que el cuerpo t\u00e9cnico busc\u00f3 soluciones mediante cambios en el esquema, aunque sin resultados concretos. <\/p>\n<p>\u201cModificamos el dibujo y nos cost\u00f3\u201d, dijo, en referencia a una estructura que no logr\u00f3 afirmarse frente a la presi\u00f3n de Instituto.<\/p>\n<p>La falta de control del partido fue el s\u00edntoma principal de una tarde adversa. Para Pusineri, el origen del problema estuvo en la posesi\u00f3n de la pelota. El DT fue claro: sin ese recurso esencial, el equipo nunca pudo aspirar a torcer el resultado. <\/p>\n<p>\u201cCuando no pod\u00e9s tener la pelota y no pod\u00e9s hacerla circular, pasa esto\u201d. Esa ausencia de juego asociado anul\u00f3 cualquier posibilidad de generar peligro y expuso al equipo a la intensidad del rival.<\/p>\n<h2>Un futuro basado en el trabajo y la resiliencia<\/h2>\n<p>El clima en el vestuario tras el final reflej\u00f3 la dureza del momento. Pusineri admiti\u00f3 el impacto emocional que dej\u00f3 el rendimiento colectivo: \u201cNos vamos dolidos\u201d. Tambi\u00e9n advirti\u00f3 que el nivel de competitividad mostrado qued\u00f3 por debajo de lo que exige el torneo en este tramo.<\/p>\n<p>Aun as\u00ed, el entrenador ya puso el foco en lo que viene. Con la intenci\u00f3n de corregir errores y recomponer el \u00e1nimo del plantel, se comprometi\u00f3 a redoblar esfuerzos en los entrenamientos. <\/p>\n<p><i>\u201cTrataremos de trabajar para poder reparar en esta situaci\u00f3n. Hay que revertir a futuro\u201d<\/i>, sostuvo, dejando un mensaje de reconstrucci\u00f3n hacia los hinchas. Para el t\u00e9cnico, la ruta hacia la recuperaci\u00f3n est\u00e1 marcada por la autocr\u00edtica y el trabajo constante, con el objetivo de que la \u201cpi\u00f1a\u201d recibida en C\u00f3rdoba sea solo un obst\u00e1culo en el camino.<\/p>\n","protected":false},"excerpt":{"rendered":"<p>Fue fura autocr\u00edtica de Lucas Pusineri tras la derrota: \u201cInstituto<\/p>\n","protected":false},"author":0,"featured_media":11780,"comment_status":"","ping_status":"","sticky":false,"template":"","format":"standard","meta":{"footnotes":""},"categories":[65],"tags":[],"class_list":["post-11779","post","type-post","status-publish","format-standard","has-post-thumbnail","hentry","category-pais"],"yoast_head":"<!-- This site is optimized with the Yoast SEO plugin v27.5 - https:\/\/yoast.com\/product\/yoast-seo-wordpress\/ -->\n<title>Los elogios del DT de Central C\u00f3rdoba para Instituto en el debut del DT Diego Flores - Cuarteto en la Web<\/title>\n<meta name=\"robots\" content=\"index, follow, max-snippet:-1, max-image-preview:large, max-video-preview:-1\" \/>\n<link rel=\"canonical\" href=\"https:\/\/cuartetoenlaweb.com.ar\/sitio\/los-elogios-del-dt-de-central-cordoba-para-instituto-en-el-debut-del-dt-diego-flores\/\" \/>\n<meta property=\"og:locale\" content=\"es_ES\" \/>\n<meta property=\"og:type\" content=\"article\" \/>\n<meta property=\"og:title\" content=\"Los elogios del DT de Central C\u00f3rdoba para Instituto en el debut del DT Diego Flores - Cuarteto en la Web\" \/>\n<meta property=\"og:description\" content=\"Fue fura autocr\u00edtica de Lucas Pusineri tras la derrota: \u201cInstituto\" \/>\n<meta property=\"og:url\" content=\"https:\/\/cuartetoenlaweb.com.ar\/sitio\/los-elogios-del-dt-de-central-cordoba-para-instituto-en-el-debut-del-dt-diego-flores\/\" \/>\n<meta property=\"og:site_name\" content=\"Cuarteto en la Web\" \/>\n<meta property=\"article:published_time\" content=\"2026-02-16T03:59:54+00:00\" \/>\n<meta property=\"og:image\" content=\"https:\/\/cuartetoenlaweb.com.ar\/sitio\/wp-content\/uploads\/2026\/02\/HWVB27L63FBRZG42MGXDXGTXVU.jpg\" \/>\n\t<meta property=\"og:image:width\" content=\"1300\" \/>\n\t<meta property=\"og:image:height\" content=\"867\" \/>\n\t<meta property=\"og:image:type\" content=\"image\/jpeg\" \/>\n<meta name=\"twitter:card\" content=\"summary_large_image\" \/>\n<meta name=\"twitter:label1\" content=\"Tiempo de lectura\" \/>\n\t<meta name=\"twitter:data1\" content=\"3 minutos\" \/>\n<script type=\"application\/ld+json\" class=\"yoast-schema-graph\">{\"@context\":\"https:\\\/\\\/schema.org\",\"@graph\":[{\"@type\":\"Article\",\"@id\":\"https:\\\/\\\/cuartetoenlaweb.com.ar\\\/sitio\\\/los-elogios-del-dt-de-central-cordoba-para-instituto-en-el-debut-del-dt-diego-flores\\\/#article\",\"isPartOf\":{\"@id\":\"https:\\\/\\\/cuartetoenlaweb.com.ar\\\/sitio\\\/los-elogios-del-dt-de-central-cordoba-para-instituto-en-el-debut-del-dt-diego-flores\\\/\"},\"author\":{\"name\":\"\",\"@id\":\"\"},\"headline\":\"Los elogios del DT de Central C\u00f3rdoba para Instituto en el debut del DT Diego Flores\",\"datePublished\":\"2026-02-16T03:59:54+00:00\",\"mainEntityOfPage\":{\"@id\":\"https:\\\/\\\/cuartetoenlaweb.com.ar\\\/sitio\\\/los-elogios-del-dt-de-central-cordoba-para-instituto-en-el-debut-del-dt-diego-flores\\\/\"},\"wordCount\":549,\"publisher\":{\"@id\":\"http:\\\/\\\/cuartetoenlaweb.com.ar\\\/sitio\\\/#organization\"},\"image\":{\"@id\":\"https:\\\/\\\/cuartetoenlaweb.com.ar\\\/sitio\\\/los-elogios-del-dt-de-central-cordoba-para-instituto-en-el-debut-del-dt-diego-flores\\\/#primaryimage\"},\"thumbnailUrl\":\"https:\\\/\\\/cuartetoenlaweb.com.ar\\\/sitio\\\/wp-content\\\/uploads\\\/2026\\\/02\\\/HWVB27L63FBRZG42MGXDXGTXVU.jpg\",\"articleSection\":[\"PAIS\"],\"inLanguage\":\"es\"},{\"@type\":\"WebPage\",\"@id\":\"https:\\\/\\\/cuartetoenlaweb.com.ar\\\/sitio\\\/los-elogios-del-dt-de-central-cordoba-para-instituto-en-el-debut-del-dt-diego-flores\\\/\",\"url\":\"https:\\\/\\\/cuartetoenlaweb.com.ar\\\/sitio\\\/los-elogios-del-dt-de-central-cordoba-para-instituto-en-el-debut-del-dt-diego-flores\\\/\",\"name\":\"Los elogios del DT de Central C\u00f3rdoba para Instituto en el debut del DT Diego Flores - Cuarteto en la Web\",\"isPartOf\":{\"@id\":\"http:\\\/\\\/cuartetoenlaweb.com.ar\\\/sitio\\\/#website\"},\"primaryImageOfPage\":{\"@id\":\"https:\\\/\\\/cuartetoenlaweb.com.ar\\\/sitio\\\/los-elogios-del-dt-de-central-cordoba-para-instituto-en-el-debut-del-dt-diego-flores\\\/#primaryimage\"},\"image\":{\"@id\":\"https:\\\/\\\/cuartetoenlaweb.com.ar\\\/sitio\\\/los-elogios-del-dt-de-central-cordoba-para-instituto-en-el-debut-del-dt-diego-flores\\\/#primaryimage\"},\"thumbnailUrl\":\"https:\\\/\\\/cuartetoenlaweb.com.ar\\\/sitio\\\/wp-content\\\/uploads\\\/2026\\\/02\\\/HWVB27L63FBRZG42MGXDXGTXVU.jpg\",\"datePublished\":\"2026-02-16T03:59:54+00:00\",\"breadcrumb\":{\"@id\":\"https:\\\/\\\/cuartetoenlaweb.com.ar\\\/sitio\\\/los-elogios-del-dt-de-central-cordoba-para-instituto-en-el-debut-del-dt-diego-flores\\\/#breadcrumb\"},\"inLanguage\":\"es\",\"potentialAction\":[{\"@type\":\"ReadAction\",\"target\":[\"https:\\\/\\\/cuartetoenlaweb.com.ar\\\/sitio\\\/los-elogios-del-dt-de-central-cordoba-para-instituto-en-el-debut-del-dt-diego-flores\\\/\"]}]},{\"@type\":\"ImageObject\",\"inLanguage\":\"es\",\"@id\":\"https:\\\/\\\/cuartetoenlaweb.com.ar\\\/sitio\\\/los-elogios-del-dt-de-central-cordoba-para-instituto-en-el-debut-del-dt-diego-flores\\\/#primaryimage\",\"url\":\"https:\\\/\\\/cuartetoenlaweb.com.ar\\\/sitio\\\/wp-content\\\/uploads\\\/2026\\\/02\\\/HWVB27L63FBRZG42MGXDXGTXVU.jpg\",\"contentUrl\":\"https:\\\/\\\/cuartetoenlaweb.com.ar\\\/sitio\\\/wp-content\\\/uploads\\\/2026\\\/02\\\/HWVB27L63FBRZG42MGXDXGTXVU.jpg\",\"width\":1300,\"height\":867},{\"@type\":\"BreadcrumbList\",\"@id\":\"https:\\\/\\\/cuartetoenlaweb.com.ar\\\/sitio\\\/los-elogios-del-dt-de-central-cordoba-para-instituto-en-el-debut-del-dt-diego-flores\\\/#breadcrumb\",\"itemListElement\":[{\"@type\":\"ListItem\",\"position\":1,\"name\":\"Portada\",\"item\":\"http:\\\/\\\/cuartetoenlaweb.com.ar\\\/sitio\\\/\"},{\"@type\":\"ListItem\",\"position\":2,\"name\":\"Los elogios del DT de Central C\u00f3rdoba para Instituto en el debut del DT Diego Flores\"}]},{\"@type\":\"WebSite\",\"@id\":\"http:\\\/\\\/cuartetoenlaweb.com.ar\\\/sitio\\\/#website\",\"url\":\"http:\\\/\\\/cuartetoenlaweb.com.ar\\\/sitio\\\/\",\"name\":\"Cuarteto en la Web\",\"description\":\"\",\"publisher\":{\"@id\":\"http:\\\/\\\/cuartetoenlaweb.com.ar\\\/sitio\\\/#organization\"},\"potentialAction\":[{\"@type\":\"SearchAction\",\"target\":{\"@type\":\"EntryPoint\",\"urlTemplate\":\"http:\\\/\\\/cuartetoenlaweb.com.ar\\\/sitio\\\/?s={search_term_string}\"},\"query-input\":{\"@type\":\"PropertyValueSpecification\",\"valueRequired\":true,\"valueName\":\"search_term_string\"}}],\"inLanguage\":\"es\"},{\"@type\":\"Organization\",\"@id\":\"http:\\\/\\\/cuartetoenlaweb.com.ar\\\/sitio\\\/#organization\",\"name\":\"Cuarteto en la Web\",\"url\":\"http:\\\/\\\/cuartetoenlaweb.com.ar\\\/sitio\\\/\",\"logo\":{\"@type\":\"ImageObject\",\"inLanguage\":\"es\",\"@id\":\"http:\\\/\\\/cuartetoenlaweb.com.ar\\\/sitio\\\/#\\\/schema\\\/logo\\\/image\\\/\",\"url\":\"https:\\\/\\\/cuartetoenlaweb.com.ar\\\/sitio\\\/wp-content\\\/uploads\\\/2025\\\/07\\\/cropped-cropped-logitoweb21.png\",\"contentUrl\":\"https:\\\/\\\/cuartetoenlaweb.com.ar\\\/sitio\\\/wp-content\\\/uploads\\\/2025\\\/07\\\/cropped-cropped-logitoweb21.png\",\"width\":199,\"height\":199,\"caption\":\"Cuarteto en la Web\"},\"image\":{\"@id\":\"http:\\\/\\\/cuartetoenlaweb.com.ar\\\/sitio\\\/#\\\/schema\\\/logo\\\/image\\\/\"}}]}<\/script>\n<!-- \/ Yoast SEO plugin. -->","yoast_head_json":{"title":"Los elogios del DT de Central C\u00f3rdoba para Instituto en el debut del DT Diego Flores - Cuarteto en la Web","robots":{"index":"index","follow":"follow","max-snippet":"max-snippet:-1","max-image-preview":"max-image-preview:large","max-video-preview":"max-video-preview:-1"},"canonical":"https:\/\/cuartetoenlaweb.com.ar\/sitio\/los-elogios-del-dt-de-central-cordoba-para-instituto-en-el-debut-del-dt-diego-flores\/","og_locale":"es_ES","og_type":"article","og_title":"Los elogios del DT de Central C\u00f3rdoba para Instituto en el debut del DT Diego Flores - Cuarteto en la Web","og_description":"Fue fura autocr\u00edtica de Lucas Pusineri tras la derrota: \u201cInstituto","og_url":"https:\/\/cuartetoenlaweb.com.ar\/sitio\/los-elogios-del-dt-de-central-cordoba-para-instituto-en-el-debut-del-dt-diego-flores\/","og_site_name":"Cuarteto en la Web","article_published_time":"2026-02-16T03:59:54+00:00","og_image":[{"width":1300,"height":867,"url":"https:\/\/cuartetoenlaweb.com.ar\/sitio\/wp-content\/uploads\/2026\/02\/HWVB27L63FBRZG42MGXDXGTXVU.jpg","type":"image\/jpeg"}],"twitter_card":"summary_large_image","twitter_misc":{"Tiempo de lectura":"3 minutos"},"schema":{"@context":"https:\/\/schema.org","@graph":[{"@type":"Article","@id":"https:\/\/cuartetoenlaweb.com.ar\/sitio\/los-elogios-del-dt-de-central-cordoba-para-instituto-en-el-debut-del-dt-diego-flores\/#article","isPartOf":{"@id":"https:\/\/cuartetoenlaweb.com.ar\/sitio\/los-elogios-del-dt-de-central-cordoba-para-instituto-en-el-debut-del-dt-diego-flores\/"},"author":{"name":"","@id":""},"headline":"Los elogios del DT de Central C\u00f3rdoba para Instituto en el debut del DT Diego Flores","datePublished":"2026-02-16T03:59:54+00:00","mainEntityOfPage":{"@id":"https:\/\/cuartetoenlaweb.com.ar\/sitio\/los-elogios-del-dt-de-central-cordoba-para-instituto-en-el-debut-del-dt-diego-flores\/"},"wordCount":549,"publisher":{"@id":"http:\/\/cuartetoenlaweb.com.ar\/sitio\/#organization"},"image":{"@id":"https:\/\/cuartetoenlaweb.com.ar\/sitio\/los-elogios-del-dt-de-central-cordoba-para-instituto-en-el-debut-del-dt-diego-flores\/#primaryimage"},"thumbnailUrl":"https:\/\/cuartetoenlaweb.com.ar\/sitio\/wp-content\/uploads\/2026\/02\/HWVB27L63FBRZG42MGXDXGTXVU.jpg","articleSection":["PAIS"],"inLanguage":"es"},{"@type":"WebPage","@id":"https:\/\/cuartetoenlaweb.com.ar\/sitio\/los-elogios-del-dt-de-central-cordoba-para-instituto-en-el-debut-del-dt-diego-flores\/","url":"https:\/\/cuartetoenlaweb.com.ar\/sitio\/los-elogios-del-dt-de-central-cordoba-para-instituto-en-el-debut-del-dt-diego-flores\/","name":"Los elogios del DT de Central C\u00f3rdoba para Instituto en el debut del DT Diego Flores - Cuarteto en la Web","isPartOf":{"@id":"http:\/\/cuartetoenlaweb.com.ar\/sitio\/#website"},"primaryImageOfPage":{"@id":"https:\/\/cuartetoenlaweb.com.ar\/sitio\/los-elogios-del-dt-de-central-cordoba-para-instituto-en-el-debut-del-dt-diego-flores\/#primaryimage"},"image":{"@id":"https:\/\/cuartetoenlaweb.com.ar\/sitio\/los-elogios-del-dt-de-central-cordoba-para-instituto-en-el-debut-del-dt-diego-flores\/#primaryimage"},"thumbnailUrl":"https:\/\/cuartetoenlaweb.com.ar\/sitio\/wp-content\/uploads\/2026\/02\/HWVB27L63FBRZG42MGXDXGTXVU.jpg","datePublished":"2026-02-16T03:59:54+00:00","breadcrumb":{"@id":"https:\/\/cuartetoenlaweb.com.ar\/sitio\/los-elogios-del-dt-de-central-cordoba-para-instituto-en-el-debut-del-dt-diego-flores\/#breadcrumb"},"inLanguage":"es","potentialAction":[{"@type":"ReadAction","target":["https:\/\/cuartetoenlaweb.com.ar\/sitio\/los-elogios-del-dt-de-central-cordoba-para-instituto-en-el-debut-del-dt-diego-flores\/"]}]},{"@type":"ImageObject","inLanguage":"es","@id":"https:\/\/cuartetoenlaweb.com.ar\/sitio\/los-elogios-del-dt-de-central-cordoba-para-instituto-en-el-debut-del-dt-diego-flores\/#primaryimage","url":"https:\/\/cuartetoenlaweb.com.ar\/sitio\/wp-content\/uploads\/2026\/02\/HWVB27L63FBRZG42MGXDXGTXVU.jpg","contentUrl":"https:\/\/cuartetoenlaweb.com.ar\/sitio\/wp-content\/uploads\/2026\/02\/HWVB27L63FBRZG42MGXDXGTXVU.jpg","width":1300,"height":867},{"@type":"BreadcrumbList","@id":"https:\/\/cuartetoenlaweb.com.ar\/sitio\/los-elogios-del-dt-de-central-cordoba-para-instituto-en-el-debut-del-dt-diego-flores\/#breadcrumb","itemListElement":[{"@type":"ListItem","position":1,"name":"Portada","item":"http:\/\/cuartetoenlaweb.com.ar\/sitio\/"},{"@type":"ListItem","position":2,"name":"Los elogios del DT de Central C\u00f3rdoba para Instituto en el debut del DT Diego Flores"}]},{"@type":"WebSite","@id":"http:\/\/cuartetoenlaweb.com.ar\/sitio\/#website","url":"http:\/\/cuartetoenlaweb.com.ar\/sitio\/","name":"Cuarteto en la Web","description":"","publisher":{"@id":"http:\/\/cuartetoenlaweb.com.ar\/sitio\/#organization"},"potentialAction":[{"@type":"SearchAction","target":{"@type":"EntryPoint","urlTemplate":"http:\/\/cuartetoenlaweb.com.ar\/sitio\/?s={search_term_string}"},"query-input":{"@type":"PropertyValueSpecification","valueRequired":true,"valueName":"search_term_string"}}],"inLanguage":"es"},{"@type":"Organization","@id":"http:\/\/cuartetoenlaweb.com.ar\/sitio\/#organization","name":"Cuarteto en la Web","url":"http:\/\/cuartetoenlaweb.com.ar\/sitio\/","logo":{"@type":"ImageObject","inLanguage":"es","@id":"http:\/\/cuartetoenlaweb.com.ar\/sitio\/#\/schema\/logo\/image\/","url":"https:\/\/cuartetoenlaweb.com.ar\/sitio\/wp-content\/uploads\/2025\/07\/cropped-cropped-logitoweb21.png","contentUrl":"https:\/\/cuartetoenlaweb.com.ar\/sitio\/wp-content\/uploads\/2025\/07\/cropped-cropped-logitoweb21.png","width":199,"height":199,"caption":"Cuarteto en la Web"},"image":{"@id":"http:\/\/cuartetoenlaweb.com.ar\/sitio\/#\/schema\/logo\/image\/"}}]}},"_links":{"self":[{"href":"https:\/\/cuartetoenlaweb.com.ar\/sitio\/wp-json\/wp\/v2\/posts\/11779","targetHints":{"allow":["GET"]}}],"collection":[{"href":"https:\/\/cuartetoenlaweb.com.ar\/sitio\/wp-json\/wp\/v2\/posts"}],"about":[{"href":"https:\/\/cuartetoenlaweb.com.ar\/sitio\/wp-json\/wp\/v2\/types\/post"}],"replies":[{"embeddable":true,"href":"https:\/\/cuartetoenlaweb.com.ar\/sitio\/wp-json\/wp\/v2\/comments?post=11779"}],"version-history":[{"count":0,"href":"https:\/\/cuartetoenlaweb.com.ar\/sitio\/wp-json\/wp\/v2\/posts\/11779\/revisions"}],"wp:featuredmedia":[{"embeddable":true,"href":"https:\/\/cuartetoenlaweb.com.ar\/sitio\/wp-json\/wp\/v2\/media\/11780"}],"wp:attachment":[{"href":"https:\/\/cuartetoenlaweb.com.ar\/sitio\/wp-json\/wp\/v2\/media?parent=11779"}],"wp:term":[{"taxonomy":"category","embeddable":true,"href":"https:\/\/cuartetoenlaweb.com.ar\/sitio\/wp-json\/wp\/v2\/categories?post=11779"},{"taxonomy":"post_tag","embeddable":true,"href":"https:\/\/cuartetoenlaweb.com.ar\/sitio\/wp-json\/wp\/v2\/tags?post=11779"}],"curies":[{"name":"wp","href":"https:\/\/api.w.org\/{rel}","templated":true}]}}