
{"id":10483,"date":"2026-01-17T19:00:09","date_gmt":"2026-01-17T22:00:09","guid":{"rendered":"https:\/\/cuartetoenlaweb.com.ar\/sitio\/como-se-encuentra-de-salud-la-mujer-de-89-anos-que-marta-fort-atropello-con-su-camioneta\/"},"modified":"2026-01-17T19:00:09","modified_gmt":"2026-01-17T22:00:09","slug":"como-se-encuentra-de-salud-la-mujer-de-89-anos-que-marta-fort-atropello-con-su-camioneta","status":"publish","type":"post","link":"https:\/\/cuartetoenlaweb.com.ar\/sitio\/como-se-encuentra-de-salud-la-mujer-de-89-anos-que-marta-fort-atropello-con-su-camioneta\/","title":{"rendered":"C\u00f3mo se encuentra de salud la mujer de 89 a\u00f1os que Marta Fort atropell\u00f3 con su camioneta"},"content":{"rendered":"<p>Este s\u00e1bado 17 de enero al mediod\u00eda, una inesperada situaci\u00f3n tension\u00f3 todo en una esquina transitada del barrio porte\u00f1o de Palermo. <strong>Marta Fort <\/strong>protagoniz\u00f3 un accidente de tr\u00e1nsito a bordo de su camioneta BMW y tras atropellar a una mujer de 89 a\u00f1os. El episodio gener\u00f3 preocupaci\u00f3n, tanto por la persona involucrada como por<strong> la hija de Ricardo Fort<\/strong>.<\/p>\n<p>El hecho ocurri\u00f3 a la altura de Migueletes 1158, entre las avenidas Olleros y Federico Lacroze. Seg\u00fan se sabe,<strong> <a href=\"https:\/\/www.paparazzi.com.ar\/teve\/marta-fort-atropello-a-una-senora-mayor-en-el-barrio-de-belgrano-el-video-del-dramatico-accidente\/\">Marta<\/a> <\/strong>embisti\u00f3 a una mujer que cruz\u00f3 mal la calle. La escena requiri\u00f3 la intervenci\u00f3n del SAME, que asisti\u00f3 a la se\u00f1ora en el lugar y luego decidi\u00f3 trasladarla a un centro de salud para realizar sus respectivos controles.<\/p>\n<p>Para llevar tranquilidad, C\u00e9sar Carozza, abogado de <strong><a href=\"https:\/\/www.paparazzi.com.ar\/teve\/que-no-sea-tan-cocorito-la-frase-de-marta-fort-que-desato-el-escandalo-en-el-clan-familiar\/\">Marta<\/a><\/strong>, dio detalles sobre el estado de salud de la mujer. En testimonios recogidos de <em>TN Show<\/em> y a pesar del susto l\u00f3gico del impacto, la v\u00edctima se encuentra fuera de peligro y en buen estado general. En ese marco, aclar\u00f3 que la atenci\u00f3n m\u00e9dica respondi\u00f3 a una medida preventiva y no a un cuadro de gravedad.<\/p>\n<div class=\"mt-box \">\n<h4 class=\"mt-heading\">Mir\u00e1 Tambi\u00e9n<\/h4>\n<p><a href=\"https:\/\/www.paparazzi.com.ar\/videos\/exclusivo-tomas-dente-habla-de-su-particular-estilo-de-vida-no-tengo-sexo-ni-como-pizza-desde-hace-20-anos\/\"><\/p>\n<div class=\"mt-content\">\n<div class=\"mt-image-container\"><img decoding=\"async\" src=\"https:\/\/www.paparazzi.com.ar\/wp-content\/uploads\/2026\/01\/CHIMENTEROS-PORTADA-YT-TOMI-DENTE-359x226.jpg\" alt=\"\u00a1Exclusivo! Tom\u00e1s Dente habla de su particular estilo de vida: \u201cNo tengo sexo ni como pizza desde hace 20 a\u00f1os\u201d\" class=\"mt-image\" loading=\"lazy\" \/><\/div>\n<h5 class=\"mt-title\">\u00a1Exclusivo! Tom\u00e1s Dente habla de su particular estilo de vida: \u201cNo tengo sexo ni como pizza desde hace 20 a\u00f1os\u201d<\/h5>\n<\/div>\n<p><\/a><\/div>\n<p><em>\u201cLa se\u00f1ora no est\u00e1 mal, pero por una cuesti\u00f3n de precauci\u00f3n actu\u00f3 el SAME y la llevaron a revisi\u00f3n, que es lo usual\u201d<\/em>, expres\u00f3 Carozza. Tambi\u00e9n explic\u00f3 c\u00f3mo se produjo el episodio y busc\u00f3 bajar cierta pol\u00e9mica sobre <strong><a href=\"https:\/\/www.paparazzi.com.ar\/teve\/escandalo-en-punta-del-este-marta-fort-conto-por-que-gasto-20-mil-dolares-y-termino-furiosa\/\">Marta<\/a><\/strong> que se teji\u00f3 en un principio. <em>\u201cFue un accidente de tr\u00e1nsito. La se\u00f1ora cruz\u00f3 mal y Marta ven\u00eda manejando\u201d<\/em>, se\u00f1al\u00f3.<\/p>\n<h2 class=\"wp-block-heading\">LA SITUACI\u00d3N LEGAL DE MARTA FORT TRAS ATROPELLAR A UNA MUJER CON SU CAMIONETA<\/h2>\n<p>En cuanto al estado de <strong>Marta Fort<\/strong>, su abogado confirm\u00f3 que se encuentra en buen estado de salud y que, tras lo ocurrido, ya regres\u00f3 a su domicilio. El episodio no le provoc\u00f3 lesiones, aunque s\u00ed un fuerte impacto emocional propio de una situaci\u00f3n de estas caracter\u00edsticas.<\/p>\n<p>Desde el marco legal, Carozza anticip\u00f3 cu\u00e1les ser\u00e1n los pasos a seguir para <strong>Marta<\/strong>. Como ocurre en todos los accidentes de tr\u00e1nsito con personas involucradas, se iniciar\u00e1n actividades correspondientes para dejar constancia formal de lo sucedido. <em>\u201cSeguramente se va a labrar un sumario. Ahora todo debe pasar por la comisar\u00eda y seguir el tr\u00e1mite legal. Yo me encargar\u00e9 de retirar la documentaci\u00f3n para hacer la denuncia del siniestro\u201d<\/em>, explic\u00f3.<\/p>\n<div class=\"mt-box \">\n<h4 class=\"mt-heading\">Mir\u00e1 Tambi\u00e9n<\/h4>\n<p><a href=\"https:\/\/www.paparazzi.com.ar\/teve\/marta-fort-atropello-a-una-senora-mayor-en-el-barrio-de-belgrano-el-video-del-dramatico-accidente\/\"><\/p>\n<div class=\"mt-content\">\n<div class=\"mt-image-container\"><img decoding=\"async\" src=\"https:\/\/www.paparazzi.com.ar\/wp-content\/uploads\/2026\/01\/Marta-Fort-atropello-a-una-senora-mayor-en-el-barrio-de-Belgrano-el-video-del-dramatico-accidente-359x226.jpg\" alt=\"Marta Fort atropell\u00f3 con su auto a una se\u00f1ora mayor en el barrio de Belgrano: el video del dram\u00e1tico accidente\" class=\"mt-image\" loading=\"lazy\" \/><\/div>\n<h5 class=\"mt-title\">Marta Fort atropell\u00f3 con su auto a una se\u00f1ora mayor en el barrio de Belgrano: el video del dram\u00e1tico accidente<\/h5>\n<\/div>\n<p><\/a><\/div>\n<p>En cuesti\u00f3n de segundos, el nombre de <strong>Marta Fort <\/strong>explot\u00f3 por los aires por este accidente y el drama que gir\u00f3 alrededor de la salud de la mujer atropellada. Y si bien lo peor ya parece haber pasado y no se habla de consecuencias graves para ninguno de los lados, ahora quedar\u00e1 todo el tr\u00e1mite legal correspondiente para buscar cerrarlo todo.<\/p>\n<div class=\"mt-box \">\n<h4 class=\"mt-heading\">Mir\u00e1 Tambi\u00e9n<\/h4>\n<p><a href=\"https:\/\/www.paparazzi.com.ar\/teve\/que-no-sea-tan-cocorito-la-frase-de-marta-fort-que-desato-el-escandalo-en-el-clan-familiar\/\"><\/p>\n<div class=\"mt-content\">\n<div class=\"mt-image-container\"><img decoding=\"async\" src=\"https:\/\/www.paparazzi.com.ar\/wp-content\/uploads\/2026\/01\/Martita-Fort-359x226.jpg\" alt=\"\u201cQue no sea tan cocorito\u201d: la frase de Marta Fort que desat\u00f3 el esc\u00e1ndalo en el clan familiar\" class=\"mt-image\" loading=\"lazy\" \/><\/div>\n<h5 class=\"mt-title\">\u201cQue no sea tan cocorito\u201d: la frase de Marta Fort que desat\u00f3 el esc\u00e1ndalo en el clan familiar<\/h5>\n<\/div>\n<p><\/a><\/div>\n<div class=\"mt-box \">\n<h4 class=\"mt-heading\">Mir\u00e1 Tambi\u00e9n<\/h4>\n<p><a href=\"https:\/\/www.paparazzi.com.ar\/teve\/escandalo-en-punta-del-este-marta-fort-conto-por-que-gasto-20-mil-dolares-y-termino-furiosa\/\"><\/p>\n<div class=\"mt-content\">\n<div class=\"mt-image-container\"><img decoding=\"async\" src=\"https:\/\/www.paparazzi.com.ar\/wp-content\/uploads\/2026\/01\/Marta-Fort1-359x226.jpg\" alt=\"Esc\u00e1ndalo en Punta del Este: Marta Fort cont\u00f3 por qu\u00e9 gast\u00f3 20 mil d\u00f3lares y termin\u00f3 furiosa\" class=\"mt-image\" loading=\"lazy\" \/><\/div>\n<h5 class=\"mt-title\">Esc\u00e1ndalo en Punta del Este: Marta Fort cont\u00f3 por qu\u00e9 gast\u00f3 20 mil d\u00f3lares y termin\u00f3 furiosa<\/h5>\n<\/div>\n<p><\/a><\/div>\n<p>The post <a href=\"https:\/\/www.paparazzi.com.ar\/teve\/como-se-encuentra-de-salud-la-mujer-de-89-anos-que-marta-fort-atropello-con-su-camioneta\/\">C\u00f3mo se encuentra de salud la mujer de 89 a\u00f1os que Marta Fort atropell\u00f3 con su camioneta<\/a> appeared first on <a href=\"https:\/\/www.paparazzi.com.ar\">Revista Paparazzi<\/a>.<\/p>\n","protected":false},"excerpt":{"rendered":"<p>Este s\u00e1bado 17 de enero al mediod\u00eda, una inesperada situaci\u00f3n<\/p>\n","protected":false},"author":0,"featured_media":10484,"comment_status":"","ping_status":"","sticky":false,"template":"","format":"standard","meta":{"footnotes":""},"categories":[65],"tags":[],"class_list":["post-10483","post","type-post","status-publish","format-standard","has-post-thumbnail","hentry","category-pais"],"yoast_head":"<!-- This site is optimized with the Yoast SEO plugin v27.5 - https:\/\/yoast.com\/product\/yoast-seo-wordpress\/ -->\n<title>C\u00f3mo se encuentra de salud la mujer de 89 a\u00f1os que Marta Fort atropell\u00f3 con su camioneta - Cuarteto en la Web<\/title>\n<meta name=\"robots\" content=\"index, follow, max-snippet:-1, max-image-preview:large, max-video-preview:-1\" \/>\n<link rel=\"canonical\" href=\"https:\/\/cuartetoenlaweb.com.ar\/sitio\/como-se-encuentra-de-salud-la-mujer-de-89-anos-que-marta-fort-atropello-con-su-camioneta\/\" \/>\n<meta property=\"og:locale\" content=\"es_ES\" \/>\n<meta property=\"og:type\" content=\"article\" \/>\n<meta property=\"og:title\" content=\"C\u00f3mo se encuentra de salud la mujer de 89 a\u00f1os que Marta Fort atropell\u00f3 con su camioneta - Cuarteto en la Web\" \/>\n<meta property=\"og:description\" content=\"Este s\u00e1bado 17 de enero al mediod\u00eda, una inesperada situaci\u00f3n\" \/>\n<meta property=\"og:url\" content=\"https:\/\/cuartetoenlaweb.com.ar\/sitio\/como-se-encuentra-de-salud-la-mujer-de-89-anos-que-marta-fort-atropello-con-su-camioneta\/\" \/>\n<meta property=\"og:site_name\" content=\"Cuarteto en la Web\" \/>\n<meta property=\"article:published_time\" content=\"2026-01-17T22:00:09+00:00\" \/>\n<meta property=\"og:image\" content=\"https:\/\/cuartetoenlaweb.com.ar\/sitio\/wp-content\/uploads\/2026\/01\/CHIMENTEROS-PORTADA-YT-TOMI-DENTE-359x226-37.jpg\" \/>\n\t<meta property=\"og:image:width\" content=\"359\" \/>\n\t<meta property=\"og:image:height\" content=\"226\" \/>\n\t<meta property=\"og:image:type\" content=\"image\/jpeg\" \/>\n<meta name=\"twitter:card\" content=\"summary_large_image\" \/>\n<meta name=\"twitter:label1\" content=\"Tiempo de lectura\" \/>\n\t<meta name=\"twitter:data1\" content=\"3 minutos\" \/>\n<script type=\"application\/ld+json\" class=\"yoast-schema-graph\">{\"@context\":\"https:\\\/\\\/schema.org\",\"@graph\":[{\"@type\":\"Article\",\"@id\":\"https:\\\/\\\/cuartetoenlaweb.com.ar\\\/sitio\\\/como-se-encuentra-de-salud-la-mujer-de-89-anos-que-marta-fort-atropello-con-su-camioneta\\\/#article\",\"isPartOf\":{\"@id\":\"https:\\\/\\\/cuartetoenlaweb.com.ar\\\/sitio\\\/como-se-encuentra-de-salud-la-mujer-de-89-anos-que-marta-fort-atropello-con-su-camioneta\\\/\"},\"author\":{\"name\":\"\",\"@id\":\"\"},\"headline\":\"C\u00f3mo se encuentra de salud la mujer de 89 a\u00f1os que Marta Fort atropell\u00f3 con su camioneta\",\"datePublished\":\"2026-01-17T22:00:09+00:00\",\"mainEntityOfPage\":{\"@id\":\"https:\\\/\\\/cuartetoenlaweb.com.ar\\\/sitio\\\/como-se-encuentra-de-salud-la-mujer-de-89-anos-que-marta-fort-atropello-con-su-camioneta\\\/\"},\"wordCount\":601,\"publisher\":{\"@id\":\"https:\\\/\\\/cuartetoenlaweb.com.ar\\\/sitio\\\/#organization\"},\"image\":{\"@id\":\"https:\\\/\\\/cuartetoenlaweb.com.ar\\\/sitio\\\/como-se-encuentra-de-salud-la-mujer-de-89-anos-que-marta-fort-atropello-con-su-camioneta\\\/#primaryimage\"},\"thumbnailUrl\":\"https:\\\/\\\/cuartetoenlaweb.com.ar\\\/sitio\\\/wp-content\\\/uploads\\\/2026\\\/01\\\/CHIMENTEROS-PORTADA-YT-TOMI-DENTE-359x226-37.jpg\",\"articleSection\":[\"PAIS\"],\"inLanguage\":\"es\"},{\"@type\":\"WebPage\",\"@id\":\"https:\\\/\\\/cuartetoenlaweb.com.ar\\\/sitio\\\/como-se-encuentra-de-salud-la-mujer-de-89-anos-que-marta-fort-atropello-con-su-camioneta\\\/\",\"url\":\"https:\\\/\\\/cuartetoenlaweb.com.ar\\\/sitio\\\/como-se-encuentra-de-salud-la-mujer-de-89-anos-que-marta-fort-atropello-con-su-camioneta\\\/\",\"name\":\"C\u00f3mo se encuentra de salud la mujer de 89 a\u00f1os que Marta Fort atropell\u00f3 con su camioneta - Cuarteto en la Web\",\"isPartOf\":{\"@id\":\"https:\\\/\\\/cuartetoenlaweb.com.ar\\\/sitio\\\/#website\"},\"primaryImageOfPage\":{\"@id\":\"https:\\\/\\\/cuartetoenlaweb.com.ar\\\/sitio\\\/como-se-encuentra-de-salud-la-mujer-de-89-anos-que-marta-fort-atropello-con-su-camioneta\\\/#primaryimage\"},\"image\":{\"@id\":\"https:\\\/\\\/cuartetoenlaweb.com.ar\\\/sitio\\\/como-se-encuentra-de-salud-la-mujer-de-89-anos-que-marta-fort-atropello-con-su-camioneta\\\/#primaryimage\"},\"thumbnailUrl\":\"https:\\\/\\\/cuartetoenlaweb.com.ar\\\/sitio\\\/wp-content\\\/uploads\\\/2026\\\/01\\\/CHIMENTEROS-PORTADA-YT-TOMI-DENTE-359x226-37.jpg\",\"datePublished\":\"2026-01-17T22:00:09+00:00\",\"breadcrumb\":{\"@id\":\"https:\\\/\\\/cuartetoenlaweb.com.ar\\\/sitio\\\/como-se-encuentra-de-salud-la-mujer-de-89-anos-que-marta-fort-atropello-con-su-camioneta\\\/#breadcrumb\"},\"inLanguage\":\"es\",\"potentialAction\":[{\"@type\":\"ReadAction\",\"target\":[\"https:\\\/\\\/cuartetoenlaweb.com.ar\\\/sitio\\\/como-se-encuentra-de-salud-la-mujer-de-89-anos-que-marta-fort-atropello-con-su-camioneta\\\/\"]}]},{\"@type\":\"ImageObject\",\"inLanguage\":\"es\",\"@id\":\"https:\\\/\\\/cuartetoenlaweb.com.ar\\\/sitio\\\/como-se-encuentra-de-salud-la-mujer-de-89-anos-que-marta-fort-atropello-con-su-camioneta\\\/#primaryimage\",\"url\":\"https:\\\/\\\/cuartetoenlaweb.com.ar\\\/sitio\\\/wp-content\\\/uploads\\\/2026\\\/01\\\/CHIMENTEROS-PORTADA-YT-TOMI-DENTE-359x226-37.jpg\",\"contentUrl\":\"https:\\\/\\\/cuartetoenlaweb.com.ar\\\/sitio\\\/wp-content\\\/uploads\\\/2026\\\/01\\\/CHIMENTEROS-PORTADA-YT-TOMI-DENTE-359x226-37.jpg\",\"width\":359,\"height\":226},{\"@type\":\"BreadcrumbList\",\"@id\":\"https:\\\/\\\/cuartetoenlaweb.com.ar\\\/sitio\\\/como-se-encuentra-de-salud-la-mujer-de-89-anos-que-marta-fort-atropello-con-su-camioneta\\\/#breadcrumb\",\"itemListElement\":[{\"@type\":\"ListItem\",\"position\":1,\"name\":\"Portada\",\"item\":\"https:\\\/\\\/cuartetoenlaweb.com.ar\\\/sitio\\\/\"},{\"@type\":\"ListItem\",\"position\":2,\"name\":\"C\u00f3mo se encuentra de salud la mujer de 89 a\u00f1os que Marta Fort atropell\u00f3 con su camioneta\"}]},{\"@type\":\"WebSite\",\"@id\":\"https:\\\/\\\/cuartetoenlaweb.com.ar\\\/sitio\\\/#website\",\"url\":\"https:\\\/\\\/cuartetoenlaweb.com.ar\\\/sitio\\\/\",\"name\":\"Cuarteto en la Web\",\"description\":\"\",\"publisher\":{\"@id\":\"https:\\\/\\\/cuartetoenlaweb.com.ar\\\/sitio\\\/#organization\"},\"potentialAction\":[{\"@type\":\"SearchAction\",\"target\":{\"@type\":\"EntryPoint\",\"urlTemplate\":\"https:\\\/\\\/cuartetoenlaweb.com.ar\\\/sitio\\\/?s={search_term_string}\"},\"query-input\":{\"@type\":\"PropertyValueSpecification\",\"valueRequired\":true,\"valueName\":\"search_term_string\"}}],\"inLanguage\":\"es\"},{\"@type\":\"Organization\",\"@id\":\"https:\\\/\\\/cuartetoenlaweb.com.ar\\\/sitio\\\/#organization\",\"name\":\"Cuarteto en la Web\",\"url\":\"https:\\\/\\\/cuartetoenlaweb.com.ar\\\/sitio\\\/\",\"logo\":{\"@type\":\"ImageObject\",\"inLanguage\":\"es\",\"@id\":\"https:\\\/\\\/cuartetoenlaweb.com.ar\\\/sitio\\\/#\\\/schema\\\/logo\\\/image\\\/\",\"url\":\"https:\\\/\\\/cuartetoenlaweb.com.ar\\\/sitio\\\/wp-content\\\/uploads\\\/2025\\\/07\\\/cropped-cropped-logitoweb21.png\",\"contentUrl\":\"https:\\\/\\\/cuartetoenlaweb.com.ar\\\/sitio\\\/wp-content\\\/uploads\\\/2025\\\/07\\\/cropped-cropped-logitoweb21.png\",\"width\":199,\"height\":199,\"caption\":\"Cuarteto en la Web\"},\"image\":{\"@id\":\"https:\\\/\\\/cuartetoenlaweb.com.ar\\\/sitio\\\/#\\\/schema\\\/logo\\\/image\\\/\"}}]}<\/script>\n<!-- \/ Yoast SEO plugin. -->","yoast_head_json":{"title":"C\u00f3mo se encuentra de salud la mujer de 89 a\u00f1os que Marta Fort atropell\u00f3 con su camioneta - Cuarteto en la Web","robots":{"index":"index","follow":"follow","max-snippet":"max-snippet:-1","max-image-preview":"max-image-preview:large","max-video-preview":"max-video-preview:-1"},"canonical":"https:\/\/cuartetoenlaweb.com.ar\/sitio\/como-se-encuentra-de-salud-la-mujer-de-89-anos-que-marta-fort-atropello-con-su-camioneta\/","og_locale":"es_ES","og_type":"article","og_title":"C\u00f3mo se encuentra de salud la mujer de 89 a\u00f1os que Marta Fort atropell\u00f3 con su camioneta - Cuarteto en la Web","og_description":"Este s\u00e1bado 17 de enero al mediod\u00eda, una inesperada situaci\u00f3n","og_url":"https:\/\/cuartetoenlaweb.com.ar\/sitio\/como-se-encuentra-de-salud-la-mujer-de-89-anos-que-marta-fort-atropello-con-su-camioneta\/","og_site_name":"Cuarteto en la Web","article_published_time":"2026-01-17T22:00:09+00:00","og_image":[{"width":359,"height":226,"url":"https:\/\/cuartetoenlaweb.com.ar\/sitio\/wp-content\/uploads\/2026\/01\/CHIMENTEROS-PORTADA-YT-TOMI-DENTE-359x226-37.jpg","type":"image\/jpeg"}],"twitter_card":"summary_large_image","twitter_misc":{"Tiempo de lectura":"3 minutos"},"schema":{"@context":"https:\/\/schema.org","@graph":[{"@type":"Article","@id":"https:\/\/cuartetoenlaweb.com.ar\/sitio\/como-se-encuentra-de-salud-la-mujer-de-89-anos-que-marta-fort-atropello-con-su-camioneta\/#article","isPartOf":{"@id":"https:\/\/cuartetoenlaweb.com.ar\/sitio\/como-se-encuentra-de-salud-la-mujer-de-89-anos-que-marta-fort-atropello-con-su-camioneta\/"},"author":{"name":"","@id":""},"headline":"C\u00f3mo se encuentra de salud la mujer de 89 a\u00f1os que Marta Fort atropell\u00f3 con su camioneta","datePublished":"2026-01-17T22:00:09+00:00","mainEntityOfPage":{"@id":"https:\/\/cuartetoenlaweb.com.ar\/sitio\/como-se-encuentra-de-salud-la-mujer-de-89-anos-que-marta-fort-atropello-con-su-camioneta\/"},"wordCount":601,"publisher":{"@id":"https:\/\/cuartetoenlaweb.com.ar\/sitio\/#organization"},"image":{"@id":"https:\/\/cuartetoenlaweb.com.ar\/sitio\/como-se-encuentra-de-salud-la-mujer-de-89-anos-que-marta-fort-atropello-con-su-camioneta\/#primaryimage"},"thumbnailUrl":"https:\/\/cuartetoenlaweb.com.ar\/sitio\/wp-content\/uploads\/2026\/01\/CHIMENTEROS-PORTADA-YT-TOMI-DENTE-359x226-37.jpg","articleSection":["PAIS"],"inLanguage":"es"},{"@type":"WebPage","@id":"https:\/\/cuartetoenlaweb.com.ar\/sitio\/como-se-encuentra-de-salud-la-mujer-de-89-anos-que-marta-fort-atropello-con-su-camioneta\/","url":"https:\/\/cuartetoenlaweb.com.ar\/sitio\/como-se-encuentra-de-salud-la-mujer-de-89-anos-que-marta-fort-atropello-con-su-camioneta\/","name":"C\u00f3mo se encuentra de salud la mujer de 89 a\u00f1os que Marta Fort atropell\u00f3 con su camioneta - Cuarteto en la Web","isPartOf":{"@id":"https:\/\/cuartetoenlaweb.com.ar\/sitio\/#website"},"primaryImageOfPage":{"@id":"https:\/\/cuartetoenlaweb.com.ar\/sitio\/como-se-encuentra-de-salud-la-mujer-de-89-anos-que-marta-fort-atropello-con-su-camioneta\/#primaryimage"},"image":{"@id":"https:\/\/cuartetoenlaweb.com.ar\/sitio\/como-se-encuentra-de-salud-la-mujer-de-89-anos-que-marta-fort-atropello-con-su-camioneta\/#primaryimage"},"thumbnailUrl":"https:\/\/cuartetoenlaweb.com.ar\/sitio\/wp-content\/uploads\/2026\/01\/CHIMENTEROS-PORTADA-YT-TOMI-DENTE-359x226-37.jpg","datePublished":"2026-01-17T22:00:09+00:00","breadcrumb":{"@id":"https:\/\/cuartetoenlaweb.com.ar\/sitio\/como-se-encuentra-de-salud-la-mujer-de-89-anos-que-marta-fort-atropello-con-su-camioneta\/#breadcrumb"},"inLanguage":"es","potentialAction":[{"@type":"ReadAction","target":["https:\/\/cuartetoenlaweb.com.ar\/sitio\/como-se-encuentra-de-salud-la-mujer-de-89-anos-que-marta-fort-atropello-con-su-camioneta\/"]}]},{"@type":"ImageObject","inLanguage":"es","@id":"https:\/\/cuartetoenlaweb.com.ar\/sitio\/como-se-encuentra-de-salud-la-mujer-de-89-anos-que-marta-fort-atropello-con-su-camioneta\/#primaryimage","url":"https:\/\/cuartetoenlaweb.com.ar\/sitio\/wp-content\/uploads\/2026\/01\/CHIMENTEROS-PORTADA-YT-TOMI-DENTE-359x226-37.jpg","contentUrl":"https:\/\/cuartetoenlaweb.com.ar\/sitio\/wp-content\/uploads\/2026\/01\/CHIMENTEROS-PORTADA-YT-TOMI-DENTE-359x226-37.jpg","width":359,"height":226},{"@type":"BreadcrumbList","@id":"https:\/\/cuartetoenlaweb.com.ar\/sitio\/como-se-encuentra-de-salud-la-mujer-de-89-anos-que-marta-fort-atropello-con-su-camioneta\/#breadcrumb","itemListElement":[{"@type":"ListItem","position":1,"name":"Portada","item":"https:\/\/cuartetoenlaweb.com.ar\/sitio\/"},{"@type":"ListItem","position":2,"name":"C\u00f3mo se encuentra de salud la mujer de 89 a\u00f1os que Marta Fort atropell\u00f3 con su camioneta"}]},{"@type":"WebSite","@id":"https:\/\/cuartetoenlaweb.com.ar\/sitio\/#website","url":"https:\/\/cuartetoenlaweb.com.ar\/sitio\/","name":"Cuarteto en la Web","description":"","publisher":{"@id":"https:\/\/cuartetoenlaweb.com.ar\/sitio\/#organization"},"potentialAction":[{"@type":"SearchAction","target":{"@type":"EntryPoint","urlTemplate":"https:\/\/cuartetoenlaweb.com.ar\/sitio\/?s={search_term_string}"},"query-input":{"@type":"PropertyValueSpecification","valueRequired":true,"valueName":"search_term_string"}}],"inLanguage":"es"},{"@type":"Organization","@id":"https:\/\/cuartetoenlaweb.com.ar\/sitio\/#organization","name":"Cuarteto en la Web","url":"https:\/\/cuartetoenlaweb.com.ar\/sitio\/","logo":{"@type":"ImageObject","inLanguage":"es","@id":"https:\/\/cuartetoenlaweb.com.ar\/sitio\/#\/schema\/logo\/image\/","url":"https:\/\/cuartetoenlaweb.com.ar\/sitio\/wp-content\/uploads\/2025\/07\/cropped-cropped-logitoweb21.png","contentUrl":"https:\/\/cuartetoenlaweb.com.ar\/sitio\/wp-content\/uploads\/2025\/07\/cropped-cropped-logitoweb21.png","width":199,"height":199,"caption":"Cuarteto en la Web"},"image":{"@id":"https:\/\/cuartetoenlaweb.com.ar\/sitio\/#\/schema\/logo\/image\/"}}]}},"_links":{"self":[{"href":"https:\/\/cuartetoenlaweb.com.ar\/sitio\/wp-json\/wp\/v2\/posts\/10483","targetHints":{"allow":["GET"]}}],"collection":[{"href":"https:\/\/cuartetoenlaweb.com.ar\/sitio\/wp-json\/wp\/v2\/posts"}],"about":[{"href":"https:\/\/cuartetoenlaweb.com.ar\/sitio\/wp-json\/wp\/v2\/types\/post"}],"replies":[{"embeddable":true,"href":"https:\/\/cuartetoenlaweb.com.ar\/sitio\/wp-json\/wp\/v2\/comments?post=10483"}],"version-history":[{"count":0,"href":"https:\/\/cuartetoenlaweb.com.ar\/sitio\/wp-json\/wp\/v2\/posts\/10483\/revisions"}],"wp:featuredmedia":[{"embeddable":true,"href":"https:\/\/cuartetoenlaweb.com.ar\/sitio\/wp-json\/wp\/v2\/media\/10484"}],"wp:attachment":[{"href":"https:\/\/cuartetoenlaweb.com.ar\/sitio\/wp-json\/wp\/v2\/media?parent=10483"}],"wp:term":[{"taxonomy":"category","embeddable":true,"href":"https:\/\/cuartetoenlaweb.com.ar\/sitio\/wp-json\/wp\/v2\/categories?post=10483"},{"taxonomy":"post_tag","embeddable":true,"href":"https:\/\/cuartetoenlaweb.com.ar\/sitio\/wp-json\/wp\/v2\/tags?post=10483"}],"curies":[{"name":"wp","href":"https:\/\/api.w.org\/{rel}","templated":true}]}}