
{"id":10481,"date":"2026-01-17T19:00:05","date_gmt":"2026-01-17T22:00:05","guid":{"rendered":"https:\/\/cuartetoenlaweb.com.ar\/sitio\/milett-figueroa-conto-la-verdad-sobre-su-separacion-de-marcelo-tinelli-que-paso\/"},"modified":"2026-01-17T19:00:05","modified_gmt":"2026-01-17T22:00:05","slug":"milett-figueroa-conto-la-verdad-sobre-su-separacion-de-marcelo-tinelli-que-paso","status":"publish","type":"post","link":"https:\/\/cuartetoenlaweb.com.ar\/sitio\/milett-figueroa-conto-la-verdad-sobre-su-separacion-de-marcelo-tinelli-que-paso\/","title":{"rendered":"Milett Figueroa cont\u00f3 la verdad sobre su separaci\u00f3n de Marcelo Tinelli: qu\u00e9 pas\u00f3"},"content":{"rendered":"<p>La relaci\u00f3n entre <strong>Marcelo Tinelli <\/strong>y<strong> Milett Figueroa<\/strong> volvi\u00f3 a quedar en el ojo de la tormenta una vez m\u00e1s. Por estas horas, la palabra<em> \u201cseparaci\u00f3n\u201d <\/em>se volvi\u00f3 a instalar con todas sus fuerzas, haciendo foco en el final de su historia de amor. Si bien no es algo nuevo para ellos, y de hecho el propio conductor admiti\u00f3 una ruptura en su momento, lo reiterado del caso parece ser llamativo.<\/p>\n<p>La informaci\u00f3n se dio a conocer por Pepe Ochoa en Bondi. All\u00ed, el conductor de El ej\u00e9rcito de LAM explic\u00f3 que el v\u00ednculo entre <strong>Tinelli<\/strong> y <strong><a href=\"https:\/\/www.paparazzi.com.ar\/romances\/bombazo-marcelo-tinelli-separado-definitivamente-de-millet-figueroa-no-hay-nada-mas\/\">Milett<\/a><\/strong> lleg\u00f3 a su fin, como parte de una decisi\u00f3n que tom\u00f3 el conductor. <em>\u201cLa decisi\u00f3n la tom\u00f3 Marcelo, me contaron que ya no da para m\u00e1s, se termin\u00f3. Ella est\u00e1 en Per\u00fa y \u00e9l, en Argentina\u201d<\/em>, explic\u00f3.<\/p>\n<p>Ochoa tambi\u00e9n explic\u00f3 el trasfondo de la separaci\u00f3n. De acuerdo a lo que cont\u00f3, el dato le habr\u00eda llegado por una persona del c\u00edrculo \u00edntimo de <strong><a href=\"https:\/\/www.paparazzi.com.ar\/teve\/el-incomodo-momento-de-marcelo-tinelli-tras-la-cancion-que-le-dedico-su-hija-juana-siempre-mentis-mas-que\/\">Tinelli<\/a><\/strong>. <em>\u201cMe dicen que se acab\u00f3 el amor, que ya no hay nada ni para sostener el v\u00ednculo que est\u00e1n teniendo\u201d<\/em>, coment\u00f3, alimentando a\u00fan m\u00e1s las especulaciones alrededor de la pareja.<\/p>\n<div class=\"mt-box \">\n<h4 class=\"mt-heading\">Mir\u00e1 Tambi\u00e9n<\/h4>\n<p><a href=\"https:\/\/www.paparazzi.com.ar\/videos\/exclusivo-tomas-dente-habla-de-su-particular-estilo-de-vida-no-tengo-sexo-ni-como-pizza-desde-hace-20-anos\/\"><\/p>\n<div class=\"mt-content\">\n<div class=\"mt-image-container\"><img decoding=\"async\" src=\"https:\/\/www.paparazzi.com.ar\/wp-content\/uploads\/2026\/01\/CHIMENTEROS-PORTADA-YT-TOMI-DENTE-359x226.jpg\" alt=\"\u00a1Exclusivo! Tom\u00e1s Dente habla de su particular estilo de vida: \u201cNo tengo sexo ni como pizza desde hace 20 a\u00f1os\u201d\" class=\"mt-image\" loading=\"lazy\" \/><\/div>\n<h5 class=\"mt-title\">\u00a1Exclusivo! Tom\u00e1s Dente habla de su particular estilo de vida: \u201cNo tengo sexo ni como pizza desde hace 20 a\u00f1os\u201d<\/h5>\n<\/div>\n<p><\/a><\/div>\n<p>Lejos de retroceder, reforz\u00f3 su postura y aport\u00f3 su propia mirada sobre los motivos que generaron el distanciamiento. <em>\u201cA m\u00ed me parece que est\u00e1n en diferentes etapas de la vida y eso los distanci\u00f3 un poco\u201d<\/em>, afirm\u00f3. En este punto, desde hace meses se habla de las diferencias personales y de los diferentes momentos que viven tanto <strong>Tinelli<\/strong> como <strong><a href=\"https:\/\/www.paparazzi.com.ar\/teve\/la-dura-realidad-de-francisco-tinelli-el-hijo-de-marcelo-tinelli-y-paula-robles-viaja-con-sube-y-no-puede\/\">Milett<\/a><\/strong>, m\u00e1s all\u00e1 del v\u00ednculo que tienen.<\/p>\n<h2 class=\"wp-block-heading\">MILETT FIGUEROA ACLAR\u00d3 LAS VERSIONES ALREDEDOR DE SU RUPTURA CON MARCELO TINELLI<\/h2>\n<p>Sin embargo, cuando el revuelo de la separaci\u00f3n volv\u00eda a tomar dimensi\u00f3n, <strong>Milett <\/strong>decidi\u00f3 salir a hablar con todo. Y como pas\u00f3 en su momento, ahora volvi\u00f3 a usar el mismo m\u00e9todo y desminti\u00f3 haberse separado de <strong>Tinelli<\/strong>. La palabra de la modelo peruana se conoci\u00f3 en SQP, donde Majo Martino comparti\u00f3 los mensajes que intercambi\u00f3 con ella.<\/p>\n<p><em>\u201cMe dice \u2018Gracias por preguntar, seguimos juntos. Ya lo aclar\u00f3 \u00e9l (por Tinelli) tambi\u00e9n\u201d<\/em>, introdujo Majo, contradiciendo el dato que circul\u00f3 en estas horas. Adem\u00e1s, <strong>Milett<\/strong> explic\u00f3 que est\u00e1n distanciados solo geogr\u00e1ficamente y esto es solo por cuestiones laborales, lejos de una crisis de pareja. <em>\u201cYo estoy grabando por aqu\u00ed, estoy en Per\u00fa, pero termino y vuelvo\u201d<\/em>, aclar\u00f3.<\/p>\n<div class=\"mt-box \">\n<h4 class=\"mt-heading\">Mir\u00e1 Tambi\u00e9n<\/h4>\n<p><a href=\"https:\/\/www.paparazzi.com.ar\/romances\/bombazo-marcelo-tinelli-separado-definitivamente-de-millet-figueroa-no-hay-nada-mas\/\"><\/p>\n<div class=\"mt-content\">\n<div class=\"mt-image-container\"><img decoding=\"async\" src=\"https:\/\/www.paparazzi.com.ar\/wp-content\/uploads\/2023\/11\/Millet-Tinelli.jpg.webp\" alt=\"\u00a1Bombazo! Marcelo Tinelli separado definitivamente de Milett Figueroa: \u201cNo hay nada m\u00e1s\u201d\" class=\"mt-image\" loading=\"lazy\" \/><\/div>\n<h5 class=\"mt-title\">\u00a1Bombazo! Marcelo Tinelli separado definitivamente de Milett Figueroa: \u201cNo hay nada m\u00e1s\u201d<\/h5>\n<\/div>\n<p><\/a><\/div>\n<p>Por \u00faltimo, <strong>Figueroa<\/strong> cont\u00f3 que <strong>Tinelli<\/strong> tambi\u00e9n se mostr\u00f3 muy sorprendido por estos rumores que estuvieron trascendiendo. <em>\u201cMarcelo tampoco entiende por qu\u00e9 est\u00e1 diciendo eso\u201d<\/em>, cerr\u00f3 la peruana, despejando dudas sobre su relaci\u00f3n y afirmando que la pareja marcha a la perfecci\u00f3n. \u00bfPor qu\u00e9 una vez m\u00e1s se habla de una separaci\u00f3n entonces? \u00bfQui\u00e9n dice la verdad?<\/p>\n<div class=\"mt-box \">\n<h4 class=\"mt-heading\">Mir\u00e1 Tambi\u00e9n<\/h4>\n<p><a href=\"https:\/\/www.paparazzi.com.ar\/teve\/el-incomodo-momento-de-marcelo-tinelli-tras-la-cancion-que-le-dedico-su-hija-juana-siempre-mentis-mas-que\/\"><\/p>\n<div class=\"mt-content\">\n<div class=\"mt-image-container\"><img decoding=\"async\" src=\"https:\/\/www.paparazzi.com.ar\/wp-content\/uploads\/2025\/11\/Yanina-Latorre-saco-a-la-luz-la-dramatica-charla-de-Marcelo-Tinelli-y-su-hija-Juana-22Llamo-a-la-madrugada-y-lo-puteo22-359x226.jpg\" alt=\"El inc\u00f3modo momento de Marcelo Tinelli tras la canci\u00f3n que le dedic\u00f3 su hija Juana: &quot;Me asesin\u00f3&quot;\" class=\"mt-image\" loading=\"lazy\" \/><\/div>\n<h5 class=\"mt-title\">El inc\u00f3modo momento de Marcelo Tinelli tras la canci\u00f3n que le dedic\u00f3 su hija Juana: \u00abMe asesin\u00f3\u00bb<\/h5>\n<\/div>\n<p><\/a><\/div>\n<div class=\"mt-box \">\n<h4 class=\"mt-heading\">Mir\u00e1 Tambi\u00e9n<\/h4>\n<p><a href=\"https:\/\/www.paparazzi.com.ar\/teve\/la-dura-realidad-de-francisco-tinelli-el-hijo-de-marcelo-tinelli-y-paula-robles-viaja-con-sube-y-no-puede\/\"><\/p>\n<div class=\"mt-content\">\n<div class=\"mt-image-container\"><img decoding=\"async\" src=\"https:\/\/www.paparazzi.com.ar\/wp-content\/uploads\/2025\/01\/marcelo-tinelli-y-francisco-tinelli-1956966.jpg.webp\" alt=\"La dura realidad de Francisco Tinelli, el hijo de Marcelo Tinelli y Paula Robles: \u201cViaja con SUBE y no puede\u2026\u201d\" class=\"mt-image\" loading=\"lazy\" \/><\/div>\n<h5 class=\"mt-title\">La dura realidad de Francisco Tinelli, el hijo de Marcelo Tinelli y Paula Robles: \u201cViaja con SUBE y no puede\u2026\u201d<\/h5>\n<\/div>\n<p><\/a><\/div>\n<p>The post <a href=\"https:\/\/www.paparazzi.com.ar\/romances\/milett-figueroa-conto-la-verdad-sobre-su-separacion-de-marcelo-tinelli-que-paso\/\">Milett Figueroa cont\u00f3 la verdad sobre su separaci\u00f3n de Marcelo Tinelli: qu\u00e9 pas\u00f3<\/a> appeared first on <a href=\"https:\/\/www.paparazzi.com.ar\">Revista Paparazzi<\/a>.<\/p>\n","protected":false},"excerpt":{"rendered":"<p>La relaci\u00f3n entre Marcelo Tinelli y Milett Figueroa volvi\u00f3 a<\/p>\n","protected":false},"author":0,"featured_media":10482,"comment_status":"","ping_status":"","sticky":false,"template":"","format":"standard","meta":{"footnotes":""},"categories":[65],"tags":[],"class_list":["post-10481","post","type-post","status-publish","format-standard","has-post-thumbnail","hentry","category-pais"],"yoast_head":"<!-- This site is optimized with the Yoast SEO plugin v27.5 - https:\/\/yoast.com\/product\/yoast-seo-wordpress\/ -->\n<title>Milett Figueroa cont\u00f3 la verdad sobre su separaci\u00f3n de Marcelo Tinelli: qu\u00e9 pas\u00f3 - Cuarteto en la Web<\/title>\n<meta name=\"robots\" content=\"index, follow, max-snippet:-1, max-image-preview:large, max-video-preview:-1\" \/>\n<link rel=\"canonical\" href=\"http:\/\/cuartetoenlaweb.com.ar\/sitio\/milett-figueroa-conto-la-verdad-sobre-su-separacion-de-marcelo-tinelli-que-paso\/\" \/>\n<meta property=\"og:locale\" content=\"es_ES\" \/>\n<meta property=\"og:type\" content=\"article\" \/>\n<meta property=\"og:title\" content=\"Milett Figueroa cont\u00f3 la verdad sobre su separaci\u00f3n de Marcelo Tinelli: qu\u00e9 pas\u00f3 - Cuarteto en la Web\" \/>\n<meta property=\"og:description\" content=\"La relaci\u00f3n entre Marcelo Tinelli y Milett Figueroa volvi\u00f3 a\" \/>\n<meta property=\"og:url\" content=\"http:\/\/cuartetoenlaweb.com.ar\/sitio\/milett-figueroa-conto-la-verdad-sobre-su-separacion-de-marcelo-tinelli-que-paso\/\" \/>\n<meta property=\"og:site_name\" content=\"Cuarteto en la Web\" \/>\n<meta property=\"article:published_time\" content=\"2026-01-17T22:00:05+00:00\" \/>\n<meta property=\"og:image\" content=\"http:\/\/cuartetoenlaweb.com.ar\/sitio\/wp-content\/uploads\/2026\/01\/CHIMENTEROS-PORTADA-YT-TOMI-DENTE-359x226-36.jpg\" \/>\n\t<meta property=\"og:image:width\" content=\"359\" \/>\n\t<meta property=\"og:image:height\" content=\"226\" \/>\n\t<meta property=\"og:image:type\" content=\"image\/jpeg\" \/>\n<meta name=\"twitter:card\" content=\"summary_large_image\" \/>\n<meta name=\"twitter:label1\" content=\"Tiempo de lectura\" \/>\n\t<meta name=\"twitter:data1\" content=\"3 minutos\" \/>\n<script type=\"application\/ld+json\" class=\"yoast-schema-graph\">{\"@context\":\"https:\\\/\\\/schema.org\",\"@graph\":[{\"@type\":\"Article\",\"@id\":\"http:\\\/\\\/cuartetoenlaweb.com.ar\\\/sitio\\\/milett-figueroa-conto-la-verdad-sobre-su-separacion-de-marcelo-tinelli-que-paso\\\/#article\",\"isPartOf\":{\"@id\":\"http:\\\/\\\/cuartetoenlaweb.com.ar\\\/sitio\\\/milett-figueroa-conto-la-verdad-sobre-su-separacion-de-marcelo-tinelli-que-paso\\\/\"},\"author\":{\"name\":\"\",\"@id\":\"\"},\"headline\":\"Milett Figueroa cont\u00f3 la verdad sobre su separaci\u00f3n de Marcelo Tinelli: qu\u00e9 pas\u00f3\",\"datePublished\":\"2026-01-17T22:00:05+00:00\",\"mainEntityOfPage\":{\"@id\":\"http:\\\/\\\/cuartetoenlaweb.com.ar\\\/sitio\\\/milett-figueroa-conto-la-verdad-sobre-su-separacion-de-marcelo-tinelli-que-paso\\\/\"},\"wordCount\":597,\"publisher\":{\"@id\":\"https:\\\/\\\/cuartetoenlaweb.com.ar\\\/sitio\\\/#organization\"},\"image\":{\"@id\":\"http:\\\/\\\/cuartetoenlaweb.com.ar\\\/sitio\\\/milett-figueroa-conto-la-verdad-sobre-su-separacion-de-marcelo-tinelli-que-paso\\\/#primaryimage\"},\"thumbnailUrl\":\"https:\\\/\\\/cuartetoenlaweb.com.ar\\\/sitio\\\/wp-content\\\/uploads\\\/2026\\\/01\\\/CHIMENTEROS-PORTADA-YT-TOMI-DENTE-359x226-36.jpg\",\"articleSection\":[\"PAIS\"],\"inLanguage\":\"es\"},{\"@type\":\"WebPage\",\"@id\":\"http:\\\/\\\/cuartetoenlaweb.com.ar\\\/sitio\\\/milett-figueroa-conto-la-verdad-sobre-su-separacion-de-marcelo-tinelli-que-paso\\\/\",\"url\":\"http:\\\/\\\/cuartetoenlaweb.com.ar\\\/sitio\\\/milett-figueroa-conto-la-verdad-sobre-su-separacion-de-marcelo-tinelli-que-paso\\\/\",\"name\":\"Milett Figueroa cont\u00f3 la verdad sobre su separaci\u00f3n de Marcelo Tinelli: qu\u00e9 pas\u00f3 - Cuarteto en la Web\",\"isPartOf\":{\"@id\":\"https:\\\/\\\/cuartetoenlaweb.com.ar\\\/sitio\\\/#website\"},\"primaryImageOfPage\":{\"@id\":\"http:\\\/\\\/cuartetoenlaweb.com.ar\\\/sitio\\\/milett-figueroa-conto-la-verdad-sobre-su-separacion-de-marcelo-tinelli-que-paso\\\/#primaryimage\"},\"image\":{\"@id\":\"http:\\\/\\\/cuartetoenlaweb.com.ar\\\/sitio\\\/milett-figueroa-conto-la-verdad-sobre-su-separacion-de-marcelo-tinelli-que-paso\\\/#primaryimage\"},\"thumbnailUrl\":\"https:\\\/\\\/cuartetoenlaweb.com.ar\\\/sitio\\\/wp-content\\\/uploads\\\/2026\\\/01\\\/CHIMENTEROS-PORTADA-YT-TOMI-DENTE-359x226-36.jpg\",\"datePublished\":\"2026-01-17T22:00:05+00:00\",\"breadcrumb\":{\"@id\":\"http:\\\/\\\/cuartetoenlaweb.com.ar\\\/sitio\\\/milett-figueroa-conto-la-verdad-sobre-su-separacion-de-marcelo-tinelli-que-paso\\\/#breadcrumb\"},\"inLanguage\":\"es\",\"potentialAction\":[{\"@type\":\"ReadAction\",\"target\":[\"http:\\\/\\\/cuartetoenlaweb.com.ar\\\/sitio\\\/milett-figueroa-conto-la-verdad-sobre-su-separacion-de-marcelo-tinelli-que-paso\\\/\"]}]},{\"@type\":\"ImageObject\",\"inLanguage\":\"es\",\"@id\":\"http:\\\/\\\/cuartetoenlaweb.com.ar\\\/sitio\\\/milett-figueroa-conto-la-verdad-sobre-su-separacion-de-marcelo-tinelli-que-paso\\\/#primaryimage\",\"url\":\"https:\\\/\\\/cuartetoenlaweb.com.ar\\\/sitio\\\/wp-content\\\/uploads\\\/2026\\\/01\\\/CHIMENTEROS-PORTADA-YT-TOMI-DENTE-359x226-36.jpg\",\"contentUrl\":\"https:\\\/\\\/cuartetoenlaweb.com.ar\\\/sitio\\\/wp-content\\\/uploads\\\/2026\\\/01\\\/CHIMENTEROS-PORTADA-YT-TOMI-DENTE-359x226-36.jpg\",\"width\":359,\"height\":226},{\"@type\":\"BreadcrumbList\",\"@id\":\"http:\\\/\\\/cuartetoenlaweb.com.ar\\\/sitio\\\/milett-figueroa-conto-la-verdad-sobre-su-separacion-de-marcelo-tinelli-que-paso\\\/#breadcrumb\",\"itemListElement\":[{\"@type\":\"ListItem\",\"position\":1,\"name\":\"Portada\",\"item\":\"https:\\\/\\\/cuartetoenlaweb.com.ar\\\/sitio\\\/\"},{\"@type\":\"ListItem\",\"position\":2,\"name\":\"Milett Figueroa cont\u00f3 la verdad sobre su separaci\u00f3n de Marcelo Tinelli: qu\u00e9 pas\u00f3\"}]},{\"@type\":\"WebSite\",\"@id\":\"https:\\\/\\\/cuartetoenlaweb.com.ar\\\/sitio\\\/#website\",\"url\":\"https:\\\/\\\/cuartetoenlaweb.com.ar\\\/sitio\\\/\",\"name\":\"Cuarteto en la Web\",\"description\":\"\",\"publisher\":{\"@id\":\"https:\\\/\\\/cuartetoenlaweb.com.ar\\\/sitio\\\/#organization\"},\"potentialAction\":[{\"@type\":\"SearchAction\",\"target\":{\"@type\":\"EntryPoint\",\"urlTemplate\":\"https:\\\/\\\/cuartetoenlaweb.com.ar\\\/sitio\\\/?s={search_term_string}\"},\"query-input\":{\"@type\":\"PropertyValueSpecification\",\"valueRequired\":true,\"valueName\":\"search_term_string\"}}],\"inLanguage\":\"es\"},{\"@type\":\"Organization\",\"@id\":\"https:\\\/\\\/cuartetoenlaweb.com.ar\\\/sitio\\\/#organization\",\"name\":\"Cuarteto en la Web\",\"url\":\"https:\\\/\\\/cuartetoenlaweb.com.ar\\\/sitio\\\/\",\"logo\":{\"@type\":\"ImageObject\",\"inLanguage\":\"es\",\"@id\":\"https:\\\/\\\/cuartetoenlaweb.com.ar\\\/sitio\\\/#\\\/schema\\\/logo\\\/image\\\/\",\"url\":\"https:\\\/\\\/cuartetoenlaweb.com.ar\\\/sitio\\\/wp-content\\\/uploads\\\/2025\\\/07\\\/cropped-cropped-logitoweb21.png\",\"contentUrl\":\"https:\\\/\\\/cuartetoenlaweb.com.ar\\\/sitio\\\/wp-content\\\/uploads\\\/2025\\\/07\\\/cropped-cropped-logitoweb21.png\",\"width\":199,\"height\":199,\"caption\":\"Cuarteto en la Web\"},\"image\":{\"@id\":\"https:\\\/\\\/cuartetoenlaweb.com.ar\\\/sitio\\\/#\\\/schema\\\/logo\\\/image\\\/\"}}]}<\/script>\n<!-- \/ Yoast SEO plugin. -->","yoast_head_json":{"title":"Milett Figueroa cont\u00f3 la verdad sobre su separaci\u00f3n de Marcelo Tinelli: qu\u00e9 pas\u00f3 - Cuarteto en la Web","robots":{"index":"index","follow":"follow","max-snippet":"max-snippet:-1","max-image-preview":"max-image-preview:large","max-video-preview":"max-video-preview:-1"},"canonical":"http:\/\/cuartetoenlaweb.com.ar\/sitio\/milett-figueroa-conto-la-verdad-sobre-su-separacion-de-marcelo-tinelli-que-paso\/","og_locale":"es_ES","og_type":"article","og_title":"Milett Figueroa cont\u00f3 la verdad sobre su separaci\u00f3n de Marcelo Tinelli: qu\u00e9 pas\u00f3 - Cuarteto en la Web","og_description":"La relaci\u00f3n entre Marcelo Tinelli y Milett Figueroa volvi\u00f3 a","og_url":"http:\/\/cuartetoenlaweb.com.ar\/sitio\/milett-figueroa-conto-la-verdad-sobre-su-separacion-de-marcelo-tinelli-que-paso\/","og_site_name":"Cuarteto en la Web","article_published_time":"2026-01-17T22:00:05+00:00","og_image":[{"width":359,"height":226,"url":"http:\/\/cuartetoenlaweb.com.ar\/sitio\/wp-content\/uploads\/2026\/01\/CHIMENTEROS-PORTADA-YT-TOMI-DENTE-359x226-36.jpg","type":"image\/jpeg"}],"twitter_card":"summary_large_image","twitter_misc":{"Tiempo de lectura":"3 minutos"},"schema":{"@context":"https:\/\/schema.org","@graph":[{"@type":"Article","@id":"http:\/\/cuartetoenlaweb.com.ar\/sitio\/milett-figueroa-conto-la-verdad-sobre-su-separacion-de-marcelo-tinelli-que-paso\/#article","isPartOf":{"@id":"http:\/\/cuartetoenlaweb.com.ar\/sitio\/milett-figueroa-conto-la-verdad-sobre-su-separacion-de-marcelo-tinelli-que-paso\/"},"author":{"name":"","@id":""},"headline":"Milett Figueroa cont\u00f3 la verdad sobre su separaci\u00f3n de Marcelo Tinelli: qu\u00e9 pas\u00f3","datePublished":"2026-01-17T22:00:05+00:00","mainEntityOfPage":{"@id":"http:\/\/cuartetoenlaweb.com.ar\/sitio\/milett-figueroa-conto-la-verdad-sobre-su-separacion-de-marcelo-tinelli-que-paso\/"},"wordCount":597,"publisher":{"@id":"https:\/\/cuartetoenlaweb.com.ar\/sitio\/#organization"},"image":{"@id":"http:\/\/cuartetoenlaweb.com.ar\/sitio\/milett-figueroa-conto-la-verdad-sobre-su-separacion-de-marcelo-tinelli-que-paso\/#primaryimage"},"thumbnailUrl":"https:\/\/cuartetoenlaweb.com.ar\/sitio\/wp-content\/uploads\/2026\/01\/CHIMENTEROS-PORTADA-YT-TOMI-DENTE-359x226-36.jpg","articleSection":["PAIS"],"inLanguage":"es"},{"@type":"WebPage","@id":"http:\/\/cuartetoenlaweb.com.ar\/sitio\/milett-figueroa-conto-la-verdad-sobre-su-separacion-de-marcelo-tinelli-que-paso\/","url":"http:\/\/cuartetoenlaweb.com.ar\/sitio\/milett-figueroa-conto-la-verdad-sobre-su-separacion-de-marcelo-tinelli-que-paso\/","name":"Milett Figueroa cont\u00f3 la verdad sobre su separaci\u00f3n de Marcelo Tinelli: qu\u00e9 pas\u00f3 - Cuarteto en la Web","isPartOf":{"@id":"https:\/\/cuartetoenlaweb.com.ar\/sitio\/#website"},"primaryImageOfPage":{"@id":"http:\/\/cuartetoenlaweb.com.ar\/sitio\/milett-figueroa-conto-la-verdad-sobre-su-separacion-de-marcelo-tinelli-que-paso\/#primaryimage"},"image":{"@id":"http:\/\/cuartetoenlaweb.com.ar\/sitio\/milett-figueroa-conto-la-verdad-sobre-su-separacion-de-marcelo-tinelli-que-paso\/#primaryimage"},"thumbnailUrl":"https:\/\/cuartetoenlaweb.com.ar\/sitio\/wp-content\/uploads\/2026\/01\/CHIMENTEROS-PORTADA-YT-TOMI-DENTE-359x226-36.jpg","datePublished":"2026-01-17T22:00:05+00:00","breadcrumb":{"@id":"http:\/\/cuartetoenlaweb.com.ar\/sitio\/milett-figueroa-conto-la-verdad-sobre-su-separacion-de-marcelo-tinelli-que-paso\/#breadcrumb"},"inLanguage":"es","potentialAction":[{"@type":"ReadAction","target":["http:\/\/cuartetoenlaweb.com.ar\/sitio\/milett-figueroa-conto-la-verdad-sobre-su-separacion-de-marcelo-tinelli-que-paso\/"]}]},{"@type":"ImageObject","inLanguage":"es","@id":"http:\/\/cuartetoenlaweb.com.ar\/sitio\/milett-figueroa-conto-la-verdad-sobre-su-separacion-de-marcelo-tinelli-que-paso\/#primaryimage","url":"https:\/\/cuartetoenlaweb.com.ar\/sitio\/wp-content\/uploads\/2026\/01\/CHIMENTEROS-PORTADA-YT-TOMI-DENTE-359x226-36.jpg","contentUrl":"https:\/\/cuartetoenlaweb.com.ar\/sitio\/wp-content\/uploads\/2026\/01\/CHIMENTEROS-PORTADA-YT-TOMI-DENTE-359x226-36.jpg","width":359,"height":226},{"@type":"BreadcrumbList","@id":"http:\/\/cuartetoenlaweb.com.ar\/sitio\/milett-figueroa-conto-la-verdad-sobre-su-separacion-de-marcelo-tinelli-que-paso\/#breadcrumb","itemListElement":[{"@type":"ListItem","position":1,"name":"Portada","item":"https:\/\/cuartetoenlaweb.com.ar\/sitio\/"},{"@type":"ListItem","position":2,"name":"Milett Figueroa cont\u00f3 la verdad sobre su separaci\u00f3n de Marcelo Tinelli: qu\u00e9 pas\u00f3"}]},{"@type":"WebSite","@id":"https:\/\/cuartetoenlaweb.com.ar\/sitio\/#website","url":"https:\/\/cuartetoenlaweb.com.ar\/sitio\/","name":"Cuarteto en la Web","description":"","publisher":{"@id":"https:\/\/cuartetoenlaweb.com.ar\/sitio\/#organization"},"potentialAction":[{"@type":"SearchAction","target":{"@type":"EntryPoint","urlTemplate":"https:\/\/cuartetoenlaweb.com.ar\/sitio\/?s={search_term_string}"},"query-input":{"@type":"PropertyValueSpecification","valueRequired":true,"valueName":"search_term_string"}}],"inLanguage":"es"},{"@type":"Organization","@id":"https:\/\/cuartetoenlaweb.com.ar\/sitio\/#organization","name":"Cuarteto en la Web","url":"https:\/\/cuartetoenlaweb.com.ar\/sitio\/","logo":{"@type":"ImageObject","inLanguage":"es","@id":"https:\/\/cuartetoenlaweb.com.ar\/sitio\/#\/schema\/logo\/image\/","url":"https:\/\/cuartetoenlaweb.com.ar\/sitio\/wp-content\/uploads\/2025\/07\/cropped-cropped-logitoweb21.png","contentUrl":"https:\/\/cuartetoenlaweb.com.ar\/sitio\/wp-content\/uploads\/2025\/07\/cropped-cropped-logitoweb21.png","width":199,"height":199,"caption":"Cuarteto en la Web"},"image":{"@id":"https:\/\/cuartetoenlaweb.com.ar\/sitio\/#\/schema\/logo\/image\/"}}]}},"_links":{"self":[{"href":"https:\/\/cuartetoenlaweb.com.ar\/sitio\/wp-json\/wp\/v2\/posts\/10481","targetHints":{"allow":["GET"]}}],"collection":[{"href":"https:\/\/cuartetoenlaweb.com.ar\/sitio\/wp-json\/wp\/v2\/posts"}],"about":[{"href":"https:\/\/cuartetoenlaweb.com.ar\/sitio\/wp-json\/wp\/v2\/types\/post"}],"replies":[{"embeddable":true,"href":"https:\/\/cuartetoenlaweb.com.ar\/sitio\/wp-json\/wp\/v2\/comments?post=10481"}],"version-history":[{"count":0,"href":"https:\/\/cuartetoenlaweb.com.ar\/sitio\/wp-json\/wp\/v2\/posts\/10481\/revisions"}],"wp:featuredmedia":[{"embeddable":true,"href":"https:\/\/cuartetoenlaweb.com.ar\/sitio\/wp-json\/wp\/v2\/media\/10482"}],"wp:attachment":[{"href":"https:\/\/cuartetoenlaweb.com.ar\/sitio\/wp-json\/wp\/v2\/media?parent=10481"}],"wp:term":[{"taxonomy":"category","embeddable":true,"href":"https:\/\/cuartetoenlaweb.com.ar\/sitio\/wp-json\/wp\/v2\/categories?post=10481"},{"taxonomy":"post_tag","embeddable":true,"href":"https:\/\/cuartetoenlaweb.com.ar\/sitio\/wp-json\/wp\/v2\/tags?post=10481"}],"curies":[{"name":"wp","href":"https:\/\/api.w.org\/{rel}","templated":true}]}}