
{"id":10454,"date":"2026-01-16T18:00:17","date_gmt":"2026-01-16T21:00:17","guid":{"rendered":"https:\/\/cuartetoenlaweb.com.ar\/sitio\/alex-albon-y-lily-muni-he-anunciaron-su-compromiso\/"},"modified":"2026-01-16T18:00:17","modified_gmt":"2026-01-16T21:00:17","slug":"alex-albon-y-lily-muni-he-anunciaron-su-compromiso","status":"publish","type":"post","link":"https:\/\/cuartetoenlaweb.com.ar\/sitio\/alex-albon-y-lily-muni-he-anunciaron-su-compromiso\/","title":{"rendered":"Alex Albon y Lily Muni He anunciaron su compromiso"},"content":{"rendered":"<p>Buenos Aires, 16 enero (NA) \u2014 Alex Albon y Lily Muni He anunciaron que se van a casar y la noticia r\u00e1pidamente se volvi\u00f3 viral entre los fan\u00e1ticos del automovilismo y el golf.<\/p>\n<p>\u201cSupongo que ahora estamos atrapados el uno con el otro\u201d, escribieron ambos en sus redes sociales junto a una selfie sonriente, seg\u00fan se inform\u00f3 la Agencia Noticias Argentinas, en la que la golfista profesional mostr\u00f3 su anillo de compromiso.<\/p>\n<p>La pareja combina dos carreras deportivas de alto rendimiento que se desarrollan en distintos continentes. Albon, piloto tailand\u00e9s de la escuder\u00eda Williams en la F\u00f3rmula 1, y Lily, figura del Tour de la LPGA, comenzaron su relaci\u00f3n en 2019 luego de conocerse a trav\u00e9s de redes sociales tras el estreno de la serie Drive to Survive.<\/p>\n<p>A lo largo del tiempo, ambos destacaron que el entendimiento mutuo fue clave para sostener el v\u00ednculo pese a la distancia y las exigencias del alto nivel. En distintas entrevistas, Albon reconoci\u00f3 que el talento de Lily lo inspira e intimida a la vez, mientras que ella suele acompa\u00f1arlo en algunos Grandes Premios.<\/p>\n<p>Adem\u00e1s de su carrera deportiva, Lily Muni He tambi\u00e9n se consolid\u00f3 como influencer y referente dentro del golf femenino, con una fuerte presencia en redes y acuerdos con marcas internacionales. #AgenciaNA<\/p>\n","protected":false},"excerpt":{"rendered":"<p>Buenos Aires, 16 enero (NA) \u2014 Alex Albon y Lily<\/p>\n","protected":false},"author":0,"featured_media":10455,"comment_status":"","ping_status":"","sticky":false,"template":"","format":"standard","meta":{"footnotes":""},"categories":[65],"tags":[],"class_list":["post-10454","post","type-post","status-publish","format-standard","has-post-thumbnail","hentry","category-pais"],"yoast_head":"<!-- This site is optimized with the Yoast SEO plugin v27.5 - https:\/\/yoast.com\/product\/yoast-seo-wordpress\/ -->\n<title>Alex Albon y Lily Muni He anunciaron su compromiso - Cuarteto en la Web<\/title>\n<meta name=\"robots\" content=\"index, follow, max-snippet:-1, max-image-preview:large, max-video-preview:-1\" \/>\n<link rel=\"canonical\" href=\"https:\/\/cuartetoenlaweb.com.ar\/sitio\/alex-albon-y-lily-muni-he-anunciaron-su-compromiso\/\" \/>\n<meta property=\"og:locale\" content=\"es_ES\" \/>\n<meta property=\"og:type\" content=\"article\" \/>\n<meta property=\"og:title\" content=\"Alex Albon y Lily Muni He anunciaron su compromiso - Cuarteto en la Web\" \/>\n<meta property=\"og:description\" content=\"Buenos Aires, 16 enero (NA) \u2014 Alex Albon y Lily\" \/>\n<meta property=\"og:url\" content=\"https:\/\/cuartetoenlaweb.com.ar\/sitio\/alex-albon-y-lily-muni-he-anunciaron-su-compromiso\/\" \/>\n<meta property=\"og:site_name\" content=\"Cuarteto en la Web\" \/>\n<meta property=\"article:published_time\" content=\"2026-01-16T21:00:17+00:00\" \/>\n<meta property=\"og:image\" content=\"https:\/\/cuartetoenlaweb.com.ar\/sitio\/wp-content\/uploads\/2026\/01\/720-142.jpeg\" \/>\n\t<meta property=\"og:image:width\" content=\"1201\" \/>\n\t<meta property=\"og:image:height\" content=\"720\" \/>\n\t<meta property=\"og:image:type\" content=\"image\/jpeg\" \/>\n<meta name=\"twitter:card\" content=\"summary_large_image\" \/>\n<meta name=\"twitter:label1\" content=\"Tiempo de lectura\" \/>\n\t<meta name=\"twitter:data1\" content=\"1 minuto\" \/>\n<script type=\"application\/ld+json\" class=\"yoast-schema-graph\">{\"@context\":\"https:\\\/\\\/schema.org\",\"@graph\":[{\"@type\":\"Article\",\"@id\":\"https:\\\/\\\/cuartetoenlaweb.com.ar\\\/sitio\\\/alex-albon-y-lily-muni-he-anunciaron-su-compromiso\\\/#article\",\"isPartOf\":{\"@id\":\"https:\\\/\\\/cuartetoenlaweb.com.ar\\\/sitio\\\/alex-albon-y-lily-muni-he-anunciaron-su-compromiso\\\/\"},\"author\":{\"name\":\"\",\"@id\":\"\"},\"headline\":\"Alex Albon y Lily Muni He anunciaron su compromiso\",\"datePublished\":\"2026-01-16T21:00:17+00:00\",\"mainEntityOfPage\":{\"@id\":\"https:\\\/\\\/cuartetoenlaweb.com.ar\\\/sitio\\\/alex-albon-y-lily-muni-he-anunciaron-su-compromiso\\\/\"},\"wordCount\":229,\"publisher\":{\"@id\":\"https:\\\/\\\/cuartetoenlaweb.com.ar\\\/sitio\\\/#organization\"},\"image\":{\"@id\":\"https:\\\/\\\/cuartetoenlaweb.com.ar\\\/sitio\\\/alex-albon-y-lily-muni-he-anunciaron-su-compromiso\\\/#primaryimage\"},\"thumbnailUrl\":\"https:\\\/\\\/cuartetoenlaweb.com.ar\\\/sitio\\\/wp-content\\\/uploads\\\/2026\\\/01\\\/720-142.jpeg\",\"articleSection\":[\"PAIS\"],\"inLanguage\":\"es\"},{\"@type\":\"WebPage\",\"@id\":\"https:\\\/\\\/cuartetoenlaweb.com.ar\\\/sitio\\\/alex-albon-y-lily-muni-he-anunciaron-su-compromiso\\\/\",\"url\":\"https:\\\/\\\/cuartetoenlaweb.com.ar\\\/sitio\\\/alex-albon-y-lily-muni-he-anunciaron-su-compromiso\\\/\",\"name\":\"Alex Albon y Lily Muni He anunciaron su compromiso - Cuarteto en la Web\",\"isPartOf\":{\"@id\":\"https:\\\/\\\/cuartetoenlaweb.com.ar\\\/sitio\\\/#website\"},\"primaryImageOfPage\":{\"@id\":\"https:\\\/\\\/cuartetoenlaweb.com.ar\\\/sitio\\\/alex-albon-y-lily-muni-he-anunciaron-su-compromiso\\\/#primaryimage\"},\"image\":{\"@id\":\"https:\\\/\\\/cuartetoenlaweb.com.ar\\\/sitio\\\/alex-albon-y-lily-muni-he-anunciaron-su-compromiso\\\/#primaryimage\"},\"thumbnailUrl\":\"https:\\\/\\\/cuartetoenlaweb.com.ar\\\/sitio\\\/wp-content\\\/uploads\\\/2026\\\/01\\\/720-142.jpeg\",\"datePublished\":\"2026-01-16T21:00:17+00:00\",\"breadcrumb\":{\"@id\":\"https:\\\/\\\/cuartetoenlaweb.com.ar\\\/sitio\\\/alex-albon-y-lily-muni-he-anunciaron-su-compromiso\\\/#breadcrumb\"},\"inLanguage\":\"es\",\"potentialAction\":[{\"@type\":\"ReadAction\",\"target\":[\"https:\\\/\\\/cuartetoenlaweb.com.ar\\\/sitio\\\/alex-albon-y-lily-muni-he-anunciaron-su-compromiso\\\/\"]}]},{\"@type\":\"ImageObject\",\"inLanguage\":\"es\",\"@id\":\"https:\\\/\\\/cuartetoenlaweb.com.ar\\\/sitio\\\/alex-albon-y-lily-muni-he-anunciaron-su-compromiso\\\/#primaryimage\",\"url\":\"https:\\\/\\\/cuartetoenlaweb.com.ar\\\/sitio\\\/wp-content\\\/uploads\\\/2026\\\/01\\\/720-142.jpeg\",\"contentUrl\":\"https:\\\/\\\/cuartetoenlaweb.com.ar\\\/sitio\\\/wp-content\\\/uploads\\\/2026\\\/01\\\/720-142.jpeg\",\"width\":1201,\"height\":720},{\"@type\":\"BreadcrumbList\",\"@id\":\"https:\\\/\\\/cuartetoenlaweb.com.ar\\\/sitio\\\/alex-albon-y-lily-muni-he-anunciaron-su-compromiso\\\/#breadcrumb\",\"itemListElement\":[{\"@type\":\"ListItem\",\"position\":1,\"name\":\"Portada\",\"item\":\"https:\\\/\\\/cuartetoenlaweb.com.ar\\\/sitio\\\/\"},{\"@type\":\"ListItem\",\"position\":2,\"name\":\"Alex Albon y Lily Muni He anunciaron su compromiso\"}]},{\"@type\":\"WebSite\",\"@id\":\"https:\\\/\\\/cuartetoenlaweb.com.ar\\\/sitio\\\/#website\",\"url\":\"https:\\\/\\\/cuartetoenlaweb.com.ar\\\/sitio\\\/\",\"name\":\"Cuarteto en la Web\",\"description\":\"\",\"publisher\":{\"@id\":\"https:\\\/\\\/cuartetoenlaweb.com.ar\\\/sitio\\\/#organization\"},\"potentialAction\":[{\"@type\":\"SearchAction\",\"target\":{\"@type\":\"EntryPoint\",\"urlTemplate\":\"https:\\\/\\\/cuartetoenlaweb.com.ar\\\/sitio\\\/?s={search_term_string}\"},\"query-input\":{\"@type\":\"PropertyValueSpecification\",\"valueRequired\":true,\"valueName\":\"search_term_string\"}}],\"inLanguage\":\"es\"},{\"@type\":\"Organization\",\"@id\":\"https:\\\/\\\/cuartetoenlaweb.com.ar\\\/sitio\\\/#organization\",\"name\":\"Cuarteto en la Web\",\"url\":\"https:\\\/\\\/cuartetoenlaweb.com.ar\\\/sitio\\\/\",\"logo\":{\"@type\":\"ImageObject\",\"inLanguage\":\"es\",\"@id\":\"https:\\\/\\\/cuartetoenlaweb.com.ar\\\/sitio\\\/#\\\/schema\\\/logo\\\/image\\\/\",\"url\":\"https:\\\/\\\/cuartetoenlaweb.com.ar\\\/sitio\\\/wp-content\\\/uploads\\\/2025\\\/07\\\/cropped-cropped-logitoweb21.png\",\"contentUrl\":\"https:\\\/\\\/cuartetoenlaweb.com.ar\\\/sitio\\\/wp-content\\\/uploads\\\/2025\\\/07\\\/cropped-cropped-logitoweb21.png\",\"width\":199,\"height\":199,\"caption\":\"Cuarteto en la Web\"},\"image\":{\"@id\":\"https:\\\/\\\/cuartetoenlaweb.com.ar\\\/sitio\\\/#\\\/schema\\\/logo\\\/image\\\/\"}}]}<\/script>\n<!-- \/ Yoast SEO plugin. -->","yoast_head_json":{"title":"Alex Albon y Lily Muni He anunciaron su compromiso - Cuarteto en la Web","robots":{"index":"index","follow":"follow","max-snippet":"max-snippet:-1","max-image-preview":"max-image-preview:large","max-video-preview":"max-video-preview:-1"},"canonical":"https:\/\/cuartetoenlaweb.com.ar\/sitio\/alex-albon-y-lily-muni-he-anunciaron-su-compromiso\/","og_locale":"es_ES","og_type":"article","og_title":"Alex Albon y Lily Muni He anunciaron su compromiso - Cuarteto en la Web","og_description":"Buenos Aires, 16 enero (NA) \u2014 Alex Albon y Lily","og_url":"https:\/\/cuartetoenlaweb.com.ar\/sitio\/alex-albon-y-lily-muni-he-anunciaron-su-compromiso\/","og_site_name":"Cuarteto en la Web","article_published_time":"2026-01-16T21:00:17+00:00","og_image":[{"width":1201,"height":720,"url":"https:\/\/cuartetoenlaweb.com.ar\/sitio\/wp-content\/uploads\/2026\/01\/720-142.jpeg","type":"image\/jpeg"}],"twitter_card":"summary_large_image","twitter_misc":{"Tiempo de lectura":"1 minuto"},"schema":{"@context":"https:\/\/schema.org","@graph":[{"@type":"Article","@id":"https:\/\/cuartetoenlaweb.com.ar\/sitio\/alex-albon-y-lily-muni-he-anunciaron-su-compromiso\/#article","isPartOf":{"@id":"https:\/\/cuartetoenlaweb.com.ar\/sitio\/alex-albon-y-lily-muni-he-anunciaron-su-compromiso\/"},"author":{"name":"","@id":""},"headline":"Alex Albon y Lily Muni He anunciaron su compromiso","datePublished":"2026-01-16T21:00:17+00:00","mainEntityOfPage":{"@id":"https:\/\/cuartetoenlaweb.com.ar\/sitio\/alex-albon-y-lily-muni-he-anunciaron-su-compromiso\/"},"wordCount":229,"publisher":{"@id":"https:\/\/cuartetoenlaweb.com.ar\/sitio\/#organization"},"image":{"@id":"https:\/\/cuartetoenlaweb.com.ar\/sitio\/alex-albon-y-lily-muni-he-anunciaron-su-compromiso\/#primaryimage"},"thumbnailUrl":"https:\/\/cuartetoenlaweb.com.ar\/sitio\/wp-content\/uploads\/2026\/01\/720-142.jpeg","articleSection":["PAIS"],"inLanguage":"es"},{"@type":"WebPage","@id":"https:\/\/cuartetoenlaweb.com.ar\/sitio\/alex-albon-y-lily-muni-he-anunciaron-su-compromiso\/","url":"https:\/\/cuartetoenlaweb.com.ar\/sitio\/alex-albon-y-lily-muni-he-anunciaron-su-compromiso\/","name":"Alex Albon y Lily Muni He anunciaron su compromiso - Cuarteto en la Web","isPartOf":{"@id":"https:\/\/cuartetoenlaweb.com.ar\/sitio\/#website"},"primaryImageOfPage":{"@id":"https:\/\/cuartetoenlaweb.com.ar\/sitio\/alex-albon-y-lily-muni-he-anunciaron-su-compromiso\/#primaryimage"},"image":{"@id":"https:\/\/cuartetoenlaweb.com.ar\/sitio\/alex-albon-y-lily-muni-he-anunciaron-su-compromiso\/#primaryimage"},"thumbnailUrl":"https:\/\/cuartetoenlaweb.com.ar\/sitio\/wp-content\/uploads\/2026\/01\/720-142.jpeg","datePublished":"2026-01-16T21:00:17+00:00","breadcrumb":{"@id":"https:\/\/cuartetoenlaweb.com.ar\/sitio\/alex-albon-y-lily-muni-he-anunciaron-su-compromiso\/#breadcrumb"},"inLanguage":"es","potentialAction":[{"@type":"ReadAction","target":["https:\/\/cuartetoenlaweb.com.ar\/sitio\/alex-albon-y-lily-muni-he-anunciaron-su-compromiso\/"]}]},{"@type":"ImageObject","inLanguage":"es","@id":"https:\/\/cuartetoenlaweb.com.ar\/sitio\/alex-albon-y-lily-muni-he-anunciaron-su-compromiso\/#primaryimage","url":"https:\/\/cuartetoenlaweb.com.ar\/sitio\/wp-content\/uploads\/2026\/01\/720-142.jpeg","contentUrl":"https:\/\/cuartetoenlaweb.com.ar\/sitio\/wp-content\/uploads\/2026\/01\/720-142.jpeg","width":1201,"height":720},{"@type":"BreadcrumbList","@id":"https:\/\/cuartetoenlaweb.com.ar\/sitio\/alex-albon-y-lily-muni-he-anunciaron-su-compromiso\/#breadcrumb","itemListElement":[{"@type":"ListItem","position":1,"name":"Portada","item":"https:\/\/cuartetoenlaweb.com.ar\/sitio\/"},{"@type":"ListItem","position":2,"name":"Alex Albon y Lily Muni He anunciaron su compromiso"}]},{"@type":"WebSite","@id":"https:\/\/cuartetoenlaweb.com.ar\/sitio\/#website","url":"https:\/\/cuartetoenlaweb.com.ar\/sitio\/","name":"Cuarteto en la Web","description":"","publisher":{"@id":"https:\/\/cuartetoenlaweb.com.ar\/sitio\/#organization"},"potentialAction":[{"@type":"SearchAction","target":{"@type":"EntryPoint","urlTemplate":"https:\/\/cuartetoenlaweb.com.ar\/sitio\/?s={search_term_string}"},"query-input":{"@type":"PropertyValueSpecification","valueRequired":true,"valueName":"search_term_string"}}],"inLanguage":"es"},{"@type":"Organization","@id":"https:\/\/cuartetoenlaweb.com.ar\/sitio\/#organization","name":"Cuarteto en la Web","url":"https:\/\/cuartetoenlaweb.com.ar\/sitio\/","logo":{"@type":"ImageObject","inLanguage":"es","@id":"https:\/\/cuartetoenlaweb.com.ar\/sitio\/#\/schema\/logo\/image\/","url":"https:\/\/cuartetoenlaweb.com.ar\/sitio\/wp-content\/uploads\/2025\/07\/cropped-cropped-logitoweb21.png","contentUrl":"https:\/\/cuartetoenlaweb.com.ar\/sitio\/wp-content\/uploads\/2025\/07\/cropped-cropped-logitoweb21.png","width":199,"height":199,"caption":"Cuarteto en la Web"},"image":{"@id":"https:\/\/cuartetoenlaweb.com.ar\/sitio\/#\/schema\/logo\/image\/"}}]}},"_links":{"self":[{"href":"https:\/\/cuartetoenlaweb.com.ar\/sitio\/wp-json\/wp\/v2\/posts\/10454","targetHints":{"allow":["GET"]}}],"collection":[{"href":"https:\/\/cuartetoenlaweb.com.ar\/sitio\/wp-json\/wp\/v2\/posts"}],"about":[{"href":"https:\/\/cuartetoenlaweb.com.ar\/sitio\/wp-json\/wp\/v2\/types\/post"}],"replies":[{"embeddable":true,"href":"https:\/\/cuartetoenlaweb.com.ar\/sitio\/wp-json\/wp\/v2\/comments?post=10454"}],"version-history":[{"count":0,"href":"https:\/\/cuartetoenlaweb.com.ar\/sitio\/wp-json\/wp\/v2\/posts\/10454\/revisions"}],"wp:featuredmedia":[{"embeddable":true,"href":"https:\/\/cuartetoenlaweb.com.ar\/sitio\/wp-json\/wp\/v2\/media\/10455"}],"wp:attachment":[{"href":"https:\/\/cuartetoenlaweb.com.ar\/sitio\/wp-json\/wp\/v2\/media?parent=10454"}],"wp:term":[{"taxonomy":"category","embeddable":true,"href":"https:\/\/cuartetoenlaweb.com.ar\/sitio\/wp-json\/wp\/v2\/categories?post=10454"},{"taxonomy":"post_tag","embeddable":true,"href":"https:\/\/cuartetoenlaweb.com.ar\/sitio\/wp-json\/wp\/v2\/tags?post=10454"}],"curies":[{"name":"wp","href":"https:\/\/api.w.org\/{rel}","templated":true}]}}