
{"id":10452,"date":"2026-01-16T18:00:13","date_gmt":"2026-01-16T21:00:13","guid":{"rendered":"https:\/\/cuartetoenlaweb.com.ar\/sitio\/curcuma-cocina-con-alma-y-diseno\/"},"modified":"2026-01-16T18:00:13","modified_gmt":"2026-01-16T21:00:13","slug":"curcuma-cocina-con-alma-y-diseno","status":"publish","type":"post","link":"https:\/\/cuartetoenlaweb.com.ar\/sitio\/curcuma-cocina-con-alma-y-diseno\/","title":{"rendered":"C\u00farcuma: Cocina con alma y dise\u00f1o"},"content":{"rendered":"<p>Buenos Aires, 16 enero (NA) &#8211; Si se busca el punto exacto donde la gastronom\u00eda se encuentra con el bienestar, ese lugar en Villa Gesell es C\u00farcuma. Ubicado en una zona donde el bosque empieza a ganarle terreno al asfalto, este restaurante ha logrado posicionarse como el estandarte de la cocina consciente y de autor, demostrando que comer sano puede (y debe) ser una experiencia gourmet de alto vuelo.<\/p>\n<p>UNA PROPUESTA \u00abPLANT-FORWARD\u00bb Y MUCHO M\u00c1S<\/p>\n<p>Aunque C\u00farcuma es el para\u00edso para el p\u00fablico vegetariano y vegano, su carta es tan inteligente que seduce incluso al carn\u00edvoro m\u00e1s ac\u00e9rrimo. Su enfoque no es la \u00abrestricci\u00f3n\u00bb, sino la celebraci\u00f3n del producto.<\/p>\n<p> * La Magia de las Especias: Haciendo honor a su nombre, cada plato es un viaje sensorial. El uso de la c\u00farcuma, el jengibre, el cilantro y las semillas no es aleatorio; busca resaltar sabores naturales con una t\u00e9cnica impecable.<br \/>\n * Platos Estrella: Sus hamburguesas de legumbres con pan artesanal, las ensaladas tibias de quinoa y los risottos de hongos son cl\u00e1sicos. Pero la verdadera joya son sus pastas caseras de colores (te\u00f1idas con vegetales) y sus currys arom\u00e1ticos.<br \/>\n * Pasteler\u00eda de Autor: Menci\u00f3n aparte merece su vitrina dulce. Tortas crudas (raw), opciones sin gluten y blends de t\u00e9 que invitan a una merienda reparadora despu\u00e9s de un d\u00eda de caminata por el bosque.<\/p>\n<p>UN REFUGIO EST\u00c9TICO<\/p>\n<p>El ambiente de C\u00farcuma es una extensi\u00f3n de su cocina. Con una arquitectura moderna donde predomina la madera, el hierro y mucha luz natural, el espacio se siente como un oasis de calma. Es el lugar ideal para quienes buscan una cena \u00edntima, una charla profunda o simplemente escapar del ritmo fren\u00e9tico de la temporada alta.<\/p>\n<p>El concepto: En C\u00farcuma, el \u00ablujo\u00bb es la trazabilidad. Saber que lo que est\u00e1s comiendo fue tratado con respeto, desde el origen del grano hasta la presentaci\u00f3n final en el plato, que siempre parece una peque\u00f1a obra de arte.<\/p>\n<p>\u00bfPOR QU\u00c9 ES UNA PARADA OBLIGATORIA?<\/p>\n<p>Porque aporta una bocanada de aire fresco a la oferta tradicional de la ciudad. Curcuma demuestra que Villa Gesell tambi\u00e9n puede ser vanguardista, saludable y cosmopolita. Es, sin duda, el restaurante que eliges cuando quieres que la comida te deje con el cuerpo liviano y el esp\u00edritu contento.<\/p>\n<p>\u00bfD\u00d3NDE QUEDA?<\/p>\n<p>C\u00farcuma Restaurante se encuentra en una ubicaci\u00f3n muy c\u00e9ntrica y estrat\u00e9gica de Villa Gesell:<\/p>\n<p> * Direcci\u00f3n: Avenida 3, entre Av. Buenos Aires y Paseo 102, B7165 Villa Gesell, Provincia de Buenos Aires.<br \/>\n * Tel\u00e9fono: +54 2255 47-3989<\/p>\n<p>Est\u00e1 situado en la avenida principal, lo que lo hace muy accesible, pero al entrar se siente ese quiebre con el bullicio exterior para sumergirse en su propuesta de cocina consciente. #AgenciaNA<\/p>\n","protected":false},"excerpt":{"rendered":"<p>Buenos Aires, 16 enero (NA) &#8211; Si se busca el<\/p>\n","protected":false},"author":0,"featured_media":10453,"comment_status":"","ping_status":"","sticky":false,"template":"","format":"standard","meta":{"footnotes":""},"categories":[65],"tags":[],"class_list":["post-10452","post","type-post","status-publish","format-standard","has-post-thumbnail","hentry","category-pais"],"yoast_head":"<!-- This site is optimized with the Yoast SEO plugin v27.5 - https:\/\/yoast.com\/product\/yoast-seo-wordpress\/ -->\n<title>C\u00farcuma: Cocina con alma y dise\u00f1o - Cuarteto en la Web<\/title>\n<meta name=\"robots\" content=\"index, follow, max-snippet:-1, max-image-preview:large, max-video-preview:-1\" \/>\n<link rel=\"canonical\" href=\"https:\/\/cuartetoenlaweb.com.ar\/sitio\/curcuma-cocina-con-alma-y-diseno\/\" \/>\n<meta property=\"og:locale\" content=\"es_ES\" \/>\n<meta property=\"og:type\" content=\"article\" \/>\n<meta property=\"og:title\" content=\"C\u00farcuma: Cocina con alma y dise\u00f1o - Cuarteto en la Web\" \/>\n<meta property=\"og:description\" content=\"Buenos Aires, 16 enero (NA) &#8211; Si se busca el\" \/>\n<meta property=\"og:url\" content=\"https:\/\/cuartetoenlaweb.com.ar\/sitio\/curcuma-cocina-con-alma-y-diseno\/\" \/>\n<meta property=\"og:site_name\" content=\"Cuarteto en la Web\" \/>\n<meta property=\"article:published_time\" content=\"2026-01-16T21:00:13+00:00\" \/>\n<meta property=\"og:image\" content=\"https:\/\/cuartetoenlaweb.com.ar\/sitio\/wp-content\/uploads\/2026\/01\/720-141.jpeg\" \/>\n\t<meta property=\"og:image:width\" content=\"1049\" \/>\n\t<meta property=\"og:image:height\" content=\"720\" \/>\n\t<meta property=\"og:image:type\" content=\"image\/jpeg\" \/>\n<meta name=\"twitter:card\" content=\"summary_large_image\" \/>\n<meta name=\"twitter:label1\" content=\"Tiempo de lectura\" \/>\n\t<meta name=\"twitter:data1\" content=\"2 minutos\" \/>\n<script type=\"application\/ld+json\" class=\"yoast-schema-graph\">{\"@context\":\"https:\\\/\\\/schema.org\",\"@graph\":[{\"@type\":\"Article\",\"@id\":\"https:\\\/\\\/cuartetoenlaweb.com.ar\\\/sitio\\\/curcuma-cocina-con-alma-y-diseno\\\/#article\",\"isPartOf\":{\"@id\":\"https:\\\/\\\/cuartetoenlaweb.com.ar\\\/sitio\\\/curcuma-cocina-con-alma-y-diseno\\\/\"},\"author\":{\"name\":\"\",\"@id\":\"\"},\"headline\":\"C\u00farcuma: Cocina con alma y dise\u00f1o\",\"datePublished\":\"2026-01-16T21:00:13+00:00\",\"mainEntityOfPage\":{\"@id\":\"https:\\\/\\\/cuartetoenlaweb.com.ar\\\/sitio\\\/curcuma-cocina-con-alma-y-diseno\\\/\"},\"wordCount\":481,\"publisher\":{\"@id\":\"http:\\\/\\\/cuartetoenlaweb.com.ar\\\/sitio\\\/#organization\"},\"image\":{\"@id\":\"https:\\\/\\\/cuartetoenlaweb.com.ar\\\/sitio\\\/curcuma-cocina-con-alma-y-diseno\\\/#primaryimage\"},\"thumbnailUrl\":\"https:\\\/\\\/cuartetoenlaweb.com.ar\\\/sitio\\\/wp-content\\\/uploads\\\/2026\\\/01\\\/720-141.jpeg\",\"articleSection\":[\"PAIS\"],\"inLanguage\":\"es\"},{\"@type\":\"WebPage\",\"@id\":\"https:\\\/\\\/cuartetoenlaweb.com.ar\\\/sitio\\\/curcuma-cocina-con-alma-y-diseno\\\/\",\"url\":\"https:\\\/\\\/cuartetoenlaweb.com.ar\\\/sitio\\\/curcuma-cocina-con-alma-y-diseno\\\/\",\"name\":\"C\u00farcuma: Cocina con alma y dise\u00f1o - Cuarteto en la Web\",\"isPartOf\":{\"@id\":\"http:\\\/\\\/cuartetoenlaweb.com.ar\\\/sitio\\\/#website\"},\"primaryImageOfPage\":{\"@id\":\"https:\\\/\\\/cuartetoenlaweb.com.ar\\\/sitio\\\/curcuma-cocina-con-alma-y-diseno\\\/#primaryimage\"},\"image\":{\"@id\":\"https:\\\/\\\/cuartetoenlaweb.com.ar\\\/sitio\\\/curcuma-cocina-con-alma-y-diseno\\\/#primaryimage\"},\"thumbnailUrl\":\"https:\\\/\\\/cuartetoenlaweb.com.ar\\\/sitio\\\/wp-content\\\/uploads\\\/2026\\\/01\\\/720-141.jpeg\",\"datePublished\":\"2026-01-16T21:00:13+00:00\",\"breadcrumb\":{\"@id\":\"https:\\\/\\\/cuartetoenlaweb.com.ar\\\/sitio\\\/curcuma-cocina-con-alma-y-diseno\\\/#breadcrumb\"},\"inLanguage\":\"es\",\"potentialAction\":[{\"@type\":\"ReadAction\",\"target\":[\"https:\\\/\\\/cuartetoenlaweb.com.ar\\\/sitio\\\/curcuma-cocina-con-alma-y-diseno\\\/\"]}]},{\"@type\":\"ImageObject\",\"inLanguage\":\"es\",\"@id\":\"https:\\\/\\\/cuartetoenlaweb.com.ar\\\/sitio\\\/curcuma-cocina-con-alma-y-diseno\\\/#primaryimage\",\"url\":\"https:\\\/\\\/cuartetoenlaweb.com.ar\\\/sitio\\\/wp-content\\\/uploads\\\/2026\\\/01\\\/720-141.jpeg\",\"contentUrl\":\"https:\\\/\\\/cuartetoenlaweb.com.ar\\\/sitio\\\/wp-content\\\/uploads\\\/2026\\\/01\\\/720-141.jpeg\",\"width\":1049,\"height\":720},{\"@type\":\"BreadcrumbList\",\"@id\":\"https:\\\/\\\/cuartetoenlaweb.com.ar\\\/sitio\\\/curcuma-cocina-con-alma-y-diseno\\\/#breadcrumb\",\"itemListElement\":[{\"@type\":\"ListItem\",\"position\":1,\"name\":\"Portada\",\"item\":\"http:\\\/\\\/cuartetoenlaweb.com.ar\\\/sitio\\\/\"},{\"@type\":\"ListItem\",\"position\":2,\"name\":\"C\u00farcuma: Cocina con alma y dise\u00f1o\"}]},{\"@type\":\"WebSite\",\"@id\":\"http:\\\/\\\/cuartetoenlaweb.com.ar\\\/sitio\\\/#website\",\"url\":\"http:\\\/\\\/cuartetoenlaweb.com.ar\\\/sitio\\\/\",\"name\":\"Cuarteto en la Web\",\"description\":\"\",\"publisher\":{\"@id\":\"http:\\\/\\\/cuartetoenlaweb.com.ar\\\/sitio\\\/#organization\"},\"potentialAction\":[{\"@type\":\"SearchAction\",\"target\":{\"@type\":\"EntryPoint\",\"urlTemplate\":\"http:\\\/\\\/cuartetoenlaweb.com.ar\\\/sitio\\\/?s={search_term_string}\"},\"query-input\":{\"@type\":\"PropertyValueSpecification\",\"valueRequired\":true,\"valueName\":\"search_term_string\"}}],\"inLanguage\":\"es\"},{\"@type\":\"Organization\",\"@id\":\"http:\\\/\\\/cuartetoenlaweb.com.ar\\\/sitio\\\/#organization\",\"name\":\"Cuarteto en la Web\",\"url\":\"http:\\\/\\\/cuartetoenlaweb.com.ar\\\/sitio\\\/\",\"logo\":{\"@type\":\"ImageObject\",\"inLanguage\":\"es\",\"@id\":\"http:\\\/\\\/cuartetoenlaweb.com.ar\\\/sitio\\\/#\\\/schema\\\/logo\\\/image\\\/\",\"url\":\"https:\\\/\\\/cuartetoenlaweb.com.ar\\\/sitio\\\/wp-content\\\/uploads\\\/2025\\\/07\\\/cropped-cropped-logitoweb21.png\",\"contentUrl\":\"https:\\\/\\\/cuartetoenlaweb.com.ar\\\/sitio\\\/wp-content\\\/uploads\\\/2025\\\/07\\\/cropped-cropped-logitoweb21.png\",\"width\":199,\"height\":199,\"caption\":\"Cuarteto en la Web\"},\"image\":{\"@id\":\"http:\\\/\\\/cuartetoenlaweb.com.ar\\\/sitio\\\/#\\\/schema\\\/logo\\\/image\\\/\"}}]}<\/script>\n<!-- \/ Yoast SEO plugin. -->","yoast_head_json":{"title":"C\u00farcuma: Cocina con alma y dise\u00f1o - Cuarteto en la Web","robots":{"index":"index","follow":"follow","max-snippet":"max-snippet:-1","max-image-preview":"max-image-preview:large","max-video-preview":"max-video-preview:-1"},"canonical":"https:\/\/cuartetoenlaweb.com.ar\/sitio\/curcuma-cocina-con-alma-y-diseno\/","og_locale":"es_ES","og_type":"article","og_title":"C\u00farcuma: Cocina con alma y dise\u00f1o - Cuarteto en la Web","og_description":"Buenos Aires, 16 enero (NA) &#8211; Si se busca el","og_url":"https:\/\/cuartetoenlaweb.com.ar\/sitio\/curcuma-cocina-con-alma-y-diseno\/","og_site_name":"Cuarteto en la Web","article_published_time":"2026-01-16T21:00:13+00:00","og_image":[{"width":1049,"height":720,"url":"https:\/\/cuartetoenlaweb.com.ar\/sitio\/wp-content\/uploads\/2026\/01\/720-141.jpeg","type":"image\/jpeg"}],"twitter_card":"summary_large_image","twitter_misc":{"Tiempo de lectura":"2 minutos"},"schema":{"@context":"https:\/\/schema.org","@graph":[{"@type":"Article","@id":"https:\/\/cuartetoenlaweb.com.ar\/sitio\/curcuma-cocina-con-alma-y-diseno\/#article","isPartOf":{"@id":"https:\/\/cuartetoenlaweb.com.ar\/sitio\/curcuma-cocina-con-alma-y-diseno\/"},"author":{"name":"","@id":""},"headline":"C\u00farcuma: Cocina con alma y dise\u00f1o","datePublished":"2026-01-16T21:00:13+00:00","mainEntityOfPage":{"@id":"https:\/\/cuartetoenlaweb.com.ar\/sitio\/curcuma-cocina-con-alma-y-diseno\/"},"wordCount":481,"publisher":{"@id":"http:\/\/cuartetoenlaweb.com.ar\/sitio\/#organization"},"image":{"@id":"https:\/\/cuartetoenlaweb.com.ar\/sitio\/curcuma-cocina-con-alma-y-diseno\/#primaryimage"},"thumbnailUrl":"https:\/\/cuartetoenlaweb.com.ar\/sitio\/wp-content\/uploads\/2026\/01\/720-141.jpeg","articleSection":["PAIS"],"inLanguage":"es"},{"@type":"WebPage","@id":"https:\/\/cuartetoenlaweb.com.ar\/sitio\/curcuma-cocina-con-alma-y-diseno\/","url":"https:\/\/cuartetoenlaweb.com.ar\/sitio\/curcuma-cocina-con-alma-y-diseno\/","name":"C\u00farcuma: Cocina con alma y dise\u00f1o - Cuarteto en la Web","isPartOf":{"@id":"http:\/\/cuartetoenlaweb.com.ar\/sitio\/#website"},"primaryImageOfPage":{"@id":"https:\/\/cuartetoenlaweb.com.ar\/sitio\/curcuma-cocina-con-alma-y-diseno\/#primaryimage"},"image":{"@id":"https:\/\/cuartetoenlaweb.com.ar\/sitio\/curcuma-cocina-con-alma-y-diseno\/#primaryimage"},"thumbnailUrl":"https:\/\/cuartetoenlaweb.com.ar\/sitio\/wp-content\/uploads\/2026\/01\/720-141.jpeg","datePublished":"2026-01-16T21:00:13+00:00","breadcrumb":{"@id":"https:\/\/cuartetoenlaweb.com.ar\/sitio\/curcuma-cocina-con-alma-y-diseno\/#breadcrumb"},"inLanguage":"es","potentialAction":[{"@type":"ReadAction","target":["https:\/\/cuartetoenlaweb.com.ar\/sitio\/curcuma-cocina-con-alma-y-diseno\/"]}]},{"@type":"ImageObject","inLanguage":"es","@id":"https:\/\/cuartetoenlaweb.com.ar\/sitio\/curcuma-cocina-con-alma-y-diseno\/#primaryimage","url":"https:\/\/cuartetoenlaweb.com.ar\/sitio\/wp-content\/uploads\/2026\/01\/720-141.jpeg","contentUrl":"https:\/\/cuartetoenlaweb.com.ar\/sitio\/wp-content\/uploads\/2026\/01\/720-141.jpeg","width":1049,"height":720},{"@type":"BreadcrumbList","@id":"https:\/\/cuartetoenlaweb.com.ar\/sitio\/curcuma-cocina-con-alma-y-diseno\/#breadcrumb","itemListElement":[{"@type":"ListItem","position":1,"name":"Portada","item":"http:\/\/cuartetoenlaweb.com.ar\/sitio\/"},{"@type":"ListItem","position":2,"name":"C\u00farcuma: Cocina con alma y dise\u00f1o"}]},{"@type":"WebSite","@id":"http:\/\/cuartetoenlaweb.com.ar\/sitio\/#website","url":"http:\/\/cuartetoenlaweb.com.ar\/sitio\/","name":"Cuarteto en la Web","description":"","publisher":{"@id":"http:\/\/cuartetoenlaweb.com.ar\/sitio\/#organization"},"potentialAction":[{"@type":"SearchAction","target":{"@type":"EntryPoint","urlTemplate":"http:\/\/cuartetoenlaweb.com.ar\/sitio\/?s={search_term_string}"},"query-input":{"@type":"PropertyValueSpecification","valueRequired":true,"valueName":"search_term_string"}}],"inLanguage":"es"},{"@type":"Organization","@id":"http:\/\/cuartetoenlaweb.com.ar\/sitio\/#organization","name":"Cuarteto en la Web","url":"http:\/\/cuartetoenlaweb.com.ar\/sitio\/","logo":{"@type":"ImageObject","inLanguage":"es","@id":"http:\/\/cuartetoenlaweb.com.ar\/sitio\/#\/schema\/logo\/image\/","url":"https:\/\/cuartetoenlaweb.com.ar\/sitio\/wp-content\/uploads\/2025\/07\/cropped-cropped-logitoweb21.png","contentUrl":"https:\/\/cuartetoenlaweb.com.ar\/sitio\/wp-content\/uploads\/2025\/07\/cropped-cropped-logitoweb21.png","width":199,"height":199,"caption":"Cuarteto en la Web"},"image":{"@id":"http:\/\/cuartetoenlaweb.com.ar\/sitio\/#\/schema\/logo\/image\/"}}]}},"_links":{"self":[{"href":"https:\/\/cuartetoenlaweb.com.ar\/sitio\/wp-json\/wp\/v2\/posts\/10452","targetHints":{"allow":["GET"]}}],"collection":[{"href":"https:\/\/cuartetoenlaweb.com.ar\/sitio\/wp-json\/wp\/v2\/posts"}],"about":[{"href":"https:\/\/cuartetoenlaweb.com.ar\/sitio\/wp-json\/wp\/v2\/types\/post"}],"replies":[{"embeddable":true,"href":"https:\/\/cuartetoenlaweb.com.ar\/sitio\/wp-json\/wp\/v2\/comments?post=10452"}],"version-history":[{"count":0,"href":"https:\/\/cuartetoenlaweb.com.ar\/sitio\/wp-json\/wp\/v2\/posts\/10452\/revisions"}],"wp:featuredmedia":[{"embeddable":true,"href":"https:\/\/cuartetoenlaweb.com.ar\/sitio\/wp-json\/wp\/v2\/media\/10453"}],"wp:attachment":[{"href":"https:\/\/cuartetoenlaweb.com.ar\/sitio\/wp-json\/wp\/v2\/media?parent=10452"}],"wp:term":[{"taxonomy":"category","embeddable":true,"href":"https:\/\/cuartetoenlaweb.com.ar\/sitio\/wp-json\/wp\/v2\/categories?post=10452"},{"taxonomy":"post_tag","embeddable":true,"href":"https:\/\/cuartetoenlaweb.com.ar\/sitio\/wp-json\/wp\/v2\/tags?post=10452"}],"curies":[{"name":"wp","href":"https:\/\/api.w.org\/{rel}","templated":true}]}}