
{"id":10450,"date":"2026-01-16T18:00:12","date_gmt":"2026-01-16T21:00:12","guid":{"rendered":"https:\/\/cuartetoenlaweb.com.ar\/sitio\/tension-en-intrusos-adrian-pallares-callo-en-vivo-a-daniel-ambrosino-y-su-reaccion-causo-impacto-no-me-discutas\/"},"modified":"2026-01-16T18:00:12","modified_gmt":"2026-01-16T21:00:12","slug":"tension-en-intrusos-adrian-pallares-callo-en-vivo-a-daniel-ambrosino-y-su-reaccion-causo-impacto-no-me-discutas","status":"publish","type":"post","link":"https:\/\/cuartetoenlaweb.com.ar\/sitio\/tension-en-intrusos-adrian-pallares-callo-en-vivo-a-daniel-ambrosino-y-su-reaccion-causo-impacto-no-me-discutas\/","title":{"rendered":"\u00a1Tensi\u00f3n en Intrusos! Adri\u00e1n Pallares call\u00f3 en vivo a Daniel Ambrosino y su reacci\u00f3n caus\u00f3 impacto: &quot;No me discutas&quot;"},"content":{"rendered":"<p>Hasta en los programas m\u00e1s armoniosos y en donde mejor parece llevarse la gente, ocurren discordias. En este caso, fue en Intrusos donde se vio un momento de tensi\u00f3n y que involucr\u00f3 directamente a <strong><a href=\"https:\/\/www.paparazzi.com.ar\/romances\/adrian-pallares-revelo-en-intrusos-el-romance-sorpresa-del-verano-a-los-besos\/\">Adri\u00e1n Pallares<\/a><\/strong>.<\/p>\n<p>El conductor del programa l\u00edder de espect\u00e1culos dio la nota cuando call\u00f3 en vivo, y sin ning\u00fan tipo de recaudos, cruzando todo tipo de l\u00edmites, a <strong><a href=\"https:\/\/www.paparazzi.com.ar\/teve\/asi-quedo-daniel-ambrosino-luego-de-superar-una-cirugia-a-causa-de-un-grave-problema-de-salud\/\">Daniel Ambrosino<\/a><\/strong>. Est\u00e1 claro y siempre hay una regla que cuando habla el conductor el resto debe llamarse al silencio\u2026 pero hay formas y formas.<\/p>\n<div class=\"mt-box \">\n<h4 class=\"mt-heading\">Mir\u00e1 Tambi\u00e9n<\/h4>\n<p><a href=\"https:\/\/www.paparazzi.com.ar\/teve\/nancy-duplaa-contra-eduardo-feinmann-por-su-hijo-luca-martin\/\"><\/p>\n<div class=\"mt-content\">\n<div class=\"mt-image-container\"><img decoding=\"async\" src=\"https:\/\/www.paparazzi.com.ar\/wp-content\/uploads\/2026\/01\/Duplaa-aper-1-359x226.jpg\" alt=\"Nancy Dupl\u00e1a se hart\u00f3 de las cr\u00edticas a su hijo Luca Martin y explot\u00f3 contra Eduardo Feinmann: &quot;Va a aprender a manejar su lengua&quot;\" class=\"mt-image\" loading=\"lazy\" \/><\/div>\n<h5 class=\"mt-title\">Nancy Dupl\u00e1a se hart\u00f3 de las cr\u00edticas a su hijo Luca Martin y explot\u00f3 contra Eduardo Feinmann: \u00abVa a aprender a manejar su lengua\u00bb<\/h5>\n<\/div>\n<p><\/a><\/div>\n<p>Resulta que en el ciclo de espect\u00e1culo se estaba debatiendo sobre la pol\u00e9mica que gener\u00f3 <strong>Laura Ubfal<\/strong> al criticar el nuevo formato de Bendita. A la vuelta de la entrevista que le hicieron a <strong>Guillermo Barrios<\/strong>, se present\u00f3 la inesperada situaci\u00f3n.<\/p>\n<h2 class=\"wp-block-heading\">ADRI\u00c1N PALLARES PROTAGONIZ\u00d3 UN MOMENTO DE TENSION EN INTRUSOS<\/h2>\n<p>\u201c<em>No me discutas<\/em>\u201d, le dijo de forma contundente <a href=\"https:\/\/www.paparazzi.com.ar\/romances\/adrian-pallares-revelo-la-verdad-sobre-el-acuerdo-millonario-entre-araceli-gonzalez-y-adrian-suar\/\">Pallares<\/a> a Ambrosino, y no pas\u00f3 de largo. Incluso, Daniel hab\u00eda tomado la palabra previamente a Adri\u00e1n, pero este opt\u00f3 por interrumpir su frase y protagonizar ese momento.<\/p>\n<div class=\"mt-box \">\n<h4 class=\"mt-heading\">Mir\u00e1 Tambi\u00e9n<\/h4>\n<p><a href=\"https:\/\/www.paparazzi.com.ar\/teve\/fernanda-callejon-hablo-como-nunca-de-angel-de-brito-y-romance\/\"><\/p>\n<div class=\"mt-content\">\n<div class=\"mt-image-container\"><img decoding=\"async\" src=\"https:\/\/www.paparazzi.com.ar\/wp-content\/uploads\/2026\/01\/fernanda-callejon-angel-de-brito-359x226.jpg\" alt=\"Fernanda Callej\u00f3n habl\u00f3 como nunca de \u00c1ngel de Brito: &quot;Tu marido era...&quot;\" class=\"mt-image\" loading=\"lazy\" \/><\/div>\n<h5 class=\"mt-title\">Fernanda Callej\u00f3n habl\u00f3 como nunca de \u00c1ngel de Brito: \u00abTu marido era&#8230;\u00bb<\/h5>\n<\/div>\n<p><\/a><\/div>\n<p>La tensi\u00f3n r\u00e1pidamente qued\u00f3 expuesta, y el panelista se llam\u00f3 al silencio, sin decir m\u00e1s nada. En cambio que el conductor, al darse cuenta de su exabrupto a la hora de callar a su compa\u00f1ero, atin\u00f3 a re\u00edrse.<\/p>\n<p>De todas formas, esto pas\u00f3 de largo y no se gener\u00f3 ninguna otra repercusi\u00f3n. Cabe destacar que Intrusos es un programa que siempre se caracteriz\u00f3 por el buen ambiente entre compa\u00f1eros, sacando la \u00e9poca de <strong>Rial<\/strong> y <strong>Ventura<\/strong>, pero en definitiva, los roces siempre est\u00e1n.<\/p>\n<p>The post <a href=\"https:\/\/www.paparazzi.com.ar\/teve\/tension-en-intrusos-adrian-pallares-callo-en-vivo-a-daniel-ambrosino-y-su-reaccion-causo-impacto-no-me-discutas\/\">\u00a1Tensi\u00f3n en Intrusos! Adri\u00e1n Pallares call\u00f3 en vivo a Daniel Ambrosino y su reacci\u00f3n caus\u00f3 impacto: &quot;No me discutas&quot;<\/a> appeared first on <a href=\"https:\/\/www.paparazzi.com.ar\">Revista Paparazzi<\/a>.<\/p>\n","protected":false},"excerpt":{"rendered":"<p>Hasta en los programas m\u00e1s armoniosos y en donde mejor<\/p>\n","protected":false},"author":0,"featured_media":10451,"comment_status":"","ping_status":"","sticky":false,"template":"","format":"standard","meta":{"footnotes":""},"categories":[65],"tags":[],"class_list":["post-10450","post","type-post","status-publish","format-standard","has-post-thumbnail","hentry","category-pais"],"yoast_head":"<!-- This site is optimized with the Yoast SEO plugin v27.5 - https:\/\/yoast.com\/product\/yoast-seo-wordpress\/ -->\n<title>\u00a1Tensi\u00f3n en Intrusos! Adri\u00e1n Pallares call\u00f3 en vivo a Daniel Ambrosino y su reacci\u00f3n caus\u00f3 impacto: &quot;No me discutas&quot; - Cuarteto en la Web<\/title>\n<meta name=\"robots\" content=\"index, follow, max-snippet:-1, max-image-preview:large, max-video-preview:-1\" \/>\n<link rel=\"canonical\" href=\"https:\/\/cuartetoenlaweb.com.ar\/sitio\/tension-en-intrusos-adrian-pallares-callo-en-vivo-a-daniel-ambrosino-y-su-reaccion-causo-impacto-no-me-discutas\/\" \/>\n<meta property=\"og:locale\" content=\"es_ES\" \/>\n<meta property=\"og:type\" content=\"article\" \/>\n<meta property=\"og:title\" content=\"\u00a1Tensi\u00f3n en Intrusos! Adri\u00e1n Pallares call\u00f3 en vivo a Daniel Ambrosino y su reacci\u00f3n caus\u00f3 impacto: &quot;No me discutas&quot; - Cuarteto en la Web\" \/>\n<meta property=\"og:description\" content=\"Hasta en los programas m\u00e1s armoniosos y en donde mejor\" \/>\n<meta property=\"og:url\" content=\"https:\/\/cuartetoenlaweb.com.ar\/sitio\/tension-en-intrusos-adrian-pallares-callo-en-vivo-a-daniel-ambrosino-y-su-reaccion-causo-impacto-no-me-discutas\/\" \/>\n<meta property=\"og:site_name\" content=\"Cuarteto en la Web\" \/>\n<meta property=\"article:published_time\" content=\"2026-01-16T21:00:12+00:00\" \/>\n<meta property=\"og:image\" content=\"https:\/\/cuartetoenlaweb.com.ar\/sitio\/wp-content\/uploads\/2026\/01\/Duplaa-aper-1-359x226-1.jpg\" \/>\n\t<meta property=\"og:image:width\" content=\"359\" \/>\n\t<meta property=\"og:image:height\" content=\"226\" \/>\n\t<meta property=\"og:image:type\" content=\"image\/jpeg\" \/>\n<meta name=\"twitter:card\" content=\"summary_large_image\" \/>\n<meta name=\"twitter:label1\" content=\"Tiempo de lectura\" \/>\n\t<meta name=\"twitter:data1\" content=\"2 minutos\" \/>\n<script type=\"application\/ld+json\" class=\"yoast-schema-graph\">{\"@context\":\"https:\\\/\\\/schema.org\",\"@graph\":[{\"@type\":\"Article\",\"@id\":\"https:\\\/\\\/cuartetoenlaweb.com.ar\\\/sitio\\\/tension-en-intrusos-adrian-pallares-callo-en-vivo-a-daniel-ambrosino-y-su-reaccion-causo-impacto-no-me-discutas\\\/#article\",\"isPartOf\":{\"@id\":\"https:\\\/\\\/cuartetoenlaweb.com.ar\\\/sitio\\\/tension-en-intrusos-adrian-pallares-callo-en-vivo-a-daniel-ambrosino-y-su-reaccion-causo-impacto-no-me-discutas\\\/\"},\"author\":{\"name\":\"\",\"@id\":\"\"},\"headline\":\"\u00a1Tensi\u00f3n en Intrusos! Adri\u00e1n Pallares call\u00f3 en vivo a Daniel Ambrosino y su reacci\u00f3n caus\u00f3 impacto: &quot;No me discutas&quot;\",\"datePublished\":\"2026-01-16T21:00:12+00:00\",\"mainEntityOfPage\":{\"@id\":\"https:\\\/\\\/cuartetoenlaweb.com.ar\\\/sitio\\\/tension-en-intrusos-adrian-pallares-callo-en-vivo-a-daniel-ambrosino-y-su-reaccion-causo-impacto-no-me-discutas\\\/\"},\"wordCount\":377,\"publisher\":{\"@id\":\"http:\\\/\\\/cuartetoenlaweb.com.ar\\\/sitio\\\/#organization\"},\"image\":{\"@id\":\"https:\\\/\\\/cuartetoenlaweb.com.ar\\\/sitio\\\/tension-en-intrusos-adrian-pallares-callo-en-vivo-a-daniel-ambrosino-y-su-reaccion-causo-impacto-no-me-discutas\\\/#primaryimage\"},\"thumbnailUrl\":\"https:\\\/\\\/cuartetoenlaweb.com.ar\\\/sitio\\\/wp-content\\\/uploads\\\/2026\\\/01\\\/Duplaa-aper-1-359x226-1.jpg\",\"articleSection\":[\"PAIS\"],\"inLanguage\":\"es\"},{\"@type\":\"WebPage\",\"@id\":\"https:\\\/\\\/cuartetoenlaweb.com.ar\\\/sitio\\\/tension-en-intrusos-adrian-pallares-callo-en-vivo-a-daniel-ambrosino-y-su-reaccion-causo-impacto-no-me-discutas\\\/\",\"url\":\"https:\\\/\\\/cuartetoenlaweb.com.ar\\\/sitio\\\/tension-en-intrusos-adrian-pallares-callo-en-vivo-a-daniel-ambrosino-y-su-reaccion-causo-impacto-no-me-discutas\\\/\",\"name\":\"\u00a1Tensi\u00f3n en Intrusos! Adri\u00e1n Pallares call\u00f3 en vivo a Daniel Ambrosino y su reacci\u00f3n caus\u00f3 impacto: &quot;No me discutas&quot; - Cuarteto en la Web\",\"isPartOf\":{\"@id\":\"http:\\\/\\\/cuartetoenlaweb.com.ar\\\/sitio\\\/#website\"},\"primaryImageOfPage\":{\"@id\":\"https:\\\/\\\/cuartetoenlaweb.com.ar\\\/sitio\\\/tension-en-intrusos-adrian-pallares-callo-en-vivo-a-daniel-ambrosino-y-su-reaccion-causo-impacto-no-me-discutas\\\/#primaryimage\"},\"image\":{\"@id\":\"https:\\\/\\\/cuartetoenlaweb.com.ar\\\/sitio\\\/tension-en-intrusos-adrian-pallares-callo-en-vivo-a-daniel-ambrosino-y-su-reaccion-causo-impacto-no-me-discutas\\\/#primaryimage\"},\"thumbnailUrl\":\"https:\\\/\\\/cuartetoenlaweb.com.ar\\\/sitio\\\/wp-content\\\/uploads\\\/2026\\\/01\\\/Duplaa-aper-1-359x226-1.jpg\",\"datePublished\":\"2026-01-16T21:00:12+00:00\",\"breadcrumb\":{\"@id\":\"https:\\\/\\\/cuartetoenlaweb.com.ar\\\/sitio\\\/tension-en-intrusos-adrian-pallares-callo-en-vivo-a-daniel-ambrosino-y-su-reaccion-causo-impacto-no-me-discutas\\\/#breadcrumb\"},\"inLanguage\":\"es\",\"potentialAction\":[{\"@type\":\"ReadAction\",\"target\":[\"https:\\\/\\\/cuartetoenlaweb.com.ar\\\/sitio\\\/tension-en-intrusos-adrian-pallares-callo-en-vivo-a-daniel-ambrosino-y-su-reaccion-causo-impacto-no-me-discutas\\\/\"]}]},{\"@type\":\"ImageObject\",\"inLanguage\":\"es\",\"@id\":\"https:\\\/\\\/cuartetoenlaweb.com.ar\\\/sitio\\\/tension-en-intrusos-adrian-pallares-callo-en-vivo-a-daniel-ambrosino-y-su-reaccion-causo-impacto-no-me-discutas\\\/#primaryimage\",\"url\":\"https:\\\/\\\/cuartetoenlaweb.com.ar\\\/sitio\\\/wp-content\\\/uploads\\\/2026\\\/01\\\/Duplaa-aper-1-359x226-1.jpg\",\"contentUrl\":\"https:\\\/\\\/cuartetoenlaweb.com.ar\\\/sitio\\\/wp-content\\\/uploads\\\/2026\\\/01\\\/Duplaa-aper-1-359x226-1.jpg\",\"width\":359,\"height\":226},{\"@type\":\"BreadcrumbList\",\"@id\":\"https:\\\/\\\/cuartetoenlaweb.com.ar\\\/sitio\\\/tension-en-intrusos-adrian-pallares-callo-en-vivo-a-daniel-ambrosino-y-su-reaccion-causo-impacto-no-me-discutas\\\/#breadcrumb\",\"itemListElement\":[{\"@type\":\"ListItem\",\"position\":1,\"name\":\"Portada\",\"item\":\"http:\\\/\\\/cuartetoenlaweb.com.ar\\\/sitio\\\/\"},{\"@type\":\"ListItem\",\"position\":2,\"name\":\"\u00a1Tensi\u00f3n en Intrusos! Adri\u00e1n Pallares call\u00f3 en vivo a Daniel Ambrosino y su reacci\u00f3n caus\u00f3 impacto: &quot;No me discutas&quot;\"}]},{\"@type\":\"WebSite\",\"@id\":\"http:\\\/\\\/cuartetoenlaweb.com.ar\\\/sitio\\\/#website\",\"url\":\"http:\\\/\\\/cuartetoenlaweb.com.ar\\\/sitio\\\/\",\"name\":\"Cuarteto en la Web\",\"description\":\"\",\"publisher\":{\"@id\":\"http:\\\/\\\/cuartetoenlaweb.com.ar\\\/sitio\\\/#organization\"},\"potentialAction\":[{\"@type\":\"SearchAction\",\"target\":{\"@type\":\"EntryPoint\",\"urlTemplate\":\"http:\\\/\\\/cuartetoenlaweb.com.ar\\\/sitio\\\/?s={search_term_string}\"},\"query-input\":{\"@type\":\"PropertyValueSpecification\",\"valueRequired\":true,\"valueName\":\"search_term_string\"}}],\"inLanguage\":\"es\"},{\"@type\":\"Organization\",\"@id\":\"http:\\\/\\\/cuartetoenlaweb.com.ar\\\/sitio\\\/#organization\",\"name\":\"Cuarteto en la Web\",\"url\":\"http:\\\/\\\/cuartetoenlaweb.com.ar\\\/sitio\\\/\",\"logo\":{\"@type\":\"ImageObject\",\"inLanguage\":\"es\",\"@id\":\"http:\\\/\\\/cuartetoenlaweb.com.ar\\\/sitio\\\/#\\\/schema\\\/logo\\\/image\\\/\",\"url\":\"https:\\\/\\\/cuartetoenlaweb.com.ar\\\/sitio\\\/wp-content\\\/uploads\\\/2025\\\/07\\\/cropped-cropped-logitoweb21.png\",\"contentUrl\":\"https:\\\/\\\/cuartetoenlaweb.com.ar\\\/sitio\\\/wp-content\\\/uploads\\\/2025\\\/07\\\/cropped-cropped-logitoweb21.png\",\"width\":199,\"height\":199,\"caption\":\"Cuarteto en la Web\"},\"image\":{\"@id\":\"http:\\\/\\\/cuartetoenlaweb.com.ar\\\/sitio\\\/#\\\/schema\\\/logo\\\/image\\\/\"}}]}<\/script>\n<!-- \/ Yoast SEO plugin. -->","yoast_head_json":{"title":"\u00a1Tensi\u00f3n en Intrusos! Adri\u00e1n Pallares call\u00f3 en vivo a Daniel Ambrosino y su reacci\u00f3n caus\u00f3 impacto: &quot;No me discutas&quot; - Cuarteto en la Web","robots":{"index":"index","follow":"follow","max-snippet":"max-snippet:-1","max-image-preview":"max-image-preview:large","max-video-preview":"max-video-preview:-1"},"canonical":"https:\/\/cuartetoenlaweb.com.ar\/sitio\/tension-en-intrusos-adrian-pallares-callo-en-vivo-a-daniel-ambrosino-y-su-reaccion-causo-impacto-no-me-discutas\/","og_locale":"es_ES","og_type":"article","og_title":"\u00a1Tensi\u00f3n en Intrusos! Adri\u00e1n Pallares call\u00f3 en vivo a Daniel Ambrosino y su reacci\u00f3n caus\u00f3 impacto: &quot;No me discutas&quot; - Cuarteto en la Web","og_description":"Hasta en los programas m\u00e1s armoniosos y en donde mejor","og_url":"https:\/\/cuartetoenlaweb.com.ar\/sitio\/tension-en-intrusos-adrian-pallares-callo-en-vivo-a-daniel-ambrosino-y-su-reaccion-causo-impacto-no-me-discutas\/","og_site_name":"Cuarteto en la Web","article_published_time":"2026-01-16T21:00:12+00:00","og_image":[{"width":359,"height":226,"url":"https:\/\/cuartetoenlaweb.com.ar\/sitio\/wp-content\/uploads\/2026\/01\/Duplaa-aper-1-359x226-1.jpg","type":"image\/jpeg"}],"twitter_card":"summary_large_image","twitter_misc":{"Tiempo de lectura":"2 minutos"},"schema":{"@context":"https:\/\/schema.org","@graph":[{"@type":"Article","@id":"https:\/\/cuartetoenlaweb.com.ar\/sitio\/tension-en-intrusos-adrian-pallares-callo-en-vivo-a-daniel-ambrosino-y-su-reaccion-causo-impacto-no-me-discutas\/#article","isPartOf":{"@id":"https:\/\/cuartetoenlaweb.com.ar\/sitio\/tension-en-intrusos-adrian-pallares-callo-en-vivo-a-daniel-ambrosino-y-su-reaccion-causo-impacto-no-me-discutas\/"},"author":{"name":"","@id":""},"headline":"\u00a1Tensi\u00f3n en Intrusos! Adri\u00e1n Pallares call\u00f3 en vivo a Daniel Ambrosino y su reacci\u00f3n caus\u00f3 impacto: &quot;No me discutas&quot;","datePublished":"2026-01-16T21:00:12+00:00","mainEntityOfPage":{"@id":"https:\/\/cuartetoenlaweb.com.ar\/sitio\/tension-en-intrusos-adrian-pallares-callo-en-vivo-a-daniel-ambrosino-y-su-reaccion-causo-impacto-no-me-discutas\/"},"wordCount":377,"publisher":{"@id":"http:\/\/cuartetoenlaweb.com.ar\/sitio\/#organization"},"image":{"@id":"https:\/\/cuartetoenlaweb.com.ar\/sitio\/tension-en-intrusos-adrian-pallares-callo-en-vivo-a-daniel-ambrosino-y-su-reaccion-causo-impacto-no-me-discutas\/#primaryimage"},"thumbnailUrl":"https:\/\/cuartetoenlaweb.com.ar\/sitio\/wp-content\/uploads\/2026\/01\/Duplaa-aper-1-359x226-1.jpg","articleSection":["PAIS"],"inLanguage":"es"},{"@type":"WebPage","@id":"https:\/\/cuartetoenlaweb.com.ar\/sitio\/tension-en-intrusos-adrian-pallares-callo-en-vivo-a-daniel-ambrosino-y-su-reaccion-causo-impacto-no-me-discutas\/","url":"https:\/\/cuartetoenlaweb.com.ar\/sitio\/tension-en-intrusos-adrian-pallares-callo-en-vivo-a-daniel-ambrosino-y-su-reaccion-causo-impacto-no-me-discutas\/","name":"\u00a1Tensi\u00f3n en Intrusos! Adri\u00e1n Pallares call\u00f3 en vivo a Daniel Ambrosino y su reacci\u00f3n caus\u00f3 impacto: &quot;No me discutas&quot; - Cuarteto en la Web","isPartOf":{"@id":"http:\/\/cuartetoenlaweb.com.ar\/sitio\/#website"},"primaryImageOfPage":{"@id":"https:\/\/cuartetoenlaweb.com.ar\/sitio\/tension-en-intrusos-adrian-pallares-callo-en-vivo-a-daniel-ambrosino-y-su-reaccion-causo-impacto-no-me-discutas\/#primaryimage"},"image":{"@id":"https:\/\/cuartetoenlaweb.com.ar\/sitio\/tension-en-intrusos-adrian-pallares-callo-en-vivo-a-daniel-ambrosino-y-su-reaccion-causo-impacto-no-me-discutas\/#primaryimage"},"thumbnailUrl":"https:\/\/cuartetoenlaweb.com.ar\/sitio\/wp-content\/uploads\/2026\/01\/Duplaa-aper-1-359x226-1.jpg","datePublished":"2026-01-16T21:00:12+00:00","breadcrumb":{"@id":"https:\/\/cuartetoenlaweb.com.ar\/sitio\/tension-en-intrusos-adrian-pallares-callo-en-vivo-a-daniel-ambrosino-y-su-reaccion-causo-impacto-no-me-discutas\/#breadcrumb"},"inLanguage":"es","potentialAction":[{"@type":"ReadAction","target":["https:\/\/cuartetoenlaweb.com.ar\/sitio\/tension-en-intrusos-adrian-pallares-callo-en-vivo-a-daniel-ambrosino-y-su-reaccion-causo-impacto-no-me-discutas\/"]}]},{"@type":"ImageObject","inLanguage":"es","@id":"https:\/\/cuartetoenlaweb.com.ar\/sitio\/tension-en-intrusos-adrian-pallares-callo-en-vivo-a-daniel-ambrosino-y-su-reaccion-causo-impacto-no-me-discutas\/#primaryimage","url":"https:\/\/cuartetoenlaweb.com.ar\/sitio\/wp-content\/uploads\/2026\/01\/Duplaa-aper-1-359x226-1.jpg","contentUrl":"https:\/\/cuartetoenlaweb.com.ar\/sitio\/wp-content\/uploads\/2026\/01\/Duplaa-aper-1-359x226-1.jpg","width":359,"height":226},{"@type":"BreadcrumbList","@id":"https:\/\/cuartetoenlaweb.com.ar\/sitio\/tension-en-intrusos-adrian-pallares-callo-en-vivo-a-daniel-ambrosino-y-su-reaccion-causo-impacto-no-me-discutas\/#breadcrumb","itemListElement":[{"@type":"ListItem","position":1,"name":"Portada","item":"http:\/\/cuartetoenlaweb.com.ar\/sitio\/"},{"@type":"ListItem","position":2,"name":"\u00a1Tensi\u00f3n en Intrusos! Adri\u00e1n Pallares call\u00f3 en vivo a Daniel Ambrosino y su reacci\u00f3n caus\u00f3 impacto: &quot;No me discutas&quot;"}]},{"@type":"WebSite","@id":"http:\/\/cuartetoenlaweb.com.ar\/sitio\/#website","url":"http:\/\/cuartetoenlaweb.com.ar\/sitio\/","name":"Cuarteto en la Web","description":"","publisher":{"@id":"http:\/\/cuartetoenlaweb.com.ar\/sitio\/#organization"},"potentialAction":[{"@type":"SearchAction","target":{"@type":"EntryPoint","urlTemplate":"http:\/\/cuartetoenlaweb.com.ar\/sitio\/?s={search_term_string}"},"query-input":{"@type":"PropertyValueSpecification","valueRequired":true,"valueName":"search_term_string"}}],"inLanguage":"es"},{"@type":"Organization","@id":"http:\/\/cuartetoenlaweb.com.ar\/sitio\/#organization","name":"Cuarteto en la Web","url":"http:\/\/cuartetoenlaweb.com.ar\/sitio\/","logo":{"@type":"ImageObject","inLanguage":"es","@id":"http:\/\/cuartetoenlaweb.com.ar\/sitio\/#\/schema\/logo\/image\/","url":"https:\/\/cuartetoenlaweb.com.ar\/sitio\/wp-content\/uploads\/2025\/07\/cropped-cropped-logitoweb21.png","contentUrl":"https:\/\/cuartetoenlaweb.com.ar\/sitio\/wp-content\/uploads\/2025\/07\/cropped-cropped-logitoweb21.png","width":199,"height":199,"caption":"Cuarteto en la Web"},"image":{"@id":"http:\/\/cuartetoenlaweb.com.ar\/sitio\/#\/schema\/logo\/image\/"}}]}},"_links":{"self":[{"href":"https:\/\/cuartetoenlaweb.com.ar\/sitio\/wp-json\/wp\/v2\/posts\/10450","targetHints":{"allow":["GET"]}}],"collection":[{"href":"https:\/\/cuartetoenlaweb.com.ar\/sitio\/wp-json\/wp\/v2\/posts"}],"about":[{"href":"https:\/\/cuartetoenlaweb.com.ar\/sitio\/wp-json\/wp\/v2\/types\/post"}],"replies":[{"embeddable":true,"href":"https:\/\/cuartetoenlaweb.com.ar\/sitio\/wp-json\/wp\/v2\/comments?post=10450"}],"version-history":[{"count":0,"href":"https:\/\/cuartetoenlaweb.com.ar\/sitio\/wp-json\/wp\/v2\/posts\/10450\/revisions"}],"wp:featuredmedia":[{"embeddable":true,"href":"https:\/\/cuartetoenlaweb.com.ar\/sitio\/wp-json\/wp\/v2\/media\/10451"}],"wp:attachment":[{"href":"https:\/\/cuartetoenlaweb.com.ar\/sitio\/wp-json\/wp\/v2\/media?parent=10450"}],"wp:term":[{"taxonomy":"category","embeddable":true,"href":"https:\/\/cuartetoenlaweb.com.ar\/sitio\/wp-json\/wp\/v2\/categories?post=10450"},{"taxonomy":"post_tag","embeddable":true,"href":"https:\/\/cuartetoenlaweb.com.ar\/sitio\/wp-json\/wp\/v2\/tags?post=10450"}],"curies":[{"name":"wp","href":"https:\/\/api.w.org\/{rel}","templated":true}]}}