
{"id":10444,"date":"2026-01-16T18:00:08","date_gmt":"2026-01-16T21:00:08","guid":{"rendered":"https:\/\/cuartetoenlaweb.com.ar\/sitio\/cerebro-de-mono-brutal-definicion-de-fernanda-iglesias-contra-maxi-lopez-tras-sus-dichos-sobre-flor-de-la-ve\/"},"modified":"2026-01-16T18:00:08","modified_gmt":"2026-01-16T21:00:08","slug":"cerebro-de-mono-brutal-definicion-de-fernanda-iglesias-contra-maxi-lopez-tras-sus-dichos-sobre-flor-de-la-ve","status":"publish","type":"post","link":"https:\/\/cuartetoenlaweb.com.ar\/sitio\/cerebro-de-mono-brutal-definicion-de-fernanda-iglesias-contra-maxi-lopez-tras-sus-dichos-sobre-flor-de-la-ve\/","title":{"rendered":"&quot;Cerebro de mono&quot;: Brutal definici\u00f3n de Fernanda Iglesias contra Maxi L\u00f3pez tras sus dichos sobre Flor de la Ve"},"content":{"rendered":"<p>A Maxi L\u00f3pez le dieron micr\u00f3fono y ya se meti\u00f3 en un par de berenjenales. En tiempo r\u00e9cord sum\u00f3 definiciones pol\u00e9micas que le valieron dos esc\u00e1ndalos y dos amagues de cancelaci\u00f3n. Primero por lo que cont\u00f3 del nacimiento de su segundo hijo con la sueca Danielle Christianson, y ahora por sus palabras sobre Flor de la Ve. Y como no hay dos sin tres, si lo dejan hablar&#8230; seguramente llegar\u00e1 la tercera, \u00bfQue ser\u00e1 la vencida? Qui\u00e9n sabe&#8230;<\/p>\n<p>Mientras se aguarda por esa nueva \u00abmetida de pata\u00bb, la que \u00abagarr\u00f3\u00bb a Maxi y le dio con todo fue Fernanda Iglesias, quien indudablemente es una de las periodistas del momento (sino la n\u00famero del ambiente chimentero) por sus primicias y porque sus informaciones hacen hablar a \u00abmedio pa\u00eds\u00bb. La picante \u00abFer\u00bb retrocedi\u00f3 un par de casilleros al dejar Puroshow para ir al fallido programa de Mar\u00eda Bel\u00e9n Ludue\u00f1a pero ahora volvi\u00f3 bajo el ala de Pampito y Mati V\u00e1zquez y ese parece ser, sin dudas, su lugar en el mundo.<\/p>\n<p>A Maxi L\u00f3pez, que surfe\u00f3 como pudo la ola reprobatoria que casi se lo lleva puesto cuando cont\u00f3 que \u00abapur\u00f3\u00bb la c\u00e9sarea de Lando en Suiza para no faltar a Masterchef argentina, le mostraron un video de un gol de Boca donde Diego Maradona y Claudio Paul Caniggia celebraron con un recordado beso en la boca. A \u00e9l, que surgi\u00f3 de River, le preguntaron si se animar\u00eda a comerle la boca a un hombre, y a cual. Despu\u00e9s de un cabildeo, respondi\u00f3 \u00abPuede ser a Florencia de la Vega\u00bb.<\/p>\n<div class=\"mt-box \">\n<h4 class=\"mt-heading\">Mir\u00e1 Tambi\u00e9n<\/h4>\n<p><a href=\"https:\/\/www.paparazzi.com.ar\/teve\/pablo-echarri-defendio-a-nancy-duplaa-atacando-a-chiche-gelblung-y-a-eduardo-feinmann\/\"><\/p>\n<div class=\"mt-content\">\n<div class=\"mt-image-container\"><img decoding=\"async\" src=\"https:\/\/www.paparazzi.com.ar\/wp-content\/uploads\/2026\/01\/Echarri-aper-1-359x226.jpg\" alt=\"\u00a1Grieta total! Pablo Echarri defendi\u00f3 a Nancy Dupl\u00e1a atacando a Chiche Gelblung y a Eduardo Feinmann: &quot;Juegan Sucio&quot;\" class=\"mt-image\" loading=\"lazy\" \/><\/div>\n<h5 class=\"mt-title\">\u00a1Grieta total! Pablo Echarri defendi\u00f3 a Nancy Dupl\u00e1a atacando a Chiche Gelblung y a Eduardo Feinmann: \u00abJuegan Sucio\u00bb<\/h5>\n<\/div>\n<p><\/a><\/div>\n<p>Se arm\u00f3 un tole tole grande. En las redes sociales lo mataron, pero la propia Flor baj\u00f3 los d\u00e9cibeles y se mostr\u00f3 lejos de tener un \u00e1nimo cencelatorio para Maxi. Despu\u00e9s de dijo que hablaron y que hab\u00eda quedado todo bien. Pero el affaire no termin\u00f3 all\u00ed, porque apareci\u00f3 Fernanda Iglesias, se puso la capa de justiciera y literalmente \u00abpas\u00f3 por arriba\u00bb de la buena onda con la que se trata a Maxi en los medios.<\/p>\n<h2 class=\"wp-block-heading\">FERNANDA IGLESIAS DIJO QUE MAXI LOPEZ TIENE \u00abCEREBRO DE MONO\u00bb<\/h2>\n<p>Lo primero que hizo fue responderle a Angie Balbiani que dijo que es \u00abuna herencia de Wanda\u00bb. \u00abPar\u00e1, no puede tener Wanda la culpa de todo. El ya era conocido como futbolista\u00bb. Despu\u00e9s dio su brutal opini\u00f3n. \u00abPara mi es un horror que se ponga a hablar esta gente. Calladito, ah\u00ed, medio gracioso, est\u00e1 bien&#8230; pero ya cuando empieza a hablar son cosas que est\u00e1n de m\u00e1s. Trascendamos lo de Wanda porque si no estamos todo el tiempo detenidos en eso\u00bb.<\/p>\n<p>Despu\u00e9s, remarc\u00f3 que \u00abya le pas\u00f3 lo de la ces\u00e1rea. Es como un bonus track. Estabas gracioso en el realitie de cocina, editado. Ya al aire, en vivo, no es tan f\u00e1cil. Porque la gente piensa estas cosas. El no hizo un chiste, \u00e9l realmente piensa esto. \u00a1No es un chiste esto! A mi no me da risa, no es un chiste, es lo que piensa. \u00bfPor qu\u00e9 nos molesta? Porque su linea de pensamiento es que Florencia de la Ve es un hombre. A Florencia no le molest\u00f3 pero su pensamiento es&#8230; \u00abhombre, hombre, hombre&#8230; y este hombre medio parece una mujer, me quedo con ese\u00bb. \u00a1No es un chiste! \u00a1Es lo que \u00e9l pens\u00f3 en su cerebro de mono!\u00bb. Al escuchar eso, Angie Balbiani le dijo \u00abah bueno, menos mal que yo dije algo fuerte\u00bb.   <\/p>\n<div class=\"mt-box \">\n<h4 class=\"mt-heading\">Mir\u00e1 Tambi\u00e9n<\/h4>\n<p><a href=\"https:\/\/www.paparazzi.com.ar\/teve\/nancy-duplaa-contra-eduardo-feinmann-por-su-hijo-luca-martin\/\"><\/p>\n<div class=\"mt-content\">\n<div class=\"mt-image-container\"><img decoding=\"async\" src=\"https:\/\/www.paparazzi.com.ar\/wp-content\/uploads\/2026\/01\/Duplaa-aper-1-359x226.jpg\" alt=\"Nancy Dupl\u00e1a se hart\u00f3 de las cr\u00edticas a su hijo Luca Martin y explot\u00f3 contra Eduardo Feinmann: &quot;Va a aprender a manejar su lengua&quot;\" class=\"mt-image\" loading=\"lazy\" \/><\/div>\n<h5 class=\"mt-title\">Nancy Dupl\u00e1a se hart\u00f3 de las cr\u00edticas a su hijo Luca Martin y explot\u00f3 contra Eduardo Feinmann: \u00abVa a aprender a manejar su lengua\u00bb<\/h5>\n<\/div>\n<p><\/a><\/div>\n<div class=\"mt-box \">\n<h4 class=\"mt-heading\">Mir\u00e1 Tambi\u00e9n<\/h4>\n<p><a href=\"https:\/\/www.paparazzi.com.ar\/romances\/bombazo-marcelo-tinelli-separado-definitivamente-de-millet-figueroa-no-hay-nada-mas\/\"><\/p>\n<div class=\"mt-content\">\n<div class=\"mt-image-container\"><img decoding=\"async\" src=\"https:\/\/www.paparazzi.com.ar\/wp-content\/uploads\/2023\/11\/Millet-Tinelli.jpg.webp\" alt=\"\u00a1Bombazo! Marcelo Tinelli separado definitivamente de Milett Figueroa: \u201cNo hay nada m\u00e1s\u201d\" class=\"mt-image\" loading=\"lazy\" \/><\/div>\n<h5 class=\"mt-title\">\u00a1Bombazo! Marcelo Tinelli separado definitivamente de Milett Figueroa: \u201cNo hay nada m\u00e1s\u201d<\/h5>\n<\/div>\n<p><\/a><\/div>\n<p>The post <a href=\"https:\/\/www.paparazzi.com.ar\/teve\/cerebro-de-mono-brutal-definicion-de-fernanda-iglesias-contra-maxi-lopez-tras-sus-dichos-sobre-flor-de-la-ve\/\">&quot;Cerebro de mono&quot;: Brutal definici\u00f3n de Fernanda Iglesias contra Maxi L\u00f3pez tras sus dichos sobre Flor de la Ve<\/a> appeared first on <a href=\"https:\/\/www.paparazzi.com.ar\">Revista Paparazzi<\/a>.<\/p>\n","protected":false},"excerpt":{"rendered":"<p>A Maxi L\u00f3pez le dieron micr\u00f3fono y ya se meti\u00f3<\/p>\n","protected":false},"author":0,"featured_media":10445,"comment_status":"","ping_status":"","sticky":false,"template":"","format":"standard","meta":{"footnotes":""},"categories":[65],"tags":[],"class_list":["post-10444","post","type-post","status-publish","format-standard","has-post-thumbnail","hentry","category-pais"],"yoast_head":"<!-- This site is optimized with the Yoast SEO plugin v27.5 - https:\/\/yoast.com\/product\/yoast-seo-wordpress\/ -->\n<title>&quot;Cerebro de mono&quot;: Brutal definici\u00f3n de Fernanda Iglesias contra Maxi L\u00f3pez tras sus dichos sobre Flor de la Ve - Cuarteto en la Web<\/title>\n<meta name=\"robots\" content=\"index, follow, max-snippet:-1, max-image-preview:large, max-video-preview:-1\" \/>\n<link rel=\"canonical\" href=\"https:\/\/cuartetoenlaweb.com.ar\/sitio\/cerebro-de-mono-brutal-definicion-de-fernanda-iglesias-contra-maxi-lopez-tras-sus-dichos-sobre-flor-de-la-ve\/\" \/>\n<meta property=\"og:locale\" content=\"es_ES\" \/>\n<meta property=\"og:type\" content=\"article\" \/>\n<meta property=\"og:title\" content=\"&quot;Cerebro de mono&quot;: Brutal definici\u00f3n de Fernanda Iglesias contra Maxi L\u00f3pez tras sus dichos sobre Flor de la Ve - Cuarteto en la Web\" \/>\n<meta property=\"og:description\" content=\"A Maxi L\u00f3pez le dieron micr\u00f3fono y ya se meti\u00f3\" \/>\n<meta property=\"og:url\" content=\"https:\/\/cuartetoenlaweb.com.ar\/sitio\/cerebro-de-mono-brutal-definicion-de-fernanda-iglesias-contra-maxi-lopez-tras-sus-dichos-sobre-flor-de-la-ve\/\" \/>\n<meta property=\"og:site_name\" content=\"Cuarteto en la Web\" \/>\n<meta property=\"article:published_time\" content=\"2026-01-16T21:00:08+00:00\" \/>\n<meta property=\"og:image\" content=\"https:\/\/cuartetoenlaweb.com.ar\/sitio\/wp-content\/uploads\/2026\/01\/Echarri-aper-1-359x226-1.jpg\" \/>\n\t<meta property=\"og:image:width\" content=\"359\" \/>\n\t<meta property=\"og:image:height\" content=\"226\" \/>\n\t<meta property=\"og:image:type\" content=\"image\/jpeg\" \/>\n<meta name=\"twitter:card\" content=\"summary_large_image\" \/>\n<meta name=\"twitter:label1\" content=\"Tiempo de lectura\" \/>\n\t<meta name=\"twitter:data1\" content=\"3 minutos\" \/>\n<script type=\"application\/ld+json\" class=\"yoast-schema-graph\">{\"@context\":\"https:\\\/\\\/schema.org\",\"@graph\":[{\"@type\":\"Article\",\"@id\":\"https:\\\/\\\/cuartetoenlaweb.com.ar\\\/sitio\\\/cerebro-de-mono-brutal-definicion-de-fernanda-iglesias-contra-maxi-lopez-tras-sus-dichos-sobre-flor-de-la-ve\\\/#article\",\"isPartOf\":{\"@id\":\"https:\\\/\\\/cuartetoenlaweb.com.ar\\\/sitio\\\/cerebro-de-mono-brutal-definicion-de-fernanda-iglesias-contra-maxi-lopez-tras-sus-dichos-sobre-flor-de-la-ve\\\/\"},\"author\":{\"name\":\"\",\"@id\":\"\"},\"headline\":\"&quot;Cerebro de mono&quot;: Brutal definici\u00f3n de Fernanda Iglesias contra Maxi L\u00f3pez tras sus dichos sobre Flor de la Ve\",\"datePublished\":\"2026-01-16T21:00:08+00:00\",\"mainEntityOfPage\":{\"@id\":\"https:\\\/\\\/cuartetoenlaweb.com.ar\\\/sitio\\\/cerebro-de-mono-brutal-definicion-de-fernanda-iglesias-contra-maxi-lopez-tras-sus-dichos-sobre-flor-de-la-ve\\\/\"},\"wordCount\":709,\"publisher\":{\"@id\":\"https:\\\/\\\/cuartetoenlaweb.com.ar\\\/sitio\\\/#organization\"},\"image\":{\"@id\":\"https:\\\/\\\/cuartetoenlaweb.com.ar\\\/sitio\\\/cerebro-de-mono-brutal-definicion-de-fernanda-iglesias-contra-maxi-lopez-tras-sus-dichos-sobre-flor-de-la-ve\\\/#primaryimage\"},\"thumbnailUrl\":\"https:\\\/\\\/cuartetoenlaweb.com.ar\\\/sitio\\\/wp-content\\\/uploads\\\/2026\\\/01\\\/Echarri-aper-1-359x226-1.jpg\",\"articleSection\":[\"PAIS\"],\"inLanguage\":\"es\"},{\"@type\":\"WebPage\",\"@id\":\"https:\\\/\\\/cuartetoenlaweb.com.ar\\\/sitio\\\/cerebro-de-mono-brutal-definicion-de-fernanda-iglesias-contra-maxi-lopez-tras-sus-dichos-sobre-flor-de-la-ve\\\/\",\"url\":\"https:\\\/\\\/cuartetoenlaweb.com.ar\\\/sitio\\\/cerebro-de-mono-brutal-definicion-de-fernanda-iglesias-contra-maxi-lopez-tras-sus-dichos-sobre-flor-de-la-ve\\\/\",\"name\":\"&quot;Cerebro de mono&quot;: Brutal definici\u00f3n de Fernanda Iglesias contra Maxi L\u00f3pez tras sus dichos sobre Flor de la Ve - Cuarteto en la Web\",\"isPartOf\":{\"@id\":\"https:\\\/\\\/cuartetoenlaweb.com.ar\\\/sitio\\\/#website\"},\"primaryImageOfPage\":{\"@id\":\"https:\\\/\\\/cuartetoenlaweb.com.ar\\\/sitio\\\/cerebro-de-mono-brutal-definicion-de-fernanda-iglesias-contra-maxi-lopez-tras-sus-dichos-sobre-flor-de-la-ve\\\/#primaryimage\"},\"image\":{\"@id\":\"https:\\\/\\\/cuartetoenlaweb.com.ar\\\/sitio\\\/cerebro-de-mono-brutal-definicion-de-fernanda-iglesias-contra-maxi-lopez-tras-sus-dichos-sobre-flor-de-la-ve\\\/#primaryimage\"},\"thumbnailUrl\":\"https:\\\/\\\/cuartetoenlaweb.com.ar\\\/sitio\\\/wp-content\\\/uploads\\\/2026\\\/01\\\/Echarri-aper-1-359x226-1.jpg\",\"datePublished\":\"2026-01-16T21:00:08+00:00\",\"breadcrumb\":{\"@id\":\"https:\\\/\\\/cuartetoenlaweb.com.ar\\\/sitio\\\/cerebro-de-mono-brutal-definicion-de-fernanda-iglesias-contra-maxi-lopez-tras-sus-dichos-sobre-flor-de-la-ve\\\/#breadcrumb\"},\"inLanguage\":\"es\",\"potentialAction\":[{\"@type\":\"ReadAction\",\"target\":[\"https:\\\/\\\/cuartetoenlaweb.com.ar\\\/sitio\\\/cerebro-de-mono-brutal-definicion-de-fernanda-iglesias-contra-maxi-lopez-tras-sus-dichos-sobre-flor-de-la-ve\\\/\"]}]},{\"@type\":\"ImageObject\",\"inLanguage\":\"es\",\"@id\":\"https:\\\/\\\/cuartetoenlaweb.com.ar\\\/sitio\\\/cerebro-de-mono-brutal-definicion-de-fernanda-iglesias-contra-maxi-lopez-tras-sus-dichos-sobre-flor-de-la-ve\\\/#primaryimage\",\"url\":\"https:\\\/\\\/cuartetoenlaweb.com.ar\\\/sitio\\\/wp-content\\\/uploads\\\/2026\\\/01\\\/Echarri-aper-1-359x226-1.jpg\",\"contentUrl\":\"https:\\\/\\\/cuartetoenlaweb.com.ar\\\/sitio\\\/wp-content\\\/uploads\\\/2026\\\/01\\\/Echarri-aper-1-359x226-1.jpg\",\"width\":359,\"height\":226},{\"@type\":\"BreadcrumbList\",\"@id\":\"https:\\\/\\\/cuartetoenlaweb.com.ar\\\/sitio\\\/cerebro-de-mono-brutal-definicion-de-fernanda-iglesias-contra-maxi-lopez-tras-sus-dichos-sobre-flor-de-la-ve\\\/#breadcrumb\",\"itemListElement\":[{\"@type\":\"ListItem\",\"position\":1,\"name\":\"Portada\",\"item\":\"https:\\\/\\\/cuartetoenlaweb.com.ar\\\/sitio\\\/\"},{\"@type\":\"ListItem\",\"position\":2,\"name\":\"&quot;Cerebro de mono&quot;: Brutal definici\u00f3n de Fernanda Iglesias contra Maxi L\u00f3pez tras sus dichos sobre Flor de la Ve\"}]},{\"@type\":\"WebSite\",\"@id\":\"https:\\\/\\\/cuartetoenlaweb.com.ar\\\/sitio\\\/#website\",\"url\":\"https:\\\/\\\/cuartetoenlaweb.com.ar\\\/sitio\\\/\",\"name\":\"Cuarteto en la Web\",\"description\":\"\",\"publisher\":{\"@id\":\"https:\\\/\\\/cuartetoenlaweb.com.ar\\\/sitio\\\/#organization\"},\"potentialAction\":[{\"@type\":\"SearchAction\",\"target\":{\"@type\":\"EntryPoint\",\"urlTemplate\":\"https:\\\/\\\/cuartetoenlaweb.com.ar\\\/sitio\\\/?s={search_term_string}\"},\"query-input\":{\"@type\":\"PropertyValueSpecification\",\"valueRequired\":true,\"valueName\":\"search_term_string\"}}],\"inLanguage\":\"es\"},{\"@type\":\"Organization\",\"@id\":\"https:\\\/\\\/cuartetoenlaweb.com.ar\\\/sitio\\\/#organization\",\"name\":\"Cuarteto en la Web\",\"url\":\"https:\\\/\\\/cuartetoenlaweb.com.ar\\\/sitio\\\/\",\"logo\":{\"@type\":\"ImageObject\",\"inLanguage\":\"es\",\"@id\":\"https:\\\/\\\/cuartetoenlaweb.com.ar\\\/sitio\\\/#\\\/schema\\\/logo\\\/image\\\/\",\"url\":\"https:\\\/\\\/cuartetoenlaweb.com.ar\\\/sitio\\\/wp-content\\\/uploads\\\/2025\\\/07\\\/cropped-cropped-logitoweb21.png\",\"contentUrl\":\"https:\\\/\\\/cuartetoenlaweb.com.ar\\\/sitio\\\/wp-content\\\/uploads\\\/2025\\\/07\\\/cropped-cropped-logitoweb21.png\",\"width\":199,\"height\":199,\"caption\":\"Cuarteto en la Web\"},\"image\":{\"@id\":\"https:\\\/\\\/cuartetoenlaweb.com.ar\\\/sitio\\\/#\\\/schema\\\/logo\\\/image\\\/\"}}]}<\/script>\n<!-- \/ Yoast SEO plugin. -->","yoast_head_json":{"title":"&quot;Cerebro de mono&quot;: Brutal definici\u00f3n de Fernanda Iglesias contra Maxi L\u00f3pez tras sus dichos sobre Flor de la Ve - Cuarteto en la Web","robots":{"index":"index","follow":"follow","max-snippet":"max-snippet:-1","max-image-preview":"max-image-preview:large","max-video-preview":"max-video-preview:-1"},"canonical":"https:\/\/cuartetoenlaweb.com.ar\/sitio\/cerebro-de-mono-brutal-definicion-de-fernanda-iglesias-contra-maxi-lopez-tras-sus-dichos-sobre-flor-de-la-ve\/","og_locale":"es_ES","og_type":"article","og_title":"&quot;Cerebro de mono&quot;: Brutal definici\u00f3n de Fernanda Iglesias contra Maxi L\u00f3pez tras sus dichos sobre Flor de la Ve - Cuarteto en la Web","og_description":"A Maxi L\u00f3pez le dieron micr\u00f3fono y ya se meti\u00f3","og_url":"https:\/\/cuartetoenlaweb.com.ar\/sitio\/cerebro-de-mono-brutal-definicion-de-fernanda-iglesias-contra-maxi-lopez-tras-sus-dichos-sobre-flor-de-la-ve\/","og_site_name":"Cuarteto en la Web","article_published_time":"2026-01-16T21:00:08+00:00","og_image":[{"width":359,"height":226,"url":"https:\/\/cuartetoenlaweb.com.ar\/sitio\/wp-content\/uploads\/2026\/01\/Echarri-aper-1-359x226-1.jpg","type":"image\/jpeg"}],"twitter_card":"summary_large_image","twitter_misc":{"Tiempo de lectura":"3 minutos"},"schema":{"@context":"https:\/\/schema.org","@graph":[{"@type":"Article","@id":"https:\/\/cuartetoenlaweb.com.ar\/sitio\/cerebro-de-mono-brutal-definicion-de-fernanda-iglesias-contra-maxi-lopez-tras-sus-dichos-sobre-flor-de-la-ve\/#article","isPartOf":{"@id":"https:\/\/cuartetoenlaweb.com.ar\/sitio\/cerebro-de-mono-brutal-definicion-de-fernanda-iglesias-contra-maxi-lopez-tras-sus-dichos-sobre-flor-de-la-ve\/"},"author":{"name":"","@id":""},"headline":"&quot;Cerebro de mono&quot;: Brutal definici\u00f3n de Fernanda Iglesias contra Maxi L\u00f3pez tras sus dichos sobre Flor de la Ve","datePublished":"2026-01-16T21:00:08+00:00","mainEntityOfPage":{"@id":"https:\/\/cuartetoenlaweb.com.ar\/sitio\/cerebro-de-mono-brutal-definicion-de-fernanda-iglesias-contra-maxi-lopez-tras-sus-dichos-sobre-flor-de-la-ve\/"},"wordCount":709,"publisher":{"@id":"https:\/\/cuartetoenlaweb.com.ar\/sitio\/#organization"},"image":{"@id":"https:\/\/cuartetoenlaweb.com.ar\/sitio\/cerebro-de-mono-brutal-definicion-de-fernanda-iglesias-contra-maxi-lopez-tras-sus-dichos-sobre-flor-de-la-ve\/#primaryimage"},"thumbnailUrl":"https:\/\/cuartetoenlaweb.com.ar\/sitio\/wp-content\/uploads\/2026\/01\/Echarri-aper-1-359x226-1.jpg","articleSection":["PAIS"],"inLanguage":"es"},{"@type":"WebPage","@id":"https:\/\/cuartetoenlaweb.com.ar\/sitio\/cerebro-de-mono-brutal-definicion-de-fernanda-iglesias-contra-maxi-lopez-tras-sus-dichos-sobre-flor-de-la-ve\/","url":"https:\/\/cuartetoenlaweb.com.ar\/sitio\/cerebro-de-mono-brutal-definicion-de-fernanda-iglesias-contra-maxi-lopez-tras-sus-dichos-sobre-flor-de-la-ve\/","name":"&quot;Cerebro de mono&quot;: Brutal definici\u00f3n de Fernanda Iglesias contra Maxi L\u00f3pez tras sus dichos sobre Flor de la Ve - Cuarteto en la Web","isPartOf":{"@id":"https:\/\/cuartetoenlaweb.com.ar\/sitio\/#website"},"primaryImageOfPage":{"@id":"https:\/\/cuartetoenlaweb.com.ar\/sitio\/cerebro-de-mono-brutal-definicion-de-fernanda-iglesias-contra-maxi-lopez-tras-sus-dichos-sobre-flor-de-la-ve\/#primaryimage"},"image":{"@id":"https:\/\/cuartetoenlaweb.com.ar\/sitio\/cerebro-de-mono-brutal-definicion-de-fernanda-iglesias-contra-maxi-lopez-tras-sus-dichos-sobre-flor-de-la-ve\/#primaryimage"},"thumbnailUrl":"https:\/\/cuartetoenlaweb.com.ar\/sitio\/wp-content\/uploads\/2026\/01\/Echarri-aper-1-359x226-1.jpg","datePublished":"2026-01-16T21:00:08+00:00","breadcrumb":{"@id":"https:\/\/cuartetoenlaweb.com.ar\/sitio\/cerebro-de-mono-brutal-definicion-de-fernanda-iglesias-contra-maxi-lopez-tras-sus-dichos-sobre-flor-de-la-ve\/#breadcrumb"},"inLanguage":"es","potentialAction":[{"@type":"ReadAction","target":["https:\/\/cuartetoenlaweb.com.ar\/sitio\/cerebro-de-mono-brutal-definicion-de-fernanda-iglesias-contra-maxi-lopez-tras-sus-dichos-sobre-flor-de-la-ve\/"]}]},{"@type":"ImageObject","inLanguage":"es","@id":"https:\/\/cuartetoenlaweb.com.ar\/sitio\/cerebro-de-mono-brutal-definicion-de-fernanda-iglesias-contra-maxi-lopez-tras-sus-dichos-sobre-flor-de-la-ve\/#primaryimage","url":"https:\/\/cuartetoenlaweb.com.ar\/sitio\/wp-content\/uploads\/2026\/01\/Echarri-aper-1-359x226-1.jpg","contentUrl":"https:\/\/cuartetoenlaweb.com.ar\/sitio\/wp-content\/uploads\/2026\/01\/Echarri-aper-1-359x226-1.jpg","width":359,"height":226},{"@type":"BreadcrumbList","@id":"https:\/\/cuartetoenlaweb.com.ar\/sitio\/cerebro-de-mono-brutal-definicion-de-fernanda-iglesias-contra-maxi-lopez-tras-sus-dichos-sobre-flor-de-la-ve\/#breadcrumb","itemListElement":[{"@type":"ListItem","position":1,"name":"Portada","item":"https:\/\/cuartetoenlaweb.com.ar\/sitio\/"},{"@type":"ListItem","position":2,"name":"&quot;Cerebro de mono&quot;: Brutal definici\u00f3n de Fernanda Iglesias contra Maxi L\u00f3pez tras sus dichos sobre Flor de la Ve"}]},{"@type":"WebSite","@id":"https:\/\/cuartetoenlaweb.com.ar\/sitio\/#website","url":"https:\/\/cuartetoenlaweb.com.ar\/sitio\/","name":"Cuarteto en la Web","description":"","publisher":{"@id":"https:\/\/cuartetoenlaweb.com.ar\/sitio\/#organization"},"potentialAction":[{"@type":"SearchAction","target":{"@type":"EntryPoint","urlTemplate":"https:\/\/cuartetoenlaweb.com.ar\/sitio\/?s={search_term_string}"},"query-input":{"@type":"PropertyValueSpecification","valueRequired":true,"valueName":"search_term_string"}}],"inLanguage":"es"},{"@type":"Organization","@id":"https:\/\/cuartetoenlaweb.com.ar\/sitio\/#organization","name":"Cuarteto en la Web","url":"https:\/\/cuartetoenlaweb.com.ar\/sitio\/","logo":{"@type":"ImageObject","inLanguage":"es","@id":"https:\/\/cuartetoenlaweb.com.ar\/sitio\/#\/schema\/logo\/image\/","url":"https:\/\/cuartetoenlaweb.com.ar\/sitio\/wp-content\/uploads\/2025\/07\/cropped-cropped-logitoweb21.png","contentUrl":"https:\/\/cuartetoenlaweb.com.ar\/sitio\/wp-content\/uploads\/2025\/07\/cropped-cropped-logitoweb21.png","width":199,"height":199,"caption":"Cuarteto en la Web"},"image":{"@id":"https:\/\/cuartetoenlaweb.com.ar\/sitio\/#\/schema\/logo\/image\/"}}]}},"_links":{"self":[{"href":"https:\/\/cuartetoenlaweb.com.ar\/sitio\/wp-json\/wp\/v2\/posts\/10444","targetHints":{"allow":["GET"]}}],"collection":[{"href":"https:\/\/cuartetoenlaweb.com.ar\/sitio\/wp-json\/wp\/v2\/posts"}],"about":[{"href":"https:\/\/cuartetoenlaweb.com.ar\/sitio\/wp-json\/wp\/v2\/types\/post"}],"replies":[{"embeddable":true,"href":"https:\/\/cuartetoenlaweb.com.ar\/sitio\/wp-json\/wp\/v2\/comments?post=10444"}],"version-history":[{"count":0,"href":"https:\/\/cuartetoenlaweb.com.ar\/sitio\/wp-json\/wp\/v2\/posts\/10444\/revisions"}],"wp:featuredmedia":[{"embeddable":true,"href":"https:\/\/cuartetoenlaweb.com.ar\/sitio\/wp-json\/wp\/v2\/media\/10445"}],"wp:attachment":[{"href":"https:\/\/cuartetoenlaweb.com.ar\/sitio\/wp-json\/wp\/v2\/media?parent=10444"}],"wp:term":[{"taxonomy":"category","embeddable":true,"href":"https:\/\/cuartetoenlaweb.com.ar\/sitio\/wp-json\/wp\/v2\/categories?post=10444"},{"taxonomy":"post_tag","embeddable":true,"href":"https:\/\/cuartetoenlaweb.com.ar\/sitio\/wp-json\/wp\/v2\/tags?post=10444"}],"curies":[{"name":"wp","href":"https:\/\/api.w.org\/{rel}","templated":true}]}}