
{"id":10442,"date":"2026-01-16T18:00:04","date_gmt":"2026-01-16T21:00:04","guid":{"rendered":"https:\/\/cuartetoenlaweb.com.ar\/sitio\/evangelina-anderson-conto-por-primera-vez-como-se-entero-que-se-ahogaron-sus-hijos-su-furia-con-demichelis\/"},"modified":"2026-01-16T18:00:04","modified_gmt":"2026-01-16T21:00:04","slug":"evangelina-anderson-conto-por-primera-vez-como-se-entero-que-se-ahogaron-sus-hijos-su-furia-con-demichelis","status":"publish","type":"post","link":"https:\/\/cuartetoenlaweb.com.ar\/sitio\/evangelina-anderson-conto-por-primera-vez-como-se-entero-que-se-ahogaron-sus-hijos-su-furia-con-demichelis\/","title":{"rendered":"Evangelina Anderson cont\u00f3 por primera vez c\u00f3mo se enter\u00f3 que se ahogaron sus hijos: su furia con Demichelis"},"content":{"rendered":"<p><strong>Mart\u00edn Demichelis<\/strong> surfea por las olas de todas las tendencias y protagoniza las tapas de todos los medios, a ra\u00edz de la revelaci\u00f3n de su comportamiento err\u00e1tico como padre, dado que se conoci\u00f3 que <a href=\"https:\/\/www.paparazzi.com.ar\/romances\/otro-escandalo-de-martin-demichelis-con-los-hijos-de-evangelina-anderson-no-los-quiere-ver-porque\/\">no cuida a sus tres hijos<\/a>, sino que apenas se re\u00fane por un par de horas.<\/p>\n<p>La informaci\u00f3n surgi\u00f3 en <em>A la tarde<\/em>, donde describieron que el ex esposo de <strong>Evangelina Anderson<\/strong> lleva adelante un modus operandi controversial y que la famosa es la \u00fanica que convive con los peque\u00f1os todos los d\u00edas, a tal punto que en sus compromisos laborales debe recurrir a su hermana para que custodien a sus herederos.<\/p>\n<p>En esa l\u00ednea, Demichelis qued\u00f3 en el ojo de la tormenta por un episodio muy escabroso, cuando a fin de a\u00f1o se meti\u00f3&nbsp; al mar en Punta del Este con sus hijos y necesitaron de un rescate urgente para evitar que se ahoguen. Ese video escalofriante recorri\u00f3 todos las redes sociales.<\/p>\n<div class=\"mt-box \">\n<h4 class=\"mt-heading\">Mir\u00e1 Tambi\u00e9n<\/h4>\n<p><a href=\"https:\/\/www.paparazzi.com.ar\/romances\/otro-escandalo-de-martin-demichelis-con-los-hijos-de-evangelina-anderson-no-los-quiere-ver-porque\/\"><\/p>\n<div class=\"mt-content\">\n<div class=\"mt-image-container\"><img decoding=\"async\" src=\"https:\/\/www.paparazzi.com.ar\/wp-content\/uploads\/2026\/01\/Demichelis-Martin-Evangelina-Anderson-359x226.jpg\" alt=\"Otro esc\u00e1ndalo de Mart\u00edn Demichelis con los hijos de Evangelina Anderson: \u201cNo los quiere ver porque\u2026\u201d\" class=\"mt-image\" loading=\"lazy\" \/><\/div>\n<h5 class=\"mt-title\">Otro esc\u00e1ndalo de Mart\u00edn Demichelis con los hijos de Evangelina Anderson: \u201cNo los quiere ver porque\u2026\u201d<\/h5>\n<\/div>\n<p><\/a><\/div>\n<p>Ahora, <a href=\"https:\/\/www.paparazzi.com.ar\/teve\/el-calvario-que-sufre-evangelina-anderson-por-sus-hijos-a-5-meses-de-su-separacion-de-martin-demichelis\/\">Evangelina<\/a> acaba de confirmar que su ex marido nunca la anotici\u00f3 de ese accidente. En la puerta de Telefe, la blonda habl\u00f3 con varios cronistas, que la abordaron para adentrarse en m\u00e1s pormenores sobre el rol poco \u00e9tico de Mart\u00edn como padre.\u00a0<\/p>\n<h2 class=\"wp-block-heading\">EVANGELINA ANDERSON CONFIRM\u00d3 QUE DEMICHELIS NUNCA LE CONT\u00d3 QUE SUS HIJOS CASI SE AHOGARON EN EL MAR<\/h2>\n<p>En esa mara\u00f1a de micr\u00f3fonos, un movilero le pregunt\u00f3: \u201c\u00bfPudiste ver el video de tus hijos ahog\u00e1ndose?\u201d. Ante lo cual, la medi\u00e1tica narr\u00f3: \u201cEs muy fuerte, no lo termin\u00e9 de ver\u201d. Por eso, los periodistas redoblaron: \u201c\u00bfC\u00f3mo te enteraste?\u201d. Ah\u00ed, Evangelina solt\u00f3 una pista: \u201cEsos detalles son muy \u00edntimos\u201d.&nbsp;<\/p>\n<p>Hasta que finalmente corrobor\u00f3 que Mart\u00edn nunca le explic\u00f3 nada de semejante percance: \u201cMe contaron mis hijos\u201d. Asimismo, la participante de MasterChef evit\u00f3 culpar a su ex: No voy hablar sobre si hubo una irresponsabilidad, no fue un problema, est\u00e1n bien los chicos, est\u00e1n en casa y es lo importante\u201d.<\/p>\n<p>Otro cronista apret\u00f3 el acelerador e indag\u00f3: \u201c\u00bfDemichelis se hace cargo afectivamente de tus hijos?\u201d. De ese modo, Anderson expres\u00f3:\u00a0 \u201cNo voy a hablar del tema, no hablo nunca de esos temas. Mis hijos son prioridad en mi vida, trato de cuidar su salud mental\u201d.<\/p>\n<div class=\"mt-box \">\n<h4 class=\"mt-heading\">Mir\u00e1 Tambi\u00e9n<\/h4>\n<p><a href=\"https:\/\/www.paparazzi.com.ar\/teve\/el-calvario-que-sufre-evangelina-anderson-por-sus-hijos-a-5-meses-de-su-separacion-de-martin-demichelis\/\"><\/p>\n<div class=\"mt-content\">\n<div class=\"mt-image-container\"><img decoding=\"async\" src=\"https:\/\/www.paparazzi.com.ar\/wp-content\/uploads\/2026\/01\/Evangelina-Anderson-Martin-Demichelis-hijos-2-359x226.jpg\" alt=\"El calvario que sufre Evangelina Anderson por sus hijos a 5 meses de su separaci\u00f3n de Mart\u00edn Demichelis\" class=\"mt-image\" loading=\"lazy\" \/><\/div>\n<h5 class=\"mt-title\">El calvario que sufre Evangelina Anderson por sus hijos a 5 meses de su separaci\u00f3n de Mart\u00edn Demichelis<\/h5>\n<\/div>\n<p><\/a><\/div>\n<div class=\"mt-box \">\n<h4 class=\"mt-heading\">Mir\u00e1 Tambi\u00e9n<\/h4>\n<p><a href=\"https:\/\/www.paparazzi.com.ar\/romances\/el-mensaje-de-evangelina-anderson-tras-su-separacion-de-ian-lucas-los-mismos\/\"><\/p>\n<div class=\"mt-content\">\n<div class=\"mt-image-container\"><img decoding=\"async\" src=\"https:\/\/www.paparazzi.com.ar\/wp-content\/uploads\/2026\/01\/Evangelina-Anderson-Ian-Lucas-359x226.jpg\" alt=\"El mensaje de Evangelina Anderson tras su separaci\u00f3n de Ian Lucas: \u201cLos mismos...\u201d\" class=\"mt-image\" loading=\"lazy\" \/><\/div>\n<h5 class=\"mt-title\">El mensaje de Evangelina Anderson tras su separaci\u00f3n de Ian Lucas: \u201cLos mismos&#8230;\u201d<\/h5>\n<\/div>\n<p><\/a><\/div>\n<p>The post <a href=\"https:\/\/www.paparazzi.com.ar\/romances\/evangelina-anderson-conto-toda-la-verdad-del-abandono-de-martin-demichelis-de-sus-3-hijos\/\">Evangelina Anderson cont\u00f3 por primera vez c\u00f3mo se enter\u00f3 que se ahogaron sus hijos: su furia con Demichelis<\/a> appeared first on <a href=\"https:\/\/www.paparazzi.com.ar\">Revista Paparazzi<\/a>.<\/p>\n","protected":false},"excerpt":{"rendered":"<p>Mart\u00edn Demichelis surfea por las olas de todas las tendencias<\/p>\n","protected":false},"author":0,"featured_media":10443,"comment_status":"","ping_status":"","sticky":false,"template":"","format":"standard","meta":{"footnotes":""},"categories":[65],"tags":[],"class_list":["post-10442","post","type-post","status-publish","format-standard","has-post-thumbnail","hentry","category-pais"],"yoast_head":"<!-- This site is optimized with the Yoast SEO plugin v27.5 - https:\/\/yoast.com\/product\/yoast-seo-wordpress\/ -->\n<title>Evangelina Anderson cont\u00f3 por primera vez c\u00f3mo se enter\u00f3 que se ahogaron sus hijos: su furia con Demichelis - Cuarteto en la Web<\/title>\n<meta name=\"robots\" content=\"index, follow, max-snippet:-1, max-image-preview:large, max-video-preview:-1\" \/>\n<link rel=\"canonical\" href=\"https:\/\/cuartetoenlaweb.com.ar\/sitio\/evangelina-anderson-conto-por-primera-vez-como-se-entero-que-se-ahogaron-sus-hijos-su-furia-con-demichelis\/\" \/>\n<meta property=\"og:locale\" content=\"es_ES\" \/>\n<meta property=\"og:type\" content=\"article\" \/>\n<meta property=\"og:title\" content=\"Evangelina Anderson cont\u00f3 por primera vez c\u00f3mo se enter\u00f3 que se ahogaron sus hijos: su furia con Demichelis - Cuarteto en la Web\" \/>\n<meta property=\"og:description\" content=\"Mart\u00edn Demichelis surfea por las olas de todas las tendencias\" \/>\n<meta property=\"og:url\" content=\"https:\/\/cuartetoenlaweb.com.ar\/sitio\/evangelina-anderson-conto-por-primera-vez-como-se-entero-que-se-ahogaron-sus-hijos-su-furia-con-demichelis\/\" \/>\n<meta property=\"og:site_name\" content=\"Cuarteto en la Web\" \/>\n<meta property=\"article:published_time\" content=\"2026-01-16T21:00:04+00:00\" \/>\n<meta property=\"og:image\" content=\"https:\/\/cuartetoenlaweb.com.ar\/sitio\/wp-content\/uploads\/2026\/01\/Demichelis-Martin-Evangelina-Anderson-359x226-2.jpg\" \/>\n\t<meta property=\"og:image:width\" content=\"359\" \/>\n\t<meta property=\"og:image:height\" content=\"226\" \/>\n\t<meta property=\"og:image:type\" content=\"image\/jpeg\" \/>\n<meta name=\"twitter:card\" content=\"summary_large_image\" \/>\n<meta name=\"twitter:label1\" content=\"Tiempo de lectura\" \/>\n\t<meta name=\"twitter:data1\" content=\"2 minutos\" \/>\n<script type=\"application\/ld+json\" class=\"yoast-schema-graph\">{\"@context\":\"https:\\\/\\\/schema.org\",\"@graph\":[{\"@type\":\"Article\",\"@id\":\"https:\\\/\\\/cuartetoenlaweb.com.ar\\\/sitio\\\/evangelina-anderson-conto-por-primera-vez-como-se-entero-que-se-ahogaron-sus-hijos-su-furia-con-demichelis\\\/#article\",\"isPartOf\":{\"@id\":\"https:\\\/\\\/cuartetoenlaweb.com.ar\\\/sitio\\\/evangelina-anderson-conto-por-primera-vez-como-se-entero-que-se-ahogaron-sus-hijos-su-furia-con-demichelis\\\/\"},\"author\":{\"name\":\"\",\"@id\":\"\"},\"headline\":\"Evangelina Anderson cont\u00f3 por primera vez c\u00f3mo se enter\u00f3 que se ahogaron sus hijos: su furia con Demichelis\",\"datePublished\":\"2026-01-16T21:00:04+00:00\",\"mainEntityOfPage\":{\"@id\":\"https:\\\/\\\/cuartetoenlaweb.com.ar\\\/sitio\\\/evangelina-anderson-conto-por-primera-vez-como-se-entero-que-se-ahogaron-sus-hijos-su-furia-con-demichelis\\\/\"},\"wordCount\":488,\"publisher\":{\"@id\":\"http:\\\/\\\/cuartetoenlaweb.com.ar\\\/sitio\\\/#organization\"},\"image\":{\"@id\":\"https:\\\/\\\/cuartetoenlaweb.com.ar\\\/sitio\\\/evangelina-anderson-conto-por-primera-vez-como-se-entero-que-se-ahogaron-sus-hijos-su-furia-con-demichelis\\\/#primaryimage\"},\"thumbnailUrl\":\"https:\\\/\\\/cuartetoenlaweb.com.ar\\\/sitio\\\/wp-content\\\/uploads\\\/2026\\\/01\\\/Demichelis-Martin-Evangelina-Anderson-359x226-2.jpg\",\"articleSection\":[\"PAIS\"],\"inLanguage\":\"es\"},{\"@type\":\"WebPage\",\"@id\":\"https:\\\/\\\/cuartetoenlaweb.com.ar\\\/sitio\\\/evangelina-anderson-conto-por-primera-vez-como-se-entero-que-se-ahogaron-sus-hijos-su-furia-con-demichelis\\\/\",\"url\":\"https:\\\/\\\/cuartetoenlaweb.com.ar\\\/sitio\\\/evangelina-anderson-conto-por-primera-vez-como-se-entero-que-se-ahogaron-sus-hijos-su-furia-con-demichelis\\\/\",\"name\":\"Evangelina Anderson cont\u00f3 por primera vez c\u00f3mo se enter\u00f3 que se ahogaron sus hijos: su furia con Demichelis - Cuarteto en la Web\",\"isPartOf\":{\"@id\":\"http:\\\/\\\/cuartetoenlaweb.com.ar\\\/sitio\\\/#website\"},\"primaryImageOfPage\":{\"@id\":\"https:\\\/\\\/cuartetoenlaweb.com.ar\\\/sitio\\\/evangelina-anderson-conto-por-primera-vez-como-se-entero-que-se-ahogaron-sus-hijos-su-furia-con-demichelis\\\/#primaryimage\"},\"image\":{\"@id\":\"https:\\\/\\\/cuartetoenlaweb.com.ar\\\/sitio\\\/evangelina-anderson-conto-por-primera-vez-como-se-entero-que-se-ahogaron-sus-hijos-su-furia-con-demichelis\\\/#primaryimage\"},\"thumbnailUrl\":\"https:\\\/\\\/cuartetoenlaweb.com.ar\\\/sitio\\\/wp-content\\\/uploads\\\/2026\\\/01\\\/Demichelis-Martin-Evangelina-Anderson-359x226-2.jpg\",\"datePublished\":\"2026-01-16T21:00:04+00:00\",\"breadcrumb\":{\"@id\":\"https:\\\/\\\/cuartetoenlaweb.com.ar\\\/sitio\\\/evangelina-anderson-conto-por-primera-vez-como-se-entero-que-se-ahogaron-sus-hijos-su-furia-con-demichelis\\\/#breadcrumb\"},\"inLanguage\":\"es\",\"potentialAction\":[{\"@type\":\"ReadAction\",\"target\":[\"https:\\\/\\\/cuartetoenlaweb.com.ar\\\/sitio\\\/evangelina-anderson-conto-por-primera-vez-como-se-entero-que-se-ahogaron-sus-hijos-su-furia-con-demichelis\\\/\"]}]},{\"@type\":\"ImageObject\",\"inLanguage\":\"es\",\"@id\":\"https:\\\/\\\/cuartetoenlaweb.com.ar\\\/sitio\\\/evangelina-anderson-conto-por-primera-vez-como-se-entero-que-se-ahogaron-sus-hijos-su-furia-con-demichelis\\\/#primaryimage\",\"url\":\"https:\\\/\\\/cuartetoenlaweb.com.ar\\\/sitio\\\/wp-content\\\/uploads\\\/2026\\\/01\\\/Demichelis-Martin-Evangelina-Anderson-359x226-2.jpg\",\"contentUrl\":\"https:\\\/\\\/cuartetoenlaweb.com.ar\\\/sitio\\\/wp-content\\\/uploads\\\/2026\\\/01\\\/Demichelis-Martin-Evangelina-Anderson-359x226-2.jpg\",\"width\":359,\"height\":226},{\"@type\":\"BreadcrumbList\",\"@id\":\"https:\\\/\\\/cuartetoenlaweb.com.ar\\\/sitio\\\/evangelina-anderson-conto-por-primera-vez-como-se-entero-que-se-ahogaron-sus-hijos-su-furia-con-demichelis\\\/#breadcrumb\",\"itemListElement\":[{\"@type\":\"ListItem\",\"position\":1,\"name\":\"Portada\",\"item\":\"http:\\\/\\\/cuartetoenlaweb.com.ar\\\/sitio\\\/\"},{\"@type\":\"ListItem\",\"position\":2,\"name\":\"Evangelina Anderson cont\u00f3 por primera vez c\u00f3mo se enter\u00f3 que se ahogaron sus hijos: su furia con Demichelis\"}]},{\"@type\":\"WebSite\",\"@id\":\"http:\\\/\\\/cuartetoenlaweb.com.ar\\\/sitio\\\/#website\",\"url\":\"http:\\\/\\\/cuartetoenlaweb.com.ar\\\/sitio\\\/\",\"name\":\"Cuarteto en la Web\",\"description\":\"\",\"publisher\":{\"@id\":\"http:\\\/\\\/cuartetoenlaweb.com.ar\\\/sitio\\\/#organization\"},\"potentialAction\":[{\"@type\":\"SearchAction\",\"target\":{\"@type\":\"EntryPoint\",\"urlTemplate\":\"http:\\\/\\\/cuartetoenlaweb.com.ar\\\/sitio\\\/?s={search_term_string}\"},\"query-input\":{\"@type\":\"PropertyValueSpecification\",\"valueRequired\":true,\"valueName\":\"search_term_string\"}}],\"inLanguage\":\"es\"},{\"@type\":\"Organization\",\"@id\":\"http:\\\/\\\/cuartetoenlaweb.com.ar\\\/sitio\\\/#organization\",\"name\":\"Cuarteto en la Web\",\"url\":\"http:\\\/\\\/cuartetoenlaweb.com.ar\\\/sitio\\\/\",\"logo\":{\"@type\":\"ImageObject\",\"inLanguage\":\"es\",\"@id\":\"http:\\\/\\\/cuartetoenlaweb.com.ar\\\/sitio\\\/#\\\/schema\\\/logo\\\/image\\\/\",\"url\":\"https:\\\/\\\/cuartetoenlaweb.com.ar\\\/sitio\\\/wp-content\\\/uploads\\\/2025\\\/07\\\/cropped-cropped-logitoweb21.png\",\"contentUrl\":\"https:\\\/\\\/cuartetoenlaweb.com.ar\\\/sitio\\\/wp-content\\\/uploads\\\/2025\\\/07\\\/cropped-cropped-logitoweb21.png\",\"width\":199,\"height\":199,\"caption\":\"Cuarteto en la Web\"},\"image\":{\"@id\":\"http:\\\/\\\/cuartetoenlaweb.com.ar\\\/sitio\\\/#\\\/schema\\\/logo\\\/image\\\/\"}}]}<\/script>\n<!-- \/ Yoast SEO plugin. -->","yoast_head_json":{"title":"Evangelina Anderson cont\u00f3 por primera vez c\u00f3mo se enter\u00f3 que se ahogaron sus hijos: su furia con Demichelis - Cuarteto en la Web","robots":{"index":"index","follow":"follow","max-snippet":"max-snippet:-1","max-image-preview":"max-image-preview:large","max-video-preview":"max-video-preview:-1"},"canonical":"https:\/\/cuartetoenlaweb.com.ar\/sitio\/evangelina-anderson-conto-por-primera-vez-como-se-entero-que-se-ahogaron-sus-hijos-su-furia-con-demichelis\/","og_locale":"es_ES","og_type":"article","og_title":"Evangelina Anderson cont\u00f3 por primera vez c\u00f3mo se enter\u00f3 que se ahogaron sus hijos: su furia con Demichelis - Cuarteto en la Web","og_description":"Mart\u00edn Demichelis surfea por las olas de todas las tendencias","og_url":"https:\/\/cuartetoenlaweb.com.ar\/sitio\/evangelina-anderson-conto-por-primera-vez-como-se-entero-que-se-ahogaron-sus-hijos-su-furia-con-demichelis\/","og_site_name":"Cuarteto en la Web","article_published_time":"2026-01-16T21:00:04+00:00","og_image":[{"width":359,"height":226,"url":"https:\/\/cuartetoenlaweb.com.ar\/sitio\/wp-content\/uploads\/2026\/01\/Demichelis-Martin-Evangelina-Anderson-359x226-2.jpg","type":"image\/jpeg"}],"twitter_card":"summary_large_image","twitter_misc":{"Tiempo de lectura":"2 minutos"},"schema":{"@context":"https:\/\/schema.org","@graph":[{"@type":"Article","@id":"https:\/\/cuartetoenlaweb.com.ar\/sitio\/evangelina-anderson-conto-por-primera-vez-como-se-entero-que-se-ahogaron-sus-hijos-su-furia-con-demichelis\/#article","isPartOf":{"@id":"https:\/\/cuartetoenlaweb.com.ar\/sitio\/evangelina-anderson-conto-por-primera-vez-como-se-entero-que-se-ahogaron-sus-hijos-su-furia-con-demichelis\/"},"author":{"name":"","@id":""},"headline":"Evangelina Anderson cont\u00f3 por primera vez c\u00f3mo se enter\u00f3 que se ahogaron sus hijos: su furia con Demichelis","datePublished":"2026-01-16T21:00:04+00:00","mainEntityOfPage":{"@id":"https:\/\/cuartetoenlaweb.com.ar\/sitio\/evangelina-anderson-conto-por-primera-vez-como-se-entero-que-se-ahogaron-sus-hijos-su-furia-con-demichelis\/"},"wordCount":488,"publisher":{"@id":"http:\/\/cuartetoenlaweb.com.ar\/sitio\/#organization"},"image":{"@id":"https:\/\/cuartetoenlaweb.com.ar\/sitio\/evangelina-anderson-conto-por-primera-vez-como-se-entero-que-se-ahogaron-sus-hijos-su-furia-con-demichelis\/#primaryimage"},"thumbnailUrl":"https:\/\/cuartetoenlaweb.com.ar\/sitio\/wp-content\/uploads\/2026\/01\/Demichelis-Martin-Evangelina-Anderson-359x226-2.jpg","articleSection":["PAIS"],"inLanguage":"es"},{"@type":"WebPage","@id":"https:\/\/cuartetoenlaweb.com.ar\/sitio\/evangelina-anderson-conto-por-primera-vez-como-se-entero-que-se-ahogaron-sus-hijos-su-furia-con-demichelis\/","url":"https:\/\/cuartetoenlaweb.com.ar\/sitio\/evangelina-anderson-conto-por-primera-vez-como-se-entero-que-se-ahogaron-sus-hijos-su-furia-con-demichelis\/","name":"Evangelina Anderson cont\u00f3 por primera vez c\u00f3mo se enter\u00f3 que se ahogaron sus hijos: su furia con Demichelis - Cuarteto en la Web","isPartOf":{"@id":"http:\/\/cuartetoenlaweb.com.ar\/sitio\/#website"},"primaryImageOfPage":{"@id":"https:\/\/cuartetoenlaweb.com.ar\/sitio\/evangelina-anderson-conto-por-primera-vez-como-se-entero-que-se-ahogaron-sus-hijos-su-furia-con-demichelis\/#primaryimage"},"image":{"@id":"https:\/\/cuartetoenlaweb.com.ar\/sitio\/evangelina-anderson-conto-por-primera-vez-como-se-entero-que-se-ahogaron-sus-hijos-su-furia-con-demichelis\/#primaryimage"},"thumbnailUrl":"https:\/\/cuartetoenlaweb.com.ar\/sitio\/wp-content\/uploads\/2026\/01\/Demichelis-Martin-Evangelina-Anderson-359x226-2.jpg","datePublished":"2026-01-16T21:00:04+00:00","breadcrumb":{"@id":"https:\/\/cuartetoenlaweb.com.ar\/sitio\/evangelina-anderson-conto-por-primera-vez-como-se-entero-que-se-ahogaron-sus-hijos-su-furia-con-demichelis\/#breadcrumb"},"inLanguage":"es","potentialAction":[{"@type":"ReadAction","target":["https:\/\/cuartetoenlaweb.com.ar\/sitio\/evangelina-anderson-conto-por-primera-vez-como-se-entero-que-se-ahogaron-sus-hijos-su-furia-con-demichelis\/"]}]},{"@type":"ImageObject","inLanguage":"es","@id":"https:\/\/cuartetoenlaweb.com.ar\/sitio\/evangelina-anderson-conto-por-primera-vez-como-se-entero-que-se-ahogaron-sus-hijos-su-furia-con-demichelis\/#primaryimage","url":"https:\/\/cuartetoenlaweb.com.ar\/sitio\/wp-content\/uploads\/2026\/01\/Demichelis-Martin-Evangelina-Anderson-359x226-2.jpg","contentUrl":"https:\/\/cuartetoenlaweb.com.ar\/sitio\/wp-content\/uploads\/2026\/01\/Demichelis-Martin-Evangelina-Anderson-359x226-2.jpg","width":359,"height":226},{"@type":"BreadcrumbList","@id":"https:\/\/cuartetoenlaweb.com.ar\/sitio\/evangelina-anderson-conto-por-primera-vez-como-se-entero-que-se-ahogaron-sus-hijos-su-furia-con-demichelis\/#breadcrumb","itemListElement":[{"@type":"ListItem","position":1,"name":"Portada","item":"http:\/\/cuartetoenlaweb.com.ar\/sitio\/"},{"@type":"ListItem","position":2,"name":"Evangelina Anderson cont\u00f3 por primera vez c\u00f3mo se enter\u00f3 que se ahogaron sus hijos: su furia con Demichelis"}]},{"@type":"WebSite","@id":"http:\/\/cuartetoenlaweb.com.ar\/sitio\/#website","url":"http:\/\/cuartetoenlaweb.com.ar\/sitio\/","name":"Cuarteto en la Web","description":"","publisher":{"@id":"http:\/\/cuartetoenlaweb.com.ar\/sitio\/#organization"},"potentialAction":[{"@type":"SearchAction","target":{"@type":"EntryPoint","urlTemplate":"http:\/\/cuartetoenlaweb.com.ar\/sitio\/?s={search_term_string}"},"query-input":{"@type":"PropertyValueSpecification","valueRequired":true,"valueName":"search_term_string"}}],"inLanguage":"es"},{"@type":"Organization","@id":"http:\/\/cuartetoenlaweb.com.ar\/sitio\/#organization","name":"Cuarteto en la Web","url":"http:\/\/cuartetoenlaweb.com.ar\/sitio\/","logo":{"@type":"ImageObject","inLanguage":"es","@id":"http:\/\/cuartetoenlaweb.com.ar\/sitio\/#\/schema\/logo\/image\/","url":"https:\/\/cuartetoenlaweb.com.ar\/sitio\/wp-content\/uploads\/2025\/07\/cropped-cropped-logitoweb21.png","contentUrl":"https:\/\/cuartetoenlaweb.com.ar\/sitio\/wp-content\/uploads\/2025\/07\/cropped-cropped-logitoweb21.png","width":199,"height":199,"caption":"Cuarteto en la Web"},"image":{"@id":"http:\/\/cuartetoenlaweb.com.ar\/sitio\/#\/schema\/logo\/image\/"}}]}},"_links":{"self":[{"href":"https:\/\/cuartetoenlaweb.com.ar\/sitio\/wp-json\/wp\/v2\/posts\/10442","targetHints":{"allow":["GET"]}}],"collection":[{"href":"https:\/\/cuartetoenlaweb.com.ar\/sitio\/wp-json\/wp\/v2\/posts"}],"about":[{"href":"https:\/\/cuartetoenlaweb.com.ar\/sitio\/wp-json\/wp\/v2\/types\/post"}],"replies":[{"embeddable":true,"href":"https:\/\/cuartetoenlaweb.com.ar\/sitio\/wp-json\/wp\/v2\/comments?post=10442"}],"version-history":[{"count":0,"href":"https:\/\/cuartetoenlaweb.com.ar\/sitio\/wp-json\/wp\/v2\/posts\/10442\/revisions"}],"wp:featuredmedia":[{"embeddable":true,"href":"https:\/\/cuartetoenlaweb.com.ar\/sitio\/wp-json\/wp\/v2\/media\/10443"}],"wp:attachment":[{"href":"https:\/\/cuartetoenlaweb.com.ar\/sitio\/wp-json\/wp\/v2\/media?parent=10442"}],"wp:term":[{"taxonomy":"category","embeddable":true,"href":"https:\/\/cuartetoenlaweb.com.ar\/sitio\/wp-json\/wp\/v2\/categories?post=10442"},{"taxonomy":"post_tag","embeddable":true,"href":"https:\/\/cuartetoenlaweb.com.ar\/sitio\/wp-json\/wp\/v2\/tags?post=10442"}],"curies":[{"name":"wp","href":"https:\/\/api.w.org\/{rel}","templated":true}]}}