
{"id":10438,"date":"2026-01-16T09:14:53","date_gmt":"2026-01-16T12:14:53","guid":{"rendered":"https:\/\/cuartetoenlaweb.com.ar\/sitio\/?p=10438"},"modified":"2026-01-16T09:16:38","modified_gmt":"2026-01-16T12:16:38","slug":"muchas-bajas-en-los-shows-y-artistas-que-dicen-retirarse","status":"publish","type":"post","link":"https:\/\/cuartetoenlaweb.com.ar\/sitio\/muchas-bajas-en-los-shows-y-artistas-que-dicen-retirarse\/","title":{"rendered":"Muchas bajas en los shows y artistas que dicen retirarse"},"content":{"rendered":"<p>Volvi\u00f3 el fen\u00f3meno de los artistas que amagan con retirarse, aunque a leguas se nota que es puro marketing. Lo cierto es que por vender un poco mas de entradas dicen algo que luego no hacen. Te vamos a contar, la verdad de la milanesa y el porque muchos artistas no logran superar el \u00e9xito que alguna vez tuvieron.<\/p>\n<p>Se volvi\u00f3 a instalar la estrategia de &#8216;ESTOY CERCA DEL RETIRO&#8217;, me despido de los escenarios y cosas como esas. La verdad verdadera es que muchos han llegado al \u00e9xito en otra \u00e9poca y no lograron superar ese \u00e9xito. Porqu\u00e9? simplemente porque no saben amoldarse a las nuevas generaciones.<\/p>\n<p>Escuchamos a muchos decir, eso que hacen estos chicos nuevos no es cuarteto, cuarteto es lo que haciamos nosotros, evocando siempre al pasado. Pero que pasa con esto, en su \u00e9poca fue un logro si, pero la generaci\u00f3n cambi\u00f3, ya no es la misma gente que va a los bailes, los que iban a tus bailes ya no salen, entendes?<\/p>\n<p>Entonces te vez en la tarea de renovarte, reinventarte, con estilos nuevos, temas nuevos y hoy la demanda es voraz porque los m\u00fasicos de la nueva generaci\u00f3n trae cosas nuevas.<\/p>\n<p>Entonces para reflexionar: El que manda y sostiene no es el \u00e9xito, es la gente que asiste al show y por mas que fuiste exitoso, no podes obligar a la gente que te pague una entrada para escuchar siempre lo mismo desde hace 30 a\u00f1os.<\/p>\n<p>Existen excepciones si claro, La Mona, pero hasta el tiene que seguir haciendo cosas nuevas y temas nuevos para continuar. Como se sabe Carlos Jimenez, no hace bailes, hace shows. Su publico debe esperar meses para volverlo a ver. Entonces eso es un condimento diferente, adem\u00e1s que en su espect\u00e1culo invita a otras bandas y otros g\u00e9neros. Digamos que es una propuesta a otro nivel.<\/p>\n<p>Para cerrar, van a tener que replantearse un cambio o pensar en la despedida ya que algunos son tan tercos que dicen,&#8217;LA GENTE NOS CONOCI\u00d3 CON UN ESTILO, NO PODEMOS CAMBIAR.&#8217; Amigo, es aburrido escuchar siempre lo mismo y no podes vivir toda la vida de aniversarios.<\/p>\n<p>Una mas, como ser\u00e1 que lo de antes ya no resiste, que tienen que juntarse de a dos o tres para hacer un show y ver si venden algo. Claro que eso tampoco dura mucho.<\/p>\n<p>Pero bueno, el ego y la mochila del \u00e9xito le pesa a muchos y no se la pueden sacar. El resultado de eso es que terminan olvidados de la peor manera y hay mucho nombres para mencionar, pero no lo haremos para no lastimar a nadie. Pero es la realidad. FIN<\/p>\n<p>&nbsp;<\/p>\n<p><img loading=\"lazy\" decoding=\"async\" class=\"alignnone  wp-image-10439\" src=\"http:\/\/cuartetoenlaweb.com.ar\/sitio\/wp-content\/uploads\/2026\/01\/trula.jpg\" alt=\"\" width=\"692\" height=\"692\" srcset=\"https:\/\/cuartetoenlaweb.com.ar\/sitio\/wp-content\/uploads\/2026\/01\/trula.jpg 225w, https:\/\/cuartetoenlaweb.com.ar\/sitio\/wp-content\/uploads\/2026\/01\/trula-150x150.jpg 150w\" sizes=\"auto, (max-width: 692px) 100vw, 692px\" \/><\/p>\n","protected":false},"excerpt":{"rendered":"<p>Volvi\u00f3 el fen\u00f3meno de los artistas que amagan con retirarse,<\/p>\n","protected":false},"author":1,"featured_media":10439,"comment_status":"closed","ping_status":"closed","sticky":false,"template":"","format":"standard","meta":{"footnotes":""},"categories":[1],"tags":[18,222,223,220,221,195,219],"class_list":["post-10438","post","type-post","status-publish","format-standard","has-post-thumbnail","hentry","category-populares","tag-cuarteto","tag-era","tag-estilo","tag-exitos","tag-legendarios","tag-nuevo","tag-trulka"],"yoast_head":"<!-- This site is optimized with the Yoast SEO plugin v27.5 - https:\/\/yoast.com\/product\/yoast-seo-wordpress\/ -->\n<title>Muchas bajas en los shows y artistas que dicen retirarse - Cuarteto en la Web<\/title>\n<meta name=\"robots\" content=\"index, follow, max-snippet:-1, max-image-preview:large, max-video-preview:-1\" \/>\n<link rel=\"canonical\" href=\"http:\/\/cuartetoenlaweb.com.ar\/sitio\/muchas-bajas-en-los-shows-y-artistas-que-dicen-retirarse\/\" \/>\n<meta property=\"og:locale\" content=\"es_ES\" \/>\n<meta property=\"og:type\" content=\"article\" \/>\n<meta property=\"og:title\" content=\"Muchas bajas en los shows y artistas que dicen retirarse - Cuarteto en la Web\" \/>\n<meta property=\"og:description\" content=\"Volvi\u00f3 el fen\u00f3meno de los artistas que amagan con retirarse,\" \/>\n<meta property=\"og:url\" content=\"http:\/\/cuartetoenlaweb.com.ar\/sitio\/muchas-bajas-en-los-shows-y-artistas-que-dicen-retirarse\/\" \/>\n<meta property=\"og:site_name\" content=\"Cuarteto en la Web\" \/>\n<meta property=\"article:published_time\" content=\"2026-01-16T12:14:53+00:00\" \/>\n<meta property=\"article:modified_time\" content=\"2026-01-16T12:16:38+00:00\" \/>\n<meta property=\"og:image\" content=\"http:\/\/cuartetoenlaweb.com.ar\/sitio\/wp-content\/uploads\/2026\/01\/trula.jpg\" \/>\n\t<meta property=\"og:image:width\" content=\"225\" \/>\n\t<meta property=\"og:image:height\" content=\"225\" \/>\n\t<meta property=\"og:image:type\" content=\"image\/jpeg\" \/>\n<meta name=\"author\" content=\"Redaccion Web\" \/>\n<meta name=\"twitter:card\" content=\"summary_large_image\" \/>\n<meta name=\"twitter:label1\" content=\"Escrito por\" \/>\n\t<meta name=\"twitter:data1\" content=\"Redaccion Web\" \/>\n\t<meta name=\"twitter:label2\" content=\"Tiempo de lectura\" \/>\n\t<meta name=\"twitter:data2\" content=\"3 minutos\" \/>\n<script type=\"application\/ld+json\" class=\"yoast-schema-graph\">{\"@context\":\"https:\\\/\\\/schema.org\",\"@graph\":[{\"@type\":\"Article\",\"@id\":\"http:\\\/\\\/cuartetoenlaweb.com.ar\\\/sitio\\\/muchas-bajas-en-los-shows-y-artistas-que-dicen-retirarse\\\/#article\",\"isPartOf\":{\"@id\":\"http:\\\/\\\/cuartetoenlaweb.com.ar\\\/sitio\\\/muchas-bajas-en-los-shows-y-artistas-que-dicen-retirarse\\\/\"},\"author\":{\"name\":\"Redaccion Web\",\"@id\":\"http:\\\/\\\/cuartetoenlaweb.com.ar\\\/sitio\\\/#\\\/schema\\\/person\\\/8d8975379a9396b13dbdad543e1f08f9\"},\"headline\":\"Muchas bajas en los shows y artistas que dicen retirarse\",\"datePublished\":\"2026-01-16T12:14:53+00:00\",\"dateModified\":\"2026-01-16T12:16:38+00:00\",\"mainEntityOfPage\":{\"@id\":\"http:\\\/\\\/cuartetoenlaweb.com.ar\\\/sitio\\\/muchas-bajas-en-los-shows-y-artistas-que-dicen-retirarse\\\/\"},\"wordCount\":460,\"publisher\":{\"@id\":\"http:\\\/\\\/cuartetoenlaweb.com.ar\\\/sitio\\\/#organization\"},\"image\":{\"@id\":\"http:\\\/\\\/cuartetoenlaweb.com.ar\\\/sitio\\\/muchas-bajas-en-los-shows-y-artistas-que-dicen-retirarse\\\/#primaryimage\"},\"thumbnailUrl\":\"https:\\\/\\\/cuartetoenlaweb.com.ar\\\/sitio\\\/wp-content\\\/uploads\\\/2026\\\/01\\\/trula.jpg\",\"keywords\":[\"cuarteto\",\"era\",\"estilo\",\"exitos\",\"legendarios\",\"nuevo\",\"trulka\"],\"articleSection\":[\"POPULARES\"],\"inLanguage\":\"es\"},{\"@type\":\"WebPage\",\"@id\":\"http:\\\/\\\/cuartetoenlaweb.com.ar\\\/sitio\\\/muchas-bajas-en-los-shows-y-artistas-que-dicen-retirarse\\\/\",\"url\":\"http:\\\/\\\/cuartetoenlaweb.com.ar\\\/sitio\\\/muchas-bajas-en-los-shows-y-artistas-que-dicen-retirarse\\\/\",\"name\":\"Muchas bajas en los shows y artistas que dicen retirarse - Cuarteto en la Web\",\"isPartOf\":{\"@id\":\"http:\\\/\\\/cuartetoenlaweb.com.ar\\\/sitio\\\/#website\"},\"primaryImageOfPage\":{\"@id\":\"http:\\\/\\\/cuartetoenlaweb.com.ar\\\/sitio\\\/muchas-bajas-en-los-shows-y-artistas-que-dicen-retirarse\\\/#primaryimage\"},\"image\":{\"@id\":\"http:\\\/\\\/cuartetoenlaweb.com.ar\\\/sitio\\\/muchas-bajas-en-los-shows-y-artistas-que-dicen-retirarse\\\/#primaryimage\"},\"thumbnailUrl\":\"https:\\\/\\\/cuartetoenlaweb.com.ar\\\/sitio\\\/wp-content\\\/uploads\\\/2026\\\/01\\\/trula.jpg\",\"datePublished\":\"2026-01-16T12:14:53+00:00\",\"dateModified\":\"2026-01-16T12:16:38+00:00\",\"breadcrumb\":{\"@id\":\"http:\\\/\\\/cuartetoenlaweb.com.ar\\\/sitio\\\/muchas-bajas-en-los-shows-y-artistas-que-dicen-retirarse\\\/#breadcrumb\"},\"inLanguage\":\"es\",\"potentialAction\":[{\"@type\":\"ReadAction\",\"target\":[\"http:\\\/\\\/cuartetoenlaweb.com.ar\\\/sitio\\\/muchas-bajas-en-los-shows-y-artistas-que-dicen-retirarse\\\/\"]}]},{\"@type\":\"ImageObject\",\"inLanguage\":\"es\",\"@id\":\"http:\\\/\\\/cuartetoenlaweb.com.ar\\\/sitio\\\/muchas-bajas-en-los-shows-y-artistas-que-dicen-retirarse\\\/#primaryimage\",\"url\":\"https:\\\/\\\/cuartetoenlaweb.com.ar\\\/sitio\\\/wp-content\\\/uploads\\\/2026\\\/01\\\/trula.jpg\",\"contentUrl\":\"https:\\\/\\\/cuartetoenlaweb.com.ar\\\/sitio\\\/wp-content\\\/uploads\\\/2026\\\/01\\\/trula.jpg\",\"width\":225,\"height\":225},{\"@type\":\"BreadcrumbList\",\"@id\":\"http:\\\/\\\/cuartetoenlaweb.com.ar\\\/sitio\\\/muchas-bajas-en-los-shows-y-artistas-que-dicen-retirarse\\\/#breadcrumb\",\"itemListElement\":[{\"@type\":\"ListItem\",\"position\":1,\"name\":\"Portada\",\"item\":\"http:\\\/\\\/cuartetoenlaweb.com.ar\\\/sitio\\\/\"},{\"@type\":\"ListItem\",\"position\":2,\"name\":\"Muchas bajas en los shows y artistas que dicen retirarse\"}]},{\"@type\":\"WebSite\",\"@id\":\"http:\\\/\\\/cuartetoenlaweb.com.ar\\\/sitio\\\/#website\",\"url\":\"http:\\\/\\\/cuartetoenlaweb.com.ar\\\/sitio\\\/\",\"name\":\"Cuarteto en la Web\",\"description\":\"\",\"publisher\":{\"@id\":\"http:\\\/\\\/cuartetoenlaweb.com.ar\\\/sitio\\\/#organization\"},\"potentialAction\":[{\"@type\":\"SearchAction\",\"target\":{\"@type\":\"EntryPoint\",\"urlTemplate\":\"http:\\\/\\\/cuartetoenlaweb.com.ar\\\/sitio\\\/?s={search_term_string}\"},\"query-input\":{\"@type\":\"PropertyValueSpecification\",\"valueRequired\":true,\"valueName\":\"search_term_string\"}}],\"inLanguage\":\"es\"},{\"@type\":\"Organization\",\"@id\":\"http:\\\/\\\/cuartetoenlaweb.com.ar\\\/sitio\\\/#organization\",\"name\":\"Cuarteto en la Web\",\"url\":\"http:\\\/\\\/cuartetoenlaweb.com.ar\\\/sitio\\\/\",\"logo\":{\"@type\":\"ImageObject\",\"inLanguage\":\"es\",\"@id\":\"http:\\\/\\\/cuartetoenlaweb.com.ar\\\/sitio\\\/#\\\/schema\\\/logo\\\/image\\\/\",\"url\":\"https:\\\/\\\/cuartetoenlaweb.com.ar\\\/sitio\\\/wp-content\\\/uploads\\\/2025\\\/07\\\/cropped-cropped-logitoweb21.png\",\"contentUrl\":\"https:\\\/\\\/cuartetoenlaweb.com.ar\\\/sitio\\\/wp-content\\\/uploads\\\/2025\\\/07\\\/cropped-cropped-logitoweb21.png\",\"width\":199,\"height\":199,\"caption\":\"Cuarteto en la Web\"},\"image\":{\"@id\":\"http:\\\/\\\/cuartetoenlaweb.com.ar\\\/sitio\\\/#\\\/schema\\\/logo\\\/image\\\/\"}},{\"@type\":\"Person\",\"@id\":\"http:\\\/\\\/cuartetoenlaweb.com.ar\\\/sitio\\\/#\\\/schema\\\/person\\\/8d8975379a9396b13dbdad543e1f08f9\",\"name\":\"Redaccion Web\",\"sameAs\":[\"http:\\\/\\\/cuartetoenlaweb.com.ar\\\/sitio\"],\"url\":\"https:\\\/\\\/cuartetoenlaweb.com.ar\\\/sitio\\\/author\\\/redaccion-web\\\/\"}]}<\/script>\n<!-- \/ Yoast SEO plugin. -->","yoast_head_json":{"title":"Muchas bajas en los shows y artistas que dicen retirarse - Cuarteto en la Web","robots":{"index":"index","follow":"follow","max-snippet":"max-snippet:-1","max-image-preview":"max-image-preview:large","max-video-preview":"max-video-preview:-1"},"canonical":"http:\/\/cuartetoenlaweb.com.ar\/sitio\/muchas-bajas-en-los-shows-y-artistas-que-dicen-retirarse\/","og_locale":"es_ES","og_type":"article","og_title":"Muchas bajas en los shows y artistas que dicen retirarse - Cuarteto en la Web","og_description":"Volvi\u00f3 el fen\u00f3meno de los artistas que amagan con retirarse,","og_url":"http:\/\/cuartetoenlaweb.com.ar\/sitio\/muchas-bajas-en-los-shows-y-artistas-que-dicen-retirarse\/","og_site_name":"Cuarteto en la Web","article_published_time":"2026-01-16T12:14:53+00:00","article_modified_time":"2026-01-16T12:16:38+00:00","og_image":[{"width":225,"height":225,"url":"http:\/\/cuartetoenlaweb.com.ar\/sitio\/wp-content\/uploads\/2026\/01\/trula.jpg","type":"image\/jpeg"}],"author":"Redaccion Web","twitter_card":"summary_large_image","twitter_misc":{"Escrito por":"Redaccion Web","Tiempo de lectura":"3 minutos"},"schema":{"@context":"https:\/\/schema.org","@graph":[{"@type":"Article","@id":"http:\/\/cuartetoenlaweb.com.ar\/sitio\/muchas-bajas-en-los-shows-y-artistas-que-dicen-retirarse\/#article","isPartOf":{"@id":"http:\/\/cuartetoenlaweb.com.ar\/sitio\/muchas-bajas-en-los-shows-y-artistas-que-dicen-retirarse\/"},"author":{"name":"Redaccion Web","@id":"http:\/\/cuartetoenlaweb.com.ar\/sitio\/#\/schema\/person\/8d8975379a9396b13dbdad543e1f08f9"},"headline":"Muchas bajas en los shows y artistas que dicen retirarse","datePublished":"2026-01-16T12:14:53+00:00","dateModified":"2026-01-16T12:16:38+00:00","mainEntityOfPage":{"@id":"http:\/\/cuartetoenlaweb.com.ar\/sitio\/muchas-bajas-en-los-shows-y-artistas-que-dicen-retirarse\/"},"wordCount":460,"publisher":{"@id":"http:\/\/cuartetoenlaweb.com.ar\/sitio\/#organization"},"image":{"@id":"http:\/\/cuartetoenlaweb.com.ar\/sitio\/muchas-bajas-en-los-shows-y-artistas-que-dicen-retirarse\/#primaryimage"},"thumbnailUrl":"https:\/\/cuartetoenlaweb.com.ar\/sitio\/wp-content\/uploads\/2026\/01\/trula.jpg","keywords":["cuarteto","era","estilo","exitos","legendarios","nuevo","trulka"],"articleSection":["POPULARES"],"inLanguage":"es"},{"@type":"WebPage","@id":"http:\/\/cuartetoenlaweb.com.ar\/sitio\/muchas-bajas-en-los-shows-y-artistas-que-dicen-retirarse\/","url":"http:\/\/cuartetoenlaweb.com.ar\/sitio\/muchas-bajas-en-los-shows-y-artistas-que-dicen-retirarse\/","name":"Muchas bajas en los shows y artistas que dicen retirarse - Cuarteto en la Web","isPartOf":{"@id":"http:\/\/cuartetoenlaweb.com.ar\/sitio\/#website"},"primaryImageOfPage":{"@id":"http:\/\/cuartetoenlaweb.com.ar\/sitio\/muchas-bajas-en-los-shows-y-artistas-que-dicen-retirarse\/#primaryimage"},"image":{"@id":"http:\/\/cuartetoenlaweb.com.ar\/sitio\/muchas-bajas-en-los-shows-y-artistas-que-dicen-retirarse\/#primaryimage"},"thumbnailUrl":"https:\/\/cuartetoenlaweb.com.ar\/sitio\/wp-content\/uploads\/2026\/01\/trula.jpg","datePublished":"2026-01-16T12:14:53+00:00","dateModified":"2026-01-16T12:16:38+00:00","breadcrumb":{"@id":"http:\/\/cuartetoenlaweb.com.ar\/sitio\/muchas-bajas-en-los-shows-y-artistas-que-dicen-retirarse\/#breadcrumb"},"inLanguage":"es","potentialAction":[{"@type":"ReadAction","target":["http:\/\/cuartetoenlaweb.com.ar\/sitio\/muchas-bajas-en-los-shows-y-artistas-que-dicen-retirarse\/"]}]},{"@type":"ImageObject","inLanguage":"es","@id":"http:\/\/cuartetoenlaweb.com.ar\/sitio\/muchas-bajas-en-los-shows-y-artistas-que-dicen-retirarse\/#primaryimage","url":"https:\/\/cuartetoenlaweb.com.ar\/sitio\/wp-content\/uploads\/2026\/01\/trula.jpg","contentUrl":"https:\/\/cuartetoenlaweb.com.ar\/sitio\/wp-content\/uploads\/2026\/01\/trula.jpg","width":225,"height":225},{"@type":"BreadcrumbList","@id":"http:\/\/cuartetoenlaweb.com.ar\/sitio\/muchas-bajas-en-los-shows-y-artistas-que-dicen-retirarse\/#breadcrumb","itemListElement":[{"@type":"ListItem","position":1,"name":"Portada","item":"http:\/\/cuartetoenlaweb.com.ar\/sitio\/"},{"@type":"ListItem","position":2,"name":"Muchas bajas en los shows y artistas que dicen retirarse"}]},{"@type":"WebSite","@id":"http:\/\/cuartetoenlaweb.com.ar\/sitio\/#website","url":"http:\/\/cuartetoenlaweb.com.ar\/sitio\/","name":"Cuarteto en la Web","description":"","publisher":{"@id":"http:\/\/cuartetoenlaweb.com.ar\/sitio\/#organization"},"potentialAction":[{"@type":"SearchAction","target":{"@type":"EntryPoint","urlTemplate":"http:\/\/cuartetoenlaweb.com.ar\/sitio\/?s={search_term_string}"},"query-input":{"@type":"PropertyValueSpecification","valueRequired":true,"valueName":"search_term_string"}}],"inLanguage":"es"},{"@type":"Organization","@id":"http:\/\/cuartetoenlaweb.com.ar\/sitio\/#organization","name":"Cuarteto en la Web","url":"http:\/\/cuartetoenlaweb.com.ar\/sitio\/","logo":{"@type":"ImageObject","inLanguage":"es","@id":"http:\/\/cuartetoenlaweb.com.ar\/sitio\/#\/schema\/logo\/image\/","url":"https:\/\/cuartetoenlaweb.com.ar\/sitio\/wp-content\/uploads\/2025\/07\/cropped-cropped-logitoweb21.png","contentUrl":"https:\/\/cuartetoenlaweb.com.ar\/sitio\/wp-content\/uploads\/2025\/07\/cropped-cropped-logitoweb21.png","width":199,"height":199,"caption":"Cuarteto en la Web"},"image":{"@id":"http:\/\/cuartetoenlaweb.com.ar\/sitio\/#\/schema\/logo\/image\/"}},{"@type":"Person","@id":"http:\/\/cuartetoenlaweb.com.ar\/sitio\/#\/schema\/person\/8d8975379a9396b13dbdad543e1f08f9","name":"Redaccion Web","sameAs":["http:\/\/cuartetoenlaweb.com.ar\/sitio"],"url":"https:\/\/cuartetoenlaweb.com.ar\/sitio\/author\/redaccion-web\/"}]}},"_links":{"self":[{"href":"https:\/\/cuartetoenlaweb.com.ar\/sitio\/wp-json\/wp\/v2\/posts\/10438","targetHints":{"allow":["GET"]}}],"collection":[{"href":"https:\/\/cuartetoenlaweb.com.ar\/sitio\/wp-json\/wp\/v2\/posts"}],"about":[{"href":"https:\/\/cuartetoenlaweb.com.ar\/sitio\/wp-json\/wp\/v2\/types\/post"}],"author":[{"embeddable":true,"href":"https:\/\/cuartetoenlaweb.com.ar\/sitio\/wp-json\/wp\/v2\/users\/1"}],"replies":[{"embeddable":true,"href":"https:\/\/cuartetoenlaweb.com.ar\/sitio\/wp-json\/wp\/v2\/comments?post=10438"}],"version-history":[{"count":2,"href":"https:\/\/cuartetoenlaweb.com.ar\/sitio\/wp-json\/wp\/v2\/posts\/10438\/revisions"}],"predecessor-version":[{"id":10441,"href":"https:\/\/cuartetoenlaweb.com.ar\/sitio\/wp-json\/wp\/v2\/posts\/10438\/revisions\/10441"}],"wp:featuredmedia":[{"embeddable":true,"href":"https:\/\/cuartetoenlaweb.com.ar\/sitio\/wp-json\/wp\/v2\/media\/10439"}],"wp:attachment":[{"href":"https:\/\/cuartetoenlaweb.com.ar\/sitio\/wp-json\/wp\/v2\/media?parent=10438"}],"wp:term":[{"taxonomy":"category","embeddable":true,"href":"https:\/\/cuartetoenlaweb.com.ar\/sitio\/wp-json\/wp\/v2\/categories?post=10438"},{"taxonomy":"post_tag","embeddable":true,"href":"https:\/\/cuartetoenlaweb.com.ar\/sitio\/wp-json\/wp\/v2\/tags?post=10438"}],"curies":[{"name":"wp","href":"https:\/\/api.w.org\/{rel}","templated":true}]}}