
{"id":10432,"date":"2026-01-16T05:59:59","date_gmt":"2026-01-16T08:59:59","guid":{"rendered":"https:\/\/cuartetoenlaweb.com.ar\/sitio\/alerta-amarilla-y-naranja-por-tormentas-y-granizo-en-13-provincias-las-zonas-afectadas\/"},"modified":"2026-01-16T05:59:59","modified_gmt":"2026-01-16T08:59:59","slug":"alerta-amarilla-y-naranja-por-tormentas-y-granizo-en-13-provincias-las-zonas-afectadas","status":"publish","type":"post","link":"https:\/\/cuartetoenlaweb.com.ar\/sitio\/alerta-amarilla-y-naranja-por-tormentas-y-granizo-en-13-provincias-las-zonas-afectadas\/","title":{"rendered":"Alerta amarilla y naranja por tormentas y granizo en 13 provincias: las zonas afectadas"},"content":{"rendered":"<p>Buenos Aires, 16 enero (NA) &#8211; El Servicio Meteorol\u00f3gico Nacional (SMN) volvi\u00f3 a lanzar alertas por diferentes eventos clim\u00e1ticos adversos como tormentas fuertes y posible ca\u00edda de granizo, fen\u00f3menos que impactar\u00e1n en una gran extensi\u00f3n del territorio nacional durante la jornada de este viernes.<\/p>\n<p>Seg\u00fan supo la Agencia Noticias Argentinas, el fen\u00f3meno de tormentas, con posible ca\u00edda de granizo y que en algunas zonas sube a naranja, afectar\u00e1 a regiones de las provincias de las provincias de Entre R\u00edos, Corrientes, Misiones, Santa Fe, C\u00f3rdoba, Santiago del Estero, Chaco, Formosa, Jujuy, Salta, Tucum\u00e1n, Catamarca y La Rioja.<\/p>\n<p>ALERTA POR TORMENTAS FUERTES<\/p>\n<p>Para esta zona, en el caso del alerta amarillo, el SMN indica que el \u00e1rea ser\u00e1 afectada por tormentas de variada intensidad, algunas localmente fuertes. Las mismas estar\u00e1n acompa\u00f1adas por intensa actividad el\u00e9ctrica, ocasional ca\u00edda de granizo, r\u00e1fagas que pueden superar los 70 km\/h y abundante ca\u00edda de agua en cortos per\u00edodos.<\/p>\n<p>Se prev\u00e9n valores de precipitaci\u00f3n acumulada entre 20 y 60 mm, que pueden ser superados en forma puntual.<\/p>\n<p>Para las regiones en alerta naranja, el organismo inform\u00f3 que el \u00e1rea ser\u00e1 afectada por tormentas fuertes, algunas localmente severas. Las mismas estar\u00e1n acompa\u00f1adas por frecuente actividad el\u00e9ctrica, ocasional ca\u00edda de granizo, r\u00e1fagas que pueden superar los 90 km\/h y abundante ca\u00edda de agua en cortos per\u00edodos.<\/p>\n<p>En este caso, se prev\u00e9n valores de precipitaci\u00f3n acumulada entre 60 y 90 mm, que pueden ser superados en forma puntual.<\/p>\n<p>Recomendaciones del SMN:<\/p>\n<p> * Evit\u00e1 salir.<br \/>\n * No saques la basura y limpi\u00e1 desag\u00fces y sumideros.<br \/>\n * Desconect\u00e1 los electrodom\u00e9sticos y cort\u00e1 el suministro el\u00e9ctrico si ingresa agua<br \/>\n * Cerr\u00e1 y alejate de puertas y ventanas.<br \/>\n * Retir\u00e1 o asegur\u00e1 objetos que puedan ser arrastrados por el viento.<br \/>\n * Si est\u00e1s al aire libre, busc\u00e1 refugio inmediato en un edificio, casa o veh\u00edculo cerrado. <\/p>\n<p>#AgenciaNA<\/p>\n","protected":false},"excerpt":{"rendered":"<p>Buenos Aires, 16 enero (NA) &#8211; El Servicio Meteorol\u00f3gico Nacional<\/p>\n","protected":false},"author":0,"featured_media":10433,"comment_status":"","ping_status":"","sticky":false,"template":"","format":"standard","meta":{"footnotes":""},"categories":[65],"tags":[],"class_list":["post-10432","post","type-post","status-publish","format-standard","has-post-thumbnail","hentry","category-pais"],"yoast_head":"<!-- This site is optimized with the Yoast SEO plugin v27.5 - https:\/\/yoast.com\/product\/yoast-seo-wordpress\/ -->\n<title>Alerta amarilla y naranja por tormentas y granizo en 13 provincias: las zonas afectadas - Cuarteto en la Web<\/title>\n<meta name=\"robots\" content=\"index, follow, max-snippet:-1, max-image-preview:large, max-video-preview:-1\" \/>\n<link rel=\"canonical\" href=\"https:\/\/cuartetoenlaweb.com.ar\/sitio\/alerta-amarilla-y-naranja-por-tormentas-y-granizo-en-13-provincias-las-zonas-afectadas\/\" \/>\n<meta property=\"og:locale\" content=\"es_ES\" \/>\n<meta property=\"og:type\" content=\"article\" \/>\n<meta property=\"og:title\" content=\"Alerta amarilla y naranja por tormentas y granizo en 13 provincias: las zonas afectadas - Cuarteto en la Web\" \/>\n<meta property=\"og:description\" content=\"Buenos Aires, 16 enero (NA) &#8211; El Servicio Meteorol\u00f3gico Nacional\" \/>\n<meta property=\"og:url\" content=\"https:\/\/cuartetoenlaweb.com.ar\/sitio\/alerta-amarilla-y-naranja-por-tormentas-y-granizo-en-13-provincias-las-zonas-afectadas\/\" \/>\n<meta property=\"og:site_name\" content=\"Cuarteto en la Web\" \/>\n<meta property=\"article:published_time\" content=\"2026-01-16T08:59:59+00:00\" \/>\n<meta property=\"og:image\" content=\"https:\/\/cuartetoenlaweb.com.ar\/sitio\/wp-content\/uploads\/2026\/01\/720-139.jpeg\" \/>\n\t<meta property=\"og:image:width\" content=\"1076\" \/>\n\t<meta property=\"og:image:height\" content=\"720\" \/>\n\t<meta property=\"og:image:type\" content=\"image\/jpeg\" \/>\n<meta name=\"twitter:card\" content=\"summary_large_image\" \/>\n<meta name=\"twitter:label1\" content=\"Tiempo de lectura\" \/>\n\t<meta name=\"twitter:data1\" content=\"2 minutos\" \/>\n<script type=\"application\/ld+json\" class=\"yoast-schema-graph\">{\"@context\":\"https:\\\/\\\/schema.org\",\"@graph\":[{\"@type\":\"Article\",\"@id\":\"https:\\\/\\\/cuartetoenlaweb.com.ar\\\/sitio\\\/alerta-amarilla-y-naranja-por-tormentas-y-granizo-en-13-provincias-las-zonas-afectadas\\\/#article\",\"isPartOf\":{\"@id\":\"https:\\\/\\\/cuartetoenlaweb.com.ar\\\/sitio\\\/alerta-amarilla-y-naranja-por-tormentas-y-granizo-en-13-provincias-las-zonas-afectadas\\\/\"},\"author\":{\"name\":\"\",\"@id\":\"\"},\"headline\":\"Alerta amarilla y naranja por tormentas y granizo en 13 provincias: las zonas afectadas\",\"datePublished\":\"2026-01-16T08:59:59+00:00\",\"mainEntityOfPage\":{\"@id\":\"https:\\\/\\\/cuartetoenlaweb.com.ar\\\/sitio\\\/alerta-amarilla-y-naranja-por-tormentas-y-granizo-en-13-provincias-las-zonas-afectadas\\\/\"},\"wordCount\":340,\"publisher\":{\"@id\":\"http:\\\/\\\/cuartetoenlaweb.com.ar\\\/sitio\\\/#organization\"},\"image\":{\"@id\":\"https:\\\/\\\/cuartetoenlaweb.com.ar\\\/sitio\\\/alerta-amarilla-y-naranja-por-tormentas-y-granizo-en-13-provincias-las-zonas-afectadas\\\/#primaryimage\"},\"thumbnailUrl\":\"https:\\\/\\\/cuartetoenlaweb.com.ar\\\/sitio\\\/wp-content\\\/uploads\\\/2026\\\/01\\\/720-139.jpeg\",\"articleSection\":[\"PAIS\"],\"inLanguage\":\"es\"},{\"@type\":\"WebPage\",\"@id\":\"https:\\\/\\\/cuartetoenlaweb.com.ar\\\/sitio\\\/alerta-amarilla-y-naranja-por-tormentas-y-granizo-en-13-provincias-las-zonas-afectadas\\\/\",\"url\":\"https:\\\/\\\/cuartetoenlaweb.com.ar\\\/sitio\\\/alerta-amarilla-y-naranja-por-tormentas-y-granizo-en-13-provincias-las-zonas-afectadas\\\/\",\"name\":\"Alerta amarilla y naranja por tormentas y granizo en 13 provincias: las zonas afectadas - Cuarteto en la Web\",\"isPartOf\":{\"@id\":\"http:\\\/\\\/cuartetoenlaweb.com.ar\\\/sitio\\\/#website\"},\"primaryImageOfPage\":{\"@id\":\"https:\\\/\\\/cuartetoenlaweb.com.ar\\\/sitio\\\/alerta-amarilla-y-naranja-por-tormentas-y-granizo-en-13-provincias-las-zonas-afectadas\\\/#primaryimage\"},\"image\":{\"@id\":\"https:\\\/\\\/cuartetoenlaweb.com.ar\\\/sitio\\\/alerta-amarilla-y-naranja-por-tormentas-y-granizo-en-13-provincias-las-zonas-afectadas\\\/#primaryimage\"},\"thumbnailUrl\":\"https:\\\/\\\/cuartetoenlaweb.com.ar\\\/sitio\\\/wp-content\\\/uploads\\\/2026\\\/01\\\/720-139.jpeg\",\"datePublished\":\"2026-01-16T08:59:59+00:00\",\"breadcrumb\":{\"@id\":\"https:\\\/\\\/cuartetoenlaweb.com.ar\\\/sitio\\\/alerta-amarilla-y-naranja-por-tormentas-y-granizo-en-13-provincias-las-zonas-afectadas\\\/#breadcrumb\"},\"inLanguage\":\"es\",\"potentialAction\":[{\"@type\":\"ReadAction\",\"target\":[\"https:\\\/\\\/cuartetoenlaweb.com.ar\\\/sitio\\\/alerta-amarilla-y-naranja-por-tormentas-y-granizo-en-13-provincias-las-zonas-afectadas\\\/\"]}]},{\"@type\":\"ImageObject\",\"inLanguage\":\"es\",\"@id\":\"https:\\\/\\\/cuartetoenlaweb.com.ar\\\/sitio\\\/alerta-amarilla-y-naranja-por-tormentas-y-granizo-en-13-provincias-las-zonas-afectadas\\\/#primaryimage\",\"url\":\"https:\\\/\\\/cuartetoenlaweb.com.ar\\\/sitio\\\/wp-content\\\/uploads\\\/2026\\\/01\\\/720-139.jpeg\",\"contentUrl\":\"https:\\\/\\\/cuartetoenlaweb.com.ar\\\/sitio\\\/wp-content\\\/uploads\\\/2026\\\/01\\\/720-139.jpeg\",\"width\":1076,\"height\":720},{\"@type\":\"BreadcrumbList\",\"@id\":\"https:\\\/\\\/cuartetoenlaweb.com.ar\\\/sitio\\\/alerta-amarilla-y-naranja-por-tormentas-y-granizo-en-13-provincias-las-zonas-afectadas\\\/#breadcrumb\",\"itemListElement\":[{\"@type\":\"ListItem\",\"position\":1,\"name\":\"Portada\",\"item\":\"http:\\\/\\\/cuartetoenlaweb.com.ar\\\/sitio\\\/\"},{\"@type\":\"ListItem\",\"position\":2,\"name\":\"Alerta amarilla y naranja por tormentas y granizo en 13 provincias: las zonas afectadas\"}]},{\"@type\":\"WebSite\",\"@id\":\"http:\\\/\\\/cuartetoenlaweb.com.ar\\\/sitio\\\/#website\",\"url\":\"http:\\\/\\\/cuartetoenlaweb.com.ar\\\/sitio\\\/\",\"name\":\"Cuarteto en la Web\",\"description\":\"\",\"publisher\":{\"@id\":\"http:\\\/\\\/cuartetoenlaweb.com.ar\\\/sitio\\\/#organization\"},\"potentialAction\":[{\"@type\":\"SearchAction\",\"target\":{\"@type\":\"EntryPoint\",\"urlTemplate\":\"http:\\\/\\\/cuartetoenlaweb.com.ar\\\/sitio\\\/?s={search_term_string}\"},\"query-input\":{\"@type\":\"PropertyValueSpecification\",\"valueRequired\":true,\"valueName\":\"search_term_string\"}}],\"inLanguage\":\"es\"},{\"@type\":\"Organization\",\"@id\":\"http:\\\/\\\/cuartetoenlaweb.com.ar\\\/sitio\\\/#organization\",\"name\":\"Cuarteto en la Web\",\"url\":\"http:\\\/\\\/cuartetoenlaweb.com.ar\\\/sitio\\\/\",\"logo\":{\"@type\":\"ImageObject\",\"inLanguage\":\"es\",\"@id\":\"http:\\\/\\\/cuartetoenlaweb.com.ar\\\/sitio\\\/#\\\/schema\\\/logo\\\/image\\\/\",\"url\":\"https:\\\/\\\/cuartetoenlaweb.com.ar\\\/sitio\\\/wp-content\\\/uploads\\\/2025\\\/07\\\/cropped-cropped-logitoweb21.png\",\"contentUrl\":\"https:\\\/\\\/cuartetoenlaweb.com.ar\\\/sitio\\\/wp-content\\\/uploads\\\/2025\\\/07\\\/cropped-cropped-logitoweb21.png\",\"width\":199,\"height\":199,\"caption\":\"Cuarteto en la Web\"},\"image\":{\"@id\":\"http:\\\/\\\/cuartetoenlaweb.com.ar\\\/sitio\\\/#\\\/schema\\\/logo\\\/image\\\/\"}}]}<\/script>\n<!-- \/ Yoast SEO plugin. -->","yoast_head_json":{"title":"Alerta amarilla y naranja por tormentas y granizo en 13 provincias: las zonas afectadas - Cuarteto en la Web","robots":{"index":"index","follow":"follow","max-snippet":"max-snippet:-1","max-image-preview":"max-image-preview:large","max-video-preview":"max-video-preview:-1"},"canonical":"https:\/\/cuartetoenlaweb.com.ar\/sitio\/alerta-amarilla-y-naranja-por-tormentas-y-granizo-en-13-provincias-las-zonas-afectadas\/","og_locale":"es_ES","og_type":"article","og_title":"Alerta amarilla y naranja por tormentas y granizo en 13 provincias: las zonas afectadas - Cuarteto en la Web","og_description":"Buenos Aires, 16 enero (NA) &#8211; El Servicio Meteorol\u00f3gico Nacional","og_url":"https:\/\/cuartetoenlaweb.com.ar\/sitio\/alerta-amarilla-y-naranja-por-tormentas-y-granizo-en-13-provincias-las-zonas-afectadas\/","og_site_name":"Cuarteto en la Web","article_published_time":"2026-01-16T08:59:59+00:00","og_image":[{"width":1076,"height":720,"url":"https:\/\/cuartetoenlaweb.com.ar\/sitio\/wp-content\/uploads\/2026\/01\/720-139.jpeg","type":"image\/jpeg"}],"twitter_card":"summary_large_image","twitter_misc":{"Tiempo de lectura":"2 minutos"},"schema":{"@context":"https:\/\/schema.org","@graph":[{"@type":"Article","@id":"https:\/\/cuartetoenlaweb.com.ar\/sitio\/alerta-amarilla-y-naranja-por-tormentas-y-granizo-en-13-provincias-las-zonas-afectadas\/#article","isPartOf":{"@id":"https:\/\/cuartetoenlaweb.com.ar\/sitio\/alerta-amarilla-y-naranja-por-tormentas-y-granizo-en-13-provincias-las-zonas-afectadas\/"},"author":{"name":"","@id":""},"headline":"Alerta amarilla y naranja por tormentas y granizo en 13 provincias: las zonas afectadas","datePublished":"2026-01-16T08:59:59+00:00","mainEntityOfPage":{"@id":"https:\/\/cuartetoenlaweb.com.ar\/sitio\/alerta-amarilla-y-naranja-por-tormentas-y-granizo-en-13-provincias-las-zonas-afectadas\/"},"wordCount":340,"publisher":{"@id":"http:\/\/cuartetoenlaweb.com.ar\/sitio\/#organization"},"image":{"@id":"https:\/\/cuartetoenlaweb.com.ar\/sitio\/alerta-amarilla-y-naranja-por-tormentas-y-granizo-en-13-provincias-las-zonas-afectadas\/#primaryimage"},"thumbnailUrl":"https:\/\/cuartetoenlaweb.com.ar\/sitio\/wp-content\/uploads\/2026\/01\/720-139.jpeg","articleSection":["PAIS"],"inLanguage":"es"},{"@type":"WebPage","@id":"https:\/\/cuartetoenlaweb.com.ar\/sitio\/alerta-amarilla-y-naranja-por-tormentas-y-granizo-en-13-provincias-las-zonas-afectadas\/","url":"https:\/\/cuartetoenlaweb.com.ar\/sitio\/alerta-amarilla-y-naranja-por-tormentas-y-granizo-en-13-provincias-las-zonas-afectadas\/","name":"Alerta amarilla y naranja por tormentas y granizo en 13 provincias: las zonas afectadas - Cuarteto en la Web","isPartOf":{"@id":"http:\/\/cuartetoenlaweb.com.ar\/sitio\/#website"},"primaryImageOfPage":{"@id":"https:\/\/cuartetoenlaweb.com.ar\/sitio\/alerta-amarilla-y-naranja-por-tormentas-y-granizo-en-13-provincias-las-zonas-afectadas\/#primaryimage"},"image":{"@id":"https:\/\/cuartetoenlaweb.com.ar\/sitio\/alerta-amarilla-y-naranja-por-tormentas-y-granizo-en-13-provincias-las-zonas-afectadas\/#primaryimage"},"thumbnailUrl":"https:\/\/cuartetoenlaweb.com.ar\/sitio\/wp-content\/uploads\/2026\/01\/720-139.jpeg","datePublished":"2026-01-16T08:59:59+00:00","breadcrumb":{"@id":"https:\/\/cuartetoenlaweb.com.ar\/sitio\/alerta-amarilla-y-naranja-por-tormentas-y-granizo-en-13-provincias-las-zonas-afectadas\/#breadcrumb"},"inLanguage":"es","potentialAction":[{"@type":"ReadAction","target":["https:\/\/cuartetoenlaweb.com.ar\/sitio\/alerta-amarilla-y-naranja-por-tormentas-y-granizo-en-13-provincias-las-zonas-afectadas\/"]}]},{"@type":"ImageObject","inLanguage":"es","@id":"https:\/\/cuartetoenlaweb.com.ar\/sitio\/alerta-amarilla-y-naranja-por-tormentas-y-granizo-en-13-provincias-las-zonas-afectadas\/#primaryimage","url":"https:\/\/cuartetoenlaweb.com.ar\/sitio\/wp-content\/uploads\/2026\/01\/720-139.jpeg","contentUrl":"https:\/\/cuartetoenlaweb.com.ar\/sitio\/wp-content\/uploads\/2026\/01\/720-139.jpeg","width":1076,"height":720},{"@type":"BreadcrumbList","@id":"https:\/\/cuartetoenlaweb.com.ar\/sitio\/alerta-amarilla-y-naranja-por-tormentas-y-granizo-en-13-provincias-las-zonas-afectadas\/#breadcrumb","itemListElement":[{"@type":"ListItem","position":1,"name":"Portada","item":"http:\/\/cuartetoenlaweb.com.ar\/sitio\/"},{"@type":"ListItem","position":2,"name":"Alerta amarilla y naranja por tormentas y granizo en 13 provincias: las zonas afectadas"}]},{"@type":"WebSite","@id":"http:\/\/cuartetoenlaweb.com.ar\/sitio\/#website","url":"http:\/\/cuartetoenlaweb.com.ar\/sitio\/","name":"Cuarteto en la Web","description":"","publisher":{"@id":"http:\/\/cuartetoenlaweb.com.ar\/sitio\/#organization"},"potentialAction":[{"@type":"SearchAction","target":{"@type":"EntryPoint","urlTemplate":"http:\/\/cuartetoenlaweb.com.ar\/sitio\/?s={search_term_string}"},"query-input":{"@type":"PropertyValueSpecification","valueRequired":true,"valueName":"search_term_string"}}],"inLanguage":"es"},{"@type":"Organization","@id":"http:\/\/cuartetoenlaweb.com.ar\/sitio\/#organization","name":"Cuarteto en la Web","url":"http:\/\/cuartetoenlaweb.com.ar\/sitio\/","logo":{"@type":"ImageObject","inLanguage":"es","@id":"http:\/\/cuartetoenlaweb.com.ar\/sitio\/#\/schema\/logo\/image\/","url":"https:\/\/cuartetoenlaweb.com.ar\/sitio\/wp-content\/uploads\/2025\/07\/cropped-cropped-logitoweb21.png","contentUrl":"https:\/\/cuartetoenlaweb.com.ar\/sitio\/wp-content\/uploads\/2025\/07\/cropped-cropped-logitoweb21.png","width":199,"height":199,"caption":"Cuarteto en la Web"},"image":{"@id":"http:\/\/cuartetoenlaweb.com.ar\/sitio\/#\/schema\/logo\/image\/"}}]}},"_links":{"self":[{"href":"https:\/\/cuartetoenlaweb.com.ar\/sitio\/wp-json\/wp\/v2\/posts\/10432","targetHints":{"allow":["GET"]}}],"collection":[{"href":"https:\/\/cuartetoenlaweb.com.ar\/sitio\/wp-json\/wp\/v2\/posts"}],"about":[{"href":"https:\/\/cuartetoenlaweb.com.ar\/sitio\/wp-json\/wp\/v2\/types\/post"}],"replies":[{"embeddable":true,"href":"https:\/\/cuartetoenlaweb.com.ar\/sitio\/wp-json\/wp\/v2\/comments?post=10432"}],"version-history":[{"count":0,"href":"https:\/\/cuartetoenlaweb.com.ar\/sitio\/wp-json\/wp\/v2\/posts\/10432\/revisions"}],"wp:featuredmedia":[{"embeddable":true,"href":"https:\/\/cuartetoenlaweb.com.ar\/sitio\/wp-json\/wp\/v2\/media\/10433"}],"wp:attachment":[{"href":"https:\/\/cuartetoenlaweb.com.ar\/sitio\/wp-json\/wp\/v2\/media?parent=10432"}],"wp:term":[{"taxonomy":"category","embeddable":true,"href":"https:\/\/cuartetoenlaweb.com.ar\/sitio\/wp-json\/wp\/v2\/categories?post=10432"},{"taxonomy":"post_tag","embeddable":true,"href":"https:\/\/cuartetoenlaweb.com.ar\/sitio\/wp-json\/wp\/v2\/tags?post=10432"}],"curies":[{"name":"wp","href":"https:\/\/api.w.org\/{rel}","templated":true}]}}