
{"id":10428,"date":"2026-01-16T05:59:54","date_gmt":"2026-01-16T08:59:54","guid":{"rendered":"https:\/\/cuartetoenlaweb.com.ar\/sitio\/como-es-gente-que-conocemos-en-vacaciones-la-pelicula-mas-vista-de-netflix\/"},"modified":"2026-01-16T05:59:54","modified_gmt":"2026-01-16T08:59:54","slug":"como-es-gente-que-conocemos-en-vacaciones-la-pelicula-mas-vista-de-netflix","status":"publish","type":"post","link":"https:\/\/cuartetoenlaweb.com.ar\/sitio\/como-es-gente-que-conocemos-en-vacaciones-la-pelicula-mas-vista-de-netflix\/","title":{"rendered":"C\u00f3mo es \u201cGente que conocemos en vacaciones\u201d, la pel\u00edcula m\u00e1s vista de Netflix"},"content":{"rendered":"<p>Buenos Aires, 16 enero (NA) \u2013 La plataforma Netflix tiene a \u00abGente que conocemos en vacaciones\u00bb, una rom\u00e1ntica basada en un libro, entre sus recientes novedades, y pese a que tiene pocos d\u00edas desde su estreno, es un verdadero furor de reproducciones.<\/p>\n<p>Seg\u00fan supo la Agencia Noticias Argentinas, la pel\u00edcula est\u00e1 dirigida por Brett Haley, un experto en capturar la nostalgia y los v\u00ednculos humanos, lo que la convierte en una de las adaptaciones literarias m\u00e1s fieles y comentadas de este inicio de 2026.<\/p>\n<p>El film lleg\u00f3 hace pocos d\u00edas a la plataforma, y enseguida tuvo buenas repercusiones. Incluso actualmente lidera el Top 10 de lo m\u00e1s visto.<\/p>\n<p>C\u00d3MO ES \u00abGENTE QUE CONOCEMOS EN VACACIONES\u00bb<\/p>\n<p>\u00bfDE QU\u00c9 TRATA?<\/p>\n<p>Basada en el best seller hom\u00f3nimo de Emily Henry, la pel\u00edcula sigue la historia de Poppy y Alex, dos mejores amigos que no podr\u00edan ser m\u00e1s opuestos: ella es una escritora de viajes aventurera y extrovertida que vive en Nueva York, mientras que \u00e9l es un profesor reservado, met\u00f3dico y amante de la rutina en su peque\u00f1o pueblo de Ohio.<\/p>\n<p>A pesar de sus diferencias, durante una d\u00e9cada compartieron una tradici\u00f3n inamovible: unas vacaciones juntos cada verano. Sin embargo, hace dos a\u00f1os, un misterioso incidente durante un viaje a Croacia (o Toscana, seg\u00fan la cronolog\u00eda de sus recuerdos) rompi\u00f3 el v\u00ednculo y los sumi\u00f3 en un silencio absoluto.<\/p>\n<p>La trama se dispara cuando Poppy, sinti\u00e9ndose infeliz en su vida perfecta, decide contactar a Alex para proponerle un \u00faltimo viaje a Palm Springs con el objetivo de arreglar las cosas. A trav\u00e9s de flashbacks que recorren sus viajes pasados, la pel\u00edcula explora la delgada l\u00ednea entre la amistad y el amor, y plantea si realmente son polos opuestos o si siempre fueron la pareja ideal.<\/p>\n<p>REPARTO PRINCIPAL:<\/p>\n<p>La pel\u00edcula cuenta con un elenco joven y caras muy conocidas de series exitosas:<\/p>\n<p> * Emily Bader como Poppy Wright: Conocida por su papel en My Lady Jane. Interpreta a la impulsiva y carism\u00e1tica protagonista.<br \/>\n * Tom Blyth como Alex Nilsen: El actor de Los Juegos del Hambre: Balada de p\u00e1jaros cantores y serpientes da vida al estructurado y tierno Alex.<br \/>\n * Sarah Catherine Hook como Sarah: La novia de Alex que representa la estabilidad que \u00e9l cree buscar.<br \/>\n * Lucien Laviscount como Trey: El actor de Emily en Paris interpreta a un inter\u00e9s amoroso de Poppy.<br \/>\n * Jameela Jamil como Swapna: La jefa y mentora de Poppy en la revista de viajes.<br \/>\n * Lukas Gage como Buck: Un exc\u00e9ntrico viajero que el d\u00fao conoce en sus aventuras.<\/p>\n<p>#AgenciaNA<\/p>\n","protected":false},"excerpt":{"rendered":"<p>Buenos Aires, 16 enero (NA) \u2013 La plataforma Netflix tiene<\/p>\n","protected":false},"author":0,"featured_media":10429,"comment_status":"","ping_status":"","sticky":false,"template":"","format":"standard","meta":{"footnotes":""},"categories":[65],"tags":[],"class_list":["post-10428","post","type-post","status-publish","format-standard","has-post-thumbnail","hentry","category-pais"],"yoast_head":"<!-- This site is optimized with the Yoast SEO plugin v27.5 - https:\/\/yoast.com\/product\/yoast-seo-wordpress\/ -->\n<title>C\u00f3mo es \u201cGente que conocemos en vacaciones\u201d, la pel\u00edcula m\u00e1s vista de Netflix - Cuarteto en la Web<\/title>\n<meta name=\"robots\" content=\"index, follow, max-snippet:-1, max-image-preview:large, max-video-preview:-1\" \/>\n<link rel=\"canonical\" href=\"https:\/\/cuartetoenlaweb.com.ar\/sitio\/como-es-gente-que-conocemos-en-vacaciones-la-pelicula-mas-vista-de-netflix\/\" \/>\n<meta property=\"og:locale\" content=\"es_ES\" \/>\n<meta property=\"og:type\" content=\"article\" \/>\n<meta property=\"og:title\" content=\"C\u00f3mo es \u201cGente que conocemos en vacaciones\u201d, la pel\u00edcula m\u00e1s vista de Netflix - Cuarteto en la Web\" \/>\n<meta property=\"og:description\" content=\"Buenos Aires, 16 enero (NA) \u2013 La plataforma Netflix tiene\" \/>\n<meta property=\"og:url\" content=\"https:\/\/cuartetoenlaweb.com.ar\/sitio\/como-es-gente-que-conocemos-en-vacaciones-la-pelicula-mas-vista-de-netflix\/\" \/>\n<meta property=\"og:site_name\" content=\"Cuarteto en la Web\" \/>\n<meta property=\"article:published_time\" content=\"2026-01-16T08:59:54+00:00\" \/>\n<meta property=\"og:image\" content=\"https:\/\/cuartetoenlaweb.com.ar\/sitio\/wp-content\/uploads\/2026\/01\/720-137.jpeg\" \/>\n\t<meta property=\"og:image:width\" content=\"1280\" \/>\n\t<meta property=\"og:image:height\" content=\"719\" \/>\n\t<meta property=\"og:image:type\" content=\"image\/jpeg\" \/>\n<meta name=\"twitter:card\" content=\"summary_large_image\" \/>\n<meta name=\"twitter:label1\" content=\"Tiempo de lectura\" \/>\n\t<meta name=\"twitter:data1\" content=\"2 minutos\" \/>\n<script type=\"application\/ld+json\" class=\"yoast-schema-graph\">{\"@context\":\"https:\\\/\\\/schema.org\",\"@graph\":[{\"@type\":\"Article\",\"@id\":\"https:\\\/\\\/cuartetoenlaweb.com.ar\\\/sitio\\\/como-es-gente-que-conocemos-en-vacaciones-la-pelicula-mas-vista-de-netflix\\\/#article\",\"isPartOf\":{\"@id\":\"https:\\\/\\\/cuartetoenlaweb.com.ar\\\/sitio\\\/como-es-gente-que-conocemos-en-vacaciones-la-pelicula-mas-vista-de-netflix\\\/\"},\"author\":{\"name\":\"\",\"@id\":\"\"},\"headline\":\"C\u00f3mo es \u201cGente que conocemos en vacaciones\u201d, la pel\u00edcula m\u00e1s vista de Netflix\",\"datePublished\":\"2026-01-16T08:59:54+00:00\",\"mainEntityOfPage\":{\"@id\":\"https:\\\/\\\/cuartetoenlaweb.com.ar\\\/sitio\\\/como-es-gente-que-conocemos-en-vacaciones-la-pelicula-mas-vista-de-netflix\\\/\"},\"wordCount\":460,\"publisher\":{\"@id\":\"http:\\\/\\\/cuartetoenlaweb.com.ar\\\/sitio\\\/#organization\"},\"image\":{\"@id\":\"https:\\\/\\\/cuartetoenlaweb.com.ar\\\/sitio\\\/como-es-gente-que-conocemos-en-vacaciones-la-pelicula-mas-vista-de-netflix\\\/#primaryimage\"},\"thumbnailUrl\":\"https:\\\/\\\/cuartetoenlaweb.com.ar\\\/sitio\\\/wp-content\\\/uploads\\\/2026\\\/01\\\/720-137.jpeg\",\"articleSection\":[\"PAIS\"],\"inLanguage\":\"es\"},{\"@type\":\"WebPage\",\"@id\":\"https:\\\/\\\/cuartetoenlaweb.com.ar\\\/sitio\\\/como-es-gente-que-conocemos-en-vacaciones-la-pelicula-mas-vista-de-netflix\\\/\",\"url\":\"https:\\\/\\\/cuartetoenlaweb.com.ar\\\/sitio\\\/como-es-gente-que-conocemos-en-vacaciones-la-pelicula-mas-vista-de-netflix\\\/\",\"name\":\"C\u00f3mo es \u201cGente que conocemos en vacaciones\u201d, la pel\u00edcula m\u00e1s vista de Netflix - Cuarteto en la Web\",\"isPartOf\":{\"@id\":\"http:\\\/\\\/cuartetoenlaweb.com.ar\\\/sitio\\\/#website\"},\"primaryImageOfPage\":{\"@id\":\"https:\\\/\\\/cuartetoenlaweb.com.ar\\\/sitio\\\/como-es-gente-que-conocemos-en-vacaciones-la-pelicula-mas-vista-de-netflix\\\/#primaryimage\"},\"image\":{\"@id\":\"https:\\\/\\\/cuartetoenlaweb.com.ar\\\/sitio\\\/como-es-gente-que-conocemos-en-vacaciones-la-pelicula-mas-vista-de-netflix\\\/#primaryimage\"},\"thumbnailUrl\":\"https:\\\/\\\/cuartetoenlaweb.com.ar\\\/sitio\\\/wp-content\\\/uploads\\\/2026\\\/01\\\/720-137.jpeg\",\"datePublished\":\"2026-01-16T08:59:54+00:00\",\"breadcrumb\":{\"@id\":\"https:\\\/\\\/cuartetoenlaweb.com.ar\\\/sitio\\\/como-es-gente-que-conocemos-en-vacaciones-la-pelicula-mas-vista-de-netflix\\\/#breadcrumb\"},\"inLanguage\":\"es\",\"potentialAction\":[{\"@type\":\"ReadAction\",\"target\":[\"https:\\\/\\\/cuartetoenlaweb.com.ar\\\/sitio\\\/como-es-gente-que-conocemos-en-vacaciones-la-pelicula-mas-vista-de-netflix\\\/\"]}]},{\"@type\":\"ImageObject\",\"inLanguage\":\"es\",\"@id\":\"https:\\\/\\\/cuartetoenlaweb.com.ar\\\/sitio\\\/como-es-gente-que-conocemos-en-vacaciones-la-pelicula-mas-vista-de-netflix\\\/#primaryimage\",\"url\":\"https:\\\/\\\/cuartetoenlaweb.com.ar\\\/sitio\\\/wp-content\\\/uploads\\\/2026\\\/01\\\/720-137.jpeg\",\"contentUrl\":\"https:\\\/\\\/cuartetoenlaweb.com.ar\\\/sitio\\\/wp-content\\\/uploads\\\/2026\\\/01\\\/720-137.jpeg\",\"width\":1280,\"height\":719},{\"@type\":\"BreadcrumbList\",\"@id\":\"https:\\\/\\\/cuartetoenlaweb.com.ar\\\/sitio\\\/como-es-gente-que-conocemos-en-vacaciones-la-pelicula-mas-vista-de-netflix\\\/#breadcrumb\",\"itemListElement\":[{\"@type\":\"ListItem\",\"position\":1,\"name\":\"Portada\",\"item\":\"http:\\\/\\\/cuartetoenlaweb.com.ar\\\/sitio\\\/\"},{\"@type\":\"ListItem\",\"position\":2,\"name\":\"C\u00f3mo es \u201cGente que conocemos en vacaciones\u201d, la pel\u00edcula m\u00e1s vista de Netflix\"}]},{\"@type\":\"WebSite\",\"@id\":\"http:\\\/\\\/cuartetoenlaweb.com.ar\\\/sitio\\\/#website\",\"url\":\"http:\\\/\\\/cuartetoenlaweb.com.ar\\\/sitio\\\/\",\"name\":\"Cuarteto en la Web\",\"description\":\"\",\"publisher\":{\"@id\":\"http:\\\/\\\/cuartetoenlaweb.com.ar\\\/sitio\\\/#organization\"},\"potentialAction\":[{\"@type\":\"SearchAction\",\"target\":{\"@type\":\"EntryPoint\",\"urlTemplate\":\"http:\\\/\\\/cuartetoenlaweb.com.ar\\\/sitio\\\/?s={search_term_string}\"},\"query-input\":{\"@type\":\"PropertyValueSpecification\",\"valueRequired\":true,\"valueName\":\"search_term_string\"}}],\"inLanguage\":\"es\"},{\"@type\":\"Organization\",\"@id\":\"http:\\\/\\\/cuartetoenlaweb.com.ar\\\/sitio\\\/#organization\",\"name\":\"Cuarteto en la Web\",\"url\":\"http:\\\/\\\/cuartetoenlaweb.com.ar\\\/sitio\\\/\",\"logo\":{\"@type\":\"ImageObject\",\"inLanguage\":\"es\",\"@id\":\"http:\\\/\\\/cuartetoenlaweb.com.ar\\\/sitio\\\/#\\\/schema\\\/logo\\\/image\\\/\",\"url\":\"https:\\\/\\\/cuartetoenlaweb.com.ar\\\/sitio\\\/wp-content\\\/uploads\\\/2025\\\/07\\\/cropped-cropped-logitoweb21.png\",\"contentUrl\":\"https:\\\/\\\/cuartetoenlaweb.com.ar\\\/sitio\\\/wp-content\\\/uploads\\\/2025\\\/07\\\/cropped-cropped-logitoweb21.png\",\"width\":199,\"height\":199,\"caption\":\"Cuarteto en la Web\"},\"image\":{\"@id\":\"http:\\\/\\\/cuartetoenlaweb.com.ar\\\/sitio\\\/#\\\/schema\\\/logo\\\/image\\\/\"}}]}<\/script>\n<!-- \/ Yoast SEO plugin. -->","yoast_head_json":{"title":"C\u00f3mo es \u201cGente que conocemos en vacaciones\u201d, la pel\u00edcula m\u00e1s vista de Netflix - Cuarteto en la Web","robots":{"index":"index","follow":"follow","max-snippet":"max-snippet:-1","max-image-preview":"max-image-preview:large","max-video-preview":"max-video-preview:-1"},"canonical":"https:\/\/cuartetoenlaweb.com.ar\/sitio\/como-es-gente-que-conocemos-en-vacaciones-la-pelicula-mas-vista-de-netflix\/","og_locale":"es_ES","og_type":"article","og_title":"C\u00f3mo es \u201cGente que conocemos en vacaciones\u201d, la pel\u00edcula m\u00e1s vista de Netflix - Cuarteto en la Web","og_description":"Buenos Aires, 16 enero (NA) \u2013 La plataforma Netflix tiene","og_url":"https:\/\/cuartetoenlaweb.com.ar\/sitio\/como-es-gente-que-conocemos-en-vacaciones-la-pelicula-mas-vista-de-netflix\/","og_site_name":"Cuarteto en la Web","article_published_time":"2026-01-16T08:59:54+00:00","og_image":[{"width":1280,"height":719,"url":"https:\/\/cuartetoenlaweb.com.ar\/sitio\/wp-content\/uploads\/2026\/01\/720-137.jpeg","type":"image\/jpeg"}],"twitter_card":"summary_large_image","twitter_misc":{"Tiempo de lectura":"2 minutos"},"schema":{"@context":"https:\/\/schema.org","@graph":[{"@type":"Article","@id":"https:\/\/cuartetoenlaweb.com.ar\/sitio\/como-es-gente-que-conocemos-en-vacaciones-la-pelicula-mas-vista-de-netflix\/#article","isPartOf":{"@id":"https:\/\/cuartetoenlaweb.com.ar\/sitio\/como-es-gente-que-conocemos-en-vacaciones-la-pelicula-mas-vista-de-netflix\/"},"author":{"name":"","@id":""},"headline":"C\u00f3mo es \u201cGente que conocemos en vacaciones\u201d, la pel\u00edcula m\u00e1s vista de Netflix","datePublished":"2026-01-16T08:59:54+00:00","mainEntityOfPage":{"@id":"https:\/\/cuartetoenlaweb.com.ar\/sitio\/como-es-gente-que-conocemos-en-vacaciones-la-pelicula-mas-vista-de-netflix\/"},"wordCount":460,"publisher":{"@id":"http:\/\/cuartetoenlaweb.com.ar\/sitio\/#organization"},"image":{"@id":"https:\/\/cuartetoenlaweb.com.ar\/sitio\/como-es-gente-que-conocemos-en-vacaciones-la-pelicula-mas-vista-de-netflix\/#primaryimage"},"thumbnailUrl":"https:\/\/cuartetoenlaweb.com.ar\/sitio\/wp-content\/uploads\/2026\/01\/720-137.jpeg","articleSection":["PAIS"],"inLanguage":"es"},{"@type":"WebPage","@id":"https:\/\/cuartetoenlaweb.com.ar\/sitio\/como-es-gente-que-conocemos-en-vacaciones-la-pelicula-mas-vista-de-netflix\/","url":"https:\/\/cuartetoenlaweb.com.ar\/sitio\/como-es-gente-que-conocemos-en-vacaciones-la-pelicula-mas-vista-de-netflix\/","name":"C\u00f3mo es \u201cGente que conocemos en vacaciones\u201d, la pel\u00edcula m\u00e1s vista de Netflix - Cuarteto en la Web","isPartOf":{"@id":"http:\/\/cuartetoenlaweb.com.ar\/sitio\/#website"},"primaryImageOfPage":{"@id":"https:\/\/cuartetoenlaweb.com.ar\/sitio\/como-es-gente-que-conocemos-en-vacaciones-la-pelicula-mas-vista-de-netflix\/#primaryimage"},"image":{"@id":"https:\/\/cuartetoenlaweb.com.ar\/sitio\/como-es-gente-que-conocemos-en-vacaciones-la-pelicula-mas-vista-de-netflix\/#primaryimage"},"thumbnailUrl":"https:\/\/cuartetoenlaweb.com.ar\/sitio\/wp-content\/uploads\/2026\/01\/720-137.jpeg","datePublished":"2026-01-16T08:59:54+00:00","breadcrumb":{"@id":"https:\/\/cuartetoenlaweb.com.ar\/sitio\/como-es-gente-que-conocemos-en-vacaciones-la-pelicula-mas-vista-de-netflix\/#breadcrumb"},"inLanguage":"es","potentialAction":[{"@type":"ReadAction","target":["https:\/\/cuartetoenlaweb.com.ar\/sitio\/como-es-gente-que-conocemos-en-vacaciones-la-pelicula-mas-vista-de-netflix\/"]}]},{"@type":"ImageObject","inLanguage":"es","@id":"https:\/\/cuartetoenlaweb.com.ar\/sitio\/como-es-gente-que-conocemos-en-vacaciones-la-pelicula-mas-vista-de-netflix\/#primaryimage","url":"https:\/\/cuartetoenlaweb.com.ar\/sitio\/wp-content\/uploads\/2026\/01\/720-137.jpeg","contentUrl":"https:\/\/cuartetoenlaweb.com.ar\/sitio\/wp-content\/uploads\/2026\/01\/720-137.jpeg","width":1280,"height":719},{"@type":"BreadcrumbList","@id":"https:\/\/cuartetoenlaweb.com.ar\/sitio\/como-es-gente-que-conocemos-en-vacaciones-la-pelicula-mas-vista-de-netflix\/#breadcrumb","itemListElement":[{"@type":"ListItem","position":1,"name":"Portada","item":"http:\/\/cuartetoenlaweb.com.ar\/sitio\/"},{"@type":"ListItem","position":2,"name":"C\u00f3mo es \u201cGente que conocemos en vacaciones\u201d, la pel\u00edcula m\u00e1s vista de Netflix"}]},{"@type":"WebSite","@id":"http:\/\/cuartetoenlaweb.com.ar\/sitio\/#website","url":"http:\/\/cuartetoenlaweb.com.ar\/sitio\/","name":"Cuarteto en la Web","description":"","publisher":{"@id":"http:\/\/cuartetoenlaweb.com.ar\/sitio\/#organization"},"potentialAction":[{"@type":"SearchAction","target":{"@type":"EntryPoint","urlTemplate":"http:\/\/cuartetoenlaweb.com.ar\/sitio\/?s={search_term_string}"},"query-input":{"@type":"PropertyValueSpecification","valueRequired":true,"valueName":"search_term_string"}}],"inLanguage":"es"},{"@type":"Organization","@id":"http:\/\/cuartetoenlaweb.com.ar\/sitio\/#organization","name":"Cuarteto en la Web","url":"http:\/\/cuartetoenlaweb.com.ar\/sitio\/","logo":{"@type":"ImageObject","inLanguage":"es","@id":"http:\/\/cuartetoenlaweb.com.ar\/sitio\/#\/schema\/logo\/image\/","url":"https:\/\/cuartetoenlaweb.com.ar\/sitio\/wp-content\/uploads\/2025\/07\/cropped-cropped-logitoweb21.png","contentUrl":"https:\/\/cuartetoenlaweb.com.ar\/sitio\/wp-content\/uploads\/2025\/07\/cropped-cropped-logitoweb21.png","width":199,"height":199,"caption":"Cuarteto en la Web"},"image":{"@id":"http:\/\/cuartetoenlaweb.com.ar\/sitio\/#\/schema\/logo\/image\/"}}]}},"_links":{"self":[{"href":"https:\/\/cuartetoenlaweb.com.ar\/sitio\/wp-json\/wp\/v2\/posts\/10428","targetHints":{"allow":["GET"]}}],"collection":[{"href":"https:\/\/cuartetoenlaweb.com.ar\/sitio\/wp-json\/wp\/v2\/posts"}],"about":[{"href":"https:\/\/cuartetoenlaweb.com.ar\/sitio\/wp-json\/wp\/v2\/types\/post"}],"replies":[{"embeddable":true,"href":"https:\/\/cuartetoenlaweb.com.ar\/sitio\/wp-json\/wp\/v2\/comments?post=10428"}],"version-history":[{"count":0,"href":"https:\/\/cuartetoenlaweb.com.ar\/sitio\/wp-json\/wp\/v2\/posts\/10428\/revisions"}],"wp:featuredmedia":[{"embeddable":true,"href":"https:\/\/cuartetoenlaweb.com.ar\/sitio\/wp-json\/wp\/v2\/media\/10429"}],"wp:attachment":[{"href":"https:\/\/cuartetoenlaweb.com.ar\/sitio\/wp-json\/wp\/v2\/media?parent=10428"}],"wp:term":[{"taxonomy":"category","embeddable":true,"href":"https:\/\/cuartetoenlaweb.com.ar\/sitio\/wp-json\/wp\/v2\/categories?post=10428"},{"taxonomy":"post_tag","embeddable":true,"href":"https:\/\/cuartetoenlaweb.com.ar\/sitio\/wp-json\/wp\/v2\/tags?post=10428"}],"curies":[{"name":"wp","href":"https:\/\/api.w.org\/{rel}","templated":true}]}}