
{"id":10424,"date":"2026-01-16T05:59:52","date_gmt":"2026-01-16T08:59:52","guid":{"rendered":"https:\/\/cuartetoenlaweb.com.ar\/sitio\/el-calvario-que-sufre-evangelina-anderson-por-sus-hijos-a-5-meses-de-su-separacion-de-martin-demichelis\/"},"modified":"2026-01-16T05:59:52","modified_gmt":"2026-01-16T08:59:52","slug":"el-calvario-que-sufre-evangelina-anderson-por-sus-hijos-a-5-meses-de-su-separacion-de-martin-demichelis","status":"publish","type":"post","link":"https:\/\/cuartetoenlaweb.com.ar\/sitio\/el-calvario-que-sufre-evangelina-anderson-por-sus-hijos-a-5-meses-de-su-separacion-de-martin-demichelis\/","title":{"rendered":"El calvario que sufre Evangelina Anderson por sus hijos a 5 meses de su separaci\u00f3n de Mart\u00edn Demichelis"},"content":{"rendered":"<p>La separaci\u00f3n de <strong>Evangelina Anderson <\/strong>y <strong>Mart\u00edn Demichelis<\/strong> volvi\u00f3 a dejar un nuevo y escandaloso episodio por contar. Luego de romper y decidir tomar caminos por separado, uno de los puntos de mayor conflicto son sus hijos. Y lejos de ser una situaci\u00f3n sencilla, estamos ante quiz\u00e1 uno de los problemas m\u00e1s dif\u00edciles que ha tenido que afrontar la expareja desde su ruptura.<\/p>\n<p><strong>Evangelina<\/strong> tiene hoy delante uno de los escenarios m\u00e1s complejos de toda su vida. Si bien ha demostrado ser una resiliente constante, esta vez hay cuestiones que se vienen complicando cada vez m\u00e1s, y mucho m\u00e1s si del otro lado hay un padre ausente. S\u00ed, <strong><a href=\"https:\/\/www.paparazzi.com.ar\/romances\/la-verdad-detras-de-la-terrible-pelea-de-martin-demichelis-y-su-nueva-novia-le-empezaron-a-tirar\/\">Demichelis<\/a><\/strong> no estar\u00eda siendo el mejor ejemplo de pap\u00e1 con sus hijos.<\/p>\n<p>Este jueves 15 de enero en A la tarde expusieron detalles de una interna entre <strong><a href=\"https:\/\/www.paparazzi.com.ar\/romances\/el-mensaje-de-evangelina-anderson-tras-su-separacion-de-ian-lucas-los-mismos\/\">Evangelina<\/a><\/strong> y <strong>Mart\u00edn<\/strong> que, puertas adentro, estar\u00eda lejos de resolverse. D\u00e9bora D\u2019Amato resumi\u00f3 una fuerte frase que, aunque parezca exagerada, habla del dif\u00edcil presente que hoy afronta el entrenador. <em>\u00abNo tiene d\u00f3nde vivir\u201d<\/em>, asegur\u00f3 la periodista.<\/p>\n<div class=\"mt-box \">\n<h4 class=\"mt-heading\">Mir\u00e1 Tambi\u00e9n<\/h4>\n<p><a href=\"https:\/\/www.paparazzi.com.ar\/videos\/exclusivo-tomas-dente-habla-de-su-particular-estilo-de-vida-no-tengo-sexo-ni-como-pizza-desde-hace-20-anos\/\"><\/p>\n<div class=\"mt-content\">\n<div class=\"mt-image-container\"><img decoding=\"async\" src=\"https:\/\/www.paparazzi.com.ar\/wp-content\/uploads\/2026\/01\/CHIMENTEROS-PORTADA-YT-TOMI-DENTE-359x226.jpg\" alt=\"\u00a1Exclusivo! Tom\u00e1s Dente habla de su particular estilo de vida: \u201cNo tengo sexo ni como pizza desde hace 20 a\u00f1os\u201d\" class=\"mt-image\" loading=\"lazy\" \/><\/div>\n<h5 class=\"mt-title\">\u00a1Exclusivo! Tom\u00e1s Dente habla de su particular estilo de vida: \u201cNo tengo sexo ni como pizza desde hace 20 a\u00f1os\u201d<\/h5>\n<\/div>\n<p><\/a><\/div>\n<p>D\u00e9bora cont\u00f3 haber hablado tanto con la abogada de <strong><a href=\"https:\/\/www.paparazzi.com.ar\/romances\/sorpresa-total-evangelina-anderson-se-separo-de-ian-lucas-los-fuertes-motivos-de-la-ruptura\/\">Anderson<\/a><\/strong> como con el entorno de la expareja, y explic\u00f3 que el tema econ\u00f3mico existe, pero no ser\u00eda el eje central del conflicto.<em> \u00abPara ambos abogados, la cuesti\u00f3n econ\u00f3mica no est\u00e1 al d\u00eda, es un tema importante, que lo est\u00e1n tratando, pero es menor. Hay otras prioridades\u00bb<\/em>, detall\u00f3.<\/p>\n<h2 class=\"wp-block-heading\">EL DRAMA DE EVANGELINA ANDERSON POR CULPA DE MART\u00cdN DEMICHELIS<\/h2>\n<p>Uno de los puntos que habr\u00eda generado mayor tensi\u00f3n tiene que ver con la nueva relaci\u00f3n de <strong>Demichelis<\/strong>. Seg\u00fan revel\u00f3 D\u2019Amato, su actual novia pas\u00f3 A\u00f1o Nuevo junto a ellos en Punta del Este, algo que no habr\u00eda ca\u00eddo nada bien en la familia. <em>\u00abConsidera que, por lo menos, deber\u00edan haber consensuado c\u00f3mo dar\u00edan la noticia de una pareja. Lleg\u00f3 de prepo, sin previa charla en familia y sin mucho inter\u00e9s de los chicos de que sea tan pronto\u00bb<\/em>, cont\u00f3.<\/p>\n<p>A esto se suma una divisi\u00f3n de bienes compleja. Luis Bremer lanz\u00f3: <em>\u00abLa divisi\u00f3n de bienes viene muy peleada\u00bb<\/em>. Mientras tanto, seg\u00fan D\u2019Amato, <strong>Evangelina<\/strong> estar\u00eda sosteniendo sola la estructura familiar. <em>\u00abHoy, ella se hace cargo de la familia al 100%, tanto econ\u00f3micamente como de forma afectiva\u00bb<\/em>. Esto definitivamente la afecta y mucho. M\u00e1s a\u00fan con <strong>Demichelis<\/strong> sin ser muy presente con los ni\u00f1os.<\/p>\n<div class=\"mt-box \">\n<h4 class=\"mt-heading\">Mir\u00e1 Tambi\u00e9n<\/h4>\n<p><a href=\"https:\/\/www.paparazzi.com.ar\/romances\/la-verdad-detras-de-la-terrible-pelea-de-martin-demichelis-y-su-nueva-novia-le-empezaron-a-tirar\/\"><\/p>\n<div class=\"mt-content\">\n<div class=\"mt-image-container\"><img decoding=\"async\" src=\"https:\/\/www.paparazzi.com.ar\/wp-content\/uploads\/2026\/01\/Martin-Demichelis-pelea-novia-359x226.jpg\" alt=\"La verdad detr\u00e1s de la terrible pelea de Mart\u00edn Demichelis y su nueva novia: \u201cLe empezaron a tirar\u2026\u201d\" class=\"mt-image\" loading=\"lazy\" \/><\/div>\n<h5 class=\"mt-title\">La verdad detr\u00e1s de la terrible pelea de Mart\u00edn Demichelis y su nueva novia: \u201cLe empezaron a tirar\u2026\u201d<\/h5>\n<\/div>\n<p><\/a><\/div>\n<p>En este punto, la periodista explic\u00f3 c\u00f3mo funciona la din\u00e1mica familiar y los problemas del DT.<em> \u201cLos abogados de \u00e9l le dijeron que no tiene un lugar f\u00edsico donde vivir en Argentina para tambi\u00e9n compartir con sus hijos\u201d<\/em>, explic\u00f3. Y agreg\u00f3 c\u00f3mo es esa distancia entre <strong>Mart\u00edn<\/strong> y sus hijos:<em> \u00abLos va a buscar cada tanto para comer o merendar, pero los regresa a la casa de Evangelina para dormir\u00bb<\/em>.<\/p>\n<p>Por supuesto que todo esto la tiene muy mal a <strong>Evangelina<\/strong>, que atraviesa un verdadero drama al ver que todo cae sobre sus hombros y <strong>Demichelis<\/strong> ni noticias. <em>\u00abEvangelina la pasa bastante mal, siente que cumple el rol 100% y no se siente acompa\u00f1ada por un hombre que hoy no est\u00e1 trabajando, no tiene problemas econ\u00f3micos y no tiene tiempo para dedicarle a los hijos<\/em>\u00ab, cerr\u00f3.<\/p>\n<div class=\"mt-box \">\n<h4 class=\"mt-heading\">Mir\u00e1 Tambi\u00e9n<\/h4>\n<p><a href=\"https:\/\/www.paparazzi.com.ar\/romances\/el-mensaje-de-evangelina-anderson-tras-su-separacion-de-ian-lucas-los-mismos\/\"><\/p>\n<div class=\"mt-content\">\n<div class=\"mt-image-container\"><img decoding=\"async\" src=\"https:\/\/www.paparazzi.com.ar\/wp-content\/uploads\/2026\/01\/Evangelina-Anderson-Ian-Lucas-359x226.jpg\" alt=\"El mensaje de Evangelina Anderson tras su separaci\u00f3n de Ian Lucas: \u201cLos mismos...\u201d\" class=\"mt-image\" loading=\"lazy\" \/><\/div>\n<h5 class=\"mt-title\">El mensaje de Evangelina Anderson tras su separaci\u00f3n de Ian Lucas: \u201cLos mismos&#8230;\u201d<\/h5>\n<\/div>\n<p><\/a><\/div>\n<div class=\"mt-box \">\n<h4 class=\"mt-heading\">Mir\u00e1 Tambi\u00e9n<\/h4>\n<p><a href=\"https:\/\/www.paparazzi.com.ar\/romances\/sorpresa-total-evangelina-anderson-se-separo-de-ian-lucas-los-fuertes-motivos-de-la-ruptura\/\"><\/p>\n<div class=\"mt-content\">\n<div class=\"mt-image-container\"><img decoding=\"async\" src=\"https:\/\/www.paparazzi.com.ar\/wp-content\/uploads\/2025\/11\/Evangelina-Anderson-Ian-Lucas-1-1-359x226.jpg\" alt=\"\u00a1Sorpresa total! Evangelina Anderson se separ\u00f3 de Ian Lucas: los fuertes motivos de la ruptura\" class=\"mt-image\" loading=\"lazy\" \/><\/div>\n<h5 class=\"mt-title\">\u00a1Sorpresa total! Evangelina Anderson se separ\u00f3 de Ian Lucas: los fuertes motivos de la ruptura<\/h5>\n<\/div>\n<p><\/a><\/div>\n<p>The post <a href=\"https:\/\/www.paparazzi.com.ar\/teve\/el-calvario-que-sufre-evangelina-anderson-por-sus-hijos-a-5-meses-de-su-separacion-de-martin-demichelis\/\">El calvario que sufre Evangelina Anderson por sus hijos a 5 meses de su separaci\u00f3n de Mart\u00edn Demichelis<\/a> appeared first on <a href=\"https:\/\/www.paparazzi.com.ar\">Revista Paparazzi<\/a>.<\/p>\n","protected":false},"excerpt":{"rendered":"<p>La separaci\u00f3n de Evangelina Anderson y Mart\u00edn Demichelis volvi\u00f3 a<\/p>\n","protected":false},"author":0,"featured_media":10425,"comment_status":"","ping_status":"","sticky":false,"template":"","format":"standard","meta":{"footnotes":""},"categories":[65],"tags":[],"class_list":["post-10424","post","type-post","status-publish","format-standard","has-post-thumbnail","hentry","category-pais"],"yoast_head":"<!-- This site is optimized with the Yoast SEO plugin v27.5 - https:\/\/yoast.com\/product\/yoast-seo-wordpress\/ -->\n<title>El calvario que sufre Evangelina Anderson por sus hijos a 5 meses de su separaci\u00f3n de Mart\u00edn Demichelis - Cuarteto en la Web<\/title>\n<meta name=\"robots\" content=\"index, follow, max-snippet:-1, max-image-preview:large, max-video-preview:-1\" \/>\n<link rel=\"canonical\" href=\"https:\/\/cuartetoenlaweb.com.ar\/sitio\/el-calvario-que-sufre-evangelina-anderson-por-sus-hijos-a-5-meses-de-su-separacion-de-martin-demichelis\/\" \/>\n<meta property=\"og:locale\" content=\"es_ES\" \/>\n<meta property=\"og:type\" content=\"article\" \/>\n<meta property=\"og:title\" content=\"El calvario que sufre Evangelina Anderson por sus hijos a 5 meses de su separaci\u00f3n de Mart\u00edn Demichelis - Cuarteto en la Web\" \/>\n<meta property=\"og:description\" content=\"La separaci\u00f3n de Evangelina Anderson y Mart\u00edn Demichelis volvi\u00f3 a\" \/>\n<meta property=\"og:url\" content=\"https:\/\/cuartetoenlaweb.com.ar\/sitio\/el-calvario-que-sufre-evangelina-anderson-por-sus-hijos-a-5-meses-de-su-separacion-de-martin-demichelis\/\" \/>\n<meta property=\"og:site_name\" content=\"Cuarteto en la Web\" \/>\n<meta property=\"article:published_time\" content=\"2026-01-16T08:59:52+00:00\" \/>\n<meta property=\"og:image\" content=\"https:\/\/cuartetoenlaweb.com.ar\/sitio\/wp-content\/uploads\/2026\/01\/CHIMENTEROS-PORTADA-YT-TOMI-DENTE-359x226-33.jpg\" \/>\n\t<meta property=\"og:image:width\" content=\"359\" \/>\n\t<meta property=\"og:image:height\" content=\"226\" \/>\n\t<meta property=\"og:image:type\" content=\"image\/jpeg\" \/>\n<meta name=\"twitter:card\" content=\"summary_large_image\" \/>\n<meta name=\"twitter:label1\" content=\"Tiempo de lectura\" \/>\n\t<meta name=\"twitter:data1\" content=\"3 minutos\" \/>\n<script type=\"application\/ld+json\" class=\"yoast-schema-graph\">{\"@context\":\"https:\\\/\\\/schema.org\",\"@graph\":[{\"@type\":\"Article\",\"@id\":\"https:\\\/\\\/cuartetoenlaweb.com.ar\\\/sitio\\\/el-calvario-que-sufre-evangelina-anderson-por-sus-hijos-a-5-meses-de-su-separacion-de-martin-demichelis\\\/#article\",\"isPartOf\":{\"@id\":\"https:\\\/\\\/cuartetoenlaweb.com.ar\\\/sitio\\\/el-calvario-que-sufre-evangelina-anderson-por-sus-hijos-a-5-meses-de-su-separacion-de-martin-demichelis\\\/\"},\"author\":{\"name\":\"\",\"@id\":\"\"},\"headline\":\"El calvario que sufre Evangelina Anderson por sus hijos a 5 meses de su separaci\u00f3n de Mart\u00edn Demichelis\",\"datePublished\":\"2026-01-16T08:59:52+00:00\",\"mainEntityOfPage\":{\"@id\":\"https:\\\/\\\/cuartetoenlaweb.com.ar\\\/sitio\\\/el-calvario-que-sufre-evangelina-anderson-por-sus-hijos-a-5-meses-de-su-separacion-de-martin-demichelis\\\/\"},\"wordCount\":693,\"publisher\":{\"@id\":\"http:\\\/\\\/cuartetoenlaweb.com.ar\\\/sitio\\\/#organization\"},\"image\":{\"@id\":\"https:\\\/\\\/cuartetoenlaweb.com.ar\\\/sitio\\\/el-calvario-que-sufre-evangelina-anderson-por-sus-hijos-a-5-meses-de-su-separacion-de-martin-demichelis\\\/#primaryimage\"},\"thumbnailUrl\":\"https:\\\/\\\/cuartetoenlaweb.com.ar\\\/sitio\\\/wp-content\\\/uploads\\\/2026\\\/01\\\/CHIMENTEROS-PORTADA-YT-TOMI-DENTE-359x226-33.jpg\",\"articleSection\":[\"PAIS\"],\"inLanguage\":\"es\"},{\"@type\":\"WebPage\",\"@id\":\"https:\\\/\\\/cuartetoenlaweb.com.ar\\\/sitio\\\/el-calvario-que-sufre-evangelina-anderson-por-sus-hijos-a-5-meses-de-su-separacion-de-martin-demichelis\\\/\",\"url\":\"https:\\\/\\\/cuartetoenlaweb.com.ar\\\/sitio\\\/el-calvario-que-sufre-evangelina-anderson-por-sus-hijos-a-5-meses-de-su-separacion-de-martin-demichelis\\\/\",\"name\":\"El calvario que sufre Evangelina Anderson por sus hijos a 5 meses de su separaci\u00f3n de Mart\u00edn Demichelis - Cuarteto en la Web\",\"isPartOf\":{\"@id\":\"http:\\\/\\\/cuartetoenlaweb.com.ar\\\/sitio\\\/#website\"},\"primaryImageOfPage\":{\"@id\":\"https:\\\/\\\/cuartetoenlaweb.com.ar\\\/sitio\\\/el-calvario-que-sufre-evangelina-anderson-por-sus-hijos-a-5-meses-de-su-separacion-de-martin-demichelis\\\/#primaryimage\"},\"image\":{\"@id\":\"https:\\\/\\\/cuartetoenlaweb.com.ar\\\/sitio\\\/el-calvario-que-sufre-evangelina-anderson-por-sus-hijos-a-5-meses-de-su-separacion-de-martin-demichelis\\\/#primaryimage\"},\"thumbnailUrl\":\"https:\\\/\\\/cuartetoenlaweb.com.ar\\\/sitio\\\/wp-content\\\/uploads\\\/2026\\\/01\\\/CHIMENTEROS-PORTADA-YT-TOMI-DENTE-359x226-33.jpg\",\"datePublished\":\"2026-01-16T08:59:52+00:00\",\"breadcrumb\":{\"@id\":\"https:\\\/\\\/cuartetoenlaweb.com.ar\\\/sitio\\\/el-calvario-que-sufre-evangelina-anderson-por-sus-hijos-a-5-meses-de-su-separacion-de-martin-demichelis\\\/#breadcrumb\"},\"inLanguage\":\"es\",\"potentialAction\":[{\"@type\":\"ReadAction\",\"target\":[\"https:\\\/\\\/cuartetoenlaweb.com.ar\\\/sitio\\\/el-calvario-que-sufre-evangelina-anderson-por-sus-hijos-a-5-meses-de-su-separacion-de-martin-demichelis\\\/\"]}]},{\"@type\":\"ImageObject\",\"inLanguage\":\"es\",\"@id\":\"https:\\\/\\\/cuartetoenlaweb.com.ar\\\/sitio\\\/el-calvario-que-sufre-evangelina-anderson-por-sus-hijos-a-5-meses-de-su-separacion-de-martin-demichelis\\\/#primaryimage\",\"url\":\"https:\\\/\\\/cuartetoenlaweb.com.ar\\\/sitio\\\/wp-content\\\/uploads\\\/2026\\\/01\\\/CHIMENTEROS-PORTADA-YT-TOMI-DENTE-359x226-33.jpg\",\"contentUrl\":\"https:\\\/\\\/cuartetoenlaweb.com.ar\\\/sitio\\\/wp-content\\\/uploads\\\/2026\\\/01\\\/CHIMENTEROS-PORTADA-YT-TOMI-DENTE-359x226-33.jpg\",\"width\":359,\"height\":226},{\"@type\":\"BreadcrumbList\",\"@id\":\"https:\\\/\\\/cuartetoenlaweb.com.ar\\\/sitio\\\/el-calvario-que-sufre-evangelina-anderson-por-sus-hijos-a-5-meses-de-su-separacion-de-martin-demichelis\\\/#breadcrumb\",\"itemListElement\":[{\"@type\":\"ListItem\",\"position\":1,\"name\":\"Portada\",\"item\":\"http:\\\/\\\/cuartetoenlaweb.com.ar\\\/sitio\\\/\"},{\"@type\":\"ListItem\",\"position\":2,\"name\":\"El calvario que sufre Evangelina Anderson por sus hijos a 5 meses de su separaci\u00f3n de Mart\u00edn Demichelis\"}]},{\"@type\":\"WebSite\",\"@id\":\"http:\\\/\\\/cuartetoenlaweb.com.ar\\\/sitio\\\/#website\",\"url\":\"http:\\\/\\\/cuartetoenlaweb.com.ar\\\/sitio\\\/\",\"name\":\"Cuarteto en la Web\",\"description\":\"\",\"publisher\":{\"@id\":\"http:\\\/\\\/cuartetoenlaweb.com.ar\\\/sitio\\\/#organization\"},\"potentialAction\":[{\"@type\":\"SearchAction\",\"target\":{\"@type\":\"EntryPoint\",\"urlTemplate\":\"http:\\\/\\\/cuartetoenlaweb.com.ar\\\/sitio\\\/?s={search_term_string}\"},\"query-input\":{\"@type\":\"PropertyValueSpecification\",\"valueRequired\":true,\"valueName\":\"search_term_string\"}}],\"inLanguage\":\"es\"},{\"@type\":\"Organization\",\"@id\":\"http:\\\/\\\/cuartetoenlaweb.com.ar\\\/sitio\\\/#organization\",\"name\":\"Cuarteto en la Web\",\"url\":\"http:\\\/\\\/cuartetoenlaweb.com.ar\\\/sitio\\\/\",\"logo\":{\"@type\":\"ImageObject\",\"inLanguage\":\"es\",\"@id\":\"http:\\\/\\\/cuartetoenlaweb.com.ar\\\/sitio\\\/#\\\/schema\\\/logo\\\/image\\\/\",\"url\":\"https:\\\/\\\/cuartetoenlaweb.com.ar\\\/sitio\\\/wp-content\\\/uploads\\\/2025\\\/07\\\/cropped-cropped-logitoweb21.png\",\"contentUrl\":\"https:\\\/\\\/cuartetoenlaweb.com.ar\\\/sitio\\\/wp-content\\\/uploads\\\/2025\\\/07\\\/cropped-cropped-logitoweb21.png\",\"width\":199,\"height\":199,\"caption\":\"Cuarteto en la Web\"},\"image\":{\"@id\":\"http:\\\/\\\/cuartetoenlaweb.com.ar\\\/sitio\\\/#\\\/schema\\\/logo\\\/image\\\/\"}}]}<\/script>\n<!-- \/ Yoast SEO plugin. -->","yoast_head_json":{"title":"El calvario que sufre Evangelina Anderson por sus hijos a 5 meses de su separaci\u00f3n de Mart\u00edn Demichelis - Cuarteto en la Web","robots":{"index":"index","follow":"follow","max-snippet":"max-snippet:-1","max-image-preview":"max-image-preview:large","max-video-preview":"max-video-preview:-1"},"canonical":"https:\/\/cuartetoenlaweb.com.ar\/sitio\/el-calvario-que-sufre-evangelina-anderson-por-sus-hijos-a-5-meses-de-su-separacion-de-martin-demichelis\/","og_locale":"es_ES","og_type":"article","og_title":"El calvario que sufre Evangelina Anderson por sus hijos a 5 meses de su separaci\u00f3n de Mart\u00edn Demichelis - Cuarteto en la Web","og_description":"La separaci\u00f3n de Evangelina Anderson y Mart\u00edn Demichelis volvi\u00f3 a","og_url":"https:\/\/cuartetoenlaweb.com.ar\/sitio\/el-calvario-que-sufre-evangelina-anderson-por-sus-hijos-a-5-meses-de-su-separacion-de-martin-demichelis\/","og_site_name":"Cuarteto en la Web","article_published_time":"2026-01-16T08:59:52+00:00","og_image":[{"width":359,"height":226,"url":"https:\/\/cuartetoenlaweb.com.ar\/sitio\/wp-content\/uploads\/2026\/01\/CHIMENTEROS-PORTADA-YT-TOMI-DENTE-359x226-33.jpg","type":"image\/jpeg"}],"twitter_card":"summary_large_image","twitter_misc":{"Tiempo de lectura":"3 minutos"},"schema":{"@context":"https:\/\/schema.org","@graph":[{"@type":"Article","@id":"https:\/\/cuartetoenlaweb.com.ar\/sitio\/el-calvario-que-sufre-evangelina-anderson-por-sus-hijos-a-5-meses-de-su-separacion-de-martin-demichelis\/#article","isPartOf":{"@id":"https:\/\/cuartetoenlaweb.com.ar\/sitio\/el-calvario-que-sufre-evangelina-anderson-por-sus-hijos-a-5-meses-de-su-separacion-de-martin-demichelis\/"},"author":{"name":"","@id":""},"headline":"El calvario que sufre Evangelina Anderson por sus hijos a 5 meses de su separaci\u00f3n de Mart\u00edn Demichelis","datePublished":"2026-01-16T08:59:52+00:00","mainEntityOfPage":{"@id":"https:\/\/cuartetoenlaweb.com.ar\/sitio\/el-calvario-que-sufre-evangelina-anderson-por-sus-hijos-a-5-meses-de-su-separacion-de-martin-demichelis\/"},"wordCount":693,"publisher":{"@id":"http:\/\/cuartetoenlaweb.com.ar\/sitio\/#organization"},"image":{"@id":"https:\/\/cuartetoenlaweb.com.ar\/sitio\/el-calvario-que-sufre-evangelina-anderson-por-sus-hijos-a-5-meses-de-su-separacion-de-martin-demichelis\/#primaryimage"},"thumbnailUrl":"https:\/\/cuartetoenlaweb.com.ar\/sitio\/wp-content\/uploads\/2026\/01\/CHIMENTEROS-PORTADA-YT-TOMI-DENTE-359x226-33.jpg","articleSection":["PAIS"],"inLanguage":"es"},{"@type":"WebPage","@id":"https:\/\/cuartetoenlaweb.com.ar\/sitio\/el-calvario-que-sufre-evangelina-anderson-por-sus-hijos-a-5-meses-de-su-separacion-de-martin-demichelis\/","url":"https:\/\/cuartetoenlaweb.com.ar\/sitio\/el-calvario-que-sufre-evangelina-anderson-por-sus-hijos-a-5-meses-de-su-separacion-de-martin-demichelis\/","name":"El calvario que sufre Evangelina Anderson por sus hijos a 5 meses de su separaci\u00f3n de Mart\u00edn Demichelis - Cuarteto en la Web","isPartOf":{"@id":"http:\/\/cuartetoenlaweb.com.ar\/sitio\/#website"},"primaryImageOfPage":{"@id":"https:\/\/cuartetoenlaweb.com.ar\/sitio\/el-calvario-que-sufre-evangelina-anderson-por-sus-hijos-a-5-meses-de-su-separacion-de-martin-demichelis\/#primaryimage"},"image":{"@id":"https:\/\/cuartetoenlaweb.com.ar\/sitio\/el-calvario-que-sufre-evangelina-anderson-por-sus-hijos-a-5-meses-de-su-separacion-de-martin-demichelis\/#primaryimage"},"thumbnailUrl":"https:\/\/cuartetoenlaweb.com.ar\/sitio\/wp-content\/uploads\/2026\/01\/CHIMENTEROS-PORTADA-YT-TOMI-DENTE-359x226-33.jpg","datePublished":"2026-01-16T08:59:52+00:00","breadcrumb":{"@id":"https:\/\/cuartetoenlaweb.com.ar\/sitio\/el-calvario-que-sufre-evangelina-anderson-por-sus-hijos-a-5-meses-de-su-separacion-de-martin-demichelis\/#breadcrumb"},"inLanguage":"es","potentialAction":[{"@type":"ReadAction","target":["https:\/\/cuartetoenlaweb.com.ar\/sitio\/el-calvario-que-sufre-evangelina-anderson-por-sus-hijos-a-5-meses-de-su-separacion-de-martin-demichelis\/"]}]},{"@type":"ImageObject","inLanguage":"es","@id":"https:\/\/cuartetoenlaweb.com.ar\/sitio\/el-calvario-que-sufre-evangelina-anderson-por-sus-hijos-a-5-meses-de-su-separacion-de-martin-demichelis\/#primaryimage","url":"https:\/\/cuartetoenlaweb.com.ar\/sitio\/wp-content\/uploads\/2026\/01\/CHIMENTEROS-PORTADA-YT-TOMI-DENTE-359x226-33.jpg","contentUrl":"https:\/\/cuartetoenlaweb.com.ar\/sitio\/wp-content\/uploads\/2026\/01\/CHIMENTEROS-PORTADA-YT-TOMI-DENTE-359x226-33.jpg","width":359,"height":226},{"@type":"BreadcrumbList","@id":"https:\/\/cuartetoenlaweb.com.ar\/sitio\/el-calvario-que-sufre-evangelina-anderson-por-sus-hijos-a-5-meses-de-su-separacion-de-martin-demichelis\/#breadcrumb","itemListElement":[{"@type":"ListItem","position":1,"name":"Portada","item":"http:\/\/cuartetoenlaweb.com.ar\/sitio\/"},{"@type":"ListItem","position":2,"name":"El calvario que sufre Evangelina Anderson por sus hijos a 5 meses de su separaci\u00f3n de Mart\u00edn Demichelis"}]},{"@type":"WebSite","@id":"http:\/\/cuartetoenlaweb.com.ar\/sitio\/#website","url":"http:\/\/cuartetoenlaweb.com.ar\/sitio\/","name":"Cuarteto en la Web","description":"","publisher":{"@id":"http:\/\/cuartetoenlaweb.com.ar\/sitio\/#organization"},"potentialAction":[{"@type":"SearchAction","target":{"@type":"EntryPoint","urlTemplate":"http:\/\/cuartetoenlaweb.com.ar\/sitio\/?s={search_term_string}"},"query-input":{"@type":"PropertyValueSpecification","valueRequired":true,"valueName":"search_term_string"}}],"inLanguage":"es"},{"@type":"Organization","@id":"http:\/\/cuartetoenlaweb.com.ar\/sitio\/#organization","name":"Cuarteto en la Web","url":"http:\/\/cuartetoenlaweb.com.ar\/sitio\/","logo":{"@type":"ImageObject","inLanguage":"es","@id":"http:\/\/cuartetoenlaweb.com.ar\/sitio\/#\/schema\/logo\/image\/","url":"https:\/\/cuartetoenlaweb.com.ar\/sitio\/wp-content\/uploads\/2025\/07\/cropped-cropped-logitoweb21.png","contentUrl":"https:\/\/cuartetoenlaweb.com.ar\/sitio\/wp-content\/uploads\/2025\/07\/cropped-cropped-logitoweb21.png","width":199,"height":199,"caption":"Cuarteto en la Web"},"image":{"@id":"http:\/\/cuartetoenlaweb.com.ar\/sitio\/#\/schema\/logo\/image\/"}}]}},"_links":{"self":[{"href":"https:\/\/cuartetoenlaweb.com.ar\/sitio\/wp-json\/wp\/v2\/posts\/10424","targetHints":{"allow":["GET"]}}],"collection":[{"href":"https:\/\/cuartetoenlaweb.com.ar\/sitio\/wp-json\/wp\/v2\/posts"}],"about":[{"href":"https:\/\/cuartetoenlaweb.com.ar\/sitio\/wp-json\/wp\/v2\/types\/post"}],"replies":[{"embeddable":true,"href":"https:\/\/cuartetoenlaweb.com.ar\/sitio\/wp-json\/wp\/v2\/comments?post=10424"}],"version-history":[{"count":0,"href":"https:\/\/cuartetoenlaweb.com.ar\/sitio\/wp-json\/wp\/v2\/posts\/10424\/revisions"}],"wp:featuredmedia":[{"embeddable":true,"href":"https:\/\/cuartetoenlaweb.com.ar\/sitio\/wp-json\/wp\/v2\/media\/10425"}],"wp:attachment":[{"href":"https:\/\/cuartetoenlaweb.com.ar\/sitio\/wp-json\/wp\/v2\/media?parent=10424"}],"wp:term":[{"taxonomy":"category","embeddable":true,"href":"https:\/\/cuartetoenlaweb.com.ar\/sitio\/wp-json\/wp\/v2\/categories?post=10424"},{"taxonomy":"post_tag","embeddable":true,"href":"https:\/\/cuartetoenlaweb.com.ar\/sitio\/wp-json\/wp\/v2\/tags?post=10424"}],"curies":[{"name":"wp","href":"https:\/\/api.w.org\/{rel}","templated":true}]}}