
{"id":10420,"date":"2026-01-16T05:59:50","date_gmt":"2026-01-16T08:59:50","guid":{"rendered":"https:\/\/cuartetoenlaweb.com.ar\/sitio\/que-ver-en-netflix-la-miniserie-de-8-episodios-que-se-estreno-hace-cinco-anos-y-es-un-exito-mundial\/"},"modified":"2026-01-16T05:59:50","modified_gmt":"2026-01-16T08:59:50","slug":"que-ver-en-netflix-la-miniserie-de-8-episodios-que-se-estreno-hace-cinco-anos-y-es-un-exito-mundial","status":"publish","type":"post","link":"https:\/\/cuartetoenlaweb.com.ar\/sitio\/que-ver-en-netflix-la-miniserie-de-8-episodios-que-se-estreno-hace-cinco-anos-y-es-un-exito-mundial\/","title":{"rendered":"Qu\u00e9 ver en Netflix: la miniserie de 8 episodios que se estren\u00f3 hace cinco a\u00f1os y es un \u00e9xito mundial"},"content":{"rendered":"<p>La miniserie <strong>Freud<\/strong> se convirti\u00f3 en una de las apuestas m\u00e1s llamativas de <strong><a href=\"https:\/\/www.paparazzi.com.ar\/teve\/que-ver-en-netflix-la-miniserie-de-5-episodios-que-paso-a-ser-el-mayor-exito-de-la-plataforma\/\">Netflix<\/a><\/strong> gracias a su mezcla de misterio, crimen y atm\u00f3sferas oscuras que atrapan desde el primer episodio. Con solo <strong>8 cap\u00edtulos intensos<\/strong>, esta producci\u00f3n austr\u00edaca reinventa al joven Sigmund Freud en una Viena del siglo XIX repleta de enigmas y peligros.<\/p>\n<p>Lo que hace \u00fanica a <em>Freud<\/em> es su combinaci\u00f3n de hechos hist\u00f3ricos -como la figura del padre del psicoan\u00e1lisis- con elementos de ficci\u00f3n y suspense que rozan lo sobrenatural. A trav\u00e9s de una narrativa con tintes er\u00f3ticos y perturbadores, la serie se adentra en los recovecos de la mente humana y desaf\u00eda al espectador a descifrar sus secretos.<\/p>\n<div class=\"mt-box \">\n<h4 class=\"mt-heading\">Mir\u00e1 Tambi\u00e9n<\/h4>\n<p><a href=\"https:\/\/www.paparazzi.com.ar\/teve\/se-odian-angel-de-brito-destrozo-a-fernanda-callejon-y-le-pego-donde-mas-le-duele-pobrecita\/\"><\/p>\n<div class=\"mt-content\">\n<div class=\"mt-image-container\"><img decoding=\"async\" src=\"https:\/\/www.paparazzi.com.ar\/wp-content\/uploads\/2026\/01\/angel-de-brito-fernanda-callejon-359x226.jpg\" alt=\"\u00a1Se odian! \u00c1ngel de Brito destroz\u00f3 a Fernanda Callej\u00f3n y le peg\u00f3 donde m\u00e1s le duele: \u201cPobrecita\u2026\u201d\" class=\"mt-image\" loading=\"lazy\" \/><\/div>\n<h5 class=\"mt-title\">\u00a1Se odian! \u00c1ngel de Brito destroz\u00f3 a Fernanda Callej\u00f3n y le peg\u00f3 donde m\u00e1s le duele: \u201cPobrecita\u2026\u201d<\/h5>\n<\/div>\n<p><\/a><\/div>\n<p>La historia sigue a un Freud interpretado por <strong>Robert Finster<\/strong>, quien junto a una ps\u00edquica y un detective se involucran en una compleja investigaci\u00f3n criminal. M\u00e1s all\u00e1 de los casos, lo que se explora es la lucha interna del protagonista por su carrera, sus teor\u00edas y su propia visi\u00f3n del subconsciente.<\/p>\n<p>Visualmente, <em>Freud<\/em> destaca por su recreaci\u00f3n de la Viena imperial: escenarios sombr\u00edos, vestuarios de \u00e9poca y una fotograf\u00eda que potencia el clima inquietante de cada escena. Esta ambientaci\u00f3n que propone <strong><a href=\"https:\/\/www.paparazzi.com.ar\/teve\/que-ver-en-netflix-en-vacaciones-la-miniserie-de-8-episodios-que-es-una-joya-escondida\/\">Netflix<\/a><\/strong> logra sumergir al p\u00fablico en una \u00e9poca que combina ciencia incipiente y superstici\u00f3n.<\/p>\n<h2 class=\"wp-block-heading\">LA MINISERIE DE NETFLIX M\u00c1S ACLAMADA POR EL P\u00daBLICO<\/h2>\n<p>La cr\u00edtica ha se\u00f1alado que, aunque el primer episodio puede resultar desconcertante para algunos, la trama gana intensidad con el correr de los cap\u00edtulos. El enfoque no convencional y la audacia en sus escenas la posicionan como una opci\u00f3n ideal para los amantes de los thrillers psicol\u00f3gicos.<\/p>\n<div class=\"mt-box \">\n<h4 class=\"mt-heading\">Mir\u00e1 Tambi\u00e9n<\/h4>\n<p><a href=\"https:\/\/www.paparazzi.com.ar\/teve\/polemica-total-cris-morena-lanzo-un-campamento-de-verano-a-1500-dolares-y-estallaron-las-criticas\/\"><\/p>\n<div class=\"mt-content\">\n<div class=\"mt-image-container\"><img decoding=\"async\" src=\"https:\/\/www.paparazzi.com.ar\/wp-content\/uploads\/2026\/01\/cris-morena-359x226.jpg\" alt=\"\u00a1Pol\u00e9mica total! Cris Morena lanz\u00f3 un campamento de verano a 1500 d\u00f3lares y estallaron las cr\u00edticas\" class=\"mt-image\" loading=\"lazy\" \/><\/div>\n<h5 class=\"mt-title\">\u00a1Pol\u00e9mica total! Cris Morena lanz\u00f3 un campamento de verano a 1500 d\u00f3lares y estallaron las cr\u00edticas<\/h5>\n<\/div>\n<p><\/a><\/div>\n<p>Desde su estreno en <strong><a href=\"https:\/\/www.paparazzi.com.ar\/teve\/que-ver-en-netflix-la-miniserie-de-6-episodios-para-arrancar-este-sabado-lluvioso-y-terminar-el-domingo\/\">Netflix<\/a><\/strong> en marzo de 2020, <em>Freud<\/em> fue r\u00e1pidamente adoptada por audiencias de Latinoam\u00e9rica, Estados Unidos y Europa, consolid\u00e1ndose como una de las series m\u00e1s vistas por quienes buscan contenido atrevido y diferente.<\/p>\n<p>Si todav\u00eda no la viste, <em>Freud<\/em> es una recomendaci\u00f3n obligada para este a\u00f1o: ocho episodios que prometen tensi\u00f3n, giros inesperados y una reinterpretaci\u00f3n intensa de uno de los nombres m\u00e1s conocidos de la historia.&nbsp;<\/p>\n<p>The post <a href=\"https:\/\/www.paparazzi.com.ar\/teve\/que-ver-en-netflix-la-miniserie-de-8-episodios-que-se-estreno-hace-cinco-anos-y-es-un-exito-mundial\/\">Qu\u00e9 ver en Netflix: la miniserie de 8 episodios que se estren\u00f3 hace cinco a\u00f1os y es un \u00e9xito mundial<\/a> appeared first on <a href=\"https:\/\/www.paparazzi.com.ar\">Revista Paparazzi<\/a>.<\/p>\n","protected":false},"excerpt":{"rendered":"<p>La miniserie Freud se convirti\u00f3 en una de las apuestas<\/p>\n","protected":false},"author":0,"featured_media":10421,"comment_status":"","ping_status":"","sticky":false,"template":"","format":"standard","meta":{"footnotes":""},"categories":[65],"tags":[],"class_list":["post-10420","post","type-post","status-publish","format-standard","has-post-thumbnail","hentry","category-pais"],"yoast_head":"<!-- This site is optimized with the Yoast SEO plugin v27.5 - https:\/\/yoast.com\/product\/yoast-seo-wordpress\/ -->\n<title>Qu\u00e9 ver en Netflix: la miniserie de 8 episodios que se estren\u00f3 hace cinco a\u00f1os y es un \u00e9xito mundial - Cuarteto en la Web<\/title>\n<meta name=\"robots\" content=\"index, follow, max-snippet:-1, max-image-preview:large, max-video-preview:-1\" \/>\n<link rel=\"canonical\" href=\"https:\/\/cuartetoenlaweb.com.ar\/sitio\/que-ver-en-netflix-la-miniserie-de-8-episodios-que-se-estreno-hace-cinco-anos-y-es-un-exito-mundial\/\" \/>\n<meta property=\"og:locale\" content=\"es_ES\" \/>\n<meta property=\"og:type\" content=\"article\" \/>\n<meta property=\"og:title\" content=\"Qu\u00e9 ver en Netflix: la miniserie de 8 episodios que se estren\u00f3 hace cinco a\u00f1os y es un \u00e9xito mundial - Cuarteto en la Web\" \/>\n<meta property=\"og:description\" content=\"La miniserie Freud se convirti\u00f3 en una de las apuestas\" \/>\n<meta property=\"og:url\" content=\"https:\/\/cuartetoenlaweb.com.ar\/sitio\/que-ver-en-netflix-la-miniserie-de-8-episodios-que-se-estreno-hace-cinco-anos-y-es-un-exito-mundial\/\" \/>\n<meta property=\"og:site_name\" content=\"Cuarteto en la Web\" \/>\n<meta property=\"article:published_time\" content=\"2026-01-16T08:59:50+00:00\" \/>\n<meta property=\"og:image\" content=\"https:\/\/cuartetoenlaweb.com.ar\/sitio\/wp-content\/uploads\/2026\/01\/angel-de-brito-fernanda-callejon-359x226-2.jpg\" \/>\n\t<meta property=\"og:image:width\" content=\"359\" \/>\n\t<meta property=\"og:image:height\" content=\"226\" \/>\n\t<meta property=\"og:image:type\" content=\"image\/jpeg\" \/>\n<meta name=\"twitter:card\" content=\"summary_large_image\" \/>\n<meta name=\"twitter:label1\" content=\"Tiempo de lectura\" \/>\n\t<meta name=\"twitter:data1\" content=\"2 minutos\" \/>\n<script type=\"application\/ld+json\" class=\"yoast-schema-graph\">{\"@context\":\"https:\\\/\\\/schema.org\",\"@graph\":[{\"@type\":\"Article\",\"@id\":\"https:\\\/\\\/cuartetoenlaweb.com.ar\\\/sitio\\\/que-ver-en-netflix-la-miniserie-de-8-episodios-que-se-estreno-hace-cinco-anos-y-es-un-exito-mundial\\\/#article\",\"isPartOf\":{\"@id\":\"https:\\\/\\\/cuartetoenlaweb.com.ar\\\/sitio\\\/que-ver-en-netflix-la-miniserie-de-8-episodios-que-se-estreno-hace-cinco-anos-y-es-un-exito-mundial\\\/\"},\"author\":{\"name\":\"\",\"@id\":\"\"},\"headline\":\"Qu\u00e9 ver en Netflix: la miniserie de 8 episodios que se estren\u00f3 hace cinco a\u00f1os y es un \u00e9xito mundial\",\"datePublished\":\"2026-01-16T08:59:50+00:00\",\"mainEntityOfPage\":{\"@id\":\"https:\\\/\\\/cuartetoenlaweb.com.ar\\\/sitio\\\/que-ver-en-netflix-la-miniserie-de-8-episodios-que-se-estreno-hace-cinco-anos-y-es-un-exito-mundial\\\/\"},\"wordCount\":462,\"publisher\":{\"@id\":\"http:\\\/\\\/cuartetoenlaweb.com.ar\\\/sitio\\\/#organization\"},\"image\":{\"@id\":\"https:\\\/\\\/cuartetoenlaweb.com.ar\\\/sitio\\\/que-ver-en-netflix-la-miniserie-de-8-episodios-que-se-estreno-hace-cinco-anos-y-es-un-exito-mundial\\\/#primaryimage\"},\"thumbnailUrl\":\"https:\\\/\\\/cuartetoenlaweb.com.ar\\\/sitio\\\/wp-content\\\/uploads\\\/2026\\\/01\\\/angel-de-brito-fernanda-callejon-359x226-2.jpg\",\"articleSection\":[\"PAIS\"],\"inLanguage\":\"es\"},{\"@type\":\"WebPage\",\"@id\":\"https:\\\/\\\/cuartetoenlaweb.com.ar\\\/sitio\\\/que-ver-en-netflix-la-miniserie-de-8-episodios-que-se-estreno-hace-cinco-anos-y-es-un-exito-mundial\\\/\",\"url\":\"https:\\\/\\\/cuartetoenlaweb.com.ar\\\/sitio\\\/que-ver-en-netflix-la-miniserie-de-8-episodios-que-se-estreno-hace-cinco-anos-y-es-un-exito-mundial\\\/\",\"name\":\"Qu\u00e9 ver en Netflix: la miniserie de 8 episodios que se estren\u00f3 hace cinco a\u00f1os y es un \u00e9xito mundial - Cuarteto en la Web\",\"isPartOf\":{\"@id\":\"http:\\\/\\\/cuartetoenlaweb.com.ar\\\/sitio\\\/#website\"},\"primaryImageOfPage\":{\"@id\":\"https:\\\/\\\/cuartetoenlaweb.com.ar\\\/sitio\\\/que-ver-en-netflix-la-miniserie-de-8-episodios-que-se-estreno-hace-cinco-anos-y-es-un-exito-mundial\\\/#primaryimage\"},\"image\":{\"@id\":\"https:\\\/\\\/cuartetoenlaweb.com.ar\\\/sitio\\\/que-ver-en-netflix-la-miniserie-de-8-episodios-que-se-estreno-hace-cinco-anos-y-es-un-exito-mundial\\\/#primaryimage\"},\"thumbnailUrl\":\"https:\\\/\\\/cuartetoenlaweb.com.ar\\\/sitio\\\/wp-content\\\/uploads\\\/2026\\\/01\\\/angel-de-brito-fernanda-callejon-359x226-2.jpg\",\"datePublished\":\"2026-01-16T08:59:50+00:00\",\"breadcrumb\":{\"@id\":\"https:\\\/\\\/cuartetoenlaweb.com.ar\\\/sitio\\\/que-ver-en-netflix-la-miniserie-de-8-episodios-que-se-estreno-hace-cinco-anos-y-es-un-exito-mundial\\\/#breadcrumb\"},\"inLanguage\":\"es\",\"potentialAction\":[{\"@type\":\"ReadAction\",\"target\":[\"https:\\\/\\\/cuartetoenlaweb.com.ar\\\/sitio\\\/que-ver-en-netflix-la-miniserie-de-8-episodios-que-se-estreno-hace-cinco-anos-y-es-un-exito-mundial\\\/\"]}]},{\"@type\":\"ImageObject\",\"inLanguage\":\"es\",\"@id\":\"https:\\\/\\\/cuartetoenlaweb.com.ar\\\/sitio\\\/que-ver-en-netflix-la-miniserie-de-8-episodios-que-se-estreno-hace-cinco-anos-y-es-un-exito-mundial\\\/#primaryimage\",\"url\":\"https:\\\/\\\/cuartetoenlaweb.com.ar\\\/sitio\\\/wp-content\\\/uploads\\\/2026\\\/01\\\/angel-de-brito-fernanda-callejon-359x226-2.jpg\",\"contentUrl\":\"https:\\\/\\\/cuartetoenlaweb.com.ar\\\/sitio\\\/wp-content\\\/uploads\\\/2026\\\/01\\\/angel-de-brito-fernanda-callejon-359x226-2.jpg\",\"width\":359,\"height\":226},{\"@type\":\"BreadcrumbList\",\"@id\":\"https:\\\/\\\/cuartetoenlaweb.com.ar\\\/sitio\\\/que-ver-en-netflix-la-miniserie-de-8-episodios-que-se-estreno-hace-cinco-anos-y-es-un-exito-mundial\\\/#breadcrumb\",\"itemListElement\":[{\"@type\":\"ListItem\",\"position\":1,\"name\":\"Portada\",\"item\":\"http:\\\/\\\/cuartetoenlaweb.com.ar\\\/sitio\\\/\"},{\"@type\":\"ListItem\",\"position\":2,\"name\":\"Qu\u00e9 ver en Netflix: la miniserie de 8 episodios que se estren\u00f3 hace cinco a\u00f1os y es un \u00e9xito mundial\"}]},{\"@type\":\"WebSite\",\"@id\":\"http:\\\/\\\/cuartetoenlaweb.com.ar\\\/sitio\\\/#website\",\"url\":\"http:\\\/\\\/cuartetoenlaweb.com.ar\\\/sitio\\\/\",\"name\":\"Cuarteto en la Web\",\"description\":\"\",\"publisher\":{\"@id\":\"http:\\\/\\\/cuartetoenlaweb.com.ar\\\/sitio\\\/#organization\"},\"potentialAction\":[{\"@type\":\"SearchAction\",\"target\":{\"@type\":\"EntryPoint\",\"urlTemplate\":\"http:\\\/\\\/cuartetoenlaweb.com.ar\\\/sitio\\\/?s={search_term_string}\"},\"query-input\":{\"@type\":\"PropertyValueSpecification\",\"valueRequired\":true,\"valueName\":\"search_term_string\"}}],\"inLanguage\":\"es\"},{\"@type\":\"Organization\",\"@id\":\"http:\\\/\\\/cuartetoenlaweb.com.ar\\\/sitio\\\/#organization\",\"name\":\"Cuarteto en la Web\",\"url\":\"http:\\\/\\\/cuartetoenlaweb.com.ar\\\/sitio\\\/\",\"logo\":{\"@type\":\"ImageObject\",\"inLanguage\":\"es\",\"@id\":\"http:\\\/\\\/cuartetoenlaweb.com.ar\\\/sitio\\\/#\\\/schema\\\/logo\\\/image\\\/\",\"url\":\"https:\\\/\\\/cuartetoenlaweb.com.ar\\\/sitio\\\/wp-content\\\/uploads\\\/2025\\\/07\\\/cropped-cropped-logitoweb21.png\",\"contentUrl\":\"https:\\\/\\\/cuartetoenlaweb.com.ar\\\/sitio\\\/wp-content\\\/uploads\\\/2025\\\/07\\\/cropped-cropped-logitoweb21.png\",\"width\":199,\"height\":199,\"caption\":\"Cuarteto en la Web\"},\"image\":{\"@id\":\"http:\\\/\\\/cuartetoenlaweb.com.ar\\\/sitio\\\/#\\\/schema\\\/logo\\\/image\\\/\"}}]}<\/script>\n<!-- \/ Yoast SEO plugin. -->","yoast_head_json":{"title":"Qu\u00e9 ver en Netflix: la miniserie de 8 episodios que se estren\u00f3 hace cinco a\u00f1os y es un \u00e9xito mundial - Cuarteto en la Web","robots":{"index":"index","follow":"follow","max-snippet":"max-snippet:-1","max-image-preview":"max-image-preview:large","max-video-preview":"max-video-preview:-1"},"canonical":"https:\/\/cuartetoenlaweb.com.ar\/sitio\/que-ver-en-netflix-la-miniserie-de-8-episodios-que-se-estreno-hace-cinco-anos-y-es-un-exito-mundial\/","og_locale":"es_ES","og_type":"article","og_title":"Qu\u00e9 ver en Netflix: la miniserie de 8 episodios que se estren\u00f3 hace cinco a\u00f1os y es un \u00e9xito mundial - Cuarteto en la Web","og_description":"La miniserie Freud se convirti\u00f3 en una de las apuestas","og_url":"https:\/\/cuartetoenlaweb.com.ar\/sitio\/que-ver-en-netflix-la-miniserie-de-8-episodios-que-se-estreno-hace-cinco-anos-y-es-un-exito-mundial\/","og_site_name":"Cuarteto en la Web","article_published_time":"2026-01-16T08:59:50+00:00","og_image":[{"width":359,"height":226,"url":"https:\/\/cuartetoenlaweb.com.ar\/sitio\/wp-content\/uploads\/2026\/01\/angel-de-brito-fernanda-callejon-359x226-2.jpg","type":"image\/jpeg"}],"twitter_card":"summary_large_image","twitter_misc":{"Tiempo de lectura":"2 minutos"},"schema":{"@context":"https:\/\/schema.org","@graph":[{"@type":"Article","@id":"https:\/\/cuartetoenlaweb.com.ar\/sitio\/que-ver-en-netflix-la-miniserie-de-8-episodios-que-se-estreno-hace-cinco-anos-y-es-un-exito-mundial\/#article","isPartOf":{"@id":"https:\/\/cuartetoenlaweb.com.ar\/sitio\/que-ver-en-netflix-la-miniserie-de-8-episodios-que-se-estreno-hace-cinco-anos-y-es-un-exito-mundial\/"},"author":{"name":"","@id":""},"headline":"Qu\u00e9 ver en Netflix: la miniserie de 8 episodios que se estren\u00f3 hace cinco a\u00f1os y es un \u00e9xito mundial","datePublished":"2026-01-16T08:59:50+00:00","mainEntityOfPage":{"@id":"https:\/\/cuartetoenlaweb.com.ar\/sitio\/que-ver-en-netflix-la-miniserie-de-8-episodios-que-se-estreno-hace-cinco-anos-y-es-un-exito-mundial\/"},"wordCount":462,"publisher":{"@id":"http:\/\/cuartetoenlaweb.com.ar\/sitio\/#organization"},"image":{"@id":"https:\/\/cuartetoenlaweb.com.ar\/sitio\/que-ver-en-netflix-la-miniserie-de-8-episodios-que-se-estreno-hace-cinco-anos-y-es-un-exito-mundial\/#primaryimage"},"thumbnailUrl":"https:\/\/cuartetoenlaweb.com.ar\/sitio\/wp-content\/uploads\/2026\/01\/angel-de-brito-fernanda-callejon-359x226-2.jpg","articleSection":["PAIS"],"inLanguage":"es"},{"@type":"WebPage","@id":"https:\/\/cuartetoenlaweb.com.ar\/sitio\/que-ver-en-netflix-la-miniserie-de-8-episodios-que-se-estreno-hace-cinco-anos-y-es-un-exito-mundial\/","url":"https:\/\/cuartetoenlaweb.com.ar\/sitio\/que-ver-en-netflix-la-miniserie-de-8-episodios-que-se-estreno-hace-cinco-anos-y-es-un-exito-mundial\/","name":"Qu\u00e9 ver en Netflix: la miniserie de 8 episodios que se estren\u00f3 hace cinco a\u00f1os y es un \u00e9xito mundial - Cuarteto en la Web","isPartOf":{"@id":"http:\/\/cuartetoenlaweb.com.ar\/sitio\/#website"},"primaryImageOfPage":{"@id":"https:\/\/cuartetoenlaweb.com.ar\/sitio\/que-ver-en-netflix-la-miniserie-de-8-episodios-que-se-estreno-hace-cinco-anos-y-es-un-exito-mundial\/#primaryimage"},"image":{"@id":"https:\/\/cuartetoenlaweb.com.ar\/sitio\/que-ver-en-netflix-la-miniserie-de-8-episodios-que-se-estreno-hace-cinco-anos-y-es-un-exito-mundial\/#primaryimage"},"thumbnailUrl":"https:\/\/cuartetoenlaweb.com.ar\/sitio\/wp-content\/uploads\/2026\/01\/angel-de-brito-fernanda-callejon-359x226-2.jpg","datePublished":"2026-01-16T08:59:50+00:00","breadcrumb":{"@id":"https:\/\/cuartetoenlaweb.com.ar\/sitio\/que-ver-en-netflix-la-miniserie-de-8-episodios-que-se-estreno-hace-cinco-anos-y-es-un-exito-mundial\/#breadcrumb"},"inLanguage":"es","potentialAction":[{"@type":"ReadAction","target":["https:\/\/cuartetoenlaweb.com.ar\/sitio\/que-ver-en-netflix-la-miniserie-de-8-episodios-que-se-estreno-hace-cinco-anos-y-es-un-exito-mundial\/"]}]},{"@type":"ImageObject","inLanguage":"es","@id":"https:\/\/cuartetoenlaweb.com.ar\/sitio\/que-ver-en-netflix-la-miniserie-de-8-episodios-que-se-estreno-hace-cinco-anos-y-es-un-exito-mundial\/#primaryimage","url":"https:\/\/cuartetoenlaweb.com.ar\/sitio\/wp-content\/uploads\/2026\/01\/angel-de-brito-fernanda-callejon-359x226-2.jpg","contentUrl":"https:\/\/cuartetoenlaweb.com.ar\/sitio\/wp-content\/uploads\/2026\/01\/angel-de-brito-fernanda-callejon-359x226-2.jpg","width":359,"height":226},{"@type":"BreadcrumbList","@id":"https:\/\/cuartetoenlaweb.com.ar\/sitio\/que-ver-en-netflix-la-miniserie-de-8-episodios-que-se-estreno-hace-cinco-anos-y-es-un-exito-mundial\/#breadcrumb","itemListElement":[{"@type":"ListItem","position":1,"name":"Portada","item":"http:\/\/cuartetoenlaweb.com.ar\/sitio\/"},{"@type":"ListItem","position":2,"name":"Qu\u00e9 ver en Netflix: la miniserie de 8 episodios que se estren\u00f3 hace cinco a\u00f1os y es un \u00e9xito mundial"}]},{"@type":"WebSite","@id":"http:\/\/cuartetoenlaweb.com.ar\/sitio\/#website","url":"http:\/\/cuartetoenlaweb.com.ar\/sitio\/","name":"Cuarteto en la Web","description":"","publisher":{"@id":"http:\/\/cuartetoenlaweb.com.ar\/sitio\/#organization"},"potentialAction":[{"@type":"SearchAction","target":{"@type":"EntryPoint","urlTemplate":"http:\/\/cuartetoenlaweb.com.ar\/sitio\/?s={search_term_string}"},"query-input":{"@type":"PropertyValueSpecification","valueRequired":true,"valueName":"search_term_string"}}],"inLanguage":"es"},{"@type":"Organization","@id":"http:\/\/cuartetoenlaweb.com.ar\/sitio\/#organization","name":"Cuarteto en la Web","url":"http:\/\/cuartetoenlaweb.com.ar\/sitio\/","logo":{"@type":"ImageObject","inLanguage":"es","@id":"http:\/\/cuartetoenlaweb.com.ar\/sitio\/#\/schema\/logo\/image\/","url":"https:\/\/cuartetoenlaweb.com.ar\/sitio\/wp-content\/uploads\/2025\/07\/cropped-cropped-logitoweb21.png","contentUrl":"https:\/\/cuartetoenlaweb.com.ar\/sitio\/wp-content\/uploads\/2025\/07\/cropped-cropped-logitoweb21.png","width":199,"height":199,"caption":"Cuarteto en la Web"},"image":{"@id":"http:\/\/cuartetoenlaweb.com.ar\/sitio\/#\/schema\/logo\/image\/"}}]}},"_links":{"self":[{"href":"https:\/\/cuartetoenlaweb.com.ar\/sitio\/wp-json\/wp\/v2\/posts\/10420","targetHints":{"allow":["GET"]}}],"collection":[{"href":"https:\/\/cuartetoenlaweb.com.ar\/sitio\/wp-json\/wp\/v2\/posts"}],"about":[{"href":"https:\/\/cuartetoenlaweb.com.ar\/sitio\/wp-json\/wp\/v2\/types\/post"}],"replies":[{"embeddable":true,"href":"https:\/\/cuartetoenlaweb.com.ar\/sitio\/wp-json\/wp\/v2\/comments?post=10420"}],"version-history":[{"count":0,"href":"https:\/\/cuartetoenlaweb.com.ar\/sitio\/wp-json\/wp\/v2\/posts\/10420\/revisions"}],"wp:featuredmedia":[{"embeddable":true,"href":"https:\/\/cuartetoenlaweb.com.ar\/sitio\/wp-json\/wp\/v2\/media\/10421"}],"wp:attachment":[{"href":"https:\/\/cuartetoenlaweb.com.ar\/sitio\/wp-json\/wp\/v2\/media?parent=10420"}],"wp:term":[{"taxonomy":"category","embeddable":true,"href":"https:\/\/cuartetoenlaweb.com.ar\/sitio\/wp-json\/wp\/v2\/categories?post=10420"},{"taxonomy":"post_tag","embeddable":true,"href":"https:\/\/cuartetoenlaweb.com.ar\/sitio\/wp-json\/wp\/v2\/tags?post=10420"}],"curies":[{"name":"wp","href":"https:\/\/api.w.org\/{rel}","templated":true}]}}