
{"id":10387,"date":"2026-01-15T05:59:40","date_gmt":"2026-01-15T08:59:40","guid":{"rendered":"https:\/\/cuartetoenlaweb.com.ar\/sitio\/el-novio-de-wanda-nara-se-defendio-de-la-acusacion-de-abandonar-a-su-hijo-y-disparo-contra-su-ex-despechada-y\/"},"modified":"2026-01-15T05:59:40","modified_gmt":"2026-01-15T08:59:40","slug":"el-novio-de-wanda-nara-se-defendio-de-la-acusacion-de-abandonar-a-su-hijo-y-disparo-contra-su-ex-despechada-y","status":"publish","type":"post","link":"https:\/\/cuartetoenlaweb.com.ar\/sitio\/el-novio-de-wanda-nara-se-defendio-de-la-acusacion-de-abandonar-a-su-hijo-y-disparo-contra-su-ex-despechada-y\/","title":{"rendered":"El novio de Wanda Nara se defendi\u00f3 de la acusaci\u00f3n de abandonar a su hijo y dispar\u00f3 contra su ex: \u201cDespechada y&#8230;\u201d"},"content":{"rendered":"<p><strong>Wanda Nara<\/strong> siempre navega por el eje de las controversias, de los temas personales espinosos, de situaciones privadas pol\u00e9micas. Ahora, las esquirlas salpicaron a la famosa a trav\u00e9s de una denuncia contra su novio, <strong>Mart\u00edn Migueles<\/strong>, que incluye un tenor extremadamente sensible.<\/p>\n<p>Resulta que <strong><a href=\"https:\/\/www.paparazzi.com.ar\/romances\/yanina-latorre-conto-el-peor-secreto-del-novio-de-wanda-nara-nunca-conocio-a-su-hijo-y-dijo-que-ojala-que-se-muera\/\">Yanina Latorre <\/a><\/strong>volvi\u00f3 a demostrar sus dotes para acceder a informaci\u00f3n exclusiva y narr\u00f3 la historia que le traslad\u00f3 la ex pareja del personal trainer. As\u00ed, la ex angelita cont\u00f3 circunstancias muy escabrosas, como que supuestamente nunca quiso conocer a su hijo de seis a\u00f1os y que incluso dese\u00f3 que no naciera.<\/p>\n<p>Atento a la enorme repercusi\u00f3n y a los se\u00f1alamientos como padre aband\u00f3nico, el novio de Nara redact\u00f3 un texto extenso, con el objetivo de aportar su verdad, de gritarle al mundo su versi\u00f3n de los hechos. As\u00ed, <strong>Migueles arranc\u00f3 con una indirecta a su ex<\/strong>: \u00ab<em>Desconozco los motivos de personas mal intencionadas o despechadas que salen simult\u00e1neamente ense\u00f1adas a contar barbaridades y mentiras sobre mi persona<\/em>\u201d.<\/p>\n<div class=\"mt-box \">\n<h4 class=\"mt-heading\">Mir\u00e1 Tambi\u00e9n<\/h4>\n<p><a href=\"https:\/\/www.paparazzi.com.ar\/romances\/los-nuevos-audios-de-luciano-castro-a-otra-de-sus-amantes-me-insistia-mucho-es-muy-intenso\/\"><\/p>\n<div class=\"mt-content\">\n<div class=\"mt-image-container\"><img decoding=\"async\" src=\"https:\/\/www.paparazzi.com.ar\/wp-content\/uploads\/2026\/01\/Luciano-Castro-Tamara-Bella-1-359x226.jpg\" alt=\"Los nuevos audios de Luciano Castro a otra de sus \u2018amantes\u2019: \u201cMe insist\u00eda mucho, es muy intenso\u201d\" class=\"mt-image\" loading=\"lazy\" \/><\/div>\n<h5 class=\"mt-title\">Los nuevos audios de Luciano Castro a otra de sus \u2018amantes\u2019: \u201cMe insist\u00eda mucho, es muy intenso\u201d<\/h5>\n<\/div>\n<p><\/a><\/div>\n<p>En tanto que se encarg\u00f3 de iluminar sus motivos para publicar este comunicado y por eso asever\u00f3:\u00a0 \u201c<em>Salgo a aclarar esto, sabiendo que las \u00fanicas personas que me importan saben la realidad y qui\u00e9n soy<\/em>\u00ab. As\u00ed como asegur\u00f3 que siempre cumpli\u00f3 con sus compromisos econ\u00f3micos: \u00ab<em>Es falso que no paso alimentos, jam\u00e1s fui deudor alimentario<\/em>\u00ab.<\/p>\n<h2 class=\"wp-block-heading\">MART\u00cdN MIGUELES CONT\u00d3 SU VERDAD SOBRE LA ACUSACI\u00d3N DE PADRE ABAND\u00d3NICO<\/h2>\n<p><strong>Hasta que el novio de Wanda se sumergi\u00f3 en lo medular de todo esta acusaci\u00f3n: su nulo deseo de ver a su peque\u00f1o<\/strong>. As\u00ed, Mart\u00edn perjur\u00f3: \u00ab<em>Hemos intentado con mi familia conocer a mi hijo y jam\u00e1s contestaron los mensajes, ni de mi hija, madre, padre y hermanas, menos los m\u00edos. Hemos pedido una foto y jam\u00e1s la pasaron<\/em>\u00ab.<\/p>\n<p>Y luego confirm\u00f3 la determinaci\u00f3n que ejecut\u00f3 para confrontar a su ex pareja: \u00ab<em>Decidimos ir a la Justicia y ah\u00ed estamos esperando la mediaci\u00f3n con toda mi familia. Tengo a mi pap\u00e1 enfermo grave, \u00bfpodr\u00e1n pasarnos una foto? A\u00f1os intentando una vinculaci\u00f3n y las pruebas est\u00e1n en la Justicia, ya falta menos<\/em>\u00ab.<\/p>\n<figure class=\"wp-block-image size-full\"><img decoding=\"async\" width=\"371\" height=\"620\" src=\"https:\/\/www.paparazzi.com.ar\/wp-content\/uploads\/2026\/01\/Captura-de-pantalla-2026-01-14-a-las-23.44.11.png.webp\" loading=\"lazy\" alt=\"\" class=\"wp-image-460163\" \/><\/figure>\n<figure class=\"wp-block-image size-full\"><img decoding=\"async\" width=\"445\" height=\"599\" src=\"https:\/\/www.paparazzi.com.ar\/wp-content\/uploads\/2026\/01\/Captura-de-pantalla-2026-01-14-a-las-23.37.08.png.webp\" loading=\"lazy\" alt=\"\" class=\"wp-image-460160\" \/><\/figure>\n<div class=\"mt-box \">\n<h4 class=\"mt-heading\">Mir\u00e1 Tambi\u00e9n<\/h4>\n<p><a href=\"https:\/\/www.paparazzi.com.ar\/romances\/yanina-latorre-conto-el-peor-secreto-del-novio-de-wanda-nara-nunca-conocio-a-su-hijo-y-dijo-que-ojala-que-se-muera\/\"><\/p>\n<div class=\"mt-content\">\n<div class=\"mt-image-container\"><img decoding=\"async\" src=\"https:\/\/www.paparazzi.com.ar\/wp-content\/uploads\/2026\/01\/Yanina-Latorre-Wanda-Nara-Migueles-359x226.jpg\" alt=\"Yanina Latorre cont\u00f3 el peor secreto del novio de Wanda Nara: \u201cNunca conoci\u00f3 a su hijo y dijo que ojal\u00e1 que se muera\u201d\" class=\"mt-image\" loading=\"lazy\" \/><\/div>\n<h5 class=\"mt-title\">Yanina Latorre cont\u00f3 el peor secreto del novio de Wanda Nara: \u201cNunca conoci\u00f3 a su hijo y dijo que ojal\u00e1 que se muera\u201d<\/h5>\n<\/div>\n<p><\/a><\/div>\n<div class=\"mt-box \">\n<h4 class=\"mt-heading\">Mir\u00e1 Tambi\u00e9n<\/h4>\n<p><a href=\"https:\/\/www.paparazzi.com.ar\/romances\/el-millonario-viaje-de-wanda-nara-con-su-novio-tras-la-separacion-se-van-a\/\"><\/p>\n<div class=\"mt-content\">\n<div class=\"mt-image-container\"><img decoding=\"async\" src=\"https:\/\/www.paparazzi.com.ar\/wp-content\/uploads\/2026\/01\/Wanda-Nara-Martin-Migueles-359x226.jpg\" alt=\"El millonario viaje de Wanda Nara con su novio tras la separaci\u00f3n: \u201cSe van a\u2026\u201d\" class=\"mt-image\" loading=\"lazy\" \/><\/div>\n<h5 class=\"mt-title\">El millonario viaje de Wanda Nara con su novio tras la separaci\u00f3n: \u201cSe van a\u2026\u201d<\/h5>\n<\/div>\n<p><\/a><\/div>\n<p>The post <a href=\"https:\/\/www.paparazzi.com.ar\/romances\/el-novio-de-wanda-nara-se-defendio-de-la-acusacion-de-abandonar-a-su-hijo-y-disparo-contra-su-ex-despechada\/\">El novio de Wanda Nara se defendi\u00f3 de la acusaci\u00f3n de abandonar a su hijo y dispar\u00f3 contra su ex: \u201cDespechada y&#8230;\u201d<\/a> appeared first on <a href=\"https:\/\/www.paparazzi.com.ar\">Revista Paparazzi<\/a>.<\/p>\n","protected":false},"excerpt":{"rendered":"<p>Wanda Nara siempre navega por el eje de las controversias,<\/p>\n","protected":false},"author":0,"featured_media":10388,"comment_status":"","ping_status":"","sticky":false,"template":"","format":"standard","meta":{"footnotes":""},"categories":[65],"tags":[],"class_list":["post-10387","post","type-post","status-publish","format-standard","has-post-thumbnail","hentry","category-pais"],"yoast_head":"<!-- This site is optimized with the Yoast SEO plugin v27.5 - https:\/\/yoast.com\/product\/yoast-seo-wordpress\/ -->\n<title>El novio de Wanda Nara se defendi\u00f3 de la acusaci\u00f3n de abandonar a su hijo y dispar\u00f3 contra su ex: \u201cDespechada y...\u201d - Cuarteto en la Web<\/title>\n<meta name=\"robots\" content=\"index, follow, max-snippet:-1, max-image-preview:large, max-video-preview:-1\" \/>\n<link rel=\"canonical\" href=\"https:\/\/cuartetoenlaweb.com.ar\/sitio\/el-novio-de-wanda-nara-se-defendio-de-la-acusacion-de-abandonar-a-su-hijo-y-disparo-contra-su-ex-despechada-y\/\" \/>\n<meta property=\"og:locale\" content=\"es_ES\" \/>\n<meta property=\"og:type\" content=\"article\" \/>\n<meta property=\"og:title\" content=\"El novio de Wanda Nara se defendi\u00f3 de la acusaci\u00f3n de abandonar a su hijo y dispar\u00f3 contra su ex: \u201cDespechada y...\u201d - Cuarteto en la Web\" \/>\n<meta property=\"og:description\" content=\"Wanda Nara siempre navega por el eje de las controversias,\" \/>\n<meta property=\"og:url\" content=\"https:\/\/cuartetoenlaweb.com.ar\/sitio\/el-novio-de-wanda-nara-se-defendio-de-la-acusacion-de-abandonar-a-su-hijo-y-disparo-contra-su-ex-despechada-y\/\" \/>\n<meta property=\"og:site_name\" content=\"Cuarteto en la Web\" \/>\n<meta property=\"article:published_time\" content=\"2026-01-15T08:59:40+00:00\" \/>\n<meta property=\"og:image\" content=\"https:\/\/cuartetoenlaweb.com.ar\/sitio\/wp-content\/uploads\/2026\/01\/Luciano-Castro-Tamara-Bella-1-359x226-1.jpg\" \/>\n\t<meta property=\"og:image:width\" content=\"359\" \/>\n\t<meta property=\"og:image:height\" content=\"226\" \/>\n\t<meta property=\"og:image:type\" content=\"image\/jpeg\" \/>\n<meta name=\"twitter:card\" content=\"summary_large_image\" \/>\n<meta name=\"twitter:label1\" content=\"Tiempo de lectura\" \/>\n\t<meta name=\"twitter:data1\" content=\"2 minutos\" \/>\n<script type=\"application\/ld+json\" class=\"yoast-schema-graph\">{\"@context\":\"https:\\\/\\\/schema.org\",\"@graph\":[{\"@type\":\"Article\",\"@id\":\"https:\\\/\\\/cuartetoenlaweb.com.ar\\\/sitio\\\/el-novio-de-wanda-nara-se-defendio-de-la-acusacion-de-abandonar-a-su-hijo-y-disparo-contra-su-ex-despechada-y\\\/#article\",\"isPartOf\":{\"@id\":\"https:\\\/\\\/cuartetoenlaweb.com.ar\\\/sitio\\\/el-novio-de-wanda-nara-se-defendio-de-la-acusacion-de-abandonar-a-su-hijo-y-disparo-contra-su-ex-despechada-y\\\/\"},\"author\":{\"name\":\"\",\"@id\":\"\"},\"headline\":\"El novio de Wanda Nara se defendi\u00f3 de la acusaci\u00f3n de abandonar a su hijo y dispar\u00f3 contra su ex: \u201cDespechada y&#8230;\u201d\",\"datePublished\":\"2026-01-15T08:59:40+00:00\",\"mainEntityOfPage\":{\"@id\":\"https:\\\/\\\/cuartetoenlaweb.com.ar\\\/sitio\\\/el-novio-de-wanda-nara-se-defendio-de-la-acusacion-de-abandonar-a-su-hijo-y-disparo-contra-su-ex-despechada-y\\\/\"},\"wordCount\":487,\"publisher\":{\"@id\":\"https:\\\/\\\/cuartetoenlaweb.com.ar\\\/sitio\\\/#organization\"},\"image\":{\"@id\":\"https:\\\/\\\/cuartetoenlaweb.com.ar\\\/sitio\\\/el-novio-de-wanda-nara-se-defendio-de-la-acusacion-de-abandonar-a-su-hijo-y-disparo-contra-su-ex-despechada-y\\\/#primaryimage\"},\"thumbnailUrl\":\"https:\\\/\\\/cuartetoenlaweb.com.ar\\\/sitio\\\/wp-content\\\/uploads\\\/2026\\\/01\\\/Luciano-Castro-Tamara-Bella-1-359x226-1.jpg\",\"articleSection\":[\"PAIS\"],\"inLanguage\":\"es\"},{\"@type\":\"WebPage\",\"@id\":\"https:\\\/\\\/cuartetoenlaweb.com.ar\\\/sitio\\\/el-novio-de-wanda-nara-se-defendio-de-la-acusacion-de-abandonar-a-su-hijo-y-disparo-contra-su-ex-despechada-y\\\/\",\"url\":\"https:\\\/\\\/cuartetoenlaweb.com.ar\\\/sitio\\\/el-novio-de-wanda-nara-se-defendio-de-la-acusacion-de-abandonar-a-su-hijo-y-disparo-contra-su-ex-despechada-y\\\/\",\"name\":\"El novio de Wanda Nara se defendi\u00f3 de la acusaci\u00f3n de abandonar a su hijo y dispar\u00f3 contra su ex: \u201cDespechada y...\u201d - Cuarteto en la Web\",\"isPartOf\":{\"@id\":\"https:\\\/\\\/cuartetoenlaweb.com.ar\\\/sitio\\\/#website\"},\"primaryImageOfPage\":{\"@id\":\"https:\\\/\\\/cuartetoenlaweb.com.ar\\\/sitio\\\/el-novio-de-wanda-nara-se-defendio-de-la-acusacion-de-abandonar-a-su-hijo-y-disparo-contra-su-ex-despechada-y\\\/#primaryimage\"},\"image\":{\"@id\":\"https:\\\/\\\/cuartetoenlaweb.com.ar\\\/sitio\\\/el-novio-de-wanda-nara-se-defendio-de-la-acusacion-de-abandonar-a-su-hijo-y-disparo-contra-su-ex-despechada-y\\\/#primaryimage\"},\"thumbnailUrl\":\"https:\\\/\\\/cuartetoenlaweb.com.ar\\\/sitio\\\/wp-content\\\/uploads\\\/2026\\\/01\\\/Luciano-Castro-Tamara-Bella-1-359x226-1.jpg\",\"datePublished\":\"2026-01-15T08:59:40+00:00\",\"breadcrumb\":{\"@id\":\"https:\\\/\\\/cuartetoenlaweb.com.ar\\\/sitio\\\/el-novio-de-wanda-nara-se-defendio-de-la-acusacion-de-abandonar-a-su-hijo-y-disparo-contra-su-ex-despechada-y\\\/#breadcrumb\"},\"inLanguage\":\"es\",\"potentialAction\":[{\"@type\":\"ReadAction\",\"target\":[\"https:\\\/\\\/cuartetoenlaweb.com.ar\\\/sitio\\\/el-novio-de-wanda-nara-se-defendio-de-la-acusacion-de-abandonar-a-su-hijo-y-disparo-contra-su-ex-despechada-y\\\/\"]}]},{\"@type\":\"ImageObject\",\"inLanguage\":\"es\",\"@id\":\"https:\\\/\\\/cuartetoenlaweb.com.ar\\\/sitio\\\/el-novio-de-wanda-nara-se-defendio-de-la-acusacion-de-abandonar-a-su-hijo-y-disparo-contra-su-ex-despechada-y\\\/#primaryimage\",\"url\":\"https:\\\/\\\/cuartetoenlaweb.com.ar\\\/sitio\\\/wp-content\\\/uploads\\\/2026\\\/01\\\/Luciano-Castro-Tamara-Bella-1-359x226-1.jpg\",\"contentUrl\":\"https:\\\/\\\/cuartetoenlaweb.com.ar\\\/sitio\\\/wp-content\\\/uploads\\\/2026\\\/01\\\/Luciano-Castro-Tamara-Bella-1-359x226-1.jpg\",\"width\":359,\"height\":226},{\"@type\":\"BreadcrumbList\",\"@id\":\"https:\\\/\\\/cuartetoenlaweb.com.ar\\\/sitio\\\/el-novio-de-wanda-nara-se-defendio-de-la-acusacion-de-abandonar-a-su-hijo-y-disparo-contra-su-ex-despechada-y\\\/#breadcrumb\",\"itemListElement\":[{\"@type\":\"ListItem\",\"position\":1,\"name\":\"Portada\",\"item\":\"https:\\\/\\\/cuartetoenlaweb.com.ar\\\/sitio\\\/\"},{\"@type\":\"ListItem\",\"position\":2,\"name\":\"El novio de Wanda Nara se defendi\u00f3 de la acusaci\u00f3n de abandonar a su hijo y dispar\u00f3 contra su ex: \u201cDespechada y&#8230;\u201d\"}]},{\"@type\":\"WebSite\",\"@id\":\"https:\\\/\\\/cuartetoenlaweb.com.ar\\\/sitio\\\/#website\",\"url\":\"https:\\\/\\\/cuartetoenlaweb.com.ar\\\/sitio\\\/\",\"name\":\"Cuarteto en la Web\",\"description\":\"\",\"publisher\":{\"@id\":\"https:\\\/\\\/cuartetoenlaweb.com.ar\\\/sitio\\\/#organization\"},\"potentialAction\":[{\"@type\":\"SearchAction\",\"target\":{\"@type\":\"EntryPoint\",\"urlTemplate\":\"https:\\\/\\\/cuartetoenlaweb.com.ar\\\/sitio\\\/?s={search_term_string}\"},\"query-input\":{\"@type\":\"PropertyValueSpecification\",\"valueRequired\":true,\"valueName\":\"search_term_string\"}}],\"inLanguage\":\"es\"},{\"@type\":\"Organization\",\"@id\":\"https:\\\/\\\/cuartetoenlaweb.com.ar\\\/sitio\\\/#organization\",\"name\":\"Cuarteto en la Web\",\"url\":\"https:\\\/\\\/cuartetoenlaweb.com.ar\\\/sitio\\\/\",\"logo\":{\"@type\":\"ImageObject\",\"inLanguage\":\"es\",\"@id\":\"https:\\\/\\\/cuartetoenlaweb.com.ar\\\/sitio\\\/#\\\/schema\\\/logo\\\/image\\\/\",\"url\":\"https:\\\/\\\/cuartetoenlaweb.com.ar\\\/sitio\\\/wp-content\\\/uploads\\\/2025\\\/07\\\/cropped-cropped-logitoweb21.png\",\"contentUrl\":\"https:\\\/\\\/cuartetoenlaweb.com.ar\\\/sitio\\\/wp-content\\\/uploads\\\/2025\\\/07\\\/cropped-cropped-logitoweb21.png\",\"width\":199,\"height\":199,\"caption\":\"Cuarteto en la Web\"},\"image\":{\"@id\":\"https:\\\/\\\/cuartetoenlaweb.com.ar\\\/sitio\\\/#\\\/schema\\\/logo\\\/image\\\/\"}}]}<\/script>\n<!-- \/ Yoast SEO plugin. -->","yoast_head_json":{"title":"El novio de Wanda Nara se defendi\u00f3 de la acusaci\u00f3n de abandonar a su hijo y dispar\u00f3 contra su ex: \u201cDespechada y...\u201d - Cuarteto en la Web","robots":{"index":"index","follow":"follow","max-snippet":"max-snippet:-1","max-image-preview":"max-image-preview:large","max-video-preview":"max-video-preview:-1"},"canonical":"https:\/\/cuartetoenlaweb.com.ar\/sitio\/el-novio-de-wanda-nara-se-defendio-de-la-acusacion-de-abandonar-a-su-hijo-y-disparo-contra-su-ex-despechada-y\/","og_locale":"es_ES","og_type":"article","og_title":"El novio de Wanda Nara se defendi\u00f3 de la acusaci\u00f3n de abandonar a su hijo y dispar\u00f3 contra su ex: \u201cDespechada y...\u201d - Cuarteto en la Web","og_description":"Wanda Nara siempre navega por el eje de las controversias,","og_url":"https:\/\/cuartetoenlaweb.com.ar\/sitio\/el-novio-de-wanda-nara-se-defendio-de-la-acusacion-de-abandonar-a-su-hijo-y-disparo-contra-su-ex-despechada-y\/","og_site_name":"Cuarteto en la Web","article_published_time":"2026-01-15T08:59:40+00:00","og_image":[{"width":359,"height":226,"url":"https:\/\/cuartetoenlaweb.com.ar\/sitio\/wp-content\/uploads\/2026\/01\/Luciano-Castro-Tamara-Bella-1-359x226-1.jpg","type":"image\/jpeg"}],"twitter_card":"summary_large_image","twitter_misc":{"Tiempo de lectura":"2 minutos"},"schema":{"@context":"https:\/\/schema.org","@graph":[{"@type":"Article","@id":"https:\/\/cuartetoenlaweb.com.ar\/sitio\/el-novio-de-wanda-nara-se-defendio-de-la-acusacion-de-abandonar-a-su-hijo-y-disparo-contra-su-ex-despechada-y\/#article","isPartOf":{"@id":"https:\/\/cuartetoenlaweb.com.ar\/sitio\/el-novio-de-wanda-nara-se-defendio-de-la-acusacion-de-abandonar-a-su-hijo-y-disparo-contra-su-ex-despechada-y\/"},"author":{"name":"","@id":""},"headline":"El novio de Wanda Nara se defendi\u00f3 de la acusaci\u00f3n de abandonar a su hijo y dispar\u00f3 contra su ex: \u201cDespechada y&#8230;\u201d","datePublished":"2026-01-15T08:59:40+00:00","mainEntityOfPage":{"@id":"https:\/\/cuartetoenlaweb.com.ar\/sitio\/el-novio-de-wanda-nara-se-defendio-de-la-acusacion-de-abandonar-a-su-hijo-y-disparo-contra-su-ex-despechada-y\/"},"wordCount":487,"publisher":{"@id":"https:\/\/cuartetoenlaweb.com.ar\/sitio\/#organization"},"image":{"@id":"https:\/\/cuartetoenlaweb.com.ar\/sitio\/el-novio-de-wanda-nara-se-defendio-de-la-acusacion-de-abandonar-a-su-hijo-y-disparo-contra-su-ex-despechada-y\/#primaryimage"},"thumbnailUrl":"https:\/\/cuartetoenlaweb.com.ar\/sitio\/wp-content\/uploads\/2026\/01\/Luciano-Castro-Tamara-Bella-1-359x226-1.jpg","articleSection":["PAIS"],"inLanguage":"es"},{"@type":"WebPage","@id":"https:\/\/cuartetoenlaweb.com.ar\/sitio\/el-novio-de-wanda-nara-se-defendio-de-la-acusacion-de-abandonar-a-su-hijo-y-disparo-contra-su-ex-despechada-y\/","url":"https:\/\/cuartetoenlaweb.com.ar\/sitio\/el-novio-de-wanda-nara-se-defendio-de-la-acusacion-de-abandonar-a-su-hijo-y-disparo-contra-su-ex-despechada-y\/","name":"El novio de Wanda Nara se defendi\u00f3 de la acusaci\u00f3n de abandonar a su hijo y dispar\u00f3 contra su ex: \u201cDespechada y...\u201d - Cuarteto en la Web","isPartOf":{"@id":"https:\/\/cuartetoenlaweb.com.ar\/sitio\/#website"},"primaryImageOfPage":{"@id":"https:\/\/cuartetoenlaweb.com.ar\/sitio\/el-novio-de-wanda-nara-se-defendio-de-la-acusacion-de-abandonar-a-su-hijo-y-disparo-contra-su-ex-despechada-y\/#primaryimage"},"image":{"@id":"https:\/\/cuartetoenlaweb.com.ar\/sitio\/el-novio-de-wanda-nara-se-defendio-de-la-acusacion-de-abandonar-a-su-hijo-y-disparo-contra-su-ex-despechada-y\/#primaryimage"},"thumbnailUrl":"https:\/\/cuartetoenlaweb.com.ar\/sitio\/wp-content\/uploads\/2026\/01\/Luciano-Castro-Tamara-Bella-1-359x226-1.jpg","datePublished":"2026-01-15T08:59:40+00:00","breadcrumb":{"@id":"https:\/\/cuartetoenlaweb.com.ar\/sitio\/el-novio-de-wanda-nara-se-defendio-de-la-acusacion-de-abandonar-a-su-hijo-y-disparo-contra-su-ex-despechada-y\/#breadcrumb"},"inLanguage":"es","potentialAction":[{"@type":"ReadAction","target":["https:\/\/cuartetoenlaweb.com.ar\/sitio\/el-novio-de-wanda-nara-se-defendio-de-la-acusacion-de-abandonar-a-su-hijo-y-disparo-contra-su-ex-despechada-y\/"]}]},{"@type":"ImageObject","inLanguage":"es","@id":"https:\/\/cuartetoenlaweb.com.ar\/sitio\/el-novio-de-wanda-nara-se-defendio-de-la-acusacion-de-abandonar-a-su-hijo-y-disparo-contra-su-ex-despechada-y\/#primaryimage","url":"https:\/\/cuartetoenlaweb.com.ar\/sitio\/wp-content\/uploads\/2026\/01\/Luciano-Castro-Tamara-Bella-1-359x226-1.jpg","contentUrl":"https:\/\/cuartetoenlaweb.com.ar\/sitio\/wp-content\/uploads\/2026\/01\/Luciano-Castro-Tamara-Bella-1-359x226-1.jpg","width":359,"height":226},{"@type":"BreadcrumbList","@id":"https:\/\/cuartetoenlaweb.com.ar\/sitio\/el-novio-de-wanda-nara-se-defendio-de-la-acusacion-de-abandonar-a-su-hijo-y-disparo-contra-su-ex-despechada-y\/#breadcrumb","itemListElement":[{"@type":"ListItem","position":1,"name":"Portada","item":"https:\/\/cuartetoenlaweb.com.ar\/sitio\/"},{"@type":"ListItem","position":2,"name":"El novio de Wanda Nara se defendi\u00f3 de la acusaci\u00f3n de abandonar a su hijo y dispar\u00f3 contra su ex: \u201cDespechada y&#8230;\u201d"}]},{"@type":"WebSite","@id":"https:\/\/cuartetoenlaweb.com.ar\/sitio\/#website","url":"https:\/\/cuartetoenlaweb.com.ar\/sitio\/","name":"Cuarteto en la Web","description":"","publisher":{"@id":"https:\/\/cuartetoenlaweb.com.ar\/sitio\/#organization"},"potentialAction":[{"@type":"SearchAction","target":{"@type":"EntryPoint","urlTemplate":"https:\/\/cuartetoenlaweb.com.ar\/sitio\/?s={search_term_string}"},"query-input":{"@type":"PropertyValueSpecification","valueRequired":true,"valueName":"search_term_string"}}],"inLanguage":"es"},{"@type":"Organization","@id":"https:\/\/cuartetoenlaweb.com.ar\/sitio\/#organization","name":"Cuarteto en la Web","url":"https:\/\/cuartetoenlaweb.com.ar\/sitio\/","logo":{"@type":"ImageObject","inLanguage":"es","@id":"https:\/\/cuartetoenlaweb.com.ar\/sitio\/#\/schema\/logo\/image\/","url":"https:\/\/cuartetoenlaweb.com.ar\/sitio\/wp-content\/uploads\/2025\/07\/cropped-cropped-logitoweb21.png","contentUrl":"https:\/\/cuartetoenlaweb.com.ar\/sitio\/wp-content\/uploads\/2025\/07\/cropped-cropped-logitoweb21.png","width":199,"height":199,"caption":"Cuarteto en la Web"},"image":{"@id":"https:\/\/cuartetoenlaweb.com.ar\/sitio\/#\/schema\/logo\/image\/"}}]}},"_links":{"self":[{"href":"https:\/\/cuartetoenlaweb.com.ar\/sitio\/wp-json\/wp\/v2\/posts\/10387","targetHints":{"allow":["GET"]}}],"collection":[{"href":"https:\/\/cuartetoenlaweb.com.ar\/sitio\/wp-json\/wp\/v2\/posts"}],"about":[{"href":"https:\/\/cuartetoenlaweb.com.ar\/sitio\/wp-json\/wp\/v2\/types\/post"}],"replies":[{"embeddable":true,"href":"https:\/\/cuartetoenlaweb.com.ar\/sitio\/wp-json\/wp\/v2\/comments?post=10387"}],"version-history":[{"count":0,"href":"https:\/\/cuartetoenlaweb.com.ar\/sitio\/wp-json\/wp\/v2\/posts\/10387\/revisions"}],"wp:featuredmedia":[{"embeddable":true,"href":"https:\/\/cuartetoenlaweb.com.ar\/sitio\/wp-json\/wp\/v2\/media\/10388"}],"wp:attachment":[{"href":"https:\/\/cuartetoenlaweb.com.ar\/sitio\/wp-json\/wp\/v2\/media?parent=10387"}],"wp:term":[{"taxonomy":"category","embeddable":true,"href":"https:\/\/cuartetoenlaweb.com.ar\/sitio\/wp-json\/wp\/v2\/categories?post=10387"},{"taxonomy":"post_tag","embeddable":true,"href":"https:\/\/cuartetoenlaweb.com.ar\/sitio\/wp-json\/wp\/v2\/tags?post=10387"}],"curies":[{"name":"wp","href":"https:\/\/api.w.org\/{rel}","templated":true}]}}