
{"id":10225,"date":"2026-01-11T00:59:52","date_gmt":"2026-01-11T03:59:52","guid":{"rendered":"https:\/\/cuartetoenlaweb.com.ar\/sitio\/la-foto-de-mauro-icardi-y-la-china-suarez-que-trajo-de-regreso-su-fantasma-con-wanda-nara\/"},"modified":"2026-01-11T00:59:52","modified_gmt":"2026-01-11T03:59:52","slug":"la-foto-de-mauro-icardi-y-la-china-suarez-que-trajo-de-regreso-su-fantasma-con-wanda-nara","status":"publish","type":"post","link":"https:\/\/cuartetoenlaweb.com.ar\/sitio\/la-foto-de-mauro-icardi-y-la-china-suarez-que-trajo-de-regreso-su-fantasma-con-wanda-nara\/","title":{"rendered":"La foto de Mauro Icardi y la China Su\u00e1rez que trajo de regreso su fantasma con Wanda Nara"},"content":{"rendered":"<p><strong>Mauro Icardi<\/strong> parece estar lleno de amor junto a la <strong>China Su\u00e1rez<\/strong>. Si bien su historia parece tener cientos y miles de patrones que se repiten de su historia con <strong>Wanda Nara<\/strong>, el futbolista se muestra muy feliz en sus redes sociales y la ex Casi \u00c1ngeles protagoniza cada posteo que se viraliza. Y por estas horas, este tri\u00e1ngulo protag\u00f3nico de la novela turco tuvo un nuevo episodio.<\/p>\n<p>A trav\u00e9s de sus redes sociales, <strong><a href=\"https:\/\/www.paparazzi.com.ar\/romances\/la-escandalosa-verdad-detras-de-la-separacion-de-wanda-nara-y-su-novio-la-tenencia-de-sus-hijas-esta\/\">Mauro<\/a><\/strong> tuvo un detalle muy particular que dispar\u00f3 varios comentarios en Instagram. Antes que nada hay que decirlo: si hace un mes hab\u00edan hecho un posteo mostrando su primer aniversario como pareja, cuando \u00e9l le regal\u00f3 un anillo, \u00bfPor qu\u00e9 ahora volvi\u00f3 a celebrar otro <em>\u201caniversario\u201d<\/em>? La respuesta es simple: se cumpli\u00f3 un a\u00f1o del blanqueo p\u00fablico.<\/p>\n<p>Pero esta teor\u00eda solo confirma lo que ellos insisten en negar: <strong>Mauro<\/strong> y la <strong><a href=\"https:\/\/www.paparazzi.com.ar\/romances\/no-suelta-wanda-nara-expuso-lo-peor-de-la-china-suarez-en-su-romance-con-mauro-icardi\/\">China<\/a><\/strong> le dan much\u00edsima importancia a lo que se dice en las redes sociales. Sino, no tendr\u00eda sentido una publicaci\u00f3n para recordar cu\u00e1ndo confirmaron su relaci\u00f3n. Sin embargo, ahora un gesto propio del futbolista termin\u00f3 siendo noticia por la aparici\u00f3n inesperada de <strong>Wanda<\/strong>.<\/p>\n<div class=\"mt-box \">\n<h4 class=\"mt-heading\">Mir\u00e1 Tambi\u00e9n<\/h4>\n<p><a href=\"https:\/\/www.paparazzi.com.ar\/videos\/exclusivo-tomas-dente-habla-de-su-particular-estilo-de-vida-no-tengo-sexo-ni-como-pizza-desde-hace-20-anos\/\"><\/p>\n<div class=\"mt-content\">\n<div class=\"mt-image-container\"><img decoding=\"async\" src=\"https:\/\/www.paparazzi.com.ar\/wp-content\/uploads\/2026\/01\/CHIMENTEROS-PORTADA-YT-TOMI-DENTE-359x226.jpg\" alt=\"\u00a1Exclusivo! Tom\u00e1s Dente habla de su particular estilo de vida: \u201cNo tengo sexo ni como pizza desde hace 20 a\u00f1os\u201d\" class=\"mt-image\" loading=\"lazy\" \/><\/div>\n<h5 class=\"mt-title\">\u00a1Exclusivo! Tom\u00e1s Dente habla de su particular estilo de vida: \u201cNo tengo sexo ni como pizza desde hace 20 a\u00f1os\u201d<\/h5>\n<\/div>\n<p><\/a><\/div>\n<p>Todo se dio justamente en el posteo que <strong><a href=\"https:\/\/www.paparazzi.com.ar\/romances\/la-promesa-que-mauro-icardi-le-hizo-a-la-china-suarez-durante-su-cena-por-ano-nuevo\/\">Icardi<\/a><\/strong> hizo para celebrar este primer a\u00f1o del blanqueo de su romance con la <strong>China<\/strong>. M\u00e1s all\u00e1 de la carta llena de amor que le dedic\u00f3 a la actriz, en una de las veinte im\u00e1genes que subi\u00f3 cometi\u00f3 un error al compartir una imagen donde puede verse el tatuaje que ten\u00eda en honor a <strong>Wanda<\/strong>.<\/p>\n<h2 class=\"wp-block-heading\">MAURO ICARDI SUBI\u00d3 UNA FOTO CON LA CHINA SU\u00c1REZ Y APARECI\u00d3 WANDA NARA: \u00abFELICES LOS 3\u00bb<\/h2>\n<p><em>\u201cHace un a\u00f1o subimos una foto y sin decir demasiado le contamos al mundo que nos hab\u00edamos encontrado. Lo que no se ve\u00eda era la paz que me trajiste, la fuerza que me das, la complicidad, las risas, el amor real\u201d<\/em>, comenz\u00f3 escribiendo <strong>Icardi<\/strong> en una de las fotos donde, aquel 9 de enero de 2025, blanqueaba por fin su historia de amor con la <strong>China<\/strong>.<\/p>\n<p><em>\u201cQue vengan mil fotos m\u00e1s, mil viajes, mil proyectos, mil amaneceres juntos. Mi presente sos vos, y mi futuro tambi\u00e9n. Hace un a\u00f1o dijimos \u2018Ac\u00e1 estamos\u2019 p\u00fablicamente. Hoy te digo, \u2018Ac\u00e1 me quedo\u2019 para siempre. Te Amo mi @sangrejaponesa\u201d<\/em>, sentenci\u00f3 <strong>Mauro<\/strong> en su publicaci\u00f3n. All\u00ed cosech\u00f3 miles de likes, pero un comentario expuso lo oculto de la imagen 17: ese tatuaje de <strong>Wanda<\/strong> en su brazo.<\/p>\n<div class=\"mt-box \">\n<h4 class=\"mt-heading\">Mir\u00e1 Tambi\u00e9n<\/h4>\n<p><a href=\"https:\/\/www.paparazzi.com.ar\/romances\/la-escandalosa-verdad-detras-de-la-separacion-de-wanda-nara-y-su-novio-la-tenencia-de-sus-hijas-esta\/\"><\/p>\n<div class=\"mt-content\">\n<div class=\"mt-image-container\"><img decoding=\"async\" src=\"https:\/\/www.paparazzi.com.ar\/wp-content\/uploads\/2026\/01\/Wanda-Nara-Martin-Migueles-hijas-359x226.jpg\" alt=\"La escandalosa verdad detr\u00e1s de la separaci\u00f3n de Wanda Nara y su novio: \u201cSus hijas est\u00e1n\u2026\u201d\" class=\"mt-image\" loading=\"lazy\" \/><\/div>\n<h5 class=\"mt-title\">La escandalosa verdad detr\u00e1s de la separaci\u00f3n de Wanda Nara y su novio: \u201cSus hijas est\u00e1n\u2026\u201d<\/h5>\n<\/div>\n<p><\/a><\/div>\n<p>La imagen de <strong>Wanda<\/strong> en el antebrazo de <strong>Icardi<\/strong> es un detalle que llam\u00f3 poderosamente la atenci\u00f3n. Habiendo tantas fotos junto a la <strong>China<\/strong>, \u00bfPor qu\u00e9 el futbolista eligi\u00f3 subir esa? \u00bfFue un descuido? \u00bfLo hizo a prop\u00f3sito?. Si bien dicho tatuaje ya no estar\u00eda vigente -se modific\u00f3 por otro dise\u00f1o-, el detalle no pas\u00f3 desapercibido y las redes lo destrozaron una vez m\u00e1s.<\/p>\n<figure class=\"wp-block-image size-large\"><img decoding=\"async\" src=\"https:\/\/www.paparazzi.com.ar\/wp-content\/uploads\/2026\/01\/mauro-icardi-china-suarez-1-1-1024x1024.jpg.webp\" loading=\"lazy\" alt=\"\" class=\"wp-image-459649\" \/><\/figure>\n<figure class=\"wp-block-image size-large\"><img decoding=\"async\" src=\"https:\/\/www.paparazzi.com.ar\/wp-content\/uploads\/2026\/01\/mauro-icardi-china-suarez-2-1024x476.png.webp\" loading=\"lazy\" alt=\"\" class=\"wp-image-459648\" \/><\/figure>\n<div class=\"mt-box \">\n<h4 class=\"mt-heading\">Mir\u00e1 Tambi\u00e9n<\/h4>\n<p><a href=\"https:\/\/www.paparazzi.com.ar\/romances\/no-suelta-wanda-nara-expuso-lo-peor-de-la-china-suarez-en-su-romance-con-mauro-icardi\/\"><\/p>\n<div class=\"mt-content\">\n<div class=\"mt-image-container\"><img decoding=\"async\" src=\"https:\/\/www.paparazzi.com.ar\/wp-content\/uploads\/2025\/07\/La-China-Suarez-le-hablo-a-Wanda-Nara-y-le-mando-un-duro-mensaje-por-el-video-intimo-de-Mauro-Icardi.jpg.webp\" alt=\"\u00a1No suelta! Wanda Nara expuso lo peor de la China Su\u00e1rez en su romance con Mauro Icardi\" class=\"mt-image\" loading=\"lazy\" \/><\/div>\n<h5 class=\"mt-title\">\u00a1No suelta! Wanda Nara expuso lo peor de la China Su\u00e1rez en su romance con Mauro Icardi<\/h5>\n<\/div>\n<p><\/a><\/div>\n<div class=\"mt-box \">\n<h4 class=\"mt-heading\">Mir\u00e1 Tambi\u00e9n<\/h4>\n<p><a href=\"https:\/\/www.paparazzi.com.ar\/romances\/la-promesa-que-mauro-icardi-le-hizo-a-la-china-suarez-durante-su-cena-por-ano-nuevo\/\"><\/p>\n<div class=\"mt-content\">\n<div class=\"mt-image-container\"><img decoding=\"async\" src=\"https:\/\/www.paparazzi.com.ar\/wp-content\/uploads\/2026\/01\/Mauro-Icardi-China-Suarez-359x226.jpg\" alt=\"La promesa que Mauro Icardi le hizo a la China Su\u00e1rez durante su cena por A\u00f1o Nuevo\" class=\"mt-image\" loading=\"lazy\" \/><\/div>\n<h5 class=\"mt-title\">La promesa que Mauro Icardi le hizo a la China Su\u00e1rez durante su cena por A\u00f1o Nuevo<\/h5>\n<\/div>\n<p><\/a><\/div>\n<p>The post <a href=\"https:\/\/www.paparazzi.com.ar\/romances\/la-foto-de-mauro-icardi-y-la-china-suarez-que-trajo-de-regreso-su-fantasma-con-wanda-nara\/\">La foto de Mauro Icardi y la China Su\u00e1rez que trajo de regreso su fantasma con Wanda Nara<\/a> appeared first on <a href=\"https:\/\/www.paparazzi.com.ar\">Revista Paparazzi<\/a>.<\/p>\n","protected":false},"excerpt":{"rendered":"<p>Mauro Icardi parece estar lleno de amor junto a la<\/p>\n","protected":false},"author":0,"featured_media":10226,"comment_status":"","ping_status":"","sticky":false,"template":"","format":"standard","meta":{"footnotes":""},"categories":[65],"tags":[],"class_list":["post-10225","post","type-post","status-publish","format-standard","has-post-thumbnail","hentry","category-pais"],"yoast_head":"<!-- This site is optimized with the Yoast SEO plugin v27.5 - https:\/\/yoast.com\/product\/yoast-seo-wordpress\/ -->\n<title>La foto de Mauro Icardi y la China Su\u00e1rez que trajo de regreso su fantasma con Wanda Nara - Cuarteto en la Web<\/title>\n<meta name=\"robots\" content=\"index, follow, max-snippet:-1, max-image-preview:large, max-video-preview:-1\" \/>\n<link rel=\"canonical\" href=\"https:\/\/cuartetoenlaweb.com.ar\/sitio\/la-foto-de-mauro-icardi-y-la-china-suarez-que-trajo-de-regreso-su-fantasma-con-wanda-nara\/\" \/>\n<meta property=\"og:locale\" content=\"es_ES\" \/>\n<meta property=\"og:type\" content=\"article\" \/>\n<meta property=\"og:title\" content=\"La foto de Mauro Icardi y la China Su\u00e1rez que trajo de regreso su fantasma con Wanda Nara - Cuarteto en la Web\" \/>\n<meta property=\"og:description\" content=\"Mauro Icardi parece estar lleno de amor junto a la\" \/>\n<meta property=\"og:url\" content=\"https:\/\/cuartetoenlaweb.com.ar\/sitio\/la-foto-de-mauro-icardi-y-la-china-suarez-que-trajo-de-regreso-su-fantasma-con-wanda-nara\/\" \/>\n<meta property=\"og:site_name\" content=\"Cuarteto en la Web\" \/>\n<meta property=\"article:published_time\" content=\"2026-01-11T03:59:52+00:00\" \/>\n<meta property=\"og:image\" content=\"https:\/\/cuartetoenlaweb.com.ar\/sitio\/wp-content\/uploads\/2026\/01\/CHIMENTEROS-PORTADA-YT-TOMI-DENTE-359x226-22.jpg\" \/>\n\t<meta property=\"og:image:width\" content=\"359\" \/>\n\t<meta property=\"og:image:height\" content=\"226\" \/>\n\t<meta property=\"og:image:type\" content=\"image\/jpeg\" \/>\n<meta name=\"twitter:card\" content=\"summary_large_image\" \/>\n<meta name=\"twitter:label1\" content=\"Tiempo de lectura\" \/>\n\t<meta name=\"twitter:data1\" content=\"3 minutos\" \/>\n<script type=\"application\/ld+json\" class=\"yoast-schema-graph\">{\"@context\":\"https:\\\/\\\/schema.org\",\"@graph\":[{\"@type\":\"Article\",\"@id\":\"https:\\\/\\\/cuartetoenlaweb.com.ar\\\/sitio\\\/la-foto-de-mauro-icardi-y-la-china-suarez-que-trajo-de-regreso-su-fantasma-con-wanda-nara\\\/#article\",\"isPartOf\":{\"@id\":\"https:\\\/\\\/cuartetoenlaweb.com.ar\\\/sitio\\\/la-foto-de-mauro-icardi-y-la-china-suarez-que-trajo-de-regreso-su-fantasma-con-wanda-nara\\\/\"},\"author\":{\"name\":\"\",\"@id\":\"\"},\"headline\":\"La foto de Mauro Icardi y la China Su\u00e1rez que trajo de regreso su fantasma con Wanda Nara\",\"datePublished\":\"2026-01-11T03:59:52+00:00\",\"mainEntityOfPage\":{\"@id\":\"https:\\\/\\\/cuartetoenlaweb.com.ar\\\/sitio\\\/la-foto-de-mauro-icardi-y-la-china-suarez-que-trajo-de-regreso-su-fantasma-con-wanda-nara\\\/\"},\"wordCount\":625,\"publisher\":{\"@id\":\"https:\\\/\\\/cuartetoenlaweb.com.ar\\\/sitio\\\/#organization\"},\"image\":{\"@id\":\"https:\\\/\\\/cuartetoenlaweb.com.ar\\\/sitio\\\/la-foto-de-mauro-icardi-y-la-china-suarez-que-trajo-de-regreso-su-fantasma-con-wanda-nara\\\/#primaryimage\"},\"thumbnailUrl\":\"https:\\\/\\\/cuartetoenlaweb.com.ar\\\/sitio\\\/wp-content\\\/uploads\\\/2026\\\/01\\\/CHIMENTEROS-PORTADA-YT-TOMI-DENTE-359x226-22.jpg\",\"articleSection\":[\"PAIS\"],\"inLanguage\":\"es\"},{\"@type\":\"WebPage\",\"@id\":\"https:\\\/\\\/cuartetoenlaweb.com.ar\\\/sitio\\\/la-foto-de-mauro-icardi-y-la-china-suarez-que-trajo-de-regreso-su-fantasma-con-wanda-nara\\\/\",\"url\":\"https:\\\/\\\/cuartetoenlaweb.com.ar\\\/sitio\\\/la-foto-de-mauro-icardi-y-la-china-suarez-que-trajo-de-regreso-su-fantasma-con-wanda-nara\\\/\",\"name\":\"La foto de Mauro Icardi y la China Su\u00e1rez que trajo de regreso su fantasma con Wanda Nara - Cuarteto en la Web\",\"isPartOf\":{\"@id\":\"https:\\\/\\\/cuartetoenlaweb.com.ar\\\/sitio\\\/#website\"},\"primaryImageOfPage\":{\"@id\":\"https:\\\/\\\/cuartetoenlaweb.com.ar\\\/sitio\\\/la-foto-de-mauro-icardi-y-la-china-suarez-que-trajo-de-regreso-su-fantasma-con-wanda-nara\\\/#primaryimage\"},\"image\":{\"@id\":\"https:\\\/\\\/cuartetoenlaweb.com.ar\\\/sitio\\\/la-foto-de-mauro-icardi-y-la-china-suarez-que-trajo-de-regreso-su-fantasma-con-wanda-nara\\\/#primaryimage\"},\"thumbnailUrl\":\"https:\\\/\\\/cuartetoenlaweb.com.ar\\\/sitio\\\/wp-content\\\/uploads\\\/2026\\\/01\\\/CHIMENTEROS-PORTADA-YT-TOMI-DENTE-359x226-22.jpg\",\"datePublished\":\"2026-01-11T03:59:52+00:00\",\"breadcrumb\":{\"@id\":\"https:\\\/\\\/cuartetoenlaweb.com.ar\\\/sitio\\\/la-foto-de-mauro-icardi-y-la-china-suarez-que-trajo-de-regreso-su-fantasma-con-wanda-nara\\\/#breadcrumb\"},\"inLanguage\":\"es\",\"potentialAction\":[{\"@type\":\"ReadAction\",\"target\":[\"https:\\\/\\\/cuartetoenlaweb.com.ar\\\/sitio\\\/la-foto-de-mauro-icardi-y-la-china-suarez-que-trajo-de-regreso-su-fantasma-con-wanda-nara\\\/\"]}]},{\"@type\":\"ImageObject\",\"inLanguage\":\"es\",\"@id\":\"https:\\\/\\\/cuartetoenlaweb.com.ar\\\/sitio\\\/la-foto-de-mauro-icardi-y-la-china-suarez-que-trajo-de-regreso-su-fantasma-con-wanda-nara\\\/#primaryimage\",\"url\":\"https:\\\/\\\/cuartetoenlaweb.com.ar\\\/sitio\\\/wp-content\\\/uploads\\\/2026\\\/01\\\/CHIMENTEROS-PORTADA-YT-TOMI-DENTE-359x226-22.jpg\",\"contentUrl\":\"https:\\\/\\\/cuartetoenlaweb.com.ar\\\/sitio\\\/wp-content\\\/uploads\\\/2026\\\/01\\\/CHIMENTEROS-PORTADA-YT-TOMI-DENTE-359x226-22.jpg\",\"width\":359,\"height\":226},{\"@type\":\"BreadcrumbList\",\"@id\":\"https:\\\/\\\/cuartetoenlaweb.com.ar\\\/sitio\\\/la-foto-de-mauro-icardi-y-la-china-suarez-que-trajo-de-regreso-su-fantasma-con-wanda-nara\\\/#breadcrumb\",\"itemListElement\":[{\"@type\":\"ListItem\",\"position\":1,\"name\":\"Portada\",\"item\":\"https:\\\/\\\/cuartetoenlaweb.com.ar\\\/sitio\\\/\"},{\"@type\":\"ListItem\",\"position\":2,\"name\":\"La foto de Mauro Icardi y la China Su\u00e1rez que trajo de regreso su fantasma con Wanda Nara\"}]},{\"@type\":\"WebSite\",\"@id\":\"https:\\\/\\\/cuartetoenlaweb.com.ar\\\/sitio\\\/#website\",\"url\":\"https:\\\/\\\/cuartetoenlaweb.com.ar\\\/sitio\\\/\",\"name\":\"Cuarteto en la Web\",\"description\":\"\",\"publisher\":{\"@id\":\"https:\\\/\\\/cuartetoenlaweb.com.ar\\\/sitio\\\/#organization\"},\"potentialAction\":[{\"@type\":\"SearchAction\",\"target\":{\"@type\":\"EntryPoint\",\"urlTemplate\":\"https:\\\/\\\/cuartetoenlaweb.com.ar\\\/sitio\\\/?s={search_term_string}\"},\"query-input\":{\"@type\":\"PropertyValueSpecification\",\"valueRequired\":true,\"valueName\":\"search_term_string\"}}],\"inLanguage\":\"es\"},{\"@type\":\"Organization\",\"@id\":\"https:\\\/\\\/cuartetoenlaweb.com.ar\\\/sitio\\\/#organization\",\"name\":\"Cuarteto en la Web\",\"url\":\"https:\\\/\\\/cuartetoenlaweb.com.ar\\\/sitio\\\/\",\"logo\":{\"@type\":\"ImageObject\",\"inLanguage\":\"es\",\"@id\":\"https:\\\/\\\/cuartetoenlaweb.com.ar\\\/sitio\\\/#\\\/schema\\\/logo\\\/image\\\/\",\"url\":\"https:\\\/\\\/cuartetoenlaweb.com.ar\\\/sitio\\\/wp-content\\\/uploads\\\/2025\\\/07\\\/cropped-cropped-logitoweb21.png\",\"contentUrl\":\"https:\\\/\\\/cuartetoenlaweb.com.ar\\\/sitio\\\/wp-content\\\/uploads\\\/2025\\\/07\\\/cropped-cropped-logitoweb21.png\",\"width\":199,\"height\":199,\"caption\":\"Cuarteto en la Web\"},\"image\":{\"@id\":\"https:\\\/\\\/cuartetoenlaweb.com.ar\\\/sitio\\\/#\\\/schema\\\/logo\\\/image\\\/\"}}]}<\/script>\n<!-- \/ Yoast SEO plugin. -->","yoast_head_json":{"title":"La foto de Mauro Icardi y la China Su\u00e1rez que trajo de regreso su fantasma con Wanda Nara - Cuarteto en la Web","robots":{"index":"index","follow":"follow","max-snippet":"max-snippet:-1","max-image-preview":"max-image-preview:large","max-video-preview":"max-video-preview:-1"},"canonical":"https:\/\/cuartetoenlaweb.com.ar\/sitio\/la-foto-de-mauro-icardi-y-la-china-suarez-que-trajo-de-regreso-su-fantasma-con-wanda-nara\/","og_locale":"es_ES","og_type":"article","og_title":"La foto de Mauro Icardi y la China Su\u00e1rez que trajo de regreso su fantasma con Wanda Nara - Cuarteto en la Web","og_description":"Mauro Icardi parece estar lleno de amor junto a la","og_url":"https:\/\/cuartetoenlaweb.com.ar\/sitio\/la-foto-de-mauro-icardi-y-la-china-suarez-que-trajo-de-regreso-su-fantasma-con-wanda-nara\/","og_site_name":"Cuarteto en la Web","article_published_time":"2026-01-11T03:59:52+00:00","og_image":[{"width":359,"height":226,"url":"https:\/\/cuartetoenlaweb.com.ar\/sitio\/wp-content\/uploads\/2026\/01\/CHIMENTEROS-PORTADA-YT-TOMI-DENTE-359x226-22.jpg","type":"image\/jpeg"}],"twitter_card":"summary_large_image","twitter_misc":{"Tiempo de lectura":"3 minutos"},"schema":{"@context":"https:\/\/schema.org","@graph":[{"@type":"Article","@id":"https:\/\/cuartetoenlaweb.com.ar\/sitio\/la-foto-de-mauro-icardi-y-la-china-suarez-que-trajo-de-regreso-su-fantasma-con-wanda-nara\/#article","isPartOf":{"@id":"https:\/\/cuartetoenlaweb.com.ar\/sitio\/la-foto-de-mauro-icardi-y-la-china-suarez-que-trajo-de-regreso-su-fantasma-con-wanda-nara\/"},"author":{"name":"","@id":""},"headline":"La foto de Mauro Icardi y la China Su\u00e1rez que trajo de regreso su fantasma con Wanda Nara","datePublished":"2026-01-11T03:59:52+00:00","mainEntityOfPage":{"@id":"https:\/\/cuartetoenlaweb.com.ar\/sitio\/la-foto-de-mauro-icardi-y-la-china-suarez-que-trajo-de-regreso-su-fantasma-con-wanda-nara\/"},"wordCount":625,"publisher":{"@id":"https:\/\/cuartetoenlaweb.com.ar\/sitio\/#organization"},"image":{"@id":"https:\/\/cuartetoenlaweb.com.ar\/sitio\/la-foto-de-mauro-icardi-y-la-china-suarez-que-trajo-de-regreso-su-fantasma-con-wanda-nara\/#primaryimage"},"thumbnailUrl":"https:\/\/cuartetoenlaweb.com.ar\/sitio\/wp-content\/uploads\/2026\/01\/CHIMENTEROS-PORTADA-YT-TOMI-DENTE-359x226-22.jpg","articleSection":["PAIS"],"inLanguage":"es"},{"@type":"WebPage","@id":"https:\/\/cuartetoenlaweb.com.ar\/sitio\/la-foto-de-mauro-icardi-y-la-china-suarez-que-trajo-de-regreso-su-fantasma-con-wanda-nara\/","url":"https:\/\/cuartetoenlaweb.com.ar\/sitio\/la-foto-de-mauro-icardi-y-la-china-suarez-que-trajo-de-regreso-su-fantasma-con-wanda-nara\/","name":"La foto de Mauro Icardi y la China Su\u00e1rez que trajo de regreso su fantasma con Wanda Nara - Cuarteto en la Web","isPartOf":{"@id":"https:\/\/cuartetoenlaweb.com.ar\/sitio\/#website"},"primaryImageOfPage":{"@id":"https:\/\/cuartetoenlaweb.com.ar\/sitio\/la-foto-de-mauro-icardi-y-la-china-suarez-que-trajo-de-regreso-su-fantasma-con-wanda-nara\/#primaryimage"},"image":{"@id":"https:\/\/cuartetoenlaweb.com.ar\/sitio\/la-foto-de-mauro-icardi-y-la-china-suarez-que-trajo-de-regreso-su-fantasma-con-wanda-nara\/#primaryimage"},"thumbnailUrl":"https:\/\/cuartetoenlaweb.com.ar\/sitio\/wp-content\/uploads\/2026\/01\/CHIMENTEROS-PORTADA-YT-TOMI-DENTE-359x226-22.jpg","datePublished":"2026-01-11T03:59:52+00:00","breadcrumb":{"@id":"https:\/\/cuartetoenlaweb.com.ar\/sitio\/la-foto-de-mauro-icardi-y-la-china-suarez-que-trajo-de-regreso-su-fantasma-con-wanda-nara\/#breadcrumb"},"inLanguage":"es","potentialAction":[{"@type":"ReadAction","target":["https:\/\/cuartetoenlaweb.com.ar\/sitio\/la-foto-de-mauro-icardi-y-la-china-suarez-que-trajo-de-regreso-su-fantasma-con-wanda-nara\/"]}]},{"@type":"ImageObject","inLanguage":"es","@id":"https:\/\/cuartetoenlaweb.com.ar\/sitio\/la-foto-de-mauro-icardi-y-la-china-suarez-que-trajo-de-regreso-su-fantasma-con-wanda-nara\/#primaryimage","url":"https:\/\/cuartetoenlaweb.com.ar\/sitio\/wp-content\/uploads\/2026\/01\/CHIMENTEROS-PORTADA-YT-TOMI-DENTE-359x226-22.jpg","contentUrl":"https:\/\/cuartetoenlaweb.com.ar\/sitio\/wp-content\/uploads\/2026\/01\/CHIMENTEROS-PORTADA-YT-TOMI-DENTE-359x226-22.jpg","width":359,"height":226},{"@type":"BreadcrumbList","@id":"https:\/\/cuartetoenlaweb.com.ar\/sitio\/la-foto-de-mauro-icardi-y-la-china-suarez-que-trajo-de-regreso-su-fantasma-con-wanda-nara\/#breadcrumb","itemListElement":[{"@type":"ListItem","position":1,"name":"Portada","item":"https:\/\/cuartetoenlaweb.com.ar\/sitio\/"},{"@type":"ListItem","position":2,"name":"La foto de Mauro Icardi y la China Su\u00e1rez que trajo de regreso su fantasma con Wanda Nara"}]},{"@type":"WebSite","@id":"https:\/\/cuartetoenlaweb.com.ar\/sitio\/#website","url":"https:\/\/cuartetoenlaweb.com.ar\/sitio\/","name":"Cuarteto en la Web","description":"","publisher":{"@id":"https:\/\/cuartetoenlaweb.com.ar\/sitio\/#organization"},"potentialAction":[{"@type":"SearchAction","target":{"@type":"EntryPoint","urlTemplate":"https:\/\/cuartetoenlaweb.com.ar\/sitio\/?s={search_term_string}"},"query-input":{"@type":"PropertyValueSpecification","valueRequired":true,"valueName":"search_term_string"}}],"inLanguage":"es"},{"@type":"Organization","@id":"https:\/\/cuartetoenlaweb.com.ar\/sitio\/#organization","name":"Cuarteto en la Web","url":"https:\/\/cuartetoenlaweb.com.ar\/sitio\/","logo":{"@type":"ImageObject","inLanguage":"es","@id":"https:\/\/cuartetoenlaweb.com.ar\/sitio\/#\/schema\/logo\/image\/","url":"https:\/\/cuartetoenlaweb.com.ar\/sitio\/wp-content\/uploads\/2025\/07\/cropped-cropped-logitoweb21.png","contentUrl":"https:\/\/cuartetoenlaweb.com.ar\/sitio\/wp-content\/uploads\/2025\/07\/cropped-cropped-logitoweb21.png","width":199,"height":199,"caption":"Cuarteto en la Web"},"image":{"@id":"https:\/\/cuartetoenlaweb.com.ar\/sitio\/#\/schema\/logo\/image\/"}}]}},"_links":{"self":[{"href":"https:\/\/cuartetoenlaweb.com.ar\/sitio\/wp-json\/wp\/v2\/posts\/10225","targetHints":{"allow":["GET"]}}],"collection":[{"href":"https:\/\/cuartetoenlaweb.com.ar\/sitio\/wp-json\/wp\/v2\/posts"}],"about":[{"href":"https:\/\/cuartetoenlaweb.com.ar\/sitio\/wp-json\/wp\/v2\/types\/post"}],"replies":[{"embeddable":true,"href":"https:\/\/cuartetoenlaweb.com.ar\/sitio\/wp-json\/wp\/v2\/comments?post=10225"}],"version-history":[{"count":0,"href":"https:\/\/cuartetoenlaweb.com.ar\/sitio\/wp-json\/wp\/v2\/posts\/10225\/revisions"}],"wp:featuredmedia":[{"embeddable":true,"href":"https:\/\/cuartetoenlaweb.com.ar\/sitio\/wp-json\/wp\/v2\/media\/10226"}],"wp:attachment":[{"href":"https:\/\/cuartetoenlaweb.com.ar\/sitio\/wp-json\/wp\/v2\/media?parent=10225"}],"wp:term":[{"taxonomy":"category","embeddable":true,"href":"https:\/\/cuartetoenlaweb.com.ar\/sitio\/wp-json\/wp\/v2\/categories?post=10225"},{"taxonomy":"post_tag","embeddable":true,"href":"https:\/\/cuartetoenlaweb.com.ar\/sitio\/wp-json\/wp\/v2\/tags?post=10225"}],"curies":[{"name":"wp","href":"https:\/\/api.w.org\/{rel}","templated":true}]}}